{"id":61405,"date":"2026-04-23T09:30:30","date_gmt":"2026-04-23T07:30:30","guid":{"rendered":"https:\/\/asianfilmfestival.barcelona\/2025\/?p=61405"},"modified":"2026-04-23T09:36:31","modified_gmt":"2026-04-23T07:36:31","slug":"historias-compartidas-loop-lab-busan","status":"publish","type":"post","link":"https:\/\/asianfilmfestival.barcelona\/2025\/es\/historias-compartidas-loop-lab-busan\/","title":{"rendered":"Historias compartidas &#8211; LOOP Lab Busan"},"content":{"rendered":"\n<style type=\"text\/css\" data-created_by=\"avia_inline_auto\" id=\"style-css-av-mo8jhe1v-181f0d5bb995a466c844543500bb636b\">\n#top .av-special-heading.av-mo8jhe1v-181f0d5bb995a466c844543500bb636b{\npadding-bottom:10px;\n}\nbody .av-special-heading.av-mo8jhe1v-181f0d5bb995a466c844543500bb636b .av-special-heading-tag .heading-char{\nfont-size:25px;\n}\n.av-special-heading.av-mo8jhe1v-181f0d5bb995a466c844543500bb636b .av-subheading{\nfont-size:15px;\n}\n<\/style>\n<div  class='av-special-heading av-mo8jhe1v-181f0d5bb995a466c844543500bb636b av-special-heading-h2 blockquote modern-quote modern-centered  avia-builder-el-0  el_before_av_image  avia-builder-el-first '><h2 class='av-special-heading-tag '  itemprop=\"headline\"  >Historias Compartidas <\/h2><div class='av-subheading av-subheading_below'><p>International Media Art Festival 2026<br \/>\nLOOP Lab Busan<\/p>\n<\/div><div class=\"special-heading-border\"><div class=\"special-heading-inner-border\"><\/div><\/div><\/div>\n\n<style type=\"text\/css\" data-created_by=\"avia_inline_auto\" id=\"style-css-av-mo9vt4gq-4f037f7475ced37b5f3ccf87bc823830\">\n.avia-image-container.av-mo9vt4gq-4f037f7475ced37b5f3ccf87bc823830 img.avia_image{\nbox-shadow:none;\n}\n.avia-image-container.av-mo9vt4gq-4f037f7475ced37b5f3ccf87bc823830 .av-image-caption-overlay-center{\ncolor:#ffffff;\n}\n<\/style>\n<div  class='avia-image-container av-mo9vt4gq-4f037f7475ced37b5f3ccf87bc823830 av-styling- avia-align-center  avia-builder-el-1  el_after_av_heading  el_before_av_hr '   itemprop=\"image\" itemscope=\"itemscope\" itemtype=\"https:\/\/schema.org\/ImageObject\" ><div class=\"avia-image-container-inner\"><div class=\"avia-image-overlay-wrap\"><img decoding=\"async\" fetchpriority=\"high\" class='wp-image-61406 avia-img-lazy-loading-not-61406 avia_image ' src=\"https:\/\/asianfilmfestival.barcelona\/2025\/wp-content\/uploads\/2026\/04\/Marina-Nunez-1-300x169.jpg\" alt='' title='Marina Nun\u0303ez 1'  height=\"169\" width=\"300\"  itemprop=\"thumbnailUrl\" srcset=\"https:\/\/asianfilmfestival.barcelona\/2025\/wp-content\/uploads\/2026\/04\/Marina-Nunez-1-300x169.jpg 300w, https:\/\/asianfilmfestival.barcelona\/2025\/wp-content\/uploads\/2026\/04\/Marina-Nunez-1-1030x579.jpg 1030w, https:\/\/asianfilmfestival.barcelona\/2025\/wp-content\/uploads\/2026\/04\/Marina-Nunez-1-768x432.jpg 768w, https:\/\/asianfilmfestival.barcelona\/2025\/wp-content\/uploads\/2026\/04\/Marina-Nunez-1-1536x864.jpg 1536w, https:\/\/asianfilmfestival.barcelona\/2025\/wp-content\/uploads\/2026\/04\/Marina-Nunez-1-1500x844.jpg 1500w, https:\/\/asianfilmfestival.barcelona\/2025\/wp-content\/uploads\/2026\/04\/Marina-Nunez-1-705x397.jpg 705w, https:\/\/asianfilmfestival.barcelona\/2025\/wp-content\/uploads\/2026\/04\/Marina-Nunez-1.jpg 1920w\" sizes=\"(max-width: 300px) 100vw, 300px\" \/><\/div><\/div><\/div>\n<div  class='hr av-va4kyl-7e7b38184bfce194f3e1e8dd4a084900 hr-default  avia-builder-el-2  el_after_av_image  el_before_av_heading '><span class='hr-inner '><span class=\"hr-inner-style\"><\/span><\/span><\/div>\n\n<style type=\"text\/css\" data-created_by=\"avia_inline_auto\" id=\"style-css-av-mo8jnenv-a773ef94cfd7e85775eeb5db55f2af96\">\n#top .av-special-heading.av-mo8jnenv-a773ef94cfd7e85775eeb5db55f2af96{\npadding-bottom:10px;\n}\nbody .av-special-heading.av-mo8jnenv-a773ef94cfd7e85775eeb5db55f2af96 .av-special-heading-tag .heading-char{\nfont-size:25px;\n}\n.av-special-heading.av-mo8jnenv-a773ef94cfd7e85775eeb5db55f2af96 .av-subheading{\nfont-size:15px;\n}\n<\/style>\n<div  class='av-special-heading av-mo8jnenv-a773ef94cfd7e85775eeb5db55f2af96 av-special-heading-h3 blockquote modern-quote modern-centered  avia-builder-el-3  el_after_av_hr  el_before_av_textblock '><h3 class='av-special-heading-tag '  itemprop=\"headline\"  >Artistas <\/h3><div class=\"special-heading-border\"><div class=\"special-heading-inner-border\"><\/div><\/div><\/div>\n<section  class='av_textblock_section av-mo8jhzmv-b234daeff221ac6e804c2722379eb2a8 '   itemscope=\"itemscope\" itemtype=\"https:\/\/schema.org\/BlogPosting\" itemprop=\"blogPost\" ><div class='avia_textblock'  itemprop=\"text\" ><h5 style=\"text-align: center;\"><b><span data-contrast=\"auto\">Marina N\u00fa\u00f1ez\u00a0<\/span><\/b><span data-ccp-props=\"{\">\u00a0<\/span><\/h5>\n<h5 style=\"text-align: center;\"><b><span data-contrast=\"auto\">Cristina Lucas<\/span><\/b><span data-ccp-props=\"{\">\u00a0<\/span><\/h5>\n<h5 style=\"text-align: center;\"><b><span data-contrast=\"auto\">Eugenio Ampudia\u00a0<\/span><\/b><span data-ccp-props=\"{\">\u00a0<\/span><\/h5>\n<h5 style=\"text-align: center;\"><b><span data-contrast=\"auto\">Carlos Casas\u00a0<\/span><\/b><span data-ccp-props=\"{\">\u00a0<\/span><\/h5>\n<p><span data-contrast=\"auto\">Comisariado por<\/span><b><span data-contrast=\"auto\">\u00a0Menene\u00a0Gras Balaguer<\/span><\/b><span data-ccp-props=\"{\">\u00a0<\/span><\/p>\n<p><b><span data-contrast=\"auto\">Directora de Cultura y Exposiciones &#8211; <\/span><\/b><b><span data-contrast=\"auto\">CASA ASIA\u00a0<\/span><\/b><span data-ccp-props=\"{\">\u00a0<\/span><\/p>\n<\/div><\/section>\n<div  class='hr av-14xpfx9-8c49cdb723935bfb36f6ccdc7e83e2a8 hr-default  avia-builder-el-5  el_after_av_textblock  el_before_av_textblock '><span class='hr-inner '><span class=\"hr-inner-style\"><\/span><\/span><\/div>\n<section  class='av_textblock_section av-mo8jqrpk-697057f910ed5aaa63dc099dfc9d1d70 '   itemscope=\"itemscope\" itemtype=\"https:\/\/schema.org\/BlogPosting\" itemprop=\"blogPost\" ><div class='avia_textblock'  itemprop=\"text\" ><p><span data-contrast=\"auto\">Este proyecto re\u00fane instalaciones de video que comparten la necesidad de explorar el presente y el futuro desarrollo del videoarte. Los tres artistas, Marina N\u00fa\u00f1ez, Cristina Lucas, Eugenio Ampudia y Carlos Casas,\u00a0nacieron en Espa\u00f1a\u00a0y pertenecen a una generaci\u00f3n similar,\u00a0para\u00a0la cual el video era un medio\u00a0de crear un cambio en sus pr\u00e1cticas art\u00edsticas.\u00a0Todos ellos\u00a0saben que el videoarte est\u00e1 en continua evoluci\u00f3n.\u00a0Para ellos es crucial entender que est\u00e1\u00a0movi\u00e9ndose constantemente\u00a0adoptando nuevas formas.\u00a0\u00a0<\/span><span data-ccp-props=\"{\">\u00a0<\/span><\/p>\n<p><span data-contrast=\"auto\">Las obras que he reunido aqu\u00ed son de artistas que piensan\u00a0en sus pr\u00e1cticas como una especie de traducci\u00f3n de una lengua\u00a0cuyo significado esta siempre en relaci\u00f3n con sus narrativas. Todos son\u00a0conscientes\u00a0que la distancia entre el videoarte y el cine se\u00a0est\u00e1 acortando\u00a0y que ambos pertenecen a una categor\u00eda m\u00e1s amplia relacionada con la\u00a0imagen\u00a0en movimiento.\u00a0En los encuentros en Barcelona de la \u00faltima edici\u00f3n del LOOP\u00a0(noviembre del 2025), artistas y comisarios, as\u00ed como cr\u00edticos de arte,\u00a0dijeron que se\u00a0hab\u00eda\u00a0dado cuenta\u00a0de \u00e9l gran cambio\u00a0en torno a al videoarte y que tal vez\u00a0lo mejor\u00a0respecto a las obras de videoarte de canal \u00fanico\u00a0era considerarlas como cortometrajes en lugar de obras de videoarte.<\/span><span data-ccp-props=\"{\">\u00a0<\/span><\/p>\n<p><span data-contrast=\"auto\">En la medida en que los actores desempe\u00f1an un papel en la escena\u00a0art\u00edstica\u00a0espa\u00f1ola e internacional, creo que es importante tener en cuenta\u00a0lo que piensan\u00a0sobre la imagen en movimiento y\u00a0que\u00a0pueden ense\u00f1arnos sobre la narraci\u00f3n en un formato u otro y porque hacen esto o aquello.\u00a0\u00a0Cada historia es cuenta conectada a su\u00a0narrativa y a un proceso de\u00a0construcci\u00f3n basado en la comprensi\u00f3n del artista de la espacialidad y la temporalidad. Todas conservan su individualidad y singularidad y la forma en la\u00a0s\u00e9\u00a0que cruzan\u00a0entre\u00a0s\u00ed.\u00a0<\/span><span data-ccp-props=\"{\">\u00a0<\/span><\/p>\n<p><span data-contrast=\"auto\">La instalaci\u00f3n deber\u00eda ser expuesta en diferentes localizaciones a pesar de pertenecer al mismo proyecto\u00a0y tambi\u00e9n necesitan espacios adecuados y seguir las\u00a0instrucciones\u00a0de los artistas\u00a0tanto para la instalaci\u00f3n de la obra como para su\u00a0presentaci\u00f3n. El artista deber\u00eda controlar la manera en la que sus obras son\u00a0mostradas.\u00a0Yo, como comisaria, deber\u00eda ir a Busan durante el LOOP.\u00a0Encontraras la informaci\u00f3n sobre los artistas y sus obras aqu\u00ed abajo.\u00a0<\/span><span data-ccp-props=\"{\">\u00a0<\/span><\/p>\n<p><span data-contrast=\"auto\">Este proyecto\u00a0cuenta\u00a0con el apoyo de Casa Asia en\u00a0t\u00e9rminos\u00a0de\u00a0pr\u00e1cticas\u00a0de comisariado, y es posible gracias a los artistas, as\u00ed como a sus galer\u00edas La Gran (Madrid),\u00a0Roc\u00edo\u00a0Santacruz\u00a0(Barcelona),\u00a0Albarran\u00a0Boudais\u00a0(Madrid),\u00a0<\/span><span data-contrast=\"none\">Max Estrella (Madrid) y Galer\u00eda\u00a0\u00c1ngels\u00a0Barcelona (Barcelona).\u00a0<\/span><\/p>\n<\/div><\/section>\n<div  class='hr av-2gv6u5-fff2fa9321005fa04fb5a04d787c0b45 hr-default  avia-builder-el-7  el_after_av_textblock  el_before_av_textblock '><span class='hr-inner '><span class=\"hr-inner-style\"><\/span><\/span><\/div>\n<section  class='av_textblock_section av-mo8jvgz2-f504bd4ab27a1619e23b386e51d696ac '   itemscope=\"itemscope\" itemtype=\"https:\/\/schema.org\/BlogPosting\" itemprop=\"blogPost\" ><div class='avia_textblock'  itemprop=\"text\" ><h3><span data-contrast=\"none\"><span class=\"TextRun MacChromeBold SCXW170031647 BCX0\" lang=\"ES-ES\" xml:lang=\"ES-ES\" data-contrast=\"none\"><span class=\"NormalTextRun SCXW170031647 BCX0\">Marina\u00a0<\/span><span class=\"NormalTextRun SCXW170031647 BCX0\">N\u00fa\u00f1ez<\/span><\/span><\/span><\/h3>\n<p><span data-contrast=\"none\">OBRAS:\u00a0<\/span><b><i><span data-contrast=\"none\">Nature<\/span><\/i><\/b><span data-contrast=\"none\">\u00a0|\u00a0<\/span><b><i><span data-contrast=\"none\">Island,\u00a0Mangrove, Mountain, Forest\u00a0<\/span><\/i><\/b><span data-contrast=\"none\">(2019),\u00a04 videos de canal\u00a0\u00fanico, 2 min cada uno (pantalla de 75\/80 pulgadas),\u00a0<\/span><b><i><span data-contrast=\"none\">Vanishing\u00a0(1-6)\u00a0<\/span><\/i><\/b><span data-contrast=\"none\">(2023)\u00a0video de un solo canal, sonido, proyecci\u00f3n de video 2 min, resoluci\u00f3n 4K. M\u00fasica: Luis de la Torre,<\/span><i><span data-contrast=\"none\">\u00a0<\/span><\/i><b><i><span data-contrast=\"none\">Mirage\u00a0(1-20)\u00a0<\/span><\/i><\/b><span data-contrast=\"none\">(2023), video de un solo canal, sonido, 39 min. Proyecci\u00f3n de video, resoluci\u00f3n HD. M\u00fasica: Luis de la Torre.\u00a0<\/span><span data-ccp-props=\"{\">\u00a0<\/span><\/p>\n<p><span data-contrast=\"none\">Cortes\u00eda del artista, Galer\u00eda La Gran (Madrid) y Galer\u00eda\u00a0Roc\u00edo\u00a0Santacruz (Barcelona).\u00a0<\/span><span data-ccp-props=\"{\">\u00a0<\/span><\/p>\n<p><b><i><span data-contrast=\"none\">Nature\u00a0<\/span><\/i><\/b><span data-contrast=\"none\">|\u00a0<\/span><b><i><span data-contrast=\"none\">Island,\u00a0Mangrove, Mountain, Forest\u00a0<\/span><\/i><\/b><span data-contrast=\"none\">(2019). El proyecto consiste en cuatro vasijas\/trofeos que\u00a0exhiben \u2013 o encierran\u00a0\u2013 cuatro paisajes: una monta\u00f1a, una isla, un bosque, un manglar.\u00a0El min\u00fasculo tama\u00f1o de estos ecosistemas en relaci\u00f3n con los contendores muestra nuestro deseo de dom\u00e9stica, nuestro deseo de conquistar.\u00a0Naturaleza contenida, un hermoso adorno para un\u00a0gabinete de curiosidades. Sin embargo, las hierbas que nacen arraigadas en la decoraci\u00f3n dorada pueden sugerir\u00a0otra relaci\u00f3n de fuerzas.\u00a0<\/span><\/p>\n\n\t\t<style type=\"text\/css\">\n\t\t\t#gallery-1 {\n\t\t\t\tmargin: auto;\n\t\t\t}\n\t\t\t#gallery-1 .gallery-item {\n\t\t\t\tfloat: left;\n\t\t\t\tmargin-top: 10px;\n\t\t\t\ttext-align: center;\n\t\t\t\twidth: 50%;\n\t\t\t}\n\t\t\t#gallery-1 img {\n\t\t\t\tborder: 2px solid #cfcfcf;\n\t\t\t}\n\t\t\t#gallery-1 .gallery-caption {\n\t\t\t\tmargin-left: 0;\n\t\t\t}\n\t\t\t\/* see gallery_shortcode() in wp-includes\/media.php *\/\n\t\t<\/style>\n\t\t<div id='gallery-1' class='gallery galleryid-61405 gallery-columns-2 gallery-size-thumbnail'><dl class='gallery-item'>\n\t\t\t<dt class='gallery-icon portrait'>\n\t\t\t\t<a href='https:\/\/asianfilmfestival.barcelona\/2025\/es\/historias-compartidas-loop-lab-busan\/image001\/'><img loading=\"lazy\" decoding=\"async\" width=\"80\" height=\"80\" src=\"https:\/\/asianfilmfestival.barcelona\/2025\/wp-content\/uploads\/2026\/04\/image001-80x80.png\" class=\"attachment-thumbnail size-thumbnail\" alt=\"\" aria-describedby=\"gallery-1-61414\" srcset=\"https:\/\/asianfilmfestival.barcelona\/2025\/wp-content\/uploads\/2026\/04\/image001-80x80.png 80w, https:\/\/asianfilmfestival.barcelona\/2025\/wp-content\/uploads\/2026\/04\/image001-36x36.png 36w, https:\/\/asianfilmfestival.barcelona\/2025\/wp-content\/uploads\/2026\/04\/image001-180x180.png 180w, https:\/\/asianfilmfestival.barcelona\/2025\/wp-content\/uploads\/2026\/04\/image001-399x400.png 399w\" sizes=\"auto, (max-width: 80px) 100vw, 80px\" \/><\/a>\n\t\t\t<\/dt>\n\t\t\t\t<dd class='wp-caption-text gallery-caption' id='gallery-1-61414'>\n\t\t\t\tIsla.\n\t\t\t\t<\/dd><\/dl><dl class='gallery-item'>\n\t\t\t<dt class='gallery-icon portrait'>\n\t\t\t\t<a href='https:\/\/asianfilmfestival.barcelona\/2025\/es\/historias-compartidas-loop-lab-busan\/image002\/'><img loading=\"lazy\" decoding=\"async\" width=\"80\" height=\"80\" src=\"https:\/\/asianfilmfestival.barcelona\/2025\/wp-content\/uploads\/2026\/04\/image002-80x80.png\" class=\"attachment-thumbnail size-thumbnail\" alt=\"\" aria-describedby=\"gallery-1-61417\" srcset=\"https:\/\/asianfilmfestival.barcelona\/2025\/wp-content\/uploads\/2026\/04\/image002-80x80.png 80w, https:\/\/asianfilmfestival.barcelona\/2025\/wp-content\/uploads\/2026\/04\/image002-36x36.png 36w, https:\/\/asianfilmfestival.barcelona\/2025\/wp-content\/uploads\/2026\/04\/image002-180x180.png 180w, https:\/\/asianfilmfestival.barcelona\/2025\/wp-content\/uploads\/2026\/04\/image002-399x400.png 399w\" sizes=\"auto, (max-width: 80px) 100vw, 80px\" \/><\/a>\n\t\t\t<\/dt>\n\t\t\t\t<dd class='wp-caption-text gallery-caption' id='gallery-1-61417'>\n\t\t\t\tManglar.\n\t\t\t\t<\/dd><\/dl><br style=\"clear: both\" \/><dl class='gallery-item'>\n\t\t\t<dt class='gallery-icon portrait'>\n\t\t\t\t<a href='https:\/\/asianfilmfestival.barcelona\/2025\/es\/historias-compartidas-loop-lab-busan\/image003\/'><img loading=\"lazy\" decoding=\"async\" width=\"80\" height=\"80\" src=\"https:\/\/asianfilmfestival.barcelona\/2025\/wp-content\/uploads\/2026\/04\/image003-80x80.png\" class=\"attachment-thumbnail size-thumbnail\" alt=\"\" aria-describedby=\"gallery-1-61420\" srcset=\"https:\/\/asianfilmfestival.barcelona\/2025\/wp-content\/uploads\/2026\/04\/image003-80x80.png 80w, https:\/\/asianfilmfestival.barcelona\/2025\/wp-content\/uploads\/2026\/04\/image003-36x36.png 36w, https:\/\/asianfilmfestival.barcelona\/2025\/wp-content\/uploads\/2026\/04\/image003-180x180.png 180w\" sizes=\"auto, (max-width: 80px) 100vw, 80px\" \/><\/a>\n\t\t\t<\/dt>\n\t\t\t\t<dd class='wp-caption-text gallery-caption' id='gallery-1-61420'>\n\t\t\t\tMonta\u00f1a.\n\t\t\t\t<\/dd><\/dl><dl class='gallery-item'>\n\t\t\t<dt class='gallery-icon portrait'>\n\t\t\t\t<a href='https:\/\/asianfilmfestival.barcelona\/2025\/es\/historias-compartidas-loop-lab-busan\/image004\/'><img loading=\"lazy\" decoding=\"async\" width=\"80\" height=\"80\" src=\"https:\/\/asianfilmfestival.barcelona\/2025\/wp-content\/uploads\/2026\/04\/image004-80x80.png\" class=\"attachment-thumbnail size-thumbnail\" alt=\"\" aria-describedby=\"gallery-1-61423\" srcset=\"https:\/\/asianfilmfestival.barcelona\/2025\/wp-content\/uploads\/2026\/04\/image004-80x80.png 80w, https:\/\/asianfilmfestival.barcelona\/2025\/wp-content\/uploads\/2026\/04\/image004-36x36.png 36w, https:\/\/asianfilmfestival.barcelona\/2025\/wp-content\/uploads\/2026\/04\/image004-180x180.png 180w\" sizes=\"auto, (max-width: 80px) 100vw, 80px\" \/><\/a>\n\t\t\t<\/dt>\n\t\t\t\t<dd class='wp-caption-text gallery-caption' id='gallery-1-61423'>\n\t\t\t\tBosque.\n\t\t\t\t<\/dd><\/dl><br style=\"clear: both\" \/>\n\t\t<\/div>\n\n<p><strong><em>Vanishing (1-6)<\/em><\/strong> (2023) I 2 min cada uno. Un paisaje que desprovisto de cualquier rastro de vida se transforma en un velo ondeante que cubre una cabeza humana mirando en todas direcciones, buscando comprensi\u00f3n. El velo finalmente se levanta, revelando que la cabeza no existe. Quiz\u00e1s es un eco del pasado, y el velo es un sudario. Ahora tan solo permanece la Tierra. Aunque el cielo nublado puede insinuar un nuevo futuro.<\/p>\n<p><img decoding=\"async\" class=\"alignnone size-medium wp-image-61406\" src=\"https:\/\/asianfilmfestival.barcelona\/2025\/wp-content\/uploads\/2026\/04\/Marina-Nunez-1-300x169.jpg\" alt=\"\" width=\"300\" height=\"169\" srcset=\"https:\/\/asianfilmfestival.barcelona\/2025\/wp-content\/uploads\/2026\/04\/Marina-Nunez-1-300x169.jpg 300w, https:\/\/asianfilmfestival.barcelona\/2025\/wp-content\/uploads\/2026\/04\/Marina-Nunez-1-1030x579.jpg 1030w, https:\/\/asianfilmfestival.barcelona\/2025\/wp-content\/uploads\/2026\/04\/Marina-Nunez-1-768x432.jpg 768w, https:\/\/asianfilmfestival.barcelona\/2025\/wp-content\/uploads\/2026\/04\/Marina-Nunez-1-1536x864.jpg 1536w, https:\/\/asianfilmfestival.barcelona\/2025\/wp-content\/uploads\/2026\/04\/Marina-Nunez-1-1500x844.jpg 1500w, https:\/\/asianfilmfestival.barcelona\/2025\/wp-content\/uploads\/2026\/04\/Marina-Nunez-1-705x397.jpg 705w, https:\/\/asianfilmfestival.barcelona\/2025\/wp-content\/uploads\/2026\/04\/Marina-Nunez-1.jpg 1920w\" sizes=\"(max-width: 300px) 100vw, 300px\" \/><\/p>\n<p><strong><em>Mirage (1-20)<\/em><\/strong> (2023) I Video de un solo canal, sonido, 39 min. En un \u00e1rido desierto bajo un sol abrasador, un cuerpo femenino estalla. Era un cuerpo en la arena. Sin embargo, esos granos caen en la arena dibujando una flor. Quiz\u00e1s un destello de la esperanza de la vida, o tan solo una memoria de lo que una vez fue.<\/p>\n<p><img loading=\"lazy\" decoding=\"async\" class=\"alignnone size-medium wp-image-61426\" src=\"https:\/\/asianfilmfestival.barcelona\/2025\/wp-content\/uploads\/2026\/04\/image006-300x169.png\" alt=\"\" width=\"300\" height=\"169\" srcset=\"https:\/\/asianfilmfestival.barcelona\/2025\/wp-content\/uploads\/2026\/04\/image006-300x169.png 300w, https:\/\/asianfilmfestival.barcelona\/2025\/wp-content\/uploads\/2026\/04\/image006-768x431.png 768w, https:\/\/asianfilmfestival.barcelona\/2025\/wp-content\/uploads\/2026\/04\/image006-845x477.png 845w, https:\/\/asianfilmfestival.barcelona\/2025\/wp-content\/uploads\/2026\/04\/image006-705x396.png 705w, https:\/\/asianfilmfestival.barcelona\/2025\/wp-content\/uploads\/2026\/04\/image006.png 849w\" sizes=\"auto, (max-width: 300px) 100vw, 300px\" \/> <img loading=\"lazy\" decoding=\"async\" class=\"alignnone size-medium wp-image-61429\" src=\"https:\/\/asianfilmfestival.barcelona\/2025\/wp-content\/uploads\/2026\/04\/image007-300x169.png\" alt=\"\" width=\"300\" height=\"169\" srcset=\"https:\/\/asianfilmfestival.barcelona\/2025\/wp-content\/uploads\/2026\/04\/image007-300x169.png 300w, https:\/\/asianfilmfestival.barcelona\/2025\/wp-content\/uploads\/2026\/04\/image007-768x431.png 768w, https:\/\/asianfilmfestival.barcelona\/2025\/wp-content\/uploads\/2026\/04\/image007-845x477.png 845w, https:\/\/asianfilmfestival.barcelona\/2025\/wp-content\/uploads\/2026\/04\/image007-705x396.png 705w, https:\/\/asianfilmfestival.barcelona\/2025\/wp-content\/uploads\/2026\/04\/image007.png 849w\" sizes=\"auto, (max-width: 300px) 100vw, 300px\" \/><\/p>\n<\/div><\/section>\n<div  class='hr av-3zehul-a171863ea1602609ba86a0d105b14073 hr-default  avia-builder-el-9  el_after_av_textblock  el_before_av_textblock '><span class='hr-inner '><span class=\"hr-inner-style\"><\/span><\/span><\/div>\n<section  class='av_textblock_section av-jmopa5-3143140180abb37b837ba888335e7be4 '   itemscope=\"itemscope\" itemtype=\"https:\/\/schema.org\/BlogPosting\" itemprop=\"blogPost\" ><div class='avia_textblock'  itemprop=\"text\" ><h3>Cristina Lucas<\/h3>\n<p><span class=\"TextRun SCXW21907155 BCX0\" lang=\"ES-ES\" xml:lang=\"ES-ES\" data-contrast=\"none\"><span class=\"NormalTextRun SCXW21907155 BCX0\">OBRAS:\u00a0<\/span><\/span><span class=\"TextRun MacChromeBold SCXW21907155 BCX0\" lang=\"ES-ES\" xml:lang=\"ES-ES\" data-contrast=\"none\"><em><strong><span class=\"NormalTextRun SCXW21907155 BCX0\">Chain<\/span><span class=\"NormalTextRun SCXW21907155 BCX0\">\u00a0<\/span><span class=\"NormalTextRun SCXW21907155 BCX0\">Reaction<\/span><span class=\"NormalTextRun SCXW21907155 BCX0\">\u00a0<\/span><span class=\"NormalTextRun SCXW21907155 BCX0\">Belt<\/span><\/strong><\/em><span class=\"NormalTextRun SCXW21907155 BCX0\">\u00a0<\/span><\/span><span class=\"TextRun SCXW21907155 BCX0\" lang=\"ES-ES\" xml:lang=\"ES-ES\" data-contrast=\"none\"><span class=\"NormalTextRun SCXW21907155 BCX0\">(2025) Composici<\/span><span class=\"NormalTextRun SCXW21907155 BCX0\">\u00f3n de video:\u00a0<\/span><span class=\"NormalTextRun SCXW21907155 BCX0\">Ultrapanor\u00e1mico<\/span><span class=\"NormalTextRun SCXW21907155 BCX0\">\u00a0QHD* (3124x1200px)<\/span><span class=\"NormalTextRun SCXW21907155 BCX0\">\u00a02.603:1, 30\u00a0<\/span><span class=\"NormalTextRun SpellingErrorV2Themed SCXW21907155 BCX0\">fps<\/span><span class=\"NormalTextRun SCXW21907155 BCX0\">, color, sonido est\u00e9reo, 51 min 28\u00a0<\/span><span class=\"NormalTextRun SpellingErrorV2Themed SCXW21907155 BCX0\">sec<\/span><span class=\"NormalTextRun SCXW21907155 BCX0\">, 20f (<\/span><span class=\"NormalTextRun SCXW21907155 BCX0\">Project).\u00a0<\/span><\/span><span class=\"EOP SCXW21907155 BCX0\" data-ccp-props=\"{\">\u00a0<\/span><\/p>\n<div id=\"attachment_61432\" style=\"width: 310px\" class=\"wp-caption alignnone\"><img loading=\"lazy\" decoding=\"async\" aria-describedby=\"caption-attachment-61432\" class=\"size-medium wp-image-61432\" src=\"https:\/\/asianfilmfestival.barcelona\/2025\/wp-content\/uploads\/2026\/04\/image008-300x115.png\" alt=\"\" width=\"300\" height=\"115\" srcset=\"https:\/\/asianfilmfestival.barcelona\/2025\/wp-content\/uploads\/2026\/04\/image008-300x115.png 300w, https:\/\/asianfilmfestival.barcelona\/2025\/wp-content\/uploads\/2026\/04\/image008-768x296.png 768w, https:\/\/asianfilmfestival.barcelona\/2025\/wp-content\/uploads\/2026\/04\/image008-705x271.png 705w, https:\/\/asianfilmfestival.barcelona\/2025\/wp-content\/uploads\/2026\/04\/image008-845x321.png 845w, https:\/\/asianfilmfestival.barcelona\/2025\/wp-content\/uploads\/2026\/04\/image008.png 881w\" sizes=\"auto, (max-width: 300px) 100vw, 300px\" \/><p id=\"caption-attachment-61432\" class=\"wp-caption-text\">Cortes\u00eda del artista y la Galer\u00eda Albarran Bourdais (Madrid).<br \/>Chain Reaction Belt , 2025<\/p><\/div>\n<p><b><i><span data-contrast=\"auto\">Chain\u00a0Reaction\u00a0Belt\u00a0<\/span><\/i><\/b><span data-contrast=\"auto\">es un video presentado en un formato\u00a0panor\u00e1mico\u00a0ultrawide. El video se desarrolla como una l\u00ednea de tiempo visual en movimiento\u00a0del Antropoceno: una secuencia continua de im\u00e1genes\u00a0en forma de cintur\u00f3n que sigue las reacciones en\u00a0cadena provocadas por la innovaci\u00f3n tecnol\u00f3gica\u00a0<\/span><span data-contrast=\"none\">\u2014<\/span><span data-contrast=\"auto\">\u00a0desde\u00a0la maquina a vapor hasta la inteligencia artificial.\u00a0<\/span><span data-ccp-props=\"{\">\u00a0<\/span><\/p>\n<p><span data-contrast=\"auto\">La obra revela\u00a0que\u00a0cada avance genera nuevas interrupciones y reconfiguraciones\u00a0en la manera en la que viven miles de personas, muchas veces acompa\u00f1ado de protestas, cambios legislativos y transformaciones estructurales.\u00a0<\/span><\/p>\n<p><img loading=\"lazy\" decoding=\"async\" class=\"alignnone size-medium wp-image-61435\" src=\"https:\/\/asianfilmfestival.barcelona\/2025\/wp-content\/uploads\/2026\/04\/image010-300x114.png\" alt=\"\" width=\"300\" height=\"114\" srcset=\"https:\/\/asianfilmfestival.barcelona\/2025\/wp-content\/uploads\/2026\/04\/image010-300x114.png 300w, https:\/\/asianfilmfestival.barcelona\/2025\/wp-content\/uploads\/2026\/04\/image010-768x293.png 768w, https:\/\/asianfilmfestival.barcelona\/2025\/wp-content\/uploads\/2026\/04\/image010-845x321.png 845w, https:\/\/asianfilmfestival.barcelona\/2025\/wp-content\/uploads\/2026\/04\/image010-705x269.png 705w, https:\/\/asianfilmfestival.barcelona\/2025\/wp-content\/uploads\/2026\/04\/image010.png 849w\" sizes=\"auto, (max-width: 300px) 100vw, 300px\" \/><\/p>\n<p><span class=\"TextRun SCXW228008751 BCX0\" lang=\"ES-ES\" xml:lang=\"ES-ES\" data-contrast=\"auto\"><span class=\"NormalTextRun SCXW228008751 BCX0\">El video reflexiona sobre el significado t\u00e9cnico de\u00a0<\/span><span class=\"NormalTextRun SCXW228008751 BCX0\">\u201c<\/span><span class=\"NormalTextRun SCXW228008751 BCX0\">revoluci\u00f3n<\/span><span class=\"NormalTextRun SCXW228008751 BCX0\">\u201d<\/span><span class=\"NormalTextRun SCXW228008751 BCX0\">\u00a0como una rotaci\u00f3n, mientras muestra como cada\u00a0<\/span><span class=\"NormalTextRun SCXW228008751 BCX0\">cambio tecnol\u00f3gico moldea la sociedad, la biodiversidad y la geopol\u00edtica. La pieza concluye con un horizon<\/span><span class=\"NormalTextRun SCXW228008751 BCX0\">te deseado: una sociedad empoderada exigiendo balance entre el planeta, la tecnolog\u00eda y la privacidad.\u00a0<\/span><\/span><\/p>\n<p><b><span data-contrast=\"auto\">Ficha t\u00e9cnica<\/span><\/b><span data-ccp-props=\"{\">\u00a0<\/span><\/p>\n<p><span data-ccp-props=\"{\">\u00a0<\/span><\/p>\n<p><span data-contrast=\"auto\">Sistema de proyecci\u00f3n (Basado en las especificaciones\u00a0de la instalaci\u00f3n audiovisual de\u00a0Albarran\u00a0Bourdais)<\/span><span data-ccp-props=\"{\">\u00a0<\/span><\/p>\n<ul>\n<li aria-setsize=\"-1\" data-leveltext=\"\uf0b7\" data-font=\"Symbol\" data-listid=\"6\" data-list-defn-props=\"{\" data-aria-posinset=\"1\" data-aria-level=\"1\"><span data-contrast=\"auto\">Dos proyectores l\u00e1ser de 7500 l\u00famenes,\u00a0\u00f3ptica\u00a0de corto alcance<\/span><span data-ccp-props=\"{\">\u00a0<\/span><\/li>\n<\/ul>\n<ul>\n<li aria-setsize=\"-1\" data-leveltext=\"\uf0b7\" data-font=\"Symbol\" data-listid=\"6\" data-list-defn-props=\"{\" data-aria-posinset=\"2\" data-aria-level=\"1\"><span data-contrast=\"auto\">Modelo:\u00a0Optoma\u00a0<\/span><span data-contrast=\"none\">ZU720TST<\/span><span data-ccp-props=\"{\">\u00a0<\/span><\/li>\n<\/ul>\n<ul>\n<li aria-setsize=\"-1\" data-leveltext=\"\uf0b7\" data-font=\"Symbol\" data-listid=\"6\" data-list-defn-props=\"{\" data-aria-posinset=\"3\" data-aria-level=\"1\"><span data-contrast=\"auto\">Montaje profesional en techo, alta precisi\u00f3n, sin vibraciones\u00a0<\/span><span data-ccp-props=\"{\">\u00a0<\/span><\/li>\n<\/ul>\n<ul>\n<li aria-setsize=\"-1\" data-leveltext=\"\uf0b7\" data-font=\"Symbol\" data-listid=\"6\" data-list-defn-props=\"{\" data-aria-posinset=\"4\" data-aria-level=\"1\"><span data-contrast=\"auto\">Proceso de trabajo de mezcla y mapeo\u00a0<\/span><span data-ccp-props=\"{\">\u00a0<\/span><\/li>\n<\/ul>\n<ul>\n<li aria-setsize=\"-1\" data-leveltext=\"\uf0b7\" data-font=\"Symbol\" data-listid=\"6\" data-list-defn-props=\"{\" data-aria-posinset=\"5\" data-aria-level=\"1\"><span data-contrast=\"auto\">Trabajo realizado a partir de un archivo maestro de\u00a0<\/span><span data-contrast=\"none\">3124 \u00d7 1200\u00a0px<\/span><span data-ccp-props=\"{\">\u00a0<\/span><\/li>\n<\/ul>\n<ul>\n<li aria-setsize=\"-1\" data-leveltext=\"\uf0b7\" data-font=\"Symbol\" data-listid=\"6\" data-list-defn-props=\"{\" data-aria-posinset=\"6\" data-aria-level=\"1\"><span data-contrast=\"auto\">Generaci\u00f3n de dos archivos sincronizados para alineaci\u00f3n perfecta en la exhibici\u00f3n<\/span><span data-ccp-props=\"{\">\u00a0<\/span><\/li>\n<\/ul>\n<ul>\n<li aria-setsize=\"-1\" data-leveltext=\"\uf0b7\" data-font=\"Symbol\" data-listid=\"6\" data-list-defn-props=\"{\" data-aria-posinset=\"7\" data-aria-level=\"1\"><span data-contrast=\"auto\">Colorimetr\u00eda y ajuste de pantalla in situ<\/span><span data-ccp-props=\"{\">\u00a0<\/span><\/li>\n<\/ul>\n<p><b><span data-contrast=\"auto\">Sistema de sonido\u00a0<\/span><\/b><span data-ccp-props=\"{\">\u00a0<\/span><\/p>\n<ul>\n<li aria-setsize=\"-1\" data-leveltext=\"\uf0b7\" data-font=\"Symbol\" data-listid=\"5\" data-list-defn-props=\"{\" data-aria-posinset=\"1\" data-aria-level=\"1\"><span data-contrast=\"auto\">2 x\u00a0altavoces\u00a0<\/span><span data-contrast=\"none\">Dynaudio\u00a0BM5 MKIII<\/span><span data-ccp-props=\"{\">\u00a0<\/span><\/li>\n<\/ul>\n<ul>\n<li aria-setsize=\"-1\" data-leveltext=\"\uf0b7\" data-font=\"Symbol\" data-listid=\"5\" data-list-defn-props=\"{\" data-aria-posinset=\"2\" data-aria-level=\"1\"><span data-contrast=\"none\">2 x soportes inclinables montados en la pared<\/span><span data-ccp-props=\"{\">\u00a0<\/span><\/li>\n<\/ul>\n<ul>\n<li aria-setsize=\"-1\" data-leveltext=\"\uf0b7\" data-font=\"Symbol\" data-listid=\"5\" data-list-defn-props=\"{\" data-aria-posinset=\"3\" data-aria-level=\"1\"><span data-contrast=\"none\">Subwoofer AMC SBS10, 10\u201d active sub\u00a0<\/span><span data-ccp-props=\"{\">\u00a0<\/span><\/li>\n<\/ul>\n<ul>\n<li aria-setsize=\"-1\" data-leveltext=\"\uf0b7\" data-font=\"Symbol\" data-listid=\"5\" data-list-defn-props=\"{\" data-aria-posinset=\"4\" data-aria-level=\"1\"><span data-contrast=\"none\">Respuesta de frecuencia: 20 Hz \u2013 200 Hz<\/span><span data-ccp-props=\"{\">\u00a0<\/span><\/li>\n<\/ul>\n<ul>\n<li aria-setsize=\"-1\" data-leveltext=\"\uf0b7\" data-font=\"Symbol\" data-listid=\"5\" data-list-defn-props=\"{\" data-aria-posinset=\"5\" data-aria-level=\"1\"><span data-contrast=\"none\">Amplificaci\u00f3n: 160 W (sub) + 2 \u00d7 60 W (altavoces externos)<\/span><span data-ccp-props=\"{\">\u00a0<\/span><\/li>\n<\/ul>\n<p><b><span data-contrast=\"auto\">Sistema de reproducci\u00f3n\u00a0<\/span><\/b><span data-ccp-props=\"{\">\u00a0<\/span><\/p>\n<ul>\n<li aria-setsize=\"-1\" data-leveltext=\"\uf0b7\" data-font=\"Symbol\" data-listid=\"2\" data-list-defn-props=\"{\" data-aria-posinset=\"1\" data-aria-level=\"1\"><span data-contrast=\"auto\">Sistema de reproducci\u00f3n 4K\u00a0con precisi\u00f3n de cuadro (BS 4K)<\/span><span data-ccp-props=\"{\">\u00a0<\/span><\/li>\n<\/ul>\n<ul>\n<li aria-setsize=\"-1\" data-leveltext=\"\uf0b7\" data-font=\"Symbol\" data-listid=\"2\" data-list-defn-props=\"{\" data-aria-posinset=\"2\" data-aria-level=\"1\"><span data-contrast=\"auto\">Con programaci\u00f3n y sincronizaci\u00f3n incluidos\u00a0<\/span><span data-ccp-props=\"{\">\u00a0<\/span><\/li>\n<\/ul>\n<p><b><span data-contrast=\"auto\">Instalaci\u00f3n y mantenimiento<\/span><\/b><span data-ccp-props=\"{\">\u00a0<\/span><\/p>\n<ul>\n<li aria-setsize=\"-1\" data-leveltext=\"\uf0b7\" data-font=\"Symbol\" data-listid=\"1\" data-list-defn-props=\"{\" data-aria-posinset=\"1\" data-aria-level=\"1\"><span data-contrast=\"auto\">Instalaci\u00f3n completa por\u00a0t\u00e9cnicos\u00a0de AV:\u00a0l\u00edneas\u00a0de video\u00a0(HDMI\/DVI), control, audio, energ\u00eda<\/span><span data-ccp-props=\"{\">\u00a0<\/span><\/li>\n<\/ul>\n<ul>\n<li aria-setsize=\"-1\" data-leveltext=\"\uf0b7\" data-font=\"Symbol\" data-listid=\"1\" data-list-defn-props=\"{\" data-aria-posinset=\"2\" data-aria-level=\"1\"><span data-contrast=\"auto\">Calibraci\u00f3n: alineaci\u00f3n de pantalla, combinaci\u00f3n de proyecciones, color, ecualizaci\u00f3n de sonido<\/span><span data-ccp-props=\"{\">\u00a0<\/span><\/li>\n<\/ul>\n<ul>\n<li aria-setsize=\"-1\" data-leveltext=\"\uf0b7\" data-font=\"Symbol\" data-listid=\"1\" data-list-defn-props=\"{\" data-aria-posinset=\"3\" data-aria-level=\"1\"><span data-contrast=\"auto\">Mantenimiento durante todo el periodo de exposici\u00f3n\u00a0<\/span><span data-ccp-props=\"{\">\u00a0<\/span><\/li>\n<\/ul>\n<ul>\n<li aria-setsize=\"-1\" data-leveltext=\"\uf0b7\" data-font=\"Symbol\" data-listid=\"1\" data-list-defn-props=\"{\" data-aria-posinset=\"4\" data-aria-level=\"1\"><span data-contrast=\"auto\">Desmontaje al final de la exposici\u00f3n\u00a0<\/span><span data-ccp-props=\"{\">\u00a0<\/span><\/li>\n<\/ul>\n<p><b><span data-contrast=\"auto\">Proyecci\u00f3n de video\u00a0<\/span><\/b><span data-ccp-props=\"{\">\u00a0<\/span><\/p>\n<p><span data-ccp-props=\"{\">\u00a0<\/span><\/p>\n<p><span data-contrast=\"auto\">La proyecci\u00f3n de \u201cChain\u00a0Reaction\u00a0Belt\u201d\u00a0se exhibi\u00f3 en una pared de 4,11 metros de alto y 10,68 metros de largo, permitiendo\u00a0al formato panor\u00e1mico ultra ancho\u00a0<\/span><span data-contrast=\"none\">(3124 \u00d7 1200\u00a0px, 2.603:1)\u00a0desplegarse a una escala arquitect\u00f3nica inmensa. Esta amplia superficie horizontal\u00a0refuerza el concepto de \u201ccintur\u00f3n en movimiento\u201d, realzando la lectura del video como una cronolog\u00eda visual continua*.\u00a0<\/span><span data-ccp-props=\"{\">\u00a0<\/span><\/p>\n<p><span data-contrast=\"none\">Utilizando un proyector laser de alta\u00a0luminosidad,\u00a0calibrado\u00a0a\u00a0trav\u00e9s\u00a0de\u00a0un proceso de fusi\u00f3n y ajuste de color, la instalaci\u00f3n\u00a0garantiza una imagen\u00a0n\u00edtida, uniformemente distribuida a lo largo de\u00a0todo el ancho de\u00a0la pared.\u00a0La escala monumental de la proyecci\u00f3n sumerge\u00a0al espectador en la secuencia que se despliega, profundizando la experiencia\u00a0de los\u00a0procesos\u00a0hist\u00f3ricos,\u00a0tecnol\u00f3gicos\u00a0y sociales presentados\u00a0como una cadena\u00a0ininterrumpida de causes y efectos.\u00a0<\/span><span data-ccp-props=\"{\">\u00a0<\/span><\/p>\n<p><span data-ccp-props=\"{\">\u00a0<\/span><\/p>\n<p><span data-contrast=\"none\">*Si la\u00a0profundidad de la sala\u00a0lo permite, un solo proyector\u00a0ser\u00e1\u00a0suficiente para conseguir el mismo tama\u00f1o de\u00a0imagen como el descrito.\u00a0Esto significa\u00a0que\u00a0se\u00a0podr\u00eda\u00a0hacer, siempre y cuando la\u00a0distancia\u00a0entre el proyector y la pantalla o la pared sea suficiente para las dimensiones requeridas de la imagen. En este caso, un\u00a0proyector\u00a0de 10.000 l\u00famenes seria\u00a0probablemente\u00a0suficiente.\u00a0<\/span><\/p>\n<\/div><\/section>\n<div  class='hr av-185qtq5-5798c0dc8029061b49c3d9aae780b1ba hr-default  avia-builder-el-11  el_after_av_textblock  el_before_av_textblock '><span class='hr-inner '><span class=\"hr-inner-style\"><\/span><\/span><\/div>\n<section  class='av_textblock_section av-mo9vns65-12a42b5c382635865ce554476e2e691a '   itemscope=\"itemscope\" itemtype=\"https:\/\/schema.org\/BlogPosting\" itemprop=\"blogPost\" ><div class='avia_textblock'  itemprop=\"text\" ><h3><span class=\"TextRun MacChromeBold SCXW42835098 BCX0\" lang=\"ES-ES\" xml:lang=\"ES-ES\" data-contrast=\"auto\"><span class=\"NormalTextRun SCXW42835098 BCX0\">Eugenio Ampudia\u00a0<\/span><\/span><\/h3>\n<p><span data-contrast=\"auto\">OBRAS:<\/span><b><span data-contrast=\"auto\">\u00a0<\/span><\/b><b><i><span data-contrast=\"none\">Concert\u00a0for\u00a0the\u00a0Biocene\u00a0<\/span><\/i><\/b><span data-contrast=\"none\">(Video de un solo canal),\u00a0<\/span><b><i><span data-contrast=\"none\">Around\u00a0the\u00a0Prado\u00a0Museum<\/span><\/i><\/b><b><span data-contrast=\"none\">\u00a0<\/span><\/b><span data-contrast=\"none\">(Video de un solo canal),\u00a0<\/span><b><i><span data-contrast=\"none\">Where\u00a0to\u00a0sleep\u00a05 Palau<\/span><\/i><\/b><span data-contrast=\"none\">\u00a0(Video de un solo canal),\u00a0<\/span><b><i><span data-contrast=\"none\">Kicking\u00a0Rights\u00a0Up<\/span><\/i><\/b><b><span data-contrast=\"none\">\u00a0<\/span><\/b><span data-contrast=\"none\">(Video de un solo canal).\u00a0<\/span><span data-ccp-props=\"{\">\u00a0<\/span><\/p>\n<p><span data-contrast=\"none\">Cortes\u00eda\u00a0del artista y de la Galer\u00eda Max Estrella (Madrid)<\/span><span data-ccp-props=\"{\">\u00a0<\/span><\/p>\n<p><b><span data-contrast=\"none\">Concert\u00a0for\u00a0the\u00a0Biocene, 7\u00b430\u201d, 2022<\/span><\/b><span data-ccp-props=\"{\">\u00a0<\/span><\/p>\n<p><b><i><span data-contrast=\"none\">Concert\u00a0for\u00a0the\u00a0Biocene<\/span><\/i><\/b><span data-contrast=\"none\">\u00a0es una de las \u00faltimas investigaciones de Ampudia, relacionada con la necesidad\u00a0de reformular el presente desde\u00a0postulados\u00a0\u00a0post-humanistas\u00a0y un compromiso eco-social.\u00a0<\/span><span data-ccp-props=\"{\">\u00a0<\/span><\/p>\n<p><span data-contrast=\"none\">Una actuaci\u00f3n organizada por\u00a0el artista\u00a0en El Gran\u00a0Teatre\u00a0Liceu\u00a0de Barcelona\u00a0en\u00a0junio\u00a0de 2020, con motivo de la reapertura de la instituci\u00f3n tras el fin del confinamiento.\u00a0\u00a0Ampudia crea un concierto para plantas como un acto simb\u00f3lico para un cambio de paradigma. Un total de 2.292 plantas, la capacidad total del teatro, disfruto de la pieza \u201cCrisantemi\u201d de Giacomo Puccini por un cuarteto de cuerdas.\u00a0<\/span><span data-ccp-props=\"{\">\u00a0<\/span><\/p>\n<p><span data-contrast=\"none\">El concepto de\u00a0Bioceno\u00a0\u2013 sugerido por Blanca de la Torre, la comisaria de la actuaci\u00f3n &#8211; reemplaza el termino conocido como\u00a0Antropoceno, el\u00a0cual define la m\u00e1s reciente historia del deterioro\u00a0de nuestro planeta\u00a0debido\u00a0al impacto humano.\u00a0Bioceno, por lo\u00a0tanto,\u00a0apela al inicio de una nueva era que finalmente posicione a la vida en el centro.\u00a0<\/span><\/p>\n<p><img loading=\"lazy\" decoding=\"async\" class=\"alignnone size-medium wp-image-61438\" src=\"https:\/\/asianfilmfestival.barcelona\/2025\/wp-content\/uploads\/2026\/04\/image011-300x204.png\" alt=\"\" width=\"300\" height=\"204\" srcset=\"https:\/\/asianfilmfestival.barcelona\/2025\/wp-content\/uploads\/2026\/04\/image011-300x204.png 300w, https:\/\/asianfilmfestival.barcelona\/2025\/wp-content\/uploads\/2026\/04\/image011-768x522.png 768w, https:\/\/asianfilmfestival.barcelona\/2025\/wp-content\/uploads\/2026\/04\/image011-705x479.png 705w, https:\/\/asianfilmfestival.barcelona\/2025\/wp-content\/uploads\/2026\/04\/image011.png 852w\" sizes=\"auto, (max-width: 300px) 100vw, 300px\" \/><\/p>\n<p><span class=\"TextRun SCXW166307997 BCX0\" lang=\"ES-ES\" xml:lang=\"ES-ES\" data-contrast=\"auto\"><span class=\"NormalTextRun SCXW166307997 BCX0\">El\u00a0<\/span><\/span><span class=\"TextRun SCXW166307997 BCX0\" lang=\"ES-ES\" xml:lang=\"ES-ES\" data-contrast=\"auto\"><span class=\"NormalTextRun SCXW166307997 BCX0\">Concierto para\u00a0<\/span><span class=\"NormalTextRun SCXW166307997 BCX0\">Bioceno<\/span><\/span><span class=\"TextRun SCXW166307997 BCX0\" lang=\"ES-ES\" xml:lang=\"ES-ES\" data-contrast=\"auto\"><span class=\"NormalTextRun SCXW166307997 BCX0\">\u00a0es el resultado de una iniciativa del director\u00a0<\/span><span class=\"NormalTextRun SCXW166307997 BCX0\">art\u00edstico del Gran\u00a0<\/span><span class=\"NormalTextRun SpellingErrorV2Themed SCXW166307997 BCX0\">Teatre<\/span><span class=\"NormalTextRun SCXW166307997 BCX0\">\u00a0del\u00a0<\/span><span class=\"NormalTextRun SpellingErrorV2Themed SCXW166307997 BCX0\">Liceu<\/span><span class=\"NormalTextRun SCXW166307997 BCX0\">, V\u00edctor Garc\u00eda de\u00a0<\/span><span class=\"NormalTextRun SpellingErrorV2Themed SCXW166307997 BCX0\">Gomar<\/span><span class=\"NormalTextRun SCXW166307997 BCX0\">, y del artista<\/span><span class=\"NormalTextRun SCXW166307997 BCX0\">, junto con la Galer\u00eda Max Estrella y con Blanca De La Torre como comisaria.\u00a0<\/span><span class=\"NormalTextRun SCXW166307997 BCX0\">Con el\u00a0<\/span><span class=\"NormalTextRun SCXW166307997 BCX0\">material documentado<\/span><span class=\"NormalTextRun SCXW166307997 BCX0\">\u00a0en la\u00a0<\/span><span class=\"NormalTextRun SCXW166307997 BCX0\">acci\u00f3n<\/span><span class=\"NormalTextRun SCXW166307997 BCX0\">\u00a0<\/span><span class=\"NormalTextRun SCXW166307997 BCX0\">art\u00edstica<\/span><span class=\"NormalTextRun SCXW166307997 BCX0\">, Eugenio Ampudia produ<\/span><span class=\"NormalTextRun SCXW166307997 BCX0\">jo\u00a0<\/span><span class=\"NormalTextRun SCXW166307997 BCX0\">una pieza de videoarte y varias\u00a0<\/span><span class=\"NormalTextRun SCXW166307997 BCX0\">fotograf\u00edas<\/span><span class=\"NormalTextRun SCXW166307997 BCX0\">\u00a0de largo formato.\u00a0<\/span><\/span><span class=\"EOP SCXW166307997 BCX0\" data-ccp-props=\"{\">\u00a0<\/span><\/p>\n<div id=\"attachment_61441\" style=\"width: 310px\" class=\"wp-caption alignnone\"><img loading=\"lazy\" decoding=\"async\" aria-describedby=\"caption-attachment-61441\" class=\"size-medium wp-image-61441\" src=\"https:\/\/asianfilmfestival.barcelona\/2025\/wp-content\/uploads\/2026\/04\/image012-300x212.png\" alt=\"\" width=\"300\" height=\"212\" srcset=\"https:\/\/asianfilmfestival.barcelona\/2025\/wp-content\/uploads\/2026\/04\/image012-300x212.png 300w, https:\/\/asianfilmfestival.barcelona\/2025\/wp-content\/uploads\/2026\/04\/image012-768x542.png 768w, https:\/\/asianfilmfestival.barcelona\/2025\/wp-content\/uploads\/2026\/04\/image012-260x185.png 260w, https:\/\/asianfilmfestival.barcelona\/2025\/wp-content\/uploads\/2026\/04\/image012-845x600.png 845w, https:\/\/asianfilmfestival.barcelona\/2025\/wp-content\/uploads\/2026\/04\/image012-705x498.png 705w, https:\/\/asianfilmfestival.barcelona\/2025\/wp-content\/uploads\/2026\/04\/image012.png 850w\" sizes=\"auto, (max-width: 300px) 100vw, 300px\" \/><p id=\"caption-attachment-61441\" class=\"wp-caption-text\">Concert for the Biocene (2020), 7\u00b430\u201d.<\/p><\/div>\n<p><b><span data-contrast=\"none\">Around\u00a0the\u00a0Prado\u00a0Museum, 1\u00b440\u201d (Video de un solo canal), 2019<\/span><\/b><span data-ccp-props=\"{\">\u00a0<\/span><\/p>\n<p><span data-contrast=\"auto\">\u201cLa Vuelta\u201d, as\u00ed como sustantivo, cruza el pa\u00eds circulando a trav\u00e9s de sus arterias o, para ser m\u00e1s precisos,\u00a0a\u00a0trav\u00e9s\u00a0de los surcos ya definidos en su piel.\u00a0\u00c9l\u00a0nunca\u00a0se\u00a0hab\u00eda\u00a0colado dentro antes. Hasta ahora. Un grupo de ciclistas\u00a0cruza \u201cEl Prado\u201d y lo convierten en la escena de su frenes\u00ed. Arte, cultura\u00a0e\u00a0historia\u00a0se convierten en testigos primero, despu\u00e9s espectadores y terminan actores de esta inusual representaci\u00f3n.\u00a0<\/span><span data-ccp-props=\"{\">\u00a0<\/span><\/p>\n<p><span data-ccp-props=\"{\">\u00a0<\/span><\/p>\n<p><b><span data-contrast=\"none\">Where\u00a0to\u00a0Sleep\u00a05, 5\u00b444\u00b4 (proyecci\u00f3n de un solo canal con audio), 2015<\/span><\/b><span data-ccp-props=\"{\">\u00a0<\/span><\/p>\n<p><span data-contrast=\"none\">Desde 2008 el artista ha estado durmiendo durante la noche en varios lugares ic\u00f3nicos para la cultura y la historia del arte.\u00a0Empez\u00f3 la serie en el Museo del Prado, durmiendo bajo\u00a0<\/span><i><span data-contrast=\"none\">El\u00a0tres de\u00a0mayo\u00a0de 1808\u00a0<\/span><\/i><span data-contrast=\"none\">de Goya, antes de continuarla en la Alhambra en Granada, en la feria de arte ARCO en Madrid, en la\u00a0biblioteca del Palacio Nacional de\u00a0Ajuda\u00a0de Lisboa y, m\u00e1s recientemente, en el Palacio de la M\u00fasica en Barcelona.\u00a0<\/span><span data-ccp-props=\"{\">\u00a0<\/span><\/p>\n<p><span data-contrast=\"none\">A lo largo de la serie en\u00a0curso, la acci\u00f3n se basa en dormir dentro de espacios consagrados para el arte, algo que hemos visto\u00a0tradicionalmente\u00a0como ilegal o\u00a0subversivo.\u00a0Subyacente\u00a0a la simplicidad del gesto\u00a0se esconde\u00a0el rechazo de Ampudia a ciertas actitudes dentro del mundo del arte\u00a0que son dadas por hecho y posteriormente aceptadas como convenciones.\u00a0<\/span><span data-ccp-props=\"{\">\u00a0<\/span><\/p>\n<p><span data-contrast=\"none\">Al acto de dormir se le ha dado diferentes\u00a0connotaciones\u00a0en el periodo de\u00a0agitaci\u00f3n pol\u00edtica de los \u00faltimos a\u00f1os y la aparici\u00f3n de movimientos como 15-M,\u00a0Occupy\u00a0Wall Street,\u00a0Occupy\u00a0Museums, etc., y se ha convertido en un acto de resistencia en s\u00ed mismo y en una declaraci\u00f3n de intereses.\u00a0<\/span><span data-ccp-props=\"{\">\u00a0<\/span><\/p>\n<p><span data-contrast=\"none\">Por otro lado, el gesto de dormir\u00a0en un espacio p\u00fablico ha estado siempre asociado con marginalidad y situaciones de paso en alguno \u201cno-lugar\u201d\u00a0\u2014durante un largo viaje o en una escala en el aeropuerto\u2014\u00a0o con la vulnerabilidad, todo lo cual funciona como\u00a0una met\u00e1fora que encaja bastante bien con la\u00a0situaci\u00f3n\u00a0que el arte y la cultura\u00a0han estado atravesando en Espa\u00f1a desde que el artista empez\u00f3 la serie.\u00a0<\/span><span data-ccp-props=\"{\">\u00a0<\/span><\/p>\n<p><span data-contrast=\"none\">Sin embargo, la\u00a0actitud positiva\u00a0en las obras de Ampudia se asemeja\u00a0m\u00e1s\u00a0al acto de so\u00f1ar, de producir ideas, de repensar\u00a0y continuar so\u00f1ando con una\u00a0utop\u00eda, los que nos hace seguir adelante y frente a lo cual debemos adoptar una posici\u00f3n\u00a0pol\u00edtica.\u00a0<\/span><span data-ccp-props=\"{\">\u00a0<\/span><\/p>\n<p><span data-contrast=\"none\">A lo largo de la historia del arte, ha habido un foco constante\u00a0en el acto de dormir como un gesto subversivo y\u00a0b\u00e1sico cuando se trataba de analizar nuestro rol como individuo en la construcci\u00f3n del espacio social.\u00a0Desde las esculturas de Eros durmiente que decoraban las villas romanas en el periodo\u00a0hel\u00e9nico\u00a0hasta\u00a0<\/span><i><span data-contrast=\"none\">El sue\u00f1o de la\u00a0raz\u00f3n\u00a0produce monstruos<\/span><\/i><span data-contrast=\"none\">\u00a0de Goya,\u00a0tan bien reinterpretado m\u00e1s\u00a0tarde\u00a0por el artista brit\u00e1nico\u00a0Yinka\u00a0Shonibare,\u00a0<\/span><i><span data-contrast=\"none\">The\u00a0Nightmare<\/span><\/i><span data-contrast=\"none\">\u00a0de\u00a0Hanry\u00a0Fuseli, Sue\u00f1o causado por el vuelo de una\u00a0abeja alrededor de una granada unos segundos antes de despertar de Dal\u00ed,\u00a0o\u00a0muchas\u00a0otras\u00a0obras\u00a0de sus colegas surrealistas, por mencionar algunos ejemplos evidentes.\u00a0<\/span><span data-ccp-props=\"{\">\u00a0<\/span><\/p>\n<p><span data-contrast=\"none\">Otro ejemplo historiogr\u00e1fico m\u00e1s contempor\u00e1neo\u00a0en el que aparece Morfeo es la\u00a0c\u00e9lebre\u00a0pel\u00edcula\u00a0<\/span><i><span data-contrast=\"none\">Sleep<\/span><\/i><span data-contrast=\"none\">, la primera de Andy Warhol,\u00a0donde el actor John\u00a0Giorno\u00a0durante m\u00e1s de cinco horas. Tilda Swinton\u00a0durmi\u00f3\u00a0por ocho horas diarias en una vitrina de cristal en la Galer\u00eda Serpentine, en\u00a0<\/span><i><span data-contrast=\"none\">The\u00a0Maybe<\/span><\/i><span data-contrast=\"none\">\u00a0de\u00a0Cornelia Parker.\u00a0As\u00ed\u00a0mismo, como parte de su b\u00fasqueda de un nuevo amante, los artistas israel\u00eds Gil y\u00a0Moti\u00a0durmieron en\u00a0una\u00a0galer\u00eda\u00a0de\u00a0Nueva York\u00a0en su obra\u00a0<\/span><i><span data-contrast=\"none\">Sleeping\u00a0With\u00a0the\u00a0Enemy<\/span><\/i><span data-contrast=\"none\">. En\u00a0<\/span><i><span data-contrast=\"none\">The\u00a0Sleepers<\/span><\/i><span data-contrast=\"none\">, Sophie Calle, por turnos,\u00a0invitaba a diferentes personas, mayoritariamente desconocidos, a dormir en su cama para que ella pudiera fotografiarlas.\u00a0<\/span><span data-ccp-props=\"{\">\u00a0<\/span><\/p>\n<p><span data-contrast=\"auto\">Algunas instituciones han accedido a ser utilizadas como\u00a0una especie\u00a0de\u00a0hotel, como el Guggenheim de Nueva York, el cual hace un par de a\u00f1o acogi\u00f3 la obra\u00a0<\/span><i><span data-contrast=\"auto\">Revolving\u00a0Hotel\u00a0Room\u00a0<\/span><\/i><span data-contrast=\"auto\">del artista belga\u00a0Carsten\u00a0H\u00f6ller.\u00a0Por la \u201cinsignificante\u201d suma de 300 d\u00f3lares\u00a0(que se triplicaba en d\u00edas festivos) los visitantes\u00a0pod\u00edan\u00a0pasar la noche en el museo. Y para centrarnos en un caso m\u00e1s cercano,\u00a0el\u00a0ARTIUM en Vitoria, en una iniciativa propuesta por el grupo art\u00edstico Fundaci\u00f3n Rodr\u00edguez,\u00a0organiz\u00f3 una acampada colectiva como\u00a0parte de una reinterpretaci\u00f3n de la colecci\u00f3n del museo.\u00a0<\/span><span data-ccp-props=\"{\">\u00a0<\/span><\/p>\n<p><span data-contrast=\"auto\">Y tenemos un ejemplo m\u00e1s reciente de la artista china Zhou Jie, en su\u00a0exhibici\u00f3n\u00a0del verano pasado\u00a0en\u00a0Beijing\u00a0Now\u00a0Arte\u00a0Gallery\u00a0en Beijing llamada\u00a0<\/span><i><span data-contrast=\"auto\">36\u00a0Days<\/span><\/i><span data-contrast=\"auto\">, en la\u00a0que\u00a0durmi\u00f3\u00a0en una cama de\u00a0alambres de hierro sin terminar durante el tiempo indicado en el t\u00edtulo de la obra, incluyendo visitas de su pareja.\u00a0<\/span><span data-ccp-props=\"{\">\u00a0<\/span><\/p>\n<p><span data-contrast=\"auto\">Si bien es inevitable asociar todos estos ejemplos con cierto fetichismo, con la excitaci\u00f3n por dormir en\u00a0un espacio institucional<\/span><span data-contrast=\"none\">\u00a0\u2014ejemplificando los normativo y convencional \u2014, probablemente se trate m\u00e1s bien\u00a0de una profunda reflexi\u00f3n sobre la naturaleza de los sue\u00f1os y la forma en la cual estos son proyectados\u00a0en el individuo;\u00a0un proyecto abierto que Ampudia continua para repesar los c\u00f3digos y estructuras del arte contempor\u00e1neo,\u00a0as\u00ed\u00a0como la situaci\u00f3n cr\u00edtica en la que actualmente se encuentra.\u00a0<\/span><span data-ccp-props=\"{\">\u00a0<\/span><\/p>\n<p><span data-contrast=\"none\">Con este gesto, tambi\u00e9n desea despojarse\u00a0de su yo art\u00edstico para mostrar su yo m\u00e1s inmediato, y, a la vez trasformar el espacio del arte en\u00a0lugar mucho m\u00e1s pr\u00f3ximo, en un espacio de arte mucho m\u00e1s cercano a todos,\u00a0para hacernos sentir en casa. De esta manera el propone una reformulaci\u00f3n de nuestro concepto de\u00a0morada, que, a\u00a0trav\u00e9s\u00a0del proceso de repetir la acci\u00f3n en varios\u00a0lugares\u00a0emblem\u00e1ticos, convence\u00a0al espectador que su\u00a0relaci\u00f3n\u00a0con estos espacios\u00a0deber\u00eda\u00a0ser\u00a0m\u00e1s\u00a0relajada y que\u00a0deber\u00eda\u00a0considerarlos como propios.\u00a0Una vez m\u00e1s, nos recuerda que debemos ponernos c\u00f3modos,\u00a0que el espacio\u00a0p\u00fablico nos pertenece a todos;\u00a0y, de nuevo, que esa actitud relajada hacia los templos del arte es otra forma de reescribir\u00a0la historia o al menos de introducir nuevos cap\u00edtulos&#8230; (Del ensayo de Blanca de la Torre sobre el artista y esta obra).\u00a0<\/span><span data-ccp-props=\"{\">\u00a0<\/span><\/p>\n<p><span data-ccp-props=\"{\">\u00a0<\/span><\/p>\n<p><b><span data-contrast=\"none\">Kicking\u00a0Rights\u00a0Cup, 2\u00b428\u00b4\u00b4 (video de un solo canal) 2022<\/span><\/b><span data-ccp-props=\"{\">\u00a0<\/span><\/p>\n<p><i><span data-contrast=\"none\">Kicking\u00a0Rights\u00a0Cup<\/span><\/i><span data-contrast=\"none\">\u202f(2022), producido\u00a0en colaboraci\u00f3n con APDHE (Asociaci\u00f3n Pro-Derechos Humanos, Espa\u00f1a), este video fue creado como respuesta critica a la violaci\u00f3n de derechos humanos asociada\u00a0con la Copa del Mundo en Qatar, coincidiendo\u00a0con el 75.\u00ba\u00a0aniversario de la Declaraci\u00f3n Universal\u00a0de los Derechos Humanos. En \u00e9l, Ampudia ha sustituido el bal\u00f3n de futbol con el libro\u00a0Declaraci\u00f3n Universal de los Derechos Humanos,\u00a0cuestionando la visi\u00f3n dominante y acr\u00edtica que la industria del entretenimiento pasa por alto y\u00a0bas\u00e1ndose en las reflexiones de Peter Sloterdijk (2006) sobre la cultura del futbol, donde el pensador compara un partido de futbol con una escena de caza.\u00a0<\/span><\/p>\n<\/div><\/section>\n<div  class='hr av-tksxnh-d57b38664b3efbb7d94ec76db119d83b hr-default  avia-builder-el-13  el_after_av_textblock  el_before_av_textblock '><span class='hr-inner '><span class=\"hr-inner-style\"><\/span><\/span><\/div>\n<section  class='av_textblock_section av-mo9vqe1s-52ab00f936edcdc30a74a28677233049 '   itemscope=\"itemscope\" itemtype=\"https:\/\/schema.org\/BlogPosting\" itemprop=\"blogPost\" ><div class='avia_textblock'  itemprop=\"text\" ><h3><span class=\"TextRun MacChromeBold SCXW127637722 BCX0\" lang=\"ES-ES\" xml:lang=\"ES-ES\" data-contrast=\"none\"><span class=\"NormalTextRun SCXW127637722 BCX0\">Carlos Casas<\/span><\/span><span class=\"EOP SCXW127637722 BCX0\" data-ccp-props=\"{\">\u00a0<\/span><\/h3>\n<p><span data-contrast=\"none\">OBRAS:<\/span><b><span data-contrast=\"none\">\u00a0<\/span><\/b><b><i><span data-contrast=\"none\">Cementery<\/span><\/i><\/b><b><span data-contrast=\"none\">\u00a0<\/span><\/b><span data-contrast=\"none\">(pel\u00edcula, video, color, sonido) y\u00a0<\/span><b><i><span data-contrast=\"none\">Deserts<\/span><\/i><\/b><span data-contrast=\"none\">\u00a0(video de un solo canal)<\/span><span data-ccp-props=\"{\">\u00a0<\/span><\/p>\n<p><span data-contrast=\"none\">Cortes\u00eda del artista y de\u00a0Gallerie\u00a0\u00c0ngels Barcelona (Barcelona).\u00a0<\/span><span data-ccp-props=\"{\">\u00a0<\/span><\/p>\n<p><b><i><span data-contrast=\"none\">Cementery<\/span><\/i><\/b><span data-contrast=\"none\">\u00a0(85\u2019, 2019) es una pel\u00edcula\u00a0profundamente\u00a0sensorial que sigue a un elefante,\u00a0a su cuidador\u00a0y\u00a0a\u00a0los cazadores\u00a0furtivos\u00a0que lo persegu\u00edan en su camino hacia\u00a0un m\u00edtico lugar conocido como el cementerio de elefantes.\u00a0Mientras el viaje transita por la jungla a trav\u00e9s de las etapas de la\u00a0muerte, las\u00a0im\u00e1genes\u00a0comienzan a desvanecerse, dando paso a un rico paisaje sonoro.\u00a0<\/span><span data-ccp-props=\"{\">\u00a0<\/span><\/p>\n<p><span data-contrast=\"none\">Realizada en un periodo de diez a\u00f1os,\u00a0<\/span><i><span data-contrast=\"none\">Cementery<\/span><\/i><span data-contrast=\"none\">\u00a0entrelaza grabaciones de campo de\u00a0todo el mundo, grabadas y mezcladas por\u00a0el experto en sonidos de la fauna salvaje\u00a0Chris Watson con la colaboraci\u00f3n del Profesor Tony\u00a0Myatt\u00a0(espacializaci\u00f3n\u00a0y\u00a0ambison\u00eda). Encontrando un punto de uni\u00f3n incre\u00edble entre\u00a0el documental de naturaleza, el cine experimental, la\u00a0pel\u00edcula\u00a0de carretera y\u00a0el\u00a0paisaje sonoro, la pel\u00edcula plantea pregunta sobre el\u00a0ciclo\u00a0de la vida y la memoria, el colonialismo y la extinci\u00f3n, la conservaci\u00f3n y el medio ambiente, y las relaciones entre especies.\u00a0<\/span><span data-ccp-props=\"{\">\u00a0<\/span><\/p>\n<p><span data-contrast=\"none\">\u201cEl mito del cementerio\u00a0es todav\u00eda m\u00e1s urgente hoy en d\u00eda, y es hoy en\u00a0d\u00eda\u00a0que su significado resulta\u00a0m\u00e1s\u00a0pertinente: para de alguna manera\u00a0arrojar luz\u00a0sobre\u00a0una nueva visi\u00f3n de la naturaleza y de nuestro lugar en ella.\u00a0Mi reto consisti\u00f3 en\u00a0desentra\u00f1ar\u00a0ese mito\u00a0para poder volver a presentarlo de nuevo, para hacer una relectura\u00a0contempor\u00e1nea de este, y experimentar\u00a0con diferentes\u00a0lenguajes visuales y sonoros. Considero\u00a0a esta pel\u00edcula como la batalla definitiva de la visi\u00f3n y el sonido,\u00a0entre o\u00edr\u00a0y ver. Para m\u00ed, esta pel\u00edcula culmina un viaje,\u00a0un proceso de exploraci\u00f3n\u00a0cinematogr\u00e1fica\u00a0personal\u00a0para cuestionar el sonido en\u00a0el contexto de la m\u00e1s amplia experiencia cinematogr\u00e1fica. En una era en la que el cine se est\u00e1 convirtiendo cada vez m\u00e1s en una distracci\u00f3n, quise crear una pel\u00edcula que no fuera una mercanc\u00eda, que exigiera al espectador tanto como les ofrece, una pel\u00edcula que, de alguna manera,\u00a0otorgue\u00a0a los espectadores una gran responsabilidad:\u00a0\u00a0forz\u00e1ndolos tambi\u00e9n a convertirse en proyectores o creadores, usando sus propias experiencias\u00a0para proyectar sus propias\u00a0im\u00e1genes,\u00a0su propia luz.\u00a0Quer\u00eda hacer una pel\u00edcula que se doblegara sobre s\u00ed misma y cambiara, que\u00a0finalmente\u00a0utiliza nuestro sue\u00f1o\u00a0como una\u00a0herramienta\u00a0de interacci\u00f3n entre el cineasta y la audiencia.\u00a0Quer\u00eda crear una pel\u00edcula polifac\u00e9tica,\u00a0una \u201cm\u00e1quina de la percepci\u00f3n\u201d por\u00a0citar a Snow, pero tambi\u00e9n una pel\u00edcula que se\u00a0dirija\u00a0a muestro lado\u00a0m\u00e1s\u00a0infantil y\u00a0on\u00edrico.\u00a0Una\u00a0pelicula\u00a0que usa la oscuridad para crearse a s\u00ed misma.\u00a0Durante el proceso de preparaci\u00f3n de esta\u00a0pel\u00edcula\u00a0me pregunte a\u00a0m\u00ed\u00a0mismo muchas preguntas que quedaran\u00a0sin respuesta, pero que habitaran la pel\u00edcula como fantasmas.\u00a0Quizas\u00a0haya una forma de encontrar nuevos medios a trav\u00e9s de los cuales entender nuestra posici\u00f3n y nuestra responsabilidad como especie, y tambi\u00e9n como espectadores.\u00a0Quiz\u00e1s, si nos permiti\u00e9ramos despertar de nuevo, reencarnarnos cinematogr\u00e1ficamente\u00a0y tal vez\u00a0incluso\u00a0espiritualmente, quiz\u00e1s\u00a0entonces podr\u00edamos responder la pregunta:\u00a0\u00bfnuestro viaje termina aqu\u00ed o continua?\u201d<\/span><span data-ccp-props=\"{\">\u00a0<\/span><\/p>\n<p><span data-contrast=\"none\">Por Carlos Casas, \u201cNotas sobre una pel\u00edcula sobre elegantes\u201d un texto por Carlos Casas publicado en su pr\u00f3ximo libro <\/span><i><span data-contrast=\"none\">Cementery. Journeys to the elephant graveyard and beyond <\/span><\/i><span data-contrast=\"none\">de Humboldt\u00a0Books.<\/span><\/p>\n<p><img loading=\"lazy\" decoding=\"async\" class=\"alignnone size-medium wp-image-61444\" src=\"https:\/\/asianfilmfestival.barcelona\/2025\/wp-content\/uploads\/2026\/04\/image013-300x170.png\" alt=\"\" width=\"300\" height=\"170\" srcset=\"https:\/\/asianfilmfestival.barcelona\/2025\/wp-content\/uploads\/2026\/04\/image013-300x170.png 300w, https:\/\/asianfilmfestival.barcelona\/2025\/wp-content\/uploads\/2026\/04\/image013-768x436.png 768w, https:\/\/asianfilmfestival.barcelona\/2025\/wp-content\/uploads\/2026\/04\/image013-845x483.png 845w, https:\/\/asianfilmfestival.barcelona\/2025\/wp-content\/uploads\/2026\/04\/image013-705x401.png 705w, https:\/\/asianfilmfestival.barcelona\/2025\/wp-content\/uploads\/2026\/04\/image013.png 850w\" sizes=\"auto, (max-width: 300px) 100vw, 300px\" \/> <img loading=\"lazy\" decoding=\"async\" class=\"alignnone size-medium wp-image-61447\" src=\"https:\/\/asianfilmfestival.barcelona\/2025\/wp-content\/uploads\/2026\/04\/image014-300x149.png\" alt=\"\" width=\"300\" height=\"149\" srcset=\"https:\/\/asianfilmfestival.barcelona\/2025\/wp-content\/uploads\/2026\/04\/image014-300x149.png 300w, https:\/\/asianfilmfestival.barcelona\/2025\/wp-content\/uploads\/2026\/04\/image014-768x383.png 768w, https:\/\/asianfilmfestival.barcelona\/2025\/wp-content\/uploads\/2026\/04\/image014-845x423.png 845w, https:\/\/asianfilmfestival.barcelona\/2025\/wp-content\/uploads\/2026\/04\/image014-705x351.png 705w, https:\/\/asianfilmfestival.barcelona\/2025\/wp-content\/uploads\/2026\/04\/image014.png 849w\" sizes=\"auto, (max-width: 300px) 100vw, 300px\" \/> <img loading=\"lazy\" decoding=\"async\" class=\"alignnone size-medium wp-image-61450\" src=\"https:\/\/asianfilmfestival.barcelona\/2025\/wp-content\/uploads\/2026\/04\/image015-300x154.png\" alt=\"\" width=\"300\" height=\"154\" srcset=\"https:\/\/asianfilmfestival.barcelona\/2025\/wp-content\/uploads\/2026\/04\/image015-300x154.png 300w, https:\/\/asianfilmfestival.barcelona\/2025\/wp-content\/uploads\/2026\/04\/image015-768x394.png 768w, https:\/\/asianfilmfestival.barcelona\/2025\/wp-content\/uploads\/2026\/04\/image015-705x362.png 705w, https:\/\/asianfilmfestival.barcelona\/2025\/wp-content\/uploads\/2026\/04\/image015.png 853w\" sizes=\"auto, (max-width: 300px) 100vw, 300px\" \/><\/p>\n<p><b><i><span data-contrast=\"auto\">Cementery<\/span><\/i><\/b><span data-contrast=\"auto\">\u00a0(2019)\u00a0<\/span><span data-contrast=\"none\">|\u00a0<\/span><span data-contrast=\"auto\">\u00a0Pel\u00edcula, video, color, sonido, 85 min.\u00a0<\/span><span data-ccp-props=\"{\">\u00a0<\/span><\/p>\n<p><b><i><span data-contrast=\"auto\">Deserts\u00a0<\/span><\/i><\/b><span data-contrast=\"auto\">(2024)\u00a0es otro proyecto en desarrollo por Carlos Casas, inspirado en la innovadora pieza\u00a0D\u00e9serts\u00a0de\u00a0Edgar\u00a0Var\u00e8se. Originalmente\u00a0concevido\u00a0como un proyecto audiovisual,\u00a0D\u00e9serts\u00a0se\u00a0convirti\u00f3\u00a0en una\u00a0especie\u00a0de \u201cEl Dorado\u201d\u00a0de lo que puede ser una pel\u00edcula musical: un modelo para el avance y el potencial de la obra audiovisual y un faro de esperanza para las nuevas direcciones en el lenguaje audiovisual.\u00a0Fascinado por el proyecto y la visi\u00f3n de\u00a0Var\u00e8se,\u00a0 Casas\u00a0amplia su propia investigaci\u00f3n sobre el \u201csonido visual\u201d.\u00a0Experimenta no solo con nuevas formas de presentar la imagen y el sonido, sino\u00a0tambi\u00e9n\u00a0con\u00a0m\u00e9todos\u00a0innovadores\u00a0para trabajar con\u00a0material de archivo. El artista explora tanto la degradaci\u00f3n medioambiental, como la desertificaci\u00f3n, como con\u00a0paisajes psicol\u00f3gicos de soledad y misterio.<\/span><\/p>\n<p><span data-contrast=\"auto\">El proyecto surge de\u00a0la fascinaci\u00f3n\u00a0de Casas por el concepto de \u201cdesierto\u201d de\u00a0Var\u00e8se\u00a0como met\u00e1fora tanto de la\u00a0desolaci\u00f3n\u00a0ambiental como de la soledad existencial.\u00a0Casas se basa en las palabras de\u00a0Var\u00e8se: \u201cD\u00e9serts\u00a0no se refiere\u00a0\u00fanicamente\u00a0a\u00a0los\u00a0desiertos\u00a0f\u00edsicos\u00a0formados por arena, mar,\u00a0monta\u00f1as\u00a0y nieve, al especio exterior, a las calles de las ciudades\u00a0des\u00e9rticas&#8230;sino tambi\u00e9n a un espacio interior lejano&#8230;donde el hombre est\u00e1 solo en un mundo de misterios y soledad esencial.\u201d<\/span><span data-ccp-props=\"{\">\u00a0<\/span><\/p>\n<p><span data-contrast=\"auto\">Esta pel\u00edcula es la pareja subconsciente de la obra\u00a0principal, funciona como una cara B\u00a0o una\u00a0retroproyecci\u00f3n, como una sombra o un elemento complementario.\u00a0Esta obra es una pieza complementaria de la pel\u00edcula\u00a0<\/span><i><span data-contrast=\"auto\">Deserts\u00a01.8<\/span><\/i><span data-contrast=\"auto\">.\u00a0Presenta nuevas formas de\u00a0de\u00a0organizar el archivo y permite\u00a0que el subconsciente y lo subliminal recorran todo el archivo. Se convierte en un\u00a0hipn\u00f3tico\u00a0complemento y tambi\u00e9n un sistema para crear nuevas conexiones\u00a0con im\u00e1genes que superponen diferentes temas\u00a0e\u00a0hilos\u00a0tem\u00e1ticos\u00a0del\u00a0archivo\u00a0para as\u00ed\u00a0permitir, posiblemente,\u00a0nuevo significados y posibles conexiones.\u00a0<\/span><\/p>\n<p><img loading=\"lazy\" decoding=\"async\" class=\"alignnone size-medium wp-image-61453\" src=\"https:\/\/asianfilmfestival.barcelona\/2025\/wp-content\/uploads\/2026\/04\/image016-300x169.png\" alt=\"\" width=\"300\" height=\"169\" srcset=\"https:\/\/asianfilmfestival.barcelona\/2025\/wp-content\/uploads\/2026\/04\/image016-300x169.png 300w, https:\/\/asianfilmfestival.barcelona\/2025\/wp-content\/uploads\/2026\/04\/image016-768x433.png 768w, https:\/\/asianfilmfestival.barcelona\/2025\/wp-content\/uploads\/2026\/04\/image016-845x480.png 845w, https:\/\/asianfilmfestival.barcelona\/2025\/wp-content\/uploads\/2026\/04\/image016-705x397.png 705w, https:\/\/asianfilmfestival.barcelona\/2025\/wp-content\/uploads\/2026\/04\/image016.png 852w\" sizes=\"auto, (max-width: 300px) 100vw, 300px\" \/> <img loading=\"lazy\" decoding=\"async\" class=\"alignnone size-medium wp-image-61456\" src=\"https:\/\/asianfilmfestival.barcelona\/2025\/wp-content\/uploads\/2026\/04\/image017-300x169.png\" alt=\"\" width=\"300\" height=\"169\" srcset=\"https:\/\/asianfilmfestival.barcelona\/2025\/wp-content\/uploads\/2026\/04\/image017-300x169.png 300w, https:\/\/asianfilmfestival.barcelona\/2025\/wp-content\/uploads\/2026\/04\/image017-768x433.png 768w, https:\/\/asianfilmfestival.barcelona\/2025\/wp-content\/uploads\/2026\/04\/image017-845x480.png 845w, https:\/\/asianfilmfestival.barcelona\/2025\/wp-content\/uploads\/2026\/04\/image017-705x397.png 705w, https:\/\/asianfilmfestival.barcelona\/2025\/wp-content\/uploads\/2026\/04\/image017.png 852w\" sizes=\"auto, (max-width: 300px) 100vw, 300px\" \/> <img loading=\"lazy\" decoding=\"async\" class=\"alignnone size-medium wp-image-61459\" src=\"https:\/\/asianfilmfestival.barcelona\/2025\/wp-content\/uploads\/2026\/04\/image018-300x169.png\" alt=\"\" width=\"300\" height=\"169\" srcset=\"https:\/\/asianfilmfestival.barcelona\/2025\/wp-content\/uploads\/2026\/04\/image018-300x169.png 300w, https:\/\/asianfilmfestival.barcelona\/2025\/wp-content\/uploads\/2026\/04\/image018-768x432.png 768w, https:\/\/asianfilmfestival.barcelona\/2025\/wp-content\/uploads\/2026\/04\/image018-845x478.png 845w, https:\/\/asianfilmfestival.barcelona\/2025\/wp-content\/uploads\/2026\/04\/image018-705x396.png 705w, https:\/\/asianfilmfestival.barcelona\/2025\/wp-content\/uploads\/2026\/04\/image018.png 850w\" sizes=\"auto, (max-width: 300px) 100vw, 300px\" \/><\/p>\n<p><em><strong><span class=\"TextRun MacChromeBold SCXW75754334 BCX0\" lang=\"ES-ES\" xml:lang=\"ES-ES\" data-contrast=\"auto\"><span class=\"NormalTextRun SCXW75754334 BCX0\">Deserts<\/span><\/span><\/strong><\/em><span class=\"TextRun SCXW75754334 BCX0\" lang=\"ES-ES\" xml:lang=\"ES-ES\" data-contrast=\"auto\"><span class=\"NormalTextRun SCXW75754334 BCX0\">\u00a0<\/span><span class=\"NormalTextRun SCXW75754334 BCX0\">(2024)<\/span><span class=\"NormalTextRun SCXW75754334 BCX0\">\u00a0<\/span><\/span><span class=\"TextRun SCXW75754334 BCX0\" lang=\"ES-ES\" xml:lang=\"ES-ES\" data-contrast=\"none\"><span class=\"NormalTextRun ContextualSpellingAndGrammarErrorV2Themed SCXW75754334 BCX0\">|\u00a0<\/span><\/span><span class=\"TextRun SCXW75754334 BCX0\" lang=\"ES-ES\" xml:lang=\"ES-ES\" data-contrast=\"auto\"><span class=\"NormalTextRun ContextualSpellingAndGrammarErrorV2Themed SCXW75754334 BCX0\">\u00a0<\/span><span class=\"NormalTextRun ContextualSpellingAndGrammarErrorV2Themed SCXW75754334 BCX0\">Pel\u00edcula<\/span><span class=\"NormalTextRun SCXW75754334 BCX0\">,\u00a0<\/span><span class=\"NormalTextRun SCXW75754334 BCX0\">24\u2019 41\u2019\u2019<\/span><\/span><\/p>\n<\/div><\/section>\n","protected":false},"excerpt":{"rendered":"","protected":false},"author":9,"featured_media":61406,"comment_status":"closed","ping_status":"open","sticky":false,"template":"","format":"standard","meta":{"_acf_changed":false,"footnotes":""},"categories":[32],"tags":[],"class_list":["post-61405","post","type-post","status-publish","format-standard","has-post-thumbnail","hentry","category-noticias"],"acf":[],"_links":{"self":[{"href":"https:\/\/asianfilmfestival.barcelona\/2025\/es\/wp-json\/wp\/v2\/posts\/61405","targetHints":{"allow":["GET"]}}],"collection":[{"href":"https:\/\/asianfilmfestival.barcelona\/2025\/es\/wp-json\/wp\/v2\/posts"}],"about":[{"href":"https:\/\/asianfilmfestival.barcelona\/2025\/es\/wp-json\/wp\/v2\/types\/post"}],"author":[{"embeddable":true,"href":"https:\/\/asianfilmfestival.barcelona\/2025\/es\/wp-json\/wp\/v2\/users\/9"}],"replies":[{"embeddable":true,"href":"https:\/\/asianfilmfestival.barcelona\/2025\/es\/wp-json\/wp\/v2\/comments?post=61405"}],"version-history":[{"count":7,"href":"https:\/\/asianfilmfestival.barcelona\/2025\/es\/wp-json\/wp\/v2\/posts\/61405\/revisions"}],"predecessor-version":[{"id":61476,"href":"https:\/\/asianfilmfestival.barcelona\/2025\/es\/wp-json\/wp\/v2\/posts\/61405\/revisions\/61476"}],"wp:featuredmedia":[{"embeddable":true,"href":"https:\/\/asianfilmfestival.barcelona\/2025\/es\/wp-json\/wp\/v2\/media\/61406"}],"wp:attachment":[{"href":"https:\/\/asianfilmfestival.barcelona\/2025\/es\/wp-json\/wp\/v2\/media?parent=61405"}],"wp:term":[{"taxonomy":"category","embeddable":true,"href":"https:\/\/asianfilmfestival.barcelona\/2025\/es\/wp-json\/wp\/v2\/categories?post=61405"},{"taxonomy":"post_tag","embeddable":true,"href":"https:\/\/asianfilmfestival.barcelona\/2025\/es\/wp-json\/wp\/v2\/tags?post=61405"}],"curies":[{"name":"wp","href":"https:\/\/api.w.org\/{rel}","templated":true}]}}