{"id":61383,"date":"2026-04-20T12:56:02","date_gmt":"2026-04-20T10:56:02","guid":{"rendered":"https:\/\/asianfilmfestival.barcelona\/2025\/nuevas-miradas-de-cine-asiatico-4-2-2\/"},"modified":"2026-04-20T13:24:22","modified_gmt":"2026-04-20T11:24:22","slug":"nuevas-miradas-de-cine-asiatico-4-2-2","status":"publish","type":"post","link":"https:\/\/asianfilmfestival.barcelona\/2025\/ca\/nuevas-miradas-de-cine-asiatico-4-2-2\/","title":{"rendered":"EL NOU CINEMA ASI\u00c0TIC &#8211; INDIAINDIE"},"content":{"rendered":"\n<style type=\"text\/css\" data-created_by=\"avia_inline_auto\" id=\"style-css-av-mkdtwnyw-77a2a7b3f8c9dd8974e3fe45d7143351\">\n.avia-image-container.av-mkdtwnyw-77a2a7b3f8c9dd8974e3fe45d7143351 img.avia_image{\nbox-shadow:none;\n}\n.avia-image-container.av-mkdtwnyw-77a2a7b3f8c9dd8974e3fe45d7143351 .av-image-caption-overlay-center{\ncolor:#ffffff;\n}\n<\/style>\n<div  class='avia-image-container av-mkdtwnyw-77a2a7b3f8c9dd8974e3fe45d7143351 av-styling- avia-align-center  avia-builder-el-0  el_before_av_heading  avia-builder-el-first '  ><div class=\"avia-image-container-inner\"><div class=\"avia-image-overlay-wrap\"><img decoding=\"async\" fetchpriority=\"high\" class='wp-image-61378 avia-img-lazy-loading-not-61378 avia_image ' src=\"https:\/\/asianfilmfestival.barcelona\/2025\/wp-content\/uploads\/2026\/04\/India-VICTORIA-2-1-300x159.jpg\" alt='' title='India VICTORIA (2) (1)'  height=\"159\" width=\"300\" srcset=\"https:\/\/asianfilmfestival.barcelona\/2025\/wp-content\/uploads\/2026\/04\/India-VICTORIA-2-1-300x159.jpg 300w, https:\/\/asianfilmfestival.barcelona\/2025\/wp-content\/uploads\/2026\/04\/India-VICTORIA-2-1-1030x545.jpg 1030w, https:\/\/asianfilmfestival.barcelona\/2025\/wp-content\/uploads\/2026\/04\/India-VICTORIA-2-1-768x406.jpg 768w, https:\/\/asianfilmfestival.barcelona\/2025\/wp-content\/uploads\/2026\/04\/India-VICTORIA-2-1-1536x812.jpg 1536w, https:\/\/asianfilmfestival.barcelona\/2025\/wp-content\/uploads\/2026\/04\/India-VICTORIA-2-1-2048x1083.jpg 2048w, https:\/\/asianfilmfestival.barcelona\/2025\/wp-content\/uploads\/2026\/04\/India-VICTORIA-2-1-1500x793.jpg 1500w, https:\/\/asianfilmfestival.barcelona\/2025\/wp-content\/uploads\/2026\/04\/India-VICTORIA-2-1-710x375.jpg 710w, https:\/\/asianfilmfestival.barcelona\/2025\/wp-content\/uploads\/2026\/04\/India-VICTORIA-2-1-705x373.jpg 705w\" sizes=\"(max-width: 300px) 100vw, 300px\" \/><\/div><\/div><\/div>\n\n<style type=\"text\/css\" data-created_by=\"avia_inline_auto\" id=\"style-css-av-mkdtxgj5-c2908a1519d5d565a58f05a1d7626c51\">\n#top .av-special-heading.av-mkdtxgj5-c2908a1519d5d565a58f05a1d7626c51{\npadding-bottom:10px;\n}\nbody .av-special-heading.av-mkdtxgj5-c2908a1519d5d565a58f05a1d7626c51 .av-special-heading-tag .heading-char{\nfont-size:25px;\n}\n.av-special-heading.av-mkdtxgj5-c2908a1519d5d565a58f05a1d7626c51 .av-subheading{\nfont-size:15px;\n}\n<\/style>\n<div  class='av-special-heading av-mkdtxgj5-c2908a1519d5d565a58f05a1d7626c51 av-special-heading-h3 blockquote modern-quote modern-centered  avia-builder-el-1  el_after_av_image  el_before_av_textblock '><h3 class='av-special-heading-tag '  >El nou cinema asi\u00e0tic IndiaIndie<\/h3><div class='av-subheading av-subheading_below'><p>Del 2 al 23 de maig de 2026<\/p>\n<\/div><div class=\"special-heading-border\"><div class=\"special-heading-inner-border\"><\/div><\/div><\/div>\n\n<style type=\"text\/css\" data-created_by=\"avia_inline_auto\" id=\"style-css-av-mkdua8lh-021d5e34f14a16fa737dd201174b69c0\">\n#top .av_textblock_section.av-mkdua8lh-021d5e34f14a16fa737dd201174b69c0 .avia_textblock{\ntext-align:justify;\n}\n<\/style>\n<section  class='av_textblock_section av-mkdua8lh-021d5e34f14a16fa737dd201174b69c0 '  ><div class='avia_textblock' ><p>La proposta que presentem per al mes de maig a CINEMES GIRONA compr\u00e8n quatre t\u00edtols, provinents de l&#8217;\u00cdndia, <strong>Victoria, Alaav, Shadowbox<\/strong> i <strong>Humans in the Loop<\/strong>, coincideixen amb el cinema m\u00e9s recent que ens arriba de l&#8217;\u00cdndia. Aquestes pel\u00b7l\u00edcules formen part de la mostra IndiaIndie, produ\u00efda per Casa de l&#8217;\u00cdndia i comissariada per Bina Paul, que posa un \u00e8mfasi especial en el cinema d&#8217;autor m\u00e9s independent, tant en hindi com en altres lleng\u00fces regionals de l&#8217;\u00cdndia. En contrast amb la ind\u00fastria de Bollywood, el g\u00e8nere cinematogr\u00e0fic m\u00e9s popular i influent de l&#8217;\u00cdndia i pel qual el cinema d&#8217;aquest pa\u00eds ha estat m\u00e9s conegut, \u00e9s important brindar no nom\u00e9s una nova imatge de pa\u00eds tenint en compte la diversitat cultural i social existent, sin\u00f3 tamb\u00e9 les noves tend\u00e8ncies que es perceben en els diferents llenguatges i g\u00e8neres.<\/p>\n<\/div><\/section>\n<div  class='hr av-6lvyy8-934f5fa0140f28d496ef1e7dd4b70982 hr-default  avia-builder-el-3  el_after_av_textblock  el_before_av_textblock '><span class='hr-inner '><span class=\"hr-inner-style\"><\/span><\/span><\/div>\n\n<style type=\"text\/css\" data-created_by=\"avia_inline_auto\" id=\"style-css-av-mkdul7sz-7ab272efa5e2d1d53030cc75a0800e18\">\n#top .av_textblock_section.av-mkdul7sz-7ab272efa5e2d1d53030cc75a0800e18 .avia_textblock{\ntext-align:justify;\n}\n<\/style>\n<section  class='av_textblock_section av-mkdul7sz-7ab272efa5e2d1d53030cc75a0800e18 '  ><div class='avia_textblock' ><p><strong>PROGRAMACI\u00d3<\/strong><\/p>\n<p data-ccp-border-bottom=\"0px none #000000\" data-ccp-padding-bottom=\"0px\" data-ccp-border-between=\"0px none #000000\" data-ccp-padding-between=\"0px\"><span style=\"color: #ff0000;\">Dissabte 2 de maig de 2026, a les 20h<\/span><\/p>\n<p data-ccp-border-bottom=\"0px none #000000\" data-ccp-padding-bottom=\"0px\" data-ccp-border-between=\"0px none #000000\" data-ccp-padding-between=\"0px\"><b><span data-contrast=\"auto\">Victoria<\/span><\/b><span data-contrast=\"auto\"> | \u00cdndia | Dir: <span class=\"TextRun SCXW192764074 BCX0\" lang=\"ES-ES\" xml:lang=\"ES-ES\" data-contrast=\"auto\"><span class=\"NormalTextRun SpellingErrorV2Themed SCXW192764074 BCX0\">Sivaranjini J<\/span><\/span> | 2024 | 81\u2019 | VOSE | Drama <\/span><span data-ccp-props=\"{\">\u00a0<\/span><img loading=\"lazy\" decoding=\"async\" class=\"wp-image-61176 size-medium alignright\" src=\"https:\/\/asianfilmfestival.barcelona\/2025\/wp-content\/uploads\/2026\/03\/MV5BZDg0NTIzYWMtNDhlMy00MDIyLWIzOTEtNTk1ZGRhY2IyZGFmXkEyXkFqcGc@._V1_FMjpg_UX2160_-300x193.jpg\" alt=\"\" width=\"300\" height=\"193\" srcset=\"https:\/\/asianfilmfestival.barcelona\/2025\/wp-content\/uploads\/2026\/03\/MV5BZDg0NTIzYWMtNDhlMy00MDIyLWIzOTEtNTk1ZGRhY2IyZGFmXkEyXkFqcGc@._V1_FMjpg_UX2160_-300x193.jpg 300w, https:\/\/asianfilmfestival.barcelona\/2025\/wp-content\/uploads\/2026\/03\/MV5BZDg0NTIzYWMtNDhlMy00MDIyLWIzOTEtNTk1ZGRhY2IyZGFmXkEyXkFqcGc@._V1_FMjpg_UX2160_-1030x662.jpg 1030w, https:\/\/asianfilmfestival.barcelona\/2025\/wp-content\/uploads\/2026\/03\/MV5BZDg0NTIzYWMtNDhlMy00MDIyLWIzOTEtNTk1ZGRhY2IyZGFmXkEyXkFqcGc@._V1_FMjpg_UX2160_-768x494.jpg 768w, https:\/\/asianfilmfestival.barcelona\/2025\/wp-content\/uploads\/2026\/03\/MV5BZDg0NTIzYWMtNDhlMy00MDIyLWIzOTEtNTk1ZGRhY2IyZGFmXkEyXkFqcGc@._V1_FMjpg_UX2160_-1536x988.jpg 1536w, https:\/\/asianfilmfestival.barcelona\/2025\/wp-content\/uploads\/2026\/03\/MV5BZDg0NTIzYWMtNDhlMy00MDIyLWIzOTEtNTk1ZGRhY2IyZGFmXkEyXkFqcGc@._V1_FMjpg_UX2160_-2048x1317.jpg 2048w, https:\/\/asianfilmfestival.barcelona\/2025\/wp-content\/uploads\/2026\/03\/MV5BZDg0NTIzYWMtNDhlMy00MDIyLWIzOTEtNTk1ZGRhY2IyZGFmXkEyXkFqcGc@._V1_FMjpg_UX2160_-1500x965.jpg 1500w, https:\/\/asianfilmfestival.barcelona\/2025\/wp-content\/uploads\/2026\/03\/MV5BZDg0NTIzYWMtNDhlMy00MDIyLWIzOTEtNTk1ZGRhY2IyZGFmXkEyXkFqcGc@._V1_FMjpg_UX2160_-705x453.jpg 705w\" sizes=\"auto, (max-width: 300px) 100vw, 300px\" \/><\/p>\n<p data-ccp-border-bottom=\"0px none #000000\" data-ccp-padding-bottom=\"0px\" data-ccp-border-between=\"0px none #000000\" data-ccp-padding-between=\"0px\">Victoria, una esteticista d&#8217;un petit poble, desafia la seva fam\u00edlia cat\u00f2lica fugint amb el seu xicot hind\u00fa. La seva vida es complica encara m\u00e9s quan rep d&#8217;un ve\u00ed un gall destinat a fins religiosos. Mentre fa front a les travesures del gall, clients inesperats i la incertesa del seu xicot, Victoria es troba amb emocions contradict\u00f2ries que la condueixen a un dia d&#8217;intenses revelacions tant personals com espirituals.<\/p>\n<p data-ccp-border-bottom=\"0px none #000000\" data-ccp-padding-bottom=\"0px\" data-ccp-border-between=\"0px none #000000\" data-ccp-padding-between=\"0px\"><strong>Sivaranjini J<\/strong> \u00e9s una directora \u00edndia doctorada en disseny de la comunicaci\u00f3 i graduada en m\u00e0ster en Comunicaci\u00f3 en v\u00eddeo i cinema pel National Institute of Design (NID). Amb experi\u00e8ncia en el m\u00f3n dels curtmetratges amb obres com <strong>Ritham<\/strong> (2016) i <strong>Kalyani<\/strong> (2014), aquesta pel\u00b7l\u00edcula marca el seu debut en largmetratge, en el qual s&#8217;encarrega de l&#8217;escriptura, la direcci\u00f3 i l&#8217;edici\u00f3.<\/p>\n<p data-ccp-border-bottom=\"0px none #000000\" data-ccp-padding-bottom=\"0px\" data-ccp-border-between=\"0px none #000000\" data-ccp-padding-between=\"0px\"><span style=\"color: #ff0000;\">Dissabte 9 de maig de 2026 a les 20h<\/span><\/p>\n<p data-ccp-border-bottom=\"0px none #000000\" data-ccp-padding-bottom=\"0px\" data-ccp-border-between=\"0px none #000000\" data-ccp-padding-between=\"0px\"><span data-contrast=\"auto\"><strong><span class=\"NormalTextRun SpellingErrorV2Themed SCXW34553353 BCX0\">Aalav<\/span><span class=\"NormalTextRun SCXW34553353 BCX0\">\u00a0<\/span><\/strong> | \u00cdndia | Dir: <span class=\"NormalTextRun SpellingErrorV2Themed SCXW34553353 BCX0\">Prabhash<\/span><span class=\"NormalTextRun SCXW34553353 BCX0\">\u00a0<\/span><span class=\"NormalTextRun SpellingErrorV2Themed SCXW34553353 BCX0\">Chandra<\/span> | 2022 | 123\u2019 | VOSE | Drama <\/span><span data-ccp-props=\"{\">\u00a0<\/span><\/p>\n<p data-ccp-border-bottom=\"0px none #000000\" data-ccp-padding-bottom=\"0px\" data-ccp-border-between=\"0px none #000000\" data-ccp-padding-between=\"0px\"><img loading=\"lazy\" decoding=\"async\" class=\"wp-image-61186 size-medium alignleft\" src=\"https:\/\/asianfilmfestival.barcelona\/2025\/wp-content\/uploads\/2026\/03\/ALAAV-IMAGE-4_1.1.1-300x169.jpg\" alt=\"\" width=\"300\" height=\"169\" srcset=\"https:\/\/asianfilmfestival.barcelona\/2025\/wp-content\/uploads\/2026\/03\/ALAAV-IMAGE-4_1.1.1-300x169.jpg 300w, https:\/\/asianfilmfestival.barcelona\/2025\/wp-content\/uploads\/2026\/03\/ALAAV-IMAGE-4_1.1.1-1030x579.jpg 1030w, https:\/\/asianfilmfestival.barcelona\/2025\/wp-content\/uploads\/2026\/03\/ALAAV-IMAGE-4_1.1.1-768x432.jpg 768w, https:\/\/asianfilmfestival.barcelona\/2025\/wp-content\/uploads\/2026\/03\/ALAAV-IMAGE-4_1.1.1-705x397.jpg 705w, https:\/\/asianfilmfestival.barcelona\/2025\/wp-content\/uploads\/2026\/03\/ALAAV-IMAGE-4_1.1.1.jpg 1200w\" sizes=\"auto, (max-width: 300px) 100vw, 300px\" \/>\u00c9s la hist\u00f2ria de Bhaveen Gossain, un fill de 63 anys que cuida de la seva mare malalta, Savitri, de 95 anys, en la seva casa situada en un tranquil suburbi de Nova Delhi. Bhaveen rarament surt de casa, ja que est\u00e0 completament dedicat a cuidar de la seva mare. Des que es desperta fins que es va al llit per la nit, Bhaveen \u00e9s l&#8217;\u00fanic cuidador de Savitri.<\/p>\n<p data-ccp-border-bottom=\"0px none #000000\" data-ccp-padding-bottom=\"0px\" data-ccp-border-between=\"0px none #000000\" data-ccp-padding-between=\"0px\"><strong>Prabhash Chandra<\/strong> \u00e9s un director indi que va consolidar el seu lloc a la ind\u00fastria amb el seu largmetratge <strong>I&#8217;m Not the River Jhelum<\/strong> (2022), que va ser aclamat per la cr\u00edtica, asegurant amb aix\u00f2 el premi a millor director debutant de l&#8217;\u00cdndia als premis Mohanan. La seva est\u00e8tica minimalista i aut\u00e8ntica \u00e9s acompanyada per narratives po\u00e8tiques i introspectives que incentiven la reflexi\u00f3 sobre l&#8217;exist\u00e8ncia i els ef\u00edmers moments d&#8217;aquesta. A m\u00e9s, Prabhash ha assegurat la seva influ\u00e8ncia en el cinema de la regi\u00f3 a trav\u00e9s de la seva feina com a docent, realitzant tallers i xerrades amb les quals inspirar la propera generaci\u00f3 de cineastes.<\/p>\n<p data-ccp-border-bottom=\"0px none #000000\" data-ccp-padding-bottom=\"0px\" data-ccp-border-between=\"0px none #000000\" data-ccp-padding-between=\"0px\"><span style=\"color: #ff0000;\">S\u00e1bado 16 de mayo de 2026 a les 20h\u00a0<\/span><\/p>\n<p data-ccp-border-bottom=\"0px none #000000\" data-ccp-padding-bottom=\"0px\" data-ccp-border-between=\"0px none #000000\" data-ccp-padding-between=\"0px\"><span data-contrast=\"auto\"><strong><span class=\"TextRun MacChromeBold SCXW219300986 BCX0\" lang=\"ES-ES\" xml:lang=\"ES-ES\" data-contrast=\"auto\"><span class=\"NormalTextRun SCXW219300986 BCX0\">Shadowbox<\/span><\/span><\/strong> | \u00cdndia | Dir: <span class=\"NormalTextRun SpellingErrorV2Themed SCXW139696282 BCX0\">Tanushree<\/span><span class=\"NormalTextRun SCXW139696282 BCX0\">\u00a0Das,\u00a0<\/span><span class=\"NormalTextRun SpellingErrorV2Themed SCXW139696282 BCX0\">Saumyananda<\/span><span class=\"NormalTextRun SCXW139696282 BCX0\">\u00a0<\/span><span class=\"NormalTextRun SpellingErrorV2Themed SCXW139696282 BCX0\">Sahi<\/span> | 2024 | 93\u2019 | VOSE | Drama <\/span><span data-ccp-props=\"{\">\u00a0<\/span><\/p>\n<p data-ccp-border-bottom=\"0px none #000000\" data-ccp-padding-bottom=\"0px\" data-ccp-border-between=\"0px none #000000\" data-ccp-padding-between=\"0px\"><img loading=\"lazy\" decoding=\"async\" class=\"wp-image-61196 size-medium alignright\" src=\"https:\/\/asianfilmfestival.barcelona\/2025\/wp-content\/uploads\/2026\/03\/Shadowbox_54aa93-300x200.webp\" alt=\"\" width=\"300\" height=\"200\" srcset=\"https:\/\/asianfilmfestival.barcelona\/2025\/wp-content\/uploads\/2026\/03\/Shadowbox_54aa93-300x200.webp 300w, https:\/\/asianfilmfestival.barcelona\/2025\/wp-content\/uploads\/2026\/03\/Shadowbox_54aa93-768x512.webp 768w, https:\/\/asianfilmfestival.barcelona\/2025\/wp-content\/uploads\/2026\/03\/Shadowbox_54aa93-705x470.webp 705w, https:\/\/asianfilmfestival.barcelona\/2025\/wp-content\/uploads\/2026\/03\/Shadowbox_54aa93.webp 1000w\" sizes=\"auto, (max-width: 300px) 100vw, 300px\" \/>El m\u00f3n d&#8217;una dona es desfet quan el seu marit, veter\u00e0 de guerra, queda embolicat en un cas d&#8217;assassinat. Mentre lluita contra el seu trastorn d&#8217;estr\u00e8s posttraum\u00e0tic i les sospites creixents al seu voltant, ella i el seu fill prenen mesures dr\u00e0stiques per evitar que la seva fam\u00edlia es desintegri.<\/p>\n<p data-ccp-border-bottom=\"0px none #000000\" data-ccp-padding-bottom=\"0px\" data-ccp-border-between=\"0px none #000000\" data-ccp-padding-between=\"0px\"><strong>Tanushree Das<\/strong> (1980) \u00e9s una directora i actriu teatral \u00edndia graduada en edici\u00f3 pel Film and Television Institute of India. El seu treball com a editora ha estat presentat en festivals arreu del m\u00f3n, i ara presenta el seu debut com a directora en aquest largmetratge.<\/p>\n<p data-ccp-border-bottom=\"0px none #000000\" data-ccp-padding-bottom=\"0px\" data-ccp-border-between=\"0px none #000000\" data-ccp-padding-between=\"0px\"><strong>Saumyananda Sahi<\/strong> (1986) \u00e9s un director indi especialitzat en direcci\u00f3 de fotografia que va estudiar juntament amb Tanushree al Film and Television Institute of India, directora amb qui acabaria fundant la productora Skreen Films. Amb anys d&#8217;experi\u00e8ncia en els departaments d&#8217;edici\u00f3 i fotografia, aquest duo s&#8217;uneix per co-dirigir <strong>Shadowbox<\/strong>.<\/p>\n<p data-ccp-border-bottom=\"0px none #000000\" data-ccp-padding-bottom=\"0px\" data-ccp-border-between=\"0px none #000000\" data-ccp-padding-between=\"0px\"><span style=\"color: #ff0000;\"><span class=\"NormalTextRun SCXW250688216 BCX0\">Dissabte 23 de maig a les 20h<\/span><\/span><\/p>\n<p data-ccp-border-bottom=\"0px none #000000\" data-ccp-padding-bottom=\"0px\" data-ccp-border-between=\"0px none #000000\" data-ccp-padding-between=\"0px\"><b><span data-contrast=\"auto\">Humans in the Loop<\/span><\/b><b><i><span data-contrast=\"auto\">\u00a0<\/span><\/i><\/b><span data-contrast=\"auto\">| \u00cdndia | Dir: <span class=\"TextRun SCXW168366100 BCX0\" lang=\"EN-US\" xml:lang=\"EN-US\" data-contrast=\"none\"><span class=\"NormalTextRun SCXW168366100 BCX0\">Aranya Sahay<\/span><\/span>\u00a0| 2024 | 74\u2019 | VOSE | Drama<\/span><span data-ccp-props=\"{\">\u00a0<\/span><\/p>\n<p><img loading=\"lazy\" decoding=\"async\" class=\"wp-image-61300 size-medium alignleft\" src=\"https:\/\/asianfilmfestival.barcelona\/2025\/wp-content\/uploads\/2026\/03\/India-HUMANS-IN-THE-LOOP-3-300x194.jpg\" alt=\"\" width=\"300\" height=\"194\" srcset=\"https:\/\/asianfilmfestival.barcelona\/2025\/wp-content\/uploads\/2026\/03\/India-HUMANS-IN-THE-LOOP-3-300x194.jpg 300w, https:\/\/asianfilmfestival.barcelona\/2025\/wp-content\/uploads\/2026\/03\/India-HUMANS-IN-THE-LOOP-3-1030x664.jpg 1030w, https:\/\/asianfilmfestival.barcelona\/2025\/wp-content\/uploads\/2026\/03\/India-HUMANS-IN-THE-LOOP-3-768x495.jpg 768w, https:\/\/asianfilmfestival.barcelona\/2025\/wp-content\/uploads\/2026\/03\/India-HUMANS-IN-THE-LOOP-3-705x455.jpg 705w, https:\/\/asianfilmfestival.barcelona\/2025\/wp-content\/uploads\/2026\/03\/India-HUMANS-IN-THE-LOOP-3.jpg 1200w\" sizes=\"auto, (max-width: 300px) 100vw, 300px\" \/><\/p>\n<p data-ccp-border-bottom=\"0px none #000000\" data-ccp-padding-bottom=\"0px\" data-ccp-border-between=\"0px none #000000\" data-ccp-padding-between=\"0px\">Aquesta pel\u00b7l\u00edcula retrata Nehma, una dona d\u2019una comunitat tribal que torna al seu poble de Jharkhand despr\u00e9s de divorciar-se, acompanyada dels seus fills. Per mantenir la seva fam\u00edlia, es converteix en anotadora de dades, un treball que reflecteix la participaci\u00f3 real de moltes dones adivasi a la florent ind\u00fastria de la intel\u00b7lig\u00e8ncia artificial de l&#8217;\u00cdndia. La pel\u00b7l\u00edcula tracta el tema de les intel\u00b7lig\u00e8ncies artificials no nom\u00e9s des d&#8217;un punt filos\u00f2fic i abstracte, sin\u00f3 tamb\u00e9 des d&#8217;una perspectiva molt assentada en la realitat que viu la protagonista, afrontant tamb\u00e9 problemes actuals com el colonialisme digital o el tracte de les dones als sectors tecnol\u00f2gics.<\/p>\n<p data-ccp-border-bottom=\"0px none #000000\" data-ccp-padding-bottom=\"0px\" data-ccp-border-between=\"0px none #000000\" data-ccp-padding-between=\"0px\"><strong>Aranya Sahay<\/strong> \u00e9s un cineasta indi graduat en direcci\u00f3 cinematogr\u00e0fica pel Film and Television Institute of India a Pune. Havent dirigit cinc curtmetratges que s&#8217;han projectat a festivals com el Mumbai International Film Festival, ara presenta una pel\u00b7l\u00edcula dedicada a l&#8217;auge de la IA i el biaix d&#8217;aquesta, la qual perp\u00e8tua els prejudicis dels humans que l&#8217;alimenten amb contingut. Sent inspirat per l&#8217;article de Karishma Mehrotra del 2022 Human Touch, el director va investigar les relacions entre la tradici\u00f3, la tecnologia, les societats orientals i les societats occidentals, i com aquestes es perpetuen a trav\u00e9s dels nous corrents tecnol\u00f2gics com la IA.<\/p>\n<\/div><\/section>\n<div  class='avia-icon-list-container av-mkdv4834-3052986a87c2859a14f0fac1b3e9736f  avia-builder-el-5  el_after_av_textblock  el_before_av_partner '><ul class='avia-icon-list avia_animate_when_almost_visible avia-icon-list-left av-iconlist-big av-mkdv4834-3052986a87c2859a14f0fac1b3e9736f avia-iconlist-animate'>\n<li><div class='iconlist_icon av-mkdv3dwd-e465ccd9b4c93c194548e9bdfba698dc avia-font-svg_entypo-fontello avia-svg-icon avia-font-svg_entypo-fontello'><span class='av-icon-char' data-av_svg_icon='calendar' data-av_iconset='svg_entypo-fontello'><svg version=\"1.1\" xmlns=\"http:\/\/www.w3.org\/2000\/svg\" width=\"29\" height=\"32\" viewBox=\"0 0 29 32\" preserveAspectRatio=\"xMidYMid meet\" aria-labelledby='av-svg-title-1' aria-describedby='av-svg-desc-1' role=\"graphics-symbol\" aria-hidden=\"true\">\n<title id='av-svg-title-1'>Calendar<\/title>\n<desc id='av-svg-desc-1'>Calendar<\/desc>\n<path d=\"M25.6 4.8q1.344 0 2.272 0.928t0.928 2.272v19.2q0 1.28-0.928 2.24t-2.272 0.96h-22.4q-1.28 0-2.24-0.96t-0.96-2.24v-19.2q0-1.344 0.96-2.272t2.24-0.928h1.472v3.2h5.12v-3.2h9.28v3.2h5.12v-3.2h1.408zM25.6 27.2v-12.8h-22.4v12.8h22.4zM8.32 1.6v5.44h-2.24v-5.44h2.24zM22.72 1.6v5.44h-2.24v-5.44h2.24z\"><\/path>\n<\/svg><\/span><\/div><article class=\"article-icon-entry av-iconlist-empty\" ><div class=\"iconlist_content_wrap\"><header class=\"entry-content-header\" aria-label=\"Icon: Cicle de cinema: Del 2 al 23 de maig de 2026, a les 20h.\u202f \"><h4 class='av_iconlist_title iconlist_title  ' >Cicle de cinema: Del 2 al 23 de maig de 2026, a les 20h.\u202f <\/h4><\/header><div class='iconlist_content ' ><\/div><\/div><footer class=\"entry-footer\"><\/footer><\/article><div class=\"iconlist-timeline\"><\/div><\/li>\n<li><div class='iconlist_icon av-mkdv3uq2-1f4de9e6f0830e2a5b13735b9da9e274 avia-font-svg_entypo-fontello avia-svg-icon avia-font-svg_entypo-fontello'><span class='av-icon-char' data-av_svg_icon='location' data-av_iconset='svg_entypo-fontello'><svg version=\"1.1\" xmlns=\"http:\/\/www.w3.org\/2000\/svg\" width=\"16\" height=\"32\" viewBox=\"0 0 16 32\" preserveAspectRatio=\"xMidYMid meet\" aria-labelledby='av-svg-title-2' aria-describedby='av-svg-desc-2' role=\"graphics-symbol\" aria-hidden=\"true\">\n<title id='av-svg-title-2'>Location<\/title>\n<desc id='av-svg-desc-2'>Location<\/desc>\n<path d=\"M8 3.2q3.328 0 5.664 2.336t2.336 5.664q0 3.392-1.984 7.776t-4.032 7.136l-1.984 2.688q-0.32-0.384-0.864-1.12t-1.92-2.848-2.432-4.16-1.92-4.704-0.864-4.768q0-3.328 2.336-5.664t5.664-2.336zM8 15.616q1.792 0 3.072-1.28t1.28-3.072-1.28-3.040-3.072-1.248-3.040 1.248-1.248 3.040 1.248 3.072 3.040 1.28z\"><\/path>\n<\/svg><\/span><\/div><article class=\"article-icon-entry av-iconlist-empty\" ><div class=\"iconlist_content_wrap\"><header class=\"entry-content-header\" aria-label=\"Icon: Cinemes Girona: C\/ Girona, 175, 08025 Barcelona.\u202f \"><h4 class='av_iconlist_title iconlist_title  ' >Cinemes Girona: C\/ Girona, 175, 08025 Barcelona.\u202f <\/h4><\/header><div class='iconlist_content ' ><\/div><\/div><footer class=\"entry-footer\"><\/footer><\/article><div class=\"iconlist-timeline\"><\/div><\/li>\n<li><div class='iconlist_icon av-mkdv4627-60635368271c194a994a0f2512c0e0cb avia-font-svg_entypo-fontello avia-svg-icon avia-font-svg_entypo-fontello'><span class='av-icon-char' data-av_svg_icon='ticket' data-av_iconset='svg_entypo-fontello'><svg version=\"1.1\" xmlns=\"http:\/\/www.w3.org\/2000\/svg\" width=\"30\" height=\"32\" viewBox=\"0 0 30 32\" preserveAspectRatio=\"xMidYMid meet\" aria-labelledby='av-svg-title-3' aria-describedby='av-svg-desc-3' role=\"graphics-symbol\" aria-hidden=\"true\">\n<title id='av-svg-title-3'>Ticket<\/title>\n<desc id='av-svg-desc-3'>Ticket<\/desc>\n<path d=\"M6.912 18.496l10.432-10.432 5.696 5.696-10.432 10.432zM29.632 10.688q0.448 0.448 0.448 1.152t-0.448 1.152l-17.6 17.6q-0.512 0.512-1.152 0.512t-1.152-0.512l-2.432-2.432q0.384-0.64 0.384-1.536 0-1.344-0.928-2.304t-2.272-0.96q-0.704 0-1.6 0.448l-2.368-2.432q-0.512-0.512-0.512-1.152t0.512-1.152l17.6-17.6q0.448-0.448 1.152-0.448t1.152 0.448l2.368 2.432q-0.384 0.704-0.384 1.536 0 1.344 0.96 2.272t2.304 0.928q0.832 0 1.536-0.384zM12.608 26.752l12.992-12.992-8.256-8.256-13.056 12.992z\"><\/path>\n<\/svg><\/span><\/div><article class=\"article-icon-entry av-iconlist-empty\" ><div class=\"iconlist_content_wrap\"><header class=\"entry-content-header\" aria-label=\"Icon: Preu de l\u2019entrada: 5,50\u20ac\u202f\u202f\u202f; Preu estudiants, abonats i socis dels Cinemes Girona: 4\u20ac\u202f \"><h4 class='av_iconlist_title iconlist_title  ' >Preu de l\u2019entrada: 5,50\u20ac\u202f\u202f\u202f; Preu estudiants, abonats i socis dels Cinemes Girona: 4\u20ac\u202f <\/h4><\/header><div class='iconlist_content ' ><\/div><\/div><footer class=\"entry-footer\"><\/footer><\/article><div class=\"iconlist-timeline\"><\/div><\/li>\n<li><div class='iconlist_icon av-mo72ulyz-f0f941c2d941f64e6482bb4988e4c286 avia-font-svg_entypo-fontello avia-svg-icon avia-font-svg_entypo-fontello'><span class='av-icon-char' data-av_svg_icon='info-circled' data-av_iconset='svg_entypo-fontello'><svg version=\"1.1\" xmlns=\"http:\/\/www.w3.org\/2000\/svg\" width=\"29\" height=\"32\" viewBox=\"0 0 29 32\" preserveAspectRatio=\"xMidYMid meet\" aria-labelledby='av-svg-title-4' aria-describedby='av-svg-desc-4' role=\"graphics-symbol\" aria-hidden=\"true\">\n<title id='av-svg-title-4'>Info-circled<\/title>\n<desc id='av-svg-desc-4'>Info-circled<\/desc>\n<path d=\"M14.528 1.28q6.080-0.064 10.432 4.16t4.48 10.304q0.064 6.080-4.192 10.464t-10.336 4.512q-6.080 0.064-10.464-4.192t-4.448-10.336q-0.128-6.080 4.16-10.464t10.368-4.448zM16.192 6.144q-1.344 0-2.080 0.768t-0.736 1.6q-0.064 0.896 0.48 1.408t1.568 0.512q1.216 0 1.952-0.704t0.736-1.728q0-1.856-1.92-1.856zM12.352 25.152q0.96 0 2.688-0.832t3.392-2.496l-0.576-0.768q-1.536 1.152-2.304 1.152-0.448 0-0.128-1.216l1.344-5.12q0.832-3.072-0.704-3.072-0.96 0-2.848 0.928t-3.68 2.4l0.512 0.832q1.664-1.088 2.368-1.088 0.384 0 0 1.088l-1.152 4.864q-0.832 3.328 1.088 3.328z\"><\/path>\n<\/svg><\/span><\/div><article class=\"article-icon-entry av-iconlist-empty\" ><div class=\"iconlist_content_wrap\"><header class=\"entry-content-header\" aria-label=\"Icon: *Aquesta programaci\u00f3 pot estar subjecta a canvis lleugers. Consulteu la cartellera del cinema. \"><h4 class='av_iconlist_title iconlist_title  ' >*Aquesta programaci\u00f3 pot estar subjecta a canvis lleugers. Consulteu la cartellera del cinema. <\/h4><\/header><div class='iconlist_content ' ><\/div><\/div><footer class=\"entry-footer\"><\/footer><\/article><div class=\"iconlist-timeline\"><\/div><\/li>\n<\/ul><\/div>\n\n<style type=\"text\/css\" data-created_by=\"avia_inline_auto\" id=\"style-css-av-mkdv6cst-83c2b9532efe1baf4b3b7d1342ac20bb\">\n.avia-logo-element-container.av-mkdv6cst-83c2b9532efe1baf4b3b7d1342ac20bb .av-partner-fake-img{\nbackground-size:cover;\n}\n<\/style>\n<div  class='avia-logo-element-container av-mkdv6cst-83c2b9532efe1baf4b3b7d1342ac20bb avia-logo-slider avia-content-slider avia-smallarrow-slider avia-content-slider-active noHover avia-content-slider-odd  avia-builder-el-6  el_after_av_iconlist  el_before_av_partner  av-slideshow-ui av-control-default av-nav-arrows-visible av-nav-dots-visible av-no-slider-navigation av-slideshow-manual av-loop-once av-loop-manual-endless avia-content-slider1' data-slideshow-options=\"{&quot;animation&quot;:&quot;slide&quot;,&quot;autoplay&quot;:false,&quot;loop_autoplay&quot;:&quot;once&quot;,&quot;interval&quot;:5,&quot;loop_manual&quot;:&quot;manual-endless&quot;,&quot;autoplay_stopper&quot;:false,&quot;noNavigation&quot;:false,&quot;bg_slider&quot;:false,&quot;keep_padding&quot;:&quot;&quot;,&quot;hoverpause&quot;:false,&quot;show_slide_delay&quot;:0}\"><div class='avia-smallarrow-slider-heading '><div class='new-special-heading'><h3 class='av-logo-special-heading-text '>Organitzen:<\/h3><\/div><\/div><div class=\"avia-content-slider-inner\"><div class=\"slide-entry-wrap\"><div  class='slide-entry av-pqz2i8-4fce00c0c9436baed06fa95eb86dd450 flex_column no_margin av_one_third real-thumbnail post-entry slide-entry-overview slide-loop-1 slide-parity-odd  first'><span class='av-partner-fake-img' style='padding-bottom:96.550264550265%; background-image:url(https:\/\/asianfilmfestival.barcelona\/2025\/wp-content\/uploads\/2024\/11\/CasaAsia2020_CMYK_Standard-1.jpg);'><\/span><\/div><div  class='slide-entry av-oaisov-a4a996bcec7a3b266959671d300849f0 flex_column no_margin av_one_third real-thumbnail post-entry slide-entry-overview slide-loop-2 slide-parity-even post-entry-last '><span class='av-partner-fake-img' style='padding-bottom:96.550264550265%; background-image:url(https:\/\/asianfilmfestival.barcelona\/2025\/wp-content\/uploads\/2024\/11\/cinemesgirona.jpg);'><\/span><\/div><\/div><\/div><\/div>\n\n<style type=\"text\/css\" data-created_by=\"avia_inline_auto\" id=\"style-css-av-mn4jquo3-7a411e3ed617558e967219c8c140429b\">\n.avia-logo-element-container.av-mn4jquo3-7a411e3ed617558e967219c8c140429b .av-partner-fake-img{\nbackground-size:cover;\n}\n<\/style>\n<div  class='avia-logo-element-container av-mn4jquo3-7a411e3ed617558e967219c8c140429b avia-logo-slider avia-content-slider avia-smallarrow-slider avia-content-slider-active noHover avia-content-slider-odd  avia-builder-el-7  el_after_av_partner  el_before_av_partner  av-slideshow-ui av-control-default av-nav-arrows-visible av-nav-dots-visible av-no-slider-navigation av-slideshow-manual av-loop-once av-loop-manual-endless avia-content-slider2' data-slideshow-options=\"{&quot;animation&quot;:&quot;slide&quot;,&quot;autoplay&quot;:false,&quot;loop_autoplay&quot;:&quot;once&quot;,&quot;interval&quot;:5,&quot;loop_manual&quot;:&quot;manual-endless&quot;,&quot;autoplay_stopper&quot;:false,&quot;noNavigation&quot;:false,&quot;bg_slider&quot;:false,&quot;keep_padding&quot;:&quot;&quot;,&quot;hoverpause&quot;:false,&quot;show_slide_delay&quot;:0}\"><div class='avia-smallarrow-slider-heading '><div class='new-special-heading'><h3 class='av-logo-special-heading-text '>Col\u00b7laboren:<\/h3><\/div><div class='avia-slideshow-arrows avia-slideshow-controls' ><a href='#prev' class='prev-slide  avia-svg-icon avia-font-svg_entypo-fontello' data-av_svg_icon='left-open-big' data-av_iconset='svg_entypo-fontello' tabindex='-1' title=\"Anterior\"><svg version=\"1.1\" xmlns=\"http:\/\/www.w3.org\/2000\/svg\" width=\"15\" height=\"32\" viewBox=\"0 0 15 32\" preserveAspectRatio=\"xMidYMid meet\" aria-labelledby='av-svg-title-5' aria-describedby='av-svg-desc-5' role=\"graphics-symbol\" aria-hidden=\"true\">\n<title id='av-svg-title-5'>Anterior<\/title>\n<desc id='av-svg-desc-5'>Anterior<\/desc>\n<path d=\"M14.464 27.84q0.832 0.832 0 1.536-0.832 0.832-1.536 0l-12.544-12.608q-0.768-0.768 0-1.6l12.544-12.608q0.704-0.832 1.536 0 0.832 0.704 0 1.536l-11.456 11.904z\"><\/path>\n<\/svg><span class='avia_hidden_link_text'>Anterior<\/span><\/a><a href='#next' class='next-slide  avia-svg-icon avia-font-svg_entypo-fontello' data-av_svg_icon='right-open-big' data-av_iconset='svg_entypo-fontello' tabindex='-1' title=\"Seg\u00fcent\"><svg version=\"1.1\" xmlns=\"http:\/\/www.w3.org\/2000\/svg\" width=\"15\" height=\"32\" viewBox=\"0 0 15 32\" preserveAspectRatio=\"xMidYMid meet\" aria-labelledby='av-svg-title-6' aria-describedby='av-svg-desc-6' role=\"graphics-symbol\" aria-hidden=\"true\">\n<title id='av-svg-title-6'>Seg\u00fcent<\/title>\n<desc id='av-svg-desc-6'>Seg\u00fcent<\/desc>\n<path d=\"M0.416 27.84l11.456-11.84-11.456-11.904q-0.832-0.832 0-1.536 0.832-0.832 1.536 0l12.544 12.608q0.768 0.832 0 1.6l-12.544 12.608q-0.704 0.832-1.536 0-0.832-0.704 0-1.536z\"><\/path>\n<\/svg><span class='avia_hidden_link_text'>Seg\u00fcent<\/span><\/a><\/div><\/div><div class=\"avia-content-slider-inner\"><div class=\"slide-entry-wrap\"><div  class='slide-entry av-2peqb4n-706399b1b6dbd0291fe6548d57e959e7 flex_column no_margin av_one_third real-thumbnail post-entry slide-entry-overview slide-loop-1 slide-parity-odd  first'><span class='av-partner-fake-img' style='padding-bottom:100%; background-image:url(https:\/\/asianfilmfestival.barcelona\/2025\/wp-content\/uploads\/2026\/03\/Logotipo-CASA-DE-LA-INDIA.png);'><\/span><\/div><div  class='slide-entry av-212vj3r-424fcea5f20d0fe8aed5674b3308ac96 flex_column no_margin av_one_third real-thumbnail post-entry slide-entry-overview slide-loop-2 slide-parity-even  '><span class='av-partner-fake-img' style='padding-bottom:100%; background-image:url(https:\/\/asianfilmfestival.barcelona\/2025\/wp-content\/uploads\/2026\/03\/Ministry_of_Information_and_Broadcasting.svg);'><\/span><\/div><div  class='slide-entry av-1jirm53-d7b81b004357cb54c8c87198fd30e55e flex_column no_margin av_one_third real-thumbnail post-entry slide-entry-overview slide-loop-3 slide-parity-odd  '><span class='av-partner-fake-img' style='padding-bottom:100%; background-image:url(https:\/\/asianfilmfestival.barcelona\/2025\/wp-content\/uploads\/2024\/10\/embajada-india.png);'><\/span><\/div><\/div><div class=\"slide-entry-wrap\"><div  class='slide-entry av-4mfys7-2261e1ef15ec64614264f12e391b3135 flex_column no_margin av_one_third real-thumbnail post-entry slide-entry-overview slide-loop-4 slide-parity-odd post-entry-last first'><span class='av-partner-fake-img' style='padding-bottom:100%; background-image:url(https:\/\/asianfilmfestival.barcelona\/2025\/wp-content\/uploads\/2026\/03\/SFCPPAL_WMTM_COLOR.png);'><\/span><\/div><\/div><\/div><\/div>\n\n<style type=\"text\/css\" data-created_by=\"avia_inline_auto\" id=\"style-css-av-mn4jrqg4-d0025de4ee203d9a193413a80b1e0865\">\n.avia-logo-element-container.av-mn4jrqg4-d0025de4ee203d9a193413a80b1e0865 .av-partner-fake-img{\nbackground-size:cover;\n}\n<\/style>\n<div  class='avia-logo-element-container av-mn4jrqg4-d0025de4ee203d9a193413a80b1e0865 avia-logo-slider avia-content-slider avia-smallarrow-slider avia-content-slider-active noHover avia-content-slider-odd  avia-builder-el-8  el_after_av_partner  avia-builder-el-last  av-slideshow-ui av-control-default av-nav-arrows-visible av-nav-dots-visible av-no-slider-navigation av-slideshow-manual av-loop-once av-loop-manual-endless avia-content-slider3' data-slideshow-options=\"{&quot;animation&quot;:&quot;slide&quot;,&quot;autoplay&quot;:false,&quot;loop_autoplay&quot;:&quot;once&quot;,&quot;interval&quot;:5,&quot;loop_manual&quot;:&quot;manual-endless&quot;,&quot;autoplay_stopper&quot;:false,&quot;noNavigation&quot;:false,&quot;bg_slider&quot;:false,&quot;keep_padding&quot;:&quot;&quot;,&quot;hoverpause&quot;:false,&quot;show_slide_delay&quot;:0}\"><div class='avia-smallarrow-slider-heading '><div class='new-special-heading'><h3 class='av-logo-special-heading-text '>En el marc de:<\/h3><\/div><\/div><div class=\"avia-content-slider-inner\"><div class=\"slide-entry-wrap\"><div  class='slide-entry av-pi3q0n-864aa1b9d64534629244a37eca7fc8c0 flex_column no_margin av_one_third real-thumbnail post-entry slide-entry-overview slide-loop-1 slide-parity-odd post-entry-last first'><span class='av-partner-fake-img' style='padding-bottom:86.274509803922%; background-image:url(https:\/\/asianfilmfestival.barcelona\/2025\/wp-content\/uploads\/2026\/03\/Logotipo-ANO-DUAL-ESPANA-INDIA.jpg);'><\/span><\/div><\/div><\/div><\/div>\n","protected":false},"excerpt":{"rendered":"","protected":false},"author":9,"featured_media":61378,"comment_status":"closed","ping_status":"open","sticky":false,"template":"","format":"standard","meta":{"_acf_changed":false,"footnotes":""},"categories":[33],"tags":[],"class_list":["post-61383","post","type-post","status-publish","format-standard","has-post-thumbnail","hentry","category-noticies"],"acf":[],"_links":{"self":[{"href":"https:\/\/asianfilmfestival.barcelona\/2025\/ca\/wp-json\/wp\/v2\/posts\/61383","targetHints":{"allow":["GET"]}}],"collection":[{"href":"https:\/\/asianfilmfestival.barcelona\/2025\/ca\/wp-json\/wp\/v2\/posts"}],"about":[{"href":"https:\/\/asianfilmfestival.barcelona\/2025\/ca\/wp-json\/wp\/v2\/types\/post"}],"author":[{"embeddable":true,"href":"https:\/\/asianfilmfestival.barcelona\/2025\/ca\/wp-json\/wp\/v2\/users\/9"}],"replies":[{"embeddable":true,"href":"https:\/\/asianfilmfestival.barcelona\/2025\/ca\/wp-json\/wp\/v2\/comments?post=61383"}],"version-history":[{"count":8,"href":"https:\/\/asianfilmfestival.barcelona\/2025\/ca\/wp-json\/wp\/v2\/posts\/61383\/revisions"}],"predecessor-version":[{"id":61400,"href":"https:\/\/asianfilmfestival.barcelona\/2025\/ca\/wp-json\/wp\/v2\/posts\/61383\/revisions\/61400"}],"wp:featuredmedia":[{"embeddable":true,"href":"https:\/\/asianfilmfestival.barcelona\/2025\/ca\/wp-json\/wp\/v2\/media\/61378"}],"wp:attachment":[{"href":"https:\/\/asianfilmfestival.barcelona\/2025\/ca\/wp-json\/wp\/v2\/media?parent=61383"}],"wp:term":[{"taxonomy":"category","embeddable":true,"href":"https:\/\/asianfilmfestival.barcelona\/2025\/ca\/wp-json\/wp\/v2\/categories?post=61383"},{"taxonomy":"post_tag","embeddable":true,"href":"https:\/\/asianfilmfestival.barcelona\/2025\/ca\/wp-json\/wp\/v2\/tags?post=61383"}],"curies":[{"name":"wp","href":"https:\/\/api.w.org\/{rel}","templated":true}]}}