{"id":61272,"date":"2026-04-14T11:39:12","date_gmt":"2026-04-14T09:39:12","guid":{"rendered":"https:\/\/asianfilmfestival.barcelona\/2025\/affbcn-2024-convocatoria-abierta-2\/"},"modified":"2026-04-15T12:01:27","modified_gmt":"2026-04-15T10:01:27","slug":"affbcn-2024-convocatoria-abierta-2","status":"publish","type":"post","link":"https:\/\/asianfilmfestival.barcelona\/2025\/ca\/affbcn-2024-convocatoria-abierta-2\/","title":{"rendered":"AFFBCN 2026: Convocat\u00f2ria Oberta"},"content":{"rendered":"\n<style type=\"text\/css\" data-created_by=\"avia_inline_auto\" id=\"style-css-av-luv47vgd-169f67005a3d40d3f05ce73d826486b2\">\n.avia-image-container.av-luv47vgd-169f67005a3d40d3f05ce73d826486b2 img.avia_image{\nbox-shadow:none;\n}\n.avia-image-container.av-luv47vgd-169f67005a3d40d3f05ce73d826486b2 .av-image-caption-overlay-center{\ncolor:#ffffff;\n}\n<\/style>\n<div  class='avia-image-container av-luv47vgd-169f67005a3d40d3f05ce73d826486b2 av-styling- avia-align-center  avia-builder-el-0  el_before_av_textblock  avia-builder-el-first '  ><div class=\"avia-image-container-inner\"><div class=\"avia-image-overlay-wrap\"><img decoding=\"async\" fetchpriority=\"high\" class='wp-image-45570 avia-img-lazy-loading-not-45570 avia_image ' src=\"https:\/\/asianfilmfestival.barcelona\/2025\/wp-content\/uploads\/2023\/10\/Asian-film-festival-logo-partner-300x182.png\" alt='' title='Asian-film-festival-logo-partner'  height=\"182\" width=\"300\" srcset=\"https:\/\/asianfilmfestival.barcelona\/2025\/wp-content\/uploads\/2023\/10\/Asian-film-festival-logo-partner-300x182.png 300w, https:\/\/asianfilmfestival.barcelona\/2025\/wp-content\/uploads\/2023\/10\/Asian-film-festival-logo-partner.png 495w\" sizes=\"(max-width: 300px) 100vw, 300px\" \/><\/div><\/div><\/div>\n<section  class='av_textblock_section av-luv49gxy-ea2dfcf0c33f7e58b033c3cfd7fc40bb '  ><div class='avia_textblock' ><h2 style=\"text-align: center;\"><b><span data-contrast=\"auto\">AFFBCN 2026<\/span><\/b><\/h2>\n<h2 style=\"text-align: center;\"><span class=\"TextRun MacChromeBold SCXW73983032 BCX0\" lang=\"CA-ES\" xml:lang=\"CA-ES\" data-contrast=\"auto\"><span class=\"NormalTextRun SCXW73983032 BCX0\">Convocat\u00f2ria Oberta<\/span><\/span>\u00a0| <span class=\"TextRun SCXW267589495 BCX0\" lang=\"CA-ES\" xml:lang=\"CA-ES\" data-contrast=\"auto\"><span class=\"NormalTextRun SCXW267589495 BCX0\">Envia la teva Pel\u00b7l\u00edcula<\/span><\/span><\/h2>\n<h2><span class=\"TextRun MacChromeBold SCXW49172195 BCX0\" lang=\"CA-ES\" xml:lang=\"CA-ES\" data-contrast=\"auto\"><span class=\"NormalTextRun SCXW49172195 BCX0\">El festival obre la convocat\u00f2ria per a la recepci\u00f3 <\/span><span class=\"NormalTextRun SCXW49172195 BCX0\">de pel\u00b7l\u00edcules que podrien formar part de la programaci\u00f3 de\u00a0<\/span><span class=\"NormalTextRun SpellingErrorV2Themed SCXW49172195 BCX0\">l\u2019Asian<\/span><span class=\"NormalTextRun SCXW49172195 BCX0\"> Film Festival Barcelona | AFFBCN 202<\/span><span class=\"NormalTextRun SCXW49172195 BCX0\">6<\/span><span class=\"NormalTextRun SCXW49172195 BCX0\">, el qual celebrar\u00e0 la seva\u00a0<\/span><span class=\"NormalTextRun SCXW49172195 BCX0\">catorzena\u00a0<\/span><span class=\"NormalTextRun SCXW49172195 BCX0\">edici\u00f3 del <\/span><span class=\"NormalTextRun SCXW49172195 BCX0\">2<\/span><span class=\"NormalTextRun SCXW49172195 BCX0\">2<\/span><span class=\"NormalTextRun SCXW49172195 BCX0\">\u00a0d\u2019octubre al\u00a0<\/span><span class=\"NormalTextRun SCXW49172195 BCX0\">1<\/span><span class=\"NormalTextRun SCXW49172195 BCX0\">\u00a0de novembre de 202<\/span><span class=\"NormalTextRun SCXW49172195 BCX0\">6<\/span><span class=\"NormalTextRun SCXW49172195 BCX0\">.<\/span><\/span><span class=\"EOP SCXW49172195 BCX0\" data-ccp-props=\"{\">\u00a0<\/span><\/h2>\n<h3><span data-ccp-props=\"{\">\u00a0\u00a0<\/span><\/h3>\n<hr \/>\n<h3><b><span data-contrast=\"none\">EL FESTIVAL<\/span><\/b><span data-ccp-props=\"{\">\u00a0<\/span><\/h3>\n<p><b><span data-contrast=\"none\">L\u2019Asian\u00a0Film Festival Barcelona | AFFBCN\u00a0aborda una extensi\u00f3\u00a0geogr\u00e0fica,\u00a0que va des\u00a0de l\u2019Iran, \u00c0sia Central, una regi\u00f3 que compr\u00e8n les exrep\u00fabliques Sovi\u00e8tiques del Kazakhstan,\u00a0Kirguizstan\u00a0i Uzbekistan, a la qual es sumen l\u2019Afganistan, l\u2019\u00cdndia, el Pakistan, Bangladesh i Sri Lanka, el Sud-est asi\u00e0tic amb la Xina, Corea, el Jap\u00f3, Tail\u00e0ndia, Singapur, Mal\u00e0isia, Cambodja i Vietnam, i la zona de l\u2019\u00c0sia Pac\u00edfic amb Austr\u00e0lia i Nova Zelanda.<\/span><\/b><span data-ccp-props=\"{\">\u00a0<\/span><\/p>\n<p><span data-ccp-props=\"{\">\u00a0<\/span><\/p>\n<p><span data-contrast=\"none\">Igual que en anteriors edicions, a l\u2019AFFBCN 2026 es presentaran pel\u00b7l\u00edcules procedents de m\u00e9s de vint pa\u00efsos, destacant algunes cinematografies com \u00e9s habitual, per\u00f2 sense deixar de projectar t\u00edtols que ens arriben d\u2019altres pa\u00efsos menys coneguts. Un dels objectius del festival \u00e9s explorar aquest <\/span><i><span data-contrast=\"none\">estrany <\/span><\/i><span data-contrast=\"none\">o <\/span><i><span data-contrast=\"none\">estranger <\/span><\/i><span data-contrast=\"none\">que el cinema ens mostra, i estimular l\u2019inter\u00e8s pel descobriment. D\u2019aqu\u00ed que, en alguns casos, la programaci\u00f3 pretengui ser m\u00e9s aviat inclusiva, no amb la intenci\u00f3 d\u2019abastar m\u00e9s t\u00edtols cada any, com per a donar visibilitat tant a aquells autors coneguts que ja compten amb una base de seguidors, com tamb\u00e9 als menys populars. La proposta consisteix a brindar opcions per a explorar narratives i traject\u00f2ries locals i globals, amb la finalitat de rescatar cultures que s\u00f3n referents identitaris, la visibilitat dels quals ens aporta un coneixement imprescindible de qui considerem un <\/span><i><span data-contrast=\"none\">altre<\/span><\/i><span data-contrast=\"none\">,\u00a0<\/span><i><span data-contrast=\"none\">estrany<\/span><\/i><span data-contrast=\"none\">\u00a0o\u00a0<\/span><i><span data-contrast=\"none\">estranger<\/span><\/i><span data-contrast=\"none\">, en relaci\u00f3 amb el territori, i amb un mateix.<\/span><span data-ccp-props=\"{\">\u00a0<\/span><\/p>\n<p><span data-contrast=\"none\">El festival arriba aquesta tardor amb una programaci\u00f3 que vol ser tan representativa com sigui possible del cinema experimental i independent m\u00e9s recent del continent asi\u00e0tic, sense excloure produccions que responen tant a l\u2019inter\u00e8s d\u2019un p\u00fablic coneixedor de les cinematografies procedents d\u2019\u00c0sia, com d\u2019aquell que desitja comen\u00e7ar a con\u00e8ixer qu\u00e8 ens transmet un cinema no tan nou, diversitat del qual respon a les diferents narratives que exposa. L\u2019exotisme que en occident se sol atribuir a aquestes produccions ha estat substitu\u00eft per l\u2019aportaci\u00f3 que aquestes \u00faltimes han fet i continuen fent en construir una identitat cultural inseparable de la pertinen\u00e7a al territori.<\/span><span data-ccp-props=\"{\">\u00a0<\/span><\/p>\n<p><span data-contrast=\"none\">El festival reunir\u00e0 al voltant d\u2019un centenar de pel\u00b7l\u00edcules, que s\u2019agruparan en les sis seccions a competici\u00f3: <\/span><b><span data-contrast=\"none\">Oficial<\/span><\/b><span data-contrast=\"none\">, <\/span><b><span data-contrast=\"none\">Oficial <\/span><\/b><b><span data-contrast=\"none\">Panorama<\/span><\/b><span data-contrast=\"none\">, <\/span><b><span data-contrast=\"none\">Discoveries<\/span><\/b><span data-contrast=\"none\">, <\/span><b><span data-contrast=\"none\">NETPAC<\/span><\/b><span data-contrast=\"none\">, <\/span><b><span data-contrast=\"none\">Secci\u00f3<\/span><\/b><span data-contrast=\"none\">\u00a0<\/span><b><span data-contrast=\"none\">Especial <\/span><\/b><span data-contrast=\"none\">i <\/span><b><span data-contrast=\"none\">Noves <\/span><\/b><b><span data-contrast=\"none\">Mirades<\/span><\/b><span data-contrast=\"none\">, en les quals es distribuiran estrat\u00e8gicament els diferents t\u00edtols seleccionats. Els jurats corresponents es componen d\u2019aquells integrants designats a tal fi, directors, cr\u00edtics de cinema i escriptors que accepten complir aquesta funci\u00f3<\/span><\/p>\n<\/div><\/section>\n\n<style type=\"text\/css\" data-created_by=\"avia_inline_auto\" id=\"style-css-av-luv4benf-b6a05d08be62d53b3871d8b7ee2864c0\">\n#top .togglecontainer.av-luv4benf-b6a05d08be62d53b3871d8b7ee2864c0 h1.toggler{\nfont-size:21px;\n}\n#top .togglecontainer.av-luv4benf-b6a05d08be62d53b3871d8b7ee2864c0 .toggle_wrap .toggle_content{\nfont-size:14px;\n}\n<\/style>\n<div  class='togglecontainer av-luv4benf-b6a05d08be62d53b3871d8b7ee2864c0 av-minimal-toggle  avia-builder-el-2  el_after_av_textblock  el_before_av_hr  toggle_close_all' >\n<section class='av_toggle_section av-luv4aek7-9c3bceeb4a4f0a256202f27153226e7d' ><div role=\"tablist\" class=\"single_toggle\" data-tags=\"{All} \"  ><h1 id='toggle-toggle-id-1' data-fake-id='#toggle-id-1' class='toggler  av-title-above '  role='tab' tabindex='0' aria-controls='toggle-id-1' data-slide-speed=\"200\" data-title=\"Bases per participar\" data-title-open=\"\" data-aria_collapsed=\"Click to expand: Bases per participar\" data-aria_expanded=\"Click to collapse: Bases per participar\">Bases per participar<span class=\"toggle_icon\"><span class=\"vert_icon\"><\/span><span class=\"hor_icon\"><\/span><\/span><\/h1><div id='toggle-id-1' aria-labelledby='toggle-toggle-id-1' role='region' class='toggle_wrap  av-title-above'  ><div class='toggle_content invers-color ' ><p><b><span data-contrast=\"auto\">Categories:<\/span><\/b><span data-contrast=\"auto\">\u00a0<\/span><span data-ccp-props=\"{\">\u00a0<\/span><\/p>\n<p><span data-contrast=\"auto\">LLARGMETRATGES DE FICCI\u00d3 I DOCUMENTALS.\u00a0<\/span><span data-ccp-props=\"{\">\u00a0<\/span><\/p>\n<p><span data-contrast=\"auto\">NO S\u2019ACCEPTEN CURTS.\u00a0<\/span><span data-ccp-props=\"{\">\u00a0<\/span><\/p>\n<p><b><span data-contrast=\"auto\">Seccions a competici\u00f3:<\/span><\/b><span data-contrast=\"auto\">\u00a0<\/span><span data-ccp-props=\"{\">\u00a0<\/span><\/p>\n<p><span data-contrast=\"auto\">Oficial, Oficial Panorama,\u00a0Discoveries, NETPAC, Secci\u00f3 Especial i Noves Mirades.<\/span><span data-ccp-props=\"{\">\u00a0<\/span><\/p>\n<p><b><span data-contrast=\"auto\">Premis:<\/span><\/b><span data-contrast=\"auto\">\u00a0<\/span><span data-ccp-props=\"{\">\u00a0<\/span><\/p>\n<p><span data-contrast=\"auto\">Millor pel\u00b7l\u00edcula, Millor director, i Millor gui\u00f3, en cadascuna de les sis seccions del festival.<\/span><span data-ccp-props=\"{\">\u00a0<\/span><\/p>\n<p><b><span data-contrast=\"auto\">Data l\u00edmit d\u2019entrega<\/span><\/b><span data-contrast=\"auto\">:\u00a0<\/span><span data-ccp-props=\"{\">\u00a0<\/span><\/p>\n<p><span data-contrast=\"auto\">Divendres\u00a031\u00a0d\u2019juliol\u00a0de 2026.<\/span><span data-ccp-props=\"{\">\u00a0<\/span><\/p>\n<p><b><span data-contrast=\"auto\">Enviament de formulari i materials\u00a0<\/span><\/b><span data-contrast=\"auto\">als seg\u00fcents correus electr\u00f2nics:<\/span><span data-contrast=\"auto\">\u00a0<\/span><span data-contrast=\"auto\"><strong><span style=\"color: #ff0000;\"><a style=\"color: #ff0000;\" href=\"mailto:asianfilmfestivalbarcelona@casaasia.es\">asianfilmfestivalbarcelona@casaasia.es<\/a> ; <\/span><\/strong><\/span><strong><span style=\"color: #ff0000;\"><a style=\"color: #ff0000;\" href=\"mailto:rescamilla@casaasia.es\">rescamilla@casaasia.es<\/a><\/span><\/strong><span data-ccp-props=\"{\"><strong><span style=\"color: #ff0000;\"> ; mgras@casaasia.es<\/span><\/strong><\/span><\/p>\n<p><b><span data-contrast=\"none\">Materials:\u00a0<\/span><\/b><span data-ccp-props=\"{\">\u00a0<\/span><\/p>\n<p><b><span data-contrast=\"none\">Visionat<\/span><\/b><span data-contrast=\"none\">\u00a0en arxiu digital, VIMEO o altres formats similars; fitxa t\u00e8cnica de la pel\u00b7l\u00edcula, kit de premsa electr\u00f2nic, fotogrames, tr\u00e0iler (si hi ha) i una breu biografia del director.<\/span><span data-ccp-props=\"{\">\u00a0<\/span><\/p>\n<p><b><span data-contrast=\"none\">Selecci\u00f3 de t\u00edtols rebuts:<\/span><\/b><span data-contrast=\"none\">\u00a0El comit\u00e8 de programaci\u00f3 del festival donar\u00e0 a con\u00e8ixer els t\u00edtols seleccionats al responsable corresponent a trav\u00e9s del correu electr\u00f2nic.<\/span><span data-ccp-props=\"{\">\u00a0<\/span><\/p>\n<\/div><\/div><\/div><\/section>\n<section class='av_toggle_section av-luv4b07x-af6dde1e204bccff8be7df193f6d241f' ><div role=\"tablist\" class=\"single_toggle\" data-tags=\"{All} \"  ><h1 id='toggle-toggle-id-2' data-fake-id='#toggle-id-2' class='toggler  av-title-above '  role='tab' tabindex='0' aria-controls='toggle-id-2' data-slide-speed=\"200\" data-title=\"Requisits\" data-title-open=\"\" data-aria_collapsed=\"Click to expand: Requisits\" data-aria_expanded=\"Click to collapse: Requisits\">Requisits<span class=\"toggle_icon\"><span class=\"vert_icon\"><\/span><span class=\"hor_icon\"><\/span><\/span><\/h1><div id='toggle-id-2' aria-labelledby='toggle-toggle-id-2' role='region' class='toggle_wrap  av-title-above'  ><div class='toggle_content invers-color ' ><ul>\n<li data-leveltext=\"\uf0a7\" data-font=\"Wingdings\" data-listid=\"1\" data-list-defn-props=\"{\" aria-setsize=\"-1\" data-aria-posinset=\"4\" data-aria-level=\"3\"><span data-contrast=\"auto\">El festival nom\u00e9s acceptar\u00e0 pel\u00b7l\u00edcules produ\u00efdes entre 2024\u00a0i 2026.\u00a0<\/span><span data-ccp-props=\"{\">\u00a0<\/span><\/li>\n<li data-leveltext=\"\uf0a7\" data-font=\"Wingdings\" data-listid=\"1\" data-list-defn-props=\"{\" aria-setsize=\"-1\" data-aria-posinset=\"4\" data-aria-level=\"3\"><span data-contrast=\"auto\">La geografia del festival s\u2019est\u00e9n des d\u2019\u00c0sia Central, \u00c0sia Meridional, Sud-est Asi\u00e0tic i \u00c0sia Oriental fins a la regi\u00f3 d\u2019\u00c0sia-Pac\u00edfic.\u00a0<\/span><span data-ccp-props=\"{\">\u00a0<\/span><\/li>\n<li data-leveltext=\"\uf0a7\" data-font=\"Wingdings\" data-listid=\"1\" data-list-defn-props=\"{\" aria-setsize=\"-1\" data-aria-posinset=\"4\" data-aria-level=\"3\"><span data-contrast=\"auto\">Totes les pel\u00b7l\u00edcules\u00a0han d\u2019estar subtitulades en angl\u00e8s per a la preselecci\u00f3.<\/span><span data-ccp-props=\"{\">\u00a0<\/span><\/li>\n<li data-leveltext=\"\uf0a7\" data-font=\"Wingdings\" data-listid=\"1\" data-list-defn-props=\"{\" aria-setsize=\"-1\" data-aria-posinset=\"4\" data-aria-level=\"3\"><span data-contrast=\"auto\">Pel que fa a la traducci\u00f3 dels subt\u00edtols al castell\u00e0 i\/o catal\u00e0 i la projecci\u00f3 als cinemes, els formats preferits s\u00f3n SRT o ASS.\u00a0<\/span><span data-ccp-props=\"{\">\u00a0<\/span><\/li>\n<li data-leveltext=\"\uf0a7\" data-font=\"Wingdings\" data-listid=\"1\" data-list-defn-props=\"{\" aria-setsize=\"-1\" data-aria-posinset=\"4\" data-aria-level=\"3\"><span data-contrast=\"auto\">Els arxius per a la projecci\u00f3 de les pel\u00b7l\u00edcules en el festival se sol\u00b7licitaran despr\u00e9s de completar la secci\u00f3. Nom\u00e9s s\u2019acceptaran els formats DCP digital, H264 o Digital HD (MP4 o MOV).<\/span><span data-ccp-props=\"{\">\u00a0<\/span><\/li>\n<\/ul>\n<\/div><\/div><\/div><\/section>\n<section class='av_toggle_section av-mnyha3ct-b663510afe626752b0847007e16d0208' ><div role=\"tablist\" class=\"single_toggle\" data-tags=\"{All} \"  ><h1 id='toggle-toggle-id-3' data-fake-id='#toggle-id-3' class='toggler  av-title-above '  role='tab' tabindex='0' aria-controls='toggle-id-3' data-slide-speed=\"200\" data-title=\"Envia la teva pel\u00b7l\u00edcula\" data-title-open=\"\" data-aria_collapsed=\"Click to expand: Envia la teva pel\u00b7l\u00edcula\" data-aria_expanded=\"Click to collapse: Envia la teva pel\u00b7l\u00edcula\">Envia la teva pel\u00b7l\u00edcula<span class=\"toggle_icon\"><span class=\"vert_icon\"><\/span><span class=\"hor_icon\"><\/span><\/span><\/h1><div id='toggle-id-3' aria-labelledby='toggle-toggle-id-3' role='region' class='toggle_wrap  av-title-above'  ><div class='toggle_content invers-color ' ><p><a href=\"https:\/\/forms.cloud.microsoft\/e\/k46FP12WuR\">Formulari de presentaci\u00f3 de pel\u00b7l\u00edcules<\/a><\/p>\n<\/div><\/div><\/div><\/section>\n<\/div>\n<div  class='hr av-nx8kfa-2d30e114eba1284fe6c4a5868a1d36ba hr-default  avia-builder-el-3  el_after_av_toggle_container  el_before_av_iconlist '><span class='hr-inner '><span class=\"hr-inner-style\"><\/span><\/span><\/div>\n<div  class='avia-icon-list-container av-luv4c7hu-755b1b7f83adb6075ef2664f49473699  avia-builder-el-4  el_after_av_hr  avia-builder-el-last '><ul class='avia-icon-list avia_animate_when_almost_visible avia-icon-list-left av-iconlist-big av-luv4c7hu-755b1b7f83adb6075ef2664f49473699 avia-iconlist-animate'>\n<li><div class='iconlist_icon av-luv4c6n0-6dc624d5c4bcc3e40829d543a01efb62 avia-font-entypo-fontello avia-iconfont avia-font-entypo-fontello'><span class='av-icon-char' data-av_icon='\ue81f' data-av_iconfont='entypo-fontello' aria-hidden=\"true\"><\/span><\/div><article class=\"article-icon-entry \" ><div class=\"iconlist_content_wrap\"><header class=\"entry-content-header\" aria-label=\"Icon: For further information\"><h4 class='av_iconlist_title iconlist_title  ' >For further information<\/h4><\/header><div class='iconlist_content ' ><p><a class=\"Hyperlink SCXW93475950 BCX0\" href=\"http:\/\/www.asianfilmfestival.barcelona\/\" target=\"_blank\" rel=\"noreferrer noopener\"><span class=\"TextRun Underlined SCXW93475950 BCX0\" lang=\"ES-ES\" xml:lang=\"ES-ES\" data-contrast=\"none\"><span class=\"NormalTextRun SCXW93475950 BCX0\" data-ccp-charstyle=\"Hyperlink\">www.asianfilmfestival.barcelona<\/span><\/span><\/a><\/p>\n<\/div><\/div><footer class=\"entry-footer\"><\/footer><\/article><div class=\"iconlist-timeline\"><\/div><\/li>\n<\/ul><\/div>\n","protected":false},"excerpt":{"rendered":"","protected":false},"author":9,"featured_media":54538,"comment_status":"closed","ping_status":"open","sticky":false,"template":"","format":"standard","meta":{"_acf_changed":false,"footnotes":""},"categories":[33],"tags":[],"class_list":["post-61272","post","type-post","status-publish","format-standard","has-post-thumbnail","hentry","category-noticies"],"acf":[],"_links":{"self":[{"href":"https:\/\/asianfilmfestival.barcelona\/2025\/ca\/wp-json\/wp\/v2\/posts\/61272","targetHints":{"allow":["GET"]}}],"collection":[{"href":"https:\/\/asianfilmfestival.barcelona\/2025\/ca\/wp-json\/wp\/v2\/posts"}],"about":[{"href":"https:\/\/asianfilmfestival.barcelona\/2025\/ca\/wp-json\/wp\/v2\/types\/post"}],"author":[{"embeddable":true,"href":"https:\/\/asianfilmfestival.barcelona\/2025\/ca\/wp-json\/wp\/v2\/users\/9"}],"replies":[{"embeddable":true,"href":"https:\/\/asianfilmfestival.barcelona\/2025\/ca\/wp-json\/wp\/v2\/comments?post=61272"}],"version-history":[{"count":6,"href":"https:\/\/asianfilmfestival.barcelona\/2025\/ca\/wp-json\/wp\/v2\/posts\/61272\/revisions"}],"predecessor-version":[{"id":61285,"href":"https:\/\/asianfilmfestival.barcelona\/2025\/ca\/wp-json\/wp\/v2\/posts\/61272\/revisions\/61285"}],"wp:featuredmedia":[{"embeddable":true,"href":"https:\/\/asianfilmfestival.barcelona\/2025\/ca\/wp-json\/wp\/v2\/media\/54538"}],"wp:attachment":[{"href":"https:\/\/asianfilmfestival.barcelona\/2025\/ca\/wp-json\/wp\/v2\/media?parent=61272"}],"wp:term":[{"taxonomy":"category","embeddable":true,"href":"https:\/\/asianfilmfestival.barcelona\/2025\/ca\/wp-json\/wp\/v2\/categories?post=61272"},{"taxonomy":"post_tag","embeddable":true,"href":"https:\/\/asianfilmfestival.barcelona\/2025\/ca\/wp-json\/wp\/v2\/tags?post=61272"}],"curies":[{"name":"wp","href":"https:\/\/api.w.org\/{rel}","templated":true}]}}