{"id":55834,"date":"2025-03-31T12:31:00","date_gmt":"2025-03-31T10:31:00","guid":{"rendered":"https:\/\/asianfilmfestival.barcelona\/2024\/?p=55834"},"modified":"2025-03-31T12:23:04","modified_gmt":"2025-03-31T10:23:04","slug":"nuevas-miradas-del-cine-asiatico-cine-paz-mk2-madrid-abr-mar","status":"publish","type":"post","link":"https:\/\/asianfilmfestival.barcelona\/2024\/es\/nuevas-miradas-del-cine-asiatico-cine-paz-mk2-madrid-abr-mar\/","title":{"rendered":"NUEVAS MIRADAS DEL CINE ASI\u00c1TICO | CINE PAZ MK2 MADRID | ABR-MAR"},"content":{"rendered":"\n<style type=\"text\/css\" data-created_by=\"avia_inline_auto\" id=\"style-css-av-m8wvsa8h-714f28468047cc43abc55ad6a2c84d41\">\n.avia-image-container.av-m8wvsa8h-714f28468047cc43abc55ad6a2c84d41 img.avia_image{\nbox-shadow:none;\n}\n.avia-image-container.av-m8wvsa8h-714f28468047cc43abc55ad6a2c84d41 .av-image-caption-overlay-center{\ncolor:#ffffff;\n}\n<\/style>\n<div  class='avia-image-container av-m8wvsa8h-714f28468047cc43abc55ad6a2c84d41 av-styling- avia-align-center  avia-builder-el-0  el_before_av_heading  avia-builder-el-first '   itemprop=\"image\" itemscope=\"itemscope\" itemtype=\"https:\/\/schema.org\/ImageObject\" ><div class=\"avia-image-container-inner\"><div class=\"avia-image-overlay-wrap\"><img decoding=\"async\" fetchpriority=\"high\" class='wp-image-55830 avia-img-lazy-loading-not-55830 avia_image ' src=\"https:\/\/asianfilmfestival.barcelona\/2024\/wp-content\/uploads\/2025\/03\/Iran-ODYSSEY-OF-SOLITUDE-4-copia-300x256.jpg\" alt='' title='Ir\u00e1n ODYSSEY OF SOLITUDE (4) - copia'  height=\"256\" width=\"300\"  itemprop=\"thumbnailUrl\" srcset=\"https:\/\/asianfilmfestival.barcelona\/2024\/wp-content\/uploads\/2025\/03\/Iran-ODYSSEY-OF-SOLITUDE-4-copia-300x256.jpg 300w, https:\/\/asianfilmfestival.barcelona\/2024\/wp-content\/uploads\/2025\/03\/Iran-ODYSSEY-OF-SOLITUDE-4-copia-1030x878.jpg 1030w, https:\/\/asianfilmfestival.barcelona\/2024\/wp-content\/uploads\/2025\/03\/Iran-ODYSSEY-OF-SOLITUDE-4-copia-768x655.jpg 768w, https:\/\/asianfilmfestival.barcelona\/2024\/wp-content\/uploads\/2025\/03\/Iran-ODYSSEY-OF-SOLITUDE-4-copia-1536x1309.jpg 1536w, https:\/\/asianfilmfestival.barcelona\/2024\/wp-content\/uploads\/2025\/03\/Iran-ODYSSEY-OF-SOLITUDE-4-copia-2048x1746.jpg 2048w, https:\/\/asianfilmfestival.barcelona\/2024\/wp-content\/uploads\/2025\/03\/Iran-ODYSSEY-OF-SOLITUDE-4-copia-1500x1279.jpg 1500w, https:\/\/asianfilmfestival.barcelona\/2024\/wp-content\/uploads\/2025\/03\/Iran-ODYSSEY-OF-SOLITUDE-4-copia-705x601.jpg 705w\" sizes=\"(max-width: 300px) 100vw, 300px\" \/><\/div><\/div><\/div>\n\n<style type=\"text\/css\" data-created_by=\"avia_inline_auto\" id=\"style-css-av-m8wvszog-a2d7d96ad0ece84cb552b044df8012dc\">\n#top .av-special-heading.av-m8wvszog-a2d7d96ad0ece84cb552b044df8012dc{\npadding-bottom:10px;\n}\nbody .av-special-heading.av-m8wvszog-a2d7d96ad0ece84cb552b044df8012dc .av-special-heading-tag .heading-char{\nfont-size:25px;\n}\n.av-special-heading.av-m8wvszog-a2d7d96ad0ece84cb552b044df8012dc .av-subheading{\nfont-size:15px;\n}\n<\/style>\n<div  class='av-special-heading av-m8wvszog-a2d7d96ad0ece84cb552b044df8012dc av-special-heading-h1 blockquote elegant-quote elegant-centered  avia-builder-el-1  el_after_av_image  el_before_av_textblock '><h1 class='av-special-heading-tag '  itemprop=\"headline\"  ><span class=\"heading-wrap\">Nuevas miradas del cine asi\u00e1tico <\/span><\/h1><div class='av-subheading av-subheading_below'><p>Del 5 de abril al 28 de junio de 2025<\/p>\n<\/div><div class=\"special-heading-border\"><div class=\"special-heading-inner-border\"><\/div><\/div><\/div>\n<section  class='av_textblock_section av-m8wvtfbk-03b1de66caf213f68abaecd7cb091f2d '   itemscope=\"itemscope\" itemtype=\"https:\/\/schema.org\/BlogPosting\" itemprop=\"blogPost\" ><div class='avia_textblock'  itemprop=\"text\" ><p data-ccp-border-bottom=\"0px none #000000\" data-ccp-padding-bottom=\"0px\" data-ccp-border-between=\"0px none #000000\" data-ccp-padding-between=\"0px\"><span data-contrast=\"auto\">El cine asi\u00e1tico vuelve a las salas del Cine Paz con una programaci\u00f3n que se extiende del 5 de abril al 28 de junio. Aunque parezca un t\u00f3pico decir que las distribuidoras espa\u00f1olas muestran un inter\u00e9s, ya no tan reciente, por contar con un repertorio cada vez mayor de t\u00edtulos procedentes de Asia, en general, lo cierto es que el cine asi\u00e1tico cada vez tiene mayor presencia no solo en festivales nacionales e internacionales, sino tambi\u00e9n en nuestros cines. Los trece t\u00edtulos que se podr\u00e1n ver entre abril y junio de 2025 proceden de Bangladesh, Camboya, China, Corea, Filipinas, India, Ir\u00e1n, Jap\u00f3n, Kazajst\u00e1n, Nepal, Pakist\u00e1n, Singapur y Uzbekistan, y han sido realizados entre 2018 y 2023. <\/span><b><span data-contrast=\"auto\">Once You Know<\/span><\/b> <span data-contrast=\"auto\">(2020) de Emmanuel Cappellin inaugura el programa de este trimestre.\u00a0<\/span><span data-ccp-props=\"{\">\u00a0<\/span><\/p>\n<p data-ccp-border-bottom=\"0px none #000000\" data-ccp-padding-bottom=\"0px\" data-ccp-border-between=\"0px none #000000\" data-ccp-padding-between=\"0px\"><span data-contrast=\"auto\">La relaci\u00f3n que se presenta mantiene el inter\u00e9s por el drama social y los temas de g\u00e9nero, desde una multiplicidad de perspectivas que responde a la identidad cultural de sus protagonistas. Eso es lo que nos cuentan pel\u00edculas como las seleccionadas. <\/span><span data-contrast=\"auto\">Se trata de t\u00edtulos como: <\/span><b><span data-contrast=\"auto\">Once You Know<\/span><\/b> <span data-contrast=\"auto\">(Bangladesh)<\/span><i><span data-contrast=\"auto\">, <\/span><\/i><b><span data-contrast=\"auto\">Last Night I Saw You Smiling<\/span><\/b> <span data-contrast=\"auto\">(Camboya)<\/span><i><span data-contrast=\"auto\">, <\/span><\/i><b><span data-contrast=\"auto\">Looking for Rohmer<\/span><\/b> <span data-contrast=\"auto\">(China)<\/span><i><span data-contrast=\"auto\">, <\/span><\/i><b><span data-contrast=\"auto\">A Bedstore <\/span><\/b><span data-contrast=\"auto\">(Corea)<\/span><i><span data-contrast=\"auto\">, <\/span><\/i><b><span data-contrast=\"auto\">Beautiful Pain \u2013 Belle Douleur <\/span><\/b><span data-contrast=\"auto\">(Filipinas)<\/span><i><span data-contrast=\"auto\">, <\/span><\/i><b><span data-contrast=\"auto\">Sherni \u2013 The Tigress<\/span><\/b> <span data-contrast=\"auto\">(India), <\/span><b><span data-contrast=\"auto\">Odyssey of Solitude<\/span><\/b> <span data-contrast=\"auto\">(Ir\u00e1n)<\/span><i><span data-contrast=\"auto\">, <\/span><\/i><b><span data-contrast=\"auto\">Sima\u2019s Song <\/span><\/b><span data-contrast=\"auto\">(Afganist\u00e1n)<\/span><b><span data-contrast=\"auto\">, Eternally Younger Than Those Idiots <\/span><\/b><span data-contrast=\"auto\">(Jap\u00f3n)<\/span><i><span data-contrast=\"auto\">, <\/span><\/i><b><span data-contrast=\"auto\">The Assault <\/span><\/b><i><span data-contrast=\"auto\">(<\/span><\/i><span data-contrast=\"auto\">Kazajst\u00e1n)<\/span><i><span data-contrast=\"auto\">, <\/span><\/i><b><span data-contrast=\"auto\">Mossa Lane<\/span><\/b> <span data-contrast=\"auto\">(Pakist\u00e1n)<\/span><i><span data-contrast=\"auto\">, <\/span><\/i><b><span data-contrast=\"auto\">Temporary Visa<\/span><\/b> <span data-contrast=\"auto\">(Singapur) y <\/span><b><span data-contrast=\"auto\">Aydinlar <\/span><\/b><span data-contrast=\"auto\">(Uzbekistan)<\/span><b><span data-contrast=\"auto\">.<\/span><\/b><span data-ccp-props=\"{\">\u00a0<\/span><\/p>\n<p data-ccp-border-bottom=\"0px none #000000\" data-ccp-padding-bottom=\"0px\" data-ccp-border-between=\"0px none #000000\" data-ccp-padding-between=\"0px\"><span data-contrast=\"auto\">Los t\u00edtulos anunciados facilitan nuestra visi\u00f3n de un mundo al que dif\u00edcilmente tendr\u00edamos acceso si no fuera a trav\u00e9s de la literatura y del cine. <\/span><span data-ccp-props=\"{\">\u00a0<\/span><\/p>\n<hr \/>\n<p data-ccp-border-bottom=\"0px none #000000\" data-ccp-padding-bottom=\"0px\" data-ccp-border-between=\"0px none #000000\" data-ccp-padding-between=\"0px\"><b><span data-contrast=\"auto\">PROGRAMACI\u00d3N<\/span><\/b><span data-ccp-props=\"{\">\u00a0<\/span><\/p>\n<p data-ccp-border-bottom=\"0px none #000000\" data-ccp-padding-bottom=\"0px\" data-ccp-border-between=\"0px none #000000\" data-ccp-padding-between=\"0px\"><span style=\"color: #ff0000;\">S\u00e1bado 5 de abril de 2025, a las 12.00 h<span data-ccp-props=\"{\">\u00a0<\/span><\/span><\/p>\n<p data-ccp-border-bottom=\"0px none #000000\" data-ccp-padding-bottom=\"0px\" data-ccp-border-between=\"0px none #000000\" data-ccp-padding-between=\"0px\"><b><i><span data-contrast=\"auto\">Once You Know<\/span><\/i><\/b> <b><span data-contrast=\"auto\">| Bangladesh | <\/span><\/b><b><span data-contrast=\"auto\">Emmanuel Cappellin<\/span><\/b><b><span data-contrast=\"auto\"> | 2020 | 84\u2019 | VOSE | Documental\u00a0\u00a0<\/span><\/b><span data-ccp-props=\"{\">\u00a0<\/span><\/p>\n<p data-ccp-border-bottom=\"0px none #000000\" data-ccp-padding-bottom=\"0px\" data-ccp-border-between=\"0px none #000000\" data-ccp-padding-between=\"0px\"><span data-contrast=\"auto\"><img loading=\"lazy\" decoding=\"async\" class=\"size-medium wp-image-55827 alignleft\" src=\"https:\/\/asianfilmfestival.barcelona\/2024\/wp-content\/uploads\/2024\/12\/Bangladesh-ONCE-YOU-KNOW-300x135.jpg\" alt=\"\" width=\"300\" height=\"135\" srcset=\"https:\/\/asianfilmfestival.barcelona\/2024\/wp-content\/uploads\/2024\/12\/Bangladesh-ONCE-YOU-KNOW-300x135.jpg 300w, https:\/\/asianfilmfestival.barcelona\/2024\/wp-content\/uploads\/2024\/12\/Bangladesh-ONCE-YOU-KNOW-1030x464.jpg 1030w, https:\/\/asianfilmfestival.barcelona\/2024\/wp-content\/uploads\/2024\/12\/Bangladesh-ONCE-YOU-KNOW-768x346.jpg 768w, https:\/\/asianfilmfestival.barcelona\/2024\/wp-content\/uploads\/2024\/12\/Bangladesh-ONCE-YOU-KNOW-705x317.jpg 705w, https:\/\/asianfilmfestival.barcelona\/2024\/wp-content\/uploads\/2024\/12\/Bangladesh-ONCE-YOU-KNOW.jpg 1500w\" sizes=\"auto, (max-width: 300px) 100vw, 300px\" \/>Confrontado a la realidad del cambio clim\u00e1tico y del agotamiento de recursos, el cineasta Emmanuel Cappellin se da cuenta de que el derrumbe de nuestra civilizaci\u00f3n industrial es inevitable. Pero \u00bfc\u00f3mo seguir viviendo con la idea de que la aventura humana podr\u00eda fracasar? Para encontrar la respuesta, Cappellin decide consultar a expertos y cient\u00edficos como Pablo Servigne, Jean-Marc Jancovici o Susanne Moser. Entre todos, emiten un manifiesto colectivo y solidario para preparar una transici\u00f3n lo m\u00e1s humana posible.<\/span><b><span data-contrast=\"auto\">\u00a0\u00a0<\/span><\/b><span data-ccp-props=\"{\">\u00a0<\/span><\/p>\n<p data-ccp-border-bottom=\"0px none #000000\" data-ccp-padding-bottom=\"0px\" data-ccp-border-between=\"0px none #000000\" data-ccp-padding-between=\"0px\"><b><span data-contrast=\"auto\">Emmanuel Cappellin, <\/span><\/b><span data-contrast=\"auto\">documentalista sobre temas medioambientales y sociales, se interesa particularmente en las diferentes formas de entender la relaci\u00f3n entre el hombre y la naturaleza, y las consecuencias que derivan de la misma. Durante tres a\u00f1os, ha estado trabajando en el estreno mundial de <\/span><b><span data-contrast=\"auto\">Human<\/span><\/b><span data-contrast=\"auto\">, de Yann Arthus-Bertrand, y actualmente trabaja en su pr\u00f3xima pel\u00edcula <\/span><b><span data-contrast=\"auto\">Woman<\/span><\/b><span data-contrast=\"auto\">, tras dirigir <\/span><b><span data-contrast=\"auto\">Once you Know<\/span><\/b><span data-contrast=\"auto\">, un largometraje documental producido por Pulp Films (Francia).<\/span><span data-ccp-props=\"{\">\u00a0<\/span><\/p>\n<hr \/>\n<p data-ccp-border-bottom=\"0px none #000000\" data-ccp-padding-bottom=\"0px\" data-ccp-border-between=\"0px none #000000\" data-ccp-padding-between=\"0px\"><span style=\"color: #ff0000;\">S\u00e1bado 12 de abril de 2025, a las 12.00 h<span data-ccp-props=\"{\">\u00a0<\/span><\/span><\/p>\n<p data-ccp-border-bottom=\"0px none #000000\" data-ccp-padding-bottom=\"0px\" data-ccp-border-between=\"0px none #000000\" data-ccp-padding-between=\"0px\"><b><i><span data-contrast=\"auto\">Last Night I Saw You Smiling<\/span><\/i><\/b> <b><span data-contrast=\"auto\">| Camboya | <\/span><\/b><b><span data-contrast=\"auto\">Kavich Neang<\/span><\/b><b><span data-contrast=\"auto\"> |<\/span><\/b><b><span data-contrast=\"auto\"> 2019 <\/span><\/b><b><span data-contrast=\"auto\">|<\/span><\/b><b><span data-contrast=\"auto\"> 77\u2032 <\/span><\/b><b><span data-contrast=\"auto\">| VOSE<\/span><\/b> <b><span data-contrast=\"auto\">| <\/span><\/b><b><span data-contrast=\"auto\">Documental<\/span><\/b><span data-ccp-props=\"{\">\u00a0<\/span><\/p>\n<p data-ccp-border-bottom=\"0px none #000000\" data-ccp-padding-bottom=\"0px\" data-ccp-border-between=\"0px none #000000\" data-ccp-padding-between=\"0px\"><span data-contrast=\"auto\"><img loading=\"lazy\" decoding=\"async\" class=\"size-medium wp-image-55844 alignright\" src=\"https:\/\/asianfilmfestival.barcelona\/2024\/wp-content\/uploads\/2025\/03\/CamboyaLAST-NIGHT-I-SAW-YOU-SMILING-300x195.jpg\" alt=\"\" width=\"300\" height=\"195\" srcset=\"https:\/\/asianfilmfestival.barcelona\/2024\/wp-content\/uploads\/2025\/03\/CamboyaLAST-NIGHT-I-SAW-YOU-SMILING-300x195.jpg 300w, https:\/\/asianfilmfestival.barcelona\/2024\/wp-content\/uploads\/2025\/03\/CamboyaLAST-NIGHT-I-SAW-YOU-SMILING-768x499.jpg 768w, https:\/\/asianfilmfestival.barcelona\/2024\/wp-content\/uploads\/2025\/03\/CamboyaLAST-NIGHT-I-SAW-YOU-SMILING-705x458.jpg 705w, https:\/\/asianfilmfestival.barcelona\/2024\/wp-content\/uploads\/2025\/03\/CamboyaLAST-NIGHT-I-SAW-YOU-SMILING.jpg 988w\" sizes=\"auto, (max-width: 300px) 100vw, 300px\" \/>El Edificio Blanco de Phnom Penh, construido como vivienda social durante los a\u00f1os 60, est\u00e1 a punto de ser derribado. Con el acuerdo de casi todas las 493 familias residentes, su derribo pretende dar paso a un nuevo proyecto de construcci\u00f3n de nuevos apartamentos. De la mano de sus habitantes, incluida su propia familia, el director retrata los \u00faltimos d\u00edas de esta agonizante mega estructura, que ha sido testigo de la agitada historia reciente de Camboya y que, con su desaparici\u00f3n, s\u00f3lo deja el recuerdo de una \u00e9poca pasada.<\/span><span data-ccp-props=\"{\">\u00a0<\/span><\/p>\n<p data-ccp-border-bottom=\"0px none #000000\" data-ccp-padding-bottom=\"0px\" data-ccp-border-between=\"0px none #000000\" data-ccp-padding-between=\"0px\"><b><span data-contrast=\"auto\">Kavich Neang <\/span><\/b><span data-contrast=\"auto\">es cineasta y director de fotograf\u00eda. Naci\u00f3 en Camboya y creci\u00f3 junto a su familia en el Edificio Blanco de Phnom Penh. A lo largo de su trayectoria, ha realizado tanto documentales como cine de ficci\u00f3n. Ante la noticia del desalojo y derribo del Edificio Blanco, Neang decide, con este \u00faltimo documental, volver al pasado y a su infancia con el fin de comprender un presente en el que dicho lugar ya no existe.<\/span><span data-ccp-props=\"{\">\u00a0<\/span><\/p>\n<hr \/>\n<p data-ccp-border-bottom=\"0px none #000000\" data-ccp-padding-bottom=\"0px\" data-ccp-border-between=\"0px none #000000\" data-ccp-padding-between=\"0px\"><span style=\"color: #ff0000;\">S\u00e1bado 19 de abril de 2025, a las 12.00 h<i>\u00a0<\/i><span data-ccp-props=\"{\">\u00a0<\/span><\/span><\/p>\n<p data-ccp-border-bottom=\"0px none #000000\" data-ccp-padding-bottom=\"0px\" data-ccp-border-between=\"0px none #000000\" data-ccp-padding-between=\"0px\"><b><i><span data-contrast=\"auto\">Looking for Rohmer<\/span><\/i><\/b> <b><span data-contrast=\"auto\">I China I Wang Chao I 2018 I 85\u2019 I VOSE I Drama<\/span><\/b><span data-ccp-props=\"{\">\u00a0<\/span><\/p>\n<p data-ccp-border-bottom=\"0px none #000000\" data-ccp-padding-bottom=\"0px\" data-ccp-border-between=\"0px none #000000\" data-ccp-padding-between=\"0px\"><span data-contrast=\"auto\"><img loading=\"lazy\" decoding=\"async\" class=\"size-medium wp-image-55847 alignleft\" src=\"https:\/\/asianfilmfestival.barcelona\/2024\/wp-content\/uploads\/2025\/03\/China-Wang-Chao-LOOKING-FOR-ROHMER-4-300x200.jpeg\" alt=\"\" width=\"300\" height=\"200\" srcset=\"https:\/\/asianfilmfestival.barcelona\/2024\/wp-content\/uploads\/2025\/03\/China-Wang-Chao-LOOKING-FOR-ROHMER-4-300x200.jpeg 300w, https:\/\/asianfilmfestival.barcelona\/2024\/wp-content\/uploads\/2025\/03\/China-Wang-Chao-LOOKING-FOR-ROHMER-4-1030x686.jpeg 1030w, https:\/\/asianfilmfestival.barcelona\/2024\/wp-content\/uploads\/2025\/03\/China-Wang-Chao-LOOKING-FOR-ROHMER-4-768x512.jpeg 768w, https:\/\/asianfilmfestival.barcelona\/2024\/wp-content\/uploads\/2025\/03\/China-Wang-Chao-LOOKING-FOR-ROHMER-4-705x470.jpeg 705w, https:\/\/asianfilmfestival.barcelona\/2024\/wp-content\/uploads\/2025\/03\/China-Wang-Chao-LOOKING-FOR-ROHMER-4.jpeg 1037w\" sizes=\"auto, (max-width: 300px) 100vw, 300px\" \/>Es la primera pel\u00edcula LGBTQIA+ que recibi\u00f3 autorizaci\u00f3n para su estreno en China. La historia se inicia con el primer encuentro de los protagonistas y la posterior relaci\u00f3n secreta entre ellos. Zhao Jie y Rohmer deciden viajar juntos al T\u00edbet, pero en el camino se ven involucrados en un incidente que acaba con la vida de un ni\u00f1o. Aunque no son responsables de lo ocurrido, la culpabilidad genera un ambiente tenso que termina separando sus caminos. No obstante, cuando Zhao Jie se entera de que Rohmer ha tenido un accidente en un glaciar, va en busca de su amigo con la intenci\u00f3n de ayudarle y evitar que le suceda lo mismo que a ese ni\u00f1o al que no pudieron salvar.<\/span><span data-ccp-props=\"{\">\u00a0<\/span><\/p>\n<p data-ccp-border-bottom=\"0px none #000000\" data-ccp-padding-bottom=\"0px\" data-ccp-border-between=\"0px none #000000\" data-ccp-padding-between=\"0px\"><b><span data-contrast=\"auto\">Wang Chao<\/span><\/b><span data-contrast=\"auto\"> ingres\u00f3 en la Academia de Cine de Pek\u00edn, donde se gradu\u00f3 en 1994 y empez\u00f3 a trabajar como cr\u00edtico de cine. Es as\u00ed como conoci\u00f3 a Chen Kaige tras el rodaje de <\/span><b><span data-contrast=\"auto\">Tierra Amarilla<\/span><\/b><span data-contrast=\"auto\">, qui\u00e9n lo contratar\u00eda como ayudante de direcci\u00f3n entre 1995 y 1998 para el rodaje de <\/span><b><span data-contrast=\"auto\">Adi\u00f3s a mi concubina<\/span><\/b><span data-contrast=\"auto\"> (1993) y de <\/span><b><span data-contrast=\"auto\">El Emperador y el Asesino <\/span><\/b><span data-contrast=\"auto\">(1998). Durante ese tiempo, escribi\u00f3 varios relatos cortos que le servir\u00edan de inspiraci\u00f3n para futuros guiones de pel\u00edculas. Con <\/span><b><span data-contrast=\"auto\">Orphan of Anyang<\/span><\/b><span data-contrast=\"auto\"> (2001), que rod\u00f3 sin autorizaci\u00f3n, hizo su debut en el cine como director. Esta pel\u00edcula fue seleccionada en 2001 para participar en la Quincena de Cineastas del Festival de Cannes. En 2004, realiz\u00f3 su segundo largometraje <\/span><b><span data-contrast=\"auto\">Day and Night<\/span><\/b><span data-contrast=\"auto\">, y con <\/span><b><span data-contrast=\"auto\">Luxury Car<\/span><\/b> <span data-contrast=\"auto\">complet\u00f3 en 2006 la trilog\u00eda sobre China en la que hab\u00eda estado trabajando durante m\u00e1s de cinco a\u00f1os. Su cuarta y quinta pel\u00edcula, <\/span><b><span data-contrast=\"auto\">Memory of Love<\/span><\/b> <span data-contrast=\"auto\">(2009) y <\/span><b><span data-contrast=\"auto\">Fantasy<\/span><\/b><span data-contrast=\"auto\"> (2014), que destacan por la madurez narrativa por parte del director, se presentaron en la secci\u00f3n Uncertain Regard en el Festival de Cannes de 2014. <\/span><b><span data-contrast=\"auto\">Looking for Rohmer<\/span><\/b><span data-contrast=\"auto\"> (2018), revela el inter\u00e9s de Wang Chao por el cr\u00edtico y cineasta Eric Rohmer y la Nouvelle Vague, hasta el punto de hacer una pel\u00edcula sobre \u00e9l, aunque no necesariamente biogr\u00e1fica. <\/span><b><span data-contrast=\"auto\">A Woman<\/span><\/b><span data-contrast=\"auto\"> (2022), su \u00faltima pel\u00edcula hasta ahora se proyect\u00f3 en la pasada edici\u00f3n del <\/span><b><span data-contrast=\"auto\">Asian Film Festival Barcelona | AFFBCN<\/span><\/b><span data-contrast=\"auto\"> con gran \u00e9xito de p\u00fablico, tras su paso por San Sebasti\u00e1n donde fue nominada a la Concha de Oro.<\/span><span data-ccp-props=\"{\">\u00a0<\/span><\/p>\n<hr \/>\n<p data-ccp-border-bottom=\"0px none #000000\" data-ccp-padding-bottom=\"0px\" data-ccp-border-between=\"0px none #000000\" data-ccp-padding-between=\"0px\"><span style=\"color: #ff0000;\">S\u00e1bado 26 de abril de 2025, a las 12.00 h<span data-ccp-props=\"{\">\u00a0<\/span><\/span><\/p>\n<p data-ccp-border-bottom=\"0px none #000000\" data-ccp-padding-bottom=\"0px\" data-ccp-border-between=\"0px none #000000\" data-ccp-padding-between=\"0px\"><b><i><span data-contrast=\"auto\">A Bedsore<\/span><\/i><\/b> <b><span data-contrast=\"auto\">| Corea | <\/span><\/b><b><span data-contrast=\"auto\">Hye-jung Shim<\/span><\/b><b><span data-contrast=\"auto\"> | 2019 | 110\u2019 | VOSE | Drama<\/span><\/b><span data-ccp-props=\"{\">\u00a0<\/span><\/p>\n<p data-ccp-border-bottom=\"0px none #000000\" data-ccp-padding-bottom=\"0px\" data-ccp-border-between=\"0px none #000000\" data-ccp-padding-between=\"0px\"><span data-contrast=\"auto\"><img loading=\"lazy\" decoding=\"async\" class=\"size-medium wp-image-55850 alignright\" src=\"https:\/\/asianfilmfestival.barcelona\/2024\/wp-content\/uploads\/2025\/03\/Corea-A-BEDSORE-5-300x195.jpg\" alt=\"\" width=\"300\" height=\"195\" srcset=\"https:\/\/asianfilmfestival.barcelona\/2024\/wp-content\/uploads\/2025\/03\/Corea-A-BEDSORE-5-300x195.jpg 300w, https:\/\/asianfilmfestival.barcelona\/2024\/wp-content\/uploads\/2025\/03\/Corea-A-BEDSORE-5-768x499.jpg 768w, https:\/\/asianfilmfestival.barcelona\/2024\/wp-content\/uploads\/2025\/03\/Corea-A-BEDSORE-5-705x458.jpg 705w, https:\/\/asianfilmfestival.barcelona\/2024\/wp-content\/uploads\/2025\/03\/Corea-A-BEDSORE-5.jpg 988w\" sizes=\"auto, (max-width: 300px) 100vw, 300px\" \/>La vida dom\u00e9stica aparentemente id\u00edlica del jubilado Chang-sik y de su esposa Gil-soon, postrada en cama y sin poder hablar despu\u00e9s de un derrame cerebral, as\u00ed como de su cuidadora Sook-ok, una inmigrante sinocoreana indocumentada, empieza a derrumbarse cuando a Gil-soon padece de una \u00falcera que parece incurable. Este hecho abre viejas heridas familiares en esta \u00f3pera prima de Shim Hyejung, que nos hace reflexionar sobre la \u00e9tica relacionada con la atenci\u00f3n a los ancianos y los discapacitados, as\u00ed como sobre las responsabilidades que tenemos como familiares, auxiliadores sociales o geriatras.<\/span><span data-ccp-props=\"{\">\u00a0<\/span><\/p>\n<p data-ccp-border-bottom=\"0px none #000000\" data-ccp-padding-bottom=\"0px\" data-ccp-border-between=\"0px none #000000\" data-ccp-padding-between=\"0px\"><b><span data-contrast=\"auto\">Shim Hyejung<\/span><\/b><span data-contrast=\"auto\"> ha presentado sus pel\u00edculas en lugares como PANASIA en Corea, la Academia de las Artes de Ir\u00e1n y el JCCAC en Hong Kong. Tambi\u00e9n ha competido en el Jeonju International Film Festival o el Seoul International New Media Festival, entre muchos otros festivales de cine coreanos. En 2017, su pel\u00edcula <\/span><b><span data-contrast=\"auto\">Camellias in Bloom<\/span><\/b><span data-contrast=\"auto\"> (2016) fue nominada en la secci\u00f3n de cortometrajes en la 38\u00aa edici\u00f3n de los Premios Blue Dragon.<\/span><span data-ccp-props=\"{\">\u00a0<\/span><\/p>\n<hr \/>\n<p data-ccp-border-bottom=\"0px none #000000\" data-ccp-padding-bottom=\"0px\" data-ccp-border-between=\"0px none #000000\" data-ccp-padding-between=\"0px\"><span data-ccp-props=\"{\">\u00a0<\/span><span style=\"color: #ff0000;\">S\u00e1bado 3 de mayo de 2025, a las 12.00 h<i>\u00a0<\/i><span data-ccp-props=\"{\">\u00a0<\/span><\/span><\/p>\n<p data-ccp-border-bottom=\"0px none #000000\" data-ccp-padding-bottom=\"0px\" data-ccp-border-between=\"0px none #000000\" data-ccp-padding-between=\"0px\"><b><i><span data-contrast=\"auto\">Beautiful Pain (Belle Doleur)<\/span><\/i><\/b> <b><span data-contrast=\"auto\">| Filipinas | <\/span><\/b><b><span data-contrast=\"auto\">Joji Villanueva Alonso<\/span><\/b><b><span data-contrast=\"auto\"> | 2019 | 99\u2019 | VOSE | Rom\u00e1ntica<\/span><\/b><span data-ccp-props=\"{\">\u00a0<\/span><\/p>\n<p data-ccp-border-bottom=\"0px none #000000\" data-ccp-padding-bottom=\"0px\" data-ccp-border-between=\"0px none #000000\" data-ccp-padding-between=\"0px\"><span data-contrast=\"auto\"><img loading=\"lazy\" decoding=\"async\" class=\"size-medium wp-image-55853 alignleft\" src=\"https:\/\/asianfilmfestival.barcelona\/2024\/wp-content\/uploads\/2025\/03\/Filipinas-BELLE-DOULER-BEAUTIFUL-PAIN-5-300x195.jpg\" alt=\"\" width=\"300\" height=\"195\" srcset=\"https:\/\/asianfilmfestival.barcelona\/2024\/wp-content\/uploads\/2025\/03\/Filipinas-BELLE-DOULER-BEAUTIFUL-PAIN-5-300x195.jpg 300w, https:\/\/asianfilmfestival.barcelona\/2024\/wp-content\/uploads\/2025\/03\/Filipinas-BELLE-DOULER-BEAUTIFUL-PAIN-5-768x499.jpg 768w, https:\/\/asianfilmfestival.barcelona\/2024\/wp-content\/uploads\/2025\/03\/Filipinas-BELLE-DOULER-BEAUTIFUL-PAIN-5-705x458.jpg 705w, https:\/\/asianfilmfestival.barcelona\/2024\/wp-content\/uploads\/2025\/03\/Filipinas-BELLE-DOULER-BEAUTIFUL-PAIN-5.jpg 988w\" sizes=\"auto, (max-width: 300px) 100vw, 300px\" \/>Elizabeth es una mujer independiente, que ya ha cumplido los 40 a\u00f1os y sigue empe\u00f1ada en vivir a su aire el resto de sus d\u00edas. Despu\u00e9s de la muerte de su madre tras una larga y ag\u00f3nica enfermedad, conoce a Jon, un joven 20 a\u00f1os menor que ella. A pesar de la diferencia de edad, \u00e9l intenta convencerla de que no existen l\u00edmites para enamorarse. Aunque su relaci\u00f3n parece tener un buen inicio, Liz se da cuenta de que no puede formar parte de los sue\u00f1os de Jon.\u00a0<\/span><span data-ccp-props=\"{\">\u00a0<\/span><\/p>\n<p data-ccp-border-bottom=\"0px none #000000\" data-ccp-padding-bottom=\"0px\" data-ccp-border-between=\"0px none #000000\" data-ccp-padding-between=\"0px\"><b><span data-contrast=\"auto\">Joji Villanueva Alonso <\/span><\/b><span data-contrast=\"auto\">es una cineasta filipina debutante, que estudi\u00f3 Derecho en el St. Therese College. Tras trabajar m\u00e1s de 30 a\u00f1os como abogada, decidi\u00f3 aventurarse en la industria del cine como productora en Quantum Films. Desde entonces, ha producido m\u00e1s de 32 pel\u00edculas, muchas de las cuales han sido premiadas internacionalmente. <\/span><b><span data-contrast=\"auto\">The Woman in the Septic Tank<\/span><\/b><span data-contrast=\"auto\"> (2011) fue seleccionada para representar a Filipinas en los Oscars. Despu\u00e9s de seguir trabajando como productora y tras superar un c\u00e1ncer, se ha aventurado a la direcci\u00f3n con <\/span><b><span data-contrast=\"auto\">Belle Doleur<\/span><\/b><span data-contrast=\"auto\"> (2019), su primer largometraje.<\/span><span data-ccp-props=\"{\">\u00a0<\/span><\/p>\n<hr \/>\n<p data-ccp-border-bottom=\"0px none #000000\" data-ccp-padding-bottom=\"0px\" data-ccp-border-between=\"0px none #000000\" data-ccp-padding-between=\"0px\"><span style=\"color: #ff0000;\">S\u00e1bado 10 de mayo de 2025, a las 12.00 h<i>\u00a0<\/i><span data-ccp-props=\"{\">\u00a0<\/span><\/span><\/p>\n<p data-ccp-border-between=\"0px none #000000\" data-ccp-padding-between=\"0px\"><b><i><span data-contrast=\"none\">Sherni &#8211; The Tigress <\/span><\/i><\/b><b><span data-contrast=\"none\">| Amit Masurkar | India | 2021 | 131\u2019 | VOSE | Drama <\/span><\/b><b><span data-contrast=\"none\">\u202f\u202f\u202f\u202f\u202f\u202f\u202f\u202f\u202f\u202f\u202f\u202f\u202f\u202f\u202f\u202f\u202f\u202f\u202f<\/span><\/b><span data-contrast=\"none\">\u202f<\/span><span data-ccp-props=\"{\">\u00a0<\/span><\/p>\n<p><span data-contrast=\"none\"><img loading=\"lazy\" decoding=\"async\" class=\"size-medium wp-image-55588 alignright\" src=\"https:\/\/asianfilmfestival.barcelona\/2024\/wp-content\/uploads\/2025\/02\/SHERNI-FINAL-KEYART_30x40_CMYK2-300x188.jpg\" alt=\"\" width=\"300\" height=\"188\" srcset=\"https:\/\/asianfilmfestival.barcelona\/2024\/wp-content\/uploads\/2025\/02\/SHERNI-FINAL-KEYART_30x40_CMYK2-300x188.jpg 300w, https:\/\/asianfilmfestival.barcelona\/2024\/wp-content\/uploads\/2025\/02\/SHERNI-FINAL-KEYART_30x40_CMYK2-768x480.jpg 768w, https:\/\/asianfilmfestival.barcelona\/2024\/wp-content\/uploads\/2025\/02\/SHERNI-FINAL-KEYART_30x40_CMYK2-705x441.jpg 705w, https:\/\/asianfilmfestival.barcelona\/2024\/wp-content\/uploads\/2025\/02\/SHERNI-FINAL-KEYART_30x40_CMYK2.jpg 886w\" sizes=\"auto, (max-width: 300px) 100vw, 300px\" \/>Una guardabosques desencantada lidera un equipo de rastreadores para capturar a una tigresa \u00abdevoradora de hombres\u00bb en los l\u00edmites de la selva. En su misi\u00f3n, afronta obst\u00e1culos pol\u00edticos, locales, burocr\u00e1ticos y personales, que se complican a\u00fan m\u00e1s a ra\u00edz de la presencia de un cazador con conexiones pol\u00edticas, que mueve a los aldeanos en su propio beneficio.<\/span> <span data-contrast=\"auto\">\u00a0\u00a0\u00a0\u00a0\u00a0\u00a0\u00a0\u00a0\u00a0\u00a0 <\/span><b><span data-contrast=\"none\">Amit Masurkar<\/span><\/b><span data-contrast=\"none\"> es un director y guionista indio. Abandon\u00f3 los estudios de ingenier\u00eda en el Instituto de Tecnolog\u00eda de Manipal a los 20 a\u00f1os, para dedicarse al cine. M\u00e1s tarde obtuvo una licenciatura en Historia por la Universidad de Mumbai. Ha dirigido <\/span><b><span data-contrast=\"none\">Sulemani Keeda<\/span><\/b><span data-contrast=\"none\"> y <\/span><b><span data-contrast=\"none\">Newton<\/span><\/b><span data-contrast=\"none\">, que fue seleccionada, como Mejor Pel\u00edcula de habla no inglesa en la 90\u00aa edici\u00f3n de los Premios de la Academia. Por <\/span><b><span data-contrast=\"none\">Newton<\/span><\/b><span data-contrast=\"none\">, tambi\u00e9n recibi\u00f3 el Premio al Mejor Gui\u00f3n en los Asia Pacific Screen Awards.<\/span><span data-contrast=\"none\">\u202f<\/span><span data-ccp-props=\"{\">\u00a0<\/span><\/p>\n<hr \/>\n<p data-ccp-border-between=\"0px none #000000\" data-ccp-padding-between=\"0px\"><span style=\"color: #ff0000;\">S\u00e1bado 17 de mayo de 2025, a las 12.00 h<i>\u00a0<\/i><span data-ccp-props=\"{\">\u00a0<\/span><\/span><\/p>\n<p><b><i><span data-contrast=\"auto\">Odyssey of Solitude<\/span><\/i><\/b><b><span data-contrast=\"auto\"> | Ir\u00e1n | Hossein Mahkam | 2022 | 94\u2019 | VOSE | Drama<\/span><\/b><span data-ccp-props=\"{\">\u00a0<\/span><\/p>\n<p data-ccp-border-bottom=\"0px none #000000\" data-ccp-padding-bottom=\"0px\" data-ccp-border-between=\"0px none #000000\" data-ccp-padding-between=\"0px\"><span data-contrast=\"auto\"><img decoding=\"async\" class=\"size-medium wp-image-55830 alignleft\" src=\"https:\/\/asianfilmfestival.barcelona\/2024\/wp-content\/uploads\/2025\/03\/Iran-ODYSSEY-OF-SOLITUDE-4-copia-300x256.jpg\" alt=\"\" width=\"300\" height=\"256\" srcset=\"https:\/\/asianfilmfestival.barcelona\/2024\/wp-content\/uploads\/2025\/03\/Iran-ODYSSEY-OF-SOLITUDE-4-copia-300x256.jpg 300w, https:\/\/asianfilmfestival.barcelona\/2024\/wp-content\/uploads\/2025\/03\/Iran-ODYSSEY-OF-SOLITUDE-4-copia-1030x878.jpg 1030w, https:\/\/asianfilmfestival.barcelona\/2024\/wp-content\/uploads\/2025\/03\/Iran-ODYSSEY-OF-SOLITUDE-4-copia-768x655.jpg 768w, https:\/\/asianfilmfestival.barcelona\/2024\/wp-content\/uploads\/2025\/03\/Iran-ODYSSEY-OF-SOLITUDE-4-copia-1536x1309.jpg 1536w, https:\/\/asianfilmfestival.barcelona\/2024\/wp-content\/uploads\/2025\/03\/Iran-ODYSSEY-OF-SOLITUDE-4-copia-2048x1746.jpg 2048w, https:\/\/asianfilmfestival.barcelona\/2024\/wp-content\/uploads\/2025\/03\/Iran-ODYSSEY-OF-SOLITUDE-4-copia-1500x1279.jpg 1500w, https:\/\/asianfilmfestival.barcelona\/2024\/wp-content\/uploads\/2025\/03\/Iran-ODYSSEY-OF-SOLITUDE-4-copia-705x601.jpg 705w\" sizes=\"(max-width: 300px) 100vw, 300px\" \/>Ahmad es un psiquiatra que cree en el tratamiento del alma con medicina de manera positivista y laboratorial. Pero cuando su esposa desaparece, se ve envuelto en sus propias ilusiones, y en un intento de encontrar alguna pista de ella acude a todos sus amigos desesperadamente. Siempre priorizando la felicidad de su esposa, est\u00e1 dispuesto a aceptar su matrimonio con uno de sus amigos, bajo la creencia que \u00e9ste ser\u00eda capaz de hacerla feliz. Pero cuando ella manifiesta que su felicidad no depende absolutamente de un \u201chombre\u201d, \u00e9l ve c\u00f3mo todas sus creencias cient\u00edficas se derrumban.<\/span><span data-ccp-props=\"{\">\u00a0<\/span><\/p>\n<p data-ccp-border-bottom=\"0px none #000000\" data-ccp-padding-bottom=\"0px\" data-ccp-border-between=\"0px none #000000\" data-ccp-padding-between=\"0px\"><b><span data-contrast=\"auto\">Hossein Mahkam <\/span><\/b><span data-contrast=\"auto\">se gradu\u00f3 en Filosof\u00eda en la Universidad de Tehan. Es un veterano dramaturgo y director de teatro que ha dirigido varias producciones teatrales, adem\u00e1s de haber escrito y publicado cuatro libros de cuentos e impartir clases de escritura de guiones en escuelas de cine. Como guionista, ha trabajado con destacados directores iran\u00edes como Abdolreza Kahani (<\/span><b><span data-contrast=\"auto\">Adam<\/span><\/b><span data-contrast=\"auto\">, <\/span><b><span data-contrast=\"auto\">Twenty <\/span><\/b><span data-contrast=\"auto\">y<\/span> <b><span data-contrast=\"auto\">No thing<\/span><\/b><span data-contrast=\"auto\">), Rakhshan Bani-Etemad (<\/span><b><span data-contrast=\"auto\">See you Elena<\/span><\/b><span data-contrast=\"auto\">), Mehdi Rahmani (<\/span><b><span data-contrast=\"auto\">Snow<\/span><\/b><span data-contrast=\"auto\">), Vahid Jalilvand (<\/span><b><span data-contrast=\"auto\">Wednesday, May 9)<\/span><\/b><span data-contrast=\"auto\"> y Yado llah Samadi (<\/span><b><span data-contrast=\"auto\">Another\u2019s father<\/span><\/b><span data-contrast=\"auto\">).<\/span><span data-ccp-props=\"{\">\u00a0<\/span><\/p>\n<hr \/>\n<p data-ccp-border-between=\"0px none #000000\" data-ccp-padding-between=\"0px\"><span style=\"color: #ff0000;\">S\u00e1bado 24 de mayo de 2025, a las 12.00 h<span data-ccp-props=\"{\">\u00a0<\/span><\/span><\/p>\n<p><b><i><span data-contrast=\"auto\">Sima\u2019s Song<\/span><\/i><\/b><b><span data-contrast=\"auto\"> | Afganist\u00e1n, Francia, Holanda y Espa\u00f1a | Roya Sadat | 2024 | 98\u2019 | VOSE | Drama<\/span><\/b><span data-ccp-props=\"{\">\u00a0<\/span><\/p>\n<p><span data-contrast=\"auto\"><img loading=\"lazy\" decoding=\"async\" class=\"size-medium wp-image-55858 alignright\" src=\"https:\/\/asianfilmfestival.barcelona\/2024\/wp-content\/uploads\/2025\/03\/Afganistan-SIMAS-SONG-300x258.png\" alt=\"\" width=\"300\" height=\"258\" srcset=\"https:\/\/asianfilmfestival.barcelona\/2024\/wp-content\/uploads\/2025\/03\/Afganistan-SIMAS-SONG-300x258.png 300w, https:\/\/asianfilmfestival.barcelona\/2024\/wp-content\/uploads\/2025\/03\/Afganistan-SIMAS-SONG.png 624w\" sizes=\"auto, (max-width: 300px) 100vw, 300px\" \/>En 2023, en las calles de Kabul, un grupo de mujeres, lideradas por Suraya, protesta contra el r\u00e9gimen talib\u00e1n exigiendo pan, educaci\u00f3n y libertad. La historia nos transporta a 1979, donde Suraya y su amiga Sima, en medio de la agitaci\u00f3n pol\u00edtica, se ven atrapadas por sus visiones opuestas de la libertad. Suraya, defensora del comunismo, se une a los pro-rusos, mientras que Sima, musulmana y conservadora, busca refugio en la tradici\u00f3n y en el matrimonio. A pesar de sus diferencias, ambas comparten una fuerte lucha por los derechos de las mujeres. A medida que la situaci\u00f3n pol\u00edtica empeora, su amistad se ve puesta a prueba, especialmente cuando Sima se ve obligada a huir al unirse a los mujahideen. A pesar de los obst\u00e1culos y de ser manipuladas por los juegos pol\u00edticos, su v\u00ednculo permanece, revelando que su lucha fue mucho m\u00e1s que una cuesti\u00f3n de poder.<\/span><span data-ccp-props=\"{\">\u00a0<\/span><\/p>\n<p><b><span data-contrast=\"auto\">Roya Sadat<\/span><\/b><span data-contrast=\"auto\"> es fundadora de Roya Film House, la productora m\u00e1s importante de Afganist\u00e1n, con m\u00e1s de 20 a\u00f1os de experiencia en el cine dedicado a los derechos humanos de las mujeres y los ni\u00f1os. Su primera pel\u00edcula, <\/span><b><span data-contrast=\"auto\">A Letter to the President<\/span><\/b><span data-contrast=\"auto\">, la convirti\u00f3 en la primera directora afgana preseleccionada para los premios Oscar. Ha recibido m\u00faltiples premios internacionales, incluido el Premio del Jurado Internacional en el Vesoul IFF, el Premio One Future en el Munich IFF y una Menci\u00f3n Especial en la Secci\u00f3n Discoveries del Asian Film Festival Barcelona | AFFBCN de 2019. Adem\u00e1s, fue pionera en la creaci\u00f3n dramas televisivos para TOLO TV.<\/span> <span data-contrast=\"auto\">Sadat fund\u00f3 la escuela de cine RFH Academy y el Festival Internacional de Cine de Mujeres de Herat. Su trabajo reflexiona sobre la situaci\u00f3n de las mujeres afganas, antes y despu\u00e9s de la ca\u00edda de Kabul en 2021. Ha sido reconocida con el Premio Nobel de Cine por la Paz KIMDAEJUNG 2021, el Premio Internacional a las Mujeres de Valor de EE. UU y la Medalla Malalai como reconocimiento a su lucha por los derechos de las mujeres.<\/span><span data-ccp-props=\"{\">\u00a0<\/span><\/p>\n<hr \/>\n<p data-ccp-border-between=\"0px none #000000\" data-ccp-padding-between=\"0px\"><span style=\"color: #ff0000;\" data-contrast=\"none\">S\u00e1bado 31 de mayo de 2025, a las 12.00 h<\/span><i><span data-contrast=\"auto\">\u00a0<\/span><\/i><span data-ccp-props=\"{\">\u00a0<\/span><\/p>\n<p><b><i><span data-contrast=\"auto\">Eternally Younger Than Those Idiots<\/span><\/i><\/b><b><span data-contrast=\"auto\"> | Jap\u00f3n | Ryohei Yoshino | 2021 | 118\u2019 | VOSE | Drama<\/span><\/b><span data-ccp-props=\"{\">\u00a0<\/span><\/p>\n<p><span data-contrast=\"auto\"><img loading=\"lazy\" decoding=\"async\" class=\"size-medium wp-image-55861 alignleft\" src=\"https:\/\/asianfilmfestival.barcelona\/2024\/wp-content\/uploads\/2025\/03\/Japon_Eternally-Younger-than-Those-Idiots-3-300x200.jpg\" alt=\"\" width=\"300\" height=\"200\" srcset=\"https:\/\/asianfilmfestival.barcelona\/2024\/wp-content\/uploads\/2025\/03\/Japon_Eternally-Younger-than-Those-Idiots-3-300x200.jpg 300w, https:\/\/asianfilmfestival.barcelona\/2024\/wp-content\/uploads\/2025\/03\/Japon_Eternally-Younger-than-Those-Idiots-3-1030x687.jpg 1030w, https:\/\/asianfilmfestival.barcelona\/2024\/wp-content\/uploads\/2025\/03\/Japon_Eternally-Younger-than-Those-Idiots-3-768x512.jpg 768w, https:\/\/asianfilmfestival.barcelona\/2024\/wp-content\/uploads\/2025\/03\/Japon_Eternally-Younger-than-Those-Idiots-3-1536x1024.jpg 1536w, https:\/\/asianfilmfestival.barcelona\/2024\/wp-content\/uploads\/2025\/03\/Japon_Eternally-Younger-than-Those-Idiots-3-1500x1000.jpg 1500w, https:\/\/asianfilmfestival.barcelona\/2024\/wp-content\/uploads\/2025\/03\/Japon_Eternally-Younger-than-Those-Idiots-3-705x470.jpg 705w, https:\/\/asianfilmfestival.barcelona\/2024\/wp-content\/uploads\/2025\/03\/Japon_Eternally-Younger-than-Those-Idiots-3.jpg 1968w\" sizes=\"auto, (max-width: 300px) 100vw, 300px\" \/>La historia empieza con Horigai, una joven de 22 a\u00f1os que consigue un contrato como trabajadora social. Pese a estar a punto de graduarse, parece estar desencantada con la Universidad, hasta que conoce a Inogi, una chica con una infancia tr\u00e1gica, con la que acaba llev\u00e1ndose bien. Cuando su amigo Homine muere, ella empieza a descubrir la violencia de la que este era capaz y de la que ella no se hab\u00eda dado cuenta cuando estaba vivo.<\/span><span data-ccp-props=\"{\">\u00a0<\/span><\/p>\n<p><b><span data-contrast=\"auto\">Ryohei Yoshino<\/span><\/b><span data-contrast=\"auto\"> comenz\u00f3 a hacer pel\u00edculas independientes mientras estudiaba en la Universidad de Hosei. Tras su graduaci\u00f3n, se matricul\u00f3 en el Instituto Japon\u00e9s de la Imagen en Movimiento, donde se especializ\u00f3 en cinematograf\u00eda y tecnolog\u00eda de la iluminaci\u00f3n. Ha ganado varios premios por sus cortometrajes y mediometrajes, y actualmente trabaja como ingeniero de iluminaci\u00f3n para v\u00eddeos musicales, director de programas de radio y en muchos otros campos.\u00a0\u00a0<\/span><span data-ccp-props=\"{\">\u00a0<\/span><\/p>\n<hr \/>\n<p data-ccp-border-between=\"0px none #000000\" data-ccp-padding-between=\"0px\"><span style=\"color: #ff0000;\">S\u00e1bado 7 de junio de 2025, a las 12.00 h<i>\u00a0<\/i><span data-ccp-props=\"{\">\u00a0<\/span><\/span><\/p>\n<p><b><i><span data-contrast=\"auto\">The Assault (Shturm)<\/span><\/i><\/b><b><span data-contrast=\"auto\"> | Kazajst\u00e1n | Adilkhan Yerzhanov | 2022 | 90\u2019 | VOSE | Drama\u00a0<\/span><\/b><span data-ccp-props=\"{\">\u00a0<\/span><\/p>\n<p><span data-contrast=\"auto\"><img loading=\"lazy\" decoding=\"async\" class=\"size-medium wp-image-55864 alignright\" src=\"https:\/\/asianfilmfestival.barcelona\/2024\/wp-content\/uploads\/2025\/03\/Kazajstan-SHTURM-THE-ASSAULT-300x242.jpg\" alt=\"\" width=\"300\" height=\"242\" srcset=\"https:\/\/asianfilmfestival.barcelona\/2024\/wp-content\/uploads\/2025\/03\/Kazajstan-SHTURM-THE-ASSAULT-300x242.jpg 300w, https:\/\/asianfilmfestival.barcelona\/2024\/wp-content\/uploads\/2025\/03\/Kazajstan-SHTURM-THE-ASSAULT.jpg 495w\" sizes=\"auto, (max-width: 300px) 100vw, 300px\" \/>Unos enmascarados con ametralladoras entran en el instituto de Karatas, toman a los alumnos como rehenes y ejecutan a uno de ellos. No exigen nada. El terror silencioso es su <\/span><i><span data-contrast=\"auto\">modus operandi<\/span><\/i><span data-contrast=\"auto\">. Como el ej\u00e9rcito tardar\u00e1 dos d\u00edas en llegar debido a una tormenta de nieve, el profesor de matem\u00e1ticas, Tazshi, decide reunir su propio equipo de asalto: su exmujer, el profesor de gimnasia, el cobarde director de la escuela, un vigilante nocturno alcoholizado, el idiota del pueblo y un incompetente jefe de polic\u00eda.\u00a0<\/span><span data-ccp-props=\"{\">\u00a0<\/span><\/p>\n<p><b><span data-contrast=\"auto\">Adilkhan Yerzhanov<\/span><\/b><span data-contrast=\"auto\"> (Kazajst\u00e1n, 1982) se form\u00f3 como cineasta en la Academia Nacional de Artes de Kazajst\u00e1n. Yerzhanov ha participado en dos ocasiones en el Programa Oficial del Festival de Cannes con <\/span><b><span data-contrast=\"auto\">The Owners<\/span><\/b><span data-contrast=\"auto\"> (2014) y <\/span><b><span data-contrast=\"auto\">The Gentle Indifference of the World<\/span><\/b><span data-contrast=\"auto\"> (2018). <\/span><b><span data-contrast=\"auto\">The Plague at the Karatas Village<\/span><\/b><span data-contrast=\"auto\"> (2016) tuvo su estreno mundial en el IFFR de 2016. Yerzhanov obtuvo el Asia Pacific Screen Award como director de <\/span><b><span data-contrast=\"auto\">A Dark, Dark Man<\/span><\/b><span data-contrast=\"auto\"> (2019).<\/span><span data-ccp-props=\"{\">\u00a0<\/span><\/p>\n<hr \/>\n<p data-ccp-border-between=\"0px none #000000\" data-ccp-padding-between=\"0px\"><span style=\"color: #ff0000;\">S\u00e1bado 14 de junio de 2025, a las 12.00 h<span data-ccp-props=\"{\">\u00a0<\/span><\/span><\/p>\n<p><b><i><span data-contrast=\"auto\">Moosa Lane<\/span><\/i><\/b><b><span data-contrast=\"auto\"> | Pakist\u00e1n | Anita Mathal Hopland | 2022 | 85\u2019 | VOSE | Documental\u00a0\u00a0<\/span><\/b><span data-ccp-props=\"{\">\u00a0<\/span><\/p>\n<p><span data-contrast=\"auto\"><img loading=\"lazy\" decoding=\"async\" class=\"size-medium wp-image-55867 alignleft\" src=\"https:\/\/asianfilmfestival.barcelona\/2024\/wp-content\/uploads\/2025\/03\/Pakistan-MOOSA-LANE-3-300x169.jpeg\" alt=\"\" width=\"300\" height=\"169\" srcset=\"https:\/\/asianfilmfestival.barcelona\/2024\/wp-content\/uploads\/2025\/03\/Pakistan-MOOSA-LANE-3-300x169.jpeg 300w, https:\/\/asianfilmfestival.barcelona\/2024\/wp-content\/uploads\/2025\/03\/Pakistan-MOOSA-LANE-3.jpeg 685w\" sizes=\"auto, (max-width: 300px) 100vw, 300px\" \/>Se trata de una epopeya familiar personal, donde la directora de origen pakistan\u00ed, Anita Mathal Hopland, repasa la historia de sus dos familias. Moosa Lane es el nombre de la calle de la capital de Pakist\u00e1n, Karachi, donde vive la mitad de su familia, mientras la otra mitad vive en Dinamarca. Este documental brinda una visi\u00f3n \u00edntima de las vidas de los tres miembros m\u00e1s j\u00f3venes de la familia y sus experiencias con la vida y la muerte. La cineasta explora la generaci\u00f3n de j\u00f3venes de su edad en Pakist\u00e1n, tratando de mostrar al mismo tiempo la experiencia personal de quien vive entre dos culturas, como es su caso. Sus circunstancias le permiten, no obstante, descubrir lo que le une y la separa de su pa\u00eds y cultura de origen, d\u00e1ndose cuenta de que no est\u00e1 tan lejos como podr\u00eda parecer en un primer momento.<\/span><span data-ccp-props=\"{\">\u00a0<\/span><\/p>\n<p><b><span data-contrast=\"auto\">Anita Mathal Hopland<\/span><\/b><span data-contrast=\"auto\"> (Kanachi, 1981) se gradu\u00f3 en la National Film School of Denmark en 2011 con el corto que present\u00f3 para su graduaci\u00f3n <\/span><b><span data-contrast=\"auto\">Underneath the Dark<\/span><\/b><span data-contrast=\"auto\">. Hopland hizo su debut como directora de largometrajes en 2017 con el documental <\/span><b><span data-contrast=\"auto\">On the Edge of Freedom<\/span><\/b><span data-contrast=\"auto\">, seguido de <\/span><b><span data-contrast=\"auto\">Lost Warrior<\/span><\/b><span data-contrast=\"auto\"> (2018) y, finalmente, de <\/span><b><span data-contrast=\"auto\">Moosa Lane<\/span><\/b><span data-contrast=\"auto\"> (2022).<\/span><span data-ccp-props=\"{\">\u00a0<\/span><\/p>\n<hr \/>\n<p><span style=\"color: #ff0000;\">S\u00e1bado 21 de junio de 2025, a las 12.00 h<span data-ccp-props=\"{\">\u00a0<\/span><\/span><\/p>\n<p><b><i><span data-contrast=\"auto\">Temporary Visa<\/span><\/i><\/b><b><span data-contrast=\"auto\"> | Singapur | Ghazi Alqudcy | Singapur | 2018 | 123\u2019 | VOSE | Crimen, Drama\u00a0<\/span><\/b><span data-ccp-props=\"{\">\u00a0<\/span><\/p>\n<p><span data-contrast=\"auto\"><img loading=\"lazy\" decoding=\"async\" class=\"size-medium wp-image-55870 alignright\" src=\"https:\/\/asianfilmfestival.barcelona\/2024\/wp-content\/uploads\/2025\/03\/Singapur-TEMPORARY-VISA-1-300x242.jpg\" alt=\"\" width=\"300\" height=\"242\" srcset=\"https:\/\/asianfilmfestival.barcelona\/2024\/wp-content\/uploads\/2025\/03\/Singapur-TEMPORARY-VISA-1-300x242.jpg 300w, https:\/\/asianfilmfestival.barcelona\/2024\/wp-content\/uploads\/2025\/03\/Singapur-TEMPORARY-VISA-1.jpg 495w\" sizes=\"auto, (max-width: 300px) 100vw, 300px\" \/>Jakub tiene problemas para prolongar su estancia en Bosnia m\u00e1s tiempo del autorizado en su visado, y se enfrenta a la posibilidad de que lo deporten si no obtiene uno temporal en cinco d\u00edas. Para solicitar uno, sin embargo, necesita un dinero que no tiene. Jakub se ha resistido a las tentadoras pero peligrosas oportunidades de hacer dinero, hasta que se da cuenta de que todo el mundo hace lo necesario para sobrevivir. Incluso su novia Emira est\u00e1 robando dinero del trabajo para continuar estudiando. Ante tales circunstancias, Jakub empieza a comprender el coste real de su situaci\u00f3n transfronteriza.\u00a0<\/span><span data-ccp-props=\"{\">\u00a0<\/span><\/p>\n<p><b><span data-contrast=\"auto\">Ghazi Alqudcy<\/span><\/b><span data-contrast=\"auto\"> (1983, Singapur) es productor, director y guionista cinematogr\u00e1fico. Tiene un m\u00e1ster de Bellas Artes en Cinematograf\u00eda de Film Factory, un programa intensivo creado por la directora cinematogr\u00e1fica h\u00fangara B\u00e9la Tarr. Ghazi ha producido m\u00e1s de 50 cortometrajes, que se han proyectado en varios festivales internacionales de cine en Europa y Asia. Su primer largometraje, <\/span><b><span data-contrast=\"auto\">Temporary Visa<\/span><\/b><span data-contrast=\"auto\"> (2018), se grab\u00f3 por completo en Sarajevo, Bosnia Herzegovina. La pel\u00edcula se present\u00f3 en el Singapore International Festival of Arts en 2019.<\/span><span data-ccp-props=\"{\">\u00a0<\/span><\/p>\n<hr \/>\n<p><span style=\"color: #ff0000;\">\u00a0S\u00e1bado 28 de junio de 2025, a las 12.00 h<span data-ccp-props=\"{\">\u00a0<\/span><\/span><\/p>\n<p><b><i><span data-contrast=\"auto\">Aydinlar<\/span><\/i><\/b><b><span data-contrast=\"auto\"> | Uzbekist\u00e1n | Muzaffarkhan Erkinov | 2020 | 96\u2019 | VOSE | Drama\u00a0<\/span><\/b><span data-ccp-props=\"{\">\u00a0<\/span><\/p>\n<p><span data-contrast=\"auto\"><img loading=\"lazy\" decoding=\"async\" class=\"size-medium wp-image-55873 alignleft\" src=\"https:\/\/asianfilmfestival.barcelona\/2024\/wp-content\/uploads\/2025\/03\/Uzbekistan-AYDINLAR-5-300x127.png\" alt=\"\" width=\"300\" height=\"127\" srcset=\"https:\/\/asianfilmfestival.barcelona\/2024\/wp-content\/uploads\/2025\/03\/Uzbekistan-AYDINLAR-5-300x127.png 300w, https:\/\/asianfilmfestival.barcelona\/2024\/wp-content\/uploads\/2025\/03\/Uzbekistan-AYDINLAR-5-1030x435.png 1030w, https:\/\/asianfilmfestival.barcelona\/2024\/wp-content\/uploads\/2025\/03\/Uzbekistan-AYDINLAR-5-768x324.png 768w, https:\/\/asianfilmfestival.barcelona\/2024\/wp-content\/uploads\/2025\/03\/Uzbekistan-AYDINLAR-5-1536x648.png 1536w, https:\/\/asianfilmfestival.barcelona\/2024\/wp-content\/uploads\/2025\/03\/Uzbekistan-AYDINLAR-5-2048x864.png 2048w, https:\/\/asianfilmfestival.barcelona\/2024\/wp-content\/uploads\/2025\/03\/Uzbekistan-AYDINLAR-5-1500x633.png 1500w, https:\/\/asianfilmfestival.barcelona\/2024\/wp-content\/uploads\/2025\/03\/Uzbekistan-AYDINLAR-5-705x297.png 705w\" sizes=\"auto, (max-width: 300px) 100vw, 300px\" \/>El largometraje narra la historia de la regi\u00f3n del Mar de Aral, en particular de la ciudad de Muynak. El protagonista, Seyit, ve desde muy peque\u00f1o que la ciudad donde naci\u00f3 y creci\u00f3 se encuentra en ruinas a causa de la desecaci\u00f3n del Mar de Aral. Seyit es criado por su abuelo Nurpeis, el cual le narra historias sobre el mar. Pero en cuanto deja de ser un ni\u00f1o, se ve obligado a abandonar Muynak para tener otro destino.<\/span><span data-ccp-props=\"{\">\u00a0<\/span><\/p>\n<p><b><span data-contrast=\"auto\">Muzaffarkhan Erkinov<\/span><\/b><span data-contrast=\"auto\"> naci\u00f3 en 1983. Ha trabajado en muchas series de televisi\u00f3n, documentales y cortos. De su trayectoria cinematogr\u00e1fica, destacan pel\u00edculas como <\/span><b><span data-contrast=\"auto\">Armon, Iqtidar, Yagonam, Kasas, Avlony, Puankare<\/span><\/b><span data-contrast=\"auto\"> y la pel\u00edcula que presentamos, <\/span><b><span data-contrast=\"auto\">Aydinlar<\/span><\/b><span data-contrast=\"auto\">, que realiz\u00f3 junto a Muzaffar Qoraboyev. Ha recibido premios nacionales como el Tasanno y el Ehtirom, y obtuvo un premio en el International Film Festival por Creative Flight, y otro en el Eurasian Film and TV Festival por Slavic Tale.<\/span><span data-ccp-props=\"{\">\u00a0<\/span><\/p>\n<p data-ccp-border-bottom=\"0px none #000000\" data-ccp-padding-bottom=\"0px\" data-ccp-border-between=\"0px none #000000\" data-ccp-padding-between=\"0px\"><span data-ccp-props=\"{\">\u00a0<\/span><\/p>\n<\/div><\/section>\n<div  class='avia-icon-list-container av-m8wx50cv-2483ea9b21ee6614a41360bd5f40547c  avia-builder-el-3  el_after_av_textblock  el_before_av_partner '><ul class='avia-icon-list avia_animate_when_almost_visible avia-icon-list-left av-iconlist-big av-m8wx50cv-2483ea9b21ee6614a41360bd5f40547c avia-iconlist-animate'>\n<li><div class='iconlist_icon av-m8wx41ga-c28cd8ccb6cea8e8bbe40d2e0c714293 avia-font-entypo-fontello'><span class='iconlist-char' aria-hidden='true' data-av_icon='\ue85b' data-av_iconfont='entypo-fontello'><\/span><\/div><article class=\"article-icon-entry av-iconlist-empty\"  itemscope=\"itemscope\" itemtype=\"https:\/\/schema.org\/BlogPosting\" itemprop=\"blogPost\" ><div class=\"iconlist_content_wrap\"><header class=\"entry-content-header\"><h4 class='av_iconlist_title iconlist_title  '  itemprop=\"headline\" >Fecha: Todos los s\u00e1bados a las 12h, del 5 de abril al 28 de junio de 2025. <\/h4><\/header><div class='iconlist_content '  itemprop=\"text\" ><\/div><\/div><footer class=\"entry-footer\"><\/footer><\/article><div class=\"iconlist-timeline\"><\/div><\/li>\n<li><div class='iconlist_icon av-m8wx4f9f-8558e79d27fbe2f671d0a2f4c25f5366 avia-font-entypo-fontello'><span class='iconlist-char' aria-hidden='true' data-av_icon='\ue842' data-av_iconfont='entypo-fontello'><\/span><\/div><article class=\"article-icon-entry av-iconlist-empty\"  itemscope=\"itemscope\" itemtype=\"https:\/\/schema.org\/BlogPosting\" itemprop=\"blogPost\" ><div class=\"iconlist_content_wrap\"><header class=\"entry-content-header\"><h4 class='av_iconlist_title iconlist_title  '  itemprop=\"headline\" >MK2 Cine Paz | Calle de Fuencarral, 125, Madrid. <\/h4><\/header><div class='iconlist_content '  itemprop=\"text\" ><\/div><\/div><footer class=\"entry-footer\"><\/footer><\/article><div class=\"iconlist-timeline\"><\/div><\/li>\n<li><div class='iconlist_icon av-m8wx4rqe-7377a5b9095e243399b24b97b361327c avia-font-entypo-fontello'><span class='iconlist-char' aria-hidden='true' data-av_icon='\ue809' data-av_iconfont='entypo-fontello'><\/span><\/div><article class=\"article-icon-entry \"  itemscope=\"itemscope\" itemtype=\"https:\/\/schema.org\/BlogPosting\" itemprop=\"blogPost\" ><div class=\"iconlist_content_wrap\"><header class=\"entry-content-header\"><\/header><div class='iconlist_content '  itemprop=\"text\" ><p><span style=\"color: #ffffff;\"><span style=\"color: #ff0000;\">Precio entrada: <\/span><span style=\"color: #ff0000;\">6\u20ac<\/span><\/span><\/p>\n<\/div><\/div><footer class=\"entry-footer\"><\/footer><\/article><div class=\"iconlist-timeline\"><\/div><\/li>\n<\/ul><\/div>\n\n<style type=\"text\/css\" data-created_by=\"avia_inline_auto\" id=\"style-css-av-m8wx6l1j-a453a84bc733fa9490f4203d5baf6c6d\">\n.avia-logo-element-container.av-m8wx6l1j-a453a84bc733fa9490f4203d5baf6c6d .av-partner-fake-img{\nbackground-size:cover;\n}\n<\/style>\n<div  class='avia-logo-element-container av-m8wx6l1j-a453a84bc733fa9490f4203d5baf6c6d avia-logo-slider avia-content-slider avia-smallarrow-slider avia-content-slider-active noHover avia-content-slider-odd  avia-builder-el-4  el_after_av_iconlist  avia-builder-el-last  av-slideshow-ui av-control-default av-nav-arrows-visible av-nav-dots-visible av-no-slider-navigation av-slideshow-manual av-loop-once av-loop-manual-endless avia-content-slider1' data-slideshow-options=\"{&quot;animation&quot;:&quot;slide&quot;,&quot;autoplay&quot;:false,&quot;loop_autoplay&quot;:&quot;once&quot;,&quot;interval&quot;:5,&quot;loop_manual&quot;:&quot;manual-endless&quot;,&quot;autoplay_stopper&quot;:false,&quot;noNavigation&quot;:false,&quot;bg_slider&quot;:false,&quot;keep_padding&quot;:&quot;&quot;,&quot;hoverpause&quot;:false,&quot;show_slide_delay&quot;:0}\"><div class='avia-smallarrow-slider-heading '><div class='new-special-heading'><h3 class='av-logo-special-heading-text '>ORGANIZA<\/h3><\/div><\/div><div class=\"avia-content-slider-inner\"><div class=\"slide-entry-wrap\"><div  class='slide-entry av-av_partner_logo-431138815631c76ce3ff93a8ff0d931d flex_column no_margin av_one_third real-thumbnail post-entry slide-entry-overview slide-loop-1 slide-parity-odd  first'><span class='av-partner-fake-img' style='padding-bottom:96.550264550265%; background-image:url(https:\/\/asianfilmfestival.barcelona\/2024\/wp-content\/uploads\/2024\/11\/CasaAsia2020_CMYK_Standard-1.jpg);'><\/span><\/div><div  class='slide-entry av-av_partner_logo-155affe7bc7bcf2ef53a312aeea86300 flex_column no_margin av_one_third real-thumbnail post-entry slide-entry-overview slide-loop-2 slide-parity-even post-entry-last '><span class='av-partner-fake-img' style='padding-bottom:96.550264550265%; background-image:url(https:\/\/asianfilmfestival.barcelona\/2024\/wp-content\/uploads\/2024\/11\/P8kQmazs_400x400.webp);'><\/span><\/div><\/div><\/div><\/div>\n","protected":false},"excerpt":{"rendered":"","protected":false},"author":9,"featured_media":55830,"comment_status":"closed","ping_status":"open","sticky":false,"template":"","format":"standard","meta":{"_acf_changed":false,"footnotes":""},"categories":[32],"tags":[],"class_list":["post-55834","post","type-post","status-publish","format-standard","has-post-thumbnail","hentry","category-noticias"],"acf":[],"_links":{"self":[{"href":"https:\/\/asianfilmfestival.barcelona\/2024\/es\/wp-json\/wp\/v2\/posts\/55834","targetHints":{"allow":["GET"]}}],"collection":[{"href":"https:\/\/asianfilmfestival.barcelona\/2024\/es\/wp-json\/wp\/v2\/posts"}],"about":[{"href":"https:\/\/asianfilmfestival.barcelona\/2024\/es\/wp-json\/wp\/v2\/types\/post"}],"author":[{"embeddable":true,"href":"https:\/\/asianfilmfestival.barcelona\/2024\/es\/wp-json\/wp\/v2\/users\/9"}],"replies":[{"embeddable":true,"href":"https:\/\/asianfilmfestival.barcelona\/2024\/es\/wp-json\/wp\/v2\/comments?post=55834"}],"version-history":[{"count":4,"href":"https:\/\/asianfilmfestival.barcelona\/2024\/es\/wp-json\/wp\/v2\/posts\/55834\/revisions"}],"predecessor-version":[{"id":55879,"href":"https:\/\/asianfilmfestival.barcelona\/2024\/es\/wp-json\/wp\/v2\/posts\/55834\/revisions\/55879"}],"wp:featuredmedia":[{"embeddable":true,"href":"https:\/\/asianfilmfestival.barcelona\/2024\/es\/wp-json\/wp\/v2\/media\/55830"}],"wp:attachment":[{"href":"https:\/\/asianfilmfestival.barcelona\/2024\/es\/wp-json\/wp\/v2\/media?parent=55834"}],"wp:term":[{"taxonomy":"category","embeddable":true,"href":"https:\/\/asianfilmfestival.barcelona\/2024\/es\/wp-json\/wp\/v2\/categories?post=55834"},{"taxonomy":"post_tag","embeddable":true,"href":"https:\/\/asianfilmfestival.barcelona\/2024\/es\/wp-json\/wp\/v2\/tags?post=55834"}],"curies":[{"name":"wp","href":"https:\/\/api.w.org\/{rel}","templated":true}]}}