{"id":37834,"date":"2021-11-25T10:08:15","date_gmt":"2021-11-25T09:08:15","guid":{"rendered":"http:\/\/asianfilmfestival.barcelona\/2022\/?p=37834"},"modified":"2021-11-25T11:01:32","modified_gmt":"2021-11-25T10:01:32","slug":"entrevista-a-sahraa-karimi","status":"publish","type":"post","link":"https:\/\/asianfilmfestival.barcelona\/2024\/es\/entrevista-a-sahraa-karimi\/","title":{"rendered":"Entrevista con Sahraa Karimi"},"content":{"rendered":"<section  class='av_textblock_section av-kwcencyb-4ce5a667a3c67975406524dada77e451 '   itemscope=\"itemscope\" itemtype=\"https:\/\/schema.org\/BlogPosting\" itemprop=\"blogPost\" ><div class='avia_textblock'  itemprop=\"text\" ><h1 style=\"text-align: center;\">Entrevista con Sahraa Karimi, directora afgana<\/h1>\n<\/div><\/section>\n\n<style type=\"text\/css\" data-created_by=\"avia_inline_auto\" id=\"style-css-av-lxfg6i-a8a41a96cb12216d9cb9a17d0559449f\">\n.avia-video.av-lxfg6i-a8a41a96cb12216d9cb9a17d0559449f{\nbackground-image:url(https:\/\/asianfilmfestival.barcelona\/2024\/wp-content\/uploads\/2021\/11\/Sahraa-Karimi-Getty-H-2021-1235048301-300x169.jpeg);\n}\n<\/style>\n<div  class='avia-video av-lxfg6i-a8a41a96cb12216d9cb9a17d0559449f avia-video-16-9 av-preview-image avia-video-load-always av-lazyload-immediate av-lazyload-video-embed'  itemprop=\"video\" itemtype=\"https:\/\/schema.org\/VideoObject\"  data-original_url='https:\/\/www.youtube.com\/watch?v=ON5XjVg_sNc'><script type='text\/html' class='av-video-tmpl'><div class='avia-iframe-wrap'><iframe loading=\"lazy\" title=\"Interview with Sahraa Karimi, Afghan film director\" width=\"1500\" height=\"844\" src=\"https:\/\/www.youtube.com\/embed\/ON5XjVg_sNc?feature=oembed&autoplay=0&loop=0&controls=1&mute=0\" frameborder=\"0\" allow=\"accelerometer; autoplay; clipboard-write; encrypted-media; gyroscope; picture-in-picture\" allowfullscreen><\/iframe><\/div><\/script><div class='av-click-to-play-overlay'><div class=\"avia_playpause_icon\"><\/div><\/div><\/div>\n<section  class='av_textblock_section av-kwerfyiw-a802c1129c7586950e82fbc14fdfa695 '   itemscope=\"itemscope\" itemtype=\"https:\/\/schema.org\/BlogPosting\" itemprop=\"blogPost\" ><div class='avia_textblock'  itemprop=\"text\" ><p style=\"text-align: center;\"><strong>PRESIDENTA DE LA AFGHAN FILM ORGANISATION | MIEMBRO DEL JURADO DE LA SECCI\u00d3N OFICIAL DEL AFFBCN 2021<\/strong><\/p>\n<\/div><\/section>\n<section  class='av_textblock_section av-kweqet3p-55e86e0e781534cfb2b32104888102fb '   itemscope=\"itemscope\" itemtype=\"https:\/\/schema.org\/BlogPosting\" itemprop=\"blogPost\" ><div class='avia_textblock'  itemprop=\"text\" ><p>Nacida en Teher\u00e1n,<strong> Sahraa Karimi<\/strong> es una documentalista, directora y productora de pel\u00edculas afganas. Su primer contacto con el mundo del cine fue actuando en la pel\u00edcula iran\u00ed\u00a0<strong><em>Daughters of the Sun<\/em><\/strong>, dirigida por Maryam Shahriar. Fue la primera ni\u00f1a afgana en trabajar en el cine iran\u00ed, adem\u00e1s de la primera mujer directora de Afghan Film Organisation, y la primera (y \u00fanica) mujer en Afganist\u00e1n que posee un doctorado en cine y direcci\u00f3n. Sus obras tienen como punto focal las mujeres afganas, y en ellas no solo habla de la discriminaci\u00f3n que estas reciben, sino que tambi\u00e9n aplaude su fortaleza. Karimi ha participado en m\u00e1s de 150 festivales de cine internacionales.<\/p>\n<\/div><\/section>\n","protected":false},"excerpt":{"rendered":"","protected":false},"author":8,"featured_media":37970,"comment_status":"closed","ping_status":"open","sticky":false,"template":"","format":"standard","meta":{"_acf_changed":false,"footnotes":""},"categories":[32],"tags":[],"class_list":["post-37834","post","type-post","status-publish","format-standard","has-post-thumbnail","hentry","category-noticias"],"acf":[],"_links":{"self":[{"href":"https:\/\/asianfilmfestival.barcelona\/2024\/es\/wp-json\/wp\/v2\/posts\/37834","targetHints":{"allow":["GET"]}}],"collection":[{"href":"https:\/\/asianfilmfestival.barcelona\/2024\/es\/wp-json\/wp\/v2\/posts"}],"about":[{"href":"https:\/\/asianfilmfestival.barcelona\/2024\/es\/wp-json\/wp\/v2\/types\/post"}],"author":[{"embeddable":true,"href":"https:\/\/asianfilmfestival.barcelona\/2024\/es\/wp-json\/wp\/v2\/users\/8"}],"replies":[{"embeddable":true,"href":"https:\/\/asianfilmfestival.barcelona\/2024\/es\/wp-json\/wp\/v2\/comments?post=37834"}],"version-history":[{"count":0,"href":"https:\/\/asianfilmfestival.barcelona\/2024\/es\/wp-json\/wp\/v2\/posts\/37834\/revisions"}],"wp:featuredmedia":[{"embeddable":true,"href":"https:\/\/asianfilmfestival.barcelona\/2024\/es\/wp-json\/wp\/v2\/media\/37970"}],"wp:attachment":[{"href":"https:\/\/asianfilmfestival.barcelona\/2024\/es\/wp-json\/wp\/v2\/media?parent=37834"}],"wp:term":[{"taxonomy":"category","embeddable":true,"href":"https:\/\/asianfilmfestival.barcelona\/2024\/es\/wp-json\/wp\/v2\/categories?post=37834"},{"taxonomy":"post_tag","embeddable":true,"href":"https:\/\/asianfilmfestival.barcelona\/2024\/es\/wp-json\/wp\/v2\/tags?post=37834"}],"curies":[{"name":"wp","href":"https:\/\/api.w.org\/{rel}","templated":true}]}}