{"id":33079,"date":"2021-08-05T16:11:33","date_gmt":"2021-08-05T14:11:33","guid":{"rendered":"http:\/\/asianfilmfestival.barcelona\/2022\/casa-asia-national-museum-thyssen-bornemisza-and-mav-women-in-visual-arts-in-the-international-womens-day\/"},"modified":"2021-10-05T18:55:05","modified_gmt":"2021-10-05T16:55:05","slug":"casa-asia-en-el-dia-internacional-de-la-mujer-un-encuentro-con-alice","status":"publish","type":"post","link":"https:\/\/asianfilmfestival.barcelona\/2024\/es\/casa-asia-en-el-dia-internacional-de-la-mujer-un-encuentro-con-alice\/","title":{"rendered":"Casa Asia en el D\u00eda Internacional de la Mujer: \u00abUn encuentro con Alice\u00bb"},"content":{"rendered":"\n<style type=\"text\/css\" data-created_by=\"avia_inline_auto\" id=\"style-css-av-kryz8m6a-78292bfb96e9e1cc7c640e3f1ce2a47b\">\n.avia-image-container.av-kryz8m6a-78292bfb96e9e1cc7c640e3f1ce2a47b img.avia_image{\nbox-shadow:none;\n}\n.avia-image-container.av-kryz8m6a-78292bfb96e9e1cc7c640e3f1ce2a47b .av-image-caption-overlay-center{\ncolor:#ffffff;\n}\n<\/style>\n<div  class='avia-image-container av-kryz8m6a-78292bfb96e9e1cc7c640e3f1ce2a47b av-styling- avia-align-center  avia-builder-el-0  el_before_av_textblock  avia-builder-el-first '   itemprop=\"image\" itemscope=\"itemscope\" itemtype=\"https:\/\/schema.org\/ImageObject\" ><div class=\"avia-image-container-inner\"><div class=\"avia-image-overlay-wrap\"><img decoding=\"async\" fetchpriority=\"high\" class='wp-image-32827 avia-img-lazy-loading-not-32827 avia_image ' src=\"https:\/\/asianfilmfestival.barcelona\/2024\/wp-content\/uploads\/2021\/08\/Australia-ALICE-1-1.jpg\" alt='' title='Australia-ALICE-1-1'  height=\"250\" width=\"600\"  itemprop=\"thumbnailUrl\" srcset=\"https:\/\/asianfilmfestival.barcelona\/2024\/wp-content\/uploads\/2021\/08\/Australia-ALICE-1-1.jpg 600w, https:\/\/asianfilmfestival.barcelona\/2024\/wp-content\/uploads\/2021\/08\/Australia-ALICE-1-1-300x125.jpg 300w\" sizes=\"(max-width: 600px) 100vw, 600px\" \/><\/div><\/div><\/div>\n<section  class='av_textblock_section av-kryz8tjq-73d10803693748147db398787e7f1ce5 '   itemscope=\"itemscope\" itemtype=\"https:\/\/schema.org\/BlogPosting\" itemprop=\"blogPost\" ><div class='avia_textblock'  itemprop=\"text\" ><h1 style=\"text-align: center;\">Casa Asia en el D\u00eda Internacional de la Mujer: \u00abUn encuentro con Alice\u00bb<\/h1>\n<\/div><\/section>\n<section  class='av_textblock_section av-kryz94bp-e5d551e15b25cb677a58b427b469b549 '   itemscope=\"itemscope\" itemtype=\"https:\/\/schema.org\/BlogPosting\" itemprop=\"blogPost\" ><div class='avia_textblock'  itemprop=\"text\" ><p><b>En el marco del D\u00eda Internacional de la Mujer 2021, Casa Asia programa con el Museo Nacional Thyssen-Bornemisza y MAV | Mujeres en las Artes Visuales, un encuentro, el 5 y el 6 de marzo. Los respectivos actos consistir\u00e1n en la proyecci\u00f3n de la pel\u00edcula\u00a0<i>La decisi\u00f3n de Alice,<\/i>\u00a0dirigida por la cineasta australiana Josephine Mackerras, seguida de una mesa redonda. El d\u00eda 5 de marzo contaremos con la presencia de Lola D\u00edaz Gonz\u00e1lez-Blanco, presidenta de MAV, Elena Manr\u00edquez, Gloria Oyarz\u00e1bal Lodge y Menene Gras Balaguer; y el d\u00eda 6, con la participaci\u00f3n de Cecilia Bartolom\u00e9, Marisa Gonz\u00e1lez y Javier Mart\u00edn Dom\u00ednguez.<span class=\"Apple-converted-space\">\u00a0 \u00a0<\/span><\/b><\/p>\n<p class=\"p1\"><span class=\"s1\">Josephine Mackerras es una cineasta, productora y guionista australiana, que comparti\u00f3 su infancia entre Australia y China, y a los 16 a\u00f1os se fue a vivir a Jerusal\u00e9n y desde all\u00ed a \u00c1msterdam y a Nueva York, donde curs\u00f3 estudios cinematogr\u00e1ficos. Sus cortometrajes\u00a0<i>A Sign, Modlitba, L\u2019enfant perdu<\/i>\u00a0y\u00a0<i>Diva<\/i>\u00a0se han proyectado en m\u00e1s de noventa festivales.\u00a0<i>La decisi\u00f3n de Alice<\/i>, su primer largometraje, es la historia de una mujer que lucha por su emancipaci\u00f3n a ra\u00edz del enga\u00f1o del que es objeto por parte de Fran\u00e7ois, su marido y padre de su hijo, con los que vive en Paris. Un d\u00eda, descubre que sus tarjetas de cr\u00e9dito han sido bloqueadas y la cuenta bancaria vaciada por su marido, el cual mantiene una vida secreta con prostitutas y acompa\u00f1antes de lujo. Poco a poco, la protagonista dar\u00e1 un giro radical a su vida, asumiendo la situaci\u00f3n y demostr\u00e1ndose a s\u00ed misma de lo que es capaz. Fran\u00e7ois volver\u00e1 derrotado a casa, pero nada ser\u00e1 igual. Esta pel\u00edcula se proyect\u00f3 en la pasada edici\u00f3n del Asian Film Festival Barcelona | AFFBCN 2020.<\/span><\/p>\n<p class=\"p1\"><span class=\"s1\">Presentaci\u00f3n:<br \/>\n<strong>Guillermo Solana<\/strong>, director art\u00edstico del Museo Nacional Thyssen-Bornemisza<\/span><\/p>\n<p class=\"p3\"><em><span class=\"s1\">Viernes 5 de marzo de 2021, a las 18.00 h\u00a0<\/span><span class=\"s2\"><span class=\"Apple-converted-space\">\u00a0 \u00a0 \u00a0 \u00a0 \u00a0 \u00a0 \u00a0 \u00a0 \u00a0 \u00a0 \u00a0<\/span><\/span><\/em><\/p>\n<p class=\"p1\"><span class=\"s1\"><b>Proyecci\u00f3n:\u00a0<i>La decisi\u00f3n de Alice.<\/i><\/b><br \/>\nDir. Josephine Mackerras |2019 | 103\u2019 | VOSE | Australia\/Francia | Drama\u00a0<\/span><\/p>\n<p class=\"p1\"><span class=\"s1\">Mesa redonda a cargo de:<br \/>\n<\/span><span class=\"s1\"><strong>Lola D\u00edaz Gonz\u00e1lez-Blanco<\/strong>, presidenta de MAV | Mujeres en las Artes Visuales.<br \/>\n<\/span><span class=\"s1\"><strong>Elena Manr\u00edquez<\/strong>, programadora del Festival de Cine hecho por Mujeres.<span class=\"Apple-converted-space\"><br \/>\n<\/span><strong>Gloria Oyarz\u00e1bal Lodge<\/strong>, fot\u00f3grafa y artista visual.<\/span><\/p>\n<p class=\"p1\"><span class=\"s1\">Modera:<br \/>\n<strong>Menene Gras Balaguer<\/strong>, directora de Cultura y Exposiciones de Casa Asia y directora del AFFBCN.<\/span><\/p>\n<p class=\"p3\"><em><span class=\"s1\">S\u00e1bado 6 de marzo de 2021, a las 18.00 h\u00a0<span class=\"Apple-converted-space\">\u00a0 \u00a0 \u00a0 \u00a0 \u00a0 \u00a0 \u00a0 \u00a0 \u00a0 \u00a0 \u00a0 \u00a0 \u00a0 \u00a0 \u00a0 \u00a0 \u00a0 \u00a0 \u00a0 \u00a0 \u00a0 \u00a0 \u00a0 \u00a0 \u00a0 \u00a0 \u00a0 \u00a0 \u00a0 \u00a0 \u00a0 \u00a0 \u00a0 \u00a0 \u00a0 \u00a0 \u00a0 \u00a0 \u00a0 \u00a0 \u00a0 \u00a0 \u00a0 \u00a0 \u00a0 \u00a0 \u00a0 \u00a0 \u00a0 \u00a0 \u00a0 \u00a0 \u00a0 \u00a0 \u00a0 \u00a0 \u00a0 \u00a0 \u00a0 \u00a0 \u00a0 \u00a0 \u00a0 \u00a0 \u00a0 \u00a0 \u00a0 \u00a0 \u00a0 \u00a0 \u00a0 \u00a0 \u00a0 \u00a0 \u00a0 \u00a0 \u00a0 \u00a0 \u00a0 \u00a0 \u00a0<\/span><\/span><\/em><\/p>\n<p class=\"p1\"><span class=\"s1\"><b>Proyecci\u00f3n:\u00a0<i>La decisi\u00f3n de Alice.<\/i><\/b><br \/>\nDir. Josephine Mackerras | 2019 | 103\u2019 | VOSE | Australia\/Francia | Drama\u00a0<\/span><\/p>\n<p class=\"p1\"><span class=\"s1\">Mesa redonda a cargo de:<br \/>\n<\/span><span class=\"s1\"><strong>Cecilia Bartolom\u00e9 Pina<\/strong>, directora de cine, guionista y productora. Medalla de oro del m\u00e9rito a las Bellas Artes.<span class=\"Apple-converted-space\"><br \/>\n<\/span><strong>Marisa Gonz\u00e1lez<\/strong>, artista multimedia, asesora de MAV.\u00a0<span class=\"Apple-converted-space\"><br \/>\n<\/span><strong>Javier Mart\u00edn Dom\u00ednguez<\/strong>, autor del documental\u00a0<em>Leonora Carrington y el juego surrealista<\/em>. Dirige el Club Internacional de Prensa.<\/span><\/p>\n<p class=\"p1\"><span class=\"s1\">Modera:<br \/>\n<strong>Menene Gras Balaguer<\/strong>, directora de Cultura y Exposiciones de Casa Asia y directora del AFFBCN.<\/span><\/p>\n<\/div><\/section>\n<div  class='avia-icon-list-container av-kryzcd8y-8b15442daabdf2eaff459bae008848fd  avia-builder-el-3  el_after_av_textblock  el_before_av_partner '><ul class='avia-icon-list avia_animate_when_almost_visible avia-icon-list-left av-iconlist-big av-kryzcd8y-8b15442daabdf2eaff459bae008848fd avia-iconlist-animate'>\n<li><div class='iconlist_icon av-41xpvv7-3fd688bc64a02a9d480fa9472818fe4a avia-font-entypo-fontello'><span class='iconlist-char' aria-hidden='true' data-av_icon='\ue85b' data-av_iconfont='entypo-fontello'><\/span><\/div><article class=\"article-icon-entry \"  itemscope=\"itemscope\" itemtype=\"https:\/\/schema.org\/BlogPosting\" itemprop=\"blogPost\" ><div class=\"iconlist_content_wrap\"><header class=\"entry-content-header\"><\/header><div class='iconlist_content '  itemprop=\"text\" ><p>05\/03\/2021<\/p>\n<\/div><\/div><footer class=\"entry-footer\"><\/footer><\/article><div class=\"iconlist-timeline\"><\/div><\/li>\n<li><div class='iconlist_icon av-3fnbzw3-1eeaac27e3cdceeb81a20c2464e10cb8 avia-font-entypo-fontello'><span class='iconlist-char' aria-hidden='true' data-av_icon='\ue862' data-av_iconfont='entypo-fontello'><\/span><\/div><article class=\"article-icon-entry \"  itemscope=\"itemscope\" itemtype=\"https:\/\/schema.org\/BlogPosting\" itemprop=\"blogPost\" ><div class=\"iconlist_content_wrap\"><header class=\"entry-content-header\"><\/header><div class='iconlist_content '  itemprop=\"text\" ><p>Friday 5th and Saturday 6th of March, 2021. 18.00<\/p>\n<\/div><\/div><footer class=\"entry-footer\"><\/footer><\/article><div class=\"iconlist-timeline\"><\/div><\/li>\n<li><div class='iconlist_icon av-316fuqb-d8c439130c8cefa0b6fbc09b35e23667 avia-font-entypo-fontello'><span class='iconlist-char' aria-hidden='true' data-av_icon='\ue842' data-av_iconfont='entypo-fontello'><\/span><\/div><article class=\"article-icon-entry \"  itemscope=\"itemscope\" itemtype=\"https:\/\/schema.org\/BlogPosting\" itemprop=\"blogPost\" ><div class=\"iconlist_content_wrap\"><header class=\"entry-content-header\"><\/header><div class='iconlist_content '  itemprop=\"text\" ><p><strong>National Museum Thyssen-Bornemisza<\/strong>\u00a0Paseo del Prado, 8, 28014 Madrid<\/p>\n<\/div><\/div><footer class=\"entry-footer\"><\/footer><\/article><div class=\"iconlist-timeline\"><\/div><\/li>\n<li><div class='iconlist_icon av-2nhl85v-a528c23e384aca2f23558f95661d7b7c avia-font-entypo-fontello'><span class='iconlist-char' aria-hidden='true' data-av_icon='\ue8cb' data-av_iconfont='entypo-fontello'><\/span><\/div><article class=\"article-icon-entry \"  itemscope=\"itemscope\" itemtype=\"https:\/\/schema.org\/BlogPosting\" itemprop=\"blogPost\" ><div class=\"iconlist_content_wrap\"><header class=\"entry-content-header\"><\/header><div class='iconlist_content '  itemprop=\"text\" ><p><strong>Ticket price:<\/strong>\u00a0It is necessary that each individual subscribe themselves starting from March 1, indicating the date of the session through\u00a0<strong><u>protocolo@museothyssen.org<\/u><\/strong><\/p>\n<\/div><\/div><footer class=\"entry-footer\"><\/footer><\/article><div class=\"iconlist-timeline\"><\/div><\/li>\n<li><div class='iconlist_icon av-1y6hl4j-d74a6977a43088116d13badc29071565 avia-font-entypo-fontello'><span class='iconlist-char' aria-hidden='true' data-av_icon='\ue80a' data-av_iconfont='entypo-fontello'><\/span><\/div><article class=\"article-icon-entry \"  itemscope=\"itemscope\" itemtype=\"https:\/\/schema.org\/BlogPosting\" itemprop=\"blogPost\" ><div class=\"iconlist_content_wrap\"><header class=\"entry-content-header\"><\/header><div class='iconlist_content '  itemprop=\"text\" ><p>Casa Asia , Museo Nacional Thyssen-Bornemisza\u00a0 with the collaboration of MAV | Mujeres en las Artes Visuales and Flamingo Films.<\/p>\n<\/div><\/div><footer class=\"entry-footer\"><\/footer><\/article><div class=\"iconlist-timeline\"><\/div><\/li>\n<\/ul><\/div>\n\n<style type=\"text\/css\" data-created_by=\"avia_inline_auto\" id=\"style-css-av-kryzfkyz-7287f7d6f247f181475794c4ffba9eed\">\n.avia-logo-element-container.av-kryzfkyz-7287f7d6f247f181475794c4ffba9eed .av-partner-fake-img{\nbackground-size:cover;\n}\n<\/style>\n<div  class='avia-logo-element-container av-kryzfkyz-7287f7d6f247f181475794c4ffba9eed avia-logo-slider avia-content-slider avia-smallarrow-slider avia-content-slider-active noHover avia-content-slider-odd  avia-builder-el-4  el_after_av_iconlist  avia-builder-el-last  av-slideshow-ui av-control-default av-nav-arrows-visible av-nav-dots-visible av-no-slider-navigation av-slideshow-manual av-loop-once av-loop-manual-endless avia-content-slider1' data-slideshow-options=\"{&quot;animation&quot;:&quot;slide&quot;,&quot;autoplay&quot;:false,&quot;loop_autoplay&quot;:&quot;once&quot;,&quot;interval&quot;:5,&quot;loop_manual&quot;:&quot;manual-endless&quot;,&quot;autoplay_stopper&quot;:false,&quot;noNavigation&quot;:false,&quot;bg_slider&quot;:false,&quot;keep_padding&quot;:&quot;&quot;,&quot;hoverpause&quot;:false,&quot;show_slide_delay&quot;:0}\"><div class='avia-smallarrow-slider-heading  no-logo-slider-heading '><div class='new-special-heading'>&nbsp;<\/div><\/div><div class=\"avia-content-slider-inner\"><div class=\"slide-entry-wrap\"><div  class='slide-entry av-1pvb9n7-d1a040f0ea3ab1d2f96455719ee7d79c flex_column no_margin av_one_third real-thumbnail post-entry slide-entry-overview slide-loop-1 slide-parity-odd  first'><\/div><div  class='slide-entry av-17oxqnn-24881b87052d0263cd5a5a8616e87ab9 flex_column no_margin av_one_third real-thumbnail post-entry slide-entry-overview slide-loop-2 slide-parity-even  '><\/div><div  class='slide-entry av-wzyuwj-78c1b615116608f96a959b6df4a00d2d flex_column no_margin av_one_third real-thumbnail post-entry slide-entry-overview slide-loop-3 slide-parity-odd post-entry-last '><\/div><\/div><\/div><\/div>\n","protected":false},"excerpt":{"rendered":"","protected":false},"author":8,"featured_media":32827,"comment_status":"closed","ping_status":"open","sticky":false,"template":"","format":"standard","meta":{"_acf_changed":false,"footnotes":""},"categories":[32],"tags":[],"class_list":["post-33079","post","type-post","status-publish","format-standard","has-post-thumbnail","hentry","category-noticias"],"acf":[],"_links":{"self":[{"href":"https:\/\/asianfilmfestival.barcelona\/2024\/es\/wp-json\/wp\/v2\/posts\/33079","targetHints":{"allow":["GET"]}}],"collection":[{"href":"https:\/\/asianfilmfestival.barcelona\/2024\/es\/wp-json\/wp\/v2\/posts"}],"about":[{"href":"https:\/\/asianfilmfestival.barcelona\/2024\/es\/wp-json\/wp\/v2\/types\/post"}],"author":[{"embeddable":true,"href":"https:\/\/asianfilmfestival.barcelona\/2024\/es\/wp-json\/wp\/v2\/users\/8"}],"replies":[{"embeddable":true,"href":"https:\/\/asianfilmfestival.barcelona\/2024\/es\/wp-json\/wp\/v2\/comments?post=33079"}],"version-history":[{"count":0,"href":"https:\/\/asianfilmfestival.barcelona\/2024\/es\/wp-json\/wp\/v2\/posts\/33079\/revisions"}],"wp:featuredmedia":[{"embeddable":true,"href":"https:\/\/asianfilmfestival.barcelona\/2024\/es\/wp-json\/wp\/v2\/media\/32827"}],"wp:attachment":[{"href":"https:\/\/asianfilmfestival.barcelona\/2024\/es\/wp-json\/wp\/v2\/media?parent=33079"}],"wp:term":[{"taxonomy":"category","embeddable":true,"href":"https:\/\/asianfilmfestival.barcelona\/2024\/es\/wp-json\/wp\/v2\/categories?post=33079"},{"taxonomy":"post_tag","embeddable":true,"href":"https:\/\/asianfilmfestival.barcelona\/2024\/es\/wp-json\/wp\/v2\/tags?post=33079"}],"curies":[{"name":"wp","href":"https:\/\/api.w.org\/{rel}","templated":true}]}}