{"id":32521,"date":"2021-08-05T19:21:20","date_gmt":"2021-08-05T17:21:20","guid":{"rendered":"http:\/\/asianfilmfestival.barcelona\/2022\/?p=30707"},"modified":"2021-10-05T17:50:52","modified_gmt":"2021-10-05T15:50:52","slug":"i-congreso-internacional-de-cines-del-mundo-cine-de-la-india-wocico-2021","status":"publish","type":"post","link":"https:\/\/asianfilmfestival.barcelona\/2024\/es\/i-congreso-internacional-de-cines-del-mundo-cine-de-la-india-wocico-2021\/","title":{"rendered":"I Congreso Internacional de Cines del Mundo &#8211; Cine de la India (WOCICO 2021)"},"content":{"rendered":"\n<style type=\"text\/css\" data-created_by=\"avia_inline_auto\" id=\"style-css-av-krz69rjk-bc27f56d20298429fdeb4b63142e3a6d\">\n.avia-image-container.av-krz69rjk-bc27f56d20298429fdeb4b63142e3a6d img.avia_image{\nbox-shadow:none;\n}\n.avia-image-container.av-krz69rjk-bc27f56d20298429fdeb4b63142e3a6d .av-image-caption-overlay-center{\ncolor:#ffffff;\n}\n<\/style>\n<div  class='avia-image-container av-krz69rjk-bc27f56d20298429fdeb4b63142e3a6d av-styling- avia-align-center  avia-builder-el-0  el_before_av_textblock  avia-builder-el-first '   itemprop=\"image\" itemscope=\"itemscope\" itemtype=\"https:\/\/schema.org\/ImageObject\" ><div class=\"avia-image-container-inner\"><div class=\"avia-image-overlay-wrap\"><img decoding=\"async\" fetchpriority=\"high\" class='wp-image-32651 avia-img-lazy-loading-not-32651 avia_image ' src=\"https:\/\/asianfilmfestival.barcelona\/2024\/wp-content\/uploads\/2021\/08\/Congreso-de-cine-de-India-1030x590-3-2.jpeg\" alt='' title='Congreso-de-cine-de-India-1030x590-3'  height=\"590\" width=\"1030\"  itemprop=\"thumbnailUrl\" srcset=\"https:\/\/asianfilmfestival.barcelona\/2024\/wp-content\/uploads\/2021\/08\/Congreso-de-cine-de-India-1030x590-3-2.jpeg 1030w, https:\/\/asianfilmfestival.barcelona\/2024\/wp-content\/uploads\/2021\/08\/Congreso-de-cine-de-India-1030x590-3-2-300x172.jpeg 300w, https:\/\/asianfilmfestival.barcelona\/2024\/wp-content\/uploads\/2021\/08\/Congreso-de-cine-de-India-1030x590-3-2-768x440.jpeg 768w, https:\/\/asianfilmfestival.barcelona\/2024\/wp-content\/uploads\/2021\/08\/Congreso-de-cine-de-India-1030x590-3-2-705x404.jpeg 705w\" sizes=\"(max-width: 1030px) 100vw, 1030px\" \/><\/div><\/div><\/div>\n<section  class='av_textblock_section av-krz69xtq-3e49065194d81e4b8a8334d7d930470a '   itemscope=\"itemscope\" itemtype=\"https:\/\/schema.org\/BlogPosting\" itemprop=\"blogPost\" ><div class='avia_textblock'  itemprop=\"text\" ><h1 style=\"text-align: center;\">I Congreso Internacional de Cines del Mundo &#8211; Cine de la India (WOCICO 2021)<\/h1>\n<\/div><\/section>\n<section  class='av_textblock_section av-krz6a5tw-7c04cf76d54433d8de20fc4f7c3879b0 '   itemscope=\"itemscope\" itemtype=\"https:\/\/schema.org\/BlogPosting\" itemprop=\"blogPost\" ><div class='avia_textblock'  itemprop=\"text\" ><p><strong>CASA ASIA<\/strong>\u00a0colabora con la\u00a0<strong>Universidad Complutense de Madrid (UCM)<\/strong>\u00a0formando parte del\u00a0<em>Comit\u00e9 Organizador\u00a0<\/em>y del<em>\u00a0Comit\u00e9 Aseso<\/em>r del\u00a0<strong>I Congreso Internacional de Cines del Mundo<\/strong>\u00a0dedicado al cine de India, que se celebrar\u00e1 ONLINE, del\u00a0<strong>martes,<\/strong>\u00a0<strong>15 de junio al mi\u00e9rcoles, 16 de junio de 2021<\/strong>.<\/p>\n<p>IDIOMA:\u00a0<strong>Ingl\u00e9s y espa\u00f1ol\u00a0<\/strong>(La mayor parte de participantes har\u00e1n su ponencia en ingl\u00e9s, que ser\u00e1 por lo tanto la lengua del congreso).<\/p>\n<p>El objetivo de este congreso internacional es crear un espacio de discusi\u00f3n acad\u00e9mica sobre el cine en sus distintas variantes, as\u00ed como sobre narrativas semejantes, como las series de televisi\u00f3n. En esta edici\u00f3n est\u00e1 dedicado el cine de la India.<\/p>\n<p>El congreso est\u00e1 dirigido especialmente a profesores investigadores, profesionales y estudiantes de doctorado y m\u00e1ster, interesados en difundir y compartir sus aportaciones. Se admiten todo tipo de perspectivas acad\u00e9micas sin restricciones, tanto en lo concerniente a temas y contenidos como a aspectos formales de presentaci\u00f3n y valoraci\u00f3n.<\/p>\n<p>Esta primera edici\u00f3n est\u00e1 dedicada al cine de la India, una de las industrias cinematogr\u00e1ficas m\u00e1s importantes del mundo que, sin embargo, es poco conocida para muchos espectadores de algunas regiones del mundo. Se trata de una industria con una gran variedad cultural y social, que abarca, adem\u00e1s del cine de Bollywood, el m\u00e1s popular, las producciones cinematogr\u00e1ficas m\u00e1s propias del cine independiente y experimental que no carece a su vez de una notable repercusi\u00f3n econ\u00f3mica.<\/p>\n<p>El director del congreso es Jaime L\u00f3pez D\u00edez, profesor de la Universidad Complutense de Madrid, el cual ha organizado este evento con el grupo de investigaci\u00f3n GECA (G\u00e9nero, Est\u00e9tica y Cultura Audiovisual) al cual pertenece, y la colaboraci\u00f3n del departamento de Ciencias de la Comunicaci\u00f3n Aplicada de la UCM, el Instituto de Indolog\u00eda, la Embajada de la India en Espa\u00f1a, Casa de la India, Casa Asia y el Asian Film Festival Barcelona.<\/p>\n<p><strong><em>Programa:<\/em><\/strong><\/p>\n<p>Inauguraci\u00f3n:\u00a0<strong>Martes, 15 de junio 2021, a las 09h30<\/strong><\/p>\n<p><strong>\u00a0<\/strong><strong>Oradores principales<\/strong>:<\/p>\n<p>Martes 15 de junio de 2021, 10h \u2013 11h<\/p>\n<p><strong><em>Shyam Bengal |\u00a0<\/em><\/strong>Cineasta<\/p>\n<p>Martes 15 de junio de 2021, 12h30 \u2013 13h30<\/p>\n<p><strong><em>Srinivas S V\u00a0<\/em><\/strong><strong>|\u00a0<\/strong>Catedr\u00e1tico Em\u00e9rito y Profesor<\/p>\n<p>Martes 15 de junio de 2021, 17h00 \u2013 18h00<\/p>\n<p><strong><em>Lalitha Gopalan<\/em><\/strong>\u00a0| Autora y Profesora<\/p>\n<p>Mi\u00e9rcoles 16 de junio de 2021, 10h30 \u2013 11h30<\/p>\n<p><strong><em>Sangeetha Dutta\u00a0<\/em><\/strong>| Cineasta<\/p>\n<p><strong><em>\u00a0<\/em><\/strong>Mi\u00e9rcoles 16 de junio de 2021, 13h00 \u2013 14h00<\/p>\n<p><strong><em>Ashvin Devasundaram<\/em><\/strong>\u00a0| Cineasta<\/p>\n<p>Mi\u00e9rcoles 16 de junio de 2021, 15h00 \u2013 16h00<\/p>\n<p>Conversaci\u00f3n entre\u00a0<strong><em>Geetha J<\/em><\/strong>\u00a0| Cineasta y\u00a0<strong><em>Devashish Makhija<\/em><\/strong>\u00a0| Cineasta<\/p>\n<p>Ponentes:<\/p>\n<p><strong>Dorottya Fejes-Jancs\u00f3, Apoorva Nanjangud, Sanjay Bissoyi, Liangdong Chen, Ian Dixon, Nandita Banerjee, Damini Kulkarni, Priyanka Ragji, Hui Xu. Narrative Art, Mohimarnab Biswas, Rutuja Deshmukh, Christopher Meir, Deenaz Raisinghani, Mukshita Dhrangadharia, Rochak Saxena, Shabana M, Yadukrishnan P T, Haritha R, Shyama Sadasivan, Rahul Sharma, Anupama Surendranath, Francisco S\u00e1ez de Adana, Vikas, Akishe L Jakha, Madhuja Mukherjee, Radha Dayal, Rima Bhattacharya, Anugyan Nag, Zinat Aboli, Nadira Khatun, Helio San Miguel, Mohamed Shafeeq Karinkurayil, Anagha Anil, Divya Kalavala, Rupali Sehgal, Dipanjan Kundu, Lu\u00eds Miguel Cardoso, Omar Ahmed, Kalpana Subramanian, Abhishek Kumar, Pritam Kokate, Vishal Chauhan, Arun Remesh, Kevin George, Muhammed Afzal<\/strong><strong>, Abhijith B., Sreenu Gopan, Jenson Joseph, Noor Bajuwaiber, B. Geetha, Garima, Srishti Walia, Neha Bhatia, Parichay Patra, Santhosh Kumar Putta, Xiaolan Zhu, Gy\u00f6rgyi Vajdovich, Marion Poirson, Francisco Algar\u00edn, Priyanka Verma, Rahul Sharma, Bitasta Das, Jaime L\u00f3pez, Menene Gras Balaguer, C\u00e9sar Alonso Cardona, Francisco Ayuso Ros, Farshad Zahedi, Luisa Moreno Cardenal, David Carabias Galindo, Gurkan Maruf, Anne Ciecko, Samuel Montes Ibars<\/strong><\/p>\n<p>Inscripciones de asistentes, cumplimentar este formulario:\u00a0<a href=\"https:\/\/bit.ly\/350bCer\"><strong>https:\/\/bit.ly\/350bCer<\/strong><\/a><\/p>\n<p>P\u00e1gina web del congreso:\u00a0<a href=\"https:\/\/bit.ly\/3cvt0fb\"><strong>https:\/\/bit.ly\/3cvt0fb<\/strong><\/a><\/p>\n<p><strong>P\u00e1gina web del Asian Film Festival Barcelona:\u00a0<a href=\"https:\/\/asianfilmfestival.barcelona\/2020\/es\/\">https:\/\/asianfilmfestival.barcelona\/2020\/es\/<\/a><\/strong><\/p>\n<div>Cr\u00e9ditos de imagen: Fotograf\u00eda de Bhonsle \u2013 Devashish Makhija<\/div>\n<div>(Premios: Mejor Pel\u00edcula y Mejor Gui\u00f3n de la Secci\u00f3n Oficial del Asian Film Festival Barcelona 2019)<\/div>\n<\/div><\/section>\n<div  class='avia-icon-list-container av-krz6c0rc-0a2d732aa3a88ddc5bccd9933842085f  avia-builder-el-3  el_after_av_textblock  el_before_av_partner '><ul class='avia-icon-list avia_animate_when_almost_visible avia-icon-list-left av-iconlist-big av-krz6c0rc-0a2d732aa3a88ddc5bccd9933842085f avia-iconlist-animate'>\n<li><div class='iconlist_icon av-4fct08j-1a27c028b501a8715a4293bf3fc93ba4 avia-font-entypo-fontello'><span class='iconlist-char' aria-hidden='true' data-av_icon='\ue85b' data-av_iconfont='entypo-fontello'><\/span><\/div><article class=\"article-icon-entry \"  itemscope=\"itemscope\" itemtype=\"https:\/\/schema.org\/BlogPosting\" itemprop=\"blogPost\" ><div class=\"iconlist_content_wrap\"><header class=\"entry-content-header\"><\/header><div class='iconlist_content '  itemprop=\"text\" ><p>15\/06\/21 \u2013 16\/06\/21<\/p>\n<\/div><\/div><footer class=\"entry-footer\"><\/footer><\/article><div class=\"iconlist-timeline\"><\/div><\/li>\n<li><div class='iconlist_icon av-4186e4z-96df83a4f3379eaa395a8f9a54e9f91e avia-font-entypo-fontello'><span class='iconlist-char' aria-hidden='true' data-av_icon='\ue862' data-av_iconfont='entypo-fontello'><\/span><\/div><article class=\"article-icon-entry \"  itemscope=\"itemscope\" itemtype=\"https:\/\/schema.org\/BlogPosting\" itemprop=\"blogPost\" ><div class=\"iconlist_content_wrap\"><header class=\"entry-content-header\"><\/header><div class='iconlist_content '  itemprop=\"text\" ><p>Del martes 15 de junio de 2021 al mi\u00e9rcoles 16 de junio de 2021, de 9h a 18h CEST.<\/p>\n<\/div><\/div><footer class=\"entry-footer\"><\/footer><\/article><div class=\"iconlist-timeline\"><\/div><\/li>\n<li><div class='iconlist_icon av-3iwi3v7-80b05034a6b7753b4e7da9eec745218f avia-font-entypo-fontello'><span class='iconlist-char' aria-hidden='true' data-av_icon='\ue842' data-av_iconfont='entypo-fontello'><\/span><\/div><article class=\"article-icon-entry \"  itemscope=\"itemscope\" itemtype=\"https:\/\/schema.org\/BlogPosting\" itemprop=\"blogPost\" ><div class=\"iconlist_content_wrap\"><header class=\"entry-content-header\"><\/header><div class='iconlist_content '  itemprop=\"text\" ><p>ONLINE | Presentaciones online a cargo de la Universidad Complutense de Madrid (UCM)<\/p>\n<\/div><\/div><footer class=\"entry-footer\"><\/footer><\/article><div class=\"iconlist-timeline\"><\/div><\/li>\n<li><div class='iconlist_icon av-31in8r7-aa8dacd6cf7eeb4842f9559ef6d9ae13 avia-font-entypo-fontello'><span class='iconlist-char' aria-hidden='true' data-av_icon='\ue8cb' data-av_iconfont='entypo-fontello'><\/span><\/div><article class=\"article-icon-entry \"  itemscope=\"itemscope\" itemtype=\"https:\/\/schema.org\/BlogPosting\" itemprop=\"blogPost\" ><div class=\"iconlist_content_wrap\"><header class=\"entry-content-header\"><\/header><div class='iconlist_content '  itemprop=\"text\" ><p>Precio: 20 euros | Previa inscripci\u00f3n necesaria<\/p>\n<\/div><\/div><footer class=\"entry-footer\"><\/footer><\/article><div class=\"iconlist-timeline\"><\/div><\/li>\n<li><div class='iconlist_icon av-2np9pzn-c2d230100e884677f96915eaa6438ab3 avia-font-entypo-fontello'><span class='iconlist-char' aria-hidden='true' data-av_icon='\ue80a' data-av_iconfont='entypo-fontello'><\/span><\/div><article class=\"article-icon-entry \"  itemscope=\"itemscope\" itemtype=\"https:\/\/schema.org\/BlogPosting\" itemprop=\"blogPost\" ><div class=\"iconlist_content_wrap\"><header class=\"entry-content-header\"><\/header><div class='iconlist_content '  itemprop=\"text\" ><p>La Universidad Complutense de Madrid organiza este evento con el grupo de investigaci\u00f3n GECA (G\u00e9nero, Est\u00e9tica y Cultura Audiovisual)<\/p>\n<\/div><\/div><footer class=\"entry-footer\"><\/footer><\/article><div class=\"iconlist-timeline\"><\/div><\/li>\n<\/ul><\/div>\n\n<style type=\"text\/css\" data-created_by=\"avia_inline_auto\" id=\"style-css-av-krz6f46c-803731b33735852a2b421c16e223a054\">\n.avia-logo-element-container.av-krz6f46c-803731b33735852a2b421c16e223a054 .av-partner-fake-img{\nbackground-size:cover;\n}\n<\/style>\n<div  class='avia-logo-element-container av-krz6f46c-803731b33735852a2b421c16e223a054 avia-logo-slider avia-content-slider avia-smallarrow-slider avia-content-slider-active noHover avia-content-slider-odd  avia-builder-el-4  el_after_av_iconlist  avia-builder-el-last  av-slideshow-ui av-control-default av-nav-arrows-visible av-nav-dots-visible av-no-slider-navigation av-slideshow-manual av-loop-once av-loop-manual-endless avia-content-slider1' data-slideshow-options=\"{&quot;animation&quot;:&quot;slide&quot;,&quot;autoplay&quot;:false,&quot;loop_autoplay&quot;:&quot;once&quot;,&quot;interval&quot;:5,&quot;loop_manual&quot;:&quot;manual-endless&quot;,&quot;autoplay_stopper&quot;:false,&quot;noNavigation&quot;:false,&quot;bg_slider&quot;:false,&quot;keep_padding&quot;:&quot;&quot;,&quot;hoverpause&quot;:false,&quot;show_slide_delay&quot;:0}\"><div class='avia-smallarrow-slider-heading  no-logo-slider-heading '><div class='new-special-heading'>&nbsp;<\/div><div class='avia-slideshow-arrows avia-slideshow-controls' ><a href='#prev' class='prev-slide ' aria-hidden='true' data-av_icon='\ue87c' data-av_iconfont='entypo-fontello'  tabindex='-1'>Anterior<\/a><a href='#next' class='next-slide ' aria-hidden='true' data-av_icon='\ue87d' data-av_iconfont='entypo-fontello'  tabindex='-1'>Posterior<\/a><\/div><\/div><div class=\"avia-content-slider-inner\"><div class=\"slide-entry-wrap\"><div  class='slide-entry av-23sz437-c0e231ed43f0ad22aa593dcfeb810bfe flex_column no_margin av_one_third real-thumbnail post-entry slide-entry-overview slide-loop-1 slide-parity-odd  first'><\/div><div  class='slide-entry av-5vsjkj-f9302aadd0d7e4add31a3f0d56c812e2 flex_column no_margin av_one_third real-thumbnail post-entry slide-entry-overview slide-loop-2 slide-parity-even  '><\/div><div  class='slide-entry av-1bv5epf-f8c4477931f660f9f4a682db39eab059 flex_column no_margin av_one_third real-thumbnail post-entry slide-entry-overview slide-loop-3 slide-parity-odd  '><\/div><\/div><div class=\"slide-entry-wrap\"><div  class='slide-entry av-p2jnmb-b9467e825418245ae1cdc3619a026a3b flex_column no_margin av_one_third real-thumbnail post-entry slide-entry-overview slide-loop-4 slide-parity-odd post-entry-last first'><\/div><\/div><\/div><\/div>\n","protected":false},"excerpt":{"rendered":"","protected":false},"author":8,"featured_media":32651,"comment_status":"closed","ping_status":"open","sticky":false,"template":"","format":"standard","meta":{"_acf_changed":false,"footnotes":""},"categories":[32],"tags":[],"class_list":["post-32521","post","type-post","status-publish","format-standard","has-post-thumbnail","hentry","category-noticias"],"acf":[],"_links":{"self":[{"href":"https:\/\/asianfilmfestival.barcelona\/2024\/es\/wp-json\/wp\/v2\/posts\/32521","targetHints":{"allow":["GET"]}}],"collection":[{"href":"https:\/\/asianfilmfestival.barcelona\/2024\/es\/wp-json\/wp\/v2\/posts"}],"about":[{"href":"https:\/\/asianfilmfestival.barcelona\/2024\/es\/wp-json\/wp\/v2\/types\/post"}],"author":[{"embeddable":true,"href":"https:\/\/asianfilmfestival.barcelona\/2024\/es\/wp-json\/wp\/v2\/users\/8"}],"replies":[{"embeddable":true,"href":"https:\/\/asianfilmfestival.barcelona\/2024\/es\/wp-json\/wp\/v2\/comments?post=32521"}],"version-history":[{"count":0,"href":"https:\/\/asianfilmfestival.barcelona\/2024\/es\/wp-json\/wp\/v2\/posts\/32521\/revisions"}],"wp:featuredmedia":[{"embeddable":true,"href":"https:\/\/asianfilmfestival.barcelona\/2024\/es\/wp-json\/wp\/v2\/media\/32651"}],"wp:attachment":[{"href":"https:\/\/asianfilmfestival.barcelona\/2024\/es\/wp-json\/wp\/v2\/media?parent=32521"}],"wp:term":[{"taxonomy":"category","embeddable":true,"href":"https:\/\/asianfilmfestival.barcelona\/2024\/es\/wp-json\/wp\/v2\/categories?post=32521"},{"taxonomy":"post_tag","embeddable":true,"href":"https:\/\/asianfilmfestival.barcelona\/2024\/es\/wp-json\/wp\/v2\/tags?post=32521"}],"curies":[{"name":"wp","href":"https:\/\/api.w.org\/{rel}","templated":true}]}}