{"id":32492,"date":"2021-08-04T12:19:53","date_gmt":"2021-08-04T10:19:53","guid":{"rendered":"http:\/\/asianfilmfestival.barcelona\/2022\/?p=30405"},"modified":"2021-10-05T18:34:03","modified_gmt":"2021-10-05T16:34:03","slug":"presentacion-del-documental-ull-a-ull-y-coloquio-con-su-autora-fina-sensada","status":"publish","type":"post","link":"https:\/\/asianfilmfestival.barcelona\/2024\/es\/presentacion-del-documental-ull-a-ull-y-coloquio-con-su-autora-fina-sensada\/","title":{"rendered":"Presentaci\u00f3n del documental \u00abUll a ull\u00bb y coloquio con su autora Fina Sensada"},"content":{"rendered":"\n<style type=\"text\/css\" data-created_by=\"avia_inline_auto\" id=\"style-css-av-krxbbpis-39e618c9048928d3b19fb48577d82057\">\n.avia-image-container.av-krxbbpis-39e618c9048928d3b19fb48577d82057 img.avia_image{\nbox-shadow:none;\n}\n.avia-image-container.av-krxbbpis-39e618c9048928d3b19fb48577d82057 .av-image-caption-overlay-center{\ncolor:#ffffff;\n}\n<\/style>\n<div  class='avia-image-container av-krxbbpis-39e618c9048928d3b19fb48577d82057 av-styling- avia-align-center  avia-builder-el-0  el_before_av_textblock  avia-builder-el-first '   itemprop=\"image\" itemscope=\"itemscope\" itemtype=\"https:\/\/schema.org\/ImageObject\" ><div class=\"avia-image-container-inner\"><div class=\"avia-image-overlay-wrap\"><img decoding=\"async\" fetchpriority=\"high\" class='wp-image-32924 avia-img-lazy-loading-not-32924 avia_image ' src=\"https:\/\/asianfilmfestival.barcelona\/2024\/wp-content\/uploads\/2021\/08\/ull-a-ull-3-copia-1-2.jpg\" alt='' title='ull-a-ull-3-copia-1'  height=\"716\" width=\"948\"  itemprop=\"thumbnailUrl\" srcset=\"https:\/\/asianfilmfestival.barcelona\/2024\/wp-content\/uploads\/2021\/08\/ull-a-ull-3-copia-1-2.jpg 948w, https:\/\/asianfilmfestival.barcelona\/2024\/wp-content\/uploads\/2021\/08\/ull-a-ull-3-copia-1-2-300x227.jpg 300w, https:\/\/asianfilmfestival.barcelona\/2024\/wp-content\/uploads\/2021\/08\/ull-a-ull-3-copia-1-2-768x580.jpg 768w, https:\/\/asianfilmfestival.barcelona\/2024\/wp-content\/uploads\/2021\/08\/ull-a-ull-3-copia-1-2-705x532.jpg 705w\" sizes=\"(max-width: 948px) 100vw, 948px\" \/><\/div><\/div><\/div>\n<section  class='av_textblock_section av-krxbbz4i-935221fa9d160b2a6908298c2321811a '   itemscope=\"itemscope\" itemtype=\"https:\/\/schema.org\/BlogPosting\" itemprop=\"blogPost\" ><div class='avia_textblock'  itemprop=\"text\" ><h1 class=\"entry-title fusion-responsive-typography-calculated\" style=\"text-align: center;\" data-fontsize=\"50\" data-lineheight=\"normal\">Presentaci\u00f3n del documental \u00abUll a ull\u00bb y coloquio con su autora Fina Sensada<\/h1>\n<\/div><\/section>\n<section  class='av_textblock_section av-krxbcave-30c6f3d289c9ba08dd4e790cae1a9ddc '   itemscope=\"itemscope\" itemtype=\"https:\/\/schema.org\/BlogPosting\" itemprop=\"blogPost\" ><div class='avia_textblock'  itemprop=\"text\" ><p class=\"p1\"><strong><span class=\"s1\">Casa Asia organiza la presentaci\u00f3n y el coloquio sobre el documental\u00a0<em>Ull a ull<\/em>\u00a0realizado por Fina Sensada.\u00a0<i>Cuando el coraz\u00f3n habla y el coraz\u00f3n mira, se desvelan muchos secretos.<\/i>\u00a0Se trata de un testimonio personal y humanista de un pueblo desplazado, sin estado, sin tierra, sin papeles, sin derechos ni identidad. La realizadora viaj\u00f3 al campo de refugiados rohiny\u00e1s de Kutapalong, al sur de Bangladesh, camuflada entre un equipo m\u00e9dico. Es as\u00ed como pudo entrar en este campo de concentraci\u00f3n en el que conviven un mill\u00f3n de personas amontonadas y 20000 ni\u00f1os hu\u00e9rfanos deambulan entre barracas de pl\u00e1stico y despojos humanos. Cuando consigui\u00f3 aproximarse a ellos, descubri\u00f3 como unos ojos pueden hablarnos y transmitirnos sus secretos en un idioma universal que s\u00f3lo el ojo de la c\u00e1mara puede capturar.<\/span><\/strong><\/p>\n<p class=\"p1\"><span class=\"s1\"><b>Fina Sensada<\/b>\u00a0abandon\u00f3 sus estudios de Ciencias Econ\u00f3micas por el cine. Desde hace m\u00e1s de treinta a\u00f1os trabaja como freelance en la industria cinematogr\u00e1fica nacional e internacional, como directora. En 2005, cofund\u00f3 junto con el Dr. Fernando Fonseca la productora La i La Produktions, sin \u00e1nimo de lucro, con el \u00fanico objetivo de producir y realizar audiovisuales para sensibilizar a los p\u00fablicos con la problem\u00e1tica generada por la pobreza y la exclusi\u00f3n social a nivel sanitario. Ha compaginado la actividad docente en la ESCAC (Barcelona), EICTV (Cuba) y la Universidad de Santo Domingo con la realizaci\u00f3n audiovisual. Acaba de participar como jurado de la Secci\u00f3n NETPAC en la pasada edici\u00f3n del Asian Film Festival Barcelona | AFFBCN 2020, tras fundar la Fernando Fonseca Foundation (Medicina y cine) para continuar la obra del Dr. Fonseca que muri\u00f3 en 2014.<\/span><\/p>\n<\/div><\/section>\n<div  class='avia-icon-list-container av-krxbeb46-e5e2f29fac15f3f70283d9cb9aaa0ab5  avia-builder-el-3  el_after_av_textblock  el_before_av_partner '><ul class='avia-icon-list avia_animate_when_almost_visible avia-icon-list-left av-iconlist-big av-krxbeb46-e5e2f29fac15f3f70283d9cb9aaa0ab5 avia-iconlist-animate'>\n<li><div class='iconlist_icon av-3w28pol-9d1603d751e50d9cde0bf53e06c2231b avia-font-entypo-fontello'><span class='iconlist-char' aria-hidden='true' data-av_icon='\ue85b' data-av_iconfont='entypo-fontello'><\/span><\/div><article class=\"article-icon-entry \"  itemscope=\"itemscope\" itemtype=\"https:\/\/schema.org\/BlogPosting\" itemprop=\"blogPost\" ><div class=\"iconlist_content_wrap\"><header class=\"entry-content-header\"><\/header><div class='iconlist_content '  itemprop=\"text\" ><p>23\/01\/2021<\/p>\n<\/div><\/div><footer class=\"entry-footer\"><\/footer><\/article><div class=\"iconlist-timeline\"><\/div><\/li>\n<li><div class='iconlist_icon av-3ju0szp-62a741ca22adbd3f3f1b135ab89b3d29 avia-font-entypo-fontello'><span class='iconlist-char' aria-hidden='true' data-av_icon='\ue862' data-av_iconfont='entypo-fontello'><\/span><\/div><article class=\"article-icon-entry \"  itemscope=\"itemscope\" itemtype=\"https:\/\/schema.org\/BlogPosting\" itemprop=\"blogPost\" ><div class=\"iconlist_content_wrap\"><header class=\"entry-content-header\"><\/header><div class='iconlist_content '  itemprop=\"text\" ><p>S\u00e1bado 23 de enero a las 20.00 h<\/p>\n<\/div><\/div><footer class=\"entry-footer\"><\/footer><\/article><div class=\"iconlist-timeline\"><\/div><\/li>\n<li><div class='iconlist_icon av-2xkahs5-9b49e648f7a0e345ebe1ca7dbf3c2ef7 avia-font-entypo-fontello'><span class='iconlist-char' aria-hidden='true' data-av_icon='\ue842' data-av_iconfont='entypo-fontello'><\/span><\/div><article class=\"article-icon-entry \"  itemscope=\"itemscope\" itemtype=\"https:\/\/schema.org\/BlogPosting\" itemprop=\"blogPost\" ><div class=\"iconlist_content_wrap\"><header class=\"entry-content-header\"><\/header><div class='iconlist_content '  itemprop=\"text\" ><p>Cinemes Girona<br \/>\nCarrer de Girona, 175<br \/>\nBarcelona<\/p>\n<\/div><\/div><footer class=\"entry-footer\"><\/footer><\/article><div class=\"iconlist-timeline\"><\/div><\/li>\n<li><div class='iconlist_icon av-2d4afr9-1188b923831118e73416cb9c9f7ae44b avia-font-entypo-fontello'><span class='iconlist-char' aria-hidden='true' data-av_icon='\ue8cb' data-av_iconfont='entypo-fontello'><\/span><\/div><article class=\"article-icon-entry \"  itemscope=\"itemscope\" itemtype=\"https:\/\/schema.org\/BlogPosting\" itemprop=\"blogPost\" ><div class=\"iconlist_content_wrap\"><header class=\"entry-content-header\"><\/header><div class='iconlist_content '  itemprop=\"text\" ><p>Precio entrada: 4,5 euros<br \/>\nPrecio abonados y socios de los Cinemes Girona: 3 euros<\/p>\n<\/div><\/div><footer class=\"entry-footer\"><\/footer><\/article><div class=\"iconlist-timeline\"><\/div><\/li>\n<li><div class='iconlist_icon av-228cs85-bf8c4d004c871cec7fa2afadd6d035e2 avia-font-entypo-fontello'><span class='iconlist-char' aria-hidden='true' data-av_icon='\ue80a' data-av_iconfont='entypo-fontello'><\/span><\/div><article class=\"article-icon-entry \"  itemscope=\"itemscope\" itemtype=\"https:\/\/schema.org\/BlogPosting\" itemprop=\"blogPost\" ><div class=\"iconlist_content_wrap\"><header class=\"entry-content-header\"><\/header><div class='iconlist_content '  itemprop=\"text\" ><p>Casa Asia y Cinemes Girona, con la colaboraci\u00f3n de la Fernando Fonseca Foundation.<\/p>\n<\/div><\/div><footer class=\"entry-footer\"><\/footer><\/article><div class=\"iconlist-timeline\"><\/div><\/li>\n<\/ul><\/div>\n\n<style type=\"text\/css\" data-created_by=\"avia_inline_auto\" id=\"style-css-av-krxbu3f1-f5a0c475615b7abefecc6622969edeeb\">\n.avia-logo-element-container.av-krxbu3f1-f5a0c475615b7abefecc6622969edeeb .av-partner-fake-img{\nbackground-size:cover;\n}\n<\/style>\n<div  class='avia-logo-element-container av-krxbu3f1-f5a0c475615b7abefecc6622969edeeb avia-logo-slider avia-content-slider avia-smallarrow-slider avia-content-slider-active noHover avia-content-slider-odd  avia-builder-el-4  el_after_av_iconlist  avia-builder-el-last  av-slideshow-ui av-control-default av-nav-arrows-visible av-nav-dots-visible av-no-slider-navigation av-slideshow-manual av-loop-once av-loop-manual-endless avia-content-slider1' data-slideshow-options=\"{&quot;animation&quot;:&quot;slide&quot;,&quot;autoplay&quot;:false,&quot;loop_autoplay&quot;:&quot;once&quot;,&quot;interval&quot;:5,&quot;loop_manual&quot;:&quot;manual-endless&quot;,&quot;autoplay_stopper&quot;:false,&quot;noNavigation&quot;:false,&quot;bg_slider&quot;:false,&quot;keep_padding&quot;:&quot;&quot;,&quot;hoverpause&quot;:false,&quot;show_slide_delay&quot;:0}\"><div class='avia-smallarrow-slider-heading  no-logo-slider-heading '><div class='new-special-heading'>&nbsp;<\/div><\/div><div class=\"avia-content-slider-inner\"><div class=\"slide-entry-wrap\"><div  class='slide-entry av-1qz7b2d-77403892a6e5d851c1158e831093fc9e flex_column no_margin av_one_third real-thumbnail post-entry slide-entry-overview slide-loop-1 slide-parity-odd  first'><\/div><div  class='slide-entry av-3rn72d-0c5c5499613bb84a64413ebcda3effc5 flex_column no_margin av_one_third real-thumbnail post-entry slide-entry-overview slide-loop-2 slide-parity-even  '><span class='av-partner-fake-img' style='padding-bottom:15.868263473054%; background-image:url(https:\/\/asianfilmfestival.barcelona\/2024\/wp-content\/uploads\/2019\/12\/cinemes-girona.jpg);'><\/span><\/div><div  class='slide-entry av-p68jc5-3a4cb036a81700fb07694b8cb77e16e9 flex_column no_margin av_one_third real-thumbnail post-entry slide-entry-overview slide-loop-3 slide-parity-odd post-entry-last '><\/div><\/div><\/div><\/div>\n","protected":false},"excerpt":{"rendered":"","protected":false},"author":8,"featured_media":32924,"comment_status":"closed","ping_status":"open","sticky":false,"template":"","format":"standard","meta":{"_acf_changed":false,"footnotes":""},"categories":[32],"tags":[],"class_list":["post-32492","post","type-post","status-publish","format-standard","has-post-thumbnail","hentry","category-noticias"],"acf":[],"_links":{"self":[{"href":"https:\/\/asianfilmfestival.barcelona\/2024\/es\/wp-json\/wp\/v2\/posts\/32492","targetHints":{"allow":["GET"]}}],"collection":[{"href":"https:\/\/asianfilmfestival.barcelona\/2024\/es\/wp-json\/wp\/v2\/posts"}],"about":[{"href":"https:\/\/asianfilmfestival.barcelona\/2024\/es\/wp-json\/wp\/v2\/types\/post"}],"author":[{"embeddable":true,"href":"https:\/\/asianfilmfestival.barcelona\/2024\/es\/wp-json\/wp\/v2\/users\/8"}],"replies":[{"embeddable":true,"href":"https:\/\/asianfilmfestival.barcelona\/2024\/es\/wp-json\/wp\/v2\/comments?post=32492"}],"version-history":[{"count":0,"href":"https:\/\/asianfilmfestival.barcelona\/2024\/es\/wp-json\/wp\/v2\/posts\/32492\/revisions"}],"wp:featuredmedia":[{"embeddable":true,"href":"https:\/\/asianfilmfestival.barcelona\/2024\/es\/wp-json\/wp\/v2\/media\/32924"}],"wp:attachment":[{"href":"https:\/\/asianfilmfestival.barcelona\/2024\/es\/wp-json\/wp\/v2\/media?parent=32492"}],"wp:term":[{"taxonomy":"category","embeddable":true,"href":"https:\/\/asianfilmfestival.barcelona\/2024\/es\/wp-json\/wp\/v2\/categories?post=32492"},{"taxonomy":"post_tag","embeddable":true,"href":"https:\/\/asianfilmfestival.barcelona\/2024\/es\/wp-json\/wp\/v2\/tags?post=32492"}],"curies":[{"name":"wp","href":"https:\/\/api.w.org\/{rel}","templated":true}]}}