{"id":30553,"date":"2021-08-05T16:26:42","date_gmt":"2021-08-05T14:26:42","guid":{"rendered":"http:\/\/asianfilmfestival.barcelona\/2022\/?p=30553"},"modified":"2021-10-05T18:16:38","modified_gmt":"2021-10-05T16:16:38","slug":"casa-asia-en-el-dia-internacional-de-la-mujer-un-encuentro-con-alice-2","status":"publish","type":"post","link":"https:\/\/asianfilmfestival.barcelona\/2024\/es\/casa-asia-en-el-dia-internacional-de-la-mujer-un-encuentro-con-alice-2\/","title":{"rendered":"Casa Asia en el D\u00eda Internacional de la Mujer: \u00abUn encuentro con Alice\u00bb"},"content":{"rendered":"\n<style type=\"text\/css\" data-created_by=\"avia_inline_auto\" id=\"style-css-av-krz06890-f5aae9340ff7ad31981e8b1da9f2f87a\">\n.avia-image-container.av-krz06890-f5aae9340ff7ad31981e8b1da9f2f87a img.avia_image{\nbox-shadow:none;\n}\n.avia-image-container.av-krz06890-f5aae9340ff7ad31981e8b1da9f2f87a .av-image-caption-overlay-center{\ncolor:#ffffff;\n}\n<\/style>\n<div  class='avia-image-container av-krz06890-f5aae9340ff7ad31981e8b1da9f2f87a av-styling- avia-align-center  avia-builder-el-0  el_before_av_textblock  avia-builder-el-first '   itemprop=\"image\" itemscope=\"itemscope\" itemtype=\"https:\/\/schema.org\/ImageObject\" ><div class=\"avia-image-container-inner\"><div class=\"avia-image-overlay-wrap\"><img decoding=\"async\" fetchpriority=\"high\" class='wp-image-32808 avia-img-lazy-loading-not-32808 avia_image ' src=\"https:\/\/asianfilmfestival.barcelona\/2024\/wp-content\/uploads\/2021\/08\/Australia-ALICE-5-2.png\" alt='' title='Australia-ALICE-5'  height=\"335\" width=\"800\"  itemprop=\"thumbnailUrl\" srcset=\"https:\/\/asianfilmfestival.barcelona\/2024\/wp-content\/uploads\/2021\/08\/Australia-ALICE-5-2.png 800w, https:\/\/asianfilmfestival.barcelona\/2024\/wp-content\/uploads\/2021\/08\/Australia-ALICE-5-2-300x126.png 300w, https:\/\/asianfilmfestival.barcelona\/2024\/wp-content\/uploads\/2021\/08\/Australia-ALICE-5-2-768x322.png 768w, https:\/\/asianfilmfestival.barcelona\/2024\/wp-content\/uploads\/2021\/08\/Australia-ALICE-5-2-705x295.png 705w\" sizes=\"(max-width: 800px) 100vw, 800px\" \/><\/div><\/div><\/div>\n<section  class='av_textblock_section av-krz06rkd-c5b10c876095d28c04c0d00442342038 '   itemscope=\"itemscope\" itemtype=\"https:\/\/schema.org\/BlogPosting\" itemprop=\"blogPost\" ><div class='avia_textblock'  itemprop=\"text\" ><h1 class=\"post-title entry-title \" style=\"text-align: center;\">Casa Asia en el D\u00eda Internacional de la Mujer: \u00abUn encuentro con Alice\u00bb<\/h1>\n<\/div><\/section>\n<section  class='av_textblock_section av-krz071mo-01faf55b620ba56c6d00bc18175c5bb8 '   itemscope=\"itemscope\" itemtype=\"https:\/\/schema.org\/BlogPosting\" itemprop=\"blogPost\" ><div class='avia_textblock'  itemprop=\"text\" ><p class=\"p1\"><span class=\"s1\"><b>En el marco del D\u00eda Internacional de la Mujer 2021, Casa Asia programa con MAV | Mujeres en las Artes Visuales, un encuentro, el 10 de marzo en Cinemes Girona. El acto consistir\u00e1 en la proyecci\u00f3n de la pel\u00edcula\u00a0<i>La decisi\u00f3n de Alice<\/i>, dirigida por la cineasta australiana Josephine Mackerras, seguida de una mesa redonda a cargo de Marta Grau, Pepa Reverter, Paco Poch, Xavi Lezcano y Menene Gras Balaguer.<\/b><\/span><\/p>\n<p class=\"p1\"><span class=\"s1\">Josephine Mackerras es una cineasta, productora y guionista australiana, que comparti\u00f3 su infancia entre Australia y China, y a los 16 a\u00f1os se fue a vivir a Jerusal\u00e9n y desde all\u00ed a \u00c1msterdam y a Nueva York, donde curs\u00f3 estudios cinematogr\u00e1ficos. Sus cortometrajes\u00a0<i>A Sign, Modlitba, L\u2019enfant perdu<\/i>\u00a0y\u00a0<i>Diva<\/i>\u00a0se han proyectado en m\u00e1s de noventa festivales.\u00a0<i>La decisi\u00f3n de Alice<\/i>, su primer largometraje, es la historia de una mujer que lucha por su emancipaci\u00f3n a ra\u00edz del enga\u00f1o del que es objeto por parte de Fran\u00e7ois, su marido y padre de su hijo, con los que vive en Paris. Un d\u00eda, descubre que sus tarjetas de cr\u00e9dito han sido bloqueadas y la cuenta bancaria vaciada por su marido, el cual mantiene una vida secreta con prostitutas y acompa\u00f1antes de lujo. Poco a poco, la protagonista dar\u00e1 un giro radical a su vida, asumiendo la situaci\u00f3n y demostr\u00e1ndose a s\u00ed misma de lo que es capaz. Fran\u00e7ois volver\u00e1 derrotado a casa, pero nada ser\u00e1 igual. Esta pel\u00edcula se proyect\u00f3 en la pasada edici\u00f3n del Asian Film Festival Barcelona | AFFBCN 2020.<\/span><\/p>\n<p class=\"p3\"><span class=\"s1\">Proyecci\u00f3n:<span class=\"Apple-converted-space\"><br \/>\n<\/span><\/span><span class=\"s1\"><b><i>La decisi\u00f3n de Alice\u00a0<\/i><\/b><i>|\u00a0<\/i>Dir. Josephine Mackerras | 2019 | 103\u2019 | VOSE | Australia\/Francia | Drama\u00a0<\/span><\/p>\n<p class=\"p1\"><span class=\"s1\">Mesa redonda a cargo de:<span class=\"Apple-converted-space\"><br \/>\n<\/span><\/span><span class=\"s1\"><strong>Marta Grau<\/strong>, guionista y escritora<span class=\"Apple-converted-space\"><br \/>\n<\/span><\/span><span class=\"s1\"><strong>Pepa Reverter<\/strong>, artista visual y delegada territorial de MAV en Catalu\u00f1a<span class=\"Apple-converted-space\"><br \/>\n<\/span><\/span><span class=\"s1\"><strong>Paco Poch<\/strong>, Productor<span class=\"Apple-converted-space\"><br \/>\n<\/span><\/span><span class=\"s1\"><strong>Xavi Lezcano<\/strong>, director del Americana Film Fest y distribuidor de Flamingo Films\u00a0<span class=\"Apple-converted-space\">\u00a0 \u00a0 \u00a0 \u00a0 \u00a0<\/span><\/span><\/p>\n<p class=\"p1\"><span class=\"s1\">Presenta y modera:<span class=\"Apple-converted-space\"><br \/>\n<\/span><\/span><span class=\"s1\"><strong>Menene Gras Balaguer<\/strong>, directora de Cultura y Exposiciones de Casa Asia y directora del AFFBCN.<\/span><\/p>\n<\/div><\/section>\n<div  class='avia-icon-list-container av-krz095a9-27a408e0fdf49df386221f60ab1182ea  avia-builder-el-3  el_after_av_textblock  el_before_av_partner '><ul class='avia-icon-list avia_animate_when_almost_visible avia-icon-list-left av-iconlist-big av-krz095a9-27a408e0fdf49df386221f60ab1182ea avia-iconlist-animate'>\n<li><div class='iconlist_icon av-4fkfcnt-9088847cc90cadfa46fbc9d6e104460d avia-font-entypo-fontello'><span class='iconlist-char' aria-hidden='true' data-av_icon='\ue85b' data-av_iconfont='entypo-fontello'><\/span><\/div><article class=\"article-icon-entry \"  itemscope=\"itemscope\" itemtype=\"https:\/\/schema.org\/BlogPosting\" itemprop=\"blogPost\" ><div class=\"iconlist_content_wrap\"><header class=\"entry-content-header\"><\/header><div class='iconlist_content '  itemprop=\"text\" ><p>10\/03\/2021<\/p>\n<\/div><\/div><footer class=\"entry-footer\"><\/footer><\/article><div class=\"iconlist-timeline\"><\/div><\/li>\n<li><div class='iconlist_icon av-3ttmmhl-0a7c900a3cb7c6afb4afcebfd6110f70 avia-font-entypo-fontello'><span class='iconlist-char' aria-hidden='true' data-av_icon='\ue862' data-av_iconfont='entypo-fontello'><\/span><\/div><article class=\"article-icon-entry \"  itemscope=\"itemscope\" itemtype=\"https:\/\/schema.org\/BlogPosting\" itemprop=\"blogPost\" ><div class=\"iconlist_content_wrap\"><header class=\"entry-content-header\"><\/header><div class='iconlist_content '  itemprop=\"text\" ><p>Mi\u00e9rcoles 10 de marzo a las 19.00 h<\/p>\n<\/div><\/div><footer class=\"entry-footer\"><\/footer><\/article><div class=\"iconlist-timeline\"><\/div><\/li>\n<li><div class='iconlist_icon av-3nrs48p-12ef004e51d5bec48e79bfef0a92aa4b avia-font-entypo-fontello'><span class='iconlist-char' aria-hidden='true' data-av_icon='\ue842' data-av_iconfont='entypo-fontello'><\/span><\/div><article class=\"article-icon-entry \"  itemscope=\"itemscope\" itemtype=\"https:\/\/schema.org\/BlogPosting\" itemprop=\"blogPost\" ><div class=\"iconlist_content_wrap\"><header class=\"entry-content-header\"><\/header><div class='iconlist_content '  itemprop=\"text\" ><p>Cinemes Girona<br \/>\nCarrer de Girona, 175<br \/>\nBarcelona<\/p>\n<\/div><\/div><footer class=\"entry-footer\"><\/footer><\/article><div class=\"iconlist-timeline\"><\/div><\/li>\n<li><div class='iconlist_icon av-2uv8uah-c43e9d01dc75dcd8adbb6190a30bde6d avia-font-entypo-fontello'><span class='iconlist-char' aria-hidden='true' data-av_icon='\ue8cb' data-av_iconfont='entypo-fontello'><\/span><\/div><article class=\"article-icon-entry \"  itemscope=\"itemscope\" itemtype=\"https:\/\/schema.org\/BlogPosting\" itemprop=\"blogPost\" ><div class=\"iconlist_content_wrap\"><header class=\"entry-content-header\"><\/header><div class='iconlist_content '  itemprop=\"text\" ><p>Precio entrada: 6\u20ac<br \/>\nPrecio abonados y socios de los Cinemes Girona: 5\u20ac<\/p>\n<\/div><\/div><footer class=\"entry-footer\"><\/footer><\/article><div class=\"iconlist-timeline\"><\/div><\/li>\n<li><div class='iconlist_icon av-2h3ardl-c45adbe1df1c71926c3107898dd93822 avia-font-entypo-fontello'><span class='iconlist-char' aria-hidden='true' data-av_icon='\ue80a' data-av_iconfont='entypo-fontello'><\/span><\/div><article class=\"article-icon-entry \"  itemscope=\"itemscope\" itemtype=\"https:\/\/schema.org\/BlogPosting\" itemprop=\"blogPost\" ><div class=\"iconlist_content_wrap\"><header class=\"entry-content-header\"><\/header><div class='iconlist_content '  itemprop=\"text\" ><p>Casa Asia y Cinemes Girona, con la colaboraci\u00f3n de MAV | Mujeres en las Artes Visuales y Flamingo Films.<\/p>\n<\/div><\/div><footer class=\"entry-footer\"><\/footer><\/article><div class=\"iconlist-timeline\"><\/div><\/li>\n<\/ul><\/div>\n\n<style type=\"text\/css\" data-created_by=\"avia_inline_auto\" id=\"style-css-av-krz0aojf-09a0460046b8b35f8762216c1561b968\">\n.avia-logo-element-container.av-krz0aojf-09a0460046b8b35f8762216c1561b968 .av-partner-fake-img{\nbackground-size:cover;\n}\n<\/style>\n<div  class='avia-logo-element-container av-krz0aojf-09a0460046b8b35f8762216c1561b968 avia-logo-slider avia-content-slider avia-smallarrow-slider avia-content-slider-active noHover avia-content-slider-odd  avia-builder-el-4  el_after_av_iconlist  avia-builder-el-last  av-slideshow-ui av-control-default av-nav-arrows-visible av-nav-dots-visible av-no-slider-navigation av-slideshow-manual av-loop-once av-loop-manual-endless avia-content-slider1' data-slideshow-options=\"{&quot;animation&quot;:&quot;slide&quot;,&quot;autoplay&quot;:false,&quot;loop_autoplay&quot;:&quot;once&quot;,&quot;interval&quot;:5,&quot;loop_manual&quot;:&quot;manual-endless&quot;,&quot;autoplay_stopper&quot;:false,&quot;noNavigation&quot;:false,&quot;bg_slider&quot;:false,&quot;keep_padding&quot;:&quot;&quot;,&quot;hoverpause&quot;:false,&quot;show_slide_delay&quot;:0}\"><div class='avia-smallarrow-slider-heading  no-logo-slider-heading '><div class='new-special-heading'>&nbsp;<\/div><div class='avia-slideshow-arrows avia-slideshow-controls' ><a href='#prev' class='prev-slide ' aria-hidden='true' data-av_icon='\ue87c' data-av_iconfont='entypo-fontello'  tabindex='-1'>Anterior<\/a><a href='#next' class='next-slide ' aria-hidden='true' data-av_icon='\ue87d' data-av_iconfont='entypo-fontello'  tabindex='-1'>Posterior<\/a><\/div><\/div><div class=\"avia-content-slider-inner\"><div class=\"slide-entry-wrap\"><div  class='slide-entry av-20eze49-4d018fb11341cdf7a62958a4bc03d04f flex_column no_margin av_one_third real-thumbnail post-entry slide-entry-overview slide-loop-1 slide-parity-odd  first'><\/div><div  class='slide-entry av-1o9qng9-336b70803cad2270f26139bca6800355 flex_column no_margin av_one_third real-thumbnail post-entry slide-entry-overview slide-loop-2 slide-parity-even  '><\/div><div  class='slide-entry av-3ih4gp-6dc963a2aad763a2e656c5a544cf5de7 flex_column no_margin av_one_third real-thumbnail post-entry slide-entry-overview slide-loop-3 slide-parity-odd  '><span class='av-partner-fake-img' style='padding-bottom:15.868263473054%; background-image:url(https:\/\/asianfilmfestival.barcelona\/2024\/wp-content\/uploads\/2019\/12\/cinemes-girona.jpg);'><\/span><\/div><\/div><div class=\"slide-entry-wrap\"><div  class='slide-entry av-mymvvd-2230943fbeff0b94a7c7d22980f6176a flex_column no_margin av_one_third real-thumbnail post-entry slide-entry-overview slide-loop-4 slide-parity-odd post-entry-last first'><\/div><\/div><\/div><\/div>\n","protected":false},"excerpt":{"rendered":"","protected":false},"author":8,"featured_media":32808,"comment_status":"closed","ping_status":"open","sticky":false,"template":"","format":"standard","meta":{"_acf_changed":false,"footnotes":""},"categories":[32],"tags":[],"class_list":["post-30553","post","type-post","status-publish","format-standard","has-post-thumbnail","hentry","category-noticias"],"acf":[],"_links":{"self":[{"href":"https:\/\/asianfilmfestival.barcelona\/2024\/es\/wp-json\/wp\/v2\/posts\/30553","targetHints":{"allow":["GET"]}}],"collection":[{"href":"https:\/\/asianfilmfestival.barcelona\/2024\/es\/wp-json\/wp\/v2\/posts"}],"about":[{"href":"https:\/\/asianfilmfestival.barcelona\/2024\/es\/wp-json\/wp\/v2\/types\/post"}],"author":[{"embeddable":true,"href":"https:\/\/asianfilmfestival.barcelona\/2024\/es\/wp-json\/wp\/v2\/users\/8"}],"replies":[{"embeddable":true,"href":"https:\/\/asianfilmfestival.barcelona\/2024\/es\/wp-json\/wp\/v2\/comments?post=30553"}],"version-history":[{"count":0,"href":"https:\/\/asianfilmfestival.barcelona\/2024\/es\/wp-json\/wp\/v2\/posts\/30553\/revisions"}],"wp:featuredmedia":[{"embeddable":true,"href":"https:\/\/asianfilmfestival.barcelona\/2024\/es\/wp-json\/wp\/v2\/media\/32808"}],"wp:attachment":[{"href":"https:\/\/asianfilmfestival.barcelona\/2024\/es\/wp-json\/wp\/v2\/media?parent=30553"}],"wp:term":[{"taxonomy":"category","embeddable":true,"href":"https:\/\/asianfilmfestival.barcelona\/2024\/es\/wp-json\/wp\/v2\/categories?post=30553"},{"taxonomy":"post_tag","embeddable":true,"href":"https:\/\/asianfilmfestival.barcelona\/2024\/es\/wp-json\/wp\/v2\/tags?post=30553"}],"curies":[{"name":"wp","href":"https:\/\/api.w.org\/{rel}","templated":true}]}}