{"id":55832,"date":"2025-03-31T12:31:00","date_gmt":"2025-03-31T10:31:00","guid":{"rendered":"https:\/\/asianfilmfestival.barcelona\/2024\/?p=55832"},"modified":"2025-03-31T12:27:28","modified_gmt":"2025-03-31T10:27:28","slug":"noves-mirades-el-cinema-asiatic-cine-paz-mk2-madrid-abr-mar","status":"publish","type":"post","link":"https:\/\/asianfilmfestival.barcelona\/2024\/ca\/noves-mirades-el-cinema-asiatic-cine-paz-mk2-madrid-abr-mar\/","title":{"rendered":"NOVES MIRADES EL CINEMA ASI\u00c0TIC | CINE PAZ MK2 MADRID | ABR-MAR"},"content":{"rendered":"\n<style type=\"text\/css\" data-created_by=\"avia_inline_auto\" id=\"style-css-av-m8wvpwma-b4a787c307a4d2ba6e91e4ff15d0955d\">\n.avia-image-container.av-m8wvpwma-b4a787c307a4d2ba6e91e4ff15d0955d img.avia_image{\nbox-shadow:none;\n}\n.avia-image-container.av-m8wvpwma-b4a787c307a4d2ba6e91e4ff15d0955d .av-image-caption-overlay-center{\ncolor:#ffffff;\n}\n<\/style>\n<div  class='avia-image-container av-m8wvpwma-b4a787c307a4d2ba6e91e4ff15d0955d av-styling- avia-align-center  avia-builder-el-0  el_before_av_heading  avia-builder-el-first '  ><div class=\"avia-image-container-inner\"><div class=\"avia-image-overlay-wrap\"><img decoding=\"async\" fetchpriority=\"high\" class='wp-image-55829 avia-img-lazy-loading-not-55829 avia_image ' src=\"https:\/\/asianfilmfestival.barcelona\/2024\/wp-content\/uploads\/2025\/03\/Iran-ODYSSEY-OF-SOLITUDE-4-copia-300x256.jpg\" alt='' title='Ir\u00e1n ODYSSEY OF SOLITUDE (4) - copia'  height=\"256\" width=\"300\" srcset=\"https:\/\/asianfilmfestival.barcelona\/2024\/wp-content\/uploads\/2025\/03\/Iran-ODYSSEY-OF-SOLITUDE-4-copia-300x256.jpg 300w, https:\/\/asianfilmfestival.barcelona\/2024\/wp-content\/uploads\/2025\/03\/Iran-ODYSSEY-OF-SOLITUDE-4-copia-1030x878.jpg 1030w, https:\/\/asianfilmfestival.barcelona\/2024\/wp-content\/uploads\/2025\/03\/Iran-ODYSSEY-OF-SOLITUDE-4-copia-768x655.jpg 768w, https:\/\/asianfilmfestival.barcelona\/2024\/wp-content\/uploads\/2025\/03\/Iran-ODYSSEY-OF-SOLITUDE-4-copia-1536x1309.jpg 1536w, https:\/\/asianfilmfestival.barcelona\/2024\/wp-content\/uploads\/2025\/03\/Iran-ODYSSEY-OF-SOLITUDE-4-copia-2048x1746.jpg 2048w, https:\/\/asianfilmfestival.barcelona\/2024\/wp-content\/uploads\/2025\/03\/Iran-ODYSSEY-OF-SOLITUDE-4-copia-1500x1279.jpg 1500w, https:\/\/asianfilmfestival.barcelona\/2024\/wp-content\/uploads\/2025\/03\/Iran-ODYSSEY-OF-SOLITUDE-4-copia-705x601.jpg 705w\" sizes=\"(max-width: 300px) 100vw, 300px\" \/><\/div><\/div><\/div>\n\n<style type=\"text\/css\" data-created_by=\"avia_inline_auto\" id=\"style-css-av-m8wvr26p-5eeb52fd59b69318d98a4904700a7c9d\">\n#top .av-special-heading.av-m8wvr26p-5eeb52fd59b69318d98a4904700a7c9d{\npadding-bottom:10px;\n}\nbody .av-special-heading.av-m8wvr26p-5eeb52fd59b69318d98a4904700a7c9d .av-special-heading-tag .heading-char{\nfont-size:25px;\n}\n.av-special-heading.av-m8wvr26p-5eeb52fd59b69318d98a4904700a7c9d .av-subheading{\nfont-size:15px;\n}\n<\/style>\n<div  class='av-special-heading av-m8wvr26p-5eeb52fd59b69318d98a4904700a7c9d av-special-heading-h1 blockquote elegant-quote elegant-centered  avia-builder-el-1  el_after_av_image  el_before_av_textblock '><h1 class='av-special-heading-tag '  ><span class=\"heading-wrap\">Noves mirades del cinema asi\u00e0tic <\/span><\/h1><div class='av-subheading av-subheading_below'><p>Del 5 d\u2019abril al 28 de juny de 2025<\/p>\n<\/div><div class=\"special-heading-border\"><div class=\"special-heading-inner-border\"><\/div><\/div><\/div>\n<section  class='av_textblock_section av-m8wvpnc5-522804a8d3ed046c84a882a6f8474299 '  ><div class='avia_textblock' ><p><span data-contrast=\"none\">El cinema asi\u00e0tic torna a les sales del Cinema Paz amb una programaci\u00f3 que s\u2019est\u00e9n del 5 d\u2019abril al 28 de juny. Encara que pugui semblar un t\u00f2pic dir que les distribu\u00efdores espanyoles cada cop mostren m\u00e9s inter\u00e8s en comptar amb un repertori m\u00e9s gran de t\u00edtols procedents del continent asi\u00e0tic, en general, el cinema asi\u00e0tic t\u00e9 una pres\u00e8ncia creixent no nom\u00e9s en festivals nacionals i internacionals, sin\u00f3 tamb\u00e9 a les nostres sales. Els tretze t\u00edtols que es podran veure entre l\u2019abril i el juny de 2025 procedeixen de Bangladesh, Cambodja, la Xina, Corea, Filipines, l\u2019\u00cdndia, l\u2019Iran, el Jap\u00f3, el Kazakhstan, el Nepal, el Pakistan, Singapur i Uzbekistan, i han estat realitzats entre el 2018 i el 2023. <\/span><b><span data-contrast=\"none\">Once You Know<\/span><\/b><span data-contrast=\"none\"> (2020) <\/span><span data-contrast=\"none\">d\u2019Emmanuel Cappellin inaugura el programa d\u2019aquest trimestre.<\/span><span data-ccp-props=\"{\">\u00a0<\/span><\/p>\n<p><span data-contrast=\"none\">La selecci\u00f3 de pel\u00b7l\u00edcules mant\u00e9 l\u2019inter\u00e8s pel drama social i les q\u00fcestions de g\u00e8nere, des d\u2019una multiplicitat de perspectives que responen a la identitat cultural dels seus protagonistes. Aix\u00f2 \u00e9s el que ens expliquen pel\u00b7l\u00edcules com les seleccionades. Es tracta de t\u00edtols com: <\/span><b><span data-contrast=\"none\">Once You Know<\/span><\/b><span data-contrast=\"none\"> (Bangladesh), <\/span><b><span data-contrast=\"none\">Last Night I Saw You Smiling<\/span><\/b><span data-contrast=\"none\"> (Cambodja), <\/span><b><span data-contrast=\"none\">Looking for Rohmer<\/span><\/b><span data-contrast=\"none\"> (Xina), <\/span><b><span data-contrast=\"none\">A Bedsore <\/span><\/b><span data-contrast=\"none\">(Corea), <\/span><b><span data-contrast=\"none\">Beautiful Pain \u2013 Belle Douleur<\/span><\/b><span data-contrast=\"none\"> (Filipines), <\/span><b><span data-contrast=\"none\">Sherni \u2013 The Tigress<\/span><\/b> <span data-contrast=\"none\">(India), <\/span><b><span data-contrast=\"none\">Odyssey of Solitude<\/span><\/b> <span data-contrast=\"none\">(Iran)<\/span><i><span data-contrast=\"none\">, <\/span><\/i><b><span data-contrast=\"none\">Sima\u2019s Song <\/span><\/b><span data-contrast=\"none\">(Afganistan)<\/span><span data-contrast=\"none\">, <\/span><b><span data-contrast=\"none\">Eternally Younger Than Those Idiots <\/span><\/b><span data-contrast=\"none\">(Jap\u00f3), T<\/span><b><span data-contrast=\"none\">he Assault<\/span><\/b><span data-contrast=\"none\"> (Kazakhstan), <\/span><b><span data-contrast=\"none\">Moosa Lane<\/span><\/b><span data-contrast=\"none\"> (Pakistan), <\/span><b><span data-contrast=\"none\">Temporary Visa<\/span><\/b><span data-contrast=\"none\"> (Singapur) i <\/span><b><span data-contrast=\"none\">Aydinlar <\/span><\/b><span data-contrast=\"none\">(Uzbekistan).<\/span><span data-ccp-props=\"{\">\u00a0<\/span><\/p>\n<p><span data-contrast=\"none\">Aquests t\u00edtols ens ofereixen una visi\u00f3 d\u2019un m\u00f3n al qual dif\u00edcilment tindr\u00edem acc\u00e9s si no fos per la literatura i el cinema.<\/span><span data-ccp-props=\"{\">\u00a0<\/span><\/p>\n<hr \/>\n<p><span data-ccp-props=\"{\">\u00a0<\/span><b><span data-contrast=\"none\">PROGRAMACI\u00d3<\/span><\/b><span data-ccp-props=\"{\">\u00a0<\/span><\/p>\n<p><span style=\"color: #ff0000;\">Dissabte 5 d\u2019abril de 2025, a les 12.00 h\u00a0<\/span><\/p>\n<p><b><span data-contrast=\"none\">Once You Know | Bangla Desh | Emmanuel Cappellin | 2020 | 84\u2019 | VOSE | Documental<\/span><\/b><span data-ccp-props=\"{\">\u00a0<\/span><\/p>\n<p><span data-contrast=\"auto\"><img loading=\"lazy\" decoding=\"async\" class=\"size-medium wp-image-55826 alignleft\" src=\"https:\/\/asianfilmfestival.barcelona\/2024\/wp-content\/uploads\/2024\/12\/Bangladesh-ONCE-YOU-KNOW-300x135.jpg\" alt=\"\" width=\"300\" height=\"135\" srcset=\"https:\/\/asianfilmfestival.barcelona\/2024\/wp-content\/uploads\/2024\/12\/Bangladesh-ONCE-YOU-KNOW-300x135.jpg 300w, https:\/\/asianfilmfestival.barcelona\/2024\/wp-content\/uploads\/2024\/12\/Bangladesh-ONCE-YOU-KNOW-1030x464.jpg 1030w, https:\/\/asianfilmfestival.barcelona\/2024\/wp-content\/uploads\/2024\/12\/Bangladesh-ONCE-YOU-KNOW-768x346.jpg 768w, https:\/\/asianfilmfestival.barcelona\/2024\/wp-content\/uploads\/2024\/12\/Bangladesh-ONCE-YOU-KNOW-705x317.jpg 705w, https:\/\/asianfilmfestival.barcelona\/2024\/wp-content\/uploads\/2024\/12\/Bangladesh-ONCE-YOU-KNOW.jpg 1500w\" sizes=\"auto, (max-width: 300px) 100vw, 300px\" \/>Confrontat amb la realitat del canvi clim\u00e0tic i de l\u2019esgotament de recursos, el cineasta Emmanuel Cappellin s\u2019adona que l\u2019ensorrament de la nostra civilitzaci\u00f3 industrial \u00e9s inevitable. Per\u00f2, com seguir vivint amb la idea que l\u2019aventura humana podria fracassar? Per trobar la resposta, Cappellin decideix consultar experts i cient\u00edfics com Pablo Servigne, Jean-Marc Jancovici o Susanne Moser. Entre tots, emeten un manifest col\u00b7lectiu i solidari per preparar una transici\u00f3 el m\u00e9s humana possible.<\/span><span data-ccp-props=\"{\">\u00a0<\/span><\/p>\n<p><span data-contrast=\"auto\">Documentalista sobre temes mediambientals i socials, <\/span><b><span data-contrast=\"auto\">Emmanuel Cappellin<\/span><\/b><span data-contrast=\"auto\"> s\u2019interessa particularment en les diferents formes d\u2019entendre la relaci\u00f3 entre l\u2019home i la natura, i les conseq\u00fc\u00e8ncies que deriven de la mateixa. Durant tres anys ha estat treballant en l\u2019estrena mundial de <\/span><b><span data-contrast=\"auto\">Human<\/span><\/b><span data-contrast=\"auto\">, de Yann Arthus-Bertrand, i actualment treballa en la seva propera pel\u00b7l\u00edcula <\/span><b><span data-contrast=\"auto\">Woman<\/span><\/b><span data-contrast=\"auto\">, despr\u00e9s de dirigir <\/span><b><span data-contrast=\"auto\">Once you Know<\/span><\/b><span data-contrast=\"auto\">, un llargmetratge documental produ\u00eft per Pulp Films (Fran\u00e7a).<\/span><span data-ccp-props=\"{\">\u00a0<\/span><\/p>\n<hr \/>\n<p><span style=\"color: #ff0000;\">Dissabte 12 d\u2019abril de 2025, a les 12.00 h\u00a0<\/span><\/p>\n<p><b><span data-contrast=\"none\">Last Night I Saw You Smiling | Cambodja | Kavich Neang | 2019 | 77\u2032 | VOSE | Documental<\/span><\/b><span data-ccp-props=\"{\">\u00a0<\/span><\/p>\n<p><span data-contrast=\"auto\"><img loading=\"lazy\" decoding=\"async\" class=\"size-medium wp-image-55843 alignright\" src=\"https:\/\/asianfilmfestival.barcelona\/2024\/wp-content\/uploads\/2025\/03\/CamboyaLAST-NIGHT-I-SAW-YOU-SMILING-300x195.jpg\" alt=\"\" width=\"300\" height=\"195\" srcset=\"https:\/\/asianfilmfestival.barcelona\/2024\/wp-content\/uploads\/2025\/03\/CamboyaLAST-NIGHT-I-SAW-YOU-SMILING-300x195.jpg 300w, https:\/\/asianfilmfestival.barcelona\/2024\/wp-content\/uploads\/2025\/03\/CamboyaLAST-NIGHT-I-SAW-YOU-SMILING-768x499.jpg 768w, https:\/\/asianfilmfestival.barcelona\/2024\/wp-content\/uploads\/2025\/03\/CamboyaLAST-NIGHT-I-SAW-YOU-SMILING-705x458.jpg 705w, https:\/\/asianfilmfestival.barcelona\/2024\/wp-content\/uploads\/2025\/03\/CamboyaLAST-NIGHT-I-SAW-YOU-SMILING.jpg 988w\" sizes=\"auto, (max-width: 300px) 100vw, 300px\" \/>L\u2019Edifici Blanc de Phnom Penh, constru\u00eft com un habitatge social durant els anys 60, est\u00e0 a punt de ser derrocat. Amb l\u2019acord de gaireb\u00e9 totes les 493 fam\u00edlies residents, el seu enderrocament pret\u00e9n donar pas a un nou projecte de construcci\u00f3 d\u2019apartaments. De la m\u00e0 dels seus habitants, inclosa la seva pr\u00f2pia fam\u00edlia, el director retrata els \u00faltims dies d\u2019aquesta agonitzant mega estructura, que ha estat testimoni de l\u2019agitada hist\u00f2ria recent de Cambodja i que, amb la seva desaparici\u00f3, nom\u00e9s deixa el record d\u2019una \u00e8poca passada.<\/span><span data-ccp-props=\"{\">\u00a0<\/span><\/p>\n<p><b><span data-contrast=\"auto\">Kavich Neang<\/span><\/b><span data-contrast=\"auto\"> \u00e9s cineasta i director de fotografia. Va n\u00e9ixer a Cambodja i va cr\u00e9ixer amb la seva fam\u00edlia a l\u2019Edifici Blanc de Phnom Penh. Al llarg de la seva traject\u00f2ria, ha realitzat tant documentals com cinema de ficci\u00f3. Davant la not\u00edcia del desallotjament i enderrocament de l\u2019Edifici Blanc, Neang decideix, amb aquest \u00faltim documental, tornar al passat i a la seva inf\u00e0ncia amb la finalitat de comprendre un present en el qual aquest lloc ja no existeix.<\/span><span data-ccp-props=\"{\">\u00a0<\/span><\/p>\n<hr \/>\n<p><span style=\"color: #ff0000;\">Dissabte 19 d\u2019abril de 2025, a les 12.00 h\u00a0<\/span><\/p>\n<p><b><span data-contrast=\"none\">Looking for Rohmer | Xina | Wang Chao | 2018 | 85\u2019 | VOSE | Drama<\/span><\/b><span data-ccp-props=\"{\">\u00a0<\/span><\/p>\n<p><span data-contrast=\"auto\"><img loading=\"lazy\" decoding=\"async\" class=\"size-medium wp-image-55846 alignleft\" src=\"https:\/\/asianfilmfestival.barcelona\/2024\/wp-content\/uploads\/2025\/03\/China-Wang-Chao-LOOKING-FOR-ROHMER-4-300x200.jpeg\" alt=\"\" width=\"300\" height=\"200\" srcset=\"https:\/\/asianfilmfestival.barcelona\/2024\/wp-content\/uploads\/2025\/03\/China-Wang-Chao-LOOKING-FOR-ROHMER-4-300x200.jpeg 300w, https:\/\/asianfilmfestival.barcelona\/2024\/wp-content\/uploads\/2025\/03\/China-Wang-Chao-LOOKING-FOR-ROHMER-4-1030x686.jpeg 1030w, https:\/\/asianfilmfestival.barcelona\/2024\/wp-content\/uploads\/2025\/03\/China-Wang-Chao-LOOKING-FOR-ROHMER-4-768x512.jpeg 768w, https:\/\/asianfilmfestival.barcelona\/2024\/wp-content\/uploads\/2025\/03\/China-Wang-Chao-LOOKING-FOR-ROHMER-4-705x470.jpeg 705w, https:\/\/asianfilmfestival.barcelona\/2024\/wp-content\/uploads\/2025\/03\/China-Wang-Chao-LOOKING-FOR-ROHMER-4.jpeg 1037w\" sizes=\"auto, (max-width: 300px) 100vw, 300px\" \/>\u00c9s la primera pel\u00b7l\u00edcula LGBTQIA+ que va rebre autoritzaci\u00f3 per la seva estrena a la Xina. La hist\u00f2ria comen\u00e7a amb la primera trobada dels protagonistes i la posterior relaci\u00f3 secreta entre ells. Zhao Jie i Rohmer decideixen viatjar junts al Tibet, per\u00f2 al cam\u00ed es veuen involucrats en un accident que acaba amb la vida d\u2019un nen. Malgrat no ser els responsables del que ha passat, el sentiment de culpa genera un ambient tens que fa que es separin. Quan Zhao Jie s\u2019assabenta que Rohmer ha patit un accident a una glacera, el va a buscar amb la intenci\u00f3 d\u2019ajudar-lo i evitar que li passi el mateix que a aquell nen a qui no van poder salvar.<\/span><span data-ccp-props=\"{\">\u00a0<\/span><\/p>\n<p><span data-contrast=\"auto\">Despr\u00e9s de graduar-se de la universitat, <\/span><b><span data-contrast=\"auto\">Wang Chao<\/span><\/b><span data-contrast=\"auto\"> va treballar durant cinc anys en la ind\u00fastria sider\u00fargica, encara que sempre va estar interessat en el cinema i la literatura. L\u2019any 1991 va entrar a l\u2019Acad\u00e8mia de Cinema de Pequ\u00edn, on es va graduar el 1994 i va comen\u00e7ar a treballar de cr\u00edtic de cinema. Despr\u00e9s del rodatge de <\/span><b><span data-contrast=\"auto\">Terra Groga<\/span><\/b><span data-contrast=\"auto\"> va con\u00e8ixer a Chen Kaige, qui el va contractar com a ajudant de direcci\u00f3 entre 1995 i 1998 pel rodatge de <\/span><span data-contrast=\"auto\">d\u2019<\/span><b><span data-contrast=\"auto\">Ad\u00e9u a la meva concubina <\/span><\/b><span data-contrast=\"auto\">(1993) i<\/span><b><span data-contrast=\"auto\"> L\u2019emperador i l\u2019assass\u00ed<\/span><\/b><span data-contrast=\"auto\"> (1998)<\/span><span data-contrast=\"auto\">. <\/span><span data-contrast=\"none\">Durant aquest temps, va escriure relats curts que posteriorment inspirarien guions de pel\u00b7l\u00edcules<\/span><span data-contrast=\"auto\">. Amb <\/span><b><span data-contrast=\"auto\">Orphan of Anyang<\/span><\/b><span data-contrast=\"auto\"> (2001)<\/span><span data-contrast=\"auto\">, que va rodar sense autoritzaci\u00f3, va fer el seu debut com a director. Aquesta pel\u00b7l\u00edcula va ser seleccionada el 2001 per participar en la Quinzena de Cineastes del Festival de Canes. El 2004 va realitzar el seu segon llargmetratge, <\/span><b><span data-contrast=\"auto\">Day and Night<\/span><\/b><span data-contrast=\"auto\">,<\/span><span data-contrast=\"auto\"> i amb <\/span><b><span data-contrast=\"auto\">Luxury Car<\/span><\/b><span data-contrast=\"auto\"> va completar el 2006 la trilogia sobre la Xina en la que havia estat treballant durant m\u00e9s de cinc anys. La seva quarta i cinquena pel\u00b7l\u00edcula, <\/span><b><span data-contrast=\"auto\">Memory of Love<\/span><\/b><span data-contrast=\"auto\"> (2009) i <\/span><b><span data-contrast=\"auto\">Fantasy<\/span><\/b><span data-contrast=\"auto\"> (2014), que destaquen per la maduresa narrativa per part del director, es van presentar a la sescci\u00f3 Uncertain Regard al festival de Canes de 2014. <\/span><b><span data-contrast=\"auto\">Looking for Rohmer<\/span><\/b><span data-contrast=\"auto\"> (2018), mostra l\u2019inter\u00e8s de Wang Chao pel cr\u00edtic i cineasta Eric Rohmer i la Nouvelle Vague, fins al punt de fer una pel\u00b7l\u00edcula sobre ell, encara que no necess\u00e0riament biogr\u00e0fica. <\/span><b><span data-contrast=\"auto\">A Woman<\/span><\/b><span data-contrast=\"auto\"> (2022), fins ara la seva \u00faltima pel\u00b7l\u00edcula, es va projectar en l\u2019anterior edici\u00f3 de l\u2019<\/span><b><span data-contrast=\"auto\">Asian Film Festival Barcelona | AFFBCN<\/span><\/b><span data-contrast=\"auto\"> amb gran \u00e8xit de p\u00fablic, depr\u00e8s del seu pas per Sant Sebasti\u00e0 on va ser nominada a la Conchilla d\u2019Or a la millor pel\u00b7l\u00edcula.<\/span><span data-ccp-props=\"{\">\u00a0<\/span><\/p>\n<hr \/>\n<p><span style=\"color: #ff0000;\">Dissabte 26 d\u2019abril de 2025, a les 12.00 h\u00a0<\/span><\/p>\n<p><b><span data-contrast=\"none\">A Bedsore | Corea | Hye-jung Shim | 2019 | 110\u2019 | VOSE | Drama<\/span><\/b><span data-ccp-props=\"{\">\u00a0<\/span><\/p>\n<p><span data-contrast=\"auto\"><img loading=\"lazy\" decoding=\"async\" class=\"size-medium wp-image-55849 alignright\" src=\"https:\/\/asianfilmfestival.barcelona\/2024\/wp-content\/uploads\/2025\/03\/Corea-A-BEDSORE-5-300x195.jpg\" alt=\"\" width=\"300\" height=\"195\" srcset=\"https:\/\/asianfilmfestival.barcelona\/2024\/wp-content\/uploads\/2025\/03\/Corea-A-BEDSORE-5-300x195.jpg 300w, https:\/\/asianfilmfestival.barcelona\/2024\/wp-content\/uploads\/2025\/03\/Corea-A-BEDSORE-5-768x499.jpg 768w, https:\/\/asianfilmfestival.barcelona\/2024\/wp-content\/uploads\/2025\/03\/Corea-A-BEDSORE-5-705x458.jpg 705w, https:\/\/asianfilmfestival.barcelona\/2024\/wp-content\/uploads\/2025\/03\/Corea-A-BEDSORE-5.jpg 988w\" sizes=\"auto, (max-width: 300px) 100vw, 300px\" \/>La vida dom\u00e8stica aparentment id\u00edl\u00b7lica del jubilat Chang-sik i de la seva esposa Gil-soon, prostrada al llit i sense poder parlar despr\u00e9s d\u2019un vessament cerebral, aix\u00ed com de la seva cuidadora Sook-ok, una immigrant sinocoreana indocumentada, comen\u00e7a a enfonsar-se quan Gil-soon pateix d\u2019una \u00falcera incurable. Aquest fet obre velles ferides familiars en aquesta \u00f2pera prima de Shim Hyejung, que ens fa reflexionar sobre l\u2019\u00e8tica relacionada amb la cura dels ancians i discapacitats, aix\u00ed com les responsabilitats que tenim com a familiars, auxiliadors socials o geriatres.<\/span><span data-ccp-props=\"{\">\u00a0<\/span><\/p>\n<p><b><span data-contrast=\"auto\">Shim Hyejung<\/span><\/b><span data-contrast=\"auto\"> ha presentat les seves pel\u00b7l\u00edcules en llocs com PANASIA a Corea, l\u2019Acad\u00e8mia de les Arts de l\u2019Iran i el JCCAC a Hong Kong. Tamb\u00e9 ha competit al Jeonju International Film Festival o al Seoul International New Media Festival, entre molts altres festivals de cinema coreans. En 2017, la seva pel\u00b7l\u00edcula <\/span><b><span data-contrast=\"auto\">Camellias in Bloom<\/span><\/b><span data-contrast=\"auto\"> (2016) va ser nominada en la secci\u00f3 de curtmetratges en la 38a edici\u00f3 dels Premis Blue Dragon.<\/span><span data-ccp-props=\"{\">\u00a0<\/span><\/p>\n<hr \/>\n<p><span style=\"color: #ff0000;\" data-contrast=\"none\">Dissabte 3 de maig de 2025, a les 12.00 h<\/span><span data-ccp-props=\"{\">\u00a0<\/span><\/p>\n<p><b><span data-contrast=\"none\">Beautiful Pain (Belle Douleur) | Filipines | Joji Villanueva Alonso | 2019 | 99\u2019 | VOSE | Rom\u00e0ntica<\/span><\/b><span data-ccp-props=\"{\">\u00a0<\/span><\/p>\n<p><span data-contrast=\"auto\"><img loading=\"lazy\" decoding=\"async\" class=\"size-medium wp-image-55852 alignleft\" src=\"https:\/\/asianfilmfestival.barcelona\/2024\/wp-content\/uploads\/2025\/03\/Filipinas-BELLE-DOULER-BEAUTIFUL-PAIN-5-300x195.jpg\" alt=\"\" width=\"300\" height=\"195\" srcset=\"https:\/\/asianfilmfestival.barcelona\/2024\/wp-content\/uploads\/2025\/03\/Filipinas-BELLE-DOULER-BEAUTIFUL-PAIN-5-300x195.jpg 300w, https:\/\/asianfilmfestival.barcelona\/2024\/wp-content\/uploads\/2025\/03\/Filipinas-BELLE-DOULER-BEAUTIFUL-PAIN-5-768x499.jpg 768w, https:\/\/asianfilmfestival.barcelona\/2024\/wp-content\/uploads\/2025\/03\/Filipinas-BELLE-DOULER-BEAUTIFUL-PAIN-5-705x458.jpg 705w, https:\/\/asianfilmfestival.barcelona\/2024\/wp-content\/uploads\/2025\/03\/Filipinas-BELLE-DOULER-BEAUTIFUL-PAIN-5.jpg 988w\" sizes=\"auto, (max-width: 300px) 100vw, 300px\" \/>L\u2019Elizabeth \u00e9s una dona independent, que volta els 40 i est\u00e0 obstinada a viure a la seva manera la resta dels seus dies. Despr\u00e9s de la mort de la seva mare despr\u00e9s d\u2019una llarga i ag\u00f2nica malaltia, coneix a en Jon, un noi 20 anys m\u00e9s jove que ella. Quan sorgeix l\u2019amor entre ells, ell intenta conv\u00e8ncer-la que no existeixen l\u00edmits d\u2019edat per a l&#8217;amor. La seva relaci\u00f3 sembla anar b\u00e9, fins que la Liz s\u2019adona que no pot formar part dels somnis d\u2019en Jon.<\/span><span data-ccp-props=\"{\">\u00a0<\/span><\/p>\n<p><b><span data-contrast=\"auto\">Joji Villanueva Alonso <\/span><\/b><span data-contrast=\"auto\">\u00e9s una directora de cinema filip\u00ed debutant. Va estudiar Dret al St. Therese College. Despr\u00e9s de treballar 31 anys com a advocada, va decidir aventurar-se en la ind\u00fastria del cinema com a productora a Quantum Films. Des de llavors, ha produ\u00eft m\u00e9s de 32 pel\u00b7l\u00edcules, les quals han estat reconegudes i premiades internacionalment. La pel\u00b7l\u00edcula <\/span><b><span data-contrast=\"auto\">The Woman in the Septic Tank<\/span><\/b><span data-contrast=\"auto\"> (2011) va ser seleccionada com a representant de les Filipines als Oscars. Despr\u00e9s de treballar com a productora i superar un c\u00e0ncer, s\u2019ha aventurat a la direcci\u00f3, amb <\/span><b><span data-contrast=\"auto\">Belle Doleur<\/span><\/b><span data-contrast=\"auto\"> (2019) com el seu primer llargmetratge.<\/span><span data-ccp-props=\"{\">\u00a0<\/span><\/p>\n<hr \/>\n<p><span style=\"color: #ff0000;\">Dissabte 10 de maig de 2025, a les 12.00 h\u00a0<\/span><\/p>\n<p><b><span data-contrast=\"none\">Sherni | Amit Masurkar | \u00cdndia | 2021 | 131\u2019 | VOSE | Drama<\/span><\/b><span data-ccp-props=\"{\">\u00a0<\/span><\/p>\n<p><span data-contrast=\"none\"><img loading=\"lazy\" decoding=\"async\" class=\"size-medium wp-image-55586 alignright\" src=\"https:\/\/asianfilmfestival.barcelona\/2024\/wp-content\/uploads\/2025\/02\/SHERNI-FINAL-KEYART_30x40_CMYK2-300x188.jpg\" alt=\"\" width=\"300\" height=\"188\" srcset=\"https:\/\/asianfilmfestival.barcelona\/2024\/wp-content\/uploads\/2025\/02\/SHERNI-FINAL-KEYART_30x40_CMYK2-300x188.jpg 300w, https:\/\/asianfilmfestival.barcelona\/2024\/wp-content\/uploads\/2025\/02\/SHERNI-FINAL-KEYART_30x40_CMYK2-768x480.jpg 768w, https:\/\/asianfilmfestival.barcelona\/2024\/wp-content\/uploads\/2025\/02\/SHERNI-FINAL-KEYART_30x40_CMYK2-705x441.jpg 705w, https:\/\/asianfilmfestival.barcelona\/2024\/wp-content\/uploads\/2025\/02\/SHERNI-FINAL-KEYART_30x40_CMYK2.jpg 886w\" sizes=\"auto, (max-width: 300px) 100vw, 300px\" \/>Una guarda forestal desencantada lidera un equip de rastrejadors per capturar una tigressa &#8220;devoradora d\u2019homes&#8221; als l\u00edmits de la selva. En la seva missi\u00f3, s\u2019enfronta a obstacles pol\u00edtics, locals, burocr\u00e0tics i personals, que es compliquen encara m\u00e9s amb la pres\u00e8ncia d\u2019un ca\u00e7ador amb connexions pol\u00edtiques, que manipula els vilatans en benefici propi.<\/span><span data-ccp-props=\"{\">\u00a0<\/span><\/p>\n<p><b><span data-contrast=\"none\">Dir. Amit Masurkar<\/span><\/b><span data-contrast=\"none\"> \u00e9s un director i guionista indi. Va abandonar els estudis d\u2019enginyeria a l\u2019Institut de Tecnologia de Manipal als 20 anys per dedicar-se al cinema. M\u00e9s tard, va obtenir una llicenciatura en Hist\u00f2ria per la Universitat de Bombai. Ha dirigit <\/span><b><span data-contrast=\"none\">Sulemani Keeda<\/span><\/b><span data-contrast=\"none\"> i <\/span><b><span data-contrast=\"none\">Newton<\/span><\/b><span data-contrast=\"none\">, que va ser seleccionada com a Millor Pel\u00b7l\u00edcula de parla no anglesa a la 90a edici\u00f3 dels Premis de l&#8217;Acad\u00e8mia. Per <\/span><b><span data-contrast=\"none\">Newton<\/span><\/b><span data-contrast=\"none\">, tamb\u00e9 va rebre el Premi al Millor Gui\u00f3 als Asia Pacific Screen Awards.<\/span><span data-ccp-props=\"{\">\u00a0<\/span><\/p>\n<hr \/>\n<p><span style=\"color: #ff0000;\">Dissabte 17 de maig de 2025, a les 12.00 h\u00a0<\/span><\/p>\n<p><b><span data-contrast=\"none\">Odyssey of Solitude | Iran | Hossein Mahkam | 2022 | 94\u2019 | VOSE | Drama<\/span><\/b><span data-ccp-props=\"{\">\u00a0<\/span><\/p>\n<p><span data-contrast=\"auto\"><img decoding=\"async\" class=\"size-medium wp-image-55829 alignleft\" src=\"https:\/\/asianfilmfestival.barcelona\/2024\/wp-content\/uploads\/2025\/03\/Iran-ODYSSEY-OF-SOLITUDE-4-copia-300x256.jpg\" alt=\"\" width=\"300\" height=\"256\" srcset=\"https:\/\/asianfilmfestival.barcelona\/2024\/wp-content\/uploads\/2025\/03\/Iran-ODYSSEY-OF-SOLITUDE-4-copia-300x256.jpg 300w, https:\/\/asianfilmfestival.barcelona\/2024\/wp-content\/uploads\/2025\/03\/Iran-ODYSSEY-OF-SOLITUDE-4-copia-1030x878.jpg 1030w, https:\/\/asianfilmfestival.barcelona\/2024\/wp-content\/uploads\/2025\/03\/Iran-ODYSSEY-OF-SOLITUDE-4-copia-768x655.jpg 768w, https:\/\/asianfilmfestival.barcelona\/2024\/wp-content\/uploads\/2025\/03\/Iran-ODYSSEY-OF-SOLITUDE-4-copia-1536x1309.jpg 1536w, https:\/\/asianfilmfestival.barcelona\/2024\/wp-content\/uploads\/2025\/03\/Iran-ODYSSEY-OF-SOLITUDE-4-copia-2048x1746.jpg 2048w, https:\/\/asianfilmfestival.barcelona\/2024\/wp-content\/uploads\/2025\/03\/Iran-ODYSSEY-OF-SOLITUDE-4-copia-1500x1279.jpg 1500w, https:\/\/asianfilmfestival.barcelona\/2024\/wp-content\/uploads\/2025\/03\/Iran-ODYSSEY-OF-SOLITUDE-4-copia-705x601.jpg 705w\" sizes=\"(max-width: 300px) 100vw, 300px\" \/>Ahmad \u00e9s un psiquiatre que creu en el tractament de l\u2019\u00e0nima com a medicina de manera positivista i laboratorial. Per\u00f2, quan la seva esposa desapareix, es troba ple de les seves il\u00b7lusions, i intentant trobar alguna pista sobre ella rec\u00f3rre als seus amics desesperadament. Sempre prioritzant la felicitat de la seva esposa, est\u00e0 disposat a acceptar el matrimoni d\u2019aquesta amb un dels seus amics, doncs creu que podria fer-la m\u00e9s feli\u00e7. Per\u00f2, quan ella manifesta que la seva felicitat no dep\u00e8n en absolut d\u2019un \u201chome\u201d, ell veu com totes les seves conviccions cient\u00edfiques entren en crisi.<\/span><span data-ccp-props=\"{\">\u00a0<\/span><\/p>\n<p><span data-contrast=\"auto\">Nascut a Teheran el 1980, <\/span><b><span data-contrast=\"auto\">Hossein Mahkam<\/span><\/b><span data-contrast=\"auto\"> \u00e9s llicenciat en Filosofia a la Universitat de Teheran. \u00c9s un dramaturg i director de teatre veter\u00e0 que ha dirigit v\u00e0ries produccions teatrals, a m\u00e9s d\u2019haver escrit i publicat quatre llibres de contes i fer classes d\u2019escriptura de guions a escoles de cinema. Com a guionista, ha treballat amb directors destacats iranians com Abdolreza Kahani (<\/span><b><span data-contrast=\"auto\">Adam<\/span><\/b><span data-contrast=\"auto\">, <\/span><b><span data-contrast=\"auto\">Twenty <\/span><\/b><span data-contrast=\"auto\">i <\/span><b><span data-contrast=\"auto\">Nothing<\/span><\/b><span data-contrast=\"auto\">), Rakhshan Bani-Etemad (<\/span><b><span data-contrast=\"auto\">See you Elena<\/span><\/b><span data-contrast=\"auto\">), Mehdi Rahmani (<\/span><b><span data-contrast=\"auto\">Snow<\/span><\/b><span data-contrast=\"auto\">), Vahid Jalilvand (<\/span><b><span data-contrast=\"auto\">Wednesday, May 9<\/span><\/b><span data-contrast=\"auto\">) i Yadollah Samadi (<\/span><b><span data-contrast=\"auto\">Another\u2019s father<\/span><\/b><span data-contrast=\"auto\">).<\/span><span data-ccp-props=\"{\">\u00a0<\/span><\/p>\n<hr \/>\n<p><span style=\"color: #ff0000;\">Dissabte 24 de maig de 2025, a les 12.00 h\u00a0<\/span><\/p>\n<p><b><i><span data-contrast=\"none\">Sima\u2019s Song<\/span><\/i><\/b><b><span data-contrast=\"none\"> | Afganistan, Fran\u00e7a, Holanda, Espanya i Taiw\u00e1n | Roya Sadat | 2024 | 98\u2019 | VOSE | Drama<\/span><\/b><span data-ccp-props=\"{\">\u00a0<\/span><\/p>\n<p><span data-contrast=\"auto\"><img loading=\"lazy\" decoding=\"async\" class=\"size-medium wp-image-55856 alignright\" src=\"https:\/\/asianfilmfestival.barcelona\/2024\/wp-content\/uploads\/2025\/03\/Afganistan-SIMAS-SONG-300x258.png\" alt=\"\" width=\"300\" height=\"258\" srcset=\"https:\/\/asianfilmfestival.barcelona\/2024\/wp-content\/uploads\/2025\/03\/Afganistan-SIMAS-SONG-300x258.png 300w, https:\/\/asianfilmfestival.barcelona\/2024\/wp-content\/uploads\/2025\/03\/Afganistan-SIMAS-SONG.png 624w\" sizes=\"auto, (max-width: 300px) 100vw, 300px\" \/>L&#8217;any 2023, als carrers de Kabul, un grup de dones, liderades per la valenta Suraya, de 65 anys, protesten contra el r\u00e8gim talib\u00e0, reclamant pa, educaci\u00f3 i llibertat. La hist\u00f2ria ens transporta al 1979, quan la Suraya i la seva amiga Sima, atrapades enmig de la inestabilitat pol\u00edtica, es troben en b\u00e0ndols oposats en la lluita per la llibertat. La Suraya, una comunista conven\u00e7uda, s&#8217;uneix al moviment pro-rus, mentre que la Sima, una musulmana conservadora, busca refugi en la tradici\u00f3 i el matrimoni. Malgrat les seves difer\u00e8ncies, comparteixen un fort comprom\u00eds amb els drets de les dones. A mesura que la situaci\u00f3 pol\u00edtica empitjora, la seva amistat es posa a prova, especialment quan la Sima es veu obligada a fugir despr\u00e9s d&#8217;unir-se als mujahidins. Tot i els obstacles i la manipulaci\u00f3 per part de les forces pol\u00edtiques, el seu vincle es mant\u00e9 fort, revelant que la seva lluita anava molt m\u00e9s enll\u00e0 del poder.<\/span><span data-ccp-props=\"{\">\u00a0<\/span><\/p>\n<p><b><span data-contrast=\"auto\">Roya Sadat<\/span><\/b><span data-contrast=\"auto\"> \u00e9s la fundadora de Roya Film House, la productora m\u00e9s important de l&#8217;Afganistan, amb m\u00e9s de 20 anys d&#8217;experi\u00e8ncia en la realitzaci\u00f3 de pel\u00b7l\u00edcules centrades en els drets humans de les dones i la inf\u00e0ncia. El seu primer llargmetratge, <\/span><b><span data-contrast=\"auto\">A Letter to the President<\/span><\/b><span data-contrast=\"auto\">, la va convertir en la primera directora afganesa a ser preseleccionada per als Oscars. Ha rebut m\u00faltiples premis internacionals, incloent-hi el Premi del Jurat Internacional al Vesoul IFF, el One Future Prize al Munich IFF i una Menci\u00f3 Especial a la Secci\u00f3 Discoveries del 2019 a l&#8217;Asian Film Festival Barcelona | AFFBCN. A m\u00e9s, va ser pionera en la creaci\u00f3 de drames televisius populars per a TOLO TV, guanyant reconeixement en la ind\u00fastria televisiva. Sadat va fundar l&#8217;escola de cinema RFH Academy i el Festival Internacional de Cinema de Dones de Herat, un dels m\u00e9s prestigiosos de la regi\u00f3. Malgrat els riscos que ha afrontat, la seva obra busca donar visibilitat a la situaci\u00f3 de les dones afganeses i impulsar canvis al pa\u00eds. Ha estat guardonada amb nombrosos premis, com el KIMDAEJUNG Nobel Cinema for Peace Award 2021, el Premi Internacional Dones de Coratge del Departament d&#8217;Estat dels EUA i la Medalla Malalai per la seva valenta lluita pels drets de les dones.<\/span><span data-ccp-props=\"{\">\u00a0<\/span><\/p>\n<hr \/>\n<p><span style=\"color: #ff0000;\">Dissabte 31 de maig de 2025, a les 12.00 h\u00a0<\/span><\/p>\n<p><b><span data-contrast=\"none\">Eternally Younger Than Those Idiots | Jap\u00f3 | Ryohei Yoshino | 2021 | 118\u2019 | VOSE | Drama<\/span><\/b><span data-ccp-props=\"{\">\u00a0<\/span><\/p>\n<p><span data-contrast=\"auto\"><img loading=\"lazy\" decoding=\"async\" class=\"size-medium wp-image-55859 alignleft\" src=\"https:\/\/asianfilmfestival.barcelona\/2024\/wp-content\/uploads\/2025\/03\/Japon_Eternally-Younger-than-Those-Idiots-3-300x200.jpg\" alt=\"\" width=\"300\" height=\"200\" srcset=\"https:\/\/asianfilmfestival.barcelona\/2024\/wp-content\/uploads\/2025\/03\/Japon_Eternally-Younger-than-Those-Idiots-3-300x200.jpg 300w, https:\/\/asianfilmfestival.barcelona\/2024\/wp-content\/uploads\/2025\/03\/Japon_Eternally-Younger-than-Those-Idiots-3-1030x687.jpg 1030w, https:\/\/asianfilmfestival.barcelona\/2024\/wp-content\/uploads\/2025\/03\/Japon_Eternally-Younger-than-Those-Idiots-3-768x512.jpg 768w, https:\/\/asianfilmfestival.barcelona\/2024\/wp-content\/uploads\/2025\/03\/Japon_Eternally-Younger-than-Those-Idiots-3-1536x1024.jpg 1536w, https:\/\/asianfilmfestival.barcelona\/2024\/wp-content\/uploads\/2025\/03\/Japon_Eternally-Younger-than-Those-Idiots-3-1500x1000.jpg 1500w, https:\/\/asianfilmfestival.barcelona\/2024\/wp-content\/uploads\/2025\/03\/Japon_Eternally-Younger-than-Those-Idiots-3-705x470.jpg 705w, https:\/\/asianfilmfestival.barcelona\/2024\/wp-content\/uploads\/2025\/03\/Japon_Eternally-Younger-than-Those-Idiots-3.jpg 1968w\" sizes=\"auto, (max-width: 300px) 100vw, 300px\" \/>La hist\u00f2ria comen\u00e7a amb Horigai, una jove de 22 anys qui aconsegueix un contracte com a treballadora social. Tot i estar a punt de graduar-se est\u00e0 desencantada amb la Universitat, fins que coneix a Inogi, una noia amb una inf\u00e0ncia tr\u00e0gica, amb qui estableix una amistat. Quan el seu amic Homine, mor, ella comen\u00e7a a descobrir la viol\u00e8ncia de la que aquest era capa\u00e7, i de la que ella no s&#8217;havia adonat quan era viu.<\/span><span data-ccp-props=\"{\">\u00a0<\/span><\/p>\n<p><span data-contrast=\"auto\">Nascut a la prefectura de Kanagawa el 1982, <\/span><b><span data-contrast=\"none\">Ryohei Yoshino<\/span><\/b><span data-contrast=\"auto\"> va comen\u00e7ar a fer pel\u00b7l\u00edcules independents mentre estudiava a la Universitat de Hosei. Despr\u00e9s de graduar-se, es va matricular a l\u2019Institut Japon\u00e8s de la Imatge en Moviment, on es va especialitzar en cinematografia i tecnologia de la il\u00b7luminaci\u00f3. Ha guanyat diversos premis pels seus curtmetratges i migmetratges, i actualment treballa com a enginyer d\u2019il\u00b7luminaci\u00f3 per a v\u00eddeos musicals, director de programes de r\u00e0dio i una \u00e0mplia gamma d\u2019altres camps.<\/span><span data-ccp-props=\"{\">\u00a0<\/span><\/p>\n<hr \/>\n<p><span style=\"color: #ff0000;\">Dissabte 7 de juny de 2025, a les 12.00 h\u00a0<\/span><\/p>\n<p><b><span data-contrast=\"none\">The Assault (Shturm) | Kazakhstan | Adilkhan Yerzhanov | 2022 | 90\u2019 | VOSE | Drama<\/span><\/b><span data-ccp-props=\"{\">\u00a0<\/span><\/p>\n<p><span data-contrast=\"auto\"><img loading=\"lazy\" decoding=\"async\" class=\"size-medium wp-image-55862 alignright\" src=\"https:\/\/asianfilmfestival.barcelona\/2024\/wp-content\/uploads\/2025\/03\/Kazajstan-SHTURM-THE-ASSAULT-300x242.jpg\" alt=\"\" width=\"300\" height=\"242\" srcset=\"https:\/\/asianfilmfestival.barcelona\/2024\/wp-content\/uploads\/2025\/03\/Kazajstan-SHTURM-THE-ASSAULT-300x242.jpg 300w, https:\/\/asianfilmfestival.barcelona\/2024\/wp-content\/uploads\/2025\/03\/Kazajstan-SHTURM-THE-ASSAULT.jpg 495w\" sizes=\"auto, (max-width: 300px) 100vw, 300px\" \/>Uns emmascarats amb metralladores entren a l\u2019institut de Karatas, prenen els alumnes com a ostatges i executen un d\u2019ells. No exigeixen res. El terror silenci\u00f3s \u00e9s el seu <\/span><i><span data-contrast=\"auto\">modus operandi<\/span><\/i><span data-contrast=\"auto\">. Com que l\u2019ex\u00e8rcit trigar\u00e0 dos dies a arribar a causa d\u2019una tempesta de neu, el professor de matem\u00e0tiques, Tazshi, decideix reunir el seu propi equip d\u2019assalt: la seva ex-dona, el professor de gimn\u00e0stica, el director covard de l\u2019escola, un vigilant nocturn alcoh\u00f2lic, el idiota del poble i un incompetent cap de policia.<\/span><span data-ccp-props=\"{\">\u00a0<\/span><\/p>\n<p><b><span data-contrast=\"auto\">Adilkhan Yerzhanov <\/span><\/b><span data-contrast=\"auto\">(Kazakhstan, 1982) es va formar com a cineasta a l\u2019Acad\u00e8mia Nacional d\u2019Arts de Kazakhstan. Yerzhanov ha participat en dues ocasions al Programa Oficial del Festival de Canes amb <\/span><b><span data-contrast=\"auto\">The Owners<\/span><\/b><span data-contrast=\"auto\"> (2014) i <\/span><b><span data-contrast=\"auto\">The Gentle Indifference of the World<\/span><\/b><span data-contrast=\"auto\"> (2018). <\/span><b><span data-contrast=\"auto\">The Plague at the Karatas Village <\/span><\/b><span data-contrast=\"auto\">(2016) va tenir la seva estrena mundial a l\u2019IFFR el 2016. Yerzhanov va guanyar el Premi \u00c0sia Pacific Screen per la direcci\u00f3 de <\/span><b><span data-contrast=\"auto\">A Dark, Dark Man<\/span><\/b><span data-contrast=\"auto\"> (2019).<\/span><span data-ccp-props=\"{\">\u00a0<\/span><\/p>\n<hr \/>\n<p><span style=\"color: #ff0000;\">Dissabte 14 de juny de 2025, a les 12.00 h\u00a0<\/span><\/p>\n<p><b><span data-contrast=\"none\">Moosa Lane | Pakistan | Anita Mathal Hopland | 2022 | 85\u2019 | VOSE | Documental<\/span><\/b><span data-ccp-props=\"{\">\u00a0<\/span><\/p>\n<p><span data-contrast=\"auto\"><img loading=\"lazy\" decoding=\"async\" class=\"size-medium wp-image-55865 alignleft\" src=\"https:\/\/asianfilmfestival.barcelona\/2024\/wp-content\/uploads\/2025\/03\/Pakistan-MOOSA-LANE-3-300x169.jpeg\" alt=\"\" width=\"300\" height=\"169\" srcset=\"https:\/\/asianfilmfestival.barcelona\/2024\/wp-content\/uploads\/2025\/03\/Pakistan-MOOSA-LANE-3-300x169.jpeg 300w, https:\/\/asianfilmfestival.barcelona\/2024\/wp-content\/uploads\/2025\/03\/Pakistan-MOOSA-LANE-3.jpeg 685w\" sizes=\"auto, (max-width: 300px) 100vw, 300px\" \/>Es tracta d\u2019una epopeia familiar personal, on la directora d\u2019origen pakistan\u00e8s Anita Mathal Hopland repassa la hist\u00f2ria de les seves dues fam\u00edlies. Moosa Lane \u00e9s el nom del carrer de la capital de Pakistan, Karachi, on viu la meitat de la seva fam\u00edlia, mentre l\u2019altra meitat viu a Dinamarca. Aquest documental ofereix una visi\u00f3 \u00edntima de les vides dels tres membres m\u00e9s joves de la fam\u00edlia i les seves experi\u00e8ncies amb la vida i la mort. La cineasta explora la generaci\u00f3 de joves de la seva edat al Pakistan, mostrant l\u2019experi\u00e8ncia personal de qui viu entre dos cultures, com es el seu cas. Les seves circumst\u00e0ncies li permeten, a m\u00e9s, descobrir all\u00f2 que la uneix i separa del seu pa\u00eds i cultura d\u2019origen, adonant-se que no \u00e9s tan lluny com podria semblar en un primer moment.<\/span><span data-ccp-props=\"{\">\u00a0<\/span><\/p>\n<p><b><span data-contrast=\"auto\">Anita Mathal Hopland<\/span><\/b><span data-contrast=\"auto\"> (Kanachi, 1981) va graduar-se a la National Film School of Denmark al 2011 amb el curt que va presentar per la seva graduaci\u00f3 <\/span><b><span data-contrast=\"auto\">Underneath the Dark<\/span><\/b><span data-contrast=\"auto\">. Hopland va fer el seu debut com a directora de llargmetratges al 2017 amb el documental <\/span><b><span data-contrast=\"auto\">On the Edge of Freedom<\/span><\/b><span data-contrast=\"auto\">, seguit de <\/span><b><span data-contrast=\"auto\">Lost Warrior <\/span><\/b><span data-contrast=\"auto\">(<\/span><span data-contrast=\"auto\">2018) i, finalment, de <\/span><b><span data-contrast=\"auto\">Moosa Lane<\/span><\/b><span data-contrast=\"auto\"> (2022).<\/span><\/p>\n<hr \/>\n<p><span style=\"color: #ff0000;\">Dissabte 21 de juny de 2025, a les 12.00 h\u00a0<\/span><\/p>\n<p><b><span data-contrast=\"none\">Temporary Visa | Singapur | Ghazi Alqudcy | 2018 | 123\u2019 | VOSE | Crim, Drama<\/span><\/b><span data-ccp-props=\"{\">\u00a0<\/span><\/p>\n<p><span data-contrast=\"auto\"><img loading=\"lazy\" decoding=\"async\" class=\"size-medium wp-image-55868 alignright\" src=\"https:\/\/asianfilmfestival.barcelona\/2024\/wp-content\/uploads\/2025\/03\/Singapur-TEMPORARY-VISA-1-300x242.jpg\" alt=\"\" width=\"300\" height=\"242\" srcset=\"https:\/\/asianfilmfestival.barcelona\/2024\/wp-content\/uploads\/2025\/03\/Singapur-TEMPORARY-VISA-1-300x242.jpg 300w, https:\/\/asianfilmfestival.barcelona\/2024\/wp-content\/uploads\/2025\/03\/Singapur-TEMPORARY-VISA-1.jpg 495w\" sizes=\"auto, (max-width: 300px) 100vw, 300px\" \/>En Jakub t\u00e9 problemes per allargar la seva estada a B\u00f2snia m\u00e9s temps de l\u2019autoritzat pel seu visat, i s\u2019enfronta a la possibilitat que el deportin si no n\u2019obt\u00e9 un de temporal en menys de cinc dies. Per a sol\u00b7licitar-ho, per\u00f2, necessita uns diners que no t\u00e9. En Jakub s\u2019ha resistit a les temptadores per\u00f2 perilloses oportunitats de fer diners, fins que s\u2019adona que tothom fa el que \u00e9s necessari per a sobreviure. Fins i tot la seva n\u00f2via, Emira, est\u00e0 robant diners del seu lloc de feina per a poder continuar estudiant. Davant d\u2019aquestes circumst\u00e0ncies, en Jakub comen\u00e7a a entendre el cost real de la seva situaci\u00f3 transfronterera.\u00a0<\/span><span data-ccp-props=\"{\">\u00a0<\/span><\/p>\n<p><b><span data-contrast=\"auto\">Ghazi Alqudcy<\/span><\/b><span data-contrast=\"auto\"> (1983, Singapur) \u00e9s productor, director i guionista cinematogr\u00e0fic. T\u00e9 un m\u00e0ster de Belles Arts en Cinematografia de Film Factory, un programa intensiu creat per la directora cinematogr\u00e0fica hongaresa B\u00e9la Tarr. Ghazi ha produ\u00eft m\u00e9s de 50 curtmetratges, que s\u2019han projectat a diversos festivals internacionals de cinema a Europa i \u00c0sia. El seu primer llargmetratge, <\/span><b><span data-contrast=\"none\">Temporary Visa<\/span><\/b><span data-contrast=\"auto\">, es va gravar completament a Sarajevo, B\u00f2snia Hercegovina. La pel\u00b7l\u00edcula es va presentar al Singapore International Festival of Arts l\u2019any 2019.<\/span><span data-ccp-props=\"{\">\u00a0<\/span><\/p>\n<hr \/>\n<p><span style=\"color: #ff0000;\">Dissabte 28 de juny de 2025, a les 12.00 h\u00a0\u00a0<\/span><\/p>\n<p><b><span data-contrast=\"none\">Aydinlar <\/span><\/b><b><span data-contrast=\"none\">| Uzbekistan | Muzaffarkhan Erkinov | 2020 | 96\u2019 | VOSE | Drama\u00a0<\/span><\/b><span data-contrast=\"auto\">\u00a0<\/span><span data-ccp-props=\"{\">\u00a0<\/span><\/p>\n<p><span data-contrast=\"auto\"><img loading=\"lazy\" decoding=\"async\" class=\"size-medium wp-image-55871 alignleft\" src=\"https:\/\/asianfilmfestival.barcelona\/2024\/wp-content\/uploads\/2025\/03\/Uzbekistan-AYDINLAR-5-300x127.png\" alt=\"\" width=\"300\" height=\"127\" srcset=\"https:\/\/asianfilmfestival.barcelona\/2024\/wp-content\/uploads\/2025\/03\/Uzbekistan-AYDINLAR-5-300x127.png 300w, https:\/\/asianfilmfestival.barcelona\/2024\/wp-content\/uploads\/2025\/03\/Uzbekistan-AYDINLAR-5-1030x435.png 1030w, https:\/\/asianfilmfestival.barcelona\/2024\/wp-content\/uploads\/2025\/03\/Uzbekistan-AYDINLAR-5-768x324.png 768w, https:\/\/asianfilmfestival.barcelona\/2024\/wp-content\/uploads\/2025\/03\/Uzbekistan-AYDINLAR-5-1536x648.png 1536w, https:\/\/asianfilmfestival.barcelona\/2024\/wp-content\/uploads\/2025\/03\/Uzbekistan-AYDINLAR-5-2048x864.png 2048w, https:\/\/asianfilmfestival.barcelona\/2024\/wp-content\/uploads\/2025\/03\/Uzbekistan-AYDINLAR-5-1500x633.png 1500w, https:\/\/asianfilmfestival.barcelona\/2024\/wp-content\/uploads\/2025\/03\/Uzbekistan-AYDINLAR-5-705x297.png 705w\" sizes=\"auto, (max-width: 300px) 100vw, 300px\" \/>El llargmetratge narra la hist\u00f2ria de la regi\u00f3 del Mar d\u2019Aral, especialment de la ciutat de Muynak. El protagonista de la pel\u00b7l\u00edcula, Seyit, veu des de ben petit que la ciutat on va n\u00e9ixer i cr\u00e9ixer es troba en ru\u00efnes a causa de la dessecaci\u00f3 del Mar d\u2019Aral. Seyit \u00e9s criat pel seu avi Nurpeis, qui li narra hist\u00f2ries sobre el mar. Per\u00f2 quan es fa gran i deixa de ser un nen, es veu obligat a abandonar Muynak per tenir un altre dest\u00ed.<\/span><span data-ccp-props=\"{\">\u00a0<\/span><\/p>\n<p><b><span data-contrast=\"auto\">Muzaffarkhan Erkinov<\/span><\/b><span data-contrast=\"auto\"> va n\u00e9ixer el 1983. Ha treballat en moltes s\u00e8ries de televisi\u00f3, documentals i curtmetratges. De tota la seva traject\u00f2ria cinematogr\u00e0fica destaquen pel\u00b7l\u00edcules com: <\/span><b><span data-contrast=\"auto\">Armon<\/span><\/b><span data-contrast=\"auto\">, <\/span><b><span data-contrast=\"auto\">Iqtidar<\/span><\/b><span data-contrast=\"auto\">, <\/span><b><span data-contrast=\"auto\">Yagonam<\/span><\/b><span data-contrast=\"auto\">, <\/span><b><span data-contrast=\"auto\">Kasas<\/span><\/b><span data-contrast=\"auto\">, <\/span><b><span data-contrast=\"auto\">Avlony<\/span><\/b><span data-contrast=\"auto\">, <\/span><b><span data-contrast=\"auto\">Puankare <\/span><\/b><span data-contrast=\"auto\">i la pel\u00b7l\u00edcula que presentem, <\/span><b><span data-contrast=\"auto\">Aydinlar<\/span><\/b><span data-contrast=\"auto\">, que va realitzar juntament amb Muzaffar Qoraboyev. Ha rebut premis nacionals com el Tasanno i l\u2019Ehtirom, i va obtenir un premi a l\u2019International Film Festival per Creative Flight, i un altre a l\u2019Eurasian Film and TV Festival per Slavic Tale.<\/span><span data-ccp-props=\"{\">\u00a0<\/span><\/p>\n<\/div><\/section>\n<div  class='avia-icon-list-container av-m8wxc2rp-6e817733ae0dd2b45a9ad26262ab6659  avia-builder-el-3  el_after_av_textblock  el_before_av_partner '><ul class='avia-icon-list avia_animate_when_almost_visible avia-icon-list-left av-iconlist-big av-m8wxc2rp-6e817733ae0dd2b45a9ad26262ab6659 avia-iconlist-animate'>\n<li><div class='iconlist_icon av-m8wxb9ef-c9b61e89e20b7b4f33fab74f76b87559 avia-font-entypo-fontello'><span class='iconlist-char' aria-hidden='true' data-av_icon='\ue85b' data-av_iconfont='entypo-fontello'><\/span><\/div><article class=\"article-icon-entry av-iconlist-empty\" ><div class=\"iconlist_content_wrap\"><header class=\"entry-content-header\"><h4 class='av_iconlist_title iconlist_title  ' >Data: Tots els dissabtes a les 12h, del 5 d\u2019abril al 28 de juny de 2025<\/h4><\/header><div class='iconlist_content ' ><\/div><\/div><footer class=\"entry-footer\"><\/footer><\/article><div class=\"iconlist-timeline\"><\/div><\/li>\n<li><div class='iconlist_icon av-m8wxbm2e-a809157019b5108a3abecfd38408ebbb avia-font-entypo-fontello'><span class='iconlist-char' aria-hidden='true' data-av_icon='\ue842' data-av_iconfont='entypo-fontello'><\/span><\/div><article class=\"article-icon-entry av-iconlist-empty\" ><div class=\"iconlist_content_wrap\"><header class=\"entry-content-header\"><h4 class='av_iconlist_title iconlist_title  ' >MK2 Cine Paz | Calle de Fuencarral, 125, Madrid. <\/h4><\/header><div class='iconlist_content ' ><\/div><\/div><footer class=\"entry-footer\"><\/footer><\/article><div class=\"iconlist-timeline\"><\/div><\/li>\n<li><div class='iconlist_icon av-m8wxc1n9-af41f296c437affcf576a0938d458b47 avia-font-entypo-fontello'><span class='iconlist-char' aria-hidden='true' data-av_icon='\ue809' data-av_iconfont='entypo-fontello'><\/span><\/div><article class=\"article-icon-entry \" ><div class=\"iconlist_content_wrap\"><header class=\"entry-content-header\"><\/header><div class='iconlist_content ' ><p><span style=\"color: #ff0000;\"><span class=\"TextRun SCXW35420875 BCX8\" lang=\"CA-ES\" xml:lang=\"CA-ES\" data-contrast=\"none\"><span class=\"NormalTextRun SCXW35420875 BCX8\" data-ccp-charstyle=\"normaltextrun\">Pr<\/span><span class=\"NormalTextRun SCXW35420875 BCX8\" data-ccp-charstyle=\"normaltextrun\">eu<\/span><span class=\"NormalTextRun SCXW35420875 BCX8\" data-ccp-charstyle=\"normaltextrun\"> entrada:<\/span><\/span><span class=\"TextRun SCXW35420875 BCX8\" lang=\"CA-ES\" xml:lang=\"CA-ES\" data-contrast=\"none\"><span class=\"NormalTextRun SCXW35420875 BCX8\" data-ccp-charstyle=\"normaltextrun\"> 6\u20ac <\/span><\/span><\/span><\/p>\n<\/div><\/div><footer class=\"entry-footer\"><\/footer><\/article><div class=\"iconlist-timeline\"><\/div><\/li>\n<\/ul><\/div>\n\n<style type=\"text\/css\" data-created_by=\"avia_inline_auto\" id=\"style-css-av-m8wxd08l-d488241797f739faf33379461cb099f1\">\n.avia-logo-element-container.av-m8wxd08l-d488241797f739faf33379461cb099f1 .av-partner-fake-img{\nbackground-size:cover;\n}\n<\/style>\n<div  class='avia-logo-element-container av-m8wxd08l-d488241797f739faf33379461cb099f1 avia-logo-slider avia-content-slider avia-smallarrow-slider avia-content-slider-active noHover avia-content-slider-odd  avia-builder-el-4  el_after_av_iconlist  avia-builder-el-last  av-slideshow-ui av-control-default av-nav-arrows-visible av-nav-dots-visible av-no-slider-navigation av-slideshow-manual av-loop-once av-loop-manual-endless avia-content-slider1' data-slideshow-options=\"{&quot;animation&quot;:&quot;slide&quot;,&quot;autoplay&quot;:false,&quot;loop_autoplay&quot;:&quot;once&quot;,&quot;interval&quot;:5,&quot;loop_manual&quot;:&quot;manual-endless&quot;,&quot;autoplay_stopper&quot;:false,&quot;noNavigation&quot;:false,&quot;bg_slider&quot;:false,&quot;keep_padding&quot;:&quot;&quot;,&quot;hoverpause&quot;:false,&quot;show_slide_delay&quot;:0}\"><div class='avia-smallarrow-slider-heading '><div class='new-special-heading'><h3 class='av-logo-special-heading-text '>ORGANITZA<\/h3><\/div><\/div><div class=\"avia-content-slider-inner\"><div class=\"slide-entry-wrap\"><div  class='slide-entry av-av_partner_logo-60bf21ceafe133afb5c5139816916852 flex_column no_margin av_one_third real-thumbnail post-entry slide-entry-overview slide-loop-1 slide-parity-odd  first'><span class='av-partner-fake-img' style='padding-bottom:96.550264550265%; background-image:url(https:\/\/asianfilmfestival.barcelona\/2024\/wp-content\/uploads\/2024\/11\/CasaAsia2020_CMYK_Standard-1.jpg);'><\/span><\/div><div  class='slide-entry av-av_partner_logo-84dde1f856b6e2fb34322225613d7e8a flex_column no_margin av_one_third real-thumbnail post-entry slide-entry-overview slide-loop-2 slide-parity-even post-entry-last '><span class='av-partner-fake-img' style='padding-bottom:96.550264550265%; background-image:url(https:\/\/asianfilmfestival.barcelona\/2024\/wp-content\/uploads\/2024\/11\/P8kQmazs_400x400.webp);'><\/span><\/div><\/div><\/div><\/div>\n","protected":false},"excerpt":{"rendered":"","protected":false},"author":9,"featured_media":55829,"comment_status":"closed","ping_status":"open","sticky":false,"template":"","format":"standard","meta":{"_acf_changed":false,"footnotes":""},"categories":[33],"tags":[],"class_list":["post-55832","post","type-post","status-publish","format-standard","has-post-thumbnail","hentry","category-noticies"],"acf":[],"_links":{"self":[{"href":"https:\/\/asianfilmfestival.barcelona\/2024\/ca\/wp-json\/wp\/v2\/posts\/55832","targetHints":{"allow":["GET"]}}],"collection":[{"href":"https:\/\/asianfilmfestival.barcelona\/2024\/ca\/wp-json\/wp\/v2\/posts"}],"about":[{"href":"https:\/\/asianfilmfestival.barcelona\/2024\/ca\/wp-json\/wp\/v2\/types\/post"}],"author":[{"embeddable":true,"href":"https:\/\/asianfilmfestival.barcelona\/2024\/ca\/wp-json\/wp\/v2\/users\/9"}],"replies":[{"embeddable":true,"href":"https:\/\/asianfilmfestival.barcelona\/2024\/ca\/wp-json\/wp\/v2\/comments?post=55832"}],"version-history":[{"count":4,"href":"https:\/\/asianfilmfestival.barcelona\/2024\/ca\/wp-json\/wp\/v2\/posts\/55832\/revisions"}],"predecessor-version":[{"id":55882,"href":"https:\/\/asianfilmfestival.barcelona\/2024\/ca\/wp-json\/wp\/v2\/posts\/55832\/revisions\/55882"}],"wp:featuredmedia":[{"embeddable":true,"href":"https:\/\/asianfilmfestival.barcelona\/2024\/ca\/wp-json\/wp\/v2\/media\/55829"}],"wp:attachment":[{"href":"https:\/\/asianfilmfestival.barcelona\/2024\/ca\/wp-json\/wp\/v2\/media?parent=55832"}],"wp:term":[{"taxonomy":"category","embeddable":true,"href":"https:\/\/asianfilmfestival.barcelona\/2024\/ca\/wp-json\/wp\/v2\/categories?post=55832"},{"taxonomy":"post_tag","embeddable":true,"href":"https:\/\/asianfilmfestival.barcelona\/2024\/ca\/wp-json\/wp\/v2\/tags?post=55832"}],"curies":[{"name":"wp","href":"https:\/\/api.w.org\/{rel}","templated":true}]}}