{"id":55675,"date":"2024-11-10T11:40:33","date_gmt":"2024-11-10T10:40:33","guid":{"rendered":"https:\/\/asianfilmfestival.barcelona\/2024\/?p=55675"},"modified":"2025-03-12T13:38:57","modified_gmt":"2025-03-12T12:38:57","slug":"entrevista-amb-usman-riaz","status":"publish","type":"post","link":"https:\/\/asianfilmfestival.barcelona\/2024\/ca\/entrevista-amb-usman-riaz\/","title":{"rendered":"Entrevista a Usman Riaz"},"content":{"rendered":"<section  class='av_textblock_section av-m82wlgby-14231c4bfa1746610c9a59024d8197ee '  ><div class='avia_textblock' ><h1 style=\"text-align: center;\">Entrevista a Usman Riaz, director de <em>The Glassworker<\/em><\/h1>\n<\/div><\/section>\n<div  class='avia-video av-iyot6d-26648621983c7d4dd07cf97601c0afec avia-video-16-9 av-no-preview-image avia-video-load-always avia-video-html5'  data-original_url='https:\/\/asianfilmfestival.barcelona\/2024\/wp-content\/uploads\/2025\/03\/Entrevista-con-Uzman-Riaz.mp4'><video class='avia_video'    preload=\"auto\"  controls id='player_55675_1171875086_1502133502'><source src='https:\/\/asianfilmfestival.barcelona\/2024\/wp-content\/uploads\/2025\/03\/Entrevista-con-Uzman-Riaz.mp4' type='video\/mp4' \/><\/video><\/div>\n<section  class='av_textblock_section av-m82wqmit-28a592d5bdd7f7cfcd4d77cd74b30566 '  ><div class='avia_textblock' ><h2 style=\"text-align: center;\">Biografia<\/h2>\n<\/div><\/section>\n<section  class='av_textblock_section av-m82wtdm7-3e6010d7a78f61809d3984611fd9d780 '  ><div class='avia_textblock' ><p data-start=\"108\" data-end=\"393\">Usman Riaz \u00e9s un director, guionista, animador i compositor originari del Pakistan. A l\u2019edat de 21 anys, va ser seleccionat com a ponent de <strong data-start=\"248\" data-end=\"261\">TED Talks<\/strong>, participant en esdeveniments a <strong data-start=\"294\" data-end=\"390\">el Jap\u00f3, l&#8217;\u00cdndia, Mal\u00e0isia, Costa Rica, Turquia, el Canad\u00e0, el Regne Unit i els Estats Units<\/strong>.<\/p>\n<p data-start=\"395\" data-end=\"613\">Va estudiar <strong data-start=\"407\" data-end=\"425\">disseny gr\u00e0fic<\/strong> a la <em data-start=\"431\" data-end=\"476\">Indus Valley School of Art and Architecture<\/em> de Karachi i posteriorment va obtenir una beca per especialitzar-se en <strong data-start=\"548\" data-end=\"570\">composici\u00f3 musical<\/strong> al <em data-start=\"574\" data-end=\"600\">Berklee College of Music<\/em> de Boston.<\/p>\n<p data-start=\"615\" data-end=\"702\">\u00c9s l\u2019autor de la hist\u00f2ria i del gui\u00f3 de la seva reconeguda obra: <strong data-start=\"680\" data-end=\"699\">The Glassworker<\/strong>.<\/p>\n<hr \/>\n<h2 data-start=\"719\" data-end=\"743\"><strong data-start=\"722\" data-end=\"741\">The Glassworker<\/strong><\/h2>\n<p data-start=\"754\" data-end=\"921\">Vincent i el seu pare, Tomas, treballen en un taller de vidre als afores d\u2019una ciutat quan les seves vides es veuen interrompudes per una guerra que sacseja el pa\u00eds.<\/p>\n<p data-start=\"923\" data-end=\"1220\">L\u2019arribada al poble d\u2019un coronel de l\u2019ex\u00e8rcit i la seva filla violinista, Alliz, provoca un canvi inesperat en la relaci\u00f3 entre pare i fill. A mesura que l\u2019amor entre Vincent i Alliz floreix, tamb\u00e9 augmenten les tensions a causa de les difer\u00e8ncies pol\u00edtiques i socials imposades pels seus pares.<\/p>\n<p data-start=\"1222\" data-end=\"1392\"><strong data-start=\"1222\" data-end=\"1241\">The Glassworker<\/strong> \u00e9s un retrat d\u2019una \u00e8poca en qu\u00e8 el <strong data-start=\"1277\" data-end=\"1292\">patriotisme<\/strong> i la <strong data-start=\"1298\" data-end=\"1316\">posici\u00f3 social<\/strong> es prioritzen per sobre del pensament lliure i el reconeixement art\u00edstic.<\/p>\n<\/div><\/section>\n","protected":false},"excerpt":{"rendered":"","protected":false},"author":9,"featured_media":55733,"comment_status":"closed","ping_status":"open","sticky":false,"template":"","format":"standard","meta":{"_acf_changed":false,"footnotes":""},"categories":[33],"tags":[],"class_list":["post-55675","post","type-post","status-publish","format-standard","has-post-thumbnail","hentry","category-noticies"],"acf":[],"_links":{"self":[{"href":"https:\/\/asianfilmfestival.barcelona\/2024\/ca\/wp-json\/wp\/v2\/posts\/55675","targetHints":{"allow":["GET"]}}],"collection":[{"href":"https:\/\/asianfilmfestival.barcelona\/2024\/ca\/wp-json\/wp\/v2\/posts"}],"about":[{"href":"https:\/\/asianfilmfestival.barcelona\/2024\/ca\/wp-json\/wp\/v2\/types\/post"}],"author":[{"embeddable":true,"href":"https:\/\/asianfilmfestival.barcelona\/2024\/ca\/wp-json\/wp\/v2\/users\/9"}],"replies":[{"embeddable":true,"href":"https:\/\/asianfilmfestival.barcelona\/2024\/ca\/wp-json\/wp\/v2\/comments?post=55675"}],"version-history":[{"count":20,"href":"https:\/\/asianfilmfestival.barcelona\/2024\/ca\/wp-json\/wp\/v2\/posts\/55675\/revisions"}],"predecessor-version":[{"id":55748,"href":"https:\/\/asianfilmfestival.barcelona\/2024\/ca\/wp-json\/wp\/v2\/posts\/55675\/revisions\/55748"}],"wp:featuredmedia":[{"embeddable":true,"href":"https:\/\/asianfilmfestival.barcelona\/2024\/ca\/wp-json\/wp\/v2\/media\/55733"}],"wp:attachment":[{"href":"https:\/\/asianfilmfestival.barcelona\/2024\/ca\/wp-json\/wp\/v2\/media?parent=55675"}],"wp:term":[{"taxonomy":"category","embeddable":true,"href":"https:\/\/asianfilmfestival.barcelona\/2024\/ca\/wp-json\/wp\/v2\/categories?post=55675"},{"taxonomy":"post_tag","embeddable":true,"href":"https:\/\/asianfilmfestival.barcelona\/2024\/ca\/wp-json\/wp\/v2\/tags?post=55675"}],"curies":[{"name":"wp","href":"https:\/\/api.w.org\/{rel}","templated":true}]}}