{"id":55227,"date":"2024-02-15T13:55:09","date_gmt":"2024-02-15T12:55:09","guid":{"rendered":"https:\/\/asianfilmfestival.barcelona\/2024\/mostra-de-cinema-irania\/"},"modified":"2024-11-27T17:35:30","modified_gmt":"2024-11-27T16:35:30","slug":"mostra-de-cinema-irania","status":"publish","type":"post","link":"https:\/\/asianfilmfestival.barcelona\/2024\/ca\/mostra-de-cinema-irania\/","title":{"rendered":"Mostra de cinema irani\u00e0"},"content":{"rendered":"<section  class='av_textblock_section av-ls1qpu4s-130f5a398189e8b8e97cd07b0d6d0404 '  ><div class='avia_textblock av_inherit_color' ><h1 style=\"text-align: center;\">Mostra de cinema irani\u00e0 <br class=\"avia-permanent-lb\" \/><br class=\"avia-permanent-lb\" \/><\/h1>\n<h2><span data-contrast=\"auto\">El cinema irani\u00e0 t\u00e9 els seus seguidors i tant les novetats que es donen a con\u00e8ixer com les retrospectives o els cicles monogr\u00e0fics s\u00f3n sempre cites esperades. El cinema irani\u00e0, caracteritzat per ser un cinema d&#8217;autor, es distingeix f\u00e0cilment per les seves propostes narratives i guions, evidenciant la formaci\u00f3 s\u00f2lida dels seus cineastes. En aquesta edici\u00f3, hem seleccionat curosament cinc pel\u00b7l\u00edcules que podrem projectar gr\u00e0cies a la col\u00b7laboraci\u00f3 de la Conselleria Cultural de l&#8217;Ambaixada de la R. I. de l&#8217;Iran a Espanya i la Farabi Foundation, el comprom\u00eds de les quals amb la difusi\u00f3 d\u2019aquest cinema \u00e9s innegable. Els t\u00edtols que formen part de la mostra s\u00f3n de recent producci\u00f3, datades entre el 2020 i el 2022, i dirigides per joves talents nascuts entre les d\u00e8cades del setanta i vuitanta del segle XX. Sumant-se a la nostra extensa programaci\u00f3 anual, aquesta mostra s\u2019integra a la llista de pel\u00b7l\u00edcules d\u2019aquest pa\u00eds que projectem als Cinemes Girona de Barcelona, MK2 Cine Paz de Madrid, al canal de televisi\u00f3 Betev\u00e9, i al Canal Casa \u00c0sia dins de la plataforma online Filmin.<\/span><span data-ccp-props=\"{\">\u00a0<\/span><\/h2>\n<h2><span data-ccp-props=\"{\">\u00a0<\/span><\/h2>\n<h2 style=\"text-align: center;\"><b><span data-contrast=\"auto\">PROGRAMACI\u00d3<\/span><\/b><span data-ccp-props=\"{\">\u00a0<\/span><\/h2>\n<h4><strong><span style=\"color: #800000;\">Dijous 15 de febrer de 2024, a les 20h<\/span><\/strong><\/h4>\n<p><img loading=\"lazy\" decoding=\"async\" class=\"aligncenter wp-image-48719 size-full\" src=\"https:\/\/asianfilmfestival.barcelona\/2024\/wp-content\/uploads\/2024\/01\/Iran-NO-PRIOR-APPOINTMENT-2.jpg\" alt=\"\" width=\"1080\" height=\"1070\" srcset=\"https:\/\/asianfilmfestival.barcelona\/2024\/wp-content\/uploads\/2024\/01\/Iran-NO-PRIOR-APPOINTMENT-2.jpg 1080w, https:\/\/asianfilmfestival.barcelona\/2024\/wp-content\/uploads\/2024\/01\/Iran-NO-PRIOR-APPOINTMENT-2-300x297.jpg 300w, https:\/\/asianfilmfestival.barcelona\/2024\/wp-content\/uploads\/2024\/01\/Iran-NO-PRIOR-APPOINTMENT-2-1030x1020.jpg 1030w, https:\/\/asianfilmfestival.barcelona\/2024\/wp-content\/uploads\/2024\/01\/Iran-NO-PRIOR-APPOINTMENT-2-80x80.jpg 80w, https:\/\/asianfilmfestival.barcelona\/2024\/wp-content\/uploads\/2024\/01\/Iran-NO-PRIOR-APPOINTMENT-2-768x761.jpg 768w, https:\/\/asianfilmfestival.barcelona\/2024\/wp-content\/uploads\/2024\/01\/Iran-NO-PRIOR-APPOINTMENT-2-36x36.jpg 36w, https:\/\/asianfilmfestival.barcelona\/2024\/wp-content\/uploads\/2024\/01\/Iran-NO-PRIOR-APPOINTMENT-2-705x698.jpg 705w\" sizes=\"auto, (max-width: 1080px) 100vw, 1080px\" \/><\/p>\n<h2 style=\"text-align: center;\"><b><i><span data-contrast=\"auto\">No Prior Appointment<br class=\"avia-permanent-lb\" \/><\/span><\/i><\/b><\/h2>\n<h3><span data-contrast=\"auto\">Behrooz Shoaibi | Ir\u00e1n | 2022 | 120\u2019| VOSE\u00a0<\/span><span data-ccp-props=\"{\"><br class=\"avia-permanent-lb\" \/><br class=\"avia-permanent-lb\" \/><\/span><\/h3>\n<h4><span data-contrast=\"auto\">Quan la Yasmin tenia sis anys, l\u2019edat del seu fill a l\u2019actualitat, la seva fam\u00edlia va emigrar a Berl\u00edn. Ara, ha de tornar a l\u2019Iran per la mort del seu pare, per\u00f2 el viatge no \u00e9s f\u00e0cil at\u00e8s que el seu fill \u00e9s autista. En arribar a l\u2019Iran, la Yasmin, que amb prou feines coneixia el seu pare, no surt de la sorpresa amb l\u2019her\u00e8ncia que aquest li ha deixat. El seu breu i indesitjat allotjament a la ciutat natal del seu progenitor, que li permet con\u00e8ixer a aquells que s\u2019hi relacionaven, dona a la Yasmin una nova manera d\u2019entendre els \u00e9ssers humans, la vida i la mort.<\/span><span data-ccp-props=\"{\">\u00a0<\/span><\/h4>\n<h4><span data-ccp-props=\"{\">\u00a0<\/span><\/h4>\n<h4><strong>Behrooz Shoaibi<\/strong><span data-contrast=\"auto\"> <span class=\"TextRun SCXW8459518 BCX8\" lang=\"CA-ES\" xml:lang=\"CA-ES\" data-contrast=\"auto\"><span class=\"NormalTextRun SCXW8459518 BCX8\">va n\u00e9ixer l\u2018any 1979, a <\/span><span class=\"NormalTextRun SpellingErrorV2Themed SCXW8459518 BCX8\">Mashhad<\/span><span class=\"NormalTextRun SCXW8459518 BCX8\">, i ha treballat en diferents sectors del cinema. Com a actor, va comen\u00e7ar la seva carrera amb <\/span><\/span><span class=\"TextRun SCXW8459518 BCX8\" lang=\"CA-ES\" xml:lang=\"CA-ES\" data-contrast=\"auto\"><span class=\"NormalTextRun SpellingErrorV2Themed SCXW8459518 BCX8\">The<\/span> <span class=\"NormalTextRun SpellingErrorV2Themed SCXW8459518 BCX8\">Glass<\/span> <span class=\"NormalTextRun SpellingErrorV2Themed SCXW8459518 BCX8\">Agency<\/span><\/span><span class=\"TextRun SCXW8459518 BCX8\" lang=\"CA-ES\" xml:lang=\"CA-ES\" data-contrast=\"auto\"><span class=\"NormalTextRun SCXW8459518 BCX8\"> (1998) <\/span><span class=\"NormalTextRun SpellingErrorV2Themed SCXW8459518 BCX8\">d\u2019Ebrahim<\/span> <span class=\"NormalTextRun SpellingErrorV2Themed SCXW8459518 BCX8\">Hatamikia<\/span><span class=\"NormalTextRun SCXW8459518 BCX8\">, i va aconseguir l\u2019atenci\u00f3 de la cr\u00edtica i el p\u00fablic amb <\/span><\/span><span class=\"TextRun SCXW8459518 BCX8\" lang=\"CA-ES\" xml:lang=\"CA-ES\" data-contrast=\"auto\"><span class=\"NormalTextRun SpellingErrorV2Themed SCXW8459518 BCX8\">Gold<\/span><span class=\"NormalTextRun SCXW8459518 BCX8\"> &amp; <\/span><span class=\"NormalTextRun SpellingErrorV2Themed SCXW8459518 BCX8\">Copper<\/span><\/span><span class=\"TextRun SCXW8459518 BCX8\" lang=\"CA-ES\" xml:lang=\"CA-ES\" data-contrast=\"auto\"><span class=\"NormalTextRun SCXW8459518 BCX8\"> (2010) <\/span><span class=\"NormalTextRun SpellingErrorV2Themed SCXW8459518 BCX8\">d\u2019Homayoun<\/span> <span class=\"NormalTextRun SpellingErrorV2Themed SCXW8459518 BCX8\">Asadian<\/span><span class=\"NormalTextRun SCXW8459518 BCX8\">. Entre les seves pel\u00b7l\u00edcules i s\u00e8ries per a televisi\u00f3 es troben: <\/span><\/span><span class=\"TextRun SCXW8459518 BCX8\" lang=\"CA-ES\" xml:lang=\"CA-ES\" data-contrast=\"auto\"><span class=\"NormalTextRun SpellingErrorV2Themed SCXW8459518 BCX8\">The<\/span> <span class=\"NormalTextRun SpellingErrorV2Themed SCXW8459518 BCX8\">Sloe<\/span> <span class=\"NormalTextRun SpellingErrorV2Themed SCXW8459518 BCX8\">Garden<\/span><\/span><span class=\"TextRun SCXW8459518 BCX8\" lang=\"CA-ES\" xml:lang=\"CA-ES\" data-contrast=\"auto\"><span class=\"NormalTextRun SCXW8459518 BCX8\"> (2005); <\/span><\/span><span class=\"TextRun SCXW8459518 BCX8\" lang=\"CA-ES\" xml:lang=\"CA-ES\" data-contrast=\"auto\"><span class=\"NormalTextRun SpellingErrorV2Themed SCXW8459518 BCX8\">Wings<\/span><span class=\"NormalTextRun SCXW8459518 BCX8\"> Of <\/span><span class=\"NormalTextRun SpellingErrorV2Themed SCXW8459518 BCX8\">Hapiness<\/span><\/span><span class=\"TextRun SCXW8459518 BCX8\" lang=\"CA-ES\" xml:lang=\"CA-ES\" data-contrast=\"auto\"><span class=\"NormalTextRun SCXW8459518 BCX8\"> (2008); <\/span><\/span><span class=\"TextRun SCXW8459518 BCX8\" lang=\"CA-ES\" xml:lang=\"CA-ES\" data-contrast=\"auto\"><span class=\"NormalTextRun SpellingErrorV2Themed SCXW8459518 BCX8\">Abandoned<\/span> <\/span><span class=\"TextRun SCXW8459518 BCX8\" lang=\"CA-ES\" xml:lang=\"CA-ES\" data-contrast=\"auto\"><span class=\"NormalTextRun SCXW8459518 BCX8\">(2009); <\/span><\/span><span class=\"TextRun SCXW8459518 BCX8\" lang=\"CA-ES\" xml:lang=\"CA-ES\" data-contrast=\"auto\"><span class=\"NormalTextRun SpellingErrorV2Themed SCXW8459518 BCX8\">Somewhere<\/span> <span class=\"NormalTextRun SpellingErrorV2Themed SCXW8459518 BCX8\">Between<\/span> <span class=\"NormalTextRun SpellingErrorV2Themed SCXW8459518 BCX8\">Staying<\/span> <span class=\"NormalTextRun SpellingErrorV2Themed SCXW8459518 BCX8\">and<\/span> <span class=\"NormalTextRun SpellingErrorV2Themed SCXW8459518 BCX8\">Going<\/span> <\/span><span class=\"TextRun SCXW8459518 BCX8\" lang=\"CA-ES\" xml:lang=\"CA-ES\" data-contrast=\"auto\"><span class=\"NormalTextRun SCXW8459518 BCX8\">(2010); i <\/span><\/span><span class=\"TextRun SCXW8459518 BCX8\" lang=\"CA-ES\" xml:lang=\"CA-ES\" data-contrast=\"auto\"><span class=\"NormalTextRun SpellingErrorV2Themed SCXW8459518 BCX8\">Secluded<\/span><\/span><span class=\"TextRun SCXW8459518 BCX8\" lang=\"CA-ES\" xml:lang=\"CA-ES\" data-contrast=\"auto\"><span class=\"NormalTextRun SCXW8459518 BCX8\"> (2014). Amb el seu primer llargmetratge, <\/span><\/span><span class=\"TextRun SCXW8459518 BCX8\" lang=\"CA-ES\" xml:lang=\"CA-ES\" data-contrast=\"auto\"><span class=\"NormalTextRun SpellingErrorV2Themed SCXW8459518 BCX8\">The<\/span> <span class=\"NormalTextRun SpellingErrorV2Themed SCXW8459518 BCX8\">Corridor<\/span><\/span><span class=\"TextRun SCXW8459518 BCX8\" lang=\"CA-ES\" xml:lang=\"CA-ES\" data-contrast=\"auto\"><span class=\"NormalTextRun SCXW8459518 BCX8\">, <\/span><span class=\"NormalTextRun SpellingErrorV2Themed SCXW8459518 BCX8\">Shoaibi<\/span><span class=\"NormalTextRun SCXW8459518 BCX8\"> va guanyar el premi a Millor Pel\u00b7l\u00edcula Debut del Festival de Cinema de <\/span><span class=\"NormalTextRun SpellingErrorV2Themed SCXW8459518 BCX8\">Fajr<\/span><span class=\"NormalTextRun SCXW8459518 BCX8\"> 2013.<\/span><\/span><span class=\"EOP SCXW8459518 BCX8\" data-ccp-props=\"{&quot;201341983&quot;:0,&quot;335551550&quot;:6,&quot;335551620&quot;:6,&quot;335559740&quot;:259}\">\u00a0<\/span><\/span><span data-ccp-props=\"{\">\u00a0<\/span><\/h4>\n<hr \/>\n<h4><strong><span style=\"color: #800000;\"><span class=\"TextRun SCXW194481548 BCX8\" lang=\"CA-ES\" xml:lang=\"CA-ES\" data-contrast=\"none\"><span class=\"NormalTextRun SCXW194481548 BCX8\">Dissabte<\/span><span class=\"NormalTextRun SCXW194481548 BCX8\"> 17 de <\/span><span class=\"NormalTextRun SCXW194481548 BCX8\">febrer <\/span><span class=\"NormalTextRun SCXW194481548 BCX8\">de 2024, a l<\/span><span class=\"NormalTextRun SCXW194481548 BCX8\">es<\/span><span class=\"NormalTextRun SCXW194481548 BCX8\"> 20h<\/span><\/span><\/span><\/strong><\/h4>\n<p><img loading=\"lazy\" decoding=\"async\" class=\"aligncenter wp-image-48722 size-full\" src=\"https:\/\/asianfilmfestival.barcelona\/2024\/wp-content\/uploads\/2024\/01\/Sea-Boys-2.jpg\" alt=\"\" width=\"1000\" height=\"666\" srcset=\"https:\/\/asianfilmfestival.barcelona\/2024\/wp-content\/uploads\/2024\/01\/Sea-Boys-2.jpg 1000w, https:\/\/asianfilmfestival.barcelona\/2024\/wp-content\/uploads\/2024\/01\/Sea-Boys-2-300x200.jpg 300w, https:\/\/asianfilmfestival.barcelona\/2024\/wp-content\/uploads\/2024\/01\/Sea-Boys-2-768x511.jpg 768w, https:\/\/asianfilmfestival.barcelona\/2024\/wp-content\/uploads\/2024\/01\/Sea-Boys-2-705x470.jpg 705w\" sizes=\"auto, (max-width: 1000px) 100vw, 1000px\" \/><\/p>\n<h2 style=\"text-align: center;\"><b><i><span data-contrast=\"auto\">Sea Boys<br class=\"avia-permanent-lb\" \/><\/span><\/i><\/b><\/h2>\n<h3><span data-contrast=\"auto\">Afshin Hashemi, Hossein Jami | Ir\u00e1n | 2021 | 95\u2019 | VOSE | Drama<\/span><span data-ccp-props=\"{}\">\u00a0 <br class=\"avia-permanent-lb\" \/><br class=\"avia-permanent-lb\" \/><\/span><\/h3>\n<h4><span class=\"TextRun SCXW34856268 BCX8\" lang=\"CA-ES\" xml:lang=\"CA-ES\" data-contrast=\"auto\"><span class=\"NormalTextRun SCXW34856268 BCX8\">Ens explica la hist\u00f2ria de dos nois que viuen a costats oposats del pa\u00eds amb la hist\u00f2ria compartida que tots dos han perdut un dels seus progenitors. El noi que viu al nord ha perdut el pare, mentre que el noi que viu al sud ha perdut la mare. Tots dos es troben en una recerca d\u2019all\u00f2 que pugui substituir l\u2019amor perdut en perdre els progenitors.<\/span><\/span><span class=\"EOP SCXW34856268 BCX8\" data-ccp-props=\"{&quot;335551550&quot;:6,&quot;335551620&quot;:6}\">\u00a0<\/span><\/h4>\n<h4><span data-ccp-props=\"{\">\u00a0<\/span><\/h4>\n<h4><strong><span class=\"TextRun SCXW38180053 BCX8\" lang=\"CA-ES\" xml:lang=\"CA-ES\" data-contrast=\"auto\"><span class=\"NormalTextRun SpellingErrorV2Themed SCXW38180053 BCX8\">Afshin<\/span> <span class=\"NormalTextRun SpellingErrorV2Themed SCXW38180053 BCX8\">Hashemi<\/span><\/span><\/strong><span class=\"TextRun SCXW38180053 BCX8\" lang=\"CA-ES\" xml:lang=\"CA-ES\" data-contrast=\"auto\"><span class=\"NormalTextRun SCXW38180053 BCX8\">, <\/span><span class=\"NormalTextRun SCXW38180053 BCX8\">nascut al 1975 a Teheran, \u00e9s un actor, escriptor i director de cinema irani\u00e0. Va comen\u00e7ar la seva carrera professional al teatre, a<\/span><span class=\"NormalTextRun SCXW38180053 BCX8\">l<\/span><span class=\"NormalTextRun SCXW38180053 BCX8\"> 1993, actuant i dirigint m\u00e9s de 20 obres. \u00c9s conegut per les pel\u00b7l\u00edcules <\/span><\/span><span class=\"TextRun SCXW38180053 BCX8\" lang=\"CA-ES\" xml:lang=\"CA-ES\" data-contrast=\"auto\"><span class=\"NormalTextRun SpellingErrorV2Themed SCXW38180053 BCX8\">Don\u2019t<\/span><span class=\"NormalTextRun SCXW38180053 BCX8\"> be <\/span><span class=\"NormalTextRun SpellingErrorV2Themed SCXW38180053 BCX8\">tired<\/span><\/span><span class=\"TextRun SCXW38180053 BCX8\" lang=\"CA-ES\" xml:lang=\"CA-ES\" data-contrast=\"auto\"><span class=\"NormalTextRun SCXW38180053 BCX8\"> (2013, <\/span><span class=\"NormalTextRun SpellingErrorV2Themed SCXW38180053 BCX8\">co<\/span><span class=\"NormalTextRun SCXW38180053 BCX8\">-dirigida al costat de <\/span><span class=\"NormalTextRun SpellingErrorV2Themed SCXW38180053 BCX8\">Mohsen<\/span> <span class=\"NormalTextRun SpellingErrorV2Themed SCXW38180053 BCX8\">Gharaie<\/span><span class=\"NormalTextRun SCXW38180053 BCX8\">), <\/span><\/span><span class=\"TextRun SCXW38180053 BCX8\" lang=\"CA-ES\" xml:lang=\"CA-ES\" data-contrast=\"auto\"><span class=\"NormalTextRun SpellingErrorV2Themed SCXW38180053 BCX8\">Soft<\/span> <span class=\"NormalTextRun SpellingErrorV2Themed SCXW38180053 BCX8\">voice<\/span><\/span><span class=\"TextRun SCXW38180053 BCX8\" lang=\"CA-ES\" xml:lang=\"CA-ES\" data-contrast=\"auto\"><span class=\"NormalTextRun SCXW38180053 BCX8\"> (2015), <\/span><\/span><span class=\"TextRun SCXW38180053 BCX8\" lang=\"CA-ES\" xml:lang=\"CA-ES\" data-contrast=\"auto\"><span class=\"NormalTextRun SpellingErrorV2Themed SCXW38180053 BCX8\">Temporary<\/span> <span class=\"NormalTextRun SpellingErrorV2Themed SCXW38180053 BCX8\">license<\/span><\/span><span class=\"TextRun SCXW38180053 BCX8\" lang=\"CA-ES\" xml:lang=\"CA-ES\" data-contrast=\"auto\"><span class=\"NormalTextRun SCXW38180053 BCX8\"> (2017), <\/span><\/span><span class=\"TextRun SCXW38180053 BCX8\" lang=\"CA-ES\" xml:lang=\"CA-ES\" data-contrast=\"auto\"><span class=\"NormalTextRun SpellingErrorV2Themed SCXW38180053 BCX8\">Auntie<\/span> <span class=\"NormalTextRun SpellingErrorV2Themed SCXW38180053 BCX8\">Frog<\/span><\/span><span class=\"TextRun SCXW38180053 BCX8\" lang=\"CA-ES\" xml:lang=\"CA-ES\" data-contrast=\"auto\"><span class=\"NormalTextRun SCXW38180053 BCX8\"> (2018), <\/span><\/span><span class=\"TextRun SCXW38180053 BCX8\" lang=\"CA-ES\" xml:lang=\"CA-ES\" data-contrast=\"auto\"><span class=\"NormalTextRun SpellingErrorV2Themed SCXW38180053 BCX8\">Goodbye<\/span> <span class=\"NormalTextRun SpellingErrorV2Themed SCXW38180053 BCX8\">Shirazi<\/span> <span class=\"NormalTextRun SpellingErrorV2Themed SCXW38180053 BCX8\">girl<\/span><\/span><span class=\"TextRun SCXW38180053 BCX8\" lang=\"CA-ES\" xml:lang=\"CA-ES\" data-contrast=\"auto\"><span class=\"NormalTextRun SCXW38180053 BCX8\"> (2019) i el seu \u00faltim llargmetratge, <\/span><\/span><span class=\"TextRun SCXW38180053 BCX8\" lang=\"CA-ES\" xml:lang=\"CA-ES\" data-contrast=\"auto\"><span class=\"NormalTextRun SpellingErrorV2Themed SCXW38180053 BCX8\">Sea<\/span><span class=\"NormalTextRun SCXW38180053 BCX8\"> boys<\/span><\/span><span class=\"TextRun SCXW38180053 BCX8\" lang=\"CA-ES\" xml:lang=\"CA-ES\" data-contrast=\"auto\"><span class=\"NormalTextRun SCXW38180053 BCX8\"> (2021).<\/span><\/span><span class=\"EOP SCXW38180053 BCX8\" data-ccp-props=\"{&quot;335551550&quot;:6,&quot;335551620&quot;:6}\">\u00a0<\/span><\/h4>\n<hr \/>\n<h4><strong><span style=\"color: #800000;\"><span class=\"TextRun SCXW245688550 BCX8\" lang=\"CA-ES\" xml:lang=\"CA-ES\" data-contrast=\"none\"><span class=\"NormalTextRun SCXW245688550 BCX8\">Dissabte <\/span><span class=\"NormalTextRun SCXW245688550 BCX8\">2<\/span><span class=\"NormalTextRun SCXW245688550 BCX8\"> de <\/span><span class=\"NormalTextRun SCXW245688550 BCX8\">mar\u00e7<\/span><span class=\"NormalTextRun SCXW245688550 BCX8\"> de 2024, a l<\/span><span class=\"NormalTextRun SCXW245688550 BCX8\">e<\/span><span class=\"NormalTextRun SCXW245688550 BCX8\">s 20h<\/span><\/span><\/span><\/strong><\/h4>\n<p><img loading=\"lazy\" decoding=\"async\" class=\"aligncenter wp-image-48725 size-full\" src=\"https:\/\/asianfilmfestival.barcelona\/2024\/wp-content\/uploads\/2024\/01\/Emad-and-Tubas-Romanticism-2.jpg\" alt=\"\" width=\"800\" height=\"450\" srcset=\"https:\/\/asianfilmfestival.barcelona\/2024\/wp-content\/uploads\/2024\/01\/Emad-and-Tubas-Romanticism-2.jpg 800w, https:\/\/asianfilmfestival.barcelona\/2024\/wp-content\/uploads\/2024\/01\/Emad-and-Tubas-Romanticism-2-300x169.jpg 300w, https:\/\/asianfilmfestival.barcelona\/2024\/wp-content\/uploads\/2024\/01\/Emad-and-Tubas-Romanticism-2-768x432.jpg 768w, https:\/\/asianfilmfestival.barcelona\/2024\/wp-content\/uploads\/2024\/01\/Emad-and-Tubas-Romanticism-2-705x397.jpg 705w\" sizes=\"auto, (max-width: 800px) 100vw, 800px\" \/><\/p>\n<h2 style=\"text-align: center;\"><b><i><span data-contrast=\"auto\">Emad and Tuba\u2019s Romanticism<br class=\"avia-permanent-lb\" \/><\/span><\/i><\/b><\/h2>\n<h3><span data-contrast=\"auto\">Kaveh Sabaghzadeh | Ir\u00e1n | 2021 | 97\u2019 | VOSE | Rom\u00e0ntica<\/span><span data-ccp-props=\"{}\">\u00a0\u00a0<br class=\"avia-permanent-lb\" \/><br class=\"avia-permanent-lb\" \/><\/span><\/h3>\n<h4><span data-ccp-props=\"{\"><span class=\"TextRun SCXW108936256 BCX8\" lang=\"CA-ES\" xml:lang=\"CA-ES\" data-contrast=\"auto\"><span class=\"NormalTextRun SCXW108936256 BCX8\">Quan el dest\u00ed fa que <\/span><span class=\"NormalTextRun SpellingErrorV2Themed SCXW108936256 BCX8\">l\u2019Emad<\/span><span class=\"NormalTextRun SCXW108936256 BCX8\"> i la Tuba es trobin i es coneguin m\u00fatuament per primera vegada, saben perfectament que l\u2019amor \u00e9s una habilitat, no nom\u00e9s pur entusiasme, bellesa o una ardor apressant.<\/span><\/span><span class=\"EOP SCXW108936256 BCX8\" data-ccp-props=\"{&quot;335551550&quot;:6,&quot;335551620&quot;:6}\">\u00a0<\/span> <\/span><\/h4>\n<h4><span data-ccp-props=\"{\">\u00a0<\/span><\/h4>\n<h4><strong><span class=\"TextRun SCXW195535604 BCX8\" lang=\"CA-ES\" xml:lang=\"CA-ES\" data-contrast=\"auto\"><span class=\"NormalTextRun SpellingErrorV2Themed SCXW195535604 BCX8\">Kaveh<\/span> <span class=\"NormalTextRun SpellingErrorV2Themed SCXW195535604 BCX8\">Sabaghzadeh<\/span><\/span><\/strong><span class=\"TextRun SCXW195535604 BCX8\" lang=\"CA-ES\" xml:lang=\"CA-ES\" data-contrast=\"auto\"><span class=\"NormalTextRun SCXW195535604 BCX8\">, <\/span><span class=\"NormalTextRun SCXW195535604 BCX8\">va n\u00e9ixer al 1980 i \u00e9s fill d&#8217;un conegut director de cinema irani\u00e0, <\/span><span class=\"NormalTextRun SpellingErrorV2Themed SCXW195535604 BCX8\">Mehdi<\/span> <span class=\"NormalTextRun SpellingErrorV2Themed SCXW195535604 BCX8\">Sabaghzadeh<\/span><span class=\"NormalTextRun SCXW195535604 BCX8\">. Actiu com a ajudant de direcci\u00f3, director de producci\u00f3 i fot\u00f2graf des de 1998, va fer el seu debut al cinema amb el llargmetratge <\/span><\/span><span class=\"TextRun SCXW195535604 BCX8\" lang=\"CA-ES\" xml:lang=\"CA-ES\" data-contrast=\"auto\"><span class=\"NormalTextRun SpellingErrorV2Themed SCXW195535604 BCX8\">Italy<\/span> <span class=\"NormalTextRun SpellingErrorV2Themed SCXW195535604 BCX8\">Italy<\/span><\/span><span class=\"TextRun SCXW195535604 BCX8\" lang=\"CA-ES\" xml:lang=\"CA-ES\" data-contrast=\"auto\"><span class=\"NormalTextRun SCXW195535604 BCX8\">, al 2017. <\/span><\/span><span class=\"TextRun SCXW195535604 BCX8\" lang=\"CA-ES\" xml:lang=\"CA-ES\" data-contrast=\"auto\"><span class=\"NormalTextRun SpellingErrorV2Themed SCXW195535604 BCX8\">Emad<\/span> <span class=\"NormalTextRun SpellingErrorV2Themed SCXW195535604 BCX8\">and<\/span> <span class=\"NormalTextRun SpellingErrorV2Themed SCXW195535604 BCX8\">Tuba\u2019s<\/span> <span class=\"NormalTextRun SpellingErrorV2Themed SCXW195535604 BCX8\">Romanticism<\/span><\/span><span class=\"TextRun SCXW195535604 BCX8\" lang=\"CA-ES\" xml:lang=\"CA-ES\" data-contrast=\"auto\"><span class=\"NormalTextRun SCXW195535604 BCX8\"> \u00e9s la seva segona pel\u00b7l\u00edcula.<\/span><\/span><span class=\"EOP SCXW195535604 BCX8\" data-ccp-props=\"{&quot;335551550&quot;:6,&quot;335551620&quot;:6}\">\u00a0<\/span><\/h4>\n<hr \/>\n<h4><span class=\"TextRun SCXW46864961 BCX8\" lang=\"CA-ES\" xml:lang=\"CA-ES\" data-contrast=\"none\"><span class=\"NormalTextRun SCXW46864961 BCX8\">Dissabte<\/span> <span class=\"NormalTextRun SCXW46864961 BCX8\">16<\/span><span class=\"NormalTextRun SCXW46864961 BCX8\"> de m<\/span><span class=\"NormalTextRun SCXW46864961 BCX8\">ar\u00e7 <\/span><span class=\"NormalTextRun SCXW46864961 BCX8\">de 2024, a l<\/span><span class=\"NormalTextRun SCXW46864961 BCX8\">e<\/span><span class=\"NormalTextRun SCXW46864961 BCX8\">s 20h<\/span><\/span><\/h4>\n<p><img loading=\"lazy\" decoding=\"async\" class=\"aligncenter wp-image-48697 size-full\" src=\"https:\/\/asianfilmfestival.barcelona\/2024\/wp-content\/uploads\/2024\/01\/Mehran-1.jpg\" alt=\"\" width=\"850\" height=\"567\" srcset=\"https:\/\/asianfilmfestival.barcelona\/2024\/wp-content\/uploads\/2024\/01\/Mehran-1.jpg 850w, https:\/\/asianfilmfestival.barcelona\/2024\/wp-content\/uploads\/2024\/01\/Mehran-1-300x200.jpg 300w, https:\/\/asianfilmfestival.barcelona\/2024\/wp-content\/uploads\/2024\/01\/Mehran-1-768x512.jpg 768w, https:\/\/asianfilmfestival.barcelona\/2024\/wp-content\/uploads\/2024\/01\/Mehran-1-705x470.jpg 705w\" sizes=\"auto, (max-width: 850px) 100vw, 850px\" \/><\/p>\n<h2 style=\"text-align: center;\"><b><i><span data-contrast=\"auto\">Mehran<br \/>\n<\/span><\/i><\/b><\/h2>\n<h3><span data-contrast=\"auto\">Roqiye Tavakoli | Ir\u00e1n | 2020 | 78\u2019 | VOSE | Drama<\/span><span data-ccp-props=\"{}\">\u00a0 <br class=\"avia-permanent-lb\" \/><br class=\"avia-permanent-lb\" \/><\/span><\/h3>\n<h4><span class=\"TextRun SCXW198506535 BCX8\" lang=\"CA-ES\" xml:lang=\"CA-ES\" data-contrast=\"auto\"><span class=\"NormalTextRun SCXW198506535 BCX8\">Una fam\u00edlia destrossada per la guerra origin\u00e0ria d\u2019un poble fronterer anomenat <\/span><span class=\"NormalTextRun SpellingErrorV2Themed SCXW198506535 BCX8\">Mehran<\/span><span class=\"NormalTextRun SCXW198506535 BCX8\"> ha de fugir a <\/span><span class=\"NormalTextRun SpellingErrorV2Themed SCXW198506535 BCX8\">Yazd<\/span><span class=\"NormalTextRun SCXW198506535 BCX8\">, una ciutat que es troba al centre del pa\u00eds. All\u00ed es veuen embolicats en els afers personals dels seus amfitrions, que estan buscant una nova parella per al seu fill vidu.<\/span><\/span><span class=\"EOP SCXW198506535 BCX8\" data-ccp-props=\"{&quot;335551550&quot;:6,&quot;335551620&quot;:6}\">\u00a0<\/span><\/h4>\n<h4><span data-ccp-props=\"{\">\u00a0<\/span><\/h4>\n<h4><strong><span class=\"TextRun SCXW201100232 BCX8\" lang=\"CA-ES\" xml:lang=\"CA-ES\" data-contrast=\"auto\"><span class=\"NormalTextRun SpellingErrorV2Themed SCXW201100232 BCX8\">Roqiye<\/span> <span class=\"NormalTextRun SpellingErrorV2Themed SCXW201100232 BCX8\">Tavakoli<\/span><\/span><\/strong><span class=\"TextRun SCXW201100232 BCX8\" lang=\"CA-ES\" xml:lang=\"CA-ES\" data-contrast=\"auto\"><span class=\"NormalTextRun SCXW201100232 BCX8\">, <\/span><span class=\"NormalTextRun SCXW201100232 BCX8\">va n\u00e9ixer al 1985 i va estudiar Arts Cinematogr\u00e0fiques i un m\u00e0ster en Literatura Dram\u00e0tica a la Universitat <\/span><span class=\"NormalTextRun SpellingErrorV2Themed SCXW201100232 BCX8\">Sooreh<\/span><span class=\"NormalTextRun SCXW201100232 BCX8\">, que es troba a Teheran. \u00c9s professora i cap de departament a la Universitat <\/span><span class=\"NormalTextRun SpellingErrorV2Themed SCXW201100232 BCX8\">Yazd<\/span><span class=\"NormalTextRun SCXW201100232 BCX8\"> d&#8217;Art i Cultura. <\/span><span class=\"NormalTextRun SpellingErrorV2Themed SCXW201100232 BCX8\">Tavakoli<\/span><span class=\"NormalTextRun SCXW201100232 BCX8\"> \u00e9s membre de l&#8217;Associaci\u00f3 Iraniana de Curts del <\/span><span class=\"NormalTextRun SpellingErrorV2Themed SCXW201100232 BCX8\">Khaneh<\/span><span class=\"NormalTextRun SCXW201100232 BCX8\"> Cinema. La directora <\/span><span class=\"NormalTextRun SCXW201100232 BCX8\">ha fet m\u00e9s de 30 curts i pel\u00b7l\u00edcules documentals, que s&#8217;han presentat i han estat \u00e0mpliament aplaudides a m\u00e9s de 50 festivals locals i internacionals. Ha estat premiada a festivals com <\/span><span class=\"NormalTextRun SpellingErrorV2Themed SCXW201100232 BCX8\">l\u2019Armenian<\/span><span class=\"NormalTextRun SCXW201100232 BCX8\"> International <\/span><span class=\"NormalTextRun SpellingErrorV2Themed SCXW201100232 BCX8\">Women\u2019s<\/span><span class=\"NormalTextRun SCXW201100232 BCX8\"> Films Festival <\/span><span class=\"NormalTextRun SpellingErrorV2Themed SCXW201100232 BCX8\">Kin<\/span><span class=\"NormalTextRun SCXW201100232 BCX8\">, els Premis Dubai <\/span><span class=\"NormalTextRun SpellingErrorV2Themed SCXW201100232 BCX8\">Ibda<\/span><span class=\"NormalTextRun SCXW201100232 BCX8\">, el Festival de Cinema <\/span><span class=\"NormalTextRun SpellingErrorV2Themed SCXW201100232 BCX8\">Rooyesh<\/span><span class=\"NormalTextRun SCXW201100232 BCX8\"> i el Festival de Cinema <\/span><span class=\"NormalTextRun SpellingErrorV2Themed SCXW201100232 BCX8\">Parvin<\/span> <span class=\"NormalTextRun SpellingErrorV2Themed SCXW201100232 BCX8\">Etesami<\/span><span class=\"NormalTextRun SCXW201100232 BCX8\">.<\/span><\/span><\/h4>\n<hr \/>\n<h4><strong><span style=\"color: #800000;\"><i><span class=\"TextRun SCXW195496038 BCX8\" lang=\"CA-ES\" xml:lang=\"CA-ES\" data-contrast=\"none\"><span class=\"NormalTextRun SCXW195496038 BCX8\">Dissabte<\/span> <span class=\"NormalTextRun SCXW195496038 BCX8\">23<\/span><span class=\"NormalTextRun SCXW195496038 BCX8\"> de <\/span><span class=\"NormalTextRun SCXW195496038 BCX8\">mar\u00e7<\/span><span class=\"NormalTextRun SCXW195496038 BCX8\"> de 2024, a l<\/span><span class=\"NormalTextRun SCXW195496038 BCX8\">e<\/span><span class=\"NormalTextRun SCXW195496038 BCX8\">s 20h<\/span><\/span><span class=\"TextRun SCXW195496038 BCX8\" lang=\"CA-ES\" xml:lang=\"CA-ES\" data-contrast=\"auto\"><span class=\"NormalTextRun SCXW195496038 BCX8\">\u00a0<\/span><\/span><span class=\"EOP SCXW195496038 BCX8\" data-ccp-props=\"{}\">\u00a0<\/span> <\/i>\u00a0<\/span><\/strong><\/h4>\n<h2 style=\"text-align: center;\"><b><i><span data-contrast=\"auto\">Wolf Cubs of the Apple Valley<br class=\"avia-permanent-lb\" \/><\/span><\/i><\/b><\/h2>\n<h3><span data-contrast=\"auto\">Fereydoun Najafi | Ir\u00e1n | 2020 | 85\u2019 | VOSE | Drama<\/span><span data-ccp-props=\"{}\">\u00a0 <br class=\"avia-permanent-lb\" \/><br class=\"avia-permanent-lb\" \/><\/span><\/h3>\n<h4><span class=\"TextRun SCXW32002920 BCX8\" lang=\"CA-ES\" xml:lang=\"CA-ES\" data-contrast=\"auto\"><span class=\"NormalTextRun SpellingErrorV2Themed SCXW32002920 BCX8\">Asho<\/span><span class=\"NormalTextRun SCXW32002920 BCX8\"> d\u201911 anys, el pare del qual \u00e9s acusat d\u2019assassinat, creu que va perdre la mare durant la inf\u00e0ncia. En un viatge que es veu obligat a fer, descobreix algunes de les realitats que ignorava i es veu enfrontant nous obstacles i aventures.<\/span><\/span><span class=\"EOP SCXW32002920 BCX8\" data-ccp-props=\"{&quot;335551550&quot;:6,&quot;335551620&quot;:6}\">\u00a0<\/span><\/h4>\n<h4><span data-ccp-props=\"{\">\u00a0<\/span><\/h4>\n<h4><strong><span class=\"TextRun SCXW155191416 BCX8\" lang=\"CA-ES\" xml:lang=\"CA-ES\" data-contrast=\"auto\"><span class=\"NormalTextRun SpellingErrorV2Themed SCXW155191416 BCX8\">Fereydoun<\/span> <span class=\"NormalTextRun SpellingErrorV2Themed SCXW155191416 BCX8\">Najafi<\/span><\/span><\/strong><span class=\"TextRun SCXW155191416 BCX8\" lang=\"CA-ES\" xml:lang=\"CA-ES\" data-contrast=\"auto\"><span class=\"NormalTextRun SCXW155191416 BCX8\">, <\/span><span class=\"NormalTextRun SCXW155191416 BCX8\">nascut al 1977 a <\/span><span class=\"NormalTextRun SpellingErrorV2Themed SCXW155191416 BCX8\">Koohrang<\/span><span class=\"NormalTextRun SCXW155191416 BCX8\">, \u00e9s llicenciat en cinematografia per la Universitat de Cinema <\/span><span class=\"NormalTextRun SpellingErrorV2Themed SCXW155191416 BCX8\">Soureh<\/span><span class=\"NormalTextRun SCXW155191416 BCX8\">. Ha realitzat una gran quantitat de curts i documentals. Les seves pel\u00b7l\u00edcules han estat projectades a m\u00e9s de 100 festivals de cinema nacionals i internacionals i ha rebut uns 40 premis. <\/span><\/span><span class=\"TextRun SCXW155191416 BCX8\" lang=\"CA-ES\" xml:lang=\"CA-ES\" data-contrast=\"auto\"><span class=\"NormalTextRun SpellingErrorV2Themed SCXW155191416 BCX8\">The<\/span> <span class=\"NormalTextRun SpellingErrorV2Themed SCXW155191416 BCX8\">Skier<\/span><\/span><span class=\"TextRun SCXW155191416 BCX8\" lang=\"CA-ES\" xml:lang=\"CA-ES\" data-contrast=\"auto\"><span class=\"NormalTextRun SCXW155191416 BCX8\"> va ser el seu debut en llargmetratges i va ser nominada als premis APSA com a Millor Llargmetratge Jove. El director tamb\u00e9 ha estat part\u00edcip en m\u00e9s de 10 festivals internacionals com el de <\/span><span class=\"NormalTextRun SpellingErrorV2Themed SCXW155191416 BCX8\">Cambridge<\/span><span class=\"NormalTextRun SCXW155191416 BCX8\"> i el <\/span><span class=\"NormalTextRun SpellingErrorV2Themed SCXW155191416 BCX8\">d&#8217;Olympia<\/span><span class=\"NormalTextRun SCXW155191416 BCX8\">. <\/span><span class=\"NormalTextRun SpellingErrorV2Themed SCXW155191416 BCX8\">Nejafi<\/span><span class=\"NormalTextRun SCXW155191416 BCX8\"> va ser el guardonat amb el premi Crystal <\/span><span class=\"NormalTextRun SpellingErrorV2Themed SCXW155191416 BCX8\">Simorgh<\/span> <span class=\"NormalTextRun SCXW155191416 BCX8\">a<\/span><span class=\"NormalTextRun SCXW155191416 BCX8\"> la 27 Edici\u00f3 del Festival de Cinema Internacional <\/span><span class=\"NormalTextRun SpellingErrorV2Themed SCXW155191416 BCX8\">Fajr<\/span><span class=\"NormalTextRun SCXW155191416 BCX8\"> per la pel\u00b7l\u00edcula <\/span><\/span><span class=\"TextRun SCXW155191416 BCX8\" lang=\"CA-ES\" xml:lang=\"CA-ES\" data-contrast=\"auto\"><span class=\"NormalTextRun SpellingErrorV2Themed SCXW155191416 BCX8\">Where<\/span><span class=\"NormalTextRun SCXW155191416 BCX8\"> is <\/span><span class=\"NormalTextRun SpellingErrorV2Themed SCXW155191416 BCX8\">Fatemeh\u2019s<\/span> <span class=\"NormalTextRun SpellingErrorV2Themed SCXW155191416 BCX8\">house<\/span><span class=\"NormalTextRun SCXW155191416 BCX8\">?<\/span><\/span><span class=\"TextRun SCXW155191416 BCX8\" lang=\"CA-ES\" xml:lang=\"CA-ES\" data-contrast=\"auto\"><span class=\"NormalTextRun SCXW155191416 BCX8\">, que tamb\u00e9 va ser seleccionada per a la 61 Edici\u00f3 del Festival de Cinema de Berl\u00edn. Ha obtingut cinc premis Papallona d&#8217;Or per part d<\/span><span class=\"NormalTextRun SCXW155191416 BCX8\">e l\u2019<\/span><span class=\"NormalTextRun SCXW155191416 BCX8\">ICFF amb <\/span><\/span><span class=\"TextRun SCXW155191416 BCX8\" lang=\"CA-ES\" xml:lang=\"CA-ES\" data-contrast=\"auto\"><span class=\"NormalTextRun SpellingErrorV2Themed SCXW155191416 BCX8\">Where<\/span><span class=\"NormalTextRun SCXW155191416 BCX8\"> is <\/span><span class=\"NormalTextRun SpellingErrorV2Themed SCXW155191416 BCX8\">Fatemeh\u2019s<\/span> <span class=\"NormalTextRun SpellingErrorV2Themed SCXW155191416 BCX8\">house<\/span><span class=\"NormalTextRun SCXW155191416 BCX8\">?<\/span><\/span><span class=\"TextRun SCXW155191416 BCX8\" lang=\"CA-ES\" xml:lang=\"CA-ES\" data-contrast=\"auto\"><span class=\"NormalTextRun SCXW155191416 BCX8\">, <\/span><\/span><span class=\"TextRun SCXW155191416 BCX8\" lang=\"CA-ES\" xml:lang=\"CA-ES\" data-contrast=\"auto\"><span class=\"NormalTextRun SpellingErrorV2Themed SCXW155191416 BCX8\">The<\/span> <span class=\"NormalTextRun SpellingErrorV2Themed SCXW155191416 BCX8\">skier<\/span><\/span><span class=\"TextRun SCXW155191416 BCX8\" lang=\"CA-ES\" xml:lang=\"CA-ES\" data-contrast=\"auto\"><span class=\"NormalTextRun SCXW155191416 BCX8\">, <\/span><\/span><span class=\"TextRun SCXW155191416 BCX8\" lang=\"CA-ES\" xml:lang=\"CA-ES\" data-contrast=\"auto\"><span class=\"NormalTextRun SpellingErrorV2Themed SCXW155191416 BCX8\">The<\/span> <span class=\"NormalTextRun SpellingErrorV2Themed SCXW155191416 BCX8\">rooster<\/span><\/span><span class=\"TextRun SCXW155191416 BCX8\" lang=\"CA-ES\" xml:lang=\"CA-ES\" data-contrast=\"auto\"><span class=\"NormalTextRun SCXW155191416 BCX8\">, i <\/span><\/span><span class=\"TextRun SCXW155191416 BCX8\" lang=\"CA-ES\" xml:lang=\"CA-ES\" data-contrast=\"auto\"><span class=\"NormalTextRun SpellingErrorV2Themed SCXW155191416 BCX8\">The<\/span> <span class=\"NormalTextRun SpellingErrorV2Themed SCXW155191416 BCX8\">twelfth<\/span> <span class=\"NormalTextRun SpellingErrorV2Themed SCXW155191416 BCX8\">team<\/span><span class=\"NormalTextRun SCXW155191416 BCX8\">-mat<\/span><\/span><span class=\"TextRun SCXW155191416 BCX8\" lang=\"CA-ES\" xml:lang=\"CA-ES\" data-contrast=\"auto\"><span class=\"NormalTextRun SCXW155191416 BCX8\">. <\/span><\/span><span class=\"TextRun SCXW155191416 BCX8\" lang=\"CA-ES\" xml:lang=\"CA-ES\" data-contrast=\"auto\"><span class=\"NormalTextRun SpellingErrorV2Themed SCXW155191416 BCX8\">The<\/span> <span class=\"NormalTextRun SpellingErrorV2Themed SCXW155191416 BCX8\">last<\/span> <span class=\"NormalTextRun SpellingErrorV2Themed SCXW155191416 BCX8\">migration<\/span><\/span><span class=\"TextRun SCXW155191416 BCX8\" lang=\"CA-ES\" xml:lang=\"CA-ES\" data-contrast=\"auto\"><span class=\"NormalTextRun SCXW155191416 BCX8\"> va ser part del Festival de Documentals de Tessal\u00f2nica i del Festival de Cinema de Mont-real, va guanyar el premi <\/span><span class=\"NormalTextRun SpellingErrorV2Themed SCXW155191416 BCX8\">London<\/span><span class=\"NormalTextRun SCXW155191416 BCX8\"> SWEEFT per Millor Documental aix\u00ed com tamb\u00e9 el Premi al Millor Documental de part de la 6a Edici\u00f3 del Festival Internacional de Documentals de l&#8217;Iran.<\/span><\/span><span class=\"EOP SCXW155191416 BCX8\" data-ccp-props=\"{&quot;335551550&quot;:6,&quot;335551620&quot;:6}\">\u00a0<\/span><\/h4>\n<p><span data-ccp-props=\"{\">\u00a0<\/span><\/p>\n<\/div><\/section>\n\n<style type=\"text\/css\" data-created_by=\"avia_inline_auto\" id=\"style-css-av-ls1se10t-a920c5851812524e6fe030144dd2a802\">\n#top .avia-icon-list-container.av-ls1se10t-a920c5851812524e6fe030144dd2a802 .iconlist_icon{\ncolor:#b02b2c;\nbackground-color:#000000;\n}\n#top #wrap_all .avia-icon-list-container.av-ls1se10t-a920c5851812524e6fe030144dd2a802 .av_iconlist_title{\nfont-size:19px;\n}\n.avia-icon-list-container.av-ls1se10t-a920c5851812524e6fe030144dd2a802 .iconlist_content{\nfont-size:19px;\n}\n<\/style>\n<div  class='avia-icon-list-container av-ls1se10t-a920c5851812524e6fe030144dd2a802  avia-builder-el-1  el_after_av_textblock  el_before_av_partner '><ul class='avia-icon-list avia_animate_when_almost_visible avia-icon-list-left av-iconlist-big av-ls1se10t-a920c5851812524e6fe030144dd2a802 avia-iconlist-animate'>\n<li><div class='iconlist_icon av-ls1s91xt-27914db4094811c28ae8311ce6862eb6 avia-font-entypo-fontello'><span class='iconlist-char' aria-hidden='true' data-av_icon='\ue85b' data-av_iconfont='entypo-fontello'><\/span><\/div><article class=\"article-icon-entry av-iconlist-empty\" ><div class=\"iconlist_content_wrap\"><header class=\"entry-content-header\"><h4 class='av_iconlist_title iconlist_title  ' >Del 15 de Febrer al 23 de mar\u00e7<\/h4><\/header><div class='iconlist_content ' ><\/div><\/div><footer class=\"entry-footer\"><\/footer><\/article><div class=\"iconlist-timeline\"><\/div><\/li>\n<li><div class='iconlist_icon av-ls1s9bz1-3fd1423754f8cd4642ba3c8cbe939d88 avia-font-entypo-fontello'><span class='iconlist-char' aria-hidden='true' data-av_icon='\ue842' data-av_iconfont='entypo-fontello'><\/span><\/div><article class=\"article-icon-entry av-iconlist-empty\" ><div class=\"iconlist_content_wrap\"><header class=\"entry-content-header\"><h4 class='av_iconlist_title iconlist_title  ' >C\/ Girona, 175, 08025 Barcelona<\/h4><\/header><div class='iconlist_content ' ><\/div><\/div><footer class=\"entry-footer\"><\/footer><\/article><div class=\"iconlist-timeline\"><\/div><\/li>\n<li><div class='iconlist_icon av-ls1s9u99-6aa6e480a4f0ad3783a42949ad21c49f avia-font-entypo-fontello'><span class='iconlist-char' aria-hidden='true' data-av_icon='\ue8cb' data-av_iconfont='entypo-fontello'><\/span><\/div><article class=\"article-icon-entry \" ><div class=\"iconlist_content_wrap\"><header class=\"entry-content-header\"><\/header><div class='iconlist_content ' ><h3><b><span data-contrast=\"none\">Precio de l&#8217;entrada:<\/span><\/b><span data-contrast=\"none\"> 5,5\u20ac\u00a0\u00a0\u00a0<\/span><span data-ccp-props=\"{\">\u00a0<\/span><\/h3>\n<h3><b><span data-contrast=\"none\">Precio abonats y socis dels Cinemes Girona:<\/span><\/b><span data-contrast=\"none\"> 4\u20ac<\/span><span data-ccp-props=\"{\">\u00a0<\/span><\/h3>\n<\/div><\/div><footer class=\"entry-footer\"><\/footer><\/article><div class=\"iconlist-timeline\"><\/div><\/li>\n<\/ul><\/div>\n<div  class='avia-logo-element-container av-ls1s79zx-ccd23a535452a36f843823c1b62d424d avia-logo-grid avia-content-slider avia-smallarrow-slider avia-content-grid-active noHover avia-content-slider-odd  avia-builder-el-2  el_after_av_iconlist  el_before_av_partner  avia-content-slider1' ><div class='avia-smallarrow-slider-heading '><div class='new-special-heading'><h3 class='av-logo-special-heading-text '>Organitzen<\/h3><\/div><\/div><div class=\"avia-content-slider-inner\"><div class=\"slide-entry-wrap\"><div  class='slide-entry av-27gi5j3-18cc8be01221c344574a399e6b17c3c7 flex_column no_margin av_one_third real-thumbnail post-entry slide-entry-overview slide-loop-1 slide-parity-odd  first'><\/div><div  class='slide-entry av-1jn1o3j-1269c43cfc46fee6c78abefe1f25c009 flex_column no_margin av_one_third real-thumbnail post-entry slide-entry-overview slide-loop-2 slide-parity-even  '><img decoding=\"async\" fetchpriority=\"high\" width=\"1185\" height=\"959\" src=\"https:\/\/asianfilmfestival.barcelona\/2024\/wp-content\/uploads\/2024\/01\/CONSEJERIA-CULTURAL-IRAN-Logo.jpg\" class=\"wp-image-48704 avia-img-lazy-loading-not-48704 attachment-no scaling size-no scaling\" alt=\"\" srcset=\"https:\/\/asianfilmfestival.barcelona\/2024\/wp-content\/uploads\/2024\/01\/CONSEJERIA-CULTURAL-IRAN-Logo.jpg 1185w, https:\/\/asianfilmfestival.barcelona\/2024\/wp-content\/uploads\/2024\/01\/CONSEJERIA-CULTURAL-IRAN-Logo-300x243.jpg 300w, https:\/\/asianfilmfestival.barcelona\/2024\/wp-content\/uploads\/2024\/01\/CONSEJERIA-CULTURAL-IRAN-Logo-1030x834.jpg 1030w, https:\/\/asianfilmfestival.barcelona\/2024\/wp-content\/uploads\/2024\/01\/CONSEJERIA-CULTURAL-IRAN-Logo-768x622.jpg 768w, https:\/\/asianfilmfestival.barcelona\/2024\/wp-content\/uploads\/2024\/01\/CONSEJERIA-CULTURAL-IRAN-Logo-495x400.jpg 495w, https:\/\/asianfilmfestival.barcelona\/2024\/wp-content\/uploads\/2024\/01\/CONSEJERIA-CULTURAL-IRAN-Logo-845x684.jpg 845w, https:\/\/asianfilmfestival.barcelona\/2024\/wp-content\/uploads\/2024\/01\/CONSEJERIA-CULTURAL-IRAN-Logo-705x571.jpg 705w\" sizes=\"(max-width: 1185px) 100vw, 1185px\" \/><\/div><div  class='slide-entry av-15n8nzz-eb388ad165388adffaab4b19710f8b86 flex_column no_margin av_one_third real-thumbnail post-entry slide-entry-overview slide-loop-3 slide-parity-odd post-entry-last '><img decoding=\"async\" fetchpriority=\"high\" width=\"800\" height=\"557\" src=\"https:\/\/asianfilmfestival.barcelona\/2024\/wp-content\/uploads\/2024\/01\/FARABI-FOUNDATION-Logo.jpg\" class=\"wp-image-48701 avia-img-lazy-loading-not-48701 attachment-no scaling size-no scaling\" alt=\"\" srcset=\"https:\/\/asianfilmfestival.barcelona\/2024\/wp-content\/uploads\/2024\/01\/FARABI-FOUNDATION-Logo.jpg 800w, https:\/\/asianfilmfestival.barcelona\/2024\/wp-content\/uploads\/2024\/01\/FARABI-FOUNDATION-Logo-300x209.jpg 300w, https:\/\/asianfilmfestival.barcelona\/2024\/wp-content\/uploads\/2024\/01\/FARABI-FOUNDATION-Logo-768x535.jpg 768w, https:\/\/asianfilmfestival.barcelona\/2024\/wp-content\/uploads\/2024\/01\/FARABI-FOUNDATION-Logo-705x491.jpg 705w\" sizes=\"(max-width: 800px) 100vw, 800px\" \/><\/div><\/div><\/div><\/div>\n<div  class='avia-logo-element-container av-ls1s8245-e63f3f17773df28730aca759054caf36 avia-logo-grid avia-content-slider avia-smallarrow-slider avia-content-grid-active noHover avia-content-slider-odd  avia-builder-el-3  el_after_av_partner  avia-builder-el-last  avia-content-slider2' ><div class='avia-smallarrow-slider-heading '><div class='new-special-heading'><h3 class='av-logo-special-heading-text '>Amb la Col\u00b7laboraci\u00f3 de<\/h3><\/div><\/div><div class=\"avia-content-slider-inner\"><div class=\"slide-entry-wrap\"><div  class='slide-entry av-la1cin-835ecf54889aef47ef26f3fe9e7693d3 flex_column no_margin av_one_third real-thumbnail post-entry slide-entry-overview slide-loop-1 slide-parity-odd post-entry-last first'><img decoding=\"async\" fetchpriority=\"high\" width=\"680\" height=\"382\" src=\"https:\/\/asianfilmfestival.barcelona\/2024\/wp-content\/uploads\/2024\/01\/cinemesgirona.jpg\" class=\"wp-image-48710 avia-img-lazy-loading-not-48710 attachment-no scaling size-no scaling\" alt=\"\" srcset=\"https:\/\/asianfilmfestival.barcelona\/2024\/wp-content\/uploads\/2024\/01\/cinemesgirona.jpg 680w, https:\/\/asianfilmfestival.barcelona\/2024\/wp-content\/uploads\/2024\/01\/cinemesgirona-300x169.jpg 300w\" sizes=\"(max-width: 680px) 100vw, 680px\" \/><\/div><\/div><\/div><\/div>\n","protected":false},"excerpt":{"rendered":"","protected":false},"author":8,"featured_media":48717,"comment_status":"closed","ping_status":"open","sticky":false,"template":"","format":"standard","meta":{"_acf_changed":false,"footnotes":""},"categories":[33],"tags":[],"class_list":["post-55227","post","type-post","status-publish","format-standard","has-post-thumbnail","hentry","category-noticies"],"acf":[],"_links":{"self":[{"href":"https:\/\/asianfilmfestival.barcelona\/2024\/ca\/wp-json\/wp\/v2\/posts\/55227","targetHints":{"allow":["GET"]}}],"collection":[{"href":"https:\/\/asianfilmfestival.barcelona\/2024\/ca\/wp-json\/wp\/v2\/posts"}],"about":[{"href":"https:\/\/asianfilmfestival.barcelona\/2024\/ca\/wp-json\/wp\/v2\/types\/post"}],"author":[{"embeddable":true,"href":"https:\/\/asianfilmfestival.barcelona\/2024\/ca\/wp-json\/wp\/v2\/users\/8"}],"replies":[{"embeddable":true,"href":"https:\/\/asianfilmfestival.barcelona\/2024\/ca\/wp-json\/wp\/v2\/comments?post=55227"}],"version-history":[{"count":4,"href":"https:\/\/asianfilmfestival.barcelona\/2024\/ca\/wp-json\/wp\/v2\/posts\/55227\/revisions"}],"predecessor-version":[{"id":55388,"href":"https:\/\/asianfilmfestival.barcelona\/2024\/ca\/wp-json\/wp\/v2\/posts\/55227\/revisions\/55388"}],"wp:featuredmedia":[{"embeddable":true,"href":"https:\/\/asianfilmfestival.barcelona\/2024\/ca\/wp-json\/wp\/v2\/media\/48717"}],"wp:attachment":[{"href":"https:\/\/asianfilmfestival.barcelona\/2024\/ca\/wp-json\/wp\/v2\/media?parent=55227"}],"wp:term":[{"taxonomy":"category","embeddable":true,"href":"https:\/\/asianfilmfestival.barcelona\/2024\/ca\/wp-json\/wp\/v2\/categories?post=55227"},{"taxonomy":"post_tag","embeddable":true,"href":"https:\/\/asianfilmfestival.barcelona\/2024\/ca\/wp-json\/wp\/v2\/tags?post=55227"}],"curies":[{"name":"wp","href":"https:\/\/api.w.org\/{rel}","templated":true}]}}