{"id":54938,"date":"2024-04-04T15:33:25","date_gmt":"2024-04-04T13:33:25","guid":{"rendered":"https:\/\/asianfilmfestival.barcelona\/2024\/?p=54938"},"modified":"2024-12-03T17:15:28","modified_gmt":"2024-12-03T16:15:28","slug":"orient-express-casa-asia-a-beteve-2024-abril-jun-2024","status":"publish","type":"post","link":"https:\/\/asianfilmfestival.barcelona\/2024\/ca\/orient-express-casa-asia-a-beteve-2024-abril-jun-2024\/","title":{"rendered":"Orient Express: CASA \u00c0SIA a BETEV\u00c9 | Abr-Jun 2024"},"content":{"rendered":"\n<style type=\"text\/css\" data-created_by=\"avia_inline_auto\" id=\"style-css-av-m3ykt4zd-de20c5ad0c2feb65b3b650f879dd0ed3\">\n.avia-image-container.av-m3ykt4zd-de20c5ad0c2feb65b3b650f879dd0ed3 img.avia_image{\nbox-shadow:none;\n}\n.avia-image-container.av-m3ykt4zd-de20c5ad0c2feb65b3b650f879dd0ed3 .av-image-caption-overlay-center{\ncolor:#ffffff;\n}\n<\/style>\n<div  class='avia-image-container av-m3ykt4zd-de20c5ad0c2feb65b3b650f879dd0ed3 av-styling- avia-align-center  avia-builder-el-0  el_before_av_heading  avia-builder-el-first '  ><div class=\"avia-image-container-inner\"><div class=\"avia-image-overlay-wrap\"><img decoding=\"async\" fetchpriority=\"high\" class='wp-image-49063 avia-img-lazy-loading-not-49063 avia_image ' src=\"https:\/\/asianfilmfestival.barcelona\/2024\/wp-content\/uploads\/2024\/04\/Malaysia-MARYAM-2-1376x630.webp\" alt='' title='Malaysia MARYAM (2)'  height=\"630\" width=\"1376\"  \/><\/div><\/div><\/div>\n\n<style type=\"text\/css\" data-created_by=\"avia_inline_auto\" id=\"style-css-av-m3yku8ec-8b2c99021deb7ac3d43265b92c0cb4d2\">\n#top .av-special-heading.av-m3yku8ec-8b2c99021deb7ac3d43265b92c0cb4d2{\npadding-bottom:10px;\n}\nbody .av-special-heading.av-m3yku8ec-8b2c99021deb7ac3d43265b92c0cb4d2 .av-special-heading-tag .heading-char{\nfont-size:25px;\n}\n.av-special-heading.av-m3yku8ec-8b2c99021deb7ac3d43265b92c0cb4d2 .av-subheading{\nfont-size:15px;\n}\n<\/style>\n<div  class='av-special-heading av-m3yku8ec-8b2c99021deb7ac3d43265b92c0cb4d2 av-special-heading-h1 blockquote elegant-quote elegant-centered  avia-builder-el-1  el_after_av_image  el_before_av_textblock '><h1 class='av-special-heading-tag '  ><span class=\"heading-wrap\">ORIENT EXPRESS\u202f-\u202fCASA \u00c0SIA\u202fa\u202fBETEV\u00c9 Abr-Jun\u202f2024<\/span><\/h1><div class='av-subheading av-subheading_below'><p>Aquest segon trimestre engloba des del 4 d&#8217;Abril fins al 30 de Maig de 2024, amb possibles actualitzacions pel mes de Juny.<\/p>\n<\/div><div class=\"special-heading-border\"><div class=\"special-heading-inner-border\"><\/div><\/div><\/div>\n<section  class='av_textblock_section av-m3yl0vln-696e2621d25cfcc3b8a15c4ed67f5c61 '  ><div class='avia_textblock' ><h4 style=\"text-align: left;\"><\/h4>\n<h3>Programa<\/h3>\n<p><span style=\"color: #ff0000;\">Dijous 4 d\u2019abril a les 22.30h<\/span><\/p>\n<p><img decoding=\"async\" class=\"wp-image-49063 size-medium alignleft\" src=\"https:\/\/asianfilmfestival.barcelona\/2024\/wp-content\/uploads\/2024\/04\/Malaysia-MARYAM-2-300x169.webp\" alt=\"\" width=\"300\" height=\"169\" srcset=\"https:\/\/asianfilmfestival.barcelona\/2024\/wp-content\/uploads\/2024\/04\/Malaysia-MARYAM-2-300x169.webp 300w, https:\/\/asianfilmfestival.barcelona\/2024\/wp-content\/uploads\/2024\/04\/Malaysia-MARYAM-2-1030x579.webp 1030w, https:\/\/asianfilmfestival.barcelona\/2024\/wp-content\/uploads\/2024\/04\/Malaysia-MARYAM-2-768x432.webp 768w, https:\/\/asianfilmfestival.barcelona\/2024\/wp-content\/uploads\/2024\/04\/Malaysia-MARYAM-2-705x397.webp 705w, https:\/\/asianfilmfestival.barcelona\/2024\/wp-content\/uploads\/2024\/04\/Malaysia-MARYAM-2.webp 1376w\" sizes=\"(max-width: 300px) 100vw, 300px\" \/> \u00a0<b><span data-contrast=\"none\">Mal\u00e0isia<\/span><\/b><span data-ccp-props=\"{\">\u00a0<\/span><\/p>\n<p><b><i><span data-contrast=\"none\">Maryam <\/span><\/i><\/b><b><span data-contrast=\"none\">| Dir: Badrul Hisham Ismail | 2022 | 103\u2019 | VOSC | Drama<\/span><\/b><span data-ccp-props=\"{\">\u00a0<\/span><\/p>\n<p><span data-contrast=\"none\">Maryam, una dona de 50 anys propiet\u00e0ria d\u2019una galeria i que ve d\u2019una fam\u00edlia aristocr\u00e0tica, vol la benedicci\u00f3 del seu pare per casar-se amb el seu jove nuvi estranger de Serra Lleona, mentre que, al mateix temps, necessita superar els desafiaments de la llei isl\u00e0mica, la qual determina la seva possibilitat d\u2019escollir al seu c\u00f2njuge.<\/span><span data-ccp-props=\"{\">\u00a0<\/span><\/p>\n<p><span data-contrast=\"none\">L\u2019escriptor i director de cinema independent <\/span><b><span data-contrast=\"none\">Badrul Hisham Ismail<\/span><\/b><span data-contrast=\"none\"> va estudiar a la New School de Nova York, on va rodar el seu primer curtmetratge <\/span><i><span data-contrast=\"none\">A Tale of a Mannequin<\/span><\/i><span data-contrast=\"none\"> (2014). El seu primer llargmetratge <\/span><i><span data-contrast=\"none\">Voyage to Terengganu<\/span><\/i><span data-contrast=\"none\"> (2016) rodat amb Amir Muhammad, tamb\u00e9 de Mal\u00e0isia. Sovint explora temes que q\u00fcestionen la normalitat de la vida quotidiana amb la intenci\u00f3 de mostrar all\u00f2 que no es diu ni es veu. Les seves pel\u00b7l\u00edcules s\u2019han projectat a llocs com el Freedom Film Fest, l\u2019IFFR, el Malaysian Shorts i el Thai Short Film &amp; Video Festival, d\u2019entre altres. Tamb\u00e9 \u00e9s un escriptor habitual per The Star i \u00e9s editor de continguts al peri\u00f2dic Svara.<\/span><span data-ccp-props=\"{\">\u00a0<\/span><\/p>\n<hr \/>\n<p><span style=\"color: #ff0000;\">Dijous 11 d\u2019abril a les 22.30h<\/span><\/p>\n<p><span style=\"color: #ff0000;\"><img loading=\"lazy\" decoding=\"async\" class=\"wp-image-49066 size-medium alignright\" src=\"https:\/\/asianfilmfestival.barcelona\/2024\/wp-content\/uploads\/2024\/04\/Filipinas-THE-BASEBALL-PLAYER-1-300x159.png\" alt=\"\" width=\"300\" height=\"159\" srcset=\"https:\/\/asianfilmfestival.barcelona\/2024\/wp-content\/uploads\/2024\/04\/Filipinas-THE-BASEBALL-PLAYER-1-300x159.png 300w, https:\/\/asianfilmfestival.barcelona\/2024\/wp-content\/uploads\/2024\/04\/Filipinas-THE-BASEBALL-PLAYER-1-768x407.png 768w, https:\/\/asianfilmfestival.barcelona\/2024\/wp-content\/uploads\/2024\/04\/Filipinas-THE-BASEBALL-PLAYER-1-710x375.png 710w, https:\/\/asianfilmfestival.barcelona\/2024\/wp-content\/uploads\/2024\/04\/Filipinas-THE-BASEBALL-PLAYER-1-705x374.png 705w, https:\/\/asianfilmfestival.barcelona\/2024\/wp-content\/uploads\/2024\/04\/Filipinas-THE-BASEBALL-PLAYER-1.png 836w\" sizes=\"auto, (max-width: 300px) 100vw, 300px\" \/><\/span><b><\/b><\/p>\n<p><b><span data-contrast=\"none\">Filipines<\/span><\/b><span data-ccp-props=\"{\">\u00a0<\/span><\/p>\n<p><b><i><span data-contrast=\"none\">The Baseball Player <\/span><\/i><\/b><b><span data-contrast=\"none\">| Dir: Carlo Obispo | 2006 | 71\u2019 | VOSE | Drama<\/span><\/b><span data-ccp-props=\"{\">\u00a0<\/span><\/p>\n<p><span data-contrast=\"none\">Amir, un soldat de disset anys, va sofrir la p\u00e8rdua del seu pare durant una guerra en els anys 2000. Ara, l\u2019Amir, somia a tenir una vida diferent, vol convertir-se en jugador de beisbol professional. Gr\u00e0cies a un entrenament constant amb el seu entrenador, aconsegueix arribar a la prova final d\u2019una universitat local. Desgraciadament, la guerra esclata de nou contra els rebels i l\u2019Amir es veu en la complicada situaci\u00f3 de triar entre seguir els seus somnis o lluitar en el camp de batalla.\u00a0<\/span><span data-ccp-props=\"{\">\u00a0<\/span><\/p>\n<p><b><span data-contrast=\"none\">Carlo Obispo<\/span><\/b><span data-contrast=\"none\"> va obtenir la llicenciatura en Filosofia amb especialitzaci\u00f3 en Comunicaci\u00f3 Art\u00edstica en la Universitat de Saint Louis. La seva primera pel\u00b7l\u00edcula, <\/span><i><span data-contrast=\"none\">Purok 7<\/span><\/i><span data-contrast=\"none\"> (2013), va formar part de la categoria New Breed en el Festival de Cinema Independent Cinemalaya 2013. El seu segon llargmetratge, <\/span><i><span data-contrast=\"none\">Gasping for Air<\/span><\/i><span data-contrast=\"none\"> (2016), va ser la pel\u00b7l\u00edcula d\u2019obertura en el Festival de Cinema Independent Cinemalaya 2016. En 2020, va escriure i va dirigir una s\u00e8rie de Boys Love anomenada <\/span><i><span data-contrast=\"none\">Better Days<\/span><\/i><span data-contrast=\"none\">.<\/span><span data-ccp-props=\"{\">\u00a0<\/span><\/p>\n<hr \/>\n<p><span style=\"color: #ff0000;\">Dijous 18 d\u2019abril a les 22.30h<\/span><\/p>\n<p><img loading=\"lazy\" decoding=\"async\" class=\"wp-image-49069 size-medium alignleft\" src=\"https:\/\/asianfilmfestival.barcelona\/2024\/wp-content\/uploads\/2024\/04\/China-Wang-Chao-LOOKING-FOR-ROHMER-1-300x150.jpeg\" alt=\"\" width=\"300\" height=\"150\" srcset=\"https:\/\/asianfilmfestival.barcelona\/2024\/wp-content\/uploads\/2024\/04\/China-Wang-Chao-LOOKING-FOR-ROHMER-1-300x150.jpeg 300w, https:\/\/asianfilmfestival.barcelona\/2024\/wp-content\/uploads\/2024\/04\/China-Wang-Chao-LOOKING-FOR-ROHMER-1-1030x515.jpeg 1030w, https:\/\/asianfilmfestival.barcelona\/2024\/wp-content\/uploads\/2024\/04\/China-Wang-Chao-LOOKING-FOR-ROHMER-1-768x384.jpeg 768w, https:\/\/asianfilmfestival.barcelona\/2024\/wp-content\/uploads\/2024\/04\/China-Wang-Chao-LOOKING-FOR-ROHMER-1-1536x768.jpeg 1536w, https:\/\/asianfilmfestival.barcelona\/2024\/wp-content\/uploads\/2024\/04\/China-Wang-Chao-LOOKING-FOR-ROHMER-1-1500x750.jpeg 1500w, https:\/\/asianfilmfestival.barcelona\/2024\/wp-content\/uploads\/2024\/04\/China-Wang-Chao-LOOKING-FOR-ROHMER-1-705x353.jpeg 705w, https:\/\/asianfilmfestival.barcelona\/2024\/wp-content\/uploads\/2024\/04\/China-Wang-Chao-LOOKING-FOR-ROHMER-1.jpeg 2000w\" sizes=\"auto, (max-width: 300px) 100vw, 300px\" \/><\/p>\n<p><b><span data-contrast=\"none\">Xina<\/span><\/b><span data-ccp-props=\"{\">\u00a0<\/span><\/p>\n<p><b><i><span data-contrast=\"none\">Looking for Rohmer <\/span><\/i><\/b><b><span data-contrast=\"none\">| Dir: Wang Chao | 2018 | 85\u2019 | VOSE |Drama, LGTBQIA+\u00a0<\/span><\/b><span data-ccp-props=\"{\">\u00a0<\/span><\/p>\n<p><span data-contrast=\"none\">\u00c9s la primera pel\u00b7l\u00edcula LGBTQIA+ que va rebre autoritzaci\u00f3 per la seva estrena a la Xina. La hist\u00f2ria comen\u00e7a, amb la primera trobada dels protagonistes i la posterior relaci\u00f3 secreta entre ells. Zhao Jie i Rohmer decideixen viatjar junts al Tibet i al cam\u00ed es veuen involucrats en un accident que acaba amb la mort d\u2019un nen. Malgrat que no s\u00f3n responsables del que ha passat, se senten culpables fins al punt que no deixen de discutir sobre el tema i acaben separant-se. Amb tot i aix\u00f2, quan Zhao Jie s\u2019assabenta que Rohmer ha patit un accident en una glacera, va a buscar el seu amic amb la intenci\u00f3 d\u2019ajudar-lo i evitar que li passi el mateix que a aquell nen que no van poder salvar.<\/span><\/p>\n<p><span data-contrast=\"none\">Despr\u00e9s de graduar-se de la universitat, <\/span><b><span data-contrast=\"none\">Wang Chao<\/span><\/b><span data-contrast=\"none\"> va treballar durant cinc anys en la ind\u00fastria sider\u00fargica, encara que sempre va estar interessat en el cinema i la literatura. El 1991, va entrar a l\u2019Acad\u00e8mia de Cinema de Pequ\u00edn, on es va graduar el 1994 i va comen\u00e7ar a treballar de cr\u00edtic de cinema. \u00c9s aix\u00ed com va con\u00e8ixer a Chen Kaige despr\u00e9s del rodatge de <\/span><i><span data-contrast=\"none\">Tierra Amarilla<\/span><\/i><span data-contrast=\"none\">, i aquest el va contractar com a ajudant de direcci\u00f3 entre 1995 i 1998 pel rodatge de Adi\u00f3s a mi concubina i de <\/span><i><span data-contrast=\"none\">El Emperador y el Asesino<\/span><\/i><span data-contrast=\"none\">. Durant aquest temps va escriure diverses petites narracions que l\u2019hi van inspirar guions per algunes pel\u00b7l\u00edcules. Amb <\/span><i><span data-contrast=\"none\">Orphan of Anyang<\/span><\/i><span data-contrast=\"none\">, que va rodar sense autoritzaci\u00f3, va fer el seu debut al cinema com a director. Aquesta pel\u00b7l\u00edcula va ser seleccionada el 2001 per participar en la Secci\u00f3 Quinzena de Realitzadors del Festival de Canes. El 2004, va realitzar el seu segon llargmetratge <\/span><i><span data-contrast=\"none\">Day and Night <\/span><\/i><span data-contrast=\"none\">i amb <\/span><i><span data-contrast=\"none\">Luxury Car<\/span><\/i><span data-contrast=\"none\"> va completar el 2006 la trilogia sobre la Xina en la que havia estat treballant durant m\u00e9s de cinc anys. La seva quarta i cinquena pel\u00b7l\u00edcula, <\/span><i><span data-contrast=\"none\">Memory of Love<\/span><\/i><span data-contrast=\"none\"> (2009) i <\/span><i><span data-contrast=\"none\">Fantasy <\/span><\/i><span data-contrast=\"none\">(2014), que es va presentar a la selecci\u00f3 Un Certain Regard al festival de Canes d\u2019aquell mateix any, malgrat la seva direcci\u00f3, mostren una maduresa narrativa per part del seu director. <\/span><i><span data-contrast=\"none\">Looking for Rohmer <\/span><\/i><span data-contrast=\"none\">(2018), mostra l\u2019inter\u00e8s de Wang Chao pel cr\u00edtic i cineasta Eric Rohmer i la Nouvelle Vague, fins al punt de fer una pel\u00b7l\u00edcula sobre ell, encara que no necess\u00e0riament biogr\u00e0fica.<\/span><i><span data-contrast=\"none\"> A Woman<\/span><\/i><span data-contrast=\"none\"> (2022), fins ara la seva \u00faltima pel\u00b7l\u00edcula, es va projectar en la passada edici\u00f3 de l\u2019Asian Film Festival Barcelona | AFFBCN amb gran \u00e8xit de p\u00fablic, despr\u00e9s del seu pas per Sant Sebasti\u00e0 on va ser nominada a la Petxina d\u2019Or.<\/span><span data-ccp-props=\"{\">\u00a0<\/span><\/p>\n<hr \/>\n<p><span style=\"color: #ff0000;\">Dijous 25 d\u2019abril a les 22.30h<\/span><\/p>\n<p><img loading=\"lazy\" decoding=\"async\" class=\"wp-image-49072 size-medium alignright\" src=\"https:\/\/asianfilmfestival.barcelona\/2024\/wp-content\/uploads\/2024\/04\/China-Wang-Chao-A-WOMAN-2-300x169.jpg\" alt=\"\" width=\"300\" height=\"169\" srcset=\"https:\/\/asianfilmfestival.barcelona\/2024\/wp-content\/uploads\/2024\/04\/China-Wang-Chao-A-WOMAN-2-300x169.jpg 300w, https:\/\/asianfilmfestival.barcelona\/2024\/wp-content\/uploads\/2024\/04\/China-Wang-Chao-A-WOMAN-2-1030x579.jpg 1030w, https:\/\/asianfilmfestival.barcelona\/2024\/wp-content\/uploads\/2024\/04\/China-Wang-Chao-A-WOMAN-2-768x432.jpg 768w, https:\/\/asianfilmfestival.barcelona\/2024\/wp-content\/uploads\/2024\/04\/China-Wang-Chao-A-WOMAN-2-705x397.jpg 705w, https:\/\/asianfilmfestival.barcelona\/2024\/wp-content\/uploads\/2024\/04\/China-Wang-Chao-A-WOMAN-2.jpg 1200w\" sizes=\"auto, (max-width: 300px) 100vw, 300px\" \/><\/p>\n<p><b><span data-contrast=\"none\">Xina <\/span><\/b><span data-ccp-props=\"{\">\u00a0<\/span><\/p>\n<p><b><i><span data-contrast=\"none\">A Woman<\/span><\/i><\/b><b><span data-contrast=\"none\"> | Dir: Wang Chao | 2022 | 110\u2019 | VOSE | Drama\u00a0<\/span><\/b><span data-ccp-props=\"{\">\u00a0<\/span><\/p>\n<p><span data-contrast=\"none\">Basada en la novel\u00b7la autobiogr\u00e0fica <\/span><i><span data-contrast=\"none\">Dream<\/span><\/i><span data-contrast=\"none\">, de l\u2019escriptora Zhang Xiu Zhen, la protagonista d\u2019aquesta pel\u00b7l\u00edcula treballa en una f\u00e0brica, i en el seu temps lliure es dedica a la fam\u00edlia, per\u00f2 quan pot intenta escriure. L\u2019acci\u00f3 se situa en plena revoluci\u00f3 cultural, entre els anys seixanta i principis dels vuitanta del segle XX. En la seva vida personal i familiar, ella \u00e9s objecte d\u2019ab\u00fas diari per part de la seva parella al qual est\u00e0 mantenint, i amb el que ja ha tingut m\u00e9s fills dels que podia tenir. Malgrat tot, acaba derrotant aquestes circumst\u00e0ncies gr\u00e0cies a l\u2019escriptura que es converteix en la seva alliberaci\u00f3.<\/span><\/p>\n<p><span data-contrast=\"none\">Despr\u00e9s de graduar-se de la universitat, <\/span><b><span data-contrast=\"none\">Wang Chao<\/span><\/b><span data-contrast=\"none\"> va treballar durant cinc anys en la ind\u00fastria sider\u00fargica, encara que sempre va estar interessat en el cinema i la literatura. El 1991, va entrar a l\u2019Acad\u00e8mia de Cinema de Pequ\u00edn, on es va graduar el 1994 i va comen\u00e7ar a treballar de cr\u00edtic de cinema. \u00c9s aix\u00ed com va con\u00e8ixer a Chen Kaige despr\u00e9s del rodatge de <\/span><i><span data-contrast=\"none\">Tierra Amarilla<\/span><\/i><span data-contrast=\"none\">, i aquest el va contractar com a ajudant de direcci\u00f3 entre 1995 i 1998 pel rodatge de Adi\u00f3s a mi concubina i de <\/span><i><span data-contrast=\"none\">El Emperador y el Asesino<\/span><\/i><span data-contrast=\"none\">. Durant aquest temps va escriure diverses petites narracions que l\u2019hi van inspirar guions per algunes pel\u00b7l\u00edcules. Amb <\/span><i><span data-contrast=\"none\">Orphan of Anyang<\/span><\/i><span data-contrast=\"none\">, que va rodar sense autoritzaci\u00f3, va fer el seu debut al cinema com a director. Aquesta pel\u00b7l\u00edcula va ser seleccionada el 2001 per participar en la Secci\u00f3 Quinzena de Realitzadors del Festival de Canes. El 2004, va realitzar el seu segon llargmetratge <\/span><i><span data-contrast=\"none\">Day and Night <\/span><\/i><span data-contrast=\"none\">i amb <\/span><i><span data-contrast=\"none\">Luxury Car<\/span><\/i><span data-contrast=\"none\"> va completar el 2006 la trilogia sobre la Xina en la que havia estat treballant durant m\u00e9s de cinc anys. La seva quarta i cinquena pel\u00b7l\u00edcula, <\/span><i><span data-contrast=\"none\">Memory of Love<\/span><\/i><span data-contrast=\"none\"> (2009) i <\/span><i><span data-contrast=\"none\">Fantasy <\/span><\/i><span data-contrast=\"none\">(2014), que es va presentar a la selecci\u00f3 Un Certain Regard al festival de Canes d\u2019aquell mateix any, malgrat la seva direcci\u00f3, mostren una maduresa narrativa per part del seu director. <\/span><i><span data-contrast=\"none\">Looking for Rohmer <\/span><\/i><span data-contrast=\"none\">(2018), mostra l\u2019inter\u00e8s de Wang Chao pel cr\u00edtic i cineasta Eric Rohmer i la Nouvelle Vague, fins al punt de fer una pel\u00b7l\u00edcula sobre ell, encara que no necess\u00e0riament biogr\u00e0fica.<\/span><i><span data-contrast=\"none\"> A Woman<\/span><\/i><span data-contrast=\"none\"> (2022), fins ara la seva \u00faltima pel\u00b7l\u00edcula, es va projectar en la passada edici\u00f3 de l\u2019Asian Film Festival Barcelona | AFFBCN amb gran \u00e8xit de p\u00fablic, despr\u00e9s del seu pas per Sant Sebasti\u00e0 on va ser nominada a la Petxina d\u2019Or.<\/span><span data-ccp-props=\"{\">\u00a0<\/span><\/p>\n<hr \/>\n<p><span style=\"color: #ff0000;\" data-contrast=\"none\">Dijous 2 de maig a les 22.30h<\/span><\/p>\n<p><span data-ccp-props=\"{\"><img loading=\"lazy\" decoding=\"async\" class=\"wp-image-49075 size-medium alignleft\" src=\"https:\/\/asianfilmfestival.barcelona\/2024\/wp-content\/uploads\/2024\/04\/Nepal-THE-SECRETS-OF-RADHA-1-e1713175769811-300x194.jpeg\" alt=\"\" width=\"300\" height=\"194\" srcset=\"https:\/\/asianfilmfestival.barcelona\/2024\/wp-content\/uploads\/2024\/04\/Nepal-THE-SECRETS-OF-RADHA-1-e1713175769811-300x194.jpeg 300w, https:\/\/asianfilmfestival.barcelona\/2024\/wp-content\/uploads\/2024\/04\/Nepal-THE-SECRETS-OF-RADHA-1-e1713175769811-705x457.jpeg 705w, https:\/\/asianfilmfestival.barcelona\/2024\/wp-content\/uploads\/2024\/04\/Nepal-THE-SECRETS-OF-RADHA-1-e1713175769811.jpeg 710w\" sizes=\"auto, (max-width: 300px) 100vw, 300px\" \/><\/span><b><\/b><\/p>\n<p><b><span data-contrast=\"none\">Nepal<\/span><\/b><span data-ccp-props=\"{\">\u00a0<\/span><\/p>\n<p><b><i><span data-contrast=\"none\">The Secrets of Radha <\/span><\/i><\/b><b><span data-contrast=\"none\">| Dir: Subarna Thapa | 2022 | 95&#8242; | VOSE | Drama<\/span><\/b><span data-ccp-props=\"{\">\u00a0<\/span><\/p>\n<p><span data-contrast=\"none\">La Radha, una jove embarassada d\u2019un poble del Nepal, est\u00e0 casada amb en Basudev, el qual ha desaparegut. Per tal de calmar l\u2019ansietat de la seva sogra, la Radha contracta un artista de caricatures, en Sundar, per tal que imiti amb la veu del seu marit i ella cregui que continua amb vida. Despr\u00e9s de la mort de la seva sogra, la Radha rep una carta en la qual s\u2019afirma que s\u2019ha trobat en Basudev, i decideix embarcar-se en un viatge cap a Kathmandu amb en Sundar per anar a buscar-lo. Per\u00f2, en lloc d\u2019aix\u00f2 es troba amb una intrigant xarxa de mentides, engany i frau que estan darrere de la desaparici\u00f3 d\u2019en Basudev i de molts altres desapareguts.<\/span><\/p>\n<p><b><span data-contrast=\"none\">Subarna Thapa <\/span><\/b><span data-contrast=\"none\">\u00e9s un cineasta nepal\u00e8s que va viure a Fran\u00e7a 17 anys. Es va graduar d\u2019art dram\u00e0tic a Par\u00eds i va fer un curs d\u2019iniciaci\u00f3 al cinema a la mateixa ciutat. Thapa va rebre finan\u00e7ament del CNC-Fran\u00e7a per fer el seu primer curtmetratge, <\/span><i><span data-contrast=\"none\">Malamee <\/span><\/i><span data-contrast=\"none\">(Funeral) el 2008. El seu primer llargmetratge, <\/span><i><span data-contrast=\"none\">Soongava<\/span><\/i><span data-contrast=\"none\"> (Dance of the Orchids, 2012), va ser la primera pel\u00b7l\u00edcula a la hist\u00f2ria del cinema del Nepal en abordar el t\u00f2pic d\u2019una relaci\u00f3 del mateix sexe.<\/span><span data-ccp-props=\"{\">\u00a0<\/span><\/p>\n<hr \/>\n<p><span style=\"color: #ff0000;\">Dijous 9 de maig a les 22.30h<\/span><\/p>\n<p><img loading=\"lazy\" decoding=\"async\" class=\"wp-image-49078 size-medium alignright\" src=\"https:\/\/asianfilmfestival.barcelona\/2024\/wp-content\/uploads\/2024\/04\/Indonesia-ORPA-1-300x169.jpeg\" alt=\"\" width=\"300\" height=\"169\" srcset=\"https:\/\/asianfilmfestival.barcelona\/2024\/wp-content\/uploads\/2024\/04\/Indonesia-ORPA-1-300x169.jpeg 300w, https:\/\/asianfilmfestival.barcelona\/2024\/wp-content\/uploads\/2024\/04\/Indonesia-ORPA-1-1030x579.jpeg 1030w, https:\/\/asianfilmfestival.barcelona\/2024\/wp-content\/uploads\/2024\/04\/Indonesia-ORPA-1-768x432.jpeg 768w, https:\/\/asianfilmfestival.barcelona\/2024\/wp-content\/uploads\/2024\/04\/Indonesia-ORPA-1-1536x864.jpeg 1536w, https:\/\/asianfilmfestival.barcelona\/2024\/wp-content\/uploads\/2024\/04\/Indonesia-ORPA-1-1500x844.jpeg 1500w, https:\/\/asianfilmfestival.barcelona\/2024\/wp-content\/uploads\/2024\/04\/Indonesia-ORPA-1-705x397.jpeg 705w, https:\/\/asianfilmfestival.barcelona\/2024\/wp-content\/uploads\/2024\/04\/Indonesia-ORPA-1.jpeg 1920w\" sizes=\"auto, (max-width: 300px) 100vw, 300px\" \/><\/p>\n<p><b><span data-contrast=\"none\">Indon\u00e8sia<\/span><\/b><span data-ccp-props=\"{\">\u00a0<\/span><\/p>\n<p><b><i><span data-contrast=\"none\">Orpa <\/span><\/i><\/b><b><span data-contrast=\"none\">| Dir: Theogracia Rumansara | 2023 | 99&#8242; | VOSE | Drama<\/span><\/b><span data-ccp-props=\"{\">\u00a0<\/span><\/p>\n<p><span data-contrast=\"none\">L\u2019Orpa \u00e9s una bona estudiant de setze anys promesa a la for\u00e7a pel seu pare amb un home adinerat de Jayapura. Reticent a convertir-se en una mestressa de casa submisa, una nit decideix escapar-se per continuar amb els seus estudis a Wamena, on vol aprendre m\u00e9s sobre els efectes medicinals de les plantes de Papua. Pel cam\u00ed es troba amb en Ryan, un noi de vint-i-vuit anys aspirant a m\u00fasic. Durant el seu viatge, a mesura que intercanvien idees i opinions sobre la vida, una dol\u00e7a amistat sorgeix entre ells. La seva travessia est\u00e0 plena de dificultats, ja que s\u00f3n perseguits tant pel pare de l\u2019Orpa com pels vilatans que acusen en Ryan de cometre un assassinat.<\/span><span data-ccp-props=\"{\">\u00a0<\/span><\/p>\n<p><b><span data-contrast=\"none\">Theo Rumansara <\/span><\/b><span data-contrast=\"none\">va n\u00e9ixer el 1989 a Biak, Papua. Mai es va prendre de deb\u00f2 l\u2019art, fins que va guanyar una competici\u00f3 de cinema del seu institut el 2004, el que el va portar a deixar de ser programador inform\u00e0tic, per convertir-se en cineasta. El 2020, va guanyar el Jendela Papua, un programa de tallers de cinema i recerca de talents, el qual va fer possible que pogu\u00e9s dirigir el seu primer llargmetratge, <\/span><i><span data-contrast=\"none\">Orpa<\/span><\/i><span data-contrast=\"none\">, amb el qual va obtenir el Best Performance Award al Jogja-NETPAC Asian Film Festival el 2022.<\/span><span data-ccp-props=\"{\">\u00a0<\/span><\/p>\n<hr \/>\n<p><span style=\"color: #ff0000;\">Dijous 16 de maig a les 22.30h<\/span><\/p>\n<p><img loading=\"lazy\" decoding=\"async\" class=\"alignleft wp-image-49081 size-medium\" src=\"https:\/\/asianfilmfestival.barcelona\/2024\/wp-content\/uploads\/2024\/04\/Uzbekistan-PUANKARE-4-e1713175824625-300x174.png\" alt=\"\" width=\"300\" height=\"174\" srcset=\"https:\/\/asianfilmfestival.barcelona\/2024\/wp-content\/uploads\/2024\/04\/Uzbekistan-PUANKARE-4-e1713175824625-300x174.png 300w, https:\/\/asianfilmfestival.barcelona\/2024\/wp-content\/uploads\/2024\/04\/Uzbekistan-PUANKARE-4-e1713175824625-1030x598.png 1030w, https:\/\/asianfilmfestival.barcelona\/2024\/wp-content\/uploads\/2024\/04\/Uzbekistan-PUANKARE-4-e1713175824625-768x446.png 768w, https:\/\/asianfilmfestival.barcelona\/2024\/wp-content\/uploads\/2024\/04\/Uzbekistan-PUANKARE-4-e1713175824625-1536x891.png 1536w, https:\/\/asianfilmfestival.barcelona\/2024\/wp-content\/uploads\/2024\/04\/Uzbekistan-PUANKARE-4-e1713175824625-2048x1188.png 2048w, https:\/\/asianfilmfestival.barcelona\/2024\/wp-content\/uploads\/2024\/04\/Uzbekistan-PUANKARE-4-e1713175824625-1500x870.png 1500w, https:\/\/asianfilmfestival.barcelona\/2024\/wp-content\/uploads\/2024\/04\/Uzbekistan-PUANKARE-4-e1713175824625-705x409.png 705w\" sizes=\"auto, (max-width: 300px) 100vw, 300px\" \/><\/p>\n<p><b><span data-contrast=\"none\">Uzbekistan<\/span><\/b><span data-ccp-props=\"{\">\u00a0<\/span><\/p>\n<p><b><i><span data-contrast=\"none\">Puankare <\/span><\/i><\/b><b><span data-contrast=\"none\">| Dir: Muzaffarkhan Erkinov | <\/span><\/b><b><span data-contrast=\"none\">2022 | 122&#8242; | VOSE | Drama<\/span><\/b><span data-ccp-props=\"{\">\u00a0<\/span><\/p>\n<p><span data-contrast=\"none\">L\u2019home sempre ha aspirat a la grandesa. Abandona els gaudis i les preocupacions de la vida per seguir el cam\u00ed de l\u2019\u00e8xit, dedica la seva vida a fer un nou descobriment o ser un gran creatiu per donar-se a con\u00e8ixer al m\u00f3n. Un jove matem\u00e0tic, Bahadyr, comen\u00e7a a treballar en una hip\u00f2tesi plantejada pel matem\u00e0tic Henri Puankare el 1904. Es tracta d\u2019investigar un dels set problemes sense resoldre durant anys i pel qual l\u2019Institut Clay de Matem\u00e0tiques pret\u00e9n recompensar amb el Premi Millennium a qui sigui capa\u00e7 de resoldre-la. Per\u00f2, van passant els anys i els aven\u00e7os sobre la conjectura de Puankare romanen sobre la taula del que ara \u00e9s un anci\u00e0 matem\u00e0tic, que es troba al mateix punt de la partida.<\/span><span data-ccp-props=\"{\">\u00a0<\/span><\/p>\n<p><b><span data-contrast=\"none\">Muzaffarkhan Erkinov <\/span><\/b><span data-contrast=\"none\">va n\u00e9ixer el 1983. Ha treballat en moltes s\u00e8ries de televisi\u00f3, documentals i curts. De la seva traject\u00f2ria cinematogr\u00e0fica destaquen pel\u00b7l\u00edcules com <\/span><i><span data-contrast=\"none\">Armon<\/span><\/i><span data-contrast=\"none\">,<\/span><i><span data-contrast=\"none\"> Iqtidar<\/span><\/i><span data-contrast=\"none\">,<\/span><i><span data-contrast=\"none\"> Yagonam<\/span><\/i><span data-contrast=\"none\">,<\/span><i><span data-contrast=\"none\"> Kasas<\/span><\/i><span data-contrast=\"none\">,<\/span><i><span data-contrast=\"none\"> Avlony<\/span><\/i><span data-contrast=\"none\">,<\/span><i><span data-contrast=\"none\"> Puankare <\/span><\/i><span data-contrast=\"none\">i<\/span><i><span data-contrast=\"none\"> Aydinlar<\/span><\/i><span data-contrast=\"none\">. Ha rebut premis nacionals com el Tasanno i l\u2019Ehtirom, i va obtenir un premi a l\u2019International Film Festival per <\/span><i><span data-contrast=\"none\">Creative Flight<\/span><\/i><span data-contrast=\"none\">, i un altre a l\u2019Eurasian Film and TV Festival per <\/span><i><span data-contrast=\"none\">Slavic Tale<\/span><\/i><span data-contrast=\"none\">.<\/span><span data-ccp-props=\"{\">\u00a0<\/span><\/p>\n<hr \/>\n<p><span style=\"color: #ff0000;\" data-contrast=\"none\">Dijous 23 de maig a les 22.30h<\/span><\/p>\n<p><img loading=\"lazy\" decoding=\"async\" class=\"wp-image-49084 size-medium alignright\" src=\"https:\/\/asianfilmfestival.barcelona\/2024\/wp-content\/uploads\/2024\/04\/Pakistan-MADAARI-3-300x169.jpeg\" alt=\"\" width=\"300\" height=\"169\" srcset=\"https:\/\/asianfilmfestival.barcelona\/2024\/wp-content\/uploads\/2024\/04\/Pakistan-MADAARI-3-300x169.jpeg 300w, https:\/\/asianfilmfestival.barcelona\/2024\/wp-content\/uploads\/2024\/04\/Pakistan-MADAARI-3-1030x579.jpeg 1030w, https:\/\/asianfilmfestival.barcelona\/2024\/wp-content\/uploads\/2024\/04\/Pakistan-MADAARI-3-768x432.jpeg 768w, https:\/\/asianfilmfestival.barcelona\/2024\/wp-content\/uploads\/2024\/04\/Pakistan-MADAARI-3-1536x864.jpeg 1536w, https:\/\/asianfilmfestival.barcelona\/2024\/wp-content\/uploads\/2024\/04\/Pakistan-MADAARI-3-1500x844.jpeg 1500w, https:\/\/asianfilmfestival.barcelona\/2024\/wp-content\/uploads\/2024\/04\/Pakistan-MADAARI-3-705x397.jpeg 705w, https:\/\/asianfilmfestival.barcelona\/2024\/wp-content\/uploads\/2024\/04\/Pakistan-MADAARI-3.jpeg 2048w\" sizes=\"auto, (max-width: 300px) 100vw, 300px\" \/><\/p>\n<p><b><span data-contrast=\"none\">Pakistan<\/span><\/b><span data-ccp-props=\"{\">\u00a0<\/span><\/p>\n<p><b><i><span data-contrast=\"none\">Madaari <\/span><\/i><\/b><b><span data-contrast=\"none\">|Dir: Seraj Us Salikin | 2023 | 102\u2019\u202f| VOSE\u202f|<\/span><\/b><b><span data-contrast=\"none\"> Crim, Thriller<\/span><\/b><span data-ccp-props=\"{\">\u00a0<\/span><\/p>\n<p><i><span data-contrast=\"none\">Madaari <\/span><\/i><span data-contrast=\"none\">\u00e9s una apassionant hist\u00f2ria de venjan\u00e7a i just\u00edcia que t\u00e9 lloc durant l&#8217;agitaci\u00f3 pol\u00edtica de Karachi del 2008. Segueix els passos de Haris Qadeer, la vida dels quals no ha estat gens f\u00e0cil des que el seu pare va ser assassinat en una picabaralla pol\u00edtica. L&#8217;asfixiant vida a la ciutat no l&#8217;ajuda ni econ\u00f2mica ni emocionalment. L&#8217;\u00fanica oportunitat que t\u00e9 est\u00e0 en l&#8217;oficina de l&#8217;assass\u00ed del seu pare. Qu\u00e8 triar\u00e0? Venjan\u00e7a o una vida millor?<\/span><span data-ccp-props=\"{\">\u00a0<\/span><\/p>\n<p><b><span data-contrast=\"none\">Seraj Us Salikin<\/span><\/b><span data-contrast=\"none\"> \u00e9s un director pakistan\u00e8s en embri\u00f3. Va presentar la seva pel\u00b7l\u00edcula <\/span><i><span data-contrast=\"none\">Masters of the Sky<\/span><\/i><span data-contrast=\"none\"> en el Festival de Cannes abans de llicenciar-se, i ha obtingut premis en nombrosos festivals nacionals. <\/span><i><span data-contrast=\"none\">Madaari <\/span><\/i><span data-contrast=\"none\">\u00e9s el seu \u00faltim projecte.<\/span><span data-ccp-props=\"{\">\u00a0<\/span><\/p>\n<hr \/>\n<p><span style=\"color: #ff0000;\">Dijous 30 de maig a les 22.30h<\/span><\/p>\n<p><span style=\"color: #ff0000;\"><img loading=\"lazy\" decoding=\"async\" class=\"alignleft wp-image-49087 size-medium\" src=\"https:\/\/asianfilmfestival.barcelona\/2024\/wp-content\/uploads\/2024\/04\/India-DECLARATION-ARIYIPPU-6-300x200.jpg\" alt=\"\" width=\"300\" height=\"200\" srcset=\"https:\/\/asianfilmfestival.barcelona\/2024\/wp-content\/uploads\/2024\/04\/India-DECLARATION-ARIYIPPU-6-300x200.jpg 300w, https:\/\/asianfilmfestival.barcelona\/2024\/wp-content\/uploads\/2024\/04\/India-DECLARATION-ARIYIPPU-6-1030x687.jpg 1030w, https:\/\/asianfilmfestival.barcelona\/2024\/wp-content\/uploads\/2024\/04\/India-DECLARATION-ARIYIPPU-6-768x512.jpg 768w, https:\/\/asianfilmfestival.barcelona\/2024\/wp-content\/uploads\/2024\/04\/India-DECLARATION-ARIYIPPU-6-1536x1024.jpg 1536w, https:\/\/asianfilmfestival.barcelona\/2024\/wp-content\/uploads\/2024\/04\/India-DECLARATION-ARIYIPPU-6-2048x1365.jpg 2048w, https:\/\/asianfilmfestival.barcelona\/2024\/wp-content\/uploads\/2024\/04\/India-DECLARATION-ARIYIPPU-6-1500x1000.jpg 1500w, https:\/\/asianfilmfestival.barcelona\/2024\/wp-content\/uploads\/2024\/04\/India-DECLARATION-ARIYIPPU-6-705x470.jpg 705w\" sizes=\"auto, (max-width: 300px) 100vw, 300px\" \/><\/span><b><\/b><\/p>\n<p><b><span data-contrast=\"none\">\u00cdndia <\/span><\/b><span data-ccp-props=\"{\">\u00a0<\/span><\/p>\n<p><b><i><span data-contrast=\"none\">Declaration\/Ariyippu<\/span><\/i><\/b><b><span data-contrast=\"none\"> | Dir: Mahesh Narayanan | 2022 | 107&#8242; | VOSE | Drama<\/span><\/b><span data-ccp-props=\"{\">\u00a0<\/span><\/p>\n<p><span data-contrast=\"none\">Enmig d\u2019una Noida afectada per la pand\u00e8mia, una parella malaia en dificultats, formada per en Hareesh i la Reshmi, somien amb tallar amb la seva dif\u00edcil vida emigrant a l\u2019estranger. Tots dos treballen en una f\u00e0brica de guants, anhelant un futur millor. Graven un v\u00eddeo que mostra les habilitats de la Reshmi, amb l\u2019esperan\u00e7a d\u2019utilitzar-lo per garantir oportunitats laborals a l\u2019estranger. Tanmateix, les seves vides prenen un gir devastador quan en Hareesh rep un v\u00eddeo molt inquietant a trav\u00e9s de WhatsApp. Sembla ser el v\u00eddeo original de la Reshmi, fusionat amb imatges expl\u00edcites d\u2019una altra dona de es troba involucrada en un acte sexual. Aquest v\u00eddeo desencadena un inesperat desequilibri emocional, social i matrimonial posant en crisis tota la seva relaci\u00f3.<\/span><\/p>\n<p><b><span data-contrast=\"none\">Mahesh Narayanan <\/span><\/b><span data-contrast=\"none\">nascut el 1975 a Kerala, \u00e9s un cineasta i editor conegut pel seu treball a la ind\u00fastria cinematogr\u00e0fica malayalam. Va iniciar la seva carrera a la ind\u00fastria del cinema com a muntador i editor. Va treballar com a editor en nombroses pel\u00b7l\u00edcules i va obtenir reconeixement per les seves habilitats d\u2019edici\u00f3. Va debutar com a director amb <\/span><i><span data-contrast=\"none\">Take Off<\/span><\/i><span data-contrast=\"none\"> (2017), una pel\u00b7l\u00edcula basada en l\u2019evacuaci\u00f3 d\u2019infermeres \u00edndies de l\u2019Iraq durant la insurrecci\u00f3 de l\u2019EI. La seva pel\u00b7l\u00edcula<\/span><i><span data-contrast=\"none\"> C U Soon <\/span><\/i><span data-contrast=\"none\">(2020) va cridar l\u2019atenci\u00f3 per la seva narrativa i el format. Narayanan tamb\u00e9 ha treballat com a editor en diverses pel\u00b7l\u00edcules i continua sent una figura destacada a la ind\u00fastria.<\/span><\/p>\n<hr \/>\n<p><span style=\"color: #ff0000;\">Dijous 6 de juny a les 22.30h\u00a0<\/span><\/p>\n<p><img loading=\"lazy\" decoding=\"async\" class=\"size-medium wp-image-49386 alignright\" src=\"https:\/\/asianfilmfestival.barcelona\/2024\/wp-content\/uploads\/2024\/04\/Kazajstan-GOLIATH-3-300x171.webp\" alt=\"\" width=\"300\" height=\"171\" srcset=\"https:\/\/asianfilmfestival.barcelona\/2024\/wp-content\/uploads\/2024\/04\/Kazajstan-GOLIATH-3-300x171.webp 300w, https:\/\/asianfilmfestival.barcelona\/2024\/wp-content\/uploads\/2024\/04\/Kazajstan-GOLIATH-3-768x439.webp 768w, https:\/\/asianfilmfestival.barcelona\/2024\/wp-content\/uploads\/2024\/04\/Kazajstan-GOLIATH-3-705x403.webp 705w, https:\/\/asianfilmfestival.barcelona\/2024\/wp-content\/uploads\/2024\/04\/Kazajstan-GOLIATH-3.webp 1024w\" sizes=\"auto, (max-width: 300px) 100vw, 300px\" \/><b><span data-contrast=\"none\">Kazakhstan<\/span><\/b><span data-ccp-props=\"{\">\u00a0<\/span><\/p>\n<p><b><span data-contrast=\"none\">Goliath | Dir: Adilkhan Yerzhanov | 2022 | 92\u2019 | VOSE | Drama<\/span><\/b><span data-ccp-props=\"{\">\u00a0<\/span><\/p>\n<p><span data-contrast=\"none\">L\u2019aldea kazakh de Karatas ha viscut durant molt temps sota l\u2019amena\u00e7a d\u2019un cap criminal anomenat Poshaev. Aquest proporciona habitatge i treball al vilatans, per\u00f2 executa sense pietat a qualsevol que s\u2019atreveixi a oposar-se a ell. Aquesta \u00e9s la lli\u00e7\u00f3 que Arzu apr\u00e8n de primera m\u00e0. La seva dona Karina \u00e9s assassinada despr\u00e8s de cedir informaci\u00f3 a la policia sobre el crims que s\u2019estan cometent all\u00e0. L\u2019Arzu \u00e9s un esguerrat que ara ha de criar la seva filla petita ell sol. Se sent tan indefens i afligit que ni tan sols sembla estar contemplant la venjan\u00e7a. Poshaev ho pren sota la seva protecci\u00f3 i l\u2019ofereix el lloc de vigilant d\u2019un edifici en construcci\u00f3. Aviat l\u2019Arzu t\u00e9 l\u2019oportunitat de demostrar la seva llealtat i es converteix en la m\u00e0 dreta d\u2019en Poshaev. Per\u00f2, \u00bfon radica la veritable lleialtat de l\u2019Arzu, amb el seu cap o amb l\u2019idea de just\u00edcia?<\/span><span data-ccp-props=\"{\">\u00a0<\/span><\/p>\n<p><span data-contrast=\"none\">L\u2019<\/span><b><span data-contrast=\"none\">Adilkhan Yerzhanov<\/span><\/b><span data-contrast=\"none\">, director de cinema i guionista, va n\u00e9ixer a la ciutat de Djezkazgan al 1982. El 2009, es va graduar de la Kazakh National Academy of Arts com a director de cinema. Yerzhanov ha participat en dues ocasions al festival de cinema de Cannes: en 2014 amb <\/span><i><span data-contrast=\"none\">The Owners<\/span><\/i><span data-contrast=\"none\"> i al 2018, amb T<\/span><i><span data-contrast=\"none\">he Gentle Indifference of the World<\/span><\/i><span data-contrast=\"none\">. Tamb\u00e9 ha participat en dues ocasions al Festival Internacional de Cinema de Ven\u00e8cia, amb <\/span><i><span data-contrast=\"none\">Orizzonti <\/span><\/i><span data-contrast=\"none\">i <\/span><i><span data-contrast=\"none\">Yellow Cat<\/span><\/i><span data-contrast=\"none\"> al 2020, i amb<\/span><i><span data-contrast=\"none\"> Orizzonti Extra<\/span><\/i><span data-contrast=\"none\"> i <\/span><i><span data-contrast=\"none\">Goliat<\/span><\/i><span data-contrast=\"none\"> al 2022.<\/span><span data-ccp-props=\"{\">\u00a0<\/span><\/p>\n<hr \/>\n<p><span style=\"color: #ff0000;\">Dijous 13 de juny a les 22.30h\u00a0<\/span><\/p>\n<p><b><span data-contrast=\"none\"><img loading=\"lazy\" decoding=\"async\" class=\"size-medium wp-image-49389 alignleft\" src=\"https:\/\/asianfilmfestival.barcelona\/2024\/wp-content\/uploads\/2024\/04\/Mongolia-THE-ONLY-REASON-1-300x157.png\" alt=\"\" width=\"300\" height=\"157\" srcset=\"https:\/\/asianfilmfestival.barcelona\/2024\/wp-content\/uploads\/2024\/04\/Mongolia-THE-ONLY-REASON-1-300x157.png 300w, https:\/\/asianfilmfestival.barcelona\/2024\/wp-content\/uploads\/2024\/04\/Mongolia-THE-ONLY-REASON-1-1030x538.png 1030w, https:\/\/asianfilmfestival.barcelona\/2024\/wp-content\/uploads\/2024\/04\/Mongolia-THE-ONLY-REASON-1-768x401.png 768w, https:\/\/asianfilmfestival.barcelona\/2024\/wp-content\/uploads\/2024\/04\/Mongolia-THE-ONLY-REASON-1-1536x802.png 1536w, https:\/\/asianfilmfestival.barcelona\/2024\/wp-content\/uploads\/2024\/04\/Mongolia-THE-ONLY-REASON-1-2048x1070.png 2048w, https:\/\/asianfilmfestival.barcelona\/2024\/wp-content\/uploads\/2024\/04\/Mongolia-THE-ONLY-REASON-1-1500x783.png 1500w, https:\/\/asianfilmfestival.barcelona\/2024\/wp-content\/uploads\/2024\/04\/Mongolia-THE-ONLY-REASON-1-710x375.png 710w, https:\/\/asianfilmfestival.barcelona\/2024\/wp-content\/uploads\/2024\/04\/Mongolia-THE-ONLY-REASON-1-705x368.png 705w\" sizes=\"auto, (max-width: 300px) 100vw, 300px\" \/>Mong\u00f2lia<\/span><\/b><span data-ccp-props=\"{\">\u00a0<\/span><\/p>\n<p><b><span data-contrast=\"none\">The Only Reason | Dir: Batzaya Gandush | 2022 | 97\u2019 | VOSE | Drama<\/span><\/b><span data-ccp-props=\"{\">\u00a0<\/span><\/p>\n<p><span data-contrast=\"none\">Quatre \u00e0nimes perdudes molt diferents entre si es troben i aconsegueixen encomanar-se l\u2019esperan\u00e7a per continuar vivint. En aquesta primera pel\u00b7l\u00edcula del director, el paisatge exterior tamb\u00e9 ocupa un lloc de prefer\u00e8ncia com el mirall de l\u2019estat d\u2019\u00e0nim de les figures que l\u2019habiten. Mong\u00f2lia \u00e9s un pa\u00eds que en els darrers anys ha vist desenvolupar un cinema intimista en contrast amb un entorn que no deixa de sorprendre.<\/span><span data-ccp-props=\"{\">\u00a0<\/span><\/p>\n<p><b><span data-contrast=\"none\">Batzaya Gandush<\/span><\/b><span data-contrast=\"none\"> es va traslladar a Ulaanbaatar per estudiar a la Universitat Nacional de Mong\u00f2lia on va fer dret. L\u2019\u00faltim any, va abandonar els estudis per matricular-se a l\u2019Escola Nacional de Cinema de Mong\u00f2lia amb el gran director de cinema mongol Jigjidsuren. Al 2019, a Batzaya li van diagnosticar leuc\u00e8mia, arran de la qual cosa li van fer un trasplantament de medul\u00b7la i va haver de fer quimioter\u00e0pia durant un any. Els amics cineastes de Batzaya tant bon punt va superar la malaltia el van conv\u00e8ncer perqu\u00e8 escriv\u00eds el gui\u00f3 de la pel\u00b7l\u00edcula que es presenta.<\/span><span data-ccp-props=\"{\">\u00a0<\/span><\/p>\n<hr \/>\n<p><span style=\"color: #ff0000;\">Dijous 20 de juny a les 22.30h\u00a0<\/span><\/p>\n<p><b><span data-contrast=\"none\"><img loading=\"lazy\" decoding=\"async\" class=\"size-medium wp-image-49392 alignright\" src=\"https:\/\/asianfilmfestival.barcelona\/2024\/wp-content\/uploads\/2024\/04\/China-Wang-Chao-NIGHT-AND-DAY-3-300x206.jpeg\" alt=\"\" width=\"300\" height=\"206\" srcset=\"https:\/\/asianfilmfestival.barcelona\/2024\/wp-content\/uploads\/2024\/04\/China-Wang-Chao-NIGHT-AND-DAY-3-300x206.jpeg 300w, https:\/\/asianfilmfestival.barcelona\/2024\/wp-content\/uploads\/2024\/04\/China-Wang-Chao-NIGHT-AND-DAY-3-1030x708.jpeg 1030w, https:\/\/asianfilmfestival.barcelona\/2024\/wp-content\/uploads\/2024\/04\/China-Wang-Chao-NIGHT-AND-DAY-3-768x528.jpeg 768w, https:\/\/asianfilmfestival.barcelona\/2024\/wp-content\/uploads\/2024\/04\/China-Wang-Chao-NIGHT-AND-DAY-3-705x485.jpeg 705w, https:\/\/asianfilmfestival.barcelona\/2024\/wp-content\/uploads\/2024\/04\/China-Wang-Chao-NIGHT-AND-DAY-3.jpeg 1440w\" sizes=\"auto, (max-width: 300px) 100vw, 300px\" \/>Xina<\/span><\/b><span data-ccp-props=\"{\">\u00a0<\/span><\/p>\n<p><b><span data-contrast=\"none\">Night and Day | Dir: Wang Chao | 2004 | 95\u2019 | VOSE | Drama<\/span><\/b><span data-ccp-props=\"{\">\u00a0<\/span><\/p>\n<p><span data-contrast=\"none\">Narra la hist\u00f2ria del miner Liu Lei que malgrat estar molt unit a la fam\u00edlia del seu mestre, acaba ficant-se al llit amb la seva dona. Quan aquest mor a la mina, un sentiment de culpa l\u2019envaeix i empr\u00e8n diverses accions per afrontar-ho. El realisme de Wang Chao coincideix amb la fidelitat del narrador a la mem\u00f2ria d\u2019esdeveniments que han constru\u00eft la hist\u00f2ria de la Xina.<\/span><span data-ccp-props=\"{\">\u00a0<\/span><\/p>\n<p><span data-contrast=\"none\">Despr\u00e9s de graduar-se de la universitat, <\/span><b><span data-contrast=\"none\">Wang Chao<\/span><\/b><span data-contrast=\"none\"> va treballar durant cinc anys en la ind\u00fastria sider\u00fargica, encara que sempre va estar interessat en el cinema i la literatura. El 1991, va entrar a l\u2019Acad\u00e8mia de Cinema de Pequ\u00edn, on es va graduar el 1994 i va comen\u00e7ar a treballar de cr\u00edtic de cinema. \u00c9s aix\u00ed com va con\u00e8ixer a Chen Kaige despr\u00e9s del rodatge de <\/span><i><span data-contrast=\"none\">Tierra Amarilla<\/span><\/i><span data-contrast=\"none\">, i aquest el va contractar com a ajudant de direcci\u00f3 entre 1995 i 1998 pel rodatge de Adi\u00f3s a mi concubina i de <\/span><i><span data-contrast=\"none\">El Emperador y el Asesino<\/span><\/i><span data-contrast=\"none\">. Durant aquest temps va escriure diverses petites narracions que l\u2019hi van inspirar guions per algunes pel\u00b7l\u00edcules. Amb <\/span><i><span data-contrast=\"none\">Orphan of Anyang<\/span><\/i><span data-contrast=\"none\">, que va rodar sense autoritzaci\u00f3, va fer el seu debut al cinema com a director. Aquesta pel\u00b7l\u00edcula va ser seleccionada el 2001 per participar en la Secci\u00f3 Quinzena de Realitzadors del Festival de Canes. El 2004, va realitzar el seu segon llargmetratge <\/span><i><span data-contrast=\"none\">Day and Night <\/span><\/i><span data-contrast=\"none\">i amb <\/span><i><span data-contrast=\"none\">Luxury Car<\/span><\/i><span data-contrast=\"none\"> va completar el 2006 la trilogia sobre la Xina en la que havia estat treballant durant m\u00e9s de cinc anys. La seva quarta i cinquena pel\u00b7l\u00edcula, <\/span><i><span data-contrast=\"none\">Memory of Love<\/span><\/i><span data-contrast=\"none\"> (2009) i <\/span><i><span data-contrast=\"none\">Fantasy <\/span><\/i><span data-contrast=\"none\">(2014), que es va presentar a la selecci\u00f3 Un Certain Regard al festival de Canes d\u2019aquell mateix any, malgrat la seva direcci\u00f3, mostren una maduresa narrativa per part del seu director. <\/span><i><span data-contrast=\"none\">Looking for Rohmer <\/span><\/i><span data-contrast=\"none\">(2018), mostra l\u2019inter\u00e8s de Wang Chao pel cr\u00edtic i cineasta Eric Rohmer i la Nouvelle Vague, fins al punt de fer una pel\u00b7l\u00edcula sobre ell, encara que no necess\u00e0riament biogr\u00e0fica.<\/span><i><span data-contrast=\"none\"> A Woman<\/span><\/i><span data-contrast=\"none\"> (2022), fins ara la seva \u00faltima pel\u00b7l\u00edcula, es va projectar en la passada edici\u00f3 de l\u2019Asian Film Festival Barcelona | AFFBCN amb gran \u00e8xit de p\u00fablic, despr\u00e9s del seu pas per Sant Sebasti\u00e0 on va ser nominada a la Petxina d\u2019Or.<\/span><span data-ccp-props=\"{\">\u00a0<\/span><\/p>\n<hr \/>\n<p><span style=\"color: #ff0000;\">Dijous 27 de juny a les 22.30h\u00a0<\/span><\/p>\n<p><b><span data-contrast=\"none\"><img loading=\"lazy\" decoding=\"async\" class=\"size-medium wp-image-49395 alignleft\" src=\"https:\/\/asianfilmfestival.barcelona\/2024\/wp-content\/uploads\/2024\/04\/SongLang-3-300x200.jpg\" alt=\"\" width=\"300\" height=\"200\" srcset=\"https:\/\/asianfilmfestival.barcelona\/2024\/wp-content\/uploads\/2024\/04\/SongLang-3-300x200.jpg 300w, https:\/\/asianfilmfestival.barcelona\/2024\/wp-content\/uploads\/2024\/04\/SongLang-3-1030x686.jpg 1030w, https:\/\/asianfilmfestival.barcelona\/2024\/wp-content\/uploads\/2024\/04\/SongLang-3-768x512.jpg 768w, https:\/\/asianfilmfestival.barcelona\/2024\/wp-content\/uploads\/2024\/04\/SongLang-3-1536x1023.jpg 1536w, https:\/\/asianfilmfestival.barcelona\/2024\/wp-content\/uploads\/2024\/04\/SongLang-3-1500x999.jpg 1500w, https:\/\/asianfilmfestival.barcelona\/2024\/wp-content\/uploads\/2024\/04\/SongLang-3-705x470.jpg 705w, https:\/\/asianfilmfestival.barcelona\/2024\/wp-content\/uploads\/2024\/04\/SongLang-3.jpg 1600w\" sizes=\"auto, (max-width: 300px) 100vw, 300px\" \/>Vietnam<\/span><\/b><span data-ccp-props=\"{\">\u00a0<\/span><\/p>\n<p><b><span data-contrast=\"none\">Song Lang | Dir: Leon Le | 2022 | 90\u2019 | VOSE | Drama<\/span><\/b><span data-ccp-props=\"{\">\u00a0<\/span><\/p>\n<p><span data-contrast=\"auto\">Saigon, a la d\u00e8cada de 1980. Linh Phung \u00e9s l\u2019estrella d\u2019una companyia itinerant de cai luong (\u00f2pera popular tradicional) i est\u00e0 molt endeutat amb un prestamista anomenat Dung, \u201cThunderbolt\u201d. Tot i no tenir aparentment res en com\u00fa, els dos estableixen una relaci\u00f3 jugant a un videojoc i descobreixen que pensen de manera similar i molts punts de connexi\u00f3. Linh Phung sap que una vida ben viscuda \u00e9s necess\u00e0ria pel seu art i Dung anhela l\u2019art per tornar a una vida m\u00e9s digna de ser viscuda. <\/span><b><span data-contrast=\"auto\">La hist\u00f2ria, arrelada en el fatalisme i la fatalitat, est\u00e0 inspirada en l\u2019estructura narrativa cl\u00e0ssica de l\u2019\u00f2pera vietnamita. La pel\u00b7l\u00edcula es va presentar al G\u00f6teborg Film Festival 2019, al Tallinn Black Nights Film Festival 2018 i al Hawaii International Film Festival 2018, i va guanyar el Premi Tokyo Gemstone al Tokyo International Film Festival 2018.<\/span><\/b><span data-ccp-props=\"{\">\u00a0<\/span><\/p>\n<p><span data-contrast=\"auto\">Nascut i criat a Saigon, <\/span><b><span data-contrast=\"auto\">Leon Le<\/span><\/b><span data-contrast=\"auto\"> es va mudar als Estats Units d\u2019adolescent i \u00e9s ballar\u00ed, cantant i actor. \u201cSong Lang\u201d, el seu primer llargmetratge, es pot considerar un treball molt madur, resultant de l\u2019experi\u00e8ncia personal compromesa amb la seva vocaci\u00f3, unint la seva sensibilitat com a fot\u00f2graf i la d\u2019actor.<\/span><span data-ccp-props=\"{\">\u00a0<\/span><\/p>\n<\/div><\/section>\n","protected":false},"excerpt":{"rendered":"","protected":false},"author":9,"featured_media":49063,"comment_status":"closed","ping_status":"open","sticky":false,"template":"","format":"standard","meta":{"_acf_changed":false,"footnotes":""},"categories":[33],"tags":[],"class_list":["post-54938","post","type-post","status-publish","format-standard","has-post-thumbnail","hentry","category-noticies"],"acf":[],"_links":{"self":[{"href":"https:\/\/asianfilmfestival.barcelona\/2024\/ca\/wp-json\/wp\/v2\/posts\/54938","targetHints":{"allow":["GET"]}}],"collection":[{"href":"https:\/\/asianfilmfestival.barcelona\/2024\/ca\/wp-json\/wp\/v2\/posts"}],"about":[{"href":"https:\/\/asianfilmfestival.barcelona\/2024\/ca\/wp-json\/wp\/v2\/types\/post"}],"author":[{"embeddable":true,"href":"https:\/\/asianfilmfestival.barcelona\/2024\/ca\/wp-json\/wp\/v2\/users\/9"}],"replies":[{"embeddable":true,"href":"https:\/\/asianfilmfestival.barcelona\/2024\/ca\/wp-json\/wp\/v2\/comments?post=54938"}],"version-history":[{"count":3,"href":"https:\/\/asianfilmfestival.barcelona\/2024\/ca\/wp-json\/wp\/v2\/posts\/54938\/revisions"}],"predecessor-version":[{"id":55379,"href":"https:\/\/asianfilmfestival.barcelona\/2024\/ca\/wp-json\/wp\/v2\/posts\/54938\/revisions\/55379"}],"wp:featuredmedia":[{"embeddable":true,"href":"https:\/\/asianfilmfestival.barcelona\/2024\/ca\/wp-json\/wp\/v2\/media\/49063"}],"wp:attachment":[{"href":"https:\/\/asianfilmfestival.barcelona\/2024\/ca\/wp-json\/wp\/v2\/media?parent=54938"}],"wp:term":[{"taxonomy":"category","embeddable":true,"href":"https:\/\/asianfilmfestival.barcelona\/2024\/ca\/wp-json\/wp\/v2\/categories?post=54938"},{"taxonomy":"post_tag","embeddable":true,"href":"https:\/\/asianfilmfestival.barcelona\/2024\/ca\/wp-json\/wp\/v2\/tags?post=54938"}],"curies":[{"name":"wp","href":"https:\/\/api.w.org\/{rel}","templated":true}]}}