{"id":54592,"date":"2024-12-02T17:55:14","date_gmt":"2024-12-02T16:55:14","guid":{"rendered":"https:\/\/asianfilmfestival.barcelona\/2024\/?p=54592"},"modified":"2024-12-03T16:40:23","modified_gmt":"2024-12-03T15:40:23","slug":"54592","status":"publish","type":"post","link":"https:\/\/asianfilmfestival.barcelona\/2024\/ca\/54592\/","title":{"rendered":"EL NOU CINEMA ASI\u00c0TIC | CINEMES GIRONA"},"content":{"rendered":"\n<style type=\"text\/css\" data-created_by=\"avia_inline_auto\" id=\"style-css-av-av_image-0866f8c6e422d291f4da6743ba7e7a5b\">\n.avia-image-container.av-av_image-0866f8c6e422d291f4da6743ba7e7a5b img.avia_image{\nbox-shadow:none;\n}\n.avia-image-container.av-av_image-0866f8c6e422d291f4da6743ba7e7a5b .av-image-caption-overlay-center{\ncolor:#ffffff;\n}\n<\/style>\n<div  class='avia-image-container av-av_image-0866f8c6e422d291f4da6743ba7e7a5b av-styling- avia-align-center  avia-builder-el-0  el_before_av_heading  avia-builder-el-first '  ><div class=\"avia-image-container-inner\"><div class=\"avia-image-overlay-wrap\"><img decoding=\"async\" fetchpriority=\"high\" class='wp-image-54535 avia-img-lazy-loading-not-54535 avia_image ' src=\"https:\/\/asianfilmfestival.barcelona\/2024\/wp-content\/uploads\/2024\/11\/China-Wang-Chao-A-WOMAN-1-1200x630.jpeg\" alt='' title='China Wang Chao A WOMAN (1)'  height=\"630\" width=\"1200\"  \/><\/div><\/div><\/div>\n\n<style type=\"text\/css\" data-created_by=\"avia_inline_auto\" id=\"style-css-av-m3rjsnrp-44be93de1592a5f42fbfdcb2bd601931\">\n#top .av-special-heading.av-m3rjsnrp-44be93de1592a5f42fbfdcb2bd601931{\npadding-bottom:10px;\n}\nbody .av-special-heading.av-m3rjsnrp-44be93de1592a5f42fbfdcb2bd601931 .av-special-heading-tag .heading-char{\nfont-size:25px;\n}\n.av-special-heading.av-m3rjsnrp-44be93de1592a5f42fbfdcb2bd601931 .av-subheading{\nfont-size:15px;\n}\n<\/style>\n<div  class='av-special-heading av-m3rjsnrp-44be93de1592a5f42fbfdcb2bd601931 av-special-heading-h1 blockquote elegant-quote elegant-centered  avia-builder-el-1  el_after_av_image  el_before_av_textblock '><h1 class='av-special-heading-tag '  ><span class=\"heading-wrap\">EL NOU CINEMA ASI\u00c0TIC<\/span><\/h1><div class='av-subheading av-subheading_below'><p>Del 7 de desembre de 2024 al 22 de febrer de 2025<\/p>\n<\/div><div class=\"special-heading-border\"><div class=\"special-heading-inner-border\"><\/div><\/div><\/div>\n<section  class='av_textblock_section av-m3rjy1ty-04920bf00920325f1f26152601b395a7 '  ><div class='avia_textblock' ><p><span data-contrast=\"auto\">A partir del 7 de desembre, CASA ASIA presentar\u00e0 deu t\u00edtols que abracen una extensa geografia per la que podrem circular lliurement a trav\u00e9s de la imatge en moviment. Els relats que se\u2019ns narren uneixen cultures i pobles, consolidant respectivament la seva identitat. L\u2019itinerari s\u2019inicia a Bangladesh i es replica a la Xina, Jap\u00f3, Iran, Corea, \u00cdndia, el Kirguizstan i l\u2019Uzbekistan. S\u2019ha concebut d\u2019aquesta manera per a que s\u2019opti lliurement a la reconstrucci\u00f3 del mosaic d\u2019escenes que aquest cinema ens ofereix. Totes les pel\u00b7l\u00edcules que es projecten s\u2019han realitzat entre el 2022 i el 2024, per tant, parlem d\u2019un cinema recent que ens posa en contacte amb una realitat remota, per\u00f2 alhora molt pr\u00f2xima i de gran actualitat. El programa comen\u00e7a amb<\/span><b><span data-contrast=\"auto\"> The Wrestler<\/span><\/b><span data-contrast=\"auto\"> del bengali Iqbal Hossain, continua amb <\/span><b><span data-contrast=\"auto\">Abdullah Oripov\u00a0<\/span><\/b><span data-contrast=\"auto\"> del director uzbek Erkinov Muzaffarkhon, <\/span><b><span data-contrast=\"auto\">Mithya <\/span><\/b><span data-contrast=\"auto\">del director indi Sumanth Bhat, <\/span><b><span data-contrast=\"auto\">Unhappy<\/span><\/b><span data-contrast=\"auto\">A<\/span><b><span data-contrast=\"auto\"> Woman<\/span><\/b> <span data-contrast=\"auto\">del director xin\u00e8s Wang Chao, <\/span><b><span data-contrast=\"auto\">Following The Sound<\/span><\/b><span data-contrast=\"auto\"> del director japon\u00e8s Kyoshi Sugita, <\/span><b><span data-contrast=\"auto\">Wind Of Change<\/span><\/b><span data-contrast=\"auto\"> del director irani\u00e0 Abbas Rafei, <\/span><b><span data-contrast=\"auto\">Toxic Parents<\/span><\/b> <span data-contrast=\"auto\">del director core\u00e0 Ryohei Yoshino, <\/span><b><span data-contrast=\"auto\">Our Home<\/span><\/b> <span data-contrast=\"auto\">del director indi Remi Meitei<\/span> <span data-contrast=\"auto\">i <\/span><b><span data-contrast=\"auto\">God\u2019s Gift<\/span><\/b> <span data-contrast=\"auto\">del director kirgu\u00eds<\/span><i><span data-contrast=\"auto\"> Aser Zhuraeva.<\/span><\/i><span data-ccp-props=\"{\">\u00a0<\/span><\/p>\n<hr \/>\n<h3><b><span data-contrast=\"auto\">PROGRAMACI\u00d3<\/span><\/b><span data-ccp-props=\"{\">\u00a0<\/span><\/h3>\n<h4><span data-contrast=\"auto\">PART 1<\/span><span data-ccp-props=\"{\">\u00a0<\/span><\/h4>\n<p><span style=\"color: #ff0000;\"><img loading=\"lazy\" decoding=\"async\" class=\"size-medium wp-image-54579 alignleft\" src=\"https:\/\/asianfilmfestival.barcelona\/2024\/wp-content\/uploads\/2024\/11\/Bangladesh-THE-WRESTLER-3-1-300x169.jpg\" alt=\"\" width=\"300\" height=\"169\" srcset=\"https:\/\/asianfilmfestival.barcelona\/2024\/wp-content\/uploads\/2024\/11\/Bangladesh-THE-WRESTLER-3-1-300x169.jpg 300w, https:\/\/asianfilmfestival.barcelona\/2024\/wp-content\/uploads\/2024\/11\/Bangladesh-THE-WRESTLER-3-1-1030x579.jpg 1030w, https:\/\/asianfilmfestival.barcelona\/2024\/wp-content\/uploads\/2024\/11\/Bangladesh-THE-WRESTLER-3-1-768x432.jpg 768w, https:\/\/asianfilmfestival.barcelona\/2024\/wp-content\/uploads\/2024\/11\/Bangladesh-THE-WRESTLER-3-1-1536x864.jpg 1536w, https:\/\/asianfilmfestival.barcelona\/2024\/wp-content\/uploads\/2024\/11\/Bangladesh-THE-WRESTLER-3-1-1500x844.jpg 1500w, https:\/\/asianfilmfestival.barcelona\/2024\/wp-content\/uploads\/2024\/11\/Bangladesh-THE-WRESTLER-3-1-705x397.jpg 705w, https:\/\/asianfilmfestival.barcelona\/2024\/wp-content\/uploads\/2024\/11\/Bangladesh-THE-WRESTLER-3-1.jpg 1920w\" sizes=\"auto, (max-width: 300px) 100vw, 300px\" \/>Dissabte 7 de desembre de 2024\u00a0<\/span><\/p>\n<p><b>The Wrestler<\/b> <b><span data-contrast=\"auto\">| Iqbal Hossain | Bangladesh | 2023 | 92&#8242; | VOSC | Drama<\/span><\/b><span data-ccp-props=\"{\">\u00a0<\/span><\/p>\n<p><span data-contrast=\"none\">Aquesta pel\u00b7l\u00edcula fa un registre de la lluita regional de Bangladesh (Boli Khela), per a retratar la confrontaci\u00f3 entre els protagonistes. En Moju (Nasir Uddin Khan) \u00e9s un pescador d\u2019edat avan\u00e7ada que, com que no ven suficient peix, decideix desafiar al campi\u00f3 local, Dofor (AKM Itmam), per a delit de la comunitat. En Moju entrena tots els dies a la platja, que li serveix de gimn\u00e0s. El seu fill i la seva nora temen el fat\u00eddic final de l\u2019enfrontament i intenten impedir que es dugui a terme. La pel\u00b7l\u00edcula crea un ambient que fa a la pel\u00b7l\u00edcula bengalina un excel\u00b7lent thriller psicol\u00f2gic.<\/span><span data-ccp-props=\"{\">\u00a0<\/span><\/p>\n<p><b><span data-contrast=\"none\">Iqbal H.Chowdhury<\/span><\/b><span data-contrast=\"none\"> \u00e9s un guionista i director bengal\u00ed-canadenc establert a Toronto i llicenciat en Producci\u00f3 Cinematogr\u00e0fica pel Centennista College. El seu primer llargmetratge, <\/span><b><span data-contrast=\"none\">Boli <\/span><\/b><span data-contrast=\"none\">(The Wrestler), va guanyar el m\u00e0xim guard\u00f3 (Premi New Currents) del Festival de Cinema de Busan 2023. Tamb\u00e9 \u00e9s autor de tres curtmetratges <\/span><b><span data-contrast=\"none\">Dant<\/span><\/b><span data-contrast=\"none\"> (2016), <\/span><b><span data-contrast=\"none\">Dhaka 2.00<\/span><\/b><span data-contrast=\"none\"> (2017) i <\/span><b><span data-contrast=\"none\">Rowai<\/span><\/b><span data-contrast=\"none\"> (2019). La narrativa audiovisual de Chowdhury est\u00e0 repleta d\u2019elements simb\u00f2lics que, de vegades, confronten amb el surrealisme. La fotografia \u00e9s un element clau en la seva t\u00e8cnica, com ho demostren les seves eleccions crom\u00e0tiques.\u00a0<\/span><span data-ccp-props=\"{\">\u00a0<\/span><\/p>\n<hr \/>\n<p><span style=\"color: #ff0000;\" data-contrast=\"none\">Dissabte 14 de desembre de 2024<\/span><span data-ccp-props=\"{\">\u00a0<\/span><\/p>\n<p><b><span data-contrast=\"auto\"><img loading=\"lazy\" decoding=\"async\" class=\"size-medium wp-image-54576 alignright\" src=\"https:\/\/asianfilmfestival.barcelona\/2024\/wp-content\/uploads\/2024\/11\/Uzbekistan-ABDULLA-ORIPOV-1-300x127.png\" alt=\"\" width=\"300\" height=\"127\" srcset=\"https:\/\/asianfilmfestival.barcelona\/2024\/wp-content\/uploads\/2024\/11\/Uzbekistan-ABDULLA-ORIPOV-1-300x127.png 300w, https:\/\/asianfilmfestival.barcelona\/2024\/wp-content\/uploads\/2024\/11\/Uzbekistan-ABDULLA-ORIPOV-1-1030x436.png 1030w, https:\/\/asianfilmfestival.barcelona\/2024\/wp-content\/uploads\/2024\/11\/Uzbekistan-ABDULLA-ORIPOV-1-768x325.png 768w, https:\/\/asianfilmfestival.barcelona\/2024\/wp-content\/uploads\/2024\/11\/Uzbekistan-ABDULLA-ORIPOV-1-1536x651.png 1536w, https:\/\/asianfilmfestival.barcelona\/2024\/wp-content\/uploads\/2024\/11\/Uzbekistan-ABDULLA-ORIPOV-1-1500x635.png 1500w, https:\/\/asianfilmfestival.barcelona\/2024\/wp-content\/uploads\/2024\/11\/Uzbekistan-ABDULLA-ORIPOV-1-705x299.png 705w, https:\/\/asianfilmfestival.barcelona\/2024\/wp-content\/uploads\/2024\/11\/Uzbekistan-ABDULLA-ORIPOV-1.png 1919w\" sizes=\"auto, (max-width: 300px) 100vw, 300px\" \/>Abdulla Oripov| Erkinov Muzaffarkhon | Uzbekistan | 2023 | 109\u2019 | VOSE | Drama<\/span><\/b><span data-ccp-props=\"{\">\u00a0<\/span><\/p>\n<p><span data-contrast=\"auto\">La pel\u00b7l\u00edcula narra la vida del reconegut poeta Abdulla Oripov, considerat tant un fenomen de la poesia uzbeka del segle XX com un heroi nacional. L&#8217;Oripov va escriure i va viure segons els dictats del seu cor i va suportar durant tota la vida els jocs pol\u00edtics de l&#8217;antic r\u00e8gim lluitant contra el sistema amb els seus poemes i odes. La pel\u00b7l\u00edcula retrata el patiment de la intel\u00b7lectualitat uzbeka al llarg del segle XX fins a la independ\u00e8ncia del pa\u00eds. Finalment, esmena la mort a l&#8217;exili del poeta, tornant-lo al seu poble una darrera vegada a trav\u00e9s de la pantalla.<\/span><span data-ccp-props=\"{\">\u00a0<\/span><\/p>\n<p><span data-contrast=\"auto\">L&#8217;<\/span><b><span data-contrast=\"auto\">Erkinov Muzaffarkhon<\/span><\/b><span data-contrast=\"auto\"> \u00e9s un destacat cineasta uzbek, conegut pel seu treball com a director, guionista i productor. La seva obra se centra en el drama hist\u00f2ric i social i ha rebut reconeixement tant nacional com internacional. En Muzaffarkhon ha estat elogiat per la seva capacitat de capturar l&#8217;ess\u00e8ncia de la identitat uzbeka. \u00c9s especialment notable per aquelles produccions que aborden la vida de figures liter\u00e0ries i hist\u00f2riques, com en la seva \u00faltima pel\u00b7l\u00edcula <\/span><b><span data-contrast=\"auto\">Abdulla Oripov<\/span><\/b><span data-contrast=\"auto\"> (2024).\u00a0\u00a0\u00a0<\/span><span data-ccp-props=\"{\">\u00a0<\/span><\/p>\n<hr \/>\n<p><span style=\"color: #ff0000;\">Dissabte 21 de desembre de 2024\u00a0<\/span><\/p>\n<p><b><span data-contrast=\"auto\"><img loading=\"lazy\" decoding=\"async\" class=\"size-medium wp-image-54573 alignleft\" src=\"https:\/\/asianfilmfestival.barcelona\/2024\/wp-content\/uploads\/2024\/11\/India-MITHYA-3-300x159.jpg\" alt=\"\" width=\"300\" height=\"159\" srcset=\"https:\/\/asianfilmfestival.barcelona\/2024\/wp-content\/uploads\/2024\/11\/India-MITHYA-3-300x159.jpg 300w, https:\/\/asianfilmfestival.barcelona\/2024\/wp-content\/uploads\/2024\/11\/India-MITHYA-3-1030x545.jpg 1030w, https:\/\/asianfilmfestival.barcelona\/2024\/wp-content\/uploads\/2024\/11\/India-MITHYA-3-768x407.jpg 768w, https:\/\/asianfilmfestival.barcelona\/2024\/wp-content\/uploads\/2024\/11\/India-MITHYA-3-1536x813.jpg 1536w, https:\/\/asianfilmfestival.barcelona\/2024\/wp-content\/uploads\/2024\/11\/India-MITHYA-3-2048x1084.jpg 2048w, https:\/\/asianfilmfestival.barcelona\/2024\/wp-content\/uploads\/2024\/11\/India-MITHYA-3-1500x794.jpg 1500w, https:\/\/asianfilmfestival.barcelona\/2024\/wp-content\/uploads\/2024\/11\/India-MITHYA-3-710x375.jpg 710w, https:\/\/asianfilmfestival.barcelona\/2024\/wp-content\/uploads\/2024\/11\/India-MITHYA-3-705x373.jpg 705w\" sizes=\"auto, (max-width: 300px) 100vw, 300px\" \/>Mithya | Sumanth Bhat 2023 | India | 98\u2019 | VOSE | Drama\u00a0 <\/span><\/b><span data-ccp-props=\"{\">\u00a0<\/span><\/p>\n<p><b><span data-contrast=\"auto\">Mithya <\/span><\/b><span data-contrast=\"auto\">\u00e9s el nom d\u2019en Mithun, un nen d&#8217;onze anys de Mumbai, que est\u00e0 intentant acceptar la sobtada p\u00e8rdua dels seus progenitors. Al seu entorn, les coses es tornen m\u00e9s ombr\u00edvoles, a mesura que els seus familiars es barallen per la seva cust\u00f2dia, mentre les preguntes sobre la naturalesa de la mort del seu pare segueixen sense resposta. Aquests successos omplen d\u2019emocions noves i complexes al preadolescent en la recerca de terra ferma. Es poden forjar nous comen\u00e7aments o \u00e9s tot nom\u00e9s una recerca d&#8217;alguna cosa que ja s&#8217;ha perdut?<\/span><span data-ccp-props=\"{\">\u00a0<\/span><span data-ccp-props=\"{\">\u00a0<\/span><\/p>\n<p><span data-contrast=\"auto\">En <\/span><b><span data-contrast=\"auto\">Sumanth Bhat<\/span><\/b><span data-contrast=\"auto\"> \u00e9s un cineasta indi conegut pel seu treball a la ind\u00fastria del cinema de Karnataka. Destaca sobretot per l&#8217;enfocament emotiu que dona a les hist\u00f2ries, sempre pendent del creixement personal. El seu cinema ha estat elogiat per la seva sensibilitat i la seva narrativa visual. Ha col\u00b7laborat amb talents reconeguts com el compositor Midhun Mukundan i el cinemat\u00f2graf Udit Khurana. En Sumanth Bhat \u00e9s considerat un director prometedor pel seu enfocament \u00fanic al cinema regional indi.<\/span><span data-ccp-props=\"{\">\u00a0<\/span><\/p>\n<hr \/>\n<p><span style=\"color: #ff0000;\">Dissabte 11 de gener de 2024\u00a0<\/span><\/p>\n<p><b><span data-contrast=\"none\"><img loading=\"lazy\" decoding=\"async\" class=\"size-medium wp-image-54570 alignright\" src=\"https:\/\/asianfilmfestival.barcelona\/2024\/wp-content\/uploads\/2024\/11\/Uzbekistan-UNHAPPY-GROOM-5-300x124.png\" alt=\"\" width=\"300\" height=\"124\" srcset=\"https:\/\/asianfilmfestival.barcelona\/2024\/wp-content\/uploads\/2024\/11\/Uzbekistan-UNHAPPY-GROOM-5-300x124.png 300w, https:\/\/asianfilmfestival.barcelona\/2024\/wp-content\/uploads\/2024\/11\/Uzbekistan-UNHAPPY-GROOM-5-1030x424.png 1030w, https:\/\/asianfilmfestival.barcelona\/2024\/wp-content\/uploads\/2024\/11\/Uzbekistan-UNHAPPY-GROOM-5-768x317.png 768w, https:\/\/asianfilmfestival.barcelona\/2024\/wp-content\/uploads\/2024\/11\/Uzbekistan-UNHAPPY-GROOM-5-1536x633.png 1536w, https:\/\/asianfilmfestival.barcelona\/2024\/wp-content\/uploads\/2024\/11\/Uzbekistan-UNHAPPY-GROOM-5-1500x618.png 1500w, https:\/\/asianfilmfestival.barcelona\/2024\/wp-content\/uploads\/2024\/11\/Uzbekistan-UNHAPPY-GROOM-5-705x291.png 705w, https:\/\/asianfilmfestival.barcelona\/2024\/wp-content\/uploads\/2024\/11\/Uzbekistan-UNHAPPY-GROOM-5.png 1912w\" sizes=\"auto, (max-width: 300px) 100vw, 300px\" \/>Unhappy Groom | K<\/span><\/b><b><span data-contrast=\"none\">husnora Rozmatova<\/span><\/b><b><span data-contrast=\"none\"> | 2023 | 102\u2019| Drama<\/span><\/b><span data-ccp-props=\"{\">\u00a0<\/span><\/p>\n<p><span data-contrast=\"none\">Aquesta pel\u00b7l\u00edcula explora el passat de Turquestan a trav\u00e9s de la hist\u00f2ria d&#8217;Uzbekistan al voltant del segle XX, durant el domini de l&#8217;Imperi Rus. La pel\u00b7l\u00edcula destaca el contrast entre el pensament religi\u00f3s antic i la incompet\u00e8ncia governamental dels r\u00e8gims imperialistes. En mig d&#8217;aquestes tensions, dos amants han de fer front a les dificultats d&#8217;una vida marcada per convencions socials, heretgies i tradicions ambig\u00fces. Paral\u00b7lelament, el drama de Salih, un actor assalariat, es veu afectat per la incapacitat de complir amb les ambicions exigents de la fam\u00edlia de Rahima i poder casar-se amb ella. Aquesta narrativa reflexa de manera sorprenent el paral\u00b7lelisme amb Romeu i Julieta de Shakespeare, on tot i els intents dels enamorats per mantenir-se al marge de l&#8217;escrutini social, no poden evitar la seva toxicitat.<\/span><span data-ccp-props=\"{\">\u00a0<\/span><\/p>\n<p><b><span data-contrast=\"none\">Khusnora Ruzmatova<\/span><\/b><span data-contrast=\"none\">, \u00e9s una directora de cine nascuda a Uzbekistan que ha rebut reconeixement internacional en obtenir el premi &#8220;For Humanism&#8221; en el 19\u00e8 Festival Internacional de Cine Musulm\u00e0 de Kazan. El cine uzbek ha experimentat una visibilitat sense precedent en els \u00faltims anys, no nom\u00e9s pel creixement de la seva ind\u00fastria cinematogr\u00e0fica, sin\u00f3 tamb\u00e9 pels premis Internacionals rebuts. El 2023, els cineastes uzbeks van obtenir 15 premis internacionals, destacant la creixent influ\u00e8ncia del pa\u00eds en l&#8217;escena cinematogr\u00e0fica global.\u00a0\u00a0\u00a0<\/span><span data-ccp-props=\"{\">\u00a0<\/span><\/p>\n<hr \/>\n<h4><span data-contrast=\"none\">PART 2<\/span><span data-ccp-props=\"{\">\u00a0<\/span><\/h4>\n<p><span style=\"color: #ff0000;\">Dissabte 18 de gener de 2025\u00a0<\/span><\/p>\n<p><b><span data-contrast=\"auto\"><img loading=\"lazy\" decoding=\"async\" class=\"size-medium wp-image-54567 alignleft\" src=\"https:\/\/asianfilmfestival.barcelona\/2024\/wp-content\/uploads\/2024\/11\/China-Wang-Chao-A-WOMAN-1-1-300x175.jpeg\" alt=\"\" width=\"300\" height=\"175\" srcset=\"https:\/\/asianfilmfestival.barcelona\/2024\/wp-content\/uploads\/2024\/11\/China-Wang-Chao-A-WOMAN-1-1-300x175.jpeg 300w, https:\/\/asianfilmfestival.barcelona\/2024\/wp-content\/uploads\/2024\/11\/China-Wang-Chao-A-WOMAN-1-1-1030x600.jpeg 1030w, https:\/\/asianfilmfestival.barcelona\/2024\/wp-content\/uploads\/2024\/11\/China-Wang-Chao-A-WOMAN-1-1-768x447.jpeg 768w, https:\/\/asianfilmfestival.barcelona\/2024\/wp-content\/uploads\/2024\/11\/China-Wang-Chao-A-WOMAN-1-1-705x411.jpeg 705w, https:\/\/asianfilmfestival.barcelona\/2024\/wp-content\/uploads\/2024\/11\/China-Wang-Chao-A-WOMAN-1-1.jpeg 1200w\" sizes=\"auto, (max-width: 300px) 100vw, 300px\" \/>A Woman<\/span><\/b> <b><span data-contrast=\"auto\">| Wang Chao | Xina | 2022 | 110&#8242; | VOSE | Drama<\/span><\/b><span data-ccp-props=\"{\">\u00a0<\/span><\/p>\n<p><span data-contrast=\"none\">Basada en la novel\u00b7la autobiogr\u00e0fica <\/span><i><span data-contrast=\"none\">Dream<\/span><\/i><span data-contrast=\"none\">, de l\u2019escriptora Zhang Xiu Zhen, la protagonista d\u2019aquesta pel\u00b7l\u00edcula treballa en una f\u00e0brica, i en el seu temps lliure es dedica a la fam\u00edlia, per\u00f2 quan pot, intenta escriure. L\u2019acci\u00f3 se situa en plena revoluci\u00f3 cultural, entre els anys seixanta i principis dels vuitanta del segle XX. En la seva vida personal i familiar, ella \u00e9s objecte d\u2019ab\u00fas diari per part de la seva parella al qual est\u00e0 mantenint, i amb el que ja ha tingut m\u00e9s fills dels que podia tenir. Malgrat tot, acaba derrotant aquestes circumst\u00e0ncies gr\u00e0cies a que l\u2019escriptura es converteix en la seva alliberaci\u00f3.<\/span><span data-ccp-props=\"{\">\u00a0<\/span><\/p>\n<p><b><span data-contrast=\"none\">Wang Chao<\/span><\/b><span data-contrast=\"none\"> va treballar durant cinc anys en la ind\u00fastria sider\u00fargica despr\u00e9s de graduar-se, encara que sempre va estar interessat en el cinema i la literatura. El 1991, va entrar a l\u2019Acad\u00e8mia de Cinema de Pequ\u00edn, on es va graduar el 1994 i va comen\u00e7ar a treballar de cr\u00edtic de cinema. \u00c9s aix\u00ed com va con\u00e8ixer a Chen Kaige, i aquest el va contractar com a ajudant de direcci\u00f3 entre 1995 i 1998 pel rodatge de <\/span><b><span data-contrast=\"none\">Adi\u00f3s a mi concubina<\/span><\/b><span data-contrast=\"none\"> i de <\/span><b><span data-contrast=\"none\">El Emperador y el Asesino<\/span><\/b><span data-contrast=\"none\">.<\/span> <span data-contrast=\"none\">Amb <\/span><b><span data-contrast=\"none\">Orphan of Anyang<\/span><\/b><span data-contrast=\"none\">, que va rodar sense autoritzaci\u00f3, va fer el seu debut al cinema com a director. <\/span><b><span data-contrast=\"none\">A Woman<\/span><\/b><span data-contrast=\"none\"> (2022), fins ara la seva \u00faltima pel\u00b7l\u00edcula, es va projectar en la passada edici\u00f3 de l\u2019Asian Film Festival Barcelona | AFFBCN amb gran \u00e8xit de p\u00fablic, despr\u00e9s del seu pas per Sant Sebasti\u00e0 on va ser nominada a la Petxina d\u2019Or.<\/span><span data-ccp-props=\"{\">\u00a0<\/span><\/p>\n<hr \/>\n<p><span style=\"color: #ff0000;\">Dissabte 25 de gener de 2025\u00a0<\/span><\/p>\n<p><b><span data-contrast=\"auto\"><img loading=\"lazy\" decoding=\"async\" class=\"size-medium wp-image-54564 alignright\" src=\"https:\/\/asianfilmfestival.barcelona\/2024\/wp-content\/uploads\/2024\/11\/Japon-FOLLOWING-THE-SOUND-3-201x300.jpg\" alt=\"\" width=\"201\" height=\"300\" srcset=\"https:\/\/asianfilmfestival.barcelona\/2024\/wp-content\/uploads\/2024\/11\/Japon-FOLLOWING-THE-SOUND-3-201x300.jpg 201w, https:\/\/asianfilmfestival.barcelona\/2024\/wp-content\/uploads\/2024\/11\/Japon-FOLLOWING-THE-SOUND-3-690x1030.jpg 690w, https:\/\/asianfilmfestival.barcelona\/2024\/wp-content\/uploads\/2024\/11\/Japon-FOLLOWING-THE-SOUND-3-768x1147.jpg 768w, https:\/\/asianfilmfestival.barcelona\/2024\/wp-content\/uploads\/2024\/11\/Japon-FOLLOWING-THE-SOUND-3-1028x1536.jpg 1028w, https:\/\/asianfilmfestival.barcelona\/2024\/wp-content\/uploads\/2024\/11\/Japon-FOLLOWING-THE-SOUND-3-1004x1500.jpg 1004w, https:\/\/asianfilmfestival.barcelona\/2024\/wp-content\/uploads\/2024\/11\/Japon-FOLLOWING-THE-SOUND-3-472x705.jpg 472w, https:\/\/asianfilmfestival.barcelona\/2024\/wp-content\/uploads\/2024\/11\/Japon-FOLLOWING-THE-SOUND-3.jpg 1232w\" sizes=\"auto, (max-width: 201px) 100vw, 201px\" \/>Following The Sound<\/span><\/b> <b><span data-contrast=\"auto\">| Kyoshi Sugita | Jap\u00f3 | 2023 | 84&#8242; | VOSE | Drama<\/span><\/b><span data-ccp-props=\"{\">\u00a0<\/span><\/p>\n<p><span data-contrast=\"auto\">Un dia, la Haru, que treballa com a dependenta en una llibreria, es retroba amb el Takeshi, a qui va con\u00e8ixer uns anys enrere, quan li va impedir saltar davant d\u2019un tren. El Takeshi li ofereix un treball. La Haru es preocupa per la seva amiga Yukiko i parla amb ella. Aix\u00f2 els porta a emprendre un petit viatge junts. La Haru porta amb si una gravadora que li va deixar la seva mare en her\u00e8ncia. Les circumst\u00e0ncies faran que la Haru s\u2019hagi d\u2019enfrontar de nou a sentiments de culpabilitat i els remordiments per no haver pogut ajudar a evitar que la malaltia poses fi a la seva vida.<\/span><span data-ccp-props=\"{\">\u00a0<\/span><\/p>\n<p><b><span data-contrast=\"auto\">Kyoshi Sugita<\/span><\/b><span data-contrast=\"auto\"> va n\u00e9ixer el 1977, va tindre el seu primer llargmetratge anomenat <\/span><b><span data-contrast=\"auto\">One Song<\/span><\/b><span data-contrast=\"auto\"> seleccionat per al Festival Internacional de Cinema de T\u00f2quio el 2011 i es va estrenar als cinemes el 2012. El seu segon llargmetratge, <\/span><b><span data-contrast=\"auto\">Song of Light<\/span><\/b><span data-contrast=\"auto\">, va ser seleccionat al Festival Internacional de Cinema de T\u00f2quio el 2017 i al Festival Internacional de Cinema de Jeonju de 2018. La pel\u00b7l\u00edcula va rebre grans elogis en la revista Kinema Junpo. Aquest cineasta tamb\u00e9 ha publicat novel\u00b7les i ha participat com a fot\u00f2graf en la quarta col\u00b7lecci\u00f3 de poesia <\/span><i><span data-contrast=\"auto\">Uta Long Long Short Song Long<\/span><\/i><span data-contrast=\"auto\"> del poeta Koichi Masuno.<\/span><span data-ccp-props=\"{\">\u00a0<\/span><\/p>\n<hr \/>\n<p><span style=\"color: #ff0000;\">Dissabte 1 de febrer de 2025\u00a0<\/span><\/p>\n<p><b><span data-contrast=\"auto\"><img loading=\"lazy\" decoding=\"async\" class=\"size-medium wp-image-54561 alignleft\" src=\"https:\/\/asianfilmfestival.barcelona\/2024\/wp-content\/uploads\/2024\/11\/Iran-WIND-OF-CHANGE-8-300x200.jpg\" alt=\"\" width=\"300\" height=\"200\" srcset=\"https:\/\/asianfilmfestival.barcelona\/2024\/wp-content\/uploads\/2024\/11\/Iran-WIND-OF-CHANGE-8-300x200.jpg 300w, https:\/\/asianfilmfestival.barcelona\/2024\/wp-content\/uploads\/2024\/11\/Iran-WIND-OF-CHANGE-8-1030x687.jpg 1030w, https:\/\/asianfilmfestival.barcelona\/2024\/wp-content\/uploads\/2024\/11\/Iran-WIND-OF-CHANGE-8-768x512.jpg 768w, https:\/\/asianfilmfestival.barcelona\/2024\/wp-content\/uploads\/2024\/11\/Iran-WIND-OF-CHANGE-8-1536x1024.jpg 1536w, https:\/\/asianfilmfestival.barcelona\/2024\/wp-content\/uploads\/2024\/11\/Iran-WIND-OF-CHANGE-8-2048x1365.jpg 2048w, https:\/\/asianfilmfestival.barcelona\/2024\/wp-content\/uploads\/2024\/11\/Iran-WIND-OF-CHANGE-8-1500x1000.jpg 1500w, https:\/\/asianfilmfestival.barcelona\/2024\/wp-content\/uploads\/2024\/11\/Iran-WIND-OF-CHANGE-8-705x470.jpg 705w\" sizes=\"auto, (max-width: 300px) 100vw, 300px\" \/>Wind Of Change<\/span><\/b> <b><span data-contrast=\"auto\">| Abbas Rafei | Ir\u00e1n | 2023 | 86&#8242; | VOSE | Drama<\/span><\/b><span data-ccp-props=\"{\">\u00a0<\/span><\/p>\n<p><span data-contrast=\"auto\">Abans que la Sara pugui processar la not\u00edcia del mal comportament de la seva filla adolescent a l\u2019escola, ha d\u2019enfrontar-se a una preocupaci\u00f3 m\u00e9s greu: el seu marit ha desaparegut. En un moment de la nit, despr\u00e9s d\u2019una discussi\u00f3 rutin\u00e0ria, ell es va aixecar i va marxar, deixant enrere un misteri que la Sara ha de resoldre. Juntament amb un dels ve\u00efns, inicien una recerca desesperada. No obstant aix\u00f2, aviat es nota la depend\u00e8ncia que t\u00e9 la Sara del seu marit per sobreviure. La pel\u00b7l\u00edcula barreja el suspens amb comentaris socials, mentre que la Sara, no deixa de buscar al seu marit lluitant per reclamar la seva independ\u00e8ncia i la de la seva filla.<\/span><span data-ccp-props=\"{\">\u00a0<\/span><\/p>\n<p><b><span data-contrast=\"auto\">Abbas Rafei <\/span><\/b><span data-contrast=\"auto\">(Shiraz, 1962) es va graduar en cinema i literatura a la universitat. Rafei va fundar la seva pr\u00f2pia companyia de producci\u00f3 cinematogr\u00e0fica l\u2019any 1995, quan va realitzar el seu primer llargmetratge, Mina\u2019s Secret. En l\u2019escena internacional, \u00e9s conegut principalment per <\/span><b><span data-contrast=\"auto\">Butterfly In The Wind<\/span><\/b><span data-contrast=\"auto\"> (presentada en els festivals de Riu, Oslo, Umea, Mannheim, i guardonada en el Festival d\u2019Amiens) i per <\/span><b><span data-contrast=\"auto\">Oblivion Season<\/span><\/b><span data-contrast=\"auto\">. La seva companyia, Filmnegaran, ha produ\u00eft moltes s\u00e8ries de televisi\u00f3, pel\u00b7l\u00edcules de ficci\u00f3 i documentals, i ha col\u00b7laborat amb diverses companyies de producci\u00f3 cinematogr\u00e0fica en diferents parts del m\u00f3n.<\/span><span data-ccp-props=\"{\">\u00a0<\/span><\/p>\n<hr \/>\n<p><span style=\"color: #ff0000;\">Dissabte 8 de febrer de 2025\u00a0<\/span><\/p>\n<p><b><span data-contrast=\"auto\"><img loading=\"lazy\" decoding=\"async\" class=\"size-medium wp-image-54558 alignright\" src=\"https:\/\/asianfilmfestival.barcelona\/2024\/wp-content\/uploads\/2024\/11\/Corea-TOXIC-PARENTS-4-1-300x200.jpg\" alt=\"\" width=\"300\" height=\"200\" srcset=\"https:\/\/asianfilmfestival.barcelona\/2024\/wp-content\/uploads\/2024\/11\/Corea-TOXIC-PARENTS-4-1-300x200.jpg 300w, https:\/\/asianfilmfestival.barcelona\/2024\/wp-content\/uploads\/2024\/11\/Corea-TOXIC-PARENTS-4-1-1030x687.jpg 1030w, https:\/\/asianfilmfestival.barcelona\/2024\/wp-content\/uploads\/2024\/11\/Corea-TOXIC-PARENTS-4-1-768x512.jpg 768w, https:\/\/asianfilmfestival.barcelona\/2024\/wp-content\/uploads\/2024\/11\/Corea-TOXIC-PARENTS-4-1-1536x1024.jpg 1536w, https:\/\/asianfilmfestival.barcelona\/2024\/wp-content\/uploads\/2024\/11\/Corea-TOXIC-PARENTS-4-1-2048x1365.jpg 2048w, https:\/\/asianfilmfestival.barcelona\/2024\/wp-content\/uploads\/2024\/11\/Corea-TOXIC-PARENTS-4-1-1500x1000.jpg 1500w, https:\/\/asianfilmfestival.barcelona\/2024\/wp-content\/uploads\/2024\/11\/Corea-TOXIC-PARENTS-4-1-705x470.jpg 705w\" sizes=\"auto, (max-width: 300px) 100vw, 300px\" \/>Toxic Parents<\/span><\/b> <b><span data-contrast=\"auto\">| Ryohei Yoshino | Corea | 2023 | 104\u2019 | VOSE | Drama<\/span><\/b><span data-ccp-props=\"{\">\u00a0<\/span><\/p>\n<p><span data-contrast=\"auto\">La Yoo-ri \u00e9s una estudiant exemplar d\u2019una fam\u00edlia adinerada, per\u00f2 de sobte es su\u00efcida. Els detectius sospiten que ha sigut un su\u00efcidi, per\u00f2 la seva mare Hye-young creu que ha sigut un assassinat executat per la Ye-na, una companya de classe, i el Gi-beom, el seu professor. Per molt que els detectius investiguin, les declaracions d\u2019aquestes tres persones no paren de contradir-se. L\u2019\u00fanica pista que tenen \u00e9s que la Hye-young feia patir a la seva filla. Mentre que la mare pensa que tot el que va fer va ser a favor i pel b\u00e9 de la Yoo-ri. Podran descobrir finalment la veritat sobre la seva mort?<\/span><span data-ccp-props=\"{\">\u00a0<\/span><\/p>\n<p><b><span data-contrast=\"auto\">Kim Su-in<\/span><\/b><span data-contrast=\"auto\"> \u00e9s una guionista coreana que ha acabat per dirigir el seu propi cinema. Es va graduar al Departament d\u2019Escriptura Creativa de la Universitat de Dankook i va completar la carrera amb un postgrau al Departament de Cinema de la Universitat de Chung-Ang. Ha escrit adaptacions i guions per nombrosos llargmetratges, incloent-hi l\u2019adaptaci\u00f3 d\u2019<\/span><b><span data-contrast=\"auto\">Oksu station Ghost <\/span><\/b><span data-contrast=\"auto\">(2021) i el gui\u00f3 de <\/span><b><span data-contrast=\"auto\">B Cut<\/span><\/b><span data-contrast=\"auto\"> (2021). <\/span><b><span data-contrast=\"auto\">Toxic Parents<\/span><\/b><span data-contrast=\"auto\"> (2023), \u00e9s el seu primer llargmetratge com a directora.<\/span><span data-ccp-props=\"{\">\u00a0<\/span><\/p>\n<hr \/>\n<p><span style=\"color: #ff0000;\">Dissabte 15 de febrer de 2025\u00a0<\/span><\/p>\n<p><b><span data-contrast=\"auto\"><img loading=\"lazy\" decoding=\"async\" class=\"size-medium wp-image-54555 alignleft\" src=\"https:\/\/asianfilmfestival.barcelona\/2024\/wp-content\/uploads\/2024\/11\/India-OUR-HOME-2-1-300x169.jpg\" alt=\"\" width=\"300\" height=\"169\" srcset=\"https:\/\/asianfilmfestival.barcelona\/2024\/wp-content\/uploads\/2024\/11\/India-OUR-HOME-2-1-300x169.jpg 300w, https:\/\/asianfilmfestival.barcelona\/2024\/wp-content\/uploads\/2024\/11\/India-OUR-HOME-2-1-1030x579.jpg 1030w, https:\/\/asianfilmfestival.barcelona\/2024\/wp-content\/uploads\/2024\/11\/India-OUR-HOME-2-1-768x432.jpg 768w, https:\/\/asianfilmfestival.barcelona\/2024\/wp-content\/uploads\/2024\/11\/India-OUR-HOME-2-1-1536x864.jpg 1536w, https:\/\/asianfilmfestival.barcelona\/2024\/wp-content\/uploads\/2024\/11\/India-OUR-HOME-2-1-1500x844.jpg 1500w, https:\/\/asianfilmfestival.barcelona\/2024\/wp-content\/uploads\/2024\/11\/India-OUR-HOME-2-1-705x397.jpg 705w, https:\/\/asianfilmfestival.barcelona\/2024\/wp-content\/uploads\/2024\/11\/India-OUR-HOME-2-1.jpg 2048w\" sizes=\"auto, (max-width: 300px) 100vw, 300px\" \/>Our Home<\/span><\/b> <b><span data-contrast=\"auto\">| Romi Meitei | India | 2022 | 110&#8242; | VOSE | Drama<\/span><\/b><span data-ccp-props=\"{\">\u00a0<\/span><\/p>\n<p><span data-contrast=\"auto\">Pertanyent a una comunitat pesquera a\u00efllada en el llac Loktak, en Chaoren \u00e9s un noi que sobresurt com un alumne brillant. Quan la canoa que utilitza cada dia per assistir a l\u2019escola ha de ser venuda a causa de la malaltia del seu pare, no es desanima. Supera la llarga dist\u00e0ncia des de la seva barraca flotant fins a la seva escola nedant. Per\u00f2 quan el Govern emet un av\u00eds de desallotjament exigint que la fam\u00edlia d\u2019en Chaoren abandoni la seva llar, els seus somnis es queden amb l\u2019angoixa d\u2019un despla\u00e7at.\u00a0<\/span><span data-ccp-props=\"{\">\u00a0<\/span><\/p>\n<p><b><span data-contrast=\"auto\">Romi Meitei<\/span><\/b><span data-contrast=\"auto\"> \u00e9s un cineasta prol\u00edfic que ha donat diversos \u00e8xits de taquilla. A m\u00e9s d\u2019obtenir \u00e8xits comercials, les seves pel\u00b7l\u00edcules s\u2019han projectat en prestigiosos festivals de cinema com l\u2019IFFI, MIFF, l\u2019IFFK i d\u2019altres. Ha guanyat importants premis com el FIPRESCI (International Film Critics Awards) i el NETPAC (millor pel\u00b7l\u00edcula asi\u00e0tica per la Network for the Promotion of Asian Cinema). Tamb\u00e9 ha rebut diversos premis de cinema de l\u2019estat de Manipur. \u00c9s el president de la Fundaci\u00f3 Mami Thawan, l\u2019objectiu de la qual \u00e9s prestar serveis pel benestar de Manipur. El seu llargmetratge, <\/span><b><span data-contrast=\"auto\">Our Home<\/span><\/b><span data-contrast=\"auto\">, va guanyar el premi a Millor Pel\u00b7l\u00edcula en els Premis Nacionals de Cinema, a l\u2019\u00cdndia.<\/span><span data-ccp-props=\"{\">\u00a0<\/span><\/p>\n<hr \/>\n<p><span style=\"color: #ff0000;\">Dissabte 22 de febrer de 2025\u00a0<\/span><\/p>\n<p><b><span data-contrast=\"auto\"><img loading=\"lazy\" decoding=\"async\" class=\"size-medium wp-image-54552 alignright\" src=\"https:\/\/asianfilmfestival.barcelona\/2024\/wp-content\/uploads\/2024\/11\/Kirguistan-GODS-GIFT-1-300x149.jpg\" alt=\"\" width=\"300\" height=\"149\" srcset=\"https:\/\/asianfilmfestival.barcelona\/2024\/wp-content\/uploads\/2024\/11\/Kirguistan-GODS-GIFT-1-300x149.jpg 300w, https:\/\/asianfilmfestival.barcelona\/2024\/wp-content\/uploads\/2024\/11\/Kirguistan-GODS-GIFT-1-1030x513.jpg 1030w, https:\/\/asianfilmfestival.barcelona\/2024\/wp-content\/uploads\/2024\/11\/Kirguistan-GODS-GIFT-1-768x382.jpg 768w, https:\/\/asianfilmfestival.barcelona\/2024\/wp-content\/uploads\/2024\/11\/Kirguistan-GODS-GIFT-1-1536x764.jpg 1536w, https:\/\/asianfilmfestival.barcelona\/2024\/wp-content\/uploads\/2024\/11\/Kirguistan-GODS-GIFT-1-2048x1019.jpg 2048w, https:\/\/asianfilmfestival.barcelona\/2024\/wp-content\/uploads\/2024\/11\/Kirguistan-GODS-GIFT-1-1500x746.jpg 1500w, https:\/\/asianfilmfestival.barcelona\/2024\/wp-content\/uploads\/2024\/11\/Kirguistan-GODS-GIFT-1-705x351.jpg 705w\" sizes=\"auto, (max-width: 300px) 100vw, 300px\" \/>God\u2019s Gift<\/span><\/b> <b><span data-contrast=\"auto\">| Asel Zhuraeva | Kirguizstan | 2023 | 75&#8242; | VOSE | Com\u00e8dia<\/span><\/b><span data-ccp-props=\"{\">\u00a0<\/span><\/p>\n<p><span data-contrast=\"none\">Una parella de gent gran amb problemes de salut i sense fills resideixen en un poblat, on gaireb\u00e9 no passa res que els alteri, fins que uns desconeguts abandonen un nad\u00f3 de sis mesos a la porta de casa seva. Al principi volen lliurar-ho a les autoritats, per\u00f2 havent sentit que els nens petits poden ser venuts per traficar amb els seus \u00f2rgans, decideixen quedar-s\u2019hi. Tenir cura d\u2019un beb\u00e8 canvia el rumb de les seves vides trobant una important ra\u00f3 per continuar vivint.<\/span><span data-ccp-props=\"{\">\u00a0<\/span><\/p>\n<p><b><span data-contrast=\"none\">Asel Zhuraeva<\/span><\/b><span data-contrast=\"none\"> es va graduar al Kyrgyz State Institute of Arts el 2010. Va fer un curs a la Film School of Rustam Ibrahimbekov de K\u00edev, en 2013, i posteriorment va comen\u00e7ar a donar classe a l\u2019AUCA del 2017 al 2019. \u00c9s la directora del Cinema Company i la cap de la Creative Women of the Asia Foundation des del 2010.<\/span><span data-ccp-props=\"{\">\u00a0<\/span><\/p>\n<\/div><\/section>\n<div  class='hr av-av_hr-91d7ccd583a503147498e120fee2ff9b hr-default  avia-builder-el-3  el_after_av_textblock  el_before_av_iconlist '><span class='hr-inner '><span class=\"hr-inner-style\"><\/span><\/span><\/div>\n<div  class='avia-icon-list-container av-av_iconlist-1e6bd2118d736ccacf17fd60385eb5fd  avia-builder-el-4  el_after_av_hr  el_before_av_partner '><ul class='avia-icon-list avia_animate_when_almost_visible avia-icon-list-left av-iconlist-big av-av_iconlist-1e6bd2118d736ccacf17fd60385eb5fd avia-iconlist-animate'>\n<li><div class='iconlist_icon av-av_iconlist_item-b466f3b1f2451e1e74713261f28d56b2 avia-font-entypo-fontello'><span class='iconlist-char' aria-hidden='true' data-av_icon='\ue85b' data-av_iconfont='entypo-fontello'><\/span><\/div><article class=\"article-icon-entry \" ><div class=\"iconlist_content_wrap\"><header class=\"entry-content-header\"><\/header><div class='iconlist_content ' ><p><span style=\"color: #ffffff;\">Del 7 de desembre de 2024 al 22 de febrer de 2025, a les 19h<\/span><\/p>\n<p><span style=\"color: #ffffff;\">*Aquesta programaci\u00f3 pot patir petits canvis. Consulteu la cartellera del cinema<\/span><\/p>\n<\/div><\/div><footer class=\"entry-footer\"><\/footer><\/article><div class=\"iconlist-timeline\"><\/div><\/li>\n<li><div class='iconlist_icon av-av_iconlist_item-af488dbeb031d05a9064319e1192ec45 avia-font-entypo-fontello'><span class='iconlist-char' aria-hidden='true' data-av_icon='\ue842' data-av_iconfont='entypo-fontello'><\/span><\/div><article class=\"article-icon-entry av-iconlist-empty\" ><div class=\"iconlist_content_wrap\"><header class=\"entry-content-header\"><h4 class='av_iconlist_title iconlist_title  ' >C\/ Girona, 175, 08025 Barcelona<\/h4><\/header><div class='iconlist_content ' ><\/div><\/div><footer class=\"entry-footer\"><\/footer><\/article><div class=\"iconlist-timeline\"><\/div><\/li>\n<li><div class='iconlist_icon av-av_iconlist_item-a129d61610ad7b7b8d046102341542ee avia-font-entypo-fontello'><span class='iconlist-char' aria-hidden='true' data-av_icon='\ue8cb' data-av_iconfont='entypo-fontello'><\/span><\/div><article class=\"article-icon-entry \" ><div class=\"iconlist_content_wrap\"><header class=\"entry-content-header\"><\/header><div class='iconlist_content ' ><p><span style=\"color: #ffffff;\">Preu entrada:<span style=\"color: #ff0000;\"> 5,50\u20ac<\/span><\/span><\/p>\n<p><span style=\"color: #ffffff;\">Preu abonats i socis dels Cinemes Girona: <span style=\"color: #ff0000;\">4\u20ac<\/span><\/span><\/p>\n<\/div><\/div><footer class=\"entry-footer\"><\/footer><\/article><div class=\"iconlist-timeline\"><\/div><\/li>\n<\/ul><\/div>\n\n<style type=\"text\/css\" data-created_by=\"avia_inline_auto\" id=\"style-css-av-av_partner-11baa56e29339558d398e8bb8ba03aaa\">\n.avia-logo-element-container.av-av_partner-11baa56e29339558d398e8bb8ba03aaa .av-partner-fake-img{\nbackground-size:cover;\n}\n<\/style>\n<div  class='avia-logo-element-container av-av_partner-11baa56e29339558d398e8bb8ba03aaa avia-logo-slider avia-content-slider avia-smallarrow-slider avia-content-slider-active noHover avia-content-slider-odd  avia-builder-el-5  el_after_av_iconlist  avia-builder-el-last  av-slideshow-ui av-control-default av-nav-arrows-visible av-nav-dots-visible av-no-slider-navigation av-slideshow-manual av-loop-once av-loop-manual-endless avia-content-slider1' data-slideshow-options=\"{&quot;animation&quot;:&quot;slide&quot;,&quot;autoplay&quot;:false,&quot;loop_autoplay&quot;:&quot;once&quot;,&quot;interval&quot;:5,&quot;loop_manual&quot;:&quot;manual-endless&quot;,&quot;autoplay_stopper&quot;:false,&quot;noNavigation&quot;:false,&quot;bg_slider&quot;:false,&quot;keep_padding&quot;:&quot;&quot;,&quot;hoverpause&quot;:false,&quot;show_slide_delay&quot;:0}\"><div class='avia-smallarrow-slider-heading '><div class='new-special-heading'><h3 class='av-logo-special-heading-text '>ORGANITZA:<\/h3><\/div><\/div><div class=\"avia-content-slider-inner\"><div class=\"slide-entry-wrap\"><div  class='slide-entry av-av_partner_logo-a4e79b95e90c46ff5e36127def9e4db6 flex_column no_margin av_one_third real-thumbnail post-entry slide-entry-overview slide-loop-1 slide-parity-odd  first'><span class='av-partner-fake-img' style='padding-bottom:96.550264550265%; background-image:url(https:\/\/asianfilmfestival.barcelona\/2024\/wp-content\/uploads\/2024\/11\/CasaAsia2020_CMYK_Standard-1.jpg);'><\/span><\/div><div  class='slide-entry av-av_partner_logo-cfa1b61bc46511093be523f345f619e1 flex_column no_margin av_one_third real-thumbnail post-entry slide-entry-overview slide-loop-2 slide-parity-even post-entry-last '><span class='av-partner-fake-img' style='padding-bottom:96.550264550265%; background-image:url(https:\/\/asianfilmfestival.barcelona\/2024\/wp-content\/uploads\/2024\/11\/LOGO-QUADRAT_sense-linia-blanca_300dpi.jpg);'><\/span><\/div><\/div><\/div><\/div>\n","protected":false},"excerpt":{"rendered":"","protected":false},"author":9,"featured_media":54573,"comment_status":"closed","ping_status":"open","sticky":false,"template":"","format":"standard","meta":{"_acf_changed":false,"footnotes":""},"categories":[33],"tags":[],"class_list":["post-54592","post","type-post","status-publish","format-standard","has-post-thumbnail","hentry","category-noticies"],"acf":[],"_links":{"self":[{"href":"https:\/\/asianfilmfestival.barcelona\/2024\/ca\/wp-json\/wp\/v2\/posts\/54592","targetHints":{"allow":["GET"]}}],"collection":[{"href":"https:\/\/asianfilmfestival.barcelona\/2024\/ca\/wp-json\/wp\/v2\/posts"}],"about":[{"href":"https:\/\/asianfilmfestival.barcelona\/2024\/ca\/wp-json\/wp\/v2\/types\/post"}],"author":[{"embeddable":true,"href":"https:\/\/asianfilmfestival.barcelona\/2024\/ca\/wp-json\/wp\/v2\/users\/9"}],"replies":[{"embeddable":true,"href":"https:\/\/asianfilmfestival.barcelona\/2024\/ca\/wp-json\/wp\/v2\/comments?post=54592"}],"version-history":[{"count":5,"href":"https:\/\/asianfilmfestival.barcelona\/2024\/ca\/wp-json\/wp\/v2\/posts\/54592\/revisions"}],"predecessor-version":[{"id":55585,"href":"https:\/\/asianfilmfestival.barcelona\/2024\/ca\/wp-json\/wp\/v2\/posts\/54592\/revisions\/55585"}],"wp:featuredmedia":[{"embeddable":true,"href":"https:\/\/asianfilmfestival.barcelona\/2024\/ca\/wp-json\/wp\/v2\/media\/54573"}],"wp:attachment":[{"href":"https:\/\/asianfilmfestival.barcelona\/2024\/ca\/wp-json\/wp\/v2\/media?parent=54592"}],"wp:term":[{"taxonomy":"category","embeddable":true,"href":"https:\/\/asianfilmfestival.barcelona\/2024\/ca\/wp-json\/wp\/v2\/categories?post=54592"},{"taxonomy":"post_tag","embeddable":true,"href":"https:\/\/asianfilmfestival.barcelona\/2024\/ca\/wp-json\/wp\/v2\/tags?post=54592"}],"curies":[{"name":"wp","href":"https:\/\/api.w.org\/{rel}","templated":true}]}}