{"id":33076,"date":"2021-08-05T16:11:33","date_gmt":"2021-08-05T14:11:33","guid":{"rendered":"http:\/\/asianfilmfestival.barcelona\/2022\/casa-asia-national-museum-thyssen-bornemisza-and-mav-women-in-visual-arts-in-the-international-womens-day\/"},"modified":"2021-10-05T18:53:52","modified_gmt":"2021-10-05T16:53:52","slug":"casa-asia-al-dia-internacional-de-la-dona-una-trobada-amb-alice","status":"publish","type":"post","link":"https:\/\/asianfilmfestival.barcelona\/2024\/ca\/casa-asia-al-dia-internacional-de-la-dona-una-trobada-amb-alice\/","title":{"rendered":"Casa \u00c0sia al Dia Internacional de la Dona: \u201cUna trobada amb Alice\u201d"},"content":{"rendered":"\n<style type=\"text\/css\" data-created_by=\"avia_inline_auto\" id=\"style-css-av-kryz8m6a-78292bfb96e9e1cc7c640e3f1ce2a47b\">\n.avia-image-container.av-kryz8m6a-78292bfb96e9e1cc7c640e3f1ce2a47b img.avia_image{\nbox-shadow:none;\n}\n.avia-image-container.av-kryz8m6a-78292bfb96e9e1cc7c640e3f1ce2a47b .av-image-caption-overlay-center{\ncolor:#ffffff;\n}\n<\/style>\n<div  class='avia-image-container av-kryz8m6a-78292bfb96e9e1cc7c640e3f1ce2a47b av-styling- avia-align-center  avia-builder-el-0  el_before_av_textblock  avia-builder-el-first '  ><div class=\"avia-image-container-inner\"><div class=\"avia-image-overlay-wrap\"><img decoding=\"async\" fetchpriority=\"high\" class='wp-image-32826 avia-img-lazy-loading-not-32826 avia_image ' src=\"https:\/\/asianfilmfestival.barcelona\/2024\/wp-content\/uploads\/2021\/08\/Australia-ALICE-1-1.jpg\" alt='' title='Australia-ALICE-1-1'  height=\"250\" width=\"600\" srcset=\"https:\/\/asianfilmfestival.barcelona\/2024\/wp-content\/uploads\/2021\/08\/Australia-ALICE-1-1.jpg 600w, https:\/\/asianfilmfestival.barcelona\/2024\/wp-content\/uploads\/2021\/08\/Australia-ALICE-1-1-300x125.jpg 300w\" sizes=\"(max-width: 600px) 100vw, 600px\" \/><\/div><\/div><\/div>\n<section  class='av_textblock_section av-kryz8tjq-73d10803693748147db398787e7f1ce5 '  ><div class='avia_textblock' ><h1 style=\"text-align: center;\">Casa \u00c0sia al Dia Internacional de la Dona: \u201cUna trobada amb Alice\u201d<\/h1>\n<\/div><\/section>\n<section  class='av_textblock_section av-kryz94bp-e5d551e15b25cb677a58b427b469b549 '  ><div class='avia_textblock' ><p class=\"p1\"><strong><span class=\"s1\">En el marc del Dia Internacional de la Dona 2021, Casa \u00c0sia programa amb el Museu Nacional Thyssen-Bornemisza i MAV | Dones en les Arts Visuals, una trobada el proper 5 i el 6 de mar\u00e7. Els respectius actes consistiran en la projecci\u00f3 de la pel\u00b7l\u00edcula\u00a0<em>La decisi\u00f3 d\u2019Alice<\/em>, dirigida per la cineasta australiana Josephine Mackerras, seguida d\u2019una taula rodona. El dia 5 de mar\u00e7 comptarem amb la pres\u00e8ncia de Lola D\u00edaz Gonz\u00e1lez-Blanco, presidenta de MAV, Elena Manr\u00edquez, Gl\u00f2ria Oyarz\u00e1bal Lodge i Menene Gras Balaguer; i el dia 6, amb la participaci\u00f3 de Cecilia Bartolom\u00e9, Marisa Gonz\u00e1lez i Javier Mart\u00edn Dom\u00ednguez.<\/span><\/strong><\/p>\n<p class=\"p1\"><span class=\"s1\">Josephine Mackerras \u00e9s una cineasta, productora i guionista australiana, que va compartir la seva inf\u00e0ncia entre Austr\u00e0lia i la Xina, i als 16 anys se\u2019n va anar a viure a Jerusalem i des d\u2019all\u00ed a Amsterdam i a Nova York, on va cursar estudis cinematogr\u00e0fics. Els seus curtmetratges\u00a0<em>A Sign<\/em>,\u00a0<em>Modlitba<\/em>,\u00a0<em>L\u2019enfant perdu<\/em>\u00a0i\u00a0<em>Diva<\/em>\u00a0s\u2019han projectat en m\u00e9s de noranta festivals.\u00a0<em>La decisi\u00f3 d\u2019Alice<\/em>, el seu primer llargmetratge, \u00e9s la hist\u00f2ria d\u2019una dona que lluita per la seva emancipaci\u00f3 arran de l\u2019engany de qu\u00e8 \u00e9s objecte per part de Fran\u00e7ois, el seu marit i pare del seu fill, amb els quuals viu a Paris. Un dia, descobreix que les seves targetes de cr\u00e8dit han estat bloquejades i el compte bancari buidat pel seu marit, el qual mant\u00e9 una vida secreta amb prostitutes i acompanyants de luxe. A poc a poc, la protagonista donar\u00e0 un gir radical a la seva vida, assumint la situaci\u00f3 i demostrant-se a si mateixa del que \u00e9s capa\u00e7. Fran\u00e7ois tornar\u00e0 derrotat a casa, per\u00f2 res ser\u00e0 igual. Aquesta pel\u00b7l\u00edcula es va projectar a la passada edici\u00f3 de l\u2019Asian Film Festival Barcelona | AFFBCN 2020.<\/span><\/p>\n<p class=\"p1\"><span class=\"s1\">Presentaci\u00f3:<br \/>\n<\/span><span class=\"s1\"><strong>Guillermo Solana<\/strong>, director art\u00edstic del Museu Nacional Thyssen-Bornemisza<\/span><\/p>\n<p class=\"p1\"><em><span class=\"s1\">Divendres 5 de mar\u00e7 de 2021, a les 18.00 h<\/span><\/em><\/p>\n<p class=\"p1\"><strong><span class=\"s1\">Projecci\u00f3:\u00a0<em>La decisi\u00f3 d\u2019Alice<\/em>.<br \/>\n<\/span><\/strong><span class=\"s1\">Dir. Josephine Mackerras | 2019 | 103 \u2018| VOSE | Austr\u00e0lia \/ Fran\u00e7a | drama<\/span><\/p>\n<p class=\"p1\"><span class=\"s1\">Taula rodona a c\u00e0rrec de:<br \/>\n<\/span><span class=\"s1\"><strong>Lola D\u00edaz Gonz\u00e1lez-Blanco<\/strong>, presidenta de MAV | Dones en les Arts Visuals.<br \/>\n<\/span><span class=\"s1\"><strong>Elena Manr\u00edquez<\/strong>, programadora de Festival de Cinema fet per Dones.<br \/>\n<\/span><span class=\"s1\"><strong>Gloria Oyarz\u00e1bal Lodge<\/strong>, fot\u00f2grafa i artista visual.<\/span><\/p>\n<p class=\"p1\"><span class=\"s1\">Modera:<br \/>\n<\/span><span class=\"s1\"><strong>Menene Gras Balaguer<\/strong>, directora de Cultura i Exposicions de Casa \u00c0sia i directora de l\u2019AFFBCN.<\/span><\/p>\n<p class=\"p1\"><em><span class=\"s1\">Dissabte 6 de mar\u00e7 de 2021, a les 18.00 h<\/span><\/em><\/p>\n<p class=\"p1\"><strong><span class=\"s1\">Projecci\u00f3:\u00a0<em>La decisi\u00f3 d\u2019Alice<\/em>.<br \/>\n<\/span><\/strong><span class=\"s1\">Dir. Josephine Mackerras | 2019 | 103 \u2018| VOSE | Austr\u00e0lia \/ Fran\u00e7a | drama<\/span><\/p>\n<p class=\"p1\"><span class=\"s1\">Taula rodona a c\u00e0rrec de:<br \/>\n<\/span><span class=\"s1\"><strong>Cecilia Bartolom\u00e9 Pina<\/strong>, directora de cinema, guionista i productora. Medalla d\u2019or del m\u00e8rit a les Belles Arts.<br \/>\n<\/span><span class=\"s1\"><strong>Marisa Gonz\u00e1lez<\/strong>, artista multim\u00e8dia, assessora de MAV.<br \/>\n<\/span><span class=\"s1\"><strong>Javier Mart\u00edn Dom\u00ednguez<\/strong>, autor del documental\u00a0<em>Leonora Carrington i el joc surrealista<\/em>. Dirigeix el Club Internacional de Premsa.<\/span><\/p>\n<p class=\"p1\"><span class=\"s1\">Modera:<br \/>\n<\/span><span class=\"s1\"><strong>Menene Gras Balaguer<\/strong>, directora de Cultura i Exposicions de Casa \u00c0sia i directora de l\u2019AFFBCN.<\/span><\/p>\n<\/div><\/section>\n<div  class='avia-icon-list-container av-kryzcd8y-8b15442daabdf2eaff459bae008848fd  avia-builder-el-3  el_after_av_textblock  el_before_av_partner '><ul class='avia-icon-list avia_animate_when_almost_visible avia-icon-list-left av-iconlist-big av-kryzcd8y-8b15442daabdf2eaff459bae008848fd avia-iconlist-animate'>\n<li><div class='iconlist_icon av-41xpvv7-3fd688bc64a02a9d480fa9472818fe4a avia-font-entypo-fontello'><span class='iconlist-char' aria-hidden='true' data-av_icon='\ue85b' data-av_iconfont='entypo-fontello'><\/span><\/div><article class=\"article-icon-entry \" ><div class=\"iconlist_content_wrap\"><header class=\"entry-content-header\"><\/header><div class='iconlist_content ' ><p>05\/03\/2021<\/p>\n<\/div><\/div><footer class=\"entry-footer\"><\/footer><\/article><div class=\"iconlist-timeline\"><\/div><\/li>\n<li><div class='iconlist_icon av-3fnbzw3-1eeaac27e3cdceeb81a20c2464e10cb8 avia-font-entypo-fontello'><span class='iconlist-char' aria-hidden='true' data-av_icon='\ue862' data-av_iconfont='entypo-fontello'><\/span><\/div><article class=\"article-icon-entry \" ><div class=\"iconlist_content_wrap\"><header class=\"entry-content-header\"><\/header><div class='iconlist_content ' ><p>Friday 5th and Saturday 6th of March, 2021. 18.00<\/p>\n<\/div><\/div><footer class=\"entry-footer\"><\/footer><\/article><div class=\"iconlist-timeline\"><\/div><\/li>\n<li><div class='iconlist_icon av-316fuqb-d8c439130c8cefa0b6fbc09b35e23667 avia-font-entypo-fontello'><span class='iconlist-char' aria-hidden='true' data-av_icon='\ue842' data-av_iconfont='entypo-fontello'><\/span><\/div><article class=\"article-icon-entry \" ><div class=\"iconlist_content_wrap\"><header class=\"entry-content-header\"><\/header><div class='iconlist_content ' ><p><strong>National Museum Thyssen-Bornemisza<\/strong>\u00a0Paseo del Prado, 8, 28014 Madrid<\/p>\n<\/div><\/div><footer class=\"entry-footer\"><\/footer><\/article><div class=\"iconlist-timeline\"><\/div><\/li>\n<li><div class='iconlist_icon av-2nhl85v-a528c23e384aca2f23558f95661d7b7c avia-font-entypo-fontello'><span class='iconlist-char' aria-hidden='true' data-av_icon='\ue8cb' data-av_iconfont='entypo-fontello'><\/span><\/div><article class=\"article-icon-entry \" ><div class=\"iconlist_content_wrap\"><header class=\"entry-content-header\"><\/header><div class='iconlist_content ' ><p><strong>Ticket price:<\/strong>\u00a0It is necessary that each individual subscribe themselves starting from March 1, indicating the date of the session through\u00a0<strong><u>protocolo@museothyssen.org<\/u><\/strong><\/p>\n<\/div><\/div><footer class=\"entry-footer\"><\/footer><\/article><div class=\"iconlist-timeline\"><\/div><\/li>\n<li><div class='iconlist_icon av-1y6hl4j-d74a6977a43088116d13badc29071565 avia-font-entypo-fontello'><span class='iconlist-char' aria-hidden='true' data-av_icon='\ue80a' data-av_iconfont='entypo-fontello'><\/span><\/div><article class=\"article-icon-entry \" ><div class=\"iconlist_content_wrap\"><header class=\"entry-content-header\"><\/header><div class='iconlist_content ' ><p>Casa Asia , Museo Nacional Thyssen-Bornemisza\u00a0 with the collaboration of MAV | Mujeres en las Artes Visuales and Flamingo Films.<\/p>\n<\/div><\/div><footer class=\"entry-footer\"><\/footer><\/article><div class=\"iconlist-timeline\"><\/div><\/li>\n<\/ul><\/div>\n\n<style type=\"text\/css\" data-created_by=\"avia_inline_auto\" id=\"style-css-av-kryzfkyz-7287f7d6f247f181475794c4ffba9eed\">\n.avia-logo-element-container.av-kryzfkyz-7287f7d6f247f181475794c4ffba9eed .av-partner-fake-img{\nbackground-size:cover;\n}\n<\/style>\n<div  class='avia-logo-element-container av-kryzfkyz-7287f7d6f247f181475794c4ffba9eed avia-logo-slider avia-content-slider avia-smallarrow-slider avia-content-slider-active noHover avia-content-slider-odd  avia-builder-el-4  el_after_av_iconlist  avia-builder-el-last  av-slideshow-ui av-control-default av-nav-arrows-visible av-nav-dots-visible av-no-slider-navigation av-slideshow-manual av-loop-once av-loop-manual-endless avia-content-slider1' data-slideshow-options=\"{&quot;animation&quot;:&quot;slide&quot;,&quot;autoplay&quot;:false,&quot;loop_autoplay&quot;:&quot;once&quot;,&quot;interval&quot;:5,&quot;loop_manual&quot;:&quot;manual-endless&quot;,&quot;autoplay_stopper&quot;:false,&quot;noNavigation&quot;:false,&quot;bg_slider&quot;:false,&quot;keep_padding&quot;:&quot;&quot;,&quot;hoverpause&quot;:false,&quot;show_slide_delay&quot;:0}\"><div class='avia-smallarrow-slider-heading  no-logo-slider-heading '><div class='new-special-heading'>&nbsp;<\/div><\/div><div class=\"avia-content-slider-inner\"><div class=\"slide-entry-wrap\"><div  class='slide-entry av-1pvb9n7-d1a040f0ea3ab1d2f96455719ee7d79c flex_column no_margin av_one_third real-thumbnail post-entry slide-entry-overview slide-loop-1 slide-parity-odd  first'><\/div><div  class='slide-entry av-17oxqnn-24881b87052d0263cd5a5a8616e87ab9 flex_column no_margin av_one_third real-thumbnail post-entry slide-entry-overview slide-loop-2 slide-parity-even  '><\/div><div  class='slide-entry av-wzyuwj-78c1b615116608f96a959b6df4a00d2d flex_column no_margin av_one_third real-thumbnail post-entry slide-entry-overview slide-loop-3 slide-parity-odd post-entry-last '><\/div><\/div><\/div><\/div>\n","protected":false},"excerpt":{"rendered":"","protected":false},"author":8,"featured_media":32826,"comment_status":"closed","ping_status":"open","sticky":false,"template":"","format":"standard","meta":{"_acf_changed":false,"footnotes":""},"categories":[33],"tags":[],"class_list":["post-33076","post","type-post","status-publish","format-standard","has-post-thumbnail","hentry","category-noticies"],"acf":[],"_links":{"self":[{"href":"https:\/\/asianfilmfestival.barcelona\/2024\/ca\/wp-json\/wp\/v2\/posts\/33076","targetHints":{"allow":["GET"]}}],"collection":[{"href":"https:\/\/asianfilmfestival.barcelona\/2024\/ca\/wp-json\/wp\/v2\/posts"}],"about":[{"href":"https:\/\/asianfilmfestival.barcelona\/2024\/ca\/wp-json\/wp\/v2\/types\/post"}],"author":[{"embeddable":true,"href":"https:\/\/asianfilmfestival.barcelona\/2024\/ca\/wp-json\/wp\/v2\/users\/8"}],"replies":[{"embeddable":true,"href":"https:\/\/asianfilmfestival.barcelona\/2024\/ca\/wp-json\/wp\/v2\/comments?post=33076"}],"version-history":[{"count":0,"href":"https:\/\/asianfilmfestival.barcelona\/2024\/ca\/wp-json\/wp\/v2\/posts\/33076\/revisions"}],"wp:featuredmedia":[{"embeddable":true,"href":"https:\/\/asianfilmfestival.barcelona\/2024\/ca\/wp-json\/wp\/v2\/media\/32826"}],"wp:attachment":[{"href":"https:\/\/asianfilmfestival.barcelona\/2024\/ca\/wp-json\/wp\/v2\/media?parent=33076"}],"wp:term":[{"taxonomy":"category","embeddable":true,"href":"https:\/\/asianfilmfestival.barcelona\/2024\/ca\/wp-json\/wp\/v2\/categories?post=33076"},{"taxonomy":"post_tag","embeddable":true,"href":"https:\/\/asianfilmfestival.barcelona\/2024\/ca\/wp-json\/wp\/v2\/tags?post=33076"}],"curies":[{"name":"wp","href":"https:\/\/api.w.org\/{rel}","templated":true}]}}