{"id":32507,"date":"2021-08-05T16:45:10","date_gmt":"2021-08-05T14:45:10","guid":{"rendered":"http:\/\/asianfilmfestival.barcelona\/2022\/?p=30579"},"modified":"2021-10-05T18:12:33","modified_gmt":"2021-10-05T16:12:33","slug":"cuso-online-historia-del-japon-de-posguerra-a-traves-de-su-cine-2","status":"publish","type":"post","link":"https:\/\/asianfilmfestival.barcelona\/2024\/ca\/cuso-online-historia-del-japon-de-posguerra-a-traves-de-su-cine-2\/","title":{"rendered":"Curs Online: \u00abHist\u00f2ria del Jap\u00f3 de postguerra a trav\u00e9s del seu cinema\u00bb"},"content":{"rendered":"\n<style type=\"text\/css\" data-created_by=\"avia_inline_auto\" id=\"style-css-av-krz0tcfd-5b65eea3a7ca05e3a977216d100bf470\">\n.avia-image-container.av-krz0tcfd-5b65eea3a7ca05e3a977216d100bf470 img.avia_image{\nbox-shadow:none;\n}\n.avia-image-container.av-krz0tcfd-5b65eea3a7ca05e3a977216d100bf470 .av-image-caption-overlay-center{\ncolor:#ffffff;\n}\n<\/style>\n<div  class='avia-image-container av-krz0tcfd-5b65eea3a7ca05e3a977216d100bf470 av-styling- avia-align-center  avia-builder-el-0  el_before_av_textblock  avia-builder-el-first '  ><div class=\"avia-image-container-inner\"><div class=\"avia-image-overlay-wrap\"><img decoding=\"async\" fetchpriority=\"high\" class='wp-image-32779 avia-img-lazy-loading-not-32779 avia_image ' src=\"https:\/\/asianfilmfestival.barcelona\/2024\/wp-content\/uploads\/2021\/08\/curso-historia-japon-cine-1030x579-1-1.jpg\" alt='' title='curso-historia-japon-cine-1030x579-1'  height=\"579\" width=\"1030\" srcset=\"https:\/\/asianfilmfestival.barcelona\/2024\/wp-content\/uploads\/2021\/08\/curso-historia-japon-cine-1030x579-1-1.jpg 1030w, https:\/\/asianfilmfestival.barcelona\/2024\/wp-content\/uploads\/2021\/08\/curso-historia-japon-cine-1030x579-1-1-300x169.jpg 300w, https:\/\/asianfilmfestival.barcelona\/2024\/wp-content\/uploads\/2021\/08\/curso-historia-japon-cine-1030x579-1-1-768x432.jpg 768w, https:\/\/asianfilmfestival.barcelona\/2024\/wp-content\/uploads\/2021\/08\/curso-historia-japon-cine-1030x579-1-1-705x396.jpg 705w\" sizes=\"(max-width: 1030px) 100vw, 1030px\" \/><\/div><\/div><\/div>\n<section  class='av_textblock_section av-krz0tjsl-db0999f759c6f64b790bfb3ef32ed077 '  ><div class='avia_textblock' ><h1 class=\"entry-title fusion-responsive-typography-calculated\" style=\"text-align: center;\" data-fontsize=\"50\" data-lineheight=\"normal\">Curs online: \u201cHist\u00f2ria del Jap\u00f3 de postguerra a trav\u00e9s del seu cinema\u201d<\/h1>\n<\/div><\/section>\n<section  class='av_textblock_section av-krz0uf2l-2e6760bcd3bab5618f61ea489e699841 '  ><div class='avia_textblock' ><p class=\"p1\"><strong><span class=\"s1\">Despr\u00e9s de la seva derrota a la Segona Guerra Mundial, molts japonesos es van comminar a fomentar en la ciutadania els valors democr\u00e0tics que impedissin que el Jap\u00f3 torn\u00e9s a sucumbir al feixisme. El cinema va ser l\u2019art de masses per excel\u00b7l\u00e8ncia al Jap\u00f3 de postguerra, i com a tal permetia als directors disseminar el seu missatge a \u00e0mplies capes de la societat i intervenir des d\u2019una posici\u00f3 immillorable en el proc\u00e9s de democratitzaci\u00f3 dels japonesos.<\/span><\/strong><\/p>\n<p class=\"p1\"><span class=\"s1\">En aquest curs ens endinsarem en la hist\u00f2ria del Jap\u00f3 de postguerra a trav\u00e9s d\u2019un recorregut per les obres d\u2019un conjunt de directors representatius de l\u2019\u00e8poca, observant com a trav\u00e9s del cinema intentaven generar en els japonesos una consci\u00e8ncia democr\u00e0tica i modernitzadora. Cada sessi\u00f3 es centrar\u00e0 en un director, presentant primer la seva biografia i context hist\u00f2ric, i debatent a continuaci\u00f3 sobre el seu cinema al voltant d\u2019una pel\u00b7l\u00edcula representativa.<\/span><\/p>\n<p class=\"p1\"><strong><span class=\"s1\">Programa:<\/span><\/strong><\/p>\n<ul>\n<li class=\"p1\"><span class=\"s1\">Sessi\u00f3 1: Akira Kurosawa (1910-1998)<\/span><\/li>\n<li class=\"p1\">Sessi\u00f3 2: Kenji Mizoguchi (1898-1956)<\/li>\n<li class=\"p1\">Sessi\u00f3 3: Keisuke Kinoshita (1912-1998)<\/li>\n<li class=\"p1\">Sessi\u00f3 4: Yasuzo Masumura (1924-1986)<\/li>\n<li class=\"p1\">Sessi\u00f3 5: Masaki Kobayashi (1916-1996)<\/li>\n<li class=\"p1\">Sessi\u00f3 6: Hiroshi Teshigahara (1927-2001)<\/li>\n<li class=\"p1\">Sessi\u00f3 7: Nagisa Oshima (1932-2013)<\/li>\n<li class=\"p1\">Sessi\u00f3 8: Shinsuke Ogawa (1935-1992)<\/li>\n<li class=\"p1\">Sessi\u00f3 9: Yoshishige Yoshida (1933-)<\/li>\n<li class=\"p1\">Sessi\u00f3 10: Shuji Terayama (1935-1983)<\/li>\n<\/ul>\n<p class=\"p1\"><strong><span class=\"s1\">Professor:<\/span><\/strong><\/p>\n<p class=\"p1\"><span class=\"s1\"><strong>Ferran de Vargas<\/strong>\u00a0\u00e9s doctor en Traducci\u00f3 i Estudis Interculturals, especialitzat en hist\u00f2ria i cinema de Jap\u00f3, i actualment col\u00b7labora en el grup de recerca GREGAL: Circulaci\u00f3 Cultural Jap\u00f3-Corea-Catalunya\/Espanya. \u00c9s autor de el llibre\u00a0<em>Esquerra i revoluci\u00f3. Una hist\u00f2ria pol\u00edtica de Jap\u00f3 de postguerra (1945-1972)<\/em>\u00a0(2020, Edicions Bellaterra).<\/span><\/p>\n<\/div><\/section>\n<div  class='avia-icon-list-container av-krz0vzmp-aaf68e4e1ad915af089409b411d52978  avia-builder-el-3  el_after_av_textblock  el_before_av_partner '><ul class='avia-icon-list avia_animate_when_almost_visible avia-icon-list-left av-iconlist-big av-krz0vzmp-aaf68e4e1ad915af089409b411d52978 avia-iconlist-animate'>\n<li><div class='iconlist_icon av-2t767df-adb1cf360c509fd76b152aab313bca7c avia-font-entypo-fontello'><span class='iconlist-char' aria-hidden='true' data-av_icon='\ue85b' data-av_iconfont='entypo-fontello'><\/span><\/div><article class=\"article-icon-entry \" ><div class=\"iconlist_content_wrap\"><header class=\"entry-content-header\"><\/header><div class='iconlist_content ' ><p>26\/03\/2021<\/p>\n<\/div><\/div><footer class=\"entry-footer\"><\/footer><\/article><div class=\"iconlist-timeline\"><\/div><\/li>\n<li><div class='iconlist_icon av-95z31v-d8a4c4f90506df823c240cfcb11209fe avia-font-entypo-fontello'><span class='iconlist-char' aria-hidden='true' data-av_icon='\ue862' data-av_iconfont='entypo-fontello'><\/span><\/div><article class=\"article-icon-entry \" ><div class=\"iconlist_content_wrap\"><header class=\"entry-content-header\"><\/header><div class='iconlist_content ' ><p>Del 26 de mar\u00e7 al 4 de juny.<br \/>\nDivendres de 19.00 h a 21.00 h<br \/>\n10 sessions de 2 hores. Total 20 hores.<\/p>\n<\/div><\/div><footer class=\"entry-footer\"><\/footer><\/article><div class=\"iconlist-timeline\"><\/div><\/li>\n<li><div class='iconlist_icon av-246wnjn-1456a29d513bfd441eb41e8893a03529 avia-font-entypo-fontello'><span class='iconlist-char' aria-hidden='true' data-av_icon='\ue842' data-av_iconfont='entypo-fontello'><\/span><\/div><article class=\"article-icon-entry \" ><div class=\"iconlist_content_wrap\"><header class=\"entry-content-header\"><\/header><div class='iconlist_content ' ><p>Online. 24 hores abans de l\u2019acte les persones inscrites rebran la informaci\u00f3 necess\u00e0ria per accedir-hi.<\/p>\n<\/div><\/div><footer class=\"entry-footer\"><\/footer><\/article><div class=\"iconlist-timeline\"><\/div><\/li>\n<li><div class='iconlist_icon av-60uq43-eec0056dfa3cca93742d52a3dce8a228 avia-font-entypo-fontello'><span class='iconlist-char' aria-hidden='true' data-av_icon='\ue8cb' data-av_iconfont='entypo-fontello'><\/span><\/div><article class=\"article-icon-entry \" ><div class=\"iconlist_content_wrap\"><header class=\"entry-content-header\"><\/header><div class='iconlist_content ' ><p>Preu: 130 euros.<\/p>\n<\/div><\/div><footer class=\"entry-footer\"><\/footer><\/article><div class=\"iconlist-timeline\"><\/div><\/li>\n<li><div class='iconlist_icon av-1aacnhv-f35a6d8bf2afbea394d1b5273310b6fe avia-font-entypo-fontello'><span class='iconlist-char' aria-hidden='true' data-av_icon='\ue80a' data-av_iconfont='entypo-fontello'><\/span><\/div><article class=\"article-icon-entry \" ><div class=\"iconlist_content_wrap\"><header class=\"entry-content-header\"><\/header><div class='iconlist_content ' ><article class=\"article-icon-entry \">\n<div class=\"iconlist_content_wrap\">\n<div class=\"iconlist_content \">\n<p>Casa \u00c0sia, amb la col\u00b7laboraci\u00f3 del grup d\u2019investigaci\u00f3 GREGAL<\/p>\n<\/div>\n<\/div>\n<\/article>\n<\/div><\/div><footer class=\"entry-footer\"><\/footer><\/article><div class=\"iconlist-timeline\"><\/div><\/li>\n<\/ul><\/div>\n\n","protected":false},"excerpt":{"rendered":"","protected":false},"author":8,"featured_media":32779,"comment_status":"closed","ping_status":"open","sticky":false,"template":"","format":"standard","meta":{"_acf_changed":false,"footnotes":""},"categories":[33],"tags":[],"class_list":["post-32507","post","type-post","status-publish","format-standard","has-post-thumbnail","hentry","category-noticies"],"acf":[],"_links":{"self":[{"href":"https:\/\/asianfilmfestival.barcelona\/2024\/ca\/wp-json\/wp\/v2\/posts\/32507","targetHints":{"allow":["GET"]}}],"collection":[{"href":"https:\/\/asianfilmfestival.barcelona\/2024\/ca\/wp-json\/wp\/v2\/posts"}],"about":[{"href":"https:\/\/asianfilmfestival.barcelona\/2024\/ca\/wp-json\/wp\/v2\/types\/post"}],"author":[{"embeddable":true,"href":"https:\/\/asianfilmfestival.barcelona\/2024\/ca\/wp-json\/wp\/v2\/users\/8"}],"replies":[{"embeddable":true,"href":"https:\/\/asianfilmfestival.barcelona\/2024\/ca\/wp-json\/wp\/v2\/comments?post=32507"}],"version-history":[{"count":0,"href":"https:\/\/asianfilmfestival.barcelona\/2024\/ca\/wp-json\/wp\/v2\/posts\/32507\/revisions"}],"wp:featuredmedia":[{"embeddable":true,"href":"https:\/\/asianfilmfestival.barcelona\/2024\/ca\/wp-json\/wp\/v2\/media\/32779"}],"wp:attachment":[{"href":"https:\/\/asianfilmfestival.barcelona\/2024\/ca\/wp-json\/wp\/v2\/media?parent=32507"}],"wp:term":[{"taxonomy":"category","embeddable":true,"href":"https:\/\/asianfilmfestival.barcelona\/2024\/ca\/wp-json\/wp\/v2\/categories?post=32507"},{"taxonomy":"post_tag","embeddable":true,"href":"https:\/\/asianfilmfestival.barcelona\/2024\/ca\/wp-json\/wp\/v2\/tags?post=32507"}],"curies":[{"name":"wp","href":"https:\/\/api.w.org\/{rel}","templated":true}]}}