{"id":32493,"date":"2021-08-04T12:19:53","date_gmt":"2021-08-04T10:19:53","guid":{"rendered":"http:\/\/asianfilmfestival.barcelona\/2022\/?p=30425"},"modified":"2021-10-05T18:33:38","modified_gmt":"2021-10-05T16:33:38","slug":"presentacio-del-documental-ull-a-ull-i-col%c2%b7loqui-amb-la-seva-autora-fina-sensada","status":"publish","type":"post","link":"https:\/\/asianfilmfestival.barcelona\/2024\/ca\/presentacio-del-documental-ull-a-ull-i-col%c2%b7loqui-amb-la-seva-autora-fina-sensada\/","title":{"rendered":"Presentaci\u00f3 del documental \u00abUll a ull\u00bb i col\u00b7loqui amb la seva autora Fina Sensada"},"content":{"rendered":"\n<style type=\"text\/css\" data-created_by=\"avia_inline_auto\" id=\"style-css-av-krxbbpis-5e83fd3f74c2cc57e72897054f0737b4\">\n.avia-image-container.av-krxbbpis-5e83fd3f74c2cc57e72897054f0737b4 img.avia_image{\nbox-shadow:none;\n}\n.avia-image-container.av-krxbbpis-5e83fd3f74c2cc57e72897054f0737b4 .av-image-caption-overlay-center{\ncolor:#ffffff;\n}\n<\/style>\n<div  class='avia-image-container av-krxbbpis-5e83fd3f74c2cc57e72897054f0737b4 av-styling- avia-align-center  avia-builder-el-0  el_before_av_textblock  avia-builder-el-first '  ><div class=\"avia-image-container-inner\"><div class=\"avia-image-overlay-wrap\"><img decoding=\"async\" fetchpriority=\"high\" class='wp-image-32920 avia-img-lazy-loading-not-32920 avia_image ' src=\"https:\/\/asianfilmfestival.barcelona\/2024\/wp-content\/uploads\/2021\/08\/ull-a-ull-3-copia-1-1.jpg\" alt='' title='ull-a-ull-3-copia-1'  height=\"716\" width=\"948\" srcset=\"https:\/\/asianfilmfestival.barcelona\/2024\/wp-content\/uploads\/2021\/08\/ull-a-ull-3-copia-1-1.jpg 948w, https:\/\/asianfilmfestival.barcelona\/2024\/wp-content\/uploads\/2021\/08\/ull-a-ull-3-copia-1-1-300x227.jpg 300w, https:\/\/asianfilmfestival.barcelona\/2024\/wp-content\/uploads\/2021\/08\/ull-a-ull-3-copia-1-1-768x580.jpg 768w, https:\/\/asianfilmfestival.barcelona\/2024\/wp-content\/uploads\/2021\/08\/ull-a-ull-3-copia-1-1-705x532.jpg 705w\" sizes=\"(max-width: 948px) 100vw, 948px\" \/><\/div><\/div><\/div>\n<section  class='av_textblock_section av-krxbbz4i-935221fa9d160b2a6908298c2321811a '  ><div class='avia_textblock' ><h1 class=\"entry-title fusion-responsive-typography-calculated\" style=\"text-align: center;\" data-fontsize=\"50\" data-lineheight=\"normal\">Presentaci\u00f3 del documental \u00abUll a ull\u00bb i col\u00b7loqui amb la seva autora Fina Sensada<\/h1>\n<\/div><\/section>\n<section  class='av_textblock_section av-krxbcave-30c6f3d289c9ba08dd4e790cae1a9ddc '  ><div class='avia_textblock' ><p class=\"p1\"><strong><span class=\"s1\">Casa \u00c0sia organitza la presentaci\u00f3 i el col\u00b7loqui sobre el documental\u00a0<em>Ull a ull<\/em>\u00a0realitzat per Fina Sensada.\u00a0<em>Quan el cor parla i el cor mira, es desvetllen molts secrets.<\/em>\u00a0Es tracta d\u2019un testimoni personal i humanista d\u2019un poble despla\u00e7at, sense estat, sense terra, sense papers, sense drets ni identitat. La realitzadora va viatjar al camp de refugiats rohiny\u00e1s de Kutapalong, al sud de Bangla Desh, camuflada entre un equip m\u00e8dic. \u00c9s aix\u00ed com va poder entrar en aquest camp de concentraci\u00f3 en el qual conviuen un mili\u00f3 de persones amuntegades i 20000 infants orfes deambulen entre barraques de pl\u00e0stic i despulles humanes. Quan va aconseguir apropar-s\u2019hi, va descobrir com uns ulls poden parlar i transmetre els seus secrets en un idioma universal que nom\u00e9s l\u2019ull de la c\u00e0mera pot capturar.<\/span><\/strong><\/p>\n<p class=\"p1\"><span class=\"s1\"><strong>Fina Sensada<\/strong>\u00a0va abandonar els seus estudis de Ci\u00e8ncies Econ\u00f2miques pel cinema. Des de fa m\u00e9s de trenta anys treballa com a freelance en la ind\u00fastria cinematogr\u00e0fica nacional i internacional, com a directora. El 2005, va cofundar juntament amb el Dr. Fernando Fonseca la productora La i La Produktions, sense \u00e0nim de lucre, amb l\u2019\u00fanic objectiu de produir i realitzar audiovisuals per sensibilitzar els p\u00fablics amb la problem\u00e0tica generada per la pobresa i l\u2019exclusi\u00f3 social a nivell sanitari. Ha compaginat l\u2019activitat docent a l\u2019ESCAC (Barcelona), EICTV (Cuba) i la Universitat de Santo Domingo amb la realitzaci\u00f3 audiovisual. Acaba de participar com a jurat de la Secci\u00f3 NETPAC en la passada edici\u00f3 de l\u2019Asian Film Festival Barcelona | AFFBCN 2020, despr\u00e9s de fundar la Fernando Fonseca Foundation (Medicina i cinema) per continuar l\u2019obra del Dr. Fonseca que va morir el 2014.<\/span><\/p>\n<\/div><\/section>\n<div  class='avia-icon-list-container av-1zy0ja1-24a51383ab696d8d82cb9015ffb20bd7  avia-builder-el-3  el_after_av_textblock  el_before_av_partner '><ul class='avia-icon-list avia_animate_when_almost_visible avia-icon-list-left av-iconlist-big av-1zy0ja1-24a51383ab696d8d82cb9015ffb20bd7 avia-iconlist-animate'><\/ul><\/div>\n\n<style type=\"text\/css\" data-created_by=\"avia_inline_auto\" id=\"style-css-av-krxbu3f1-f5a0c475615b7abefecc6622969edeeb\">\n.avia-logo-element-container.av-krxbu3f1-f5a0c475615b7abefecc6622969edeeb .av-partner-fake-img{\nbackground-size:cover;\n}\n<\/style>\n<div  class='avia-logo-element-container av-krxbu3f1-f5a0c475615b7abefecc6622969edeeb avia-logo-slider avia-content-slider avia-smallarrow-slider avia-content-slider-active noHover avia-content-slider-odd  avia-builder-el-4  el_after_av_iconlist  avia-builder-el-last  av-slideshow-ui av-control-default av-nav-arrows-visible av-nav-dots-visible av-no-slider-navigation av-slideshow-manual av-loop-once av-loop-manual-endless avia-content-slider1' data-slideshow-options=\"{&quot;animation&quot;:&quot;slide&quot;,&quot;autoplay&quot;:false,&quot;loop_autoplay&quot;:&quot;once&quot;,&quot;interval&quot;:5,&quot;loop_manual&quot;:&quot;manual-endless&quot;,&quot;autoplay_stopper&quot;:false,&quot;noNavigation&quot;:false,&quot;bg_slider&quot;:false,&quot;keep_padding&quot;:&quot;&quot;,&quot;hoverpause&quot;:false,&quot;show_slide_delay&quot;:0}\"><div class='avia-smallarrow-slider-heading  no-logo-slider-heading '><div class='new-special-heading'>&nbsp;<\/div><\/div><div class=\"avia-content-slider-inner\"><div class=\"slide-entry-wrap\"><div  class='slide-entry av-1ht8vmh-a4e7770e43230864de8313914ed1ee9b flex_column no_margin av_one_third real-thumbnail post-entry slide-entry-overview slide-loop-1 slide-parity-odd  first'><\/div><div  class='slide-entry av-1amk1a1-176d9f08f796119cad8d4aeca557bf27 flex_column no_margin av_one_third real-thumbnail post-entry slide-entry-overview slide-loop-2 slide-parity-even  '><span class='av-partner-fake-img' style='padding-bottom:15.868263473054%; background-image:url(https:\/\/asianfilmfestival.barcelona\/2024\/wp-content\/uploads\/2019\/12\/cinemes-girona.jpg);'><\/span><\/div><div  class='slide-entry av-ndipw9-8ec33f9c2af8d1ece1198b3e0d056645 flex_column no_margin av_one_third real-thumbnail post-entry slide-entry-overview slide-loop-3 slide-parity-odd post-entry-last '><\/div><\/div><\/div><\/div>\n","protected":false},"excerpt":{"rendered":"","protected":false},"author":8,"featured_media":32920,"comment_status":"closed","ping_status":"open","sticky":false,"template":"","format":"standard","meta":{"_acf_changed":false,"footnotes":""},"categories":[33],"tags":[],"class_list":["post-32493","post","type-post","status-publish","format-standard","has-post-thumbnail","hentry","category-noticies"],"acf":[],"_links":{"self":[{"href":"https:\/\/asianfilmfestival.barcelona\/2024\/ca\/wp-json\/wp\/v2\/posts\/32493","targetHints":{"allow":["GET"]}}],"collection":[{"href":"https:\/\/asianfilmfestival.barcelona\/2024\/ca\/wp-json\/wp\/v2\/posts"}],"about":[{"href":"https:\/\/asianfilmfestival.barcelona\/2024\/ca\/wp-json\/wp\/v2\/types\/post"}],"author":[{"embeddable":true,"href":"https:\/\/asianfilmfestival.barcelona\/2024\/ca\/wp-json\/wp\/v2\/users\/8"}],"replies":[{"embeddable":true,"href":"https:\/\/asianfilmfestival.barcelona\/2024\/ca\/wp-json\/wp\/v2\/comments?post=32493"}],"version-history":[{"count":0,"href":"https:\/\/asianfilmfestival.barcelona\/2024\/ca\/wp-json\/wp\/v2\/posts\/32493\/revisions"}],"wp:featuredmedia":[{"embeddable":true,"href":"https:\/\/asianfilmfestival.barcelona\/2024\/ca\/wp-json\/wp\/v2\/media\/32920"}],"wp:attachment":[{"href":"https:\/\/asianfilmfestival.barcelona\/2024\/ca\/wp-json\/wp\/v2\/media?parent=32493"}],"wp:term":[{"taxonomy":"category","embeddable":true,"href":"https:\/\/asianfilmfestival.barcelona\/2024\/ca\/wp-json\/wp\/v2\/categories?post=32493"},{"taxonomy":"post_tag","embeddable":true,"href":"https:\/\/asianfilmfestival.barcelona\/2024\/ca\/wp-json\/wp\/v2\/tags?post=32493"}],"curies":[{"name":"wp","href":"https:\/\/api.w.org\/{rel}","templated":true}]}}