{"id":32488,"date":"2021-08-03T14:22:15","date_gmt":"2021-08-03T12:22:15","guid":{"rendered":"http:\/\/asianfilmfestival.barcelona\/2022\/?p=30372"},"modified":"2021-10-05T18:39:04","modified_gmt":"2021-10-05T16:39:04","slug":"webcast-tanaka-kinuyo-una-estrella-darrere-la-camera-en-el-marc-de-laffbcn","status":"publish","type":"post","link":"https:\/\/asianfilmfestival.barcelona\/2024\/ca\/webcast-tanaka-kinuyo-una-estrella-darrere-la-camera-en-el-marc-de-laffbcn\/","title":{"rendered":"Webcast \u00abTanaka Kinuyo: una estrella darrere la c\u00e0mera\u00bb en el marc de l\u2019AFFBCN"},"content":{"rendered":"\n<style type=\"text\/css\" data-created_by=\"avia_inline_auto\" id=\"style-css-av-krvyota5-4e73eccb0b94376826697c0c926f96b8\">\n.avia-image-container.av-krvyota5-4e73eccb0b94376826697c0c926f96b8 img.avia_image{\nbox-shadow:none;\n}\n.avia-image-container.av-krvyota5-4e73eccb0b94376826697c0c926f96b8 .av-image-caption-overlay-center{\ncolor:#ffffff;\n}\n<\/style>\n<div  class='avia-image-container av-krvyota5-4e73eccb0b94376826697c0c926f96b8 av-styling- avia-align-center  avia-builder-el-0  el_before_av_textblock  avia-builder-el-first '  ><div class=\"avia-image-container-inner\"><div class=\"avia-image-overlay-wrap\"><img decoding=\"async\" fetchpriority=\"high\" class='wp-image-32960 avia-img-lazy-loading-not-32960 avia_image ' src=\"https:\/\/asianfilmfestival.barcelona\/2024\/wp-content\/uploads\/2021\/08\/Enr7RhwW4AUBrHm-1.jpg\" alt='' title='Enr7RhwW4AUBrHm'  height=\"645\" width=\"900\" srcset=\"https:\/\/asianfilmfestival.barcelona\/2024\/wp-content\/uploads\/2021\/08\/Enr7RhwW4AUBrHm-1.jpg 900w, https:\/\/asianfilmfestival.barcelona\/2024\/wp-content\/uploads\/2021\/08\/Enr7RhwW4AUBrHm-1-300x215.jpg 300w, https:\/\/asianfilmfestival.barcelona\/2024\/wp-content\/uploads\/2021\/08\/Enr7RhwW4AUBrHm-1-768x550.jpg 768w, https:\/\/asianfilmfestival.barcelona\/2024\/wp-content\/uploads\/2021\/08\/Enr7RhwW4AUBrHm-1-260x185.jpg 260w, https:\/\/asianfilmfestival.barcelona\/2024\/wp-content\/uploads\/2021\/08\/Enr7RhwW4AUBrHm-1-705x505.jpg 705w\" sizes=\"(max-width: 900px) 100vw, 900px\" \/><\/div><\/div><\/div>\n<section  class='av_textblock_section av-krvyp74n-c0ad39c25fb32345360538ca6022f92e '  ><div class='avia_textblock' ><h1 class=\"entry-title fusion-responsive-typography-calculated\" style=\"text-align: center;\" data-fontsize=\"50\" data-lineheight=\"normal\">Webcast \u00abTanaka Kinuyo: una estrella darrere la c\u00e0mera\u00bb en el marc de l\u2019AFFBCN<\/h1>\n<\/div><\/section>\n<section  class='av_textblock_section av-krvyq7hm-efe7c73f509c580cac3e96080006b9ab '  ><div class='avia_textblock' ><p class=\"p1\"><strong><span class=\"s1\">Amb motiu de la retrospectiva dedicada a la faceta com a directora d\u2019una de les grans estrelles femenines de la hist\u00f2ria de cinema japon\u00e8s, Tanaka Kinuyo (1909-1977), organitzem aquest webcast per parlar de la figura i el treball de Tanaka, pilar fonamental del cinema japon\u00e8s, i del valor de la seva obra com a realitzadora. Acte a c\u00e0rrec de la Dra. Irene Gonz\u00e1lez-L\u00f3pez, investigadora postdoctoral a la Universitat de Kingston (Londres) i coeditora del primer llibre en angl\u00e8s sobre l\u2019actriu i directora Tanaka Kinuyo (<em>Tanaka Kinuyo: Nation, Stardom and Female Subjectivity<\/em>; Edinburgh University Press).<\/span><\/strong><\/p>\n<p class=\"p1\"><span class=\"s1\">\u00abTanaka Kinuyo \u00e9s probablement l\u2019actriu m\u00e9s emblem\u00e0tica de cinema japon\u00e8s, i la primera directora de pa\u00eds en produir una filmografia substancial. Com a actriu, va donar vida a molts dels personatges inoblidables dels anomenats \u201cgrans mestres de cinema japon\u00e8s\u201d, com la dona treballadora tra\u00efda pel seu marit en Contes de la lluna p\u00e0l\u00b7lida (Mizoguchi, 1953), la dona que es prostitueix per salvar el seu fill en <em>Una gallina al vent<\/em> (Ozu, 1948), i la matriarca infatigable de <em>Mare<\/em> (Naruse, 1952). Com a realitzadora, va dirigir sis llargmetratges entre 1953 i 1962, en els quals va experimentar amb diferents subg\u00e8neres del melodrama i va abordar temes com la maternitat, el desig sexual femen\u00ed, l\u2019atracci\u00f3 de la ciutat per a les joves, la pressi\u00f3 familiar i social, l\u2019autodeterminaci\u00f3, i la viol\u00e8ncia i el sexe entre dones.<\/span><\/p>\n<p class=\"p1\"><span class=\"s1\">Aquesta confer\u00e8ncia pret\u00e9n establir la figura i el treball de Tanaka com un pilar fonamental de cinema japon\u00e8s i demostrar el valor de la seva obra com a realitzadora. Contextualitzant les seves viv\u00e8ncies, personatges i imatge d\u2019estrella dins de corrents hist\u00f2riques, art\u00edstiques i industrials, examinarem com Tanaka va contribuir en la construcci\u00f3 de certes imatges de la dona i la naci\u00f3. Aquestes imatges, carregades de valor ideol\u00f2gic, ens diuen molt de com el Jap\u00f3 es veia a si mateix, per\u00f2 tamb\u00e9 de com era imaginat i ent\u00e8s a Occident a trav\u00e9s dels circuits dels grans festivals de cinema europeus.<\/span><\/p>\n<p class=\"p1\"><span class=\"s1\">Ja que la carrera de Tanaka s\u2019expandeix des dels anys vint a mitjans dels setanta, explorar les seves pel\u00b7l\u00edcules ens embarca en un fascinant viatge al llarg de la hist\u00f2ria de cinema japon\u00e8s, i al llarg de la hist\u00f2ria nacional. A m\u00e9s, parlar de Tanaka i dels seus personatges, tant interpretats com dirigits, significa parlar tamb\u00e9 de la hist\u00f2ria de les dones, dins i fora de cinema, davant i darrere de la c\u00e0mera.\u00bb<br \/>\nIrene Gonz\u00e1lez-L\u00f3pez<\/span><\/p>\n<p class=\"p1\"><span class=\"s1\">A c\u00e0rrec de:<\/span><\/p>\n<p class=\"p1\"><span class=\"s1\"><strong>Irene Gonz\u00e1lez-L\u00f3pez<\/strong> \u00e9s investigadora postdoctoral a la Universitat de Kingston (Londres). Va viure al Jap\u00f3 durant vuit anys en qu\u00e8 va estudiar Estudis Japonesos i va cursar un m\u00e0ster d\u2019Estudis de Cinema (Universitat de Kyoto). Al seu retorn a Europa, Irene va completar el seu doctorat a la School of Oriental and African Studies (SOAS, Universitat de Londres), en el qual va investigar la representaci\u00f3 del treball sexual al cinema de postguerra japon\u00e8s. Les seves publicacions exploren temes de sexualitat i g\u00e8nere, la fama i autoria femenina. Al 2018 va coeditar el primer llibre en angl\u00e8s sobre l\u2019actriu i directora Tanaka Kinuyo (<em>Tanaka Kinuyo: Nation, Stardom and Female Subjectivity<\/em>; Edinburgh University Press). La seva passi\u00f3 per la cultura japonesa l\u2019ha portat tamb\u00e9 a desenvolupar projectes sobre art contemporani japon\u00e8s i manga, i a col\u00b7laborar amb el British Film Institute, la Fundaci\u00f3 Jap\u00f3 i el Barbican Centre de Londres.<\/span><\/p>\n<\/div><\/section>\n<div  class='avia-button-wrap av-krvyqq43-d66fd959e80de7c3c74d8e336eb2dee2-wrap avia-button-center  avia-builder-el-3  el_after_av_textblock  el_before_av_iconlist '><a href='https:\/\/us02web.zoom.us\/webinar\/register\/WN_uwQGrKzGQvqOElPCwHFlZg'  class='avia-button av-krvyqq43-d66fd959e80de7c3c74d8e336eb2dee2 av-link-btn avia-icon_select-no avia-size-small avia-position-center avia-color-theme-color'   aria-label=\"Inscripcions online aqu\u00ed\"><span class='avia_iconbox_title' >Inscripcions online aqu\u00ed<\/span><\/a><\/div>\n<div  class='avia-icon-list-container av-krvzrieg-97a62e71f1603385f29b74e983ac05ee  avia-builder-el-4  el_after_av_button  el_before_av_partner '><ul class='avia-icon-list avia_animate_when_almost_visible avia-icon-list-left av-iconlist-big av-krvzrieg-97a62e71f1603385f29b74e983ac05ee avia-iconlist-animate'>\n<li><div class='iconlist_icon av-4n91c6c-ff3aad186f1d3f069241af16a83f56b6 avia-font-entypo-fontello'><span class='iconlist-char' aria-hidden='true' data-av_icon='\ue85b' data-av_iconfont='entypo-fontello'><\/span><\/div><article class=\"article-icon-entry \" ><div class=\"iconlist_content_wrap\"><header class=\"entry-content-header\"><\/header><div class='iconlist_content ' ><p>03\/12\/2020<\/p>\n<\/div><\/div><footer class=\"entry-footer\"><\/footer><\/article><div class=\"iconlist-timeline\"><\/div><\/li>\n<li><div class='iconlist_icon av-4c4trc4-1cbc43877ff6602ff555ad292ae71ca5 avia-font-entypo-fontello'><span class='iconlist-char' aria-hidden='true' data-av_icon='\ue862' data-av_iconfont='entypo-fontello'><\/span><\/div><article class=\"article-icon-entry \" ><div class=\"iconlist_content_wrap\"><header class=\"entry-content-header\"><\/header><div class='iconlist_content ' ><p>Dijous 3 de desembre a les 18.00 h<\/p>\n<\/div><\/div><footer class=\"entry-footer\"><\/footer><\/article><div class=\"iconlist-timeline\"><\/div><\/li>\n<li><div class='iconlist_icon av-3xtesxw-4e5f7fac68937cd34c909a84a3adf9c1 avia-font-'><span class='iconlist-char' aria-hidden='true' data-av_icon='' data-av_iconfont='entypo-fontello'><\/span><\/div><article class=\"article-icon-entry av-iconlist-empty\" ><div class=\"iconlist_content_wrap\"><header class=\"entry-content-header\"><\/header><div class='iconlist_content ' ><\/div><\/div><footer class=\"entry-footer\"><\/footer><\/article><div class=\"iconlist-timeline\"><\/div><\/li>\n<li><div class='iconlist_icon av-3bukq3o-8e2753dd9366f145cd65bca5c3df6e25 avia-font-entypo-fontello'><span class='iconlist-char' aria-hidden='true' data-av_icon='\ue8d1' data-av_iconfont='entypo-fontello'><\/span><\/div><article class=\"article-icon-entry \" ><div class=\"iconlist_content_wrap\"><header class=\"entry-content-header\"><\/header><div class='iconlist_content ' ><p>Activitat gratu\u00efta amb inscripci\u00f3 pr\u00e8via.<\/p>\n<\/div><\/div><footer class=\"entry-footer\"><\/footer><\/article><div class=\"iconlist-timeline\"><\/div><\/li>\n<li><div class='iconlist_icon av-b9l4pw-33edc897d845ef85922d0a808b3acc63 avia-font-entypo-fontello'><span class='iconlist-char' aria-hidden='true' data-av_icon='\ue80a' data-av_iconfont='entypo-fontello'><\/span><\/div><article class=\"article-icon-entry \" ><div class=\"iconlist_content_wrap\"><header class=\"entry-content-header\"><\/header><div class='iconlist_content ' ><p>Fundaci\u00f3n Jap\u00f3n, Madrid, Tabakalera, Filmoteca de Catalunya i Filmoteca de Val\u00e8ncia, amb la col\u00b7laboraci\u00f3 de Casa \u00c0sia.<\/p>\n<\/div><\/div><footer class=\"entry-footer\"><\/footer><\/article><div class=\"iconlist-timeline\"><\/div><\/li>\n<\/ul><\/div>\n\n<style type=\"text\/css\" data-created_by=\"avia_inline_auto\" id=\"style-css-av-krvywqiu-112b1fb61daab1c3965bde98eb3c9033\">\n.avia-logo-element-container.av-krvywqiu-112b1fb61daab1c3965bde98eb3c9033 .av-partner-fake-img{\nbackground-size:cover;\n}\n<\/style>\n<div  class='avia-logo-element-container av-krvywqiu-112b1fb61daab1c3965bde98eb3c9033 avia-logo-slider avia-content-slider avia-smallarrow-slider avia-content-slider-active noHover avia-content-slider-odd  avia-builder-el-5  el_after_av_iconlist  avia-builder-el-last  av-slideshow-ui av-control-default av-nav-arrows-visible av-nav-dots-visible av-no-slider-navigation av-slideshow-manual av-loop-once av-loop-manual-endless avia-content-slider1' data-slideshow-options=\"{&quot;animation&quot;:&quot;slide&quot;,&quot;autoplay&quot;:false,&quot;loop_autoplay&quot;:&quot;once&quot;,&quot;interval&quot;:5,&quot;loop_manual&quot;:&quot;manual-endless&quot;,&quot;autoplay_stopper&quot;:false,&quot;noNavigation&quot;:false,&quot;bg_slider&quot;:false,&quot;keep_padding&quot;:&quot;&quot;,&quot;hoverpause&quot;:false,&quot;show_slide_delay&quot;:0}\"><div class='avia-smallarrow-slider-heading  no-logo-slider-heading '><div class='new-special-heading'>&nbsp;<\/div><div class='avia-slideshow-arrows avia-slideshow-controls' ><a href='#prev' class='prev-slide ' aria-hidden='true' data-av_icon='\ue87c' data-av_iconfont='entypo-fontello'  tabindex='-1'>Anterior<\/a><a href='#next' class='next-slide ' aria-hidden='true' data-av_icon='\ue87d' data-av_iconfont='entypo-fontello'  tabindex='-1'>Seg\u00fcent<\/a><\/div><\/div><div class=\"avia-content-slider-inner\"><div class=\"slide-entry-wrap\"><div  class='slide-entry av-2mnp9gk-48192603e4832a1c8867929f613918b2 flex_column no_margin av_one_third real-thumbnail post-entry slide-entry-overview slide-loop-1 slide-parity-odd  first'><\/div><div  class='slide-entry av-7do9k4-6f1c4c1779a5f330e6a2e7ae37ef8b22 flex_column no_margin av_one_third real-thumbnail post-entry slide-entry-overview slide-loop-2 slide-parity-even  '><span class='av-partner-fake-img' style='padding-bottom:60.606060606061%; background-image:url(https:\/\/asianfilmfestival.barcelona\/2024\/wp-content\/uploads\/2019\/10\/FILMOTECA.jpg);'><\/span><\/div><div  class='slide-entry av-1k44ezo-1d4d591ef6b17c4d0ad1189bf425ed77 flex_column no_margin av_one_third real-thumbnail post-entry slide-entry-overview slide-loop-3 slide-parity-odd  '><\/div><\/div><div class=\"slide-entry-wrap\"><div  class='slide-entry av-17bu77o-5e9db4a8aef358b0d10540477075889b flex_column no_margin av_one_third real-thumbnail post-entry slide-entry-overview slide-loop-4 slide-parity-odd  first'><\/div><div  class='slide-entry av-b9qro-c24a5fe2756dbb0e5d1005e756ac6a9f flex_column no_margin av_one_third real-thumbnail post-entry slide-entry-overview slide-loop-5 slide-parity-even post-entry-last '><\/div><\/div><\/div><\/div>\n","protected":false},"excerpt":{"rendered":"","protected":false},"author":8,"featured_media":32960,"comment_status":"closed","ping_status":"open","sticky":false,"template":"","format":"standard","meta":{"_acf_changed":false,"footnotes":""},"categories":[33],"tags":[],"class_list":["post-32488","post","type-post","status-publish","format-standard","has-post-thumbnail","hentry","category-noticies"],"acf":[],"_links":{"self":[{"href":"https:\/\/asianfilmfestival.barcelona\/2024\/ca\/wp-json\/wp\/v2\/posts\/32488","targetHints":{"allow":["GET"]}}],"collection":[{"href":"https:\/\/asianfilmfestival.barcelona\/2024\/ca\/wp-json\/wp\/v2\/posts"}],"about":[{"href":"https:\/\/asianfilmfestival.barcelona\/2024\/ca\/wp-json\/wp\/v2\/types\/post"}],"author":[{"embeddable":true,"href":"https:\/\/asianfilmfestival.barcelona\/2024\/ca\/wp-json\/wp\/v2\/users\/8"}],"replies":[{"embeddable":true,"href":"https:\/\/asianfilmfestival.barcelona\/2024\/ca\/wp-json\/wp\/v2\/comments?post=32488"}],"version-history":[{"count":0,"href":"https:\/\/asianfilmfestival.barcelona\/2024\/ca\/wp-json\/wp\/v2\/posts\/32488\/revisions"}],"wp:featuredmedia":[{"embeddable":true,"href":"https:\/\/asianfilmfestival.barcelona\/2024\/ca\/wp-json\/wp\/v2\/media\/32960"}],"wp:attachment":[{"href":"https:\/\/asianfilmfestival.barcelona\/2024\/ca\/wp-json\/wp\/v2\/media?parent=32488"}],"wp:term":[{"taxonomy":"category","embeddable":true,"href":"https:\/\/asianfilmfestival.barcelona\/2024\/ca\/wp-json\/wp\/v2\/categories?post=32488"},{"taxonomy":"post_tag","embeddable":true,"href":"https:\/\/asianfilmfestival.barcelona\/2024\/ca\/wp-json\/wp\/v2\/tags?post=32488"}],"curies":[{"name":"wp","href":"https:\/\/api.w.org\/{rel}","templated":true}]}}