{"id":30563,"date":"2021-08-05T16:26:42","date_gmt":"2021-08-05T14:26:42","guid":{"rendered":"http:\/\/asianfilmfestival.barcelona\/2022\/?p=30563"},"modified":"2021-10-05T18:16:40","modified_gmt":"2021-10-05T16:16:40","slug":"casa-asia-al-dia-internacional-de-la-dona-una-trobada-amb-alice-2","status":"publish","type":"post","link":"https:\/\/asianfilmfestival.barcelona\/2024\/ca\/casa-asia-al-dia-internacional-de-la-dona-una-trobada-amb-alice-2\/","title":{"rendered":"Casa \u00c0sia al Dia Internacional de la Dona: \u201cUna trobada amb Alice\u201d"},"content":{"rendered":"\n<style type=\"text\/css\" data-created_by=\"avia_inline_auto\" id=\"style-css-av-krz06890-645dfebd040df35b611ec7ce32b221bf\">\n.avia-image-container.av-krz06890-645dfebd040df35b611ec7ce32b221bf img.avia_image{\nbox-shadow:none;\n}\n.avia-image-container.av-krz06890-645dfebd040df35b611ec7ce32b221bf .av-image-caption-overlay-center{\ncolor:#ffffff;\n}\n<\/style>\n<div  class='avia-image-container av-krz06890-645dfebd040df35b611ec7ce32b221bf av-styling- avia-align-center  avia-builder-el-0  el_before_av_textblock  avia-builder-el-first '  ><div class=\"avia-image-container-inner\"><div class=\"avia-image-overlay-wrap\"><img decoding=\"async\" fetchpriority=\"high\" class='wp-image-32804 avia-img-lazy-loading-not-32804 avia_image ' src=\"https:\/\/asianfilmfestival.barcelona\/2024\/wp-content\/uploads\/2021\/08\/Australia-ALICE-5-1.png\" alt='' title='Australia-ALICE-5'  height=\"335\" width=\"800\" srcset=\"https:\/\/asianfilmfestival.barcelona\/2024\/wp-content\/uploads\/2021\/08\/Australia-ALICE-5-1.png 800w, https:\/\/asianfilmfestival.barcelona\/2024\/wp-content\/uploads\/2021\/08\/Australia-ALICE-5-1-300x126.png 300w, https:\/\/asianfilmfestival.barcelona\/2024\/wp-content\/uploads\/2021\/08\/Australia-ALICE-5-1-768x322.png 768w, https:\/\/asianfilmfestival.barcelona\/2024\/wp-content\/uploads\/2021\/08\/Australia-ALICE-5-1-705x295.png 705w\" sizes=\"(max-width: 800px) 100vw, 800px\" \/><\/div><\/div><\/div>\n<section  class='av_textblock_section av-krz06rkd-c5b10c876095d28c04c0d00442342038 '  ><div class='avia_textblock' ><h1 class=\"entry-title fusion-responsive-typography-calculated\" style=\"text-align: center;\" data-fontsize=\"50\" data-lineheight=\"normal\">Casa \u00c0sia al Dia Internacional de la Dona: \u201cUna trobada amb Alice\u201d<\/h1>\n<\/div><\/section>\n<section  class='av_textblock_section av-krz071mo-01faf55b620ba56c6d00bc18175c5bb8 '  ><div class='avia_textblock' ><p class=\"p1\"><strong><span class=\"s1\">En el marc del Dia Internacional de la Dona 2021, Casa \u00c0sia programa amb MAV | Dones en les Arts Visuals, una trobada el proper 10 de mar\u00e7 als Cinemes Girona. L\u2019acte consistir\u00e0 en la projecci\u00f3 de la pel\u00b7l\u00edcula\u00a0<em>La decisi\u00f3 d\u2019Alice<\/em>, dirigida per la cineasta australiana Josephine Mackerras, seguida d\u2019una taula rodona a c\u00e0rrec de Marta Grau, Pepa Reverter, Paco Poch, Xavi Lezcano i Menene Gras Balaguer.<\/span><\/strong><\/p>\n<p class=\"p1\"><span class=\"s1\">Josephine Mackerras \u00e9s una cineasta, productora i guionista australiana, que va compartir la seva inf\u00e0ncia entre Austr\u00e0lia i la Xina, i als 16 anys se\u2019n va anar a viure a Jerusalem i des d\u2019all\u00ed a Amsterdam i a Nova York, on va cursar estudis cinematogr\u00e0fics. Els seus curtmetratges\u00a0<em>A Sign, Modlitba<\/em>,\u00a0<em>L\u2019enfant perdu<\/em>\u00a0i\u00a0<em>Diva<\/em>\u00a0s\u2019han projectat en m\u00e9s de noranta festivals.\u00a0<em>La decisi\u00f3 d\u2019Alice<\/em>, el seu primer llargmetratge, \u00e9s la hist\u00f2ria d\u2019una dona que lluita per la seva emancipaci\u00f3 arran de l\u2019engany de qu\u00e8 \u00e9s objecte per part de Fran\u00e7ois, el seu marit i pare del seu fill, amb els quals viu a Paris. Un dia, descobreix que les seves targetes de cr\u00e8dit han estat bloquejades i el compte bancari buidat pel seu marit, el qual mant\u00e9 una vida secreta amb prostitutes i acompanyants de luxe. A poc a poc, la protagonista donar\u00e0 un gir radical a la seva vida, assumint la situaci\u00f3 i demostrant-se a si mateixa del que \u00e9s capa\u00e7. Fran\u00e7ois tornar\u00e0 derrotat a casa, per\u00f2 res ser\u00e0 igual. Aquesta pel\u00b7l\u00edcula es va projectar a la passada edici\u00f3 de l\u2019Asian Film Festival Barcelona | AFFBCN 2020.<\/span><\/p>\n<p class=\"p1\"><span class=\"s1\">Projecci\u00f3:<br \/>\n<\/span><span class=\"s1\"><em><strong>La decisi\u00f3 d\u2019Alice<\/strong>\u00a0|\u00a0<\/em>Dir. Josephine Mackerras | 2019 | 103 \u2018| VOSE | Austr\u00e0lia \/ Fran\u00e7a | drama<\/span><\/p>\n<p class=\"p1\"><span class=\"s1\">Taula rodona a c\u00e0rrec de:<br \/>\n<\/span><span class=\"s1\"><strong>Marta Grau<\/strong>, guionista i escriptora<br \/>\n<\/span><span class=\"s1\"><strong>Pepa Reverter<\/strong>, artista visual i delegada territorial de MAV a Catalunya<br \/>\n<\/span><span class=\"s1\"><strong>Paco Poch<\/strong>, productor<br \/>\n<\/span><span class=\"s1\"><strong>Xavi Lezcano<\/strong>, director de l\u2019Americana Film Fest i distribu\u00efdor de Flamingo Films<\/span><\/p>\n<p class=\"p1\"><span class=\"s1\">Presenta i modera:<br \/>\n<\/span><span class=\"s1\"><strong>Menene Gras Balaguer<\/strong>, directora de Cultura i Exposicions de Casa \u00c0sia i directora de l\u2019AFFBCN.<\/span><\/p>\n<\/div><\/section>\n<div  class='avia-icon-list-container av-krz095a9-27a408e0fdf49df386221f60ab1182ea  avia-builder-el-3  el_after_av_textblock  el_before_av_partner '><ul class='avia-icon-list avia_animate_when_almost_visible avia-icon-list-left av-iconlist-big av-krz095a9-27a408e0fdf49df386221f60ab1182ea avia-iconlist-animate'>\n<li><div class='iconlist_icon av-f5qko3-f2263cf46db33a1a5b83cb585a485ed7 avia-font-entypo-fontello'><span class='iconlist-char' aria-hidden='true' data-av_icon='\ue85b' data-av_iconfont='entypo-fontello'><\/span><\/div><article class=\"article-icon-entry \" ><div class=\"iconlist_content_wrap\"><header class=\"entry-content-header\"><\/header><div class='iconlist_content ' ><p>10\/03\/2021<\/p>\n<\/div><\/div><footer class=\"entry-footer\"><\/footer><\/article><div class=\"iconlist-timeline\"><\/div><\/li>\n<li><div class='iconlist_icon av-3u3qzs3-48e81adba19f15bdac8148347c4bbd70 avia-font-entypo-fontello'><span class='iconlist-char' aria-hidden='true' data-av_icon='\ue862' data-av_iconfont='entypo-fontello'><\/span><\/div><article class=\"article-icon-entry \" ><div class=\"iconlist_content_wrap\"><header class=\"entry-content-header\"><\/header><div class='iconlist_content ' ><p>Dimecres 10 de mar\u00e7 a les 19.00 h<\/p>\n<\/div><\/div><footer class=\"entry-footer\"><\/footer><\/article><div class=\"iconlist-timeline\"><\/div><\/li>\n<li><div class='iconlist_icon av-3mn8hyb-f6752b11f7fcf633d1abead311b007c4 avia-font-entypo-fontello'><span class='iconlist-char' aria-hidden='true' data-av_icon='\ue842' data-av_iconfont='entypo-fontello'><\/span><\/div><article class=\"article-icon-entry \" ><div class=\"iconlist_content_wrap\"><header class=\"entry-content-header\"><\/header><div class='iconlist_content ' ><p>Cinemes Girona<br \/>\nCarrer de Girona, 175<br \/>\nBarcelona<\/p>\n<\/div><\/div><footer class=\"entry-footer\"><\/footer><\/article><div class=\"iconlist-timeline\"><\/div><\/li>\n<li><div class='iconlist_icon av-2v3gmg3-07e838f3a251c3b036e1685c21f9d9d3 avia-font-entypo-fontello'><span class='iconlist-char' aria-hidden='true' data-av_icon='\ue8cb' data-av_iconfont='entypo-fontello'><\/span><\/div><article class=\"article-icon-entry \" ><div class=\"iconlist_content_wrap\"><header class=\"entry-content-header\"><\/header><div class='iconlist_content ' ><p>Preu entrada: 6\u20ac<br \/>\nPreu abonats i socis dels Cinemes Girona: 5\u20ac<\/p>\n<\/div><\/div><footer class=\"entry-footer\"><\/footer><\/article><div class=\"iconlist-timeline\"><\/div><\/li>\n<li><div class='iconlist_icon av-2cmsaoz-048b5df8484775ec18d1c9c0c17f2062 avia-font-entypo-fontello'><span class='iconlist-char' aria-hidden='true' data-av_icon='\ue80a' data-av_iconfont='entypo-fontello'><\/span><\/div><article class=\"article-icon-entry \" ><div class=\"iconlist_content_wrap\"><header class=\"entry-content-header\"><\/header><div class='iconlist_content ' ><p>Casa \u00c0sia i Cinemes Girona, amb la col\u00b7laboraci\u00f3 de MAV | Mujeres en las Artes Visuales i Flamingo Films.<\/p>\n<\/div><\/div><footer class=\"entry-footer\"><\/footer><\/article><div class=\"iconlist-timeline\"><\/div><\/li>\n<\/ul><\/div>\n\n<style type=\"text\/css\" data-created_by=\"avia_inline_auto\" id=\"style-css-av-krz0aojf-09a0460046b8b35f8762216c1561b968\">\n.avia-logo-element-container.av-krz0aojf-09a0460046b8b35f8762216c1561b968 .av-partner-fake-img{\nbackground-size:cover;\n}\n<\/style>\n<div  class='avia-logo-element-container av-krz0aojf-09a0460046b8b35f8762216c1561b968 avia-logo-slider avia-content-slider avia-smallarrow-slider avia-content-slider-active noHover avia-content-slider-odd  avia-builder-el-4  el_after_av_iconlist  avia-builder-el-last  av-slideshow-ui av-control-default av-nav-arrows-visible av-nav-dots-visible av-no-slider-navigation av-slideshow-manual av-loop-once av-loop-manual-endless avia-content-slider1' data-slideshow-options=\"{&quot;animation&quot;:&quot;slide&quot;,&quot;autoplay&quot;:false,&quot;loop_autoplay&quot;:&quot;once&quot;,&quot;interval&quot;:5,&quot;loop_manual&quot;:&quot;manual-endless&quot;,&quot;autoplay_stopper&quot;:false,&quot;noNavigation&quot;:false,&quot;bg_slider&quot;:false,&quot;keep_padding&quot;:&quot;&quot;,&quot;hoverpause&quot;:false,&quot;show_slide_delay&quot;:0}\"><div class='avia-smallarrow-slider-heading  no-logo-slider-heading '><div class='new-special-heading'>&nbsp;<\/div><div class='avia-slideshow-arrows avia-slideshow-controls' ><a href='#prev' class='prev-slide ' aria-hidden='true' data-av_icon='\ue87c' data-av_iconfont='entypo-fontello'  tabindex='-1'>Anterior<\/a><a href='#next' class='next-slide ' aria-hidden='true' data-av_icon='\ue87d' data-av_iconfont='entypo-fontello'  tabindex='-1'>Seg\u00fcent<\/a><\/div><\/div><div class=\"avia-content-slider-inner\"><div class=\"slide-entry-wrap\"><div  class='slide-entry av-25npsw3-1ce7540bf605b54cfedb50cc9c7d253b flex_column no_margin av_one_third real-thumbnail post-entry slide-entry-overview slide-loop-1 slide-parity-odd  first'><\/div><div  class='slide-entry av-1tlg88z-b47e0a0b78045141f13d6604ab84d10c flex_column no_margin av_one_third real-thumbnail post-entry slide-entry-overview slide-loop-2 slide-parity-even  '><\/div><div  class='slide-entry av-z10qub-375fc867e524732946ac4a52fa4883a5 flex_column no_margin av_one_third real-thumbnail post-entry slide-entry-overview slide-loop-3 slide-parity-odd  '><span class='av-partner-fake-img' style='padding-bottom:15.868263473054%; background-image:url(https:\/\/asianfilmfestival.barcelona\/2024\/wp-content\/uploads\/2019\/12\/cinemes-girona.jpg);'><\/span><\/div><\/div><div class=\"slide-entry-wrap\"><div  class='slide-entry av-v2o03n-09c17b8d8549e18d440957769a818347 flex_column no_margin av_one_third real-thumbnail post-entry slide-entry-overview slide-loop-4 slide-parity-odd post-entry-last first'><\/div><\/div><\/div><\/div>\n","protected":false},"excerpt":{"rendered":"","protected":false},"author":8,"featured_media":32804,"comment_status":"closed","ping_status":"open","sticky":false,"template":"","format":"standard","meta":{"_acf_changed":false,"footnotes":""},"categories":[33],"tags":[],"class_list":["post-30563","post","type-post","status-publish","format-standard","has-post-thumbnail","hentry","category-noticies"],"acf":[],"_links":{"self":[{"href":"https:\/\/asianfilmfestival.barcelona\/2024\/ca\/wp-json\/wp\/v2\/posts\/30563","targetHints":{"allow":["GET"]}}],"collection":[{"href":"https:\/\/asianfilmfestival.barcelona\/2024\/ca\/wp-json\/wp\/v2\/posts"}],"about":[{"href":"https:\/\/asianfilmfestival.barcelona\/2024\/ca\/wp-json\/wp\/v2\/types\/post"}],"author":[{"embeddable":true,"href":"https:\/\/asianfilmfestival.barcelona\/2024\/ca\/wp-json\/wp\/v2\/users\/8"}],"replies":[{"embeddable":true,"href":"https:\/\/asianfilmfestival.barcelona\/2024\/ca\/wp-json\/wp\/v2\/comments?post=30563"}],"version-history":[{"count":0,"href":"https:\/\/asianfilmfestival.barcelona\/2024\/ca\/wp-json\/wp\/v2\/posts\/30563\/revisions"}],"wp:featuredmedia":[{"embeddable":true,"href":"https:\/\/asianfilmfestival.barcelona\/2024\/ca\/wp-json\/wp\/v2\/media\/32804"}],"wp:attachment":[{"href":"https:\/\/asianfilmfestival.barcelona\/2024\/ca\/wp-json\/wp\/v2\/media?parent=30563"}],"wp:term":[{"taxonomy":"category","embeddable":true,"href":"https:\/\/asianfilmfestival.barcelona\/2024\/ca\/wp-json\/wp\/v2\/categories?post=30563"},{"taxonomy":"post_tag","embeddable":true,"href":"https:\/\/asianfilmfestival.barcelona\/2024\/ca\/wp-json\/wp\/v2\/tags?post=30563"}],"curies":[{"name":"wp","href":"https:\/\/api.w.org\/{rel}","templated":true}]}}