{"id":30311,"date":"2021-08-03T11:40:02","date_gmt":"2021-08-03T09:40:02","guid":{"rendered":"http:\/\/asianfilmfestival.barcelona\/2022\/?p=30311"},"modified":"2021-10-05T18:49:25","modified_gmt":"2021-10-05T16:49:25","slug":"the-orphanage-enceta-avui-la-8a-edicio-de-lasian-film-festival-barcelona","status":"publish","type":"post","link":"https:\/\/asianfilmfestival.barcelona\/2024\/ca\/the-orphanage-enceta-avui-la-8a-edicio-de-lasian-film-festival-barcelona\/","title":{"rendered":"The Orphanage enceta avui la 8a edici\u00f3 de l\u2019Asian Film Festival Barcelona"},"content":{"rendered":"<div  class='avia-slideshow av-krvuq6gz-bcba605cbe5040fb96994caf5771c071 avia-slideshow-featured av_slideshow avia-slide-slider  avia-builder-el-0  el_before_av_textblock  avia-builder-el-first  av-slideshow-ui av-control-default av-slideshow-manual av-loop-once av-loop-manual-endless av-default-height-applied avia-slideshow-1' data-slideshow-options=\"{&quot;animation&quot;:&quot;slide&quot;,&quot;autoplay&quot;:false,&quot;loop_autoplay&quot;:&quot;once&quot;,&quot;interval&quot;:5,&quot;loop_manual&quot;:&quot;manual-endless&quot;,&quot;autoplay_stopper&quot;:false,&quot;noNavigation&quot;:false,&quot;bg_slider&quot;:false,&quot;keep_padding&quot;:false,&quot;hoverpause&quot;:false,&quot;show_slide_delay&quot;:0}\" ><ul class='avia-slideshow-inner ' style='padding-bottom: 43.522267206478%;'><li  class='avia-slideshow-slide av-krvuq6gz-bcba605cbe5040fb96994caf5771c071__0  slide-1 slide-odd'><div data-rel='slideshow-1' class='avia-slide-wrap '   ><img decoding=\"async\" fetchpriority=\"high\" class=\"wp-image-33066 avia-img-lazy-loading-not-33066\"  src=\"https:\/\/asianfilmfestival.barcelona\/2024\/wp-content\/uploads\/2021\/08\/Afganistan-THE-ORPHANAGE-5-2-988x430.jpg\" width=\"988\" height=\"430\" title='Afganistan-THE-ORPHANAGE-5' alt=''   \/><\/div><\/li><li  class='avia-slideshow-slide av-krvuq6gz-bcba605cbe5040fb96994caf5771c071__1  slide-2 slide-even'><div data-rel='slideshow-1' class='avia-slide-wrap '   ><img decoding=\"async\" fetchpriority=\"high\" class=\"wp-image-33063 avia-img-lazy-loading-not-33063\"  src=\"https:\/\/asianfilmfestival.barcelona\/2024\/wp-content\/uploads\/2021\/08\/Afganistan-THE-ORPHANAGE-4-2-988x430.jpg\" width=\"988\" height=\"430\" title='Afganistan-THE-ORPHANAGE-4' alt=''   \/><\/div><\/li><li  class='avia-slideshow-slide av-krvuq6gz-bcba605cbe5040fb96994caf5771c071__2  slide-3 slide-odd'><div data-rel='slideshow-1' class='avia-slide-wrap '   ><img decoding=\"async\" fetchpriority=\"high\" class=\"wp-image-33060 avia-img-lazy-loading-not-33060\"  src=\"https:\/\/asianfilmfestival.barcelona\/2024\/wp-content\/uploads\/2021\/08\/Afganistan-THE-ORPHANAGE-3-2-988x430.jpg\" width=\"988\" height=\"430\" title='Afganistan-THE-ORPHANAGE-3' alt=''   \/><\/div><\/li><li  class='avia-slideshow-slide av-krvuq6gz-bcba605cbe5040fb96994caf5771c071__3  slide-4 slide-even'><div data-rel='slideshow-1' class='avia-slide-wrap '   ><img decoding=\"async\" fetchpriority=\"high\" class=\"wp-image-33057 avia-img-lazy-loading-not-33057\"  src=\"https:\/\/asianfilmfestival.barcelona\/2024\/wp-content\/uploads\/2021\/08\/Afganistan-THE-ORPHANAGE-2-2-988x430.jpg\" width=\"988\" height=\"430\" title='Afganistan-THE-ORPHANAGE-2' alt=''   \/><\/div><\/li><li  class='avia-slideshow-slide av-krvuq6gz-bcba605cbe5040fb96994caf5771c071__4  slide-5 slide-odd'><div data-rel='slideshow-1' class='avia-slide-wrap '   ><img decoding=\"async\" fetchpriority=\"high\" class=\"wp-image-33051 avia-img-lazy-loading-not-33051\"  src=\"https:\/\/asianfilmfestival.barcelona\/2024\/wp-content\/uploads\/2021\/08\/Afganistan-THE-ORPHANAGE-1-2-988x430.jpg\" width=\"988\" height=\"430\" title='Afganistan-THE-ORPHANAGE-1' alt=''   \/><\/div><\/li><\/ul><div class='avia-slideshow-arrows avia-slideshow-controls' ><a href='#prev' class='prev-slide ' aria-hidden='true' data-av_icon='\ue87c' data-av_iconfont='entypo-fontello'  tabindex='-1'>Anterior<\/a><a href='#next' class='next-slide ' aria-hidden='true' data-av_icon='\ue87d' data-av_iconfont='entypo-fontello'  tabindex='-1'>Seg\u00fcent<\/a><\/div><div class='avia-slideshow-dots avia-slideshow-controls'><a href='#1' class='goto-slide active' >1<\/a><a href='#2' class='goto-slide ' >2<\/a><a href='#3' class='goto-slide ' >3<\/a><a href='#4' class='goto-slide ' >4<\/a><a href='#5' class='goto-slide ' >5<\/a><\/div><\/div>\n<section  class='av_textblock_section av-krvulv8o-96f34cdb6bbfab70e169ddb66bb21a08 '  ><div class='avia_textblock' ><h1 style=\"text-align: center;\">The Orphanage enceta avui la 8a edici\u00f3 de l\u2019Asian Film Festival Barcelona<\/h1>\n<\/div><\/section>\n<section  class='av_textblock_section av-krvumhfl-803ba841cef6e287a9105510221dd1bb '  ><div class='avia_textblock' ><p><span class=\"s1\">Des d\u2019avui i fins al proper 8 de novembre, Barcelona posa el focus en el millor cinema asi\u00e0tic d\u2019autor del moment. La pel\u00b7l\u00edcula afgana <i>The Orphanage, <\/i>de la directora afganesa Shahrbanco Sadat, inaugurar\u00e0 aquest vespre (20.00 h) el festival a l\u2019Auditori del CaixaForum (Av. de Francesc Ferrer i Gu\u00e0rdia 6-8).<\/span><\/p>\n<\/div><\/section>\n<div  class='avia-video av-krvumwb8-b92651769aa7652c9fedc1182fb4742e avia-video-16-9 av-no-preview-image avia-video-load-always av-lazyload-immediate av-lazyload-video-embed'  data-original_url='https:\/\/www.youtube.com\/watch?v=ALqHcOc9lhI'><script type='text\/html' class='av-video-tmpl'><div class='avia-iframe-wrap'><iframe loading=\"lazy\" title=\"The Orphanage (2019) Trailer \/\/ FilmBath\" width=\"1500\" height=\"844\" src=\"https:\/\/www.youtube.com\/embed\/ALqHcOc9lhI?feature=oembed&autoplay=0&loop=0&controls=1&mute=0\" frameborder=\"0\" allow=\"accelerometer; autoplay; clipboard-write; encrypted-media; gyroscope; picture-in-picture\" allowfullscreen><\/iframe><\/div><\/script><div class='av-click-to-play-overlay'><div class=\"avia_playpause_icon\"><\/div><\/div><\/div>\n<section  class='av_textblock_section av-krvun9up-810d1db7414f3918cd2b63e6326ade0f '  ><div class='avia_textblock' ><p class=\"p1\"><span class=\"s1\">El certamen, que per primera vegada se celebra en format h\u00edbrid (en l\u00ednia i presencial) reivindica enguany la cultura segura incloent dins el programa 118 llargmetratges provinents de 25 pa\u00efsos de la regi\u00f3 \u00c0sia-Pac\u00edfic, que es projectaran a les sales dels Cinemes Girona, CaixaForum, Filmoteca de Catalunya i CineBaix de Sant Feliu de Llobregat.<\/span><\/p>\n<p class=\"p1\"><span class=\"s1\">El festival es podr\u00e0 seguir tamb\u00e9 parcialment de forma virtual, a trav\u00e9s de la plataforma Filmin, on el passat mes de juliol es va inaugurar el <a href=\"https:\/\/www.filmin.es\/canal\/casa-asia\"><span class=\"s2\">Canal Casa \u00c0sia<\/span><\/a>, que acollir\u00e0 uns 40 t\u00edtols que es podran veure de forma esglaonada al llarg del certamen.<\/span><\/p>\n<\/div><\/section>\n","protected":false},"excerpt":{"rendered":"","protected":false},"author":8,"featured_media":33053,"comment_status":"closed","ping_status":"open","sticky":false,"template":"","format":"standard","meta":{"_acf_changed":false,"footnotes":""},"categories":[33],"tags":[],"class_list":["post-30311","post","type-post","status-publish","format-standard","has-post-thumbnail","hentry","category-noticies"],"acf":[],"_links":{"self":[{"href":"https:\/\/asianfilmfestival.barcelona\/2024\/ca\/wp-json\/wp\/v2\/posts\/30311","targetHints":{"allow":["GET"]}}],"collection":[{"href":"https:\/\/asianfilmfestival.barcelona\/2024\/ca\/wp-json\/wp\/v2\/posts"}],"about":[{"href":"https:\/\/asianfilmfestival.barcelona\/2024\/ca\/wp-json\/wp\/v2\/types\/post"}],"author":[{"embeddable":true,"href":"https:\/\/asianfilmfestival.barcelona\/2024\/ca\/wp-json\/wp\/v2\/users\/8"}],"replies":[{"embeddable":true,"href":"https:\/\/asianfilmfestival.barcelona\/2024\/ca\/wp-json\/wp\/v2\/comments?post=30311"}],"version-history":[{"count":0,"href":"https:\/\/asianfilmfestival.barcelona\/2024\/ca\/wp-json\/wp\/v2\/posts\/30311\/revisions"}],"wp:featuredmedia":[{"embeddable":true,"href":"https:\/\/asianfilmfestival.barcelona\/2024\/ca\/wp-json\/wp\/v2\/media\/33053"}],"wp:attachment":[{"href":"https:\/\/asianfilmfestival.barcelona\/2024\/ca\/wp-json\/wp\/v2\/media?parent=30311"}],"wp:term":[{"taxonomy":"category","embeddable":true,"href":"https:\/\/asianfilmfestival.barcelona\/2024\/ca\/wp-json\/wp\/v2\/categories?post=30311"},{"taxonomy":"post_tag","embeddable":true,"href":"https:\/\/asianfilmfestival.barcelona\/2024\/ca\/wp-json\/wp\/v2\/tags?post=30311"}],"curies":[{"name":"wp","href":"https:\/\/api.w.org\/{rel}","templated":true}]}}