{"id":49219,"date":"2024-04-22T13:51:42","date_gmt":"2024-04-22T11:51:42","guid":{"rendered":"https:\/\/asianfilmfestival.barcelona\/2023\/?p=49219"},"modified":"2024-05-15T12:44:10","modified_gmt":"2024-05-15T10:44:10","slug":"programa-de-cine-filipino-en-el-marco-del-proyecto-expositivo-de-stephanie-comilang-para-tba21","status":"publish","type":"post","link":"https:\/\/asianfilmfestival.barcelona\/2023\/es\/programa-de-cine-filipino-en-el-marco-del-proyecto-expositivo-de-stephanie-comilang-para-tba21\/","title":{"rendered":"Programa de cine filipino en el marco del proyecto expositivo de Stephanie Comilang para TBA21"},"content":{"rendered":"<section  class='av_textblock_section av-lvawi5mt-b7b87dd72a903ca7039dccd959af7aa1 '   itemscope=\"itemscope\" itemtype=\"https:\/\/schema.org\/BlogPosting\" itemprop=\"blogPost\" ><div class='avia_textblock'  itemprop=\"text\" ><h2><img loading=\"lazy\" decoding=\"async\" class=\"aligncenter wp-image-49208 size-full\" src=\"https:\/\/asianfilmfestival.barcelona\/2023\/wp-content\/uploads\/2024\/04\/Stephanie_Comilang_Butterfly_Colage-scaled.jpg\" alt=\"\" width=\"2560\" height=\"1350\" srcset=\"https:\/\/asianfilmfestival.barcelona\/2023\/wp-content\/uploads\/2024\/04\/Stephanie_Comilang_Butterfly_Colage-scaled.jpg 2560w, https:\/\/asianfilmfestival.barcelona\/2023\/wp-content\/uploads\/2024\/04\/Stephanie_Comilang_Butterfly_Colage-300x158.jpg 300w, https:\/\/asianfilmfestival.barcelona\/2023\/wp-content\/uploads\/2024\/04\/Stephanie_Comilang_Butterfly_Colage-1030x543.jpg 1030w, https:\/\/asianfilmfestival.barcelona\/2023\/wp-content\/uploads\/2024\/04\/Stephanie_Comilang_Butterfly_Colage-768x405.jpg 768w, https:\/\/asianfilmfestival.barcelona\/2023\/wp-content\/uploads\/2024\/04\/Stephanie_Comilang_Butterfly_Colage-1536x810.jpg 1536w, https:\/\/asianfilmfestival.barcelona\/2023\/wp-content\/uploads\/2024\/04\/Stephanie_Comilang_Butterfly_Colage-2048x1080.jpg 2048w, https:\/\/asianfilmfestival.barcelona\/2023\/wp-content\/uploads\/2024\/04\/Stephanie_Comilang_Butterfly_Colage-1500x791.jpg 1500w, https:\/\/asianfilmfestival.barcelona\/2023\/wp-content\/uploads\/2024\/04\/Stephanie_Comilang_Butterfly_Colage-710x375.jpg 710w, https:\/\/asianfilmfestival.barcelona\/2023\/wp-content\/uploads\/2024\/04\/Stephanie_Comilang_Butterfly_Colage-705x372.jpg 705w\" sizes=\"auto, (max-width: 2560px) 100vw, 2560px\" \/><\/h2>\n<h2 style=\"text-align: center;\"><span data-contrast=\"none\">Programa de cine filipino en el marco del proyecto expositivo de Stephanie Comilang para TBA21<\/span><span data-ccp-props=\"{\">\u00a0<\/span><\/h2>\n<h2 style=\"text-align: center;\"><span data-contrast=\"none\">Producci\u00f3n: Casa Asia<\/span><span data-ccp-props=\"{\">\u00a0<\/span><\/h2>\n<h2 style=\"text-align: center;\"><span data-contrast=\"none\">Casa Asia colabora con TBA21 con esta muestra que comprende cinco t\u00edtulos seleccionados de entre los que inclu\u00eda la propuesta de la propia artista para este fin.<\/span><span data-ccp-props=\"{\">\u00a0<\/span><\/h2>\n<p><span data-contrast=\"none\">El programa que se presenta propone cinco t\u00edtulos de cine filipino, cuyos protagonistas son los desplazados, aquellos que han abandonado su pa\u00eds de origen arriesgando las consecuencias de la p\u00e9rdida de identidad que se corresponde con la necesidad de formar parte de otro mundo que lo rechaza, hasta que no se reconocen sus derechos. El desplazado vive la experiencia de la colonizaci\u00f3n y la colonialidad sist\u00e9micas que no pueden sernos ajenas. Las grandes di\u00e1sporas de los siglos XX y XXI no se limitan del sur global al norte, ni de este a oeste, si no que se producen en todas direcciones, transformando el orden internacional tanto en el sector p\u00fablico como en el privado. Ilo Ilo reconstruye el relato de una de las miles de mujeres filipinas que son contratadas para el trabajo dom\u00e9stico en Hong Kong y en otros lugares del mundo. Cinco t\u00edtulos para pensar en las grandes di\u00e1sporas de ayer y de hoy y en la explotaci\u00f3n de los migrantes en el mercado laboral en el lugar de llegada. Stephanie Comilang ilustra metaf\u00f3ricamente los constantes procesos migratorios mediante evocando el viaje de las mariposas monarcas desde Canad\u00e1 hasta M\u00e9xico atravesando Florida y el sur de California todos los a\u00f1os en oto\u00f1o donde algunas desaparecen en el camino, aunque la mayor\u00eda se caracteriza por su resistencia y longevidad viviendo hasta nueve meses. Islands, Transit, Big Boy y Nowhere Near ilustran este viaje de viajes de aquellos que asumen la orfandad del desplazado, movidos por la precariedad y la voluntad de supervivencia. Casa Asia colabora con TBA21 en el marco del proyecto expositivo de la artista filipino canadiense, Stephanie Comilang, aportando con im\u00e1genes una informaci\u00f3n que pretende ampliar la reflexi\u00f3n que plantea su propuesta. &#8211; <strong>Menene Gras Balaguer<\/strong><\/span><strong>\u00a0<\/strong><\/p>\n<hr \/>\n<h4><b><span data-contrast=\"none\">Programaci\u00f3n<\/span><\/b><span data-ccp-props=\"{}\">\u00a0<\/span><\/h4>\n<p><span style=\"color: #ff0000;\">S\u00e1bado 4 de mayo de 2024<\/span><\/p>\n<p><span style=\"color: #ff0000;\"><img loading=\"lazy\" decoding=\"async\" class=\"size-medium wp-image-49204 alignleft\" src=\"https:\/\/asianfilmfestival.barcelona\/2023\/wp-content\/uploads\/2024\/04\/1183736_ILO_ILO_03___han-300x157.jpg\" alt=\"\" width=\"300\" height=\"157\" srcset=\"https:\/\/asianfilmfestival.barcelona\/2023\/wp-content\/uploads\/2024\/04\/1183736_ILO_ILO_03___han-300x157.jpg 300w, https:\/\/asianfilmfestival.barcelona\/2023\/wp-content\/uploads\/2024\/04\/1183736_ILO_ILO_03___han-768x402.jpg 768w, https:\/\/asianfilmfestival.barcelona\/2023\/wp-content\/uploads\/2024\/04\/1183736_ILO_ILO_03___han-710x375.jpg 710w, https:\/\/asianfilmfestival.barcelona\/2023\/wp-content\/uploads\/2024\/04\/1183736_ILO_ILO_03___han-705x369.jpg 705w, https:\/\/asianfilmfestival.barcelona\/2023\/wp-content\/uploads\/2024\/04\/1183736_ILO_ILO_03___han.jpg 1024w\" sizes=\"auto, (max-width: 300px) 100vw, 300px\" \/>\u00a0<\/span><b><i><span data-contrast=\"none\">Ilo Ilo <\/span><\/i><\/b><span data-contrast=\"none\">| Anthony Chen | 2013 | 100\u2019 | Drama<\/span><span data-ccp-props=\"{}\">\u00a0<\/span><\/p>\n<p><span data-contrast=\"none\">Ambientada en Singapur durante la crisis financiera asi\u00e1tica de 1997, <\/span><i><span data-contrast=\"none\">Ilo Ilo<\/span><\/i><span data-contrast=\"none\"> narra el drama cotidiano de la familia Lim \u2013 el problem\u00e1tico alumno de primaria Jiale y sus estresados padres, Heck y Leng. De clase media acomodada y con otro beb\u00e9 en camino, contratan a Teresa, una inmigrante filipina, como asistenta y ni\u00f1era. Teresa, una extra\u00f1a tanto para la familia como para Singapur, se esfuerza en intentar controlar las travesuras de Jiale y encontrar su lugar en su nueva comunidad. Los dos acaban creando un v\u00ednculo \u00fanico, pero cuando Teresa se convierte en una parte t\u00e1cita de la familia, las circunstancias imprevistas de una econom\u00eda incierta volver\u00e1n a poner en entredicho la nueva normalidad.<\/span><span data-ccp-props=\"{\">\u00a0<\/span><\/p>\n<p><b><span data-contrast=\"none\">Anthony Chen <\/span><\/b><span data-contrast=\"none\">(18 de Abril de 1984)<\/span> <span data-contrast=\"none\">es un director de cine, guionista y productor de cine de Singapur. Es conocido por dirigir los largometrajes <\/span><i><span data-contrast=\"none\">Ilo Ilo<\/span><\/i><span data-contrast=\"none\"> (2013) y <\/span><i><span data-contrast=\"none\">Wet Season<\/span><\/i><span data-contrast=\"none\"> (2019). Su primer largometraje, <\/span><i><span data-contrast=\"none\">Ilo Ilo<\/span><\/i><span data-contrast=\"none\">, gan\u00f3 la C\u00e1mara de Oro en el Festival de Cine de Cannes de 2013, lo que lo convirti\u00f3 en el primer y \u00fanico singapurense premiado en Cannes. La pel\u00edcula tambi\u00e9n le vali\u00f3 el premio al Logro en Direcci\u00f3n en los Asia Pacific Screen Awards 2013 y el premio Golden Horse a la Mejor Pel\u00edcula, Mejor Director Revelaci\u00f3n y Mejor Gui\u00f3n Original.<\/span><span data-ccp-props=\"{\">\u00a0<\/span><\/p>\n<p><span data-contrast=\"none\">Tr\u00e1iler: <\/span><a href=\"https:\/\/youtu.be\/ISovsVvX8Bg\"><span data-contrast=\"none\">https:\/\/youtu.be\/ISovsVvX8Bg<\/span><\/a><span data-ccp-props=\"{\">\u00a0<\/span><\/p>\n<hr \/>\n<p><span style=\"color: #ff0000;\">S\u00e1bado 25 de mayo de 2024<\/span><\/p>\n<p><img loading=\"lazy\" decoding=\"async\" class=\"size-medium wp-image-49198 alignright\" src=\"https:\/\/asianfilmfestival.barcelona\/2023\/wp-content\/uploads\/2024\/04\/tumblr_mjo1nwy0Ba1qbvrrwo5_1280-1-300x222.jpg\" alt=\"\" width=\"300\" height=\"222\" srcset=\"https:\/\/asianfilmfestival.barcelona\/2023\/wp-content\/uploads\/2024\/04\/tumblr_mjo1nwy0Ba1qbvrrwo5_1280-1-300x222.jpg 300w, https:\/\/asianfilmfestival.barcelona\/2023\/wp-content\/uploads\/2024\/04\/tumblr_mjo1nwy0Ba1qbvrrwo5_1280-1-1030x761.jpg 1030w, https:\/\/asianfilmfestival.barcelona\/2023\/wp-content\/uploads\/2024\/04\/tumblr_mjo1nwy0Ba1qbvrrwo5_1280-1-768x568.jpg 768w, https:\/\/asianfilmfestival.barcelona\/2023\/wp-content\/uploads\/2024\/04\/tumblr_mjo1nwy0Ba1qbvrrwo5_1280-1-705x521.jpg 705w, https:\/\/asianfilmfestival.barcelona\/2023\/wp-content\/uploads\/2024\/04\/tumblr_mjo1nwy0Ba1qbvrrwo5_1280-1.jpg 1280w\" sizes=\"auto, (max-width: 300px) 100vw, 300px\" \/><\/p>\n<p><b><i><span data-contrast=\"none\">Big Boy <\/span><\/i><\/b><span data-contrast=\"none\">| Shireen Seno | 2011 | 89\u2019 | Drama<\/span><span data-ccp-props=\"{}\">\u00a0<\/span><\/p>\n<p><i><span data-contrast=\"none\">Big Boy<\/span><\/i><span data-contrast=\"none\"> es una historia de madurez sobre un ni\u00f1o y su familia en el Mindoro filipino de los a\u00f1os 50, y sobre c\u00f3mo le preparan para convertirse en el chico del cartel del negocio familiar de sus padres. La pel\u00edcula es un retrato experimental de una familia en medio del cambio, una experiencia que involucrar\u00e1 al p\u00fablico en algo extra\u00f1o pero familiar.<\/span><span data-ccp-props=\"{\">\u00a0<\/span><\/p>\n<p><b><span data-contrast=\"none\">Shireen SENO<\/span><\/b><span data-contrast=\"none\"> (Jap\u00f3n, 1983) naci\u00f3 en Tokio en el seno de una familia filipina. Estudi\u00f3 arquitectura y estudios de cine en la Universidad de Toronto. Su obra fotogr\u00e1fica y videogr\u00e1fica se ha expuesto en varias galer\u00edas. Ha trabajado con cineastas como Lav Diaz y John Torres, para los que tom\u00f3 im\u00e1genes fijas. Su primer largometraje <\/span><i><span data-contrast=\"none\">Big Boy <\/span><\/i><span data-contrast=\"none\">(2012) se proyect\u00f3 en el IFFR y gan\u00f3 el premio a Mejor \u00d3pera Prima en el Festival de Cine Lima Independiente en 2013. <\/span><i><span data-contrast=\"none\">Nervous Translation<\/span><\/i><span data-contrast=\"none\"> es su segundo largometraje.<\/span><span data-ccp-props=\"{\">\u00a0<\/span><\/p>\n<p><span data-contrast=\"none\">Tr\u00e1iler: <\/span><a href=\"https:\/\/www.facebook.com\/watch\/?v=1369911976687709\"><span data-contrast=\"none\">https:\/\/www.facebook.com\/watch\/?v=1369911976687709<\/span><\/a><span data-ccp-props=\"{\">\u00a0<\/span><\/p>\n<hr \/>\n<p><span style=\"color: #ff0000;\">S\u00e1bado 25 de mayo de 2024\u00a0<\/span><\/p>\n<p><img loading=\"lazy\" decoding=\"async\" class=\"size-medium wp-image-49192 alignleft\" src=\"https:\/\/asianfilmfestival.barcelona\/2023\/wp-content\/uploads\/2024\/04\/islands-300x170.jpg\" alt=\"\" width=\"300\" height=\"170\" srcset=\"https:\/\/asianfilmfestival.barcelona\/2023\/wp-content\/uploads\/2024\/04\/islands-300x170.jpg 300w, https:\/\/asianfilmfestival.barcelona\/2023\/wp-content\/uploads\/2024\/04\/islands-1030x582.jpg 1030w, https:\/\/asianfilmfestival.barcelona\/2023\/wp-content\/uploads\/2024\/04\/islands-768x434.jpg 768w, https:\/\/asianfilmfestival.barcelona\/2023\/wp-content\/uploads\/2024\/04\/islands-705x398.jpg 705w, https:\/\/asianfilmfestival.barcelona\/2023\/wp-content\/uploads\/2024\/04\/islands.jpg 1150w\" sizes=\"auto, (max-width: 300px) 100vw, 300px\" \/><\/p>\n<p><b><i><span data-contrast=\"none\">Islands <\/span><\/i><\/b><span data-contrast=\"none\">| Martin Edralin | 2021 | 95\u2019 | Drama<\/span><span data-ccp-props=\"{}\">\u00a0<\/span><\/p>\n<p><span data-contrast=\"none\">Joshua, un t\u00edmido inmigrante filipino en la c\u00faspide de los 50, ha vivido en la comodidad de la casa de sus padres durante toda su vida. Ahora que sus padres son ancianos, suplica a Dios que le encuentre un compa\u00f1ero, aterrorizado de quedarse solo cuando ellos fallezcan.<\/span><span data-ccp-props=\"{\">\u00a0<\/span><\/p>\n<p><b><span data-contrast=\"none\">Martin Edralin<\/span><\/b><span data-contrast=\"none\"> es un director Canadiense. Su primer corto, <\/span><i><span data-contrast=\"none\">Hole<\/span><\/i><span data-contrast=\"none\">, gan\u00f3 el Canadian Screen Award al mejor cortometraje dram\u00e1tico de acci\u00f3n real en la 3\u00aa edici\u00f3n de los Canadian Screen Awards en 2015, el Grand Prix 2015 en el Clermont-Ferrand International Film Festival en 2015, y el premio del jurado en el Locarno Festival de 2014. Su segundo cortometraje, <\/span><i><span data-contrast=\"none\">Emma<\/span><\/i><span data-contrast=\"none\">, fue incluido en la lista de las diez mejores pel\u00edculas canadienses del Festival Internacional de Cine de Toronto en 2016 y gan\u00f3 el Primer Premio en el Festival Internacional de Cine de Rhode Island de 2017. Su primer largometraje, Islands, se estren\u00f3 en el SXSW de 2021 y recibi\u00f3 el Reconocimiento Especial del Jurado a la Actuaci\u00f3n Revelaci\u00f3n. <\/span><i><span data-contrast=\"none\">Islands<\/span><\/i><span data-contrast=\"none\"> fue nominada en la 10\u00aa edici\u00f3n de los Canadian Screen Awards en las categor\u00edas de Mejor Actor, Mejor Actor Secundario y Premio John Dunning a la Mejor \u00d3pera Prima.<\/span><span data-ccp-props=\"{\">\u00a0<\/span><\/p>\n<p><span data-contrast=\"none\">Tr\u00e1iler: <\/span><a href=\"https:\/\/youtu.be\/JsjjcYhd7p0\"><span data-contrast=\"none\">https:\/\/youtu.be\/JsjjcYhd7p0<\/span><\/a><span data-ccp-props=\"{}\">\u00a0<\/span><\/p>\n<hr \/>\n<p><span style=\"color: #ff0000;\">S\u00e1bado 1 de junio de 2024<\/span><\/p>\n<p><img loading=\"lazy\" decoding=\"async\" class=\"size-medium wp-image-49186 alignright\" src=\"https:\/\/asianfilmfestival.barcelona\/2023\/wp-content\/uploads\/2024\/04\/iO2giwHkMUCxxn2YzY95YM9ioSh-1200-1200-675-675-crop-000000-300x169.jpg\" alt=\"\" width=\"300\" height=\"169\" srcset=\"https:\/\/asianfilmfestival.barcelona\/2023\/wp-content\/uploads\/2024\/04\/iO2giwHkMUCxxn2YzY95YM9ioSh-1200-1200-675-675-crop-000000-300x169.jpg 300w, https:\/\/asianfilmfestival.barcelona\/2023\/wp-content\/uploads\/2024\/04\/iO2giwHkMUCxxn2YzY95YM9ioSh-1200-1200-675-675-crop-000000-1030x579.jpg 1030w, https:\/\/asianfilmfestival.barcelona\/2023\/wp-content\/uploads\/2024\/04\/iO2giwHkMUCxxn2YzY95YM9ioSh-1200-1200-675-675-crop-000000-768x432.jpg 768w, https:\/\/asianfilmfestival.barcelona\/2023\/wp-content\/uploads\/2024\/04\/iO2giwHkMUCxxn2YzY95YM9ioSh-1200-1200-675-675-crop-000000-705x397.jpg 705w, https:\/\/asianfilmfestival.barcelona\/2023\/wp-content\/uploads\/2024\/04\/iO2giwHkMUCxxn2YzY95YM9ioSh-1200-1200-675-675-crop-000000.jpg 1200w\" sizes=\"auto, (max-width: 300px) 100vw, 300px\" \/><\/p>\n<p><b><i><span data-contrast=\"none\">Transit <\/span><\/i><\/b><span data-contrast=\"none\">| Hannah Espia | 2013 | 93\u2019 | Drama<\/span><span data-ccp-props=\"{}\">\u00a0<\/span><\/p>\n<p><span data-contrast=\"none\">Moises, un padre soltero filipino, vuelve a casa para celebrar el cuarto cumplea\u00f1os de su hijo y descubre que el gobierno Israel\u00ed va a deportar a los hijos de los trabajadores extranjeros.\u00a0<\/span><span data-ccp-props=\"{\">\u00a0<\/span><\/p>\n<p><b><span data-contrast=\"none\">Hannah Espia<\/span><\/b><span data-contrast=\"none\"> (15 de Mayo de 1987) es una directora filipina mejor conocida por escribir y dirigir el drama independiente de 2013 <\/span><i><span data-contrast=\"none\">Transit<\/span><\/i><span data-contrast=\"none\">. Se cas\u00f3 con el editor Andrej Farba en 2017, y ha dirigido tres episodios (2020,2023) de la serie <\/span><i><span data-contrast=\"none\">Almost Paradise <\/span><\/i><span data-contrast=\"none\">bajo el nombre Hannah Espia-Farbov\u00e1.<\/span><span data-ccp-props=\"{\">\u00a0<\/span><\/p>\n<p><span data-contrast=\"none\">Tr\u00e1iler: <\/span><a href=\"https:\/\/youtu.be\/L2LxS75INlk\"><span data-contrast=\"none\">https:\/\/youtu.be\/L2LxS75INlk<\/span><\/a><span data-ccp-props=\"{\">\u00a0<\/span><\/p>\n<hr \/>\n<p><span style=\"color: #ff0000;\">S\u00e1bado 1 de junio de 2024\u00a0<\/span><\/p>\n<p><img loading=\"lazy\" decoding=\"async\" class=\"size-medium wp-image-49180 alignleft\" src=\"https:\/\/asianfilmfestival.barcelona\/2023\/wp-content\/uploads\/2024\/04\/Nowhere-Near-5-1600x900-c-default-300x169.webp\" alt=\"\" width=\"300\" height=\"169\" srcset=\"https:\/\/asianfilmfestival.barcelona\/2023\/wp-content\/uploads\/2024\/04\/Nowhere-Near-5-1600x900-c-default-300x169.webp 300w, https:\/\/asianfilmfestival.barcelona\/2023\/wp-content\/uploads\/2024\/04\/Nowhere-Near-5-1600x900-c-default-1030x579.webp 1030w, https:\/\/asianfilmfestival.barcelona\/2023\/wp-content\/uploads\/2024\/04\/Nowhere-Near-5-1600x900-c-default-768x432.webp 768w, https:\/\/asianfilmfestival.barcelona\/2023\/wp-content\/uploads\/2024\/04\/Nowhere-Near-5-1600x900-c-default-1536x864.webp 1536w, https:\/\/asianfilmfestival.barcelona\/2023\/wp-content\/uploads\/2024\/04\/Nowhere-Near-5-1600x900-c-default-1500x844.webp 1500w, https:\/\/asianfilmfestival.barcelona\/2023\/wp-content\/uploads\/2024\/04\/Nowhere-Near-5-1600x900-c-default-705x397.webp 705w, https:\/\/asianfilmfestival.barcelona\/2023\/wp-content\/uploads\/2024\/04\/Nowhere-Near-5-1600x900-c-default.webp 1600w\" sizes=\"auto, (max-width: 300px) 100vw, 300px\" \/><\/p>\n<p><b><i><span data-contrast=\"none\">Nowhere Near <\/span><\/i><\/b><span data-contrast=\"none\">| Miko Revereza | 2023 | 96\u2019 | Documental<\/span><span data-ccp-props=\"{}\">\u00a0<\/span><\/p>\n<p><span data-contrast=\"none\">La culminaci\u00f3n de varios a\u00f1os de rodaje, montaje, traslado y reflexi\u00f3n, el aclamado cineasta experimental Miko Revereza forja un retrato personal y profundo de la inmigraci\u00f3n, la desilusi\u00f3n y la elusividad del hogar.<\/span><span data-ccp-props=\"{\">\u00a0<\/span><\/p>\n<p><b><span data-contrast=\"none\">Miko Revereza<\/span><\/b><span data-contrast=\"none\"> es un cineasta experimental de Manila. Revereza vivi\u00f3 en Estados Unidos como inmigrante indocumentado, una experiencia que influye en su obra. Tiene un m\u00e1ster en Bellas Artes por el Bard College, pero no es licenciado. En 2021 gan\u00f3 el Premio Vilcek a la Promesa Creativa en el Cine y sus cortometrajes han aparecido en la Criterion Collection. En Nowhere Near, el cineasta regresa a Filipinas para enfrentarse a una \u00abmaldici\u00f3n familiar\u00bb y al legado del imperialismo. Fue incluida en el March\u00e9 du Film de Cannes Docs Showcase. Recibi\u00f3 financiaci\u00f3n a trav\u00e9s de una subvenci\u00f3n de Purin Pictures, la Assembly Grant del Open City Documentary Festival y el Hubert Bals Fund Bright Future Award del Festival Internacional de Cine de Rotterdam.<\/span><span data-ccp-props=\"{\">\u00a0<\/span><\/p>\n<p><span data-contrast=\"none\">Tr\u00e1iler: <\/span><a href=\"https:\/\/youtu.be\/oH8H7XYhRi8?si=8fz5gj4wTWBDXZyb\"><span data-contrast=\"none\">https:\/\/youtu.be\/oH8H7XYhRi8?si=8fz5gj4wTWBDXZyb<\/span><\/a><span data-ccp-props=\"{}\">\u00a0<\/span><\/p>\n<\/div><\/section>\n","protected":false},"excerpt":{"rendered":"","protected":false},"author":8,"featured_media":49198,"comment_status":"closed","ping_status":"open","sticky":false,"template":"","format":"standard","meta":{"_acf_changed":false,"footnotes":""},"categories":[32],"tags":[],"class_list":["post-49219","post","type-post","status-publish","format-standard","has-post-thumbnail","hentry","category-noticias"],"acf":[],"yoast_head":"<!-- This site is optimized with the Yoast SEO plugin v27.4 - https:\/\/yoast.com\/product\/yoast-seo-wordpress\/ -->\n<title>Programa de cine filipino en el marco del proyecto expositivo de Stephanie Comilang para TBA21 - Asian Film Festival Barcelona<\/title>\n<meta name=\"robots\" content=\"noindex, follow, max-snippet:-1, max-image-preview:large, max-video-preview:-1\" \/>\n<meta property=\"og:locale\" content=\"es_ES\" \/>\n<meta property=\"og:type\" content=\"article\" \/>\n<meta property=\"og:title\" content=\"Programa de cine filipino en el marco del proyecto expositivo de Stephanie Comilang para TBA21 - Asian Film Festival Barcelona\" \/>\n<meta property=\"og:url\" content=\"https:\/\/asianfilmfestival.barcelona\/2023\/es\/programa-de-cine-filipino-en-el-marco-del-proyecto-expositivo-de-stephanie-comilang-para-tba21\/\" \/>\n<meta property=\"og:site_name\" content=\"Asian Film Festival Barcelona\" \/>\n<meta property=\"article:published_time\" content=\"2024-04-22T11:51:42+00:00\" \/>\n<meta property=\"article:modified_time\" content=\"2024-05-15T10:44:10+00:00\" \/>\n<meta property=\"og:image\" content=\"https:\/\/asianfilmfestival.barcelona\/2023\/wp-content\/uploads\/2024\/04\/tumblr_mjo1nwy0Ba1qbvrrwo5_1280-1.jpg\" \/>\n\t<meta property=\"og:image:width\" content=\"1280\" \/>\n\t<meta property=\"og:image:height\" content=\"946\" \/>\n\t<meta property=\"og:image:type\" content=\"image\/jpeg\" \/>\n<meta name=\"author\" content=\"Asian Film Festival Barcelona\" \/>\n<meta name=\"twitter:card\" content=\"summary_large_image\" \/>\n<meta name=\"twitter:label1\" content=\"Escrito por\" \/>\n\t<meta name=\"twitter:data1\" content=\"Asian Film Festival Barcelona\" \/>\n\t<meta name=\"twitter:label2\" content=\"Tiempo de lectura\" \/>\n\t<meta name=\"twitter:data2\" content=\"7 minutos\" \/>\n<script type=\"application\/ld+json\" class=\"yoast-schema-graph\">{\"@context\":\"https:\\\/\\\/schema.org\",\"@graph\":[{\"@type\":\"Article\",\"@id\":\"https:\\\/\\\/asianfilmfestival.barcelona\\\/2023\\\/es\\\/programa-de-cine-filipino-en-el-marco-del-proyecto-expositivo-de-stephanie-comilang-para-tba21\\\/#article\",\"isPartOf\":{\"@id\":\"https:\\\/\\\/asianfilmfestival.barcelona\\\/2023\\\/es\\\/programa-de-cine-filipino-en-el-marco-del-proyecto-expositivo-de-stephanie-comilang-para-tba21\\\/\"},\"author\":{\"name\":\"Asian Film Festival Barcelona\",\"@id\":\"https:\\\/\\\/asianfilmfestival.barcelona\\\/2023\\\/es\\\/#\\\/schema\\\/person\\\/86a1f3b7a536690d6c2c6d700ad93adb\"},\"headline\":\"Programa de cine filipino en el marco del proyecto expositivo de Stephanie Comilang para TBA21\",\"datePublished\":\"2024-04-22T11:51:42+00:00\",\"dateModified\":\"2024-05-15T10:44:10+00:00\",\"mainEntityOfPage\":{\"@id\":\"https:\\\/\\\/asianfilmfestival.barcelona\\\/2023\\\/es\\\/programa-de-cine-filipino-en-el-marco-del-proyecto-expositivo-de-stephanie-comilang-para-tba21\\\/\"},\"wordCount\":1358,\"image\":{\"@id\":\"https:\\\/\\\/asianfilmfestival.barcelona\\\/2023\\\/es\\\/programa-de-cine-filipino-en-el-marco-del-proyecto-expositivo-de-stephanie-comilang-para-tba21\\\/#primaryimage\"},\"thumbnailUrl\":\"https:\\\/\\\/asianfilmfestival.barcelona\\\/2023\\\/wp-content\\\/uploads\\\/2024\\\/04\\\/tumblr_mjo1nwy0Ba1qbvrrwo5_1280-1.jpg\",\"articleSection\":[\"Noticias\"],\"inLanguage\":\"es\"},{\"@type\":\"WebPage\",\"@id\":\"https:\\\/\\\/asianfilmfestival.barcelona\\\/2023\\\/es\\\/programa-de-cine-filipino-en-el-marco-del-proyecto-expositivo-de-stephanie-comilang-para-tba21\\\/\",\"url\":\"https:\\\/\\\/asianfilmfestival.barcelona\\\/2023\\\/es\\\/programa-de-cine-filipino-en-el-marco-del-proyecto-expositivo-de-stephanie-comilang-para-tba21\\\/\",\"name\":\"Programa de cine filipino en el marco del proyecto expositivo de Stephanie Comilang para TBA21 - Asian Film Festival Barcelona\",\"isPartOf\":{\"@id\":\"https:\\\/\\\/asianfilmfestival.barcelona\\\/2023\\\/es\\\/#website\"},\"primaryImageOfPage\":{\"@id\":\"https:\\\/\\\/asianfilmfestival.barcelona\\\/2023\\\/es\\\/programa-de-cine-filipino-en-el-marco-del-proyecto-expositivo-de-stephanie-comilang-para-tba21\\\/#primaryimage\"},\"image\":{\"@id\":\"https:\\\/\\\/asianfilmfestival.barcelona\\\/2023\\\/es\\\/programa-de-cine-filipino-en-el-marco-del-proyecto-expositivo-de-stephanie-comilang-para-tba21\\\/#primaryimage\"},\"thumbnailUrl\":\"https:\\\/\\\/asianfilmfestival.barcelona\\\/2023\\\/wp-content\\\/uploads\\\/2024\\\/04\\\/tumblr_mjo1nwy0Ba1qbvrrwo5_1280-1.jpg\",\"datePublished\":\"2024-04-22T11:51:42+00:00\",\"dateModified\":\"2024-05-15T10:44:10+00:00\",\"author\":{\"@id\":\"https:\\\/\\\/asianfilmfestival.barcelona\\\/2023\\\/es\\\/#\\\/schema\\\/person\\\/86a1f3b7a536690d6c2c6d700ad93adb\"},\"breadcrumb\":{\"@id\":\"https:\\\/\\\/asianfilmfestival.barcelona\\\/2023\\\/es\\\/programa-de-cine-filipino-en-el-marco-del-proyecto-expositivo-de-stephanie-comilang-para-tba21\\\/#breadcrumb\"},\"inLanguage\":\"es\",\"potentialAction\":[{\"@type\":\"ReadAction\",\"target\":[\"https:\\\/\\\/asianfilmfestival.barcelona\\\/2023\\\/es\\\/programa-de-cine-filipino-en-el-marco-del-proyecto-expositivo-de-stephanie-comilang-para-tba21\\\/\"]}]},{\"@type\":\"ImageObject\",\"inLanguage\":\"es\",\"@id\":\"https:\\\/\\\/asianfilmfestival.barcelona\\\/2023\\\/es\\\/programa-de-cine-filipino-en-el-marco-del-proyecto-expositivo-de-stephanie-comilang-para-tba21\\\/#primaryimage\",\"url\":\"https:\\\/\\\/asianfilmfestival.barcelona\\\/2023\\\/wp-content\\\/uploads\\\/2024\\\/04\\\/tumblr_mjo1nwy0Ba1qbvrrwo5_1280-1.jpg\",\"contentUrl\":\"https:\\\/\\\/asianfilmfestival.barcelona\\\/2023\\\/wp-content\\\/uploads\\\/2024\\\/04\\\/tumblr_mjo1nwy0Ba1qbvrrwo5_1280-1.jpg\",\"width\":1280,\"height\":946},{\"@type\":\"BreadcrumbList\",\"@id\":\"https:\\\/\\\/asianfilmfestival.barcelona\\\/2023\\\/es\\\/programa-de-cine-filipino-en-el-marco-del-proyecto-expositivo-de-stephanie-comilang-para-tba21\\\/#breadcrumb\",\"itemListElement\":[{\"@type\":\"ListItem\",\"position\":1,\"name\":\"Home\",\"item\":\"https:\\\/\\\/asianfilmfestival.barcelona\\\/2023\\\/es\\\/bienvenida-asian-film-festival-barcelona-2023\\\/\"},{\"@type\":\"ListItem\",\"position\":2,\"name\":\"Programa de cine filipino en el marco del proyecto expositivo de Stephanie Comilang para TBA21\"}]},{\"@type\":\"WebSite\",\"@id\":\"https:\\\/\\\/asianfilmfestival.barcelona\\\/2023\\\/es\\\/#website\",\"url\":\"https:\\\/\\\/asianfilmfestival.barcelona\\\/2023\\\/es\\\/\",\"name\":\"Asian Film Festival Barcelona\",\"description\":\"2023\",\"potentialAction\":[{\"@type\":\"SearchAction\",\"target\":{\"@type\":\"EntryPoint\",\"urlTemplate\":\"https:\\\/\\\/asianfilmfestival.barcelona\\\/2023\\\/es\\\/?s={search_term_string}\"},\"query-input\":{\"@type\":\"PropertyValueSpecification\",\"valueRequired\":true,\"valueName\":\"search_term_string\"}}],\"inLanguage\":\"es\"},{\"@type\":\"Person\",\"@id\":\"https:\\\/\\\/asianfilmfestival.barcelona\\\/2023\\\/es\\\/#\\\/schema\\\/person\\\/86a1f3b7a536690d6c2c6d700ad93adb\",\"name\":\"Asian Film Festival Barcelona\",\"image\":{\"@type\":\"ImageObject\",\"inLanguage\":\"es\",\"@id\":\"https:\\\/\\\/secure.gravatar.com\\\/avatar\\\/2b70c89a32ff7923752020dbdcd7d17202d996fa13bbe4424cdbf22a297f3777?s=96&d=mm&r=g\",\"url\":\"https:\\\/\\\/secure.gravatar.com\\\/avatar\\\/2b70c89a32ff7923752020dbdcd7d17202d996fa13bbe4424cdbf22a297f3777?s=96&d=mm&r=g\",\"contentUrl\":\"https:\\\/\\\/secure.gravatar.com\\\/avatar\\\/2b70c89a32ff7923752020dbdcd7d17202d996fa13bbe4424cdbf22a297f3777?s=96&d=mm&r=g\",\"caption\":\"Asian Film Festival Barcelona\"}}]}<\/script>\n<!-- \/ Yoast SEO plugin. -->","yoast_head_json":{"title":"Programa de cine filipino en el marco del proyecto expositivo de Stephanie Comilang para TBA21 - Asian Film Festival Barcelona","robots":{"index":"noindex","follow":"follow","max-snippet":"max-snippet:-1","max-image-preview":"max-image-preview:large","max-video-preview":"max-video-preview:-1"},"og_locale":"es_ES","og_type":"article","og_title":"Programa de cine filipino en el marco del proyecto expositivo de Stephanie Comilang para TBA21 - Asian Film Festival Barcelona","og_url":"https:\/\/asianfilmfestival.barcelona\/2023\/es\/programa-de-cine-filipino-en-el-marco-del-proyecto-expositivo-de-stephanie-comilang-para-tba21\/","og_site_name":"Asian Film Festival Barcelona","article_published_time":"2024-04-22T11:51:42+00:00","article_modified_time":"2024-05-15T10:44:10+00:00","og_image":[{"width":1280,"height":946,"url":"https:\/\/asianfilmfestival.barcelona\/2023\/wp-content\/uploads\/2024\/04\/tumblr_mjo1nwy0Ba1qbvrrwo5_1280-1.jpg","type":"image\/jpeg"}],"author":"Asian Film Festival Barcelona","twitter_card":"summary_large_image","twitter_misc":{"Escrito por":"Asian Film Festival Barcelona","Tiempo de lectura":"7 minutos"},"schema":{"@context":"https:\/\/schema.org","@graph":[{"@type":"Article","@id":"https:\/\/asianfilmfestival.barcelona\/2023\/es\/programa-de-cine-filipino-en-el-marco-del-proyecto-expositivo-de-stephanie-comilang-para-tba21\/#article","isPartOf":{"@id":"https:\/\/asianfilmfestival.barcelona\/2023\/es\/programa-de-cine-filipino-en-el-marco-del-proyecto-expositivo-de-stephanie-comilang-para-tba21\/"},"author":{"name":"Asian Film Festival Barcelona","@id":"https:\/\/asianfilmfestival.barcelona\/2023\/es\/#\/schema\/person\/86a1f3b7a536690d6c2c6d700ad93adb"},"headline":"Programa de cine filipino en el marco del proyecto expositivo de Stephanie Comilang para TBA21","datePublished":"2024-04-22T11:51:42+00:00","dateModified":"2024-05-15T10:44:10+00:00","mainEntityOfPage":{"@id":"https:\/\/asianfilmfestival.barcelona\/2023\/es\/programa-de-cine-filipino-en-el-marco-del-proyecto-expositivo-de-stephanie-comilang-para-tba21\/"},"wordCount":1358,"image":{"@id":"https:\/\/asianfilmfestival.barcelona\/2023\/es\/programa-de-cine-filipino-en-el-marco-del-proyecto-expositivo-de-stephanie-comilang-para-tba21\/#primaryimage"},"thumbnailUrl":"https:\/\/asianfilmfestival.barcelona\/2023\/wp-content\/uploads\/2024\/04\/tumblr_mjo1nwy0Ba1qbvrrwo5_1280-1.jpg","articleSection":["Noticias"],"inLanguage":"es"},{"@type":"WebPage","@id":"https:\/\/asianfilmfestival.barcelona\/2023\/es\/programa-de-cine-filipino-en-el-marco-del-proyecto-expositivo-de-stephanie-comilang-para-tba21\/","url":"https:\/\/asianfilmfestival.barcelona\/2023\/es\/programa-de-cine-filipino-en-el-marco-del-proyecto-expositivo-de-stephanie-comilang-para-tba21\/","name":"Programa de cine filipino en el marco del proyecto expositivo de Stephanie Comilang para TBA21 - Asian Film Festival Barcelona","isPartOf":{"@id":"https:\/\/asianfilmfestival.barcelona\/2023\/es\/#website"},"primaryImageOfPage":{"@id":"https:\/\/asianfilmfestival.barcelona\/2023\/es\/programa-de-cine-filipino-en-el-marco-del-proyecto-expositivo-de-stephanie-comilang-para-tba21\/#primaryimage"},"image":{"@id":"https:\/\/asianfilmfestival.barcelona\/2023\/es\/programa-de-cine-filipino-en-el-marco-del-proyecto-expositivo-de-stephanie-comilang-para-tba21\/#primaryimage"},"thumbnailUrl":"https:\/\/asianfilmfestival.barcelona\/2023\/wp-content\/uploads\/2024\/04\/tumblr_mjo1nwy0Ba1qbvrrwo5_1280-1.jpg","datePublished":"2024-04-22T11:51:42+00:00","dateModified":"2024-05-15T10:44:10+00:00","author":{"@id":"https:\/\/asianfilmfestival.barcelona\/2023\/es\/#\/schema\/person\/86a1f3b7a536690d6c2c6d700ad93adb"},"breadcrumb":{"@id":"https:\/\/asianfilmfestival.barcelona\/2023\/es\/programa-de-cine-filipino-en-el-marco-del-proyecto-expositivo-de-stephanie-comilang-para-tba21\/#breadcrumb"},"inLanguage":"es","potentialAction":[{"@type":"ReadAction","target":["https:\/\/asianfilmfestival.barcelona\/2023\/es\/programa-de-cine-filipino-en-el-marco-del-proyecto-expositivo-de-stephanie-comilang-para-tba21\/"]}]},{"@type":"ImageObject","inLanguage":"es","@id":"https:\/\/asianfilmfestival.barcelona\/2023\/es\/programa-de-cine-filipino-en-el-marco-del-proyecto-expositivo-de-stephanie-comilang-para-tba21\/#primaryimage","url":"https:\/\/asianfilmfestival.barcelona\/2023\/wp-content\/uploads\/2024\/04\/tumblr_mjo1nwy0Ba1qbvrrwo5_1280-1.jpg","contentUrl":"https:\/\/asianfilmfestival.barcelona\/2023\/wp-content\/uploads\/2024\/04\/tumblr_mjo1nwy0Ba1qbvrrwo5_1280-1.jpg","width":1280,"height":946},{"@type":"BreadcrumbList","@id":"https:\/\/asianfilmfestival.barcelona\/2023\/es\/programa-de-cine-filipino-en-el-marco-del-proyecto-expositivo-de-stephanie-comilang-para-tba21\/#breadcrumb","itemListElement":[{"@type":"ListItem","position":1,"name":"Home","item":"https:\/\/asianfilmfestival.barcelona\/2023\/es\/bienvenida-asian-film-festival-barcelona-2023\/"},{"@type":"ListItem","position":2,"name":"Programa de cine filipino en el marco del proyecto expositivo de Stephanie Comilang para TBA21"}]},{"@type":"WebSite","@id":"https:\/\/asianfilmfestival.barcelona\/2023\/es\/#website","url":"https:\/\/asianfilmfestival.barcelona\/2023\/es\/","name":"Asian Film Festival Barcelona","description":"2023","potentialAction":[{"@type":"SearchAction","target":{"@type":"EntryPoint","urlTemplate":"https:\/\/asianfilmfestival.barcelona\/2023\/es\/?s={search_term_string}"},"query-input":{"@type":"PropertyValueSpecification","valueRequired":true,"valueName":"search_term_string"}}],"inLanguage":"es"},{"@type":"Person","@id":"https:\/\/asianfilmfestival.barcelona\/2023\/es\/#\/schema\/person\/86a1f3b7a536690d6c2c6d700ad93adb","name":"Asian Film Festival Barcelona","image":{"@type":"ImageObject","inLanguage":"es","@id":"https:\/\/secure.gravatar.com\/avatar\/2b70c89a32ff7923752020dbdcd7d17202d996fa13bbe4424cdbf22a297f3777?s=96&d=mm&r=g","url":"https:\/\/secure.gravatar.com\/avatar\/2b70c89a32ff7923752020dbdcd7d17202d996fa13bbe4424cdbf22a297f3777?s=96&d=mm&r=g","contentUrl":"https:\/\/secure.gravatar.com\/avatar\/2b70c89a32ff7923752020dbdcd7d17202d996fa13bbe4424cdbf22a297f3777?s=96&d=mm&r=g","caption":"Asian Film Festival Barcelona"}}]}},"_links":{"self":[{"href":"https:\/\/asianfilmfestival.barcelona\/2023\/es\/wp-json\/wp\/v2\/posts\/49219","targetHints":{"allow":["GET"]}}],"collection":[{"href":"https:\/\/asianfilmfestival.barcelona\/2023\/es\/wp-json\/wp\/v2\/posts"}],"about":[{"href":"https:\/\/asianfilmfestival.barcelona\/2023\/es\/wp-json\/wp\/v2\/types\/post"}],"author":[{"embeddable":true,"href":"https:\/\/asianfilmfestival.barcelona\/2023\/es\/wp-json\/wp\/v2\/users\/8"}],"replies":[{"embeddable":true,"href":"https:\/\/asianfilmfestival.barcelona\/2023\/es\/wp-json\/wp\/v2\/comments?post=49219"}],"version-history":[{"count":5,"href":"https:\/\/asianfilmfestival.barcelona\/2023\/es\/wp-json\/wp\/v2\/posts\/49219\/revisions"}],"predecessor-version":[{"id":49275,"href":"https:\/\/asianfilmfestival.barcelona\/2023\/es\/wp-json\/wp\/v2\/posts\/49219\/revisions\/49275"}],"wp:featuredmedia":[{"embeddable":true,"href":"https:\/\/asianfilmfestival.barcelona\/2023\/es\/wp-json\/wp\/v2\/media\/49198"}],"wp:attachment":[{"href":"https:\/\/asianfilmfestival.barcelona\/2023\/es\/wp-json\/wp\/v2\/media?parent=49219"}],"wp:term":[{"taxonomy":"category","embeddable":true,"href":"https:\/\/asianfilmfestival.barcelona\/2023\/es\/wp-json\/wp\/v2\/categories?post=49219"},{"taxonomy":"post_tag","embeddable":true,"href":"https:\/\/asianfilmfestival.barcelona\/2023\/es\/wp-json\/wp\/v2\/tags?post=49219"}],"curies":[{"name":"wp","href":"https:\/\/api.w.org\/{rel}","templated":true}]}}