{"id":48735,"date":"2024-01-31T13:55:09","date_gmt":"2024-01-31T12:55:09","guid":{"rendered":"https:\/\/asianfilmfestival.barcelona\/2023\/?p=48735"},"modified":"2024-01-31T13:55:09","modified_gmt":"2024-01-31T12:55:09","slug":"muestracineirani","status":"publish","type":"post","link":"https:\/\/asianfilmfestival.barcelona\/2023\/es\/muestracineirani\/","title":{"rendered":"Muestra de cine iran\u00ed"},"content":{"rendered":"<section  class='av_textblock_section av-ls1qpu4s-130f5a398189e8b8e97cd07b0d6d0404 '   itemscope=\"itemscope\" itemtype=\"https:\/\/schema.org\/BlogPosting\" itemprop=\"blogPost\" ><div class='avia_textblock av_inherit_color'  itemprop=\"text\" ><h1 style=\"text-align: center;\">Muestra de cine iran\u00ed <br class=\"avia-permanent-lb\" \/><br class=\"avia-permanent-lb\" \/><\/h1>\n<h2><span data-contrast=\"auto\">El cine iran\u00ed tiene sus seguidores y tanto las novedades que se dan a conocer como las retrospectivas o los ciclos monogr\u00e1ficos son siempre citas esperadas. El cine iran\u00ed suele ser un cine de autor, f\u00e1cilmente reconocible por sus propuestas narrativas y sus guiones, lo que demuestra la buena formaci\u00f3n de sus cineastas. En esta ocasi\u00f3n, hemos reunido un grupo de cinco pel\u00edculas que podremos proyectar con la colaboraci\u00f3n de la Consejer\u00eda Cultural de la Embajada de la R. I. de Ir\u00e1n en Espa\u00f1a y de la Farabi Foundation, cuyo inter\u00e9s por difundir este cine es m\u00e1s que evidente. Los t\u00edtulos que forman parte de la Muestra son de reciente producci\u00f3n, ya que est\u00e1n fechados entre 2020 y 2022, y sus realizadores son j\u00f3venes directores nacidos entre los a\u00f1os setenta y ochenta del siglo XX. Este programa se suma al gran n\u00famero ya existente de pel\u00edculas de este pa\u00eds que programamos anualmente en Cinemes Girona de Barcelona, MK2 Cine Paz de Madrid, en el canal de televisi\u00f3n BETEV\u00c9 y en el Canal CASA ASIA dentro de la plataforma online FILMIN.<\/span><span data-ccp-props=\"{&quot;201341983&quot;:0,&quot;335551550&quot;:6,&quot;335551620&quot;:6,&quot;335559740&quot;:259}\">\u00a0<\/span><\/h2>\n<h2><span data-ccp-props=\"{&quot;201341983&quot;:0,&quot;335551550&quot;:6,&quot;335551620&quot;:6,&quot;335559740&quot;:259}\">\u00a0<\/span><\/h2>\n<h2 style=\"text-align: center;\"><b><span data-contrast=\"auto\">PROGRAMACI\u00d3N<\/span><\/b><span data-ccp-props=\"{&quot;201341983&quot;:0,&quot;335551550&quot;:6,&quot;335551620&quot;:6,&quot;335559740&quot;:259}\">\u00a0<\/span><\/h2>\n<h4><strong><span style=\"color: #800000;\">Jueves 15 de febrero de 2024, a las 20h<\/span><\/strong><\/h4>\n<p><img loading=\"lazy\" decoding=\"async\" class=\"aligncenter wp-image-48719 size-full\" src=\"https:\/\/asianfilmfestival.barcelona\/2023\/wp-content\/uploads\/2024\/01\/Iran-NO-PRIOR-APPOINTMENT-2.jpg\" alt=\"\" width=\"1080\" height=\"1070\" srcset=\"https:\/\/asianfilmfestival.barcelona\/2023\/wp-content\/uploads\/2024\/01\/Iran-NO-PRIOR-APPOINTMENT-2.jpg 1080w, https:\/\/asianfilmfestival.barcelona\/2023\/wp-content\/uploads\/2024\/01\/Iran-NO-PRIOR-APPOINTMENT-2-300x297.jpg 300w, https:\/\/asianfilmfestival.barcelona\/2023\/wp-content\/uploads\/2024\/01\/Iran-NO-PRIOR-APPOINTMENT-2-1030x1020.jpg 1030w, https:\/\/asianfilmfestival.barcelona\/2023\/wp-content\/uploads\/2024\/01\/Iran-NO-PRIOR-APPOINTMENT-2-80x80.jpg 80w, https:\/\/asianfilmfestival.barcelona\/2023\/wp-content\/uploads\/2024\/01\/Iran-NO-PRIOR-APPOINTMENT-2-768x761.jpg 768w, https:\/\/asianfilmfestival.barcelona\/2023\/wp-content\/uploads\/2024\/01\/Iran-NO-PRIOR-APPOINTMENT-2-36x36.jpg 36w, https:\/\/asianfilmfestival.barcelona\/2023\/wp-content\/uploads\/2024\/01\/Iran-NO-PRIOR-APPOINTMENT-2-705x698.jpg 705w\" sizes=\"auto, (max-width: 1080px) 100vw, 1080px\" \/><\/p>\n<h2 style=\"text-align: center;\"><b><i><span data-contrast=\"auto\">No Prior Appointment<br class=\"avia-permanent-lb\" \/><\/span><\/i><\/b><\/h2>\n<h3><span data-contrast=\"auto\">Behrooz Shoaibi | Ir\u00e1n | 2022 | 120\u2019| VOSE\u00a0<\/span><span data-ccp-props=\"{&quot;201341983&quot;:0,&quot;335559740&quot;:259}\"><br class=\"avia-permanent-lb\" \/><br class=\"avia-permanent-lb\" \/><\/span><\/h3>\n<h4><span data-contrast=\"auto\">Cuando Yasmin ten\u00eda seis a\u00f1os, la misma edad que su hijo en el presente, su familia emigr\u00f3 a Berl\u00edn. Ahora, debe volver a Ir\u00e1n por la muerte de su padre, pero el viaje no es f\u00e1cil dado que su hijo es autista. Al llegar a Ir\u00e1n, Yasmin, quien apenas conoc\u00eda a su padre, no sale de su asombro con la herencia que este le ha dejado. Su breve e indeseado alojamiento en la ciudad natal de su progenitor, que le permite conocer a aquellos que se relacionaban con \u00e9l, le da a Yasmin una nueva manera de entender a los seres humanos, la vida y la muerte.<\/span><span data-ccp-props=\"{&quot;201341983&quot;:0,&quot;335551550&quot;:6,&quot;335551620&quot;:6,&quot;335559740&quot;:259}\">\u00a0<\/span><\/h4>\n<h4><span data-ccp-props=\"{&quot;201341983&quot;:0,&quot;335551550&quot;:6,&quot;335551620&quot;:6,&quot;335559740&quot;:259}\">\u00a0<\/span><\/h4>\n<h4><b><span data-contrast=\"auto\">Behrooz Shoaibi<\/span><\/b><span data-contrast=\"auto\"> naci\u00f3 en 1979, en Mashhad, y ha trabajado en diferentes ramas del cine. Como actor, comenz\u00f3 su carrera con The glass agency (1998) de Ebrahim Hatamikia, y consigui\u00f3 la atenci\u00f3n de la cr\u00edtica y el p\u00fablico con Gold &amp; Copper (2010) de Homayoun Asadian. <\/span><span data-contrast=\"auto\">Entre sus pel\u00edculas y series para televisi\u00f3n se encuentran: The Sloe Garden (2005); Wings Of Hapiness (2008); Abandoned (2009); Somewhere Between Staying and Going (2010); y Secluded (2014). <\/span><span data-contrast=\"auto\">Con su primer largometraje, The Corridor, Shoaibi gan\u00f3 el premio a Mejor Pel\u00edcula Debut del Festival de Cine de Fajr 2013.<\/span><span data-ccp-props=\"{&quot;201341983&quot;:0,&quot;335551550&quot;:6,&quot;335551620&quot;:6,&quot;335559740&quot;:259}\">\u00a0<\/span><\/h4>\n<hr \/>\n<h4><strong><span style=\"color: #800000;\">S\u00e1bado 17 de febrero de 2024, a las 20h\u00a0<\/span><\/strong><\/h4>\n<p><img loading=\"lazy\" decoding=\"async\" class=\"aligncenter wp-image-48722 size-full\" src=\"https:\/\/asianfilmfestival.barcelona\/2023\/wp-content\/uploads\/2024\/01\/Sea-Boys-2.jpg\" alt=\"\" width=\"1000\" height=\"666\" srcset=\"https:\/\/asianfilmfestival.barcelona\/2023\/wp-content\/uploads\/2024\/01\/Sea-Boys-2.jpg 1000w, https:\/\/asianfilmfestival.barcelona\/2023\/wp-content\/uploads\/2024\/01\/Sea-Boys-2-300x200.jpg 300w, https:\/\/asianfilmfestival.barcelona\/2023\/wp-content\/uploads\/2024\/01\/Sea-Boys-2-768x511.jpg 768w, https:\/\/asianfilmfestival.barcelona\/2023\/wp-content\/uploads\/2024\/01\/Sea-Boys-2-705x470.jpg 705w\" sizes=\"auto, (max-width: 1000px) 100vw, 1000px\" \/><\/p>\n<h2 style=\"text-align: center;\"><b><i><span data-contrast=\"auto\">Sea Boys<br class=\"avia-permanent-lb\" \/><\/span><\/i><\/b><\/h2>\n<h3><span data-contrast=\"auto\">Afshin Hashemi, Hossein Jami | Ir\u00e1n | 2021 | 95\u2019 | VOSE | Drama<\/span><span data-ccp-props=\"{}\">\u00a0 <br class=\"avia-permanent-lb\" \/><br class=\"avia-permanent-lb\" \/><\/span><\/h3>\n<h4><span data-contrast=\"auto\">Nos cuenta la historia de dos chicos que viven en lados opuestos del pa\u00eds con la historia compartida de que ambos han perdido uno de sus progenitores. El chico que vive al norte ha perdido a su padre, mientras que el chico viviendo al sur ha perdido a su madre. Los dos se encuentran en una b\u00fasqueda de aquello que pueda sustituir el amor perdido al perder sus progenitores.<\/span><span data-ccp-props=\"{&quot;335551550&quot;:6,&quot;335551620&quot;:6}\">\u00a0<\/span><\/h4>\n<h4><span data-ccp-props=\"{&quot;335551550&quot;:6,&quot;335551620&quot;:6}\">\u00a0<\/span><\/h4>\n<h4><b><span data-contrast=\"auto\">Afshin Hashemi<\/span><\/b><span data-contrast=\"auto\">, nacido el 1975 en Teher\u00e1n, es un actor, escritor y director de cine iran\u00ed. Empez\u00f3 su carrera profesional en el teatro, en 1993, actuando en y dirigiendo m\u00e1s de 20 obras de teatro. Es m\u00e1s conocido por las pel\u00edculas <\/span><i><span data-contrast=\"auto\">Don\u2019t be tired<\/span><\/i><span data-contrast=\"auto\"> (2013, co-dirigida junto a Mohsen Gharaie), <\/span><i><span data-contrast=\"auto\">Soft voice<\/span><\/i><span data-contrast=\"auto\"> (2015), <\/span><i><span data-contrast=\"auto\">Temporary license<\/span><\/i><span data-contrast=\"auto\"> (2017), <\/span><i><span data-contrast=\"auto\">Auntie Frog<\/span><\/i><span data-contrast=\"auto\"> (2018), <\/span><i><span data-contrast=\"auto\">Goodbye Shirazi girl <\/span><\/i><span data-contrast=\"auto\">(2019) y su \u00faltimo largometraje, <\/span><i><span data-contrast=\"auto\">Sea boys<\/span><\/i><span data-contrast=\"auto\"> (2021).<\/span><span data-ccp-props=\"{&quot;335551550&quot;:6,&quot;335551620&quot;:6}\">\u00a0<\/span><\/h4>\n<hr \/>\n<h4><strong><span style=\"color: #800000;\">S\u00e1bado 2 de marzo de 2024, a las 20h\u00a0<\/span><\/strong><\/h4>\n<p><img loading=\"lazy\" decoding=\"async\" class=\"aligncenter wp-image-48725 size-full\" src=\"https:\/\/asianfilmfestival.barcelona\/2023\/wp-content\/uploads\/2024\/01\/Emad-and-Tubas-Romanticism-2.jpg\" alt=\"\" width=\"800\" height=\"450\" srcset=\"https:\/\/asianfilmfestival.barcelona\/2023\/wp-content\/uploads\/2024\/01\/Emad-and-Tubas-Romanticism-2.jpg 800w, https:\/\/asianfilmfestival.barcelona\/2023\/wp-content\/uploads\/2024\/01\/Emad-and-Tubas-Romanticism-2-300x169.jpg 300w, https:\/\/asianfilmfestival.barcelona\/2023\/wp-content\/uploads\/2024\/01\/Emad-and-Tubas-Romanticism-2-768x432.jpg 768w, https:\/\/asianfilmfestival.barcelona\/2023\/wp-content\/uploads\/2024\/01\/Emad-and-Tubas-Romanticism-2-705x397.jpg 705w\" sizes=\"auto, (max-width: 800px) 100vw, 800px\" \/><\/p>\n<h2 style=\"text-align: center;\"><b><i><span data-contrast=\"auto\">Emad and Tuba\u2019s Romanticism<br class=\"avia-permanent-lb\" \/><\/span><\/i><\/b><\/h2>\n<h3><span data-contrast=\"auto\">Kaveh Sabaghzadeh | Ir\u00e1n | 2021 | 97\u2019 | VOSE | Romance<\/span><span data-ccp-props=\"{}\">\u00a0 <br class=\"avia-permanent-lb\" \/><br class=\"avia-permanent-lb\" \/><\/span><\/h3>\n<h4><span data-contrast=\"auto\">Cuando el destino hace que Emad y Tuba se encuentren y se conozcan mutuamente por primera vez, saben perfectamente que el amor es una habilidad, no s\u00f3lo puro entusiasmo, belleza o una picaz\u00f3n acuciante.\u00a0<\/span><span data-ccp-props=\"{&quot;335551550&quot;:6,&quot;335551620&quot;:6}\">\u00a0<\/span><\/h4>\n<h4><span data-ccp-props=\"{&quot;335551550&quot;:6,&quot;335551620&quot;:6}\">\u00a0<\/span><\/h4>\n<h4><b><span data-contrast=\"auto\">Kaveh Sabaghzadeh<\/span><\/b><span data-contrast=\"auto\">, naci\u00f3 en 1980 y es hijo de un conocido director de cine iran\u00ed, Mehdi Sabaghzadeh. Activo como ayudante de direcci\u00f3n, director de producci\u00f3n y fot\u00f3grafo desde 1998, hizo su debut en el cine con el largometraje <\/span><i><span data-contrast=\"auto\">Italy Italy<\/span><\/i><span data-contrast=\"auto\">, en 2017. <\/span><i><span data-contrast=\"auto\">Emad and Tuba\u2019s Romanticism<\/span><\/i><span data-contrast=\"auto\"> es su segunda pel\u00edcula.<\/span><span data-ccp-props=\"{&quot;335551550&quot;:6,&quot;335551620&quot;:6}\">\u00a0<\/span><\/h4>\n<hr \/>\n<h4><strong><span style=\"color: #800000;\">S\u00e1bado 16 de marzo de 2024, a las 20h<i>\u00a0<\/i>\u00a0<\/span><\/strong><\/h4>\n<p><img loading=\"lazy\" decoding=\"async\" class=\"aligncenter wp-image-48697 size-full\" src=\"https:\/\/asianfilmfestival.barcelona\/2023\/wp-content\/uploads\/2024\/01\/Mehran-1.jpg\" alt=\"\" width=\"850\" height=\"567\" srcset=\"https:\/\/asianfilmfestival.barcelona\/2023\/wp-content\/uploads\/2024\/01\/Mehran-1.jpg 850w, https:\/\/asianfilmfestival.barcelona\/2023\/wp-content\/uploads\/2024\/01\/Mehran-1-300x200.jpg 300w, https:\/\/asianfilmfestival.barcelona\/2023\/wp-content\/uploads\/2024\/01\/Mehran-1-768x512.jpg 768w, https:\/\/asianfilmfestival.barcelona\/2023\/wp-content\/uploads\/2024\/01\/Mehran-1-705x470.jpg 705w\" sizes=\"auto, (max-width: 850px) 100vw, 850px\" \/><\/p>\n<h2 style=\"text-align: center;\"><b><i><span data-contrast=\"auto\">Mehran<br \/>\n<\/span><\/i><\/b><\/h2>\n<h3><span data-contrast=\"auto\">Roqiye Tavakoli | Ir\u00e1n | 2020 | 78\u2019 | VOSE | Drama<\/span><span data-ccp-props=\"{}\">\u00a0 <br class=\"avia-permanent-lb\" \/><br class=\"avia-permanent-lb\" \/><\/span><\/h3>\n<h4><span data-contrast=\"auto\">Una familia destrozada por la guerra originaria de un pueblo fronterizo llamado Mehran debe huir a Yazd, una ciudad que se encuentra en el centro del pa\u00eds. All\u00ed se ven envueltos en los asuntos personales de sus anfitriones, que est\u00e1n buscando una nueva pareja para su hijo viudo.<\/span><span data-ccp-props=\"{&quot;335551550&quot;:6,&quot;335551620&quot;:6}\">\u00a0<\/span><\/h4>\n<h4><span data-ccp-props=\"{&quot;335551550&quot;:6,&quot;335551620&quot;:6}\">\u00a0<\/span><\/h4>\n<h4><b><span data-contrast=\"auto\">Roqiye Tavakoli<\/span><\/b><span data-contrast=\"auto\">, naci\u00f3 en 1985 y estudi\u00f3 artes Cinematogr\u00e1ficas y un m\u00e1ster en Literatura Dram\u00e1tica en la Universidad Sooreh, que se encuentra en Teher\u00e1n. Es profesora y jefa de departamento en la Universidad Yazd de Arte y Cultura. Tavakoli es miembro de la Asociaci\u00f3n Iran\u00ed de Cortos del Khaneh Cinema. La directora ha hecho m\u00e1s de 30 cortos y pel\u00edculas documentales, que se han presentado y han sido ampliamente aplaudidas en m\u00e1s de 50 festivales locales e internacionales. Ha sido premiada en festivales como el Armenian International Women\u2019w Films Festival Kin, en los Premios Dubai Ibda, en el Festival de Cine Rooyesh y en el Festival de Cine Parvin Etesami.<\/span><span data-ccp-props=\"{&quot;335551550&quot;:6,&quot;335551620&quot;:6}\">\u00a0<\/span><\/h4>\n<hr \/>\n<h4><strong><span style=\"color: #800000;\">S\u00e1bado 23 de marzo de 2024, a las 20h<i>\u00a0<\/i>\u00a0<\/span><\/strong><\/h4>\n<h2 style=\"text-align: center;\"><b><i><span data-contrast=\"auto\">Wolf Cubs of the Apple Valley<br class=\"avia-permanent-lb\" \/><\/span><\/i><\/b><\/h2>\n<h3><span data-contrast=\"auto\">Fereydoun Najafi | Ir\u00e1n | 2020 | 85\u2019 | VOSE | Drama<\/span><span data-ccp-props=\"{}\">\u00a0 <br class=\"avia-permanent-lb\" \/><br class=\"avia-permanent-lb\" \/><\/span><\/h3>\n<h4><span data-contrast=\"auto\">Asho de 11 a\u00f1os, el padre de quien es acusado de asesinato cree que perdi\u00f3 a su madre durante la infancia. En un viaje que se ve obligado a hacer, descubre algunas de las realidades que ignoraba y se ve enfrentando nuevos obst\u00e1culos y aventuras.<\/span><span data-ccp-props=\"{&quot;335551550&quot;:6,&quot;335551620&quot;:6}\">\u00a0<\/span><\/h4>\n<h4><span data-ccp-props=\"{&quot;335551550&quot;:6,&quot;335551620&quot;:6}\">\u00a0<\/span><\/h4>\n<h4><b><span data-contrast=\"auto\">Fereydoun Najafi<\/span><\/b><span data-contrast=\"auto\">, nacido el 1977 en Koohrang, es licenciado en cinematograf\u00eda por la Universidad de Cine Soureh. Ha realizado una gran cantidad de cortos y documentales. Sus pel\u00edculas han sido proyectadas en m\u00e1s de 100 festivales de cine nacionales e internacionales y ha recibido unos aproximadamente 40 premios. <\/span><i><span data-contrast=\"auto\">The Skier<\/span><\/i><span data-contrast=\"auto\"> fue su debut en largometrajes y fue nominada a los premios APSA como Mejor Largometraje Joven. El director tambi\u00e9n ha sido part\u00edcipe en m\u00e1s de 10 festivales internacionales como el de Cambridge y el de Olympia. Nejafi fue el galardonado con el premio Crystal Simorgh en la 27 Edici\u00f3n del Festival de Cine Internacional Fajr por la pel\u00edcula <\/span><i><span data-contrast=\"auto\">Where is Fatemeh\u2019s house?<\/span><\/i><span data-contrast=\"auto\">, que tambi\u00e9n fue seleccionada para la 61 Edici\u00f3n del Festival de Cine de Berl\u00edn. Ha obtenido cinco premios Mariposa de Oro por parte del ICFF con <\/span><i><span data-contrast=\"auto\">Where is Fatemeh\u2019s house?<\/span><\/i><span data-contrast=\"auto\">, <\/span><i><span data-contrast=\"auto\">The skier<\/span><\/i><span data-contrast=\"auto\">, <\/span><i><span data-contrast=\"auto\">The rooster<\/span><\/i><span data-contrast=\"auto\">, y <\/span><i><span data-contrast=\"auto\">The twelfth team-mate<\/span><\/i><span data-contrast=\"auto\">. <\/span><i><span data-contrast=\"auto\">The last migration<\/span><\/i><span data-contrast=\"auto\"> fue parte del Festival de Documentales de Tesal\u00f3nica y del Festival de Cine de Montreal, gan\u00f3 el premio London SWEEFT por Mejor Documental as\u00ed como tambi\u00e9n el Premio al Mejor Documental de parte de la 6\u00aa Edici\u00f3n del Festival Internacional de Documentales de Ir\u00e1n.<\/span><span data-ccp-props=\"{&quot;335551550&quot;:6,&quot;335551620&quot;:6}\">\u00a0<\/span><\/h4>\n<p><span data-ccp-props=\"{&quot;335551550&quot;:6,&quot;335551620&quot;:6}\">\u00a0<\/span><\/p>\n<\/div><\/section>\n\n<style type=\"text\/css\" data-created_by=\"avia_inline_auto\" id=\"style-css-av-ls1se10t-a920c5851812524e6fe030144dd2a802\">\n#top .avia-icon-list-container.av-ls1se10t-a920c5851812524e6fe030144dd2a802 .iconlist_icon{\ncolor:#b02b2c;\nbackground-color:#000000;\n}\n#top #wrap_all .avia-icon-list-container.av-ls1se10t-a920c5851812524e6fe030144dd2a802 .av_iconlist_title{\nfont-size:19px;\n}\n.avia-icon-list-container.av-ls1se10t-a920c5851812524e6fe030144dd2a802 .iconlist_content{\nfont-size:19px;\n}\n<\/style>\n<div  class='avia-icon-list-container av-ls1se10t-a920c5851812524e6fe030144dd2a802  avia-builder-el-1  el_after_av_textblock  el_before_av_partner '><ul class='avia-icon-list avia_animate_when_almost_visible avia-icon-list-left av-iconlist-big av-ls1se10t-a920c5851812524e6fe030144dd2a802 avia-iconlist-animate'>\n<li><div class='iconlist_icon av-ls1s91xt-937812813037cc84a64b9cd3adf27095 avia-font-entypo-fontello'><span class='iconlist-char' aria-hidden='true' data-av_icon='\ue85b' data-av_iconfont='entypo-fontello'><\/span><\/div><article class=\"article-icon-entry av-iconlist-empty\"  itemscope=\"itemscope\" itemtype=\"https:\/\/schema.org\/BlogPosting\" itemprop=\"blogPost\" ><div class=\"iconlist_content_wrap\"><header class=\"entry-content-header\"><h4 class='av_iconlist_title iconlist_title  '  itemprop=\"headline\" >Del 15 de febrero al 23 de marzo <\/h4><\/header><div class='iconlist_content '  itemprop=\"text\" ><\/div><\/div><footer class=\"entry-footer\"><\/footer><\/article><div class=\"iconlist-timeline\"><\/div><\/li>\n<li><div class='iconlist_icon av-ls1s9bz1-3fd1423754f8cd4642ba3c8cbe939d88 avia-font-entypo-fontello'><span class='iconlist-char' aria-hidden='true' data-av_icon='\ue842' data-av_iconfont='entypo-fontello'><\/span><\/div><article class=\"article-icon-entry av-iconlist-empty\"  itemscope=\"itemscope\" itemtype=\"https:\/\/schema.org\/BlogPosting\" itemprop=\"blogPost\" ><div class=\"iconlist_content_wrap\"><header class=\"entry-content-header\"><h4 class='av_iconlist_title iconlist_title  '  itemprop=\"headline\" >C\/ Girona, 175, 08025 Barcelona<\/h4><\/header><div class='iconlist_content '  itemprop=\"text\" ><\/div><\/div><footer class=\"entry-footer\"><\/footer><\/article><div class=\"iconlist-timeline\"><\/div><\/li>\n<li><div class='iconlist_icon av-ls1s9u99-6aa6e480a4f0ad3783a42949ad21c49f avia-font-entypo-fontello'><span class='iconlist-char' aria-hidden='true' data-av_icon='\ue8cb' data-av_iconfont='entypo-fontello'><\/span><\/div><article class=\"article-icon-entry \"  itemscope=\"itemscope\" itemtype=\"https:\/\/schema.org\/BlogPosting\" itemprop=\"blogPost\" ><div class=\"iconlist_content_wrap\"><header class=\"entry-content-header\"><\/header><div class='iconlist_content '  itemprop=\"text\" ><h3><b><span data-contrast=\"none\">Precio entrada:<\/span><\/b><span data-contrast=\"none\"> 5,5\u20ac\u00a0\u00a0\u00a0<\/span><span data-ccp-props=\"{&quot;201341983&quot;:0,&quot;335551550&quot;:6,&quot;335551620&quot;:6,&quot;335559740&quot;:276}\">\u00a0<\/span><\/h3>\n<h3><b><span data-contrast=\"none\">Precio abonados y socios de los Cinemes Girona:<\/span><\/b><span data-contrast=\"none\"> 4\u20ac<\/span><span data-ccp-props=\"{&quot;201341983&quot;:0,&quot;335551550&quot;:6,&quot;335551620&quot;:6,&quot;335559740&quot;:276}\">\u00a0<\/span><\/h3>\n<\/div><\/div><footer class=\"entry-footer\"><\/footer><\/article><div class=\"iconlist-timeline\"><\/div><\/li>\n<\/ul><\/div>\n<div  class='avia-logo-element-container av-ls1s79zx-d49f6eea30890dd3f140e047bfdc89a9 avia-logo-grid avia-content-slider avia-smallarrow-slider avia-content-grid-active noHover avia-content-slider-odd  avia-builder-el-2  el_after_av_iconlist  el_before_av_partner  avia-content-slider1' ><div class='avia-smallarrow-slider-heading '><div class='new-special-heading'><h3 class='av-logo-special-heading-text '>Organizan<\/h3><\/div><\/div><div class=\"avia-content-slider-inner\"><div class=\"slide-entry-wrap\"><div  class='slide-entry av-av_partner_logo-b3dcaaf3199675eb89542e5c1d4f65b1 flex_column no_margin av_one_third real-thumbnail post-entry slide-entry-overview slide-loop-1 slide-parity-odd  first'><\/div><div  class='slide-entry av-av_partner_logo-c95475f43885aedce295935b3af1b247 flex_column no_margin av_one_third real-thumbnail post-entry slide-entry-overview slide-loop-2 slide-parity-even  '><img decoding=\"async\" width=\"1185\" height=\"959\" src=\"https:\/\/asianfilmfestival.barcelona\/2023\/wp-content\/uploads\/2024\/01\/CONSEJERIA-CULTURAL-IRAN-Logo.jpg\" class=\"wp-image-48703 avia-img-lazy-loading-not-48703 attachment-no scaling size-no scaling\" alt=\"\" srcset=\"https:\/\/asianfilmfestival.barcelona\/2023\/wp-content\/uploads\/2024\/01\/CONSEJERIA-CULTURAL-IRAN-Logo.jpg 1185w, https:\/\/asianfilmfestival.barcelona\/2023\/wp-content\/uploads\/2024\/01\/CONSEJERIA-CULTURAL-IRAN-Logo-300x243.jpg 300w, https:\/\/asianfilmfestival.barcelona\/2023\/wp-content\/uploads\/2024\/01\/CONSEJERIA-CULTURAL-IRAN-Logo-1030x834.jpg 1030w, https:\/\/asianfilmfestival.barcelona\/2023\/wp-content\/uploads\/2024\/01\/CONSEJERIA-CULTURAL-IRAN-Logo-768x622.jpg 768w, https:\/\/asianfilmfestival.barcelona\/2023\/wp-content\/uploads\/2024\/01\/CONSEJERIA-CULTURAL-IRAN-Logo-495x400.jpg 495w, https:\/\/asianfilmfestival.barcelona\/2023\/wp-content\/uploads\/2024\/01\/CONSEJERIA-CULTURAL-IRAN-Logo-845x684.jpg 845w, https:\/\/asianfilmfestival.barcelona\/2023\/wp-content\/uploads\/2024\/01\/CONSEJERIA-CULTURAL-IRAN-Logo-705x571.jpg 705w\" sizes=\"(max-width: 1185px) 100vw, 1185px\" \/><\/div><div  class='slide-entry av-av_partner_logo-f821c116c5d6ef734e301a77107e972d flex_column no_margin av_one_third real-thumbnail post-entry slide-entry-overview slide-loop-3 slide-parity-odd post-entry-last '><img decoding=\"async\" width=\"800\" height=\"557\" src=\"https:\/\/asianfilmfestival.barcelona\/2023\/wp-content\/uploads\/2024\/01\/FARABI-FOUNDATION-Logo.jpg\" class=\"wp-image-48700 avia-img-lazy-loading-not-48700 attachment-no scaling size-no scaling\" alt=\"\" srcset=\"https:\/\/asianfilmfestival.barcelona\/2023\/wp-content\/uploads\/2024\/01\/FARABI-FOUNDATION-Logo.jpg 800w, https:\/\/asianfilmfestival.barcelona\/2023\/wp-content\/uploads\/2024\/01\/FARABI-FOUNDATION-Logo-300x209.jpg 300w, https:\/\/asianfilmfestival.barcelona\/2023\/wp-content\/uploads\/2024\/01\/FARABI-FOUNDATION-Logo-768x535.jpg 768w, https:\/\/asianfilmfestival.barcelona\/2023\/wp-content\/uploads\/2024\/01\/FARABI-FOUNDATION-Logo-705x491.jpg 705w\" sizes=\"(max-width: 800px) 100vw, 800px\" \/><\/div><\/div><\/div><\/div>\n<div  class='avia-logo-element-container av-ls1s8245-5c589f134ef6ba98af89596803a987b9 avia-logo-grid avia-content-slider avia-smallarrow-slider avia-content-grid-active noHover avia-content-slider-odd  avia-builder-el-3  el_after_av_partner  avia-builder-el-last  avia-content-slider2' ><div class='avia-smallarrow-slider-heading '><div class='new-special-heading'><h3 class='av-logo-special-heading-text '>Con la Colaboraci\u00f3n de<\/h3><\/div><\/div><div class=\"avia-content-slider-inner\"><div class=\"slide-entry-wrap\"><div  class='slide-entry av-av_partner_logo-2d22636e528f8197f2a71ae17567dd02 flex_column no_margin av_one_third real-thumbnail post-entry slide-entry-overview slide-loop-1 slide-parity-odd post-entry-last first'><img decoding=\"async\" width=\"680\" height=\"382\" src=\"https:\/\/asianfilmfestival.barcelona\/2023\/wp-content\/uploads\/2024\/01\/cinemesgirona.jpg\" class=\"wp-image-48709 avia-img-lazy-loading-not-48709 attachment-no scaling size-no scaling\" alt=\"\" srcset=\"https:\/\/asianfilmfestival.barcelona\/2023\/wp-content\/uploads\/2024\/01\/cinemesgirona.jpg 680w, https:\/\/asianfilmfestival.barcelona\/2023\/wp-content\/uploads\/2024\/01\/cinemesgirona-300x169.jpg 300w\" sizes=\"(max-width: 680px) 100vw, 680px\" \/><\/div><\/div><\/div><\/div>\n","protected":false},"excerpt":{"rendered":"","protected":false},"author":8,"featured_media":48716,"comment_status":"closed","ping_status":"open","sticky":false,"template":"","format":"standard","meta":{"_acf_changed":false,"footnotes":""},"categories":[32],"tags":[],"class_list":["post-48735","post","type-post","status-publish","format-standard","has-post-thumbnail","hentry","category-noticias"],"acf":[],"yoast_head":"<!-- This site is optimized with the Yoast SEO plugin v27.4 - https:\/\/yoast.com\/product\/yoast-seo-wordpress\/ -->\n<title>Muestra de cine iran\u00ed - Asian Film Festival Barcelona<\/title>\n<meta name=\"robots\" content=\"noindex, follow, max-snippet:-1, max-image-preview:large, max-video-preview:-1\" \/>\n<meta property=\"og:locale\" content=\"es_ES\" \/>\n<meta property=\"og:type\" content=\"article\" \/>\n<meta property=\"og:title\" content=\"Muestra de cine iran\u00ed - Asian Film Festival Barcelona\" \/>\n<meta property=\"og:url\" content=\"https:\/\/asianfilmfestival.barcelona\/2023\/es\/muestracineirani\/\" \/>\n<meta property=\"og:site_name\" content=\"Asian Film Festival Barcelona\" \/>\n<meta property=\"article:published_time\" content=\"2024-01-31T12:55:09+00:00\" \/>\n<meta property=\"og:image\" content=\"https:\/\/asianfilmfestival.barcelona\/2023\/wp-content\/uploads\/2024\/01\/Iran-NO-PRIOR-APPOINTMENT-3.jpg\" \/>\n\t<meta property=\"og:image:width\" content=\"1920\" \/>\n\t<meta property=\"og:image:height\" content=\"1080\" \/>\n\t<meta property=\"og:image:type\" content=\"image\/jpeg\" \/>\n<meta name=\"author\" content=\"Asian Film Festival Barcelona\" \/>\n<meta name=\"twitter:card\" content=\"summary_large_image\" \/>\n<meta name=\"twitter:label1\" content=\"Escrito por\" \/>\n\t<meta name=\"twitter:data1\" content=\"Asian Film Festival Barcelona\" \/>\n\t<meta name=\"twitter:label2\" content=\"Tiempo de lectura\" \/>\n\t<meta name=\"twitter:data2\" content=\"7 minutos\" \/>\n<script type=\"application\/ld+json\" class=\"yoast-schema-graph\">{\"@context\":\"https:\\\/\\\/schema.org\",\"@graph\":[{\"@type\":\"Article\",\"@id\":\"https:\\\/\\\/asianfilmfestival.barcelona\\\/2023\\\/es\\\/muestracineirani\\\/#article\",\"isPartOf\":{\"@id\":\"https:\\\/\\\/asianfilmfestival.barcelona\\\/2023\\\/es\\\/muestracineirani\\\/\"},\"author\":{\"name\":\"Asian Film Festival Barcelona\",\"@id\":\"https:\\\/\\\/asianfilmfestival.barcelona\\\/2023\\\/es\\\/#\\\/schema\\\/person\\\/86a1f3b7a536690d6c2c6d700ad93adb\"},\"headline\":\"Muestra de cine iran\u00ed\",\"datePublished\":\"2024-01-31T12:55:09+00:00\",\"mainEntityOfPage\":{\"@id\":\"https:\\\/\\\/asianfilmfestival.barcelona\\\/2023\\\/es\\\/muestracineirani\\\/\"},\"wordCount\":1659,\"image\":{\"@id\":\"https:\\\/\\\/asianfilmfestival.barcelona\\\/2023\\\/es\\\/muestracineirani\\\/#primaryimage\"},\"thumbnailUrl\":\"https:\\\/\\\/asianfilmfestival.barcelona\\\/2023\\\/wp-content\\\/uploads\\\/2024\\\/01\\\/Iran-NO-PRIOR-APPOINTMENT-3.jpg\",\"articleSection\":[\"Noticias\"],\"inLanguage\":\"es\"},{\"@type\":\"WebPage\",\"@id\":\"https:\\\/\\\/asianfilmfestival.barcelona\\\/2023\\\/es\\\/muestracineirani\\\/\",\"url\":\"https:\\\/\\\/asianfilmfestival.barcelona\\\/2023\\\/es\\\/muestracineirani\\\/\",\"name\":\"Muestra de cine iran\u00ed - Asian Film Festival Barcelona\",\"isPartOf\":{\"@id\":\"https:\\\/\\\/asianfilmfestival.barcelona\\\/2023\\\/es\\\/#website\"},\"primaryImageOfPage\":{\"@id\":\"https:\\\/\\\/asianfilmfestival.barcelona\\\/2023\\\/es\\\/muestracineirani\\\/#primaryimage\"},\"image\":{\"@id\":\"https:\\\/\\\/asianfilmfestival.barcelona\\\/2023\\\/es\\\/muestracineirani\\\/#primaryimage\"},\"thumbnailUrl\":\"https:\\\/\\\/asianfilmfestival.barcelona\\\/2023\\\/wp-content\\\/uploads\\\/2024\\\/01\\\/Iran-NO-PRIOR-APPOINTMENT-3.jpg\",\"datePublished\":\"2024-01-31T12:55:09+00:00\",\"author\":{\"@id\":\"https:\\\/\\\/asianfilmfestival.barcelona\\\/2023\\\/es\\\/#\\\/schema\\\/person\\\/86a1f3b7a536690d6c2c6d700ad93adb\"},\"breadcrumb\":{\"@id\":\"https:\\\/\\\/asianfilmfestival.barcelona\\\/2023\\\/es\\\/muestracineirani\\\/#breadcrumb\"},\"inLanguage\":\"es\",\"potentialAction\":[{\"@type\":\"ReadAction\",\"target\":[\"https:\\\/\\\/asianfilmfestival.barcelona\\\/2023\\\/es\\\/muestracineirani\\\/\"]}]},{\"@type\":\"ImageObject\",\"inLanguage\":\"es\",\"@id\":\"https:\\\/\\\/asianfilmfestival.barcelona\\\/2023\\\/es\\\/muestracineirani\\\/#primaryimage\",\"url\":\"https:\\\/\\\/asianfilmfestival.barcelona\\\/2023\\\/wp-content\\\/uploads\\\/2024\\\/01\\\/Iran-NO-PRIOR-APPOINTMENT-3.jpg\",\"contentUrl\":\"https:\\\/\\\/asianfilmfestival.barcelona\\\/2023\\\/wp-content\\\/uploads\\\/2024\\\/01\\\/Iran-NO-PRIOR-APPOINTMENT-3.jpg\",\"width\":1920,\"height\":1080},{\"@type\":\"BreadcrumbList\",\"@id\":\"https:\\\/\\\/asianfilmfestival.barcelona\\\/2023\\\/es\\\/muestracineirani\\\/#breadcrumb\",\"itemListElement\":[{\"@type\":\"ListItem\",\"position\":1,\"name\":\"Home\",\"item\":\"https:\\\/\\\/asianfilmfestival.barcelona\\\/2023\\\/es\\\/bienvenida-asian-film-festival-barcelona-2023\\\/\"},{\"@type\":\"ListItem\",\"position\":2,\"name\":\"Muestra de cine iran\u00ed\"}]},{\"@type\":\"WebSite\",\"@id\":\"https:\\\/\\\/asianfilmfestival.barcelona\\\/2023\\\/es\\\/#website\",\"url\":\"https:\\\/\\\/asianfilmfestival.barcelona\\\/2023\\\/es\\\/\",\"name\":\"Asian Film Festival Barcelona\",\"description\":\"2023\",\"potentialAction\":[{\"@type\":\"SearchAction\",\"target\":{\"@type\":\"EntryPoint\",\"urlTemplate\":\"https:\\\/\\\/asianfilmfestival.barcelona\\\/2023\\\/es\\\/?s={search_term_string}\"},\"query-input\":{\"@type\":\"PropertyValueSpecification\",\"valueRequired\":true,\"valueName\":\"search_term_string\"}}],\"inLanguage\":\"es\"},{\"@type\":\"Person\",\"@id\":\"https:\\\/\\\/asianfilmfestival.barcelona\\\/2023\\\/es\\\/#\\\/schema\\\/person\\\/86a1f3b7a536690d6c2c6d700ad93adb\",\"name\":\"Asian Film Festival Barcelona\",\"image\":{\"@type\":\"ImageObject\",\"inLanguage\":\"es\",\"@id\":\"https:\\\/\\\/secure.gravatar.com\\\/avatar\\\/2b70c89a32ff7923752020dbdcd7d17202d996fa13bbe4424cdbf22a297f3777?s=96&d=mm&r=g\",\"url\":\"https:\\\/\\\/secure.gravatar.com\\\/avatar\\\/2b70c89a32ff7923752020dbdcd7d17202d996fa13bbe4424cdbf22a297f3777?s=96&d=mm&r=g\",\"contentUrl\":\"https:\\\/\\\/secure.gravatar.com\\\/avatar\\\/2b70c89a32ff7923752020dbdcd7d17202d996fa13bbe4424cdbf22a297f3777?s=96&d=mm&r=g\",\"caption\":\"Asian Film Festival Barcelona\"}}]}<\/script>\n<!-- \/ Yoast SEO plugin. -->","yoast_head_json":{"title":"Muestra de cine iran\u00ed - Asian Film Festival Barcelona","robots":{"index":"noindex","follow":"follow","max-snippet":"max-snippet:-1","max-image-preview":"max-image-preview:large","max-video-preview":"max-video-preview:-1"},"og_locale":"es_ES","og_type":"article","og_title":"Muestra de cine iran\u00ed - Asian Film Festival Barcelona","og_url":"https:\/\/asianfilmfestival.barcelona\/2023\/es\/muestracineirani\/","og_site_name":"Asian Film Festival Barcelona","article_published_time":"2024-01-31T12:55:09+00:00","og_image":[{"width":1920,"height":1080,"url":"https:\/\/asianfilmfestival.barcelona\/2023\/wp-content\/uploads\/2024\/01\/Iran-NO-PRIOR-APPOINTMENT-3.jpg","type":"image\/jpeg"}],"author":"Asian Film Festival Barcelona","twitter_card":"summary_large_image","twitter_misc":{"Escrito por":"Asian Film Festival Barcelona","Tiempo de lectura":"7 minutos"},"schema":{"@context":"https:\/\/schema.org","@graph":[{"@type":"Article","@id":"https:\/\/asianfilmfestival.barcelona\/2023\/es\/muestracineirani\/#article","isPartOf":{"@id":"https:\/\/asianfilmfestival.barcelona\/2023\/es\/muestracineirani\/"},"author":{"name":"Asian Film Festival Barcelona","@id":"https:\/\/asianfilmfestival.barcelona\/2023\/es\/#\/schema\/person\/86a1f3b7a536690d6c2c6d700ad93adb"},"headline":"Muestra de cine iran\u00ed","datePublished":"2024-01-31T12:55:09+00:00","mainEntityOfPage":{"@id":"https:\/\/asianfilmfestival.barcelona\/2023\/es\/muestracineirani\/"},"wordCount":1659,"image":{"@id":"https:\/\/asianfilmfestival.barcelona\/2023\/es\/muestracineirani\/#primaryimage"},"thumbnailUrl":"https:\/\/asianfilmfestival.barcelona\/2023\/wp-content\/uploads\/2024\/01\/Iran-NO-PRIOR-APPOINTMENT-3.jpg","articleSection":["Noticias"],"inLanguage":"es"},{"@type":"WebPage","@id":"https:\/\/asianfilmfestival.barcelona\/2023\/es\/muestracineirani\/","url":"https:\/\/asianfilmfestival.barcelona\/2023\/es\/muestracineirani\/","name":"Muestra de cine iran\u00ed - Asian Film Festival Barcelona","isPartOf":{"@id":"https:\/\/asianfilmfestival.barcelona\/2023\/es\/#website"},"primaryImageOfPage":{"@id":"https:\/\/asianfilmfestival.barcelona\/2023\/es\/muestracineirani\/#primaryimage"},"image":{"@id":"https:\/\/asianfilmfestival.barcelona\/2023\/es\/muestracineirani\/#primaryimage"},"thumbnailUrl":"https:\/\/asianfilmfestival.barcelona\/2023\/wp-content\/uploads\/2024\/01\/Iran-NO-PRIOR-APPOINTMENT-3.jpg","datePublished":"2024-01-31T12:55:09+00:00","author":{"@id":"https:\/\/asianfilmfestival.barcelona\/2023\/es\/#\/schema\/person\/86a1f3b7a536690d6c2c6d700ad93adb"},"breadcrumb":{"@id":"https:\/\/asianfilmfestival.barcelona\/2023\/es\/muestracineirani\/#breadcrumb"},"inLanguage":"es","potentialAction":[{"@type":"ReadAction","target":["https:\/\/asianfilmfestival.barcelona\/2023\/es\/muestracineirani\/"]}]},{"@type":"ImageObject","inLanguage":"es","@id":"https:\/\/asianfilmfestival.barcelona\/2023\/es\/muestracineirani\/#primaryimage","url":"https:\/\/asianfilmfestival.barcelona\/2023\/wp-content\/uploads\/2024\/01\/Iran-NO-PRIOR-APPOINTMENT-3.jpg","contentUrl":"https:\/\/asianfilmfestival.barcelona\/2023\/wp-content\/uploads\/2024\/01\/Iran-NO-PRIOR-APPOINTMENT-3.jpg","width":1920,"height":1080},{"@type":"BreadcrumbList","@id":"https:\/\/asianfilmfestival.barcelona\/2023\/es\/muestracineirani\/#breadcrumb","itemListElement":[{"@type":"ListItem","position":1,"name":"Home","item":"https:\/\/asianfilmfestival.barcelona\/2023\/es\/bienvenida-asian-film-festival-barcelona-2023\/"},{"@type":"ListItem","position":2,"name":"Muestra de cine iran\u00ed"}]},{"@type":"WebSite","@id":"https:\/\/asianfilmfestival.barcelona\/2023\/es\/#website","url":"https:\/\/asianfilmfestival.barcelona\/2023\/es\/","name":"Asian Film Festival Barcelona","description":"2023","potentialAction":[{"@type":"SearchAction","target":{"@type":"EntryPoint","urlTemplate":"https:\/\/asianfilmfestival.barcelona\/2023\/es\/?s={search_term_string}"},"query-input":{"@type":"PropertyValueSpecification","valueRequired":true,"valueName":"search_term_string"}}],"inLanguage":"es"},{"@type":"Person","@id":"https:\/\/asianfilmfestival.barcelona\/2023\/es\/#\/schema\/person\/86a1f3b7a536690d6c2c6d700ad93adb","name":"Asian Film Festival Barcelona","image":{"@type":"ImageObject","inLanguage":"es","@id":"https:\/\/secure.gravatar.com\/avatar\/2b70c89a32ff7923752020dbdcd7d17202d996fa13bbe4424cdbf22a297f3777?s=96&d=mm&r=g","url":"https:\/\/secure.gravatar.com\/avatar\/2b70c89a32ff7923752020dbdcd7d17202d996fa13bbe4424cdbf22a297f3777?s=96&d=mm&r=g","contentUrl":"https:\/\/secure.gravatar.com\/avatar\/2b70c89a32ff7923752020dbdcd7d17202d996fa13bbe4424cdbf22a297f3777?s=96&d=mm&r=g","caption":"Asian Film Festival Barcelona"}}]}},"_links":{"self":[{"href":"https:\/\/asianfilmfestival.barcelona\/2023\/es\/wp-json\/wp\/v2\/posts\/48735","targetHints":{"allow":["GET"]}}],"collection":[{"href":"https:\/\/asianfilmfestival.barcelona\/2023\/es\/wp-json\/wp\/v2\/posts"}],"about":[{"href":"https:\/\/asianfilmfestival.barcelona\/2023\/es\/wp-json\/wp\/v2\/types\/post"}],"author":[{"embeddable":true,"href":"https:\/\/asianfilmfestival.barcelona\/2023\/es\/wp-json\/wp\/v2\/users\/8"}],"replies":[{"embeddable":true,"href":"https:\/\/asianfilmfestival.barcelona\/2023\/es\/wp-json\/wp\/v2\/comments?post=48735"}],"version-history":[{"count":6,"href":"https:\/\/asianfilmfestival.barcelona\/2023\/es\/wp-json\/wp\/v2\/posts\/48735\/revisions"}],"predecessor-version":[{"id":48804,"href":"https:\/\/asianfilmfestival.barcelona\/2023\/es\/wp-json\/wp\/v2\/posts\/48735\/revisions\/48804"}],"wp:featuredmedia":[{"embeddable":true,"href":"https:\/\/asianfilmfestival.barcelona\/2023\/es\/wp-json\/wp\/v2\/media\/48716"}],"wp:attachment":[{"href":"https:\/\/asianfilmfestival.barcelona\/2023\/es\/wp-json\/wp\/v2\/media?parent=48735"}],"wp:term":[{"taxonomy":"category","embeddable":true,"href":"https:\/\/asianfilmfestival.barcelona\/2023\/es\/wp-json\/wp\/v2\/categories?post=48735"},{"taxonomy":"post_tag","embeddable":true,"href":"https:\/\/asianfilmfestival.barcelona\/2023\/es\/wp-json\/wp\/v2\/tags?post=48735"}],"curies":[{"name":"wp","href":"https:\/\/api.w.org\/{rel}","templated":true}]}}