{"id":43731,"date":"2023-03-29T11:54:54","date_gmt":"2023-03-29T09:54:54","guid":{"rendered":"https:\/\/asianfilmfestival.barcelona\/2022\/?p=43731"},"modified":"2023-03-29T13:44:36","modified_gmt":"2023-03-29T11:44:36","slug":"nuevas-miradas-del-cine-asiatico-2022-2023","status":"publish","type":"post","link":"https:\/\/asianfilmfestival.barcelona\/2023\/es\/nuevas-miradas-del-cine-asiatico-2022-2023\/","title":{"rendered":"Nuevas Miradas del Cine Asi\u00e1tico 2022-2023"},"content":{"rendered":"\n<style type=\"text\/css\" data-created_by=\"avia_inline_auto\" id=\"style-css-av-lftg7gkz-ac1fcbd7fe3e34efb7cb229d3c635217\">\n.avia-image-container.av-lftg7gkz-ac1fcbd7fe3e34efb7cb229d3c635217 img.avia_image{\nbox-shadow:none;\n}\n.avia-image-container.av-lftg7gkz-ac1fcbd7fe3e34efb7cb229d3c635217 .av-image-caption-overlay-center{\ncolor:#ffffff;\n}\n<\/style>\n<div  class='avia-image-container av-lftg7gkz-ac1fcbd7fe3e34efb7cb229d3c635217 av-styling- avia-align-center  avia-builder-el-0  el_before_av_textblock  avia-builder-el-first '   itemprop=\"image\" itemscope=\"itemscope\" itemtype=\"https:\/\/schema.org\/ImageObject\" ><div class=\"avia-image-container-inner\"><div class=\"avia-image-overlay-wrap\"><img decoding=\"async\" class='wp-image-43728 avia-img-lazy-loading-not-43728 avia_image ' src=\"https:\/\/asianfilmfestival.barcelona\/2023\/wp-content\/uploads\/2023\/03\/Hong-Kong-Better-Days-1-1030x648.jpg\" alt='' title='Hong Kong Better Days 1'  height=\"648\" width=\"1030\"  itemprop=\"thumbnailUrl\" srcset=\"https:\/\/asianfilmfestival.barcelona\/2023\/wp-content\/uploads\/2023\/03\/Hong-Kong-Better-Days-1-1030x648.jpg 1030w, https:\/\/asianfilmfestival.barcelona\/2023\/wp-content\/uploads\/2023\/03\/Hong-Kong-Better-Days-1-300x189.jpg 300w, https:\/\/asianfilmfestival.barcelona\/2023\/wp-content\/uploads\/2023\/03\/Hong-Kong-Better-Days-1-768x483.jpg 768w, https:\/\/asianfilmfestival.barcelona\/2023\/wp-content\/uploads\/2023\/03\/Hong-Kong-Better-Days-1-1536x966.jpg 1536w, https:\/\/asianfilmfestival.barcelona\/2023\/wp-content\/uploads\/2023\/03\/Hong-Kong-Better-Days-1-1500x943.jpg 1500w, https:\/\/asianfilmfestival.barcelona\/2023\/wp-content\/uploads\/2023\/03\/Hong-Kong-Better-Days-1-705x443.jpg 705w, https:\/\/asianfilmfestival.barcelona\/2023\/wp-content\/uploads\/2023\/03\/Hong-Kong-Better-Days-1.jpg 1570w\" sizes=\"(max-width: 1030px) 100vw, 1030px\" \/><\/div><\/div><\/div>\n<section  class='av_textblock_section av-lftg9u9q-c22d98639b91094144426649851364c5 '   itemscope=\"itemscope\" itemtype=\"https:\/\/schema.org\/BlogPosting\" itemprop=\"blogPost\" ><div class='avia_textblock'  itemprop=\"text\" ><h1>Nuevas Miradas del Cine Asi\u00e1tico 2022-2023<\/h1>\n<\/div><\/section>\n<section  class='av_textblock_section av-lftg96j9-22f94edb9fa8964e512e32ee6bb5ca12 '   itemscope=\"itemscope\" itemtype=\"https:\/\/schema.org\/BlogPosting\" itemprop=\"blogPost\" ><div class='avia_textblock'  itemprop=\"text\" ><h3><b><span data-contrast=\"none\">Propuesta de programa que Casa Asia desarrollar\u00e1 con una periodicidad semanal a lo largo del a\u00f1o en el cine Paz (Madrid) en colaboraci\u00f3n con MK2, a partir de mediados de octubre de 2022<\/span><\/b><span data-ccp-props=\"{\">\u00a0<\/span><\/h3>\n<p><span data-ccp-props=\"{\">\u00a0<\/span><\/p>\n<p><span data-contrast=\"none\">A continuaci\u00f3n, se adjunta un listado de pel\u00edculas por pa\u00edses, en orden alfab\u00e9tico, para facilitar la visualizaci\u00f3n del programa que se presenta y de las correspondientes pel\u00edculas disponibles, para las que hemos realizado las gestiones relativas a los derechos de proyecci\u00f3n, traducci\u00f3n y subtitulado, que nos comprometemos a entregar a Cine Paz para su proyecci\u00f3n, como parte del proyecto que compartiremos.<\/span><span data-ccp-props=\"{\">\u00a0<\/span><\/p>\n<p><span data-contrast=\"none\">La propuesta tiene como objetivo ofrecer una muestra de cine independiente y experimental, sin excluir cinematograf\u00edas que por un motivo u otro tienen un inter\u00e9s comercial por su nacionalidad, como es el caso de algunas pel\u00edculas del cine japon\u00e9s o del cine coreano. Se trate de cine psicol\u00f3gico, cine hist\u00f3rico o cine de acci\u00f3n, no hay un solo cine asi\u00e1tico. Cuando \u00e9ste se nombra, no se supone la existencia de un cine reconocible por aspectos espec\u00edficos que lo caracterizan. Desde Asia central al Sudeste asi\u00e1tico y de all\u00ed a la regi\u00f3n de Asia Pac\u00edfico, el mosaico de culturas nacionales identitarias ocupa un vasto territorio que en algunos casos comparte una historia com\u00fan y en otras permanece dividido, pese a su vecindad. Para esta primera colaboraci\u00f3n se han tenido en cuenta varios factores, como el hecho de que se haga coincidir la inauguraci\u00f3n con el 75 Aniversario de la Independencia de la India y por este motivo se plantea la proyecci\u00f3n de la pel\u00edcula <\/span><i><span data-contrast=\"none\">Sardar Udham <\/span><\/i><span data-contrast=\"none\">dirigida por Soojit Sircar (2021), que narra la vida de uno de los principales lideres del movimiento independentistas de la India. Se han seleccionado veintis\u00e9is t\u00edtulos en total, procedentes de veinticinco pa\u00edses asi\u00e1ticos (Afganist\u00e1n, Australia, Bangladesh, China, Corea, Filipinas, Hong Kong, India, Indonesia, Ir\u00e1n, Jap\u00f3n, Kazajst<\/span><span data-contrast=\"none\">\u00e1<\/span><span data-contrast=\"none\">n, Kirguist\u00e1n, Laos, Malasia, Mongolia, Nepal, Nueva Zelanda, Pakist\u00e1n, Singapur, Sri Lanka, Tailandia, Vietnam y Uzbekist\u00e1n). El \u00fanico pa\u00eds que repite es India, porque el t\u00edtulo para la inauguraci\u00f3n est\u00e1 dirigido por un cineasta indio y el tema se relaciona directamente con el conflicto asociado con la lucha por la independencia.<\/span><span data-ccp-props=\"{\">\u00a0<\/span><\/p>\n<p><span data-contrast=\"none\">El inter\u00e9s creciente por el cine asi\u00e1tico en general permite plantear este programa incluso en un momento en que los p\u00fablicos se han diversificado y cuyos h\u00e1bitos han cambiado durante la pandemia, y se ignora si la recuperaci\u00f3n ser\u00e1 an\u00e1loga a la que se ha producido en otros sectores. Llevamos realizando un programa an\u00e1logo en Barcelona en un cine comercial desde 2013, todos los s\u00e1bados del a\u00f1o a las 20h, con excepci\u00f3n del mes de agosto. Tambi\u00e9n mantenemos el programa semanal para el canal televisivo BETEV\u00c9, todos los viernes a las 22h. Seguimos tambi\u00e9n manteniendo el canal Casa Asia en la plataforma FILMIN con m\u00e1s de cuatrocientos t\u00edtulos. Nuestra programaci\u00f3n anual en el sector audiovisual cubre m\u00e1s de veinticinco pa\u00edses de Asia Central, Asia meridional, Sudeste Asi\u00e1tico y Asia Pac\u00edfico, en un intento de abarcar una extensa geograf\u00eda que s\u00f3lo el cine en muchos casos hace accesible, y las culturas de los diferentes territorios que aquella abarca. Por otra parte, cabe agregar las muestras itinerantes que hacemos a lo largo del a\u00f1o con algunos de los t\u00edtulos m\u00e1s representativos que pasan por el Asian Film Festival Barcelona que este a\u00f1o celebra su d\u00e9cima edici\u00f3n y que organiza Casa Asia entre finales de octubre y principios de noviembre todos los a\u00f1os.<\/span><span data-ccp-props=\"{\">\u00a0<\/span><\/p>\n<p><span data-contrast=\"none\">El AFFBCN es un festival centrado en las producciones asi\u00e1ticas que anualmente son noticia en los pa\u00edses de referencia y en aquellos festivales como Rotterdam, Berlinale, Cannes, Locarno y Udine, que contemplan desde hace a\u00f1os el inter\u00e9s creciente del cine asi\u00e1tico en su programaci\u00f3n. Nuestro objetivo es no s\u00f3lo dar a conocer un cine que hasta hace unos a\u00f1os no era tenido en cuenta salvo contadas excepciones como la producci\u00f3n de las grandes figuras del cine japon\u00e9s y m\u00e1s tarde del cine coreano, sino la diversidad cultural y la pluralidad que se deriva a todos los efectos de una muestra que se propone recorrer territorios que pese a la globalizaci\u00f3n econ\u00f3mica siguen manteniendo su diferencia.\u00a0<\/span><span data-ccp-props=\"{\">\u00a0<\/span><\/p>\n<p><span data-contrast=\"none\">El foco de nuestra programaci\u00f3n de cine anual se centra tanto en este festival que quiere ser un referente del cine asi\u00e1tico en nuestro pa\u00eds, como en la programaci\u00f3n que realizamos en el transcurso del a\u00f1o en colaboraci\u00f3n con otras instituciones y cines. Es una programaci\u00f3n inclusiva, en la que predomina el g\u00e9nero dram\u00e1tico, que se antepone en este caso a la comedia, al suspense y al g\u00e9nero fant\u00e1stico, aunque no se descarta ninguna posibilidad si existe un inter\u00e9s particular por una determinada producci\u00f3n.<\/span><span data-ccp-props=\"{\">\u00a0<\/span><\/p>\n<p><span data-contrast=\"none\">Sobre el calendario de las sesiones a programar en el Cine Paz, ser\u00eda interesante contemplar la fecha de inicio del programa y el d\u00eda de la semana y horario que conviene fijar para poder anunciarlo. La periodicidad semanal es un componente importante para la fidelizaci\u00f3n de los p\u00fablicos. Lo hemos podido comprobar en Barcelona en el transcurso del tiempo, donde desde 2013 hasta el presente hemos mantenido una programaci\u00f3n semanal ininterrumpida en los Cinemes Girona de la ciudad.<\/span><span data-ccp-props=\"{\">\u00a0<\/span><\/p>\n<p><span data-contrast=\"none\">En lo concerniente al orden a seguir para establecer el calendario de las respectivas sesiones que tendr\u00e1n lugar tras la inauguraci\u00f3n, se puede seguir el orden alfab\u00e9tico por pa\u00edses o cualquier otro orden, seg\u00fan lo que parezca m\u00e1s apropiado. Queda abierto a las sugerencias de una y otra parte, as\u00ed como a las circunstancias que puedan determinar una determinada secuencia. El listado que se adjunta se ha hecho por orden alfab\u00e9tico por pa\u00edses, para mantener una cierta neutralidad y para explorar a partir de aqu\u00ed la mejor elecci\u00f3n.<\/span><span data-ccp-props=\"{\">\u00a0<\/span><\/p>\n<p><span data-contrast=\"none\">Por \u00faltimo, creo que ser\u00eda adecuado recoger la colaboraci\u00f3n de Casa Asia con Cine Paz o MK2 en un convenio, para dejar claro los acuerdos y compromisos de ambas partes, en los t\u00e9rminos de lo que hasta ahora ha sido objeto de las conversaciones que hemos mantenido para que este proyecto sea una realidad.<\/span><span data-ccp-props=\"{\">\u00a0<\/span><\/p>\n<\/div><\/section>\n<section  class='av_textblock_section av-2y7vjmb-fa323e9652a42cbabcee9ca834a3b07b '   itemscope=\"itemscope\" itemtype=\"https:\/\/schema.org\/BlogPosting\" itemprop=\"blogPost\" ><div class='avia_textblock'  itemprop=\"text\" ><h2><\/h2>\n<h2>PROGRAMACI\u00d3N:<\/h2>\n<hr \/>\n<h6><strong><span style=\"color: #ff0000;\"><span class=\"TextRun SCXW43112700 BCX0\" lang=\"ES-ES\" xml:lang=\"ES-ES\" data-contrast=\"none\"><span class=\"NormalTextRun SCXW43112700 BCX0\">Jueves 1 de diciembre de 2022 | <\/span><\/span><span class=\"TextRun SCXW43112700 BCX0\" lang=\"ES-ES\" xml:lang=\"ES-ES\" data-contrast=\"none\"><span class=\"NormalTextRun SCXW43112700 BCX0\">Inauguraci\u00f3n<\/span><\/span><span class=\"EOP SCXW43112700 BCX0\" data-ccp-props=\"{\">\u00a0<\/span><\/span><\/strong><\/h6>\n<p><b>INDIA<\/b><\/p>\n<p><b>Sardar Udham<\/b> | Dir: Soojit Sircar | India | 2021 | 162\u2019 | VOSE | Drama<span data-ccp-props=\"{\">\u00a0<\/span><\/p>\n<p>\u00bfEs Sardar Udham una historia real? Udham Singh se convirti\u00f3 en la figura inmortal del Movimiento de Independencia de la India. La pel\u00edcula narra la vida del revolucionario indio Udham Singh, conocido por el asesinato de Michael O Dwyer en Londres, el cual estuvo detr\u00e1s de la masacre de Jallianwala Bagh el 13 de abril de 1919. La historia cuenta c\u00f3mo Udham Singh sobrevivi\u00f3 a la masacre del d\u00eda de Baisakhi, en la que murieron m\u00e1s de 400 personas y en la que hubo alrededor de mil heridos graves. Tras el juicio por el asesinato de Michael O Dwyer, Sardar Udham fue sentenciado a muerte y ahorcado el 31 de julio de 1940.<span data-ccp-props=\"{\">\u00a0<\/span><\/p>\n<p><b>Biograf\u00eda. <\/b>Soojit Sircar es un cineasta, director y productor indio conocido por su trabajo en pel\u00edculas hindi. Ha recibido varios premios, incluidos dos Premios Nacionales de Cine y un Premio Filmfare de cinco nominaciones. Sircar hizo su debut como director con el drama b\u00e9lico rom\u00e1ntico <i>Yahaan<\/i> (2005). Entre sus \u00faltimas producciones cabe incluir <i>Gulabo Sitabo<\/i> (2020<i>), October<\/i> (2018), <i>Running S<\/i>haadi (2017), <i>Piku <\/i>(2015), <i>Madras Cafe<\/i> (2013), <i>Agra Ka Daabra<\/i> (2013), <i>Vicky Donor<\/i> (2012), <i>2nd Time Lucky<\/i> (2012) y <i>Johny Walker<\/i> (2009).<\/p>\n<ul>\n<li><b>Tr\u00e1iler<\/b>: <a href=\"https:\/\/www.youtube.com\/watch?v=bLWgKt1-SYo\">https:\/\/www.youtube.com\/watch?v=bLWgKt1-SYo<\/a><span data-ccp-props=\"{\">\u00a0<\/span><\/li>\n<\/ul>\n<p><span data-ccp-props=\"{\">\u00a0<\/span><\/p>\n<h6><strong>\u00a0<\/strong><strong><span style=\"color: #ff0000;\"><span class=\"TextRun SCXW50982829 BCX0\" lang=\"ES-ES\" xml:lang=\"ES-ES\" data-contrast=\"none\"><span class=\"NormalTextRun SCXW50982829 BCX0\">S\u00e1bado 3 de diciembre de 2022<\/span><\/span><span class=\"EOP SCXW50982829 BCX0\" data-ccp-props=\"{\">\u00a0<\/span><\/span><\/strong><\/h6>\n<p><b>JAP\u00d3N<\/b><\/p>\n<p><b><i>Only the Cat Knows <\/i><\/b>| Dir: Syoutarou Kobayasi | Jap\u00f3n | 2019 | 104\u2019 | VOSE | Comedia, Drama, Romance\u202f<span data-ccp-props=\"{\">\u00a0<\/span><\/p>\n<p>Masaru se acaba de jubilar y espera poder disfrutar de una vida tranquila con su esposa Yukiko y su gato Chibi, una vez que sus hijos se hayan ido de casa. Yukiko siente que fue abandonada por su esposo, quien nunca ha expresado aprecio por los a\u00f1os que ha pasado apoy\u00e1ndole, y mucho menos su amor por ella. Un d\u00eda, su amado gato Chibi desaparece. Sin embargo, a Masaru no parece importarle en absoluto. Su actitud hace que Yukiko decida pedirle el divorcio. Despu\u00e9s de una larga e intensa discusi\u00f3n, Masaru le confiesa un secreto que ha ocultado durante a\u00f1os. La pel\u00edcula se present\u00f3 en el Far East Film Festival 2019.\u202f\u00a0<span data-ccp-props=\"{\">\u00a0<\/span><\/p>\n<p><b>Syoutarou Kobayasi<\/b> naci\u00f3 en 1971 en la Prefectura de Osaka y se form\u00f3 como director bajo la supervisi\u00f3n de directores como Haruo Akira, Nakae Yuji, Yuki Isao e Izuru Kazuyuki. <i>Only the Cat Knows<\/i> es su opera prima.<span data-ccp-props=\"{\">\u00a0<\/span><\/p>\n<ul>\n<li><b>Tr\u00e1iler<\/b>: <a href=\"https:\/\/youtu.be\/dq1IBIJmTqE\">https:\/\/youtu.be\/dq1IBIJmTqE<\/a><\/li>\n<\/ul>\n<h6><span style=\"color: #ff0000;\"><strong>\u00a0<\/strong><\/span><\/h6>\n<h6><span style=\"color: #ff0000;\"><strong><span class=\"TextRun SCXW24742812 BCX0\" lang=\"ES-ES\" xml:lang=\"ES-ES\" data-contrast=\"none\"><span class=\"NormalTextRun SCXW24742812 BCX0\">S\u00e1bado 10 de diciembre de 2022<\/span><\/span><span class=\"EOP SCXW24742812 BCX0\" data-ccp-props=\"{\">\u00a0<\/span><\/strong><\/span><\/h6>\n<p><b>CHINA<\/b><\/p>\n<p><b>The Bargain <\/b>| Dir: Wang Qi | China | 2021 | 118\u2019 | VOSE | Drama<span data-ccp-props=\"{\">\u00a0<\/span><\/p>\n<p><span data-ccp-props=\"{\">\u00a0<\/span>Esta es la historia de Liu, un hombre que pretende vender su agencia de viajes debido a los pocos ingresos que genera. Un d\u00eda uno de sus empleados queda en coma a causa de un accidente. Sus familiares quieren aprovechar la ocasi\u00f3n para pedir una compensaci\u00f3n econ\u00f3mica. Mientras, la ex esposa de Liu se pelea con su amante porque quiere tener una fecha para la boda y su hija la odia. El conflicto se extiende y la trama finalmente se convierte en una cr\u00edtica de la nueva sociedad de consumo dominante en China.<span data-ccp-props=\"{\">\u00a0<\/span><\/p>\n<p><strong>Wang Qi<\/strong> es un director de origen chino conocido por haber dirigido pel\u00edculas como <i>Autumn Leaves<\/i> (2019). Despu\u00e9s de graduarse en la Universidad de las Artes de Londres, produjo el cortometraje <i>Cao Chang<\/i>. Su primer largometraje narrativo, <i>The Funeral<\/i>, obtuvo el primer premio en el Festival de Cine de Montreal.<span data-ccp-props=\"{\">\u00a0<\/span><\/p>\n<ul>\n<li><b>Tr\u00e1iler<\/b>: <a href=\"https:\/\/www.youtube.com\/watch?v=VrT3G2B94zw&amp;t=190s\">Trailer | BIFF2021 \ud765\uc815 The Bargain l \uc544\uc2dc\uc544\uc601\ud654\uc758 \ucc3d<\/a><span data-ccp-props=\"{\">\u00a0<\/span><\/li>\n<\/ul>\n<h6><\/h6>\n<h6><\/h6>\n<h6><\/h6>\n<h6><strong><span style=\"color: #ff0000;\"><span class=\"TextRun SCXW74944643 BCX0\" lang=\"ES-ES\" xml:lang=\"ES-ES\" data-contrast=\"none\"><span class=\"NormalTextRun SCXW74944643 BCX0\">S\u00e1bado 17 de diciembre de 2022<\/span><\/span><span class=\"EOP SCXW74944643 BCX0\" data-ccp-props=\"{\">\u00a0<\/span><\/span><\/strong><\/h6>\n<p><b>COREA<\/b><\/p>\n<p><b><i>Unboxing Girl<\/i><\/b> | Dir: Soo-jung Kim | Corea | 2021 | 121\u2019 | VOSE | Drama\u202f<span data-ccp-props=\"{\">\u00a0<\/span><\/p>\n<p>La empresa de Young-jin rara vez reconoce su dedicaci\u00f3n laboral por ser mujer, mientras a su compa\u00f1ero de trabajo, Ju-seol, no le ha costado nada escalar hasta conseguir el cargo de jefe de Young-jin gracias a sus contactos. Young-jin ve a Jun-seol como un enemigo, pero a su vez siente compasi\u00f3n por su vac\u00edo y lo ayuda a adaptarse a la compa\u00f1\u00eda. Pero Jun-seol A pesar de todo no duda en robar los dise\u00f1os de de su subordinada sin su consentimiento. Young-jin desea recuperar el dise\u00f1o robado, pero le resulta muy dif\u00edcil renunciar al amor que tanto le cost\u00f3 conseguir por parte de Jun-seol.\u202f<span data-ccp-props=\"{\">\u00a0<\/span><\/p>\n<p>Nacida en 1980, <b>Soo-jung Kim<\/b> estudi\u00f3 en el Departamento de Arte, Cultura e Imagen de la Escuela de Posgrado de la Universidad Nacional de Bus\u00e1n. <i>Unboxing Girl<\/i> es su tercer largometraje, despu\u00e9s de realizar <i>A Blue Mouthed Face<\/i> en 2015 y <i>Suitcase on the Beach<\/i> en 2018.\u202f<span data-ccp-props=\"{\">\u00a0<\/span><\/p>\n<ul>\n<li><b>Tr\u00e1iler: <\/b><a href=\"https:\/\/www.youtube.com\/watch?v=dt8pUo8wOYU\">https:\/\/www.youtube.com\/watch?v=dt8pUo8wOYU<\/a><span data-ccp-props=\"{\">\u00a0<\/span><\/li>\n<\/ul>\n<h6><\/h6>\n<h6><\/h6>\n<h6><\/h6>\n<h6><strong><span style=\"color: #ff0000;\"><span class=\"TextRun SCXW239264121 BCX0\" lang=\"ES-ES\" xml:lang=\"ES-ES\" data-contrast=\"none\"><span class=\"NormalTextRun SCXW239264121 BCX0\">S\u00e1bado 7 de enero de 2023<\/span><\/span><span class=\"EOP SCXW239264121 BCX0\" data-ccp-props=\"{\">\u00a0<\/span><\/span><\/strong><\/h6>\n<p><b>AFGANIST\u00c1N<\/b><\/p>\n<p><b>Rockabul <\/b>| Dir: Travis Beard | Afganist\u00e1n | 2018 | 77\u2019 | VOSE | Documental<span data-ccp-props=\"{\">\u00a0<\/span><\/p>\n<p>Hoy en d\u00eda, los afganos son una de las mayores poblaciones migrantes huyendo de su pa\u00eds hacia Europa u Occidente. Desde 2002 la comunidad internacional ha invertido m\u00e1s de un bill\u00f3n de d\u00f3lares en Afganist\u00e1n. \u00bfQu\u00e9 ha ido mal? Esta pel\u00edcula examina la campa\u00f1a cultural que ha librado el gobierno de los Estados Unidos, entre otros. La historia es narrada a trav\u00e9s de los ojos de unos j\u00f3venes afganos que han fundado la primera banda de heavy metal del pa\u00eds, y de un australiano aventurero que ha creado una escena musical de estilo occidental en la capital, Kabul. \u00bfPodr\u00e1n estos j\u00f3venes ganarse el coraz\u00f3n de sus compatriotas \u201cdando cabezazos\u201d o los Talibanes volver\u00e1n a levantarse de la tumba?\u202f<span data-ccp-props=\"{\">\u00a0<\/span><\/p>\n<p><b>Travis Beard<\/b> estudi\u00f3 ciencias de la informaci\u00f3n y ha trabajado globalmente como fotoperiodista durante doce a\u00f1os. Posteriormente se interes\u00f3 por el video periodismo y fund\u00f3 Argus Productions, una empresa de producci\u00f3n que brinda numerosos servicios de medios en Afganist\u00e1n. Su primer largometraje documental, <i>RocKabul <\/i>(2017), gan\u00f3 el premio Global Metal de la mano de la revista Metal Hammer.\u202f<span data-ccp-props=\"{\">\u00a0<\/span><\/p>\n<ul>\n<li><b>Tr\u00e1iler<\/b>: <a href=\"https:\/\/youtu.be\/9OoHeGMTKZg\">https:\/\/youtu.be\/9OoHeGMTKZg<\/a>\u00a0<span data-ccp-props=\"{\">\u00a0<\/span><\/li>\n<\/ul>\n<h6><\/h6>\n<h6><\/h6>\n<h6><\/h6>\n<h6><strong><span style=\"color: #ff0000;\"><span class=\"TextRun SCXW86243918 BCX0\" lang=\"ES-ES\" xml:lang=\"ES-ES\" data-contrast=\"none\"><span class=\"NormalTextRun SCXW86243918 BCX0\">S\u00e1bado 14 de enero de 2023<\/span><\/span><\/span><\/strong><\/h6>\n<p><b>FILIPINAS<\/b><span data-ccp-props=\"{\">\u00a0<\/span><\/p>\n<p><b>Gensan Punch <\/b>| Dir: Brillante Mendoza | Filipinas | 2022 | 110\u2019 | VOSE | Drama<span data-ccp-props=\"{\">\u00a0<\/span><\/p>\n<p><i>Gensan Punch<\/i> se inspira en una historia real de un japon\u00e9s que supera su circunstancia f\u00edsica, porque quiere llegar a ser un boxeador profesional de \u00e9xito. Para conseguirlo, viaja a Filipinas para entrenar con los mejores y poder acceder a los campeonatos m\u00e1s cotizados.<span data-ccp-props=\"{\">\u00a0<\/span><\/p>\n<ul>\n<li><b>Tr\u00e1iler<\/b>: <a href=\"https:\/\/www.youtube.com\/watch?v=h4kQ2pOIFqo&amp;t=92s\">GENSAN PUNCH | Official Trailer | HBO GO<\/a><span data-ccp-props=\"{\">\u00a0<\/span><\/li>\n<\/ul>\n<p><b>Brillante Mendoza<\/b> (Filipinas, 1960) es director y productor. Es el primer filipino en recibir el premio al mejor director en Cannes por su pel\u00edcula Kinatay en 2009. Tambi\u00e9n es el \u00fanico filipino que ha recibido la distinci\u00f3n de \u00abCaballero de la Orden de las Artes y las Letras\u00bb de Francia en 2014. Ten\u00eda m\u00e1s de cuarenta a\u00f1os cuando dirigi\u00f3 su primera pel\u00edcula, <i>Masahista<\/i>, que gan\u00f3 el Leopardo de Oro del Festival Internacional de Cine de Locarno en 2005. Sus pel\u00edculas han recibido reiteradamente premios y nominaciones en los principales festivales como los de Venecia, Berl\u00edn, Cannes, San Sebasti\u00e1n y El Cairo.<span data-ccp-props=\"{\">\u00a0<\/span><\/p>\n<p><span data-ccp-props=\"{\">\u00a0<\/span><\/p>\n<h6><\/h6>\n<h6><strong><span style=\"color: #ff0000;\"><span class=\"TextRun SCXW81896130 BCX0\" lang=\"ES-ES\" xml:lang=\"ES-ES\" data-contrast=\"none\"><span class=\"NormalTextRun SCXW81896130 BCX0\">S\u00e1bado 21 de enero de 2023<\/span><\/span><span class=\"EOP SCXW81896130 BCX0\" data-ccp-props=\"{\">\u00a0<\/span><\/span><\/strong><\/h6>\n<p><b>HONG KONG<\/b><\/p>\n<p><b>Better Days <\/b>| Dir: Derek Tsang | Hong Kong | 2019 | 135\u2019 | VOSE | Drama<span data-ccp-props=\"{\">\u00a0<\/span><\/p>\n<p>El examen \u00abgaokao\u00bb paraliza a todo el pa\u00eds. Para casi diez millones de estudiantes, este examen para entrar en el programa nacional de estudios determinar\u00e1 su vida. Nian ha estado muy ocupada preparando el examen, dejando todo de lado, aunque una compa\u00f1era de clase se ha suicidado y ella misma ha sufrido bullying. Nian conocer\u00e1 en esos d\u00edas a un delincuente de poca monta con el que har\u00e1 un pacto.<span data-ccp-props=\"{\">\u00a0<\/span><\/p>\n<p><b>Derek Tsang<\/b> naci\u00f3 el 8 de noviembre de 1979 en Hong Kong. Es actor y director, conocido por Better Days (2019), Soulmate (2016) y Lover&#8217;s Discourse (2010). Est\u00e1 casado con Venus Wong desde el 6 de septiembre de 2019.<span data-ccp-props=\"{\">\u00a0<\/span><\/p>\n<ul>\n<li><b>Tr\u00e1iler<\/b>: <a href=\"https:\/\/www.youtube.com\/watch?v=wtu7rWCp-uQ\">BETTER DAYS Official Teaser Trailer | Oscar Nominee: Best International Feature Film (Hong Kong)<\/a><span data-ccp-props=\"{\">\u00a0<\/span><\/li>\n<\/ul>\n<h6><\/h6>\n<h6><\/h6>\n<h6><\/h6>\n<h6><strong><span style=\"color: #ff0000;\"><span class=\"TextRun SCXW178950313 BCX0\" lang=\"ES-ES\" xml:lang=\"ES-ES\" data-contrast=\"none\"><span class=\"NormalTextRun SCXW178950313 BCX0\">S\u00e1bado 28 de enero de 2023<\/span><\/span><span class=\"EOP SCXW178950313 BCX0\" data-ccp-props=\"{\">\u00a0<\/span><\/span><\/strong><\/h6>\n<p><b>IR\u00c1N<\/b><\/p>\n<p><b><i>Drown <\/i><\/b>| Dir: Mohammad Kart | Ir\u00e1n | 2020 | 120\u2019 | VOSE | Drama\u00a0 \u202f \u202f<span data-ccp-props=\"{\">\u00a0<\/span><\/p>\n<p>Despu\u00e9s de filtrarse un v\u00eddeo de su clase en una piscina solo para mujeres, Parvaneh es brutalmente asesinada por su marido, Hashem, que busca la manera de redimir su reputaci\u00f3n y dignidad como el padrino del barrio. El hermano de Hashem, Hojat, se embarca en una traves\u00eda hacia los laberintos del Teher\u00e1n clandestino para encontrar al responsable de ese juego sucio. Acusado falsamente por contrabando de drogas en el pasado, Hojat vuelve al mundo del crimen para buscar a los rivales de su hermano.\u00a0<span data-ccp-props=\"{\">\u00a0<\/span><\/p>\n<p>Nacido en Shiraz en 1986, <b>Mohammad Kart<\/b> se gradu\u00f3 en interpretaci\u00f3n y posee un diploma en direcci\u00f3n. Empez\u00f3 su carrera como actor en el a\u00f1o 2000 y desde entonces ha conseguido varios premios. Su primer documental, <i>Bruise<\/i>, recibi\u00f3 en 2013 el premio al mejor documental social en Cinema Verit\u00e9, el mayor festival internacional de documentales de Ir\u00e1n. Su segundo documental, <i>Incubus-The Small Chance<\/i>, gan\u00f3 el premio a Mejor director en el Festival de Cine de Fajr. Con su cortometraje, <i>Pedovere<\/i>, gan\u00f3 el Gran Premio del festival de Odense con el que obtuvo reconocimiento internacional. <i>Drown<\/i> es su primer largometraje y ya ha ganado cinco premios, incluyendo el premio que otorga el p\u00fablico en el Festival Nacional de Cine de Fajr en 2020.<span data-ccp-props=\"{\">\u00a0<\/span><\/p>\n<ul>\n<li><b>Tr\u00e1iler<\/b>: <a href=\"https:\/\/youtu.be\/QNmy0qTeJbU\">https:\/\/youtu.be\/QNmy0qTeJbU<\/a><span data-ccp-props=\"{\">\u00a0<\/span><\/li>\n<\/ul>\n<h6><\/h6>\n<h6><strong><span style=\"color: #ff0000;\"><span class=\"TextRun SCXW187278839 BCX0\" lang=\"ES-ES\" xml:lang=\"ES-ES\" data-contrast=\"none\"><span class=\"NormalTextRun SCXW187278839 BCX0\">S\u00e1bado 4 de febrero de 2023<\/span><\/span><span class=\"EOP SCXW187278839 BCX0\" data-ccp-props=\"{\">\u00a0<\/span><\/span><\/strong><\/h6>\n<p><b>INDONESIA<\/b><\/p>\n<p><b><i>27 Steps of May <\/i><\/b>| Dir: Ravi L. Bharwani | Indonesia | 2018 | 112\u2019 | VOSE | Drama\u202f<span data-ccp-props=\"{\">\u00a0<\/span><\/p>\n<p>Hace ocho a\u00f1os, una joven de 14 a\u00f1os fue violada en grupo. Traumatizada por el incidente, May se retira completamente de la vida p\u00fablica. Mientras que May vive su vida sin conexiones, emociones o palabras, su padre, atrapado en sus sentimientos de culpa, lleva una doble vida. Cuando est\u00e1 con May, es una persona bondadosa que lo sacrifica todo para brindar consuelo y protecci\u00f3n a su hija. Pero en el ring, es un boxeador que lucha para canalizar su furia. Padre e hija viven as\u00ed durante 8 a\u00f1os hasta que un extra\u00f1o, que es un mago, se muda a la casa de al lado y logra abrir una peque\u00f1a grieta en la pared protectora que May ha erguido cuidadosamente. La pel\u00edcula se present\u00f3 en el G\u00f6teborg Film Festival 2019 y el Busan International Film Festival 2018.\u202f\u00a0<span data-ccp-props=\"{\">\u00a0<\/span><\/p>\n<p><b>Ravi L. Bharwani<\/b> se ha licenciado del Instituto de las Artes de Yakarta (IKJ) en 1990. Despu\u00e9s de dirigir varios anuncios, documentales, cortometrajes y telefilmes, ha dirigido la pel\u00edcula <i>The Rainmaker<\/i> (2004), que se estren\u00f3 en el Busan International Film Festival y gan\u00f3 el premio a la Mejor Pel\u00edcula en los Asia New Talent Awards de Shangh\u00e1i, China. <i>Jermal<\/i> (2008), su segundo largometraje, fue seleccionado para proyectarse en Busan, Rotterdam, Melbourne, Montreal, Vancouver, Edimburgo, Copenhague y muchos otros festivales internacionales de cine, adem\u00e1s de haber recibido varios premios.\u202f<span data-ccp-props=\"{\">\u00a0<\/span><\/p>\n<ul>\n<li><b>Tr\u00e1iler<\/b>: <a href=\"https:\/\/youtu.be\/fCc4FZhZMoU\">https:\/\/youtu.be\/fCc4FZhZMoU<\/a>\u00a0<span data-ccp-props=\"{\">\u00a0<\/span><\/li>\n<\/ul>\n<h6><\/h6>\n<h6><strong><span style=\"color: #ff0000;\"><span class=\"TextRun SCXW3867987 BCX0\" lang=\"ES-ES\" xml:lang=\"ES-ES\" data-contrast=\"none\"><span class=\"NormalTextRun SCXW3867987 BCX0\">S\u00e1bado 11 de febrero de 2023<\/span><\/span><span class=\"EOP SCXW3867987 BCX0\" data-ccp-props=\"{\">\u00a0<\/span><\/span><\/strong><\/h6>\n<p><b>BANGLADESH<\/b><\/p>\n<p><b><i>Made In Bangladesh<\/i><\/b> | Dir: Rubaiyat Hossain | Bangladesh | 2019 | 95\u2019 | VOSE | Drama\u00a0<span data-ccp-props=\"{\">\u00a0<\/span><\/p>\n<p>Shimu tiene 23 a\u00f1os. Dej\u00f3 su ciudad cuando era ni\u00f1a y ahora, vive en Dhaka. Trabaja en la industria textil bajo condiciones muy duras y, con un sueldo muy precario. Decide unirse a sus compa\u00f1eras de trabajo para reivindicar mejores condiciones laborales. A pesar de las amenazas de sus superiores para que cesen las presiones ejercidas por las trabajadoras, ella no abandona su lucha. Shimu tampoco cuenta con la aprobaci\u00f3n de su marido en una sociedad machista como aquella en la que vive, pero nada la impide rebelarse y desafiar la adversidad para conseguir lo que se propone.\u00a0<span data-ccp-props=\"{\">\u00a0<\/span><\/p>\n<p><b>Rubaiyat Hossain<\/b> (1981) es una cineasta, guionista, productora e investigadora bengal\u00ed que se inspira en la obra de Satyajit Ray, porque su objetivo es la realidad social, la injusticia y la explotaci\u00f3n. Se gradu\u00f3 como directora de cine en 2002 en la Academia de Cine de Nueva York. Debut\u00f3 en 2011 con su filme <i>Meherjaan<\/i>. En <i>Made In Bangladesh <\/i>sigue fiel a sus principios y a su visi\u00f3n del cine.<span data-ccp-props=\"{\">\u00a0<\/span><\/p>\n<ul>\n<li><b>Tr\u00e1iler:<\/b> <a href=\"https:\/\/www.youtube.com\/watch?v=kh7d2wVmmsk\">https:\/\/www.youtube.com\/watch?v=kh7d2wVmmsk<\/a><span data-ccp-props=\"{\">\u00a0<\/span><\/li>\n<\/ul>\n<h6><\/h6>\n<h6><\/h6>\n<h6><\/h6>\n<h6><strong><span style=\"color: #ff0000;\"><span class=\"TextRun SCXW81355565 BCX0\" lang=\"ES-ES\" xml:lang=\"ES-ES\" data-contrast=\"none\"><span class=\"NormalTextRun SCXW81355565 BCX0\">S\u00e1bado 18 de febrero de 2023<\/span><\/span><span class=\"EOP SCXW81355565 BCX0\" data-ccp-props=\"{\">\u00a0<\/span><\/span><\/strong><\/h6>\n<p><b>KAZAJIST\u00c1N<\/b><\/p>\n<p><b>HAPINESS <\/b>| Dir: Askar Uzabayev | Kazajst\u00e1n | 2022 | 131\u2019 | VOSE | Drama\u00a0<span data-ccp-props=\"{\">\u00a0<\/span><\/p>\n<p>Una mujer de gran belleza vive una existencia contradictoria entre lo que es realmente y los cardenales, heridas y cicatrices visibles en su cuerpo. Es una influencer de \u00e9xito que promueve una l\u00ednea de productos llamada \u201cFelicidad\u201d. Como demuestra en sus presentaciones de ventas hipn\u00f3ticas, se supone que esta marca tiene que hacer a las mujeres atractivas y felices. Pero, en su vida privada, es v\u00edctima de los abusos de un marido alcoh\u00f3lico, como lo ser\u00e1 tambi\u00e9n su hija despu\u00e9s de casarse con un hombre que la ha dejado embarazada pero no la ama. Basada en hechos reales, Happiness quiere ser una denuncia de la violencia machista y sus consecuencias.<span data-ccp-props=\"{\">\u00a0<\/span><\/p>\n<p><b>Askar Uzabayev <\/b>(Kazajst\u00e1n, 1983) es director de cine y el fundador del 567 Creative Laboratory Studio, afincado en Almaty. Cuenta con una gran reputaci\u00f3n en su propio pa\u00eds por los t\u00edtulos que ha dirigido hasta ahora, algunos de los cuales han sido un \u00e9xito de taquilla. En el \u00faltimo Festival de Cinema Jove de la Mostra de Val\u00e8ncia (2022), Happiness recibi\u00f3 el Premio a la Mejor Direcci\u00f3n, el Premio del P\u00fablico y una menci\u00f3n del jurado joven. Uzabayev ha querido en esta pel\u00edcula contar cosas que no suelen contarse.<span data-ccp-props=\"{\">\u00a0<\/span><\/p>\n<ul>\n<li><b>Tr\u00e1iler:<\/b> <a href=\"https:\/\/www.youtube.com\/watch?v=jxTs5j76P8A&amp;t=125s\">https:\/\/www.youtube.com\/watch?v=jxTs5j76P8A&amp;t=125s<\/a>\u00a0<span data-ccp-props=\"{\">\u00a0<\/span><\/li>\n<\/ul>\n<h6><\/h6>\n<h6><\/h6>\n<h6><\/h6>\n<h6><span style=\"color: #ff0000;\"><span class=\"TextRun SCXW72313623 BCX0\" lang=\"ES-ES\" xml:lang=\"ES-ES\" data-contrast=\"none\"><span class=\"NormalTextRun SCXW72313623 BCX0\">S\u00e1bado 25 de febrero de 2023<\/span><\/span><span class=\"EOP SCXW72313623 BCX0\" data-ccp-props=\"{\">\u00a0<\/span><\/span><\/h6>\n<p><b>MONGOLIA<\/b><\/p>\n<p><b><i>1990 <\/i><\/b>| Dir: Lkhagvaa Dashsambu | Mongolia | 2020 | 105\u2019 | Drama<span data-ccp-props=\"{\">\u00a0<\/span><\/p>\n<p>Tras la ca\u00edda de la URSS, Mongolia sufre una oleada de violencia, corrupci\u00f3n y desorden. Los ciudadanos hacen lo posible por sobrevivir en una \u00e9poca incierta dominada por el caos, la incertidumbre y la inseguridad. Al mismo tiempo, llega al pa\u00eds la influencia occidental en estilo de vida y consumo que se infiltra entre la juventud y que acaba siendo muy popular<span data-ccp-props=\"{\">\u00a0<\/span><\/p>\n<p>Lkhagvaa Dashsambu es un director que comparte su trayectoria con la de actor y productor. En la pel\u00edcula que presentamos, nos descubre el drama hist\u00f3rico de un pa\u00eds que trata de sobrevivir a los cambios derivados de su independencia y la penetraci\u00f3n de la influencia occidental en medio del caos.<span data-ccp-props=\"{\">\u00a0<\/span><\/p>\n<ul>\n<li><b>Trailer: <\/b><a href=\"https:\/\/www.youtube.com\/watch?v=-GWDWRjJzdo\"><b>https:\/\/www.youtube.com\/watch?v=-GWDWRjJzdo<\/b><\/a><b>\u00a0<\/b><span data-ccp-props=\"{\">\u00a0<\/span><\/li>\n<\/ul>\n<h6><\/h6>\n<h6><span style=\"color: #ff0000;\"><span class=\"TextRun SCXW154190679 BCX0\" lang=\"ES-ES\" xml:lang=\"ES-ES\" data-contrast=\"none\"><span class=\"NormalTextRun SCXW154190679 BCX0\">S\u00e1bado 4 de marzo de 2023<\/span><\/span><span class=\"EOP SCXW154190679 BCX0\" data-ccp-props=\"{\">\u00a0<\/span><\/span><\/h6>\n<p><b>TAILANDIA<\/b><\/p>\n<p><b><i>Where We Belong <\/i><\/b>| Dir: Kongdej Jaturanrasamee | Tailandia | 2019 | 130\u2019 | VOSE | Drama<span data-ccp-props=\"{\">\u00a0<\/span><\/p>\n<p>Sue vive en un peque\u00f1o pueblo en Chantanburi, Tailandia. Logra una beca para estudiar en Finlandia. Cuando llega la hora le asaltan muchas dudas sobre su destino. Su amiga Belle no piensa moverse del pueblo. Belle le ayuda en todos los preparativos y despedidas a Sue mientras las dos recorren en moto la ciudad.\u00a0<span data-ccp-props=\"{\">\u00a0<\/span><\/p>\n<p><b>Kondej Jaturanrasamee<\/b> estudi\u00f3 Comunicaci\u00f3n de Masas especializ\u00e1ndose en cine y video en la universidad de Lat Krabang. Tras su graduaci\u00f3n trabaj\u00f3 como docente en la Universidad de Assumption. En 2002 dirigi\u00f3 su primera pel\u00edcula, <i>Sayew<\/i>. Con su opera prima logr\u00f3 una menci\u00f3n especial en el Festival de Cine de Seattle. Con <i>Where We Belong,<\/i> trata de mostrar la vida de muchas chicas j\u00f3venes tailandesas que tienen que elegir entre su entorno y sus seres queridos o perseguir sus sue\u00f1os.<span data-ccp-props=\"{\">\u00a0<\/span><\/p>\n<ul>\n<li><b>Tr\u00e1iler: <\/b><a href=\"https:\/\/www.youtube.com\/watch?v=dC_S4oKFZ6Q\">https:\/\/www.youtube.com\/watch?v=dC_S4oKFZ6Q<\/a><span data-ccp-props=\"{\">\u00a0<\/span><\/li>\n<\/ul>\n<h6><\/h6>\n<h6><span style=\"color: #ff0000;\"><span class=\"TextRun SCXW2861163 BCX0\" lang=\"ES-ES\" xml:lang=\"ES-ES\" data-contrast=\"none\"><span class=\"NormalTextRun SCXW2861163 BCX0\">S\u00e1bado 11 de marzo de 2023<\/span><\/span><span class=\"EOP SCXW2861163 BCX0\" data-ccp-props=\"{\">\u00a0<\/span><\/span><\/h6>\n<p><b>AUSTRALIA<\/b><\/p>\n<p><b><i>Smoke Between Trees<\/i><\/b> | Dir: Michael Joy | Australia | 2019 | 105\u2019 | VOSE | Drama\u202f<span data-ccp-props=\"{\">\u00a0<\/span><\/p>\n<p>Antes, Mathew Higgins era un tipo blanco de clase media que llevaba una existencia suburbana. Ahora, es un hombre moldeado por el dolor, enojado, solo y sin familia. Cuando su nieto aborigen al que apenas conoc\u00eda vuelva a entrar en su vida, tratar\u00e1 por todos los medios de reconciliar su dolor m\u00e1s profundo con el ni\u00f1o que est\u00e1 frente a \u00e9l.\u202f<span data-ccp-props=\"{\">\u00a0<\/span><\/p>\n<p><b>Michael Joy<\/b> es un director cinematogr\u00e1fico, cuyo trabajo singular demuestra su capacidad para dirigir a actores y no actores, consiguiendo actuaciones aut\u00e9nticas y muy potentes. Su primera pel\u00edcula, <i>Men\u2019s Group<\/i>, se proyect\u00f3 en los festivales de cine de Rotterdam, S\u00eddney, Melbourne, Varsovia y Singapur. Obteniendo el premio a la Mejor Pel\u00edcula, el Mejor Gui\u00f3n, y el Mejor Actor, del Australian Independent Film Awards.<span data-ccp-props=\"{\">\u00a0<\/span><\/p>\n<ul>\n<li><b>Tr\u00e1iler<\/b>: <a href=\"https:\/\/youtu.be\/-Djc0iMpBrc\">https:\/\/youtu.be\/-Djc0iMpBrc<\/a>\u00a0<span data-ccp-props=\"{\">\u00a0<\/span><\/li>\n<\/ul>\n<h6><\/h6>\n<h6><strong><span style=\"color: #ff0000;\"><span class=\"TextRun SCXW267809699 BCX0\" lang=\"ES-ES\" xml:lang=\"ES-ES\" data-contrast=\"none\"><span class=\"NormalTextRun SCXW267809699 BCX0\">S\u00e1bado 18 de marzo de 2023<\/span><\/span><span class=\"EOP SCXW267809699 BCX0\" data-ccp-props=\"{\">\u00a0<\/span><\/span><\/strong><\/h6>\n<p><b>NUEVA ZELANDA<\/b><\/p>\n<p><b><i>Broken <\/i><\/b>| Dir: Tarry Mortlock | Nueva Zelanda | 2018 | 97\u2019 | VOSE | Drama<span data-ccp-props=\"{\">\u00a0<\/span><\/p>\n<p>Logan, exl\u00edder de pandillas, ha abandonado el mundo de las pandillas para criar a su hija Tori. Pero, al ser asesinada por una pandilla opositora en la ciudad, Logan debe elegir entre el perd\u00f3n o la venganza.\u00a0<span data-ccp-props=\"{\">\u00a0<\/span><\/p>\n<p>Nacido en Nueva Zelanda, <b>Terry Mortlock<\/b>, siente amor por la gente y la tierra de Aotearoa. Pas\u00f3 muchos a\u00f1os surfeando y pescando por la costa de Nueva Zelanda. Ha dirigido y producido numerosos videos musicales y documentales adem\u00e1s de un programa de televisi\u00f3n sobre la fe que ha sido emitido en m\u00e1s de 150 pa\u00edses de todo el mundo. En 2018 se estren\u00f3 <i>Broken<\/i>, su largometraje que lleg\u00f3 a ser la segunda pel\u00edcula m\u00e1s taquillera neozelandesa.<span data-ccp-props=\"{\">\u00a0<\/span><\/p>\n<ul>\n<li><b>Tr\u00e1iler: <\/b><a href=\"https:\/\/www.youtube.com\/watch?v=Yhke8cgrarU\">https:\/\/www.youtube.com\/watch?v=Yhke8cgrarU<\/a><span data-ccp-props=\"{\">\u00a0<\/span><\/li>\n<\/ul>\n<h6><\/h6>\n<h6><span style=\"color: #ff0000;\"><span class=\"TextRun SCXW190350320 BCX0\" lang=\"ES-ES\" xml:lang=\"ES-ES\" data-contrast=\"none\"><span class=\"NormalTextRun SCXW190350320 BCX0\">S\u00e1bado 25 de marzo de 2023<\/span><\/span><span class=\"EOP SCXW190350320 BCX0\" data-ccp-props=\"{\">\u00a0<\/span><\/span><\/h6>\n<p><b>PAKIST\u00c1N<\/b><\/p>\n<p><b><i>Indus Blues<\/i><\/b> | Dir: Jawad Sharif | Pakist\u00e1n | 2018 | 76\u2019 | VOSE | Documental<span data-ccp-props=\"{\">\u00a0<\/span><\/p>\n<p>En Pakist\u00e1n, entre las tensiones pol\u00edticas, los desaf\u00edos econ\u00f3micos y las sucesivas crisis sociales, los m\u00fasicos y los artesanos de instrumentos tienen que hacer frente a situaciones muy dif\u00edciles para seguir siendo lo que son. Con m\u00e1s raz\u00f3n cuando su oficio es considerado un tab\u00fa. En este documental, el director no s\u00f3lo nos brinda algunas muestras de un estilo musical raramente visto de la mano de quienes tal vez sean los \u00faltimos maestros, sino que adem\u00e1s nos hace viajar desde las monta\u00f1as del Karakoram que se encuentran al norte del pa\u00eds hasta las costas del sur.<span data-ccp-props=\"{\">\u00a0<\/span><\/p>\n<p><strong>Jawad Sharif<\/strong> es un prominente director de cine pakistan\u00ed al que se considera por el modo en que explora ciertos temas sociales que suelen ignorarse y su modo de abordar narrativamente cualquier conflicto, ha Tras obtener varios premios por su proyecto K2 &amp; the Invisible Footmen, con este documental, quiere dirigir la mirada hacia una forma de arte con la cual tiene un v\u00ednculo personal.<span data-ccp-props=\"{\">\u00a0<\/span><\/p>\n<ul>\n<li><b>Tr\u00e1iler<\/b>: <a href=\"https:\/\/www.youtube.com\/watch?v=vdb-n5husY8\">https:\/\/www.youtube.com\/watch?v=vdb-n5husY8<\/a><span data-ccp-props=\"{\">\u00a0<\/span><\/li>\n<\/ul>\n<h6><\/h6>\n<h6><\/h6>\n<h6><\/h6>\n<h6><strong><span style=\"color: #ff0000;\"><span class=\"TextRun SCXW77848115 BCX0\" lang=\"ES-ES\" xml:lang=\"ES-ES\" data-contrast=\"none\"><span class=\"NormalTextRun SCXW77848115 BCX0\">S\u00e1bado 1 de abril de 2023<\/span><\/span><span class=\"EOP SCXW77848115 BCX0\" data-ccp-props=\"{\">\u00a0<\/span><\/span><\/strong><\/h6>\n<p><b>NEPAL<\/b><\/p>\n<p><b><i>Bulbul <\/i><\/b>| Dir: Binod Paudel | Nepal | 2019 | 95\u2019 | VOSE | Drama<span data-ccp-props=\"{\">\u00a0<\/span><\/p>\n<p>Ranakala conduce un autob\u00fas en la ciudad de Katmand\u00fa.. Su marido la abandon\u00f3 hace seis a\u00f1os para irse a uno de los pa\u00edses del golfo, dej\u00e1ndola con su hija y su suegro de quienes debe ocuparse. Ranakala conoce a Chopendra, un hombre que le ayudar\u00e1 a conseguir pasajeros y la har\u00e1 re\u00edr con su ingenio y su particular dialecto. En un principio, ella se muestra reacia, pero el empe\u00f1o y la dedicaci\u00f3n altruista de \u00e9l har\u00e1n que poco a poco nazca el amor en el coraz\u00f3n ella. Esta historia est\u00e1 llena de secretos y giros inesperados ponen en duda si finalmente Rankala y Chopendra podr\u00e1n construir una vida juntos. Bulbul recurre, seg\u00fan la cr\u00edtica, a un realismo po\u00e9tico que favorece el retrato desinhibido de sus protagonistas y de la sociedad en la que viven.<span data-ccp-props=\"{\">\u00a0<\/span><\/p>\n<p><strong>Binod Paudel<\/strong> es uno de los pioneros del cine nepal\u00ed. Dirige una escuela de cine, \u00fanica que hay en Nepal que est\u00e1 asociada a la Universidad de Tribhuvan. Bulbul es su primera pel\u00edcula como director y guionista; ha obtenido una buena respuesta tanto del p\u00fablico como de la cr\u00edtica, que la ha considerado una de las mejores pel\u00edculas nepal\u00edes del a\u00f1o, y haciendo acreedor a Paudel del premio a Mejor Director del a\u00f1o 2018\/2019, que concede el presidente de Nepal.<span data-ccp-props=\"{\">\u00a0<\/span><\/p>\n<ul>\n<li><b>Tr\u00e1iler<\/b>: <a href=\"https:\/\/www.youtube.com\/watch?v=KXONssqFatQ\">https:\/\/www.youtube.com\/watch?v=KXONssqFatQ<\/a><span data-ccp-props=\"{\">\u00a0<\/span><\/li>\n<\/ul>\n<p><span data-ccp-props=\"{\">\u00a0<\/span><\/p>\n<h6><span style=\"color: #ff0000;\"><span class=\"TextRun SCXW75270978 BCX0\" lang=\"ES-ES\" xml:lang=\"ES-ES\" data-contrast=\"none\"><span class=\"NormalTextRun SCXW75270978 BCX0\">S\u00e1bado 8 de abril de 2023<\/span><\/span><span class=\"EOP SCXW75270978 BCX0\" data-ccp-props=\"{\">\u00a0<\/span><\/span><\/h6>\n<p><b>VIETNAM<\/b><\/p>\n<p><b><i>Goodbye Mother<\/i><\/b> | Dir: Thrin Dinh Le Minh | Vietnam | 2019 | 106\u2019 | VOSE | Drama<span data-ccp-props=\"{\">\u00a0<\/span><\/p>\n<p>Van, heredero de un clan vietnamita, regresa a casa de Estados Unidos por primera vez en 9 a\u00f1os, para ayudar con el traslado de la tumba de su padre. Sorprende a toda la familia al llegar acompa\u00f1ado de Ian, un joven vietnamita estadounidense. Nadie sabe de su relaci\u00f3n amorosa. Ambos planean decirselo a la madre de Van, la Sra. Hanh. Se espera que Van se case y perpet\u00fae la familia dando un heredero. Para colmo, su abuela, quien tiene demencia senil, confunde a Ian con su nieto. <span data-ccp-props=\"{\">\u00a0<\/span><\/p>\n<p><b>Trinh Dinh Le Minh<\/b> es un cineasta emergente de Vietnam. Su cortometraje de narraci\u00f3n <i>The Scent of Fish Sauce<\/i> (2014) ha recorrido prestigiosos festivales de cine como el Festival Internacional de Palm Springs o, el Festival de Londres del BFI y el Festival Internacional de Cine Fant\u00e1stico de Bucheon. Su primer largometraje <i>Good Bye Mother <\/i>(2019), se ha proyectado en el Festival Internacional de Cine de Busan y en el Festival Internacional de Cine de Hawai.<span data-ccp-props=\"{\">\u00a0<\/span><\/p>\n<ul>\n<li><b>Tr\u00e1iler:<\/b> <a href=\"https:\/\/www.youtube.com\/watch?v=jkuWCYjtQm4\">https:\/\/www.youtube.com\/watch?v=jkuWCYjtQm4<\/a><span data-ccp-props=\"{\">\u00a0<\/span><\/li>\n<\/ul>\n<p><span data-ccp-props=\"{\">\u00a0<\/span><\/p>\n<h6><strong><span style=\"color: #ff0000;\"><span class=\"TextRun SCXW198171530 BCX0\" lang=\"ES-ES\" xml:lang=\"ES-ES\" data-contrast=\"none\"><span class=\"NormalTextRun SCXW198171530 BCX0\">S\u00e1bado 15 de abril de 2023<\/span><\/span><span class=\"EOP SCXW198171530 BCX0\" data-ccp-props=\"{\">\u00a0<\/span><\/span><\/strong><\/h6>\n<p><b>MALASIA<\/b><span data-ccp-props=\"{\">\u00a0<\/span><\/p>\n<p><b><i>Hail, Driver<\/i><\/b> | Dir: Muzzamer Rahman | Malasia | 2021 | 84\u2019 | VOSE | Drama<span data-ccp-props=\"{\">\u00a0<\/span><\/p>\n<p>Aman es un joven que aspira a convertirse en escritor. Tras la muerte de su padre hereda un coche con que se traslada de Pahang a Kuala Lumpur. Busca trabajo, pero no teniendo mejores alternativas acepta convertirse en transportista y acaba haciendo del veh\u00edculo su \u00fanica casa y de las calles por las que circula d\u00eda y noche su \u00fanico paisaje.<span data-ccp-props=\"{\">\u00a0<\/span><\/p>\n<p><b>Muzzamer Rahman<\/b> comenz\u00f3 a rodar su primer largometraje con la producci\u00f3n independiente <i>Hail Driver, <\/i>pese a\u00a0 que su vinculaci\u00f3n con el mundo del cine es muy anterior, como se desprende de la pel\u00edcula comercial\u00a0 que dirigi\u00f3 para Jazzy Pictures, <i>Takut ke Tak<\/i>, estrenada en Malasia en 2020.<span data-ccp-props=\"{\">\u00a0<\/span><\/p>\n<ul>\n<li><b>Tr\u00e1iler<\/b>: <a href=\"https:\/\/www.youtube.com\/watch?v=ik-0xHr291Y\">https:\/\/www.youtube.com\/watch?v=ik-0xHr291Y<\/a><span data-ccp-props=\"{\">\u00a0<\/span><\/li>\n<\/ul>\n<p><span data-ccp-props=\"{\">\u00a0<\/span><\/p>\n<h6><span style=\"color: #ff0000;\"><span class=\"TextRun SCXW186596913 BCX0\" lang=\"ES-ES\" xml:lang=\"ES-ES\" data-contrast=\"none\"><span class=\"NormalTextRun SCXW186596913 BCX0\">S\u00e1bado 22 de abril de 2023<\/span><\/span><span class=\"EOP SCXW186596913 BCX0\" data-ccp-props=\"{\">\u00a0<\/span><\/span><\/h6>\n<p><b>SRI LANKA<\/b><\/p>\n<p><b>The Single Tumbler <\/b>| Dir: Sivamohan Sumathy | Sri Lanka | 2020 | 74\u2019 | VOSE | Drama<span data-ccp-props=\"{\">\u00a0<\/span><\/p>\n<p>La guerra entre las fuerzas armadas de Sri Lanka y el grupo separatista tamil Tigers ha terminado. Lalitha regresa a Sri Lanka, con la familia que abandon\u00f3 en una \u00e9poca de grandes turbulencias. Los recuerdos son duros y amargos. The Single Tumbler es una mirada hacia adentro, una mirada emp\u00e1tica a la sociedad tamil del norte de Sri Lanka, en un momento de crisis de identidad. Se trata de una sociedad dividida interiormente por clases, g\u00e9nero y creencias \u00e9tnicas. La directora de la pel\u00edcula reflexiona sobre las ideas de familia, comunidad y naci\u00f3n, sin evitar su implicaci\u00f3n. Esto la lleva a recordar la postguerra en su pa\u00eds, atormentada por su pasado.<span data-ccp-props=\"{\">\u00a0<\/span><\/p>\n<p><strong>Sumathy Sivamohan<\/strong> es profesora de ingl\u00e9s en el Departamento de Ingl\u00e9s de la Universidad de Peradeniya, Sri Lanka. Su labor acad\u00e9mica y de investigaci\u00f3n se centra en los \u00e1mbitos del g\u00e9nero, la desposesi\u00f3n, los desplazados y la tensa cuesti\u00f3n de la naci\u00f3n, las literaturas de Sri Lanka, la traducci\u00f3n e interpretaci\u00f3n y los estudios cinematogr\u00e1ficos. Se ha especializado en teor\u00eda cr\u00edtica, literatura comparada, y en los estudios de cine. Premiadia como cineasta, int\u00e9rprete y dramaturga, poeta y acad\u00e9mica, en su obra hace hincapi\u00e9 en el lenguaje coloquial, la forma y el estilo, as\u00ed como en otros aspectos de la ling\u00fc\u00edstica aplicada. En 2011 recibi\u00f3 la beca Premchand de la Sahithya Akademy de la India y es una activista per la causa de la educaci\u00f3n gratuita en Sri Lanka.<span data-ccp-props=\"{\">\u00a0<\/span><\/p>\n<p><span data-ccp-props=\"{\">\u00a0<\/span><\/p>\n<h6><span style=\"color: #ff0000;\"><span class=\"TextRun SCXW16833714 BCX0\" lang=\"ES-ES\" xml:lang=\"ES-ES\" data-contrast=\"none\"><span class=\"NormalTextRun SCXW16833714 BCX0\">S\u00e1bado 29 de abril de 2023<\/span><\/span><span class=\"EOP SCXW16833714 BCX0\" data-ccp-props=\"{\">\u00a0<\/span><\/span><\/h6>\n<p><b>KIRGUIST\u00c1N<\/b><\/p>\n<p><b>The Lake<\/b> | Dir: Emi Atageldijev | Kirguist\u00e1n | 2020 | 100\u2019 | VOSE | Drama<span data-ccp-props=\"{\">\u00a0<\/span><\/p>\n<p>A orillas del lago Issyk-Kul vive Termikul, un antiguo maestro de historia que perdi\u00f3 a su \u00fanica hija de forma tr\u00e1gica. Termikul cree en una antigua leyenda seg\u00fan la cual desde tiempos remotos la gente de Kirguist\u00e1n no pesca en ese lago sagrado para alimentarse, porque se cree que all\u00ed se encuentran las almas de los ancestros a la espera de su reencarnaci\u00f3n. No obstante, un vecino suyo, Askhat, alimenta a su familia pescando furtivamente en el lago. Su hija de once a\u00f1os, Jyldyz, se opone insistentemente, porque al igual que el anciano, tambi\u00e9n cree en la leyenda y no come pescado.<span data-ccp-props=\"{\">\u00a0<\/span><\/p>\n<p><strong>Emil Atageldiev<\/strong> es un m\u00fasico profesional y un artista muy premiado de la Rep\u00fablica de Kirguist\u00e1n desde 2001. Es miembro de la Uni\u00f3n de directores de fotograf\u00eda de Kirguist\u00e1n desde 2014. En 2010 se gradu\u00f3 en los Cursos superiores de Guionistas y Directores de Cine, VGIK, de Mosc\u00fa. <i>The Lake<\/i> es su primera pel\u00edcula como director y coguionista, y la present\u00f3 por primera vez en el Shanghai International Film Festival 2020.<span data-ccp-props=\"{\">\u00a0<\/span><\/p>\n<ul>\n<li><b>Trailer: <\/b><a href=\"https:\/\/www.youtube.com\/watch?v=ty0ABhQF5Zg&amp;t=110s\">Official trailer KOL (THE LAKE)<\/a><span data-ccp-props=\"{\">\u00a0<\/span><\/li>\n<\/ul>\n<p><span data-ccp-props=\"{\">\u00a0<\/span><\/p>\n<h6><strong><span style=\"color: #ff0000;\"><span class=\"TextRun SCXW56998802 BCX0\" lang=\"ES-ES\" xml:lang=\"ES-ES\" data-contrast=\"none\"><span class=\"NormalTextRun SCXW56998802 BCX0\">S\u00e1bado 6 de mayo de 2023<\/span><\/span><span class=\"EOP SCXW56998802 BCX0\" data-ccp-props=\"{\">\u00a0<\/span><\/span><\/strong><\/h6>\n<p><b>LAOS<\/b><\/p>\n<p><b><i>Good Bye, Mr. Wong<\/i><\/b> | Dir: K Simon Luang | Laos | 2020 | 100\u2019 | VOSE | Drama<span data-ccp-props=\"{\">\u00a0<\/span><\/p>\n<p>Junto al lago Nam Ngum, en el norte de Laos, France es una joven deseada por dos hombres diametralmente opuestos. Su destino la lleva a cruzarse en el camino de Hugo, un franc\u00e9s, en busca de la mujer que lo dej\u00f3 hace un a\u00f1o. Este drama nos traslada a Laos, que a trav\u00e9s de sus personajes nos habla del pasado colonial de este pa\u00eds y tambi\u00e9n de la influencia que China ejerce sobre su econom\u00eda. La pel\u00edcula une dos historias: un tri\u00e1ngulo amoroso en el que interviene un empresario chino enamorado y la crisis de un matrimonio franc\u00e9s.<span data-ccp-props=\"{\">\u00a0<\/span><\/p>\n<p>Nacido en Laos en 1966, <strong>Kiy\u00e9 Simon Luang<\/strong> lleg\u00f3 a Francia en 1976. Fue pintor, fot\u00f3grafo y escritor, antes de empezar su trayectoria en el cine en el a\u00f1o 2000. Entiende la fotograf\u00eda como una prolongaci\u00f3n de la pintura y un engendro de la escritura, sentando las bases de una mirada reflexiva que se despliega en su obra cinematogr\u00e1fica. De su infancia en Laos, conserva el gusto de un fot\u00f3grafo aficionado, no sujeto a los c\u00f3digos de los medios de comunicaci\u00f3n. De su asistencia a bailarines, como espectador y fot\u00f3grafo, cultiva un cierto apego al cuerpo humano como medida del mundo. Por \u00faltimo, su cine y su escritura se nutren de una fotograf\u00eda narrativa.<span data-ccp-props=\"{\">\u00a0<\/span><\/p>\n<ul>\n<li><b>Tr\u00e1iler<\/b>: <a href=\"https:\/\/www.youtube.com\/watch?v=KV5puMuXRfg\">https:\/\/www.youtube.com\/watch?v=KV5puMuXRfg<\/a><span data-ccp-props=\"{\">\u00a0<\/span><\/li>\n<\/ul>\n<p><span data-ccp-props=\"{\">\u00a0<\/span><\/p>\n<h6><strong><span style=\"color: #ff0000;\"><span class=\"TextRun SCXW149552144 BCX0\" lang=\"ES-ES\" xml:lang=\"ES-ES\" data-contrast=\"none\"><span class=\"NormalTextRun SCXW149552144 BCX0\">S\u00e1bado 13 de mayo de 2023<\/span><\/span><span class=\"EOP SCXW149552144 BCX0\" data-ccp-props=\"{\">\u00a0<\/span><\/span><\/strong><\/h6>\n<p><b>TAYIKIST\u00c1N<\/b><\/p>\n<p><b><i>Water Boy <\/i><\/b>| Dir: Fayzullo Faizov | Tayikist\u00e1n | 2021 | 110\u2019 | VOSE | Drama<span data-ccp-props=\"{\">\u00a0<\/span><\/p>\n<p>Este drama social sucede en el pueblo pescador a orillas del mar de Tayikist\u00e1n, donde los aldeanos comienzan a sufrir recientes desastres naturales. El pueblo se encuentra en plena transici\u00f3n entre la tradici\u00f3n y la modernidad. Barakat, el honesto y respetado anciano del lugar, no apoya al barquero comerciante que trafica con bienes. Solo tiene un confidente, Ramses, un joven del pueblo de nombre inventado. En una visita a dicho pueblo con el fin de rodar una pel\u00edcula, los cinestas seleccionaron a Safar, el padre de Ramses, como papel protagonista para el rodaje. Mientras, Salima, la madre de Ramses, lucha por convencer a Safar y a su hijo para trasladarse a otra ciudad. El final de la historia desvela el destino de los protagonistas entre todos los altibajos.<span data-ccp-props=\"{\">\u00a0<\/span><\/p>\n<p><strong>Fayzullo Faizov<\/strong> naci\u00f3 en 1989 en el Distrito de Farkhor, en Tayikist\u00e1n. En 2017 se gradu\u00f3 del Instituto de Cine y Teatro de Ir\u00e1n. Su trabajo era por encima de todo pr\u00e1ctico, aunque empez\u00f3 a grabar un documental bajo la direcci\u00f3n del Doctor Muhammad Shahbo, tratando una cronolog\u00eda del cine de Tayikist\u00e1n. Su filmograf\u00eda incluye \u201c8 March\u201d (\u201c8 de Marzo\u201d), grabada en 2013, y \u201cYehmakon\u201d (\u201cSin Lugar\u201d), grabada en 2015.<span data-ccp-props=\"{\">\u00a0<\/span><\/p>\n<ul>\n<li><b>Tr\u00e1iler:<\/b> <a href=\"https:\/\/vimeo.com\/482237426\">https:\/\/vimeo.com\/482237426<\/a><span data-ccp-props=\"{\">\u00a0<\/span><\/li>\n<\/ul>\n<h6><\/h6>\n<h6><strong><span style=\"color: #ff0000;\"><span class=\"TextRun SCXW137915243 BCX0\" lang=\"ES-ES\" xml:lang=\"ES-ES\" data-contrast=\"none\"><span class=\"NormalTextRun SCXW137915243 BCX0\">S\u00e1bado 20 de mayo de 202<\/span><span class=\"NormalTextRun SCXW137915243 BCX0\">3<\/span><\/span><span class=\"EOP SCXW137915243 BCX0\" data-ccp-props=\"{\">\u00a0<\/span><\/span><\/strong><\/h6>\n<p><b>UZBEKIST\u00c1N<\/b><\/p>\n<p><b><i>Sabot (Fortitude)<\/i><\/b> | Dir: Rashid Malikov | Uzbekist\u00e1n | 2018 | 78\u2019 | VOSE | Drama<span data-ccp-props=\"{\">\u00a0<\/span><\/p>\n<p>La acci\u00f3n transcurre en 1989. El Capit\u00e1n del Ej\u00e9rcito Sovi\u00e9tico, Saidulla, vive s\u00f3lo en una peque\u00f1a casa. Su hijo vive en el mismo pueblo, pero no ve a su padre, ni permite que el nieto tenga contacto con el abuelo. A menudo Saidulla tiene una visi\u00f3n: un antiguo amigo del ej\u00e9rcito viene a visitarlo. Est\u00e1 exactamente igual que cuando le vio vivo por \u00faltima vez, armado y con el uniforme. En una revisi\u00f3n m\u00e9dica, a Saidulla le diagnostican un c\u00e1ncer. No le queda mucho tiempo de vida y tiene que resolver importantes problemas: proveer de agua a la escuela, arreglar las diferencias con su hijo e ir a visitar a su amigo.<span data-ccp-props=\"{\">\u00a0<\/span><\/p>\n<p><strong>Rashid Malikov<\/strong> (1958, Mosc\u00fa) se gradu\u00f3 en 1980 en el Instituto M\u00e9dico de Tashkent. En 1988 debut\u00f3 en el cine con la pel\u00edcula Clinic y en 2018 Fortitude, gan\u00f3 el Premio del Jurado Ruso a la Mejor Pel\u00edcula de la Secci\u00f3n Oficial del Festival de Mosc\u00fa.<span data-ccp-props=\"{\">\u00a0<\/span><\/p>\n<p><span data-ccp-props=\"{\">\u00a0<\/span><\/p>\n<h6><span style=\"color: #ff0000;\"><span class=\"TextRun SCXW208553466 BCX0\" lang=\"ES-ES\" xml:lang=\"ES-ES\" data-contrast=\"none\"><span class=\"NormalTextRun SCXW208553466 BCX0\">S\u00e1bado 27 de mayo de 2023<\/span><\/span><span class=\"EOP SCXW208553466 BCX0\" data-ccp-props=\"{\">\u00a0<\/span><\/span><\/h6>\n<p><b>SINGAPUR<\/b><\/p>\n<p><b><i>Temporary Visa<\/i><\/b> | Dir: Ghazi Alqudcy | Singapur | 2018 | 123\u2019 | VOSE | Drama<span data-ccp-props=\"{\">\u00a0<\/span><\/p>\n<p>Jakub tiene problemas para prolongar su estancia en Bosnia m\u00e1s tiempo del autorizado en su visado, y se enfrenta a la posibilidad de que le deporten si no obtiene uno temporal en cinco d\u00edas. Para solicitar uno, sin embargo, necesita un dinero que no tiene. Jakub se ha resistido a las peligrosas oportunidades de hacer dinero en efectivo, hasta que se da cuenta de que todo el mundo hace lo necesario para sobrevivir. Incluso su novia Emira est\u00e1 robando dinero del trabajo para continuar estudiando. Ante tales circunstancias, Jakub empieza a comprender el coste real de su relaci\u00f3n transfronteriza. La pel\u00edcula se present\u00f3 en el Singapore International Festival of Arts 2019.<span data-ccp-props=\"{\">\u00a0<\/span><\/p>\n<p><strong>Ghazi Alqudcy<\/strong> (1983, Singapur) es productor, director y guionista cinematogr\u00e1fico. Tiene un m\u00e1ster en Bellas Artes en Cinematograf\u00eda de film.factory, un programa intensivo creado por la directora cinematogr\u00e1fica h\u00fangara B\u00e9la Tarr. Ghazi ha producido m\u00e1s de 50 cortometrajes, que se han proyectado en varios festivales internacionales de cine en Europa y Asia. Su primer largometraje, \u00abVisa temporal\u00bb, se film\u00f3 por completo en Sarajevo, Bosnia Herzegovina.<\/p>\n<ul>\n<li><b>Tr\u00e1iler<\/b>: <a href=\"https:\/\/www.facebook.com\/JFilem\/videos\/official-trailer-temporary-visa-2018\/1427465487430895\/\">https:\/\/www.facebook.com\/JFilem\/videos\/official-trailer-temporary-visa-2018\/1427465487430895\/<\/a><span data-ccp-props=\"{\">\u00a0<\/span><\/li>\n<\/ul>\n<\/div><\/section>\n<div  class='avia-icon-list-container av-2p6mfub-42828a3ba38fea2406f0f491529011e3  avia-builder-el-4  el_after_av_textblock  el_before_av_partner '><ul class='avia-icon-list avia_animate_when_almost_visible avia-icon-list-left av-iconlist-big av-2p6mfub-42828a3ba38fea2406f0f491529011e3 avia-iconlist-animate'>\n<li><div class='iconlist_icon av-25djklv-356078ddd6d43619a19483c24e759646 avia-font-entypo-fontello'><span class='iconlist-char' aria-hidden='true' data-av_icon='\ue85b' data-av_iconfont='entypo-fontello'><\/span><\/div><article class=\"article-icon-entry \"  itemscope=\"itemscope\" itemtype=\"https:\/\/schema.org\/BlogPosting\" itemprop=\"blogPost\" ><div class=\"iconlist_content_wrap\"><header class=\"entry-content-header\"><\/header><div class='iconlist_content '  itemprop=\"text\" ><p>01\/12\/2022<\/p>\n<\/div><\/div><footer class=\"entry-footer\"><\/footer><\/article><div class=\"iconlist-timeline\"><\/div><\/li>\n<li><div class='iconlist_icon av-1pmzhcj-8544559976ec5f6e0871077565319046 avia-font-entypo-fontello'><span class='iconlist-char' aria-hidden='true' data-av_icon='\ue842' data-av_iconfont='entypo-fontello'><\/span><\/div><article class=\"article-icon-entry \"  itemscope=\"itemscope\" itemtype=\"https:\/\/schema.org\/BlogPosting\" itemprop=\"blogPost\" ><div class=\"iconlist_content_wrap\"><header class=\"entry-content-header\"><\/header><div class='iconlist_content '  itemprop=\"text\" ><p>MK2 Cine Paz, Madrid<\/p>\n<ul>\n<li>Calle de Fuencarral, 125, 28010 Madrid<\/li>\n<\/ul>\n<\/div><\/div><footer class=\"entry-footer\"><\/footer><\/article><div class=\"iconlist-timeline\"><\/div><\/li>\n<li><div class='iconlist_icon av-101tm6r-ed33a4e10ae88842d04565341982b5e8 avia-font-entypo-fontello'><span class='iconlist-char' aria-hidden='true' data-av_icon='\ue80a' data-av_iconfont='entypo-fontello'><\/span><\/div><article class=\"article-icon-entry \"  itemscope=\"itemscope\" itemtype=\"https:\/\/schema.org\/BlogPosting\" itemprop=\"blogPost\" ><div class=\"iconlist_content_wrap\"><header class=\"entry-content-header\"><\/header><div class='iconlist_content '  itemprop=\"text\" ><p>MK2<\/p>\n<\/div><\/div><footer class=\"entry-footer\"><\/footer><\/article><div class=\"iconlist-timeline\"><\/div><\/li>\n<\/ul><\/div>\n\n<style type=\"text\/css\" data-created_by=\"avia_inline_auto\" id=\"style-css-av-su01sj-6fd1ced625d1731da77d45f3f5127596\">\n.avia-logo-element-container.av-su01sj-6fd1ced625d1731da77d45f3f5127596 .av-partner-fake-img{\nbackground-size:cover;\n}\n<\/style>\n<div  class='avia-logo-element-container av-su01sj-6fd1ced625d1731da77d45f3f5127596 avia-logo-slider avia-content-slider avia-smallarrow-slider avia-content-slider-active noHover avia-content-slider-odd  avia-builder-el-5  el_after_av_iconlist  avia-builder-el-last  av-slideshow-ui av-control-default av-nav-arrows-visible av-nav-dots-visible av-no-slider-navigation av-slideshow-manual av-loop-once av-loop-manual-endless avia-content-slider1' data-slideshow-options=\"{&quot;animation&quot;:&quot;slide&quot;,&quot;autoplay&quot;:false,&quot;loop_autoplay&quot;:&quot;once&quot;,&quot;interval&quot;:5,&quot;loop_manual&quot;:&quot;manual-endless&quot;,&quot;autoplay_stopper&quot;:false,&quot;noNavigation&quot;:false,&quot;bg_slider&quot;:false,&quot;keep_padding&quot;:&quot;&quot;,&quot;hoverpause&quot;:false,&quot;show_slide_delay&quot;:0}\"><div class='avia-smallarrow-slider-heading  no-logo-slider-heading '><div class='new-special-heading'>&nbsp;<\/div><\/div><div class=\"avia-content-slider-inner\"><div class=\"slide-entry-wrap\"><div  class='slide-entry av-k631yr-aa62c5a81ca7a1ea59497a912558f4dc flex_column no_margin av_one_third real-thumbnail post-entry slide-entry-overview slide-loop-1 slide-parity-odd  first'><span class='av-partner-fake-img' style='padding-bottom:100%; background-image:url(https:\/\/asianfilmfestival.barcelona\/2023\/wp-content\/uploads\/2023\/03\/mk2-cine-paz.jpg);'><\/span><\/div><div  class='slide-entry av-lfthomfa-8809acf598d315feca249abe35f54715 flex_column no_margin av_one_third real-thumbnail post-entry slide-entry-overview slide-loop-2 slide-parity-even post-entry-last '><span class='av-partner-fake-img' style='padding-bottom:100%; background-image:url(https:\/\/asianfilmfestival.barcelona\/2023\/wp-content\/uploads\/2023\/03\/cuadrado-casa-asiaa-e1712744326951.jpg);'><\/span><\/div><\/div><\/div><\/div>\n","protected":false},"excerpt":{"rendered":"","protected":false},"author":9,"featured_media":43728,"comment_status":"closed","ping_status":"open","sticky":false,"template":"","format":"standard","meta":{"_acf_changed":false,"footnotes":""},"categories":[32],"tags":[],"class_list":["post-43731","post","type-post","status-publish","format-standard","has-post-thumbnail","hentry","category-noticias"],"acf":[],"yoast_head":"<!-- This site is optimized with the Yoast SEO plugin v27.4 - https:\/\/yoast.com\/product\/yoast-seo-wordpress\/ -->\n<title>Nuevas Miradas del Cine Asi\u00e1tico 2022-2023 - Asian Film Festival Barcelona<\/title>\n<meta name=\"robots\" content=\"noindex, follow, max-snippet:-1, max-image-preview:large, max-video-preview:-1\" \/>\n<meta property=\"og:locale\" content=\"es_ES\" \/>\n<meta property=\"og:type\" content=\"article\" \/>\n<meta property=\"og:title\" content=\"Nuevas Miradas del Cine Asi\u00e1tico 2022-2023 - Asian Film Festival Barcelona\" \/>\n<meta property=\"og:url\" content=\"https:\/\/asianfilmfestival.barcelona\/2023\/es\/nuevas-miradas-del-cine-asiatico-2022-2023\/\" \/>\n<meta property=\"og:site_name\" content=\"Asian Film Festival Barcelona\" \/>\n<meta property=\"article:published_time\" content=\"2023-03-29T09:54:54+00:00\" \/>\n<meta property=\"article:modified_time\" content=\"2023-03-29T11:44:36+00:00\" \/>\n<meta property=\"og:image\" content=\"https:\/\/asianfilmfestival.barcelona\/2023\/wp-content\/uploads\/2023\/03\/Hong-Kong-Better-Days-1.jpg\" \/>\n\t<meta property=\"og:image:width\" content=\"1570\" \/>\n\t<meta property=\"og:image:height\" content=\"987\" \/>\n\t<meta property=\"og:image:type\" content=\"image\/jpeg\" \/>\n<meta name=\"author\" content=\"Posteditor\" \/>\n<meta name=\"twitter:card\" content=\"summary_large_image\" \/>\n<meta name=\"twitter:label1\" content=\"Escrito por\" \/>\n\t<meta name=\"twitter:data1\" content=\"Posteditor\" \/>\n\t<meta name=\"twitter:label2\" content=\"Tiempo de lectura\" \/>\n\t<meta name=\"twitter:data2\" content=\"28 minutos\" \/>\n<script type=\"application\/ld+json\" class=\"yoast-schema-graph\">{\"@context\":\"https:\\\/\\\/schema.org\",\"@graph\":[{\"@type\":\"Article\",\"@id\":\"https:\\\/\\\/asianfilmfestival.barcelona\\\/2023\\\/es\\\/nuevas-miradas-del-cine-asiatico-2022-2023\\\/#article\",\"isPartOf\":{\"@id\":\"https:\\\/\\\/asianfilmfestival.barcelona\\\/2023\\\/es\\\/nuevas-miradas-del-cine-asiatico-2022-2023\\\/\"},\"author\":{\"name\":\"Posteditor\",\"@id\":\"https:\\\/\\\/asianfilmfestival.barcelona\\\/2023\\\/es\\\/#\\\/schema\\\/person\\\/f6082022201dd662c066e7db0744239f\"},\"headline\":\"Nuevas Miradas del Cine Asi\u00e1tico 2022-2023\",\"datePublished\":\"2023-03-29T09:54:54+00:00\",\"dateModified\":\"2023-03-29T11:44:36+00:00\",\"mainEntityOfPage\":{\"@id\":\"https:\\\/\\\/asianfilmfestival.barcelona\\\/2023\\\/es\\\/nuevas-miradas-del-cine-asiatico-2022-2023\\\/\"},\"wordCount\":6658,\"image\":{\"@id\":\"https:\\\/\\\/asianfilmfestival.barcelona\\\/2023\\\/es\\\/nuevas-miradas-del-cine-asiatico-2022-2023\\\/#primaryimage\"},\"thumbnailUrl\":\"https:\\\/\\\/asianfilmfestival.barcelona\\\/2023\\\/wp-content\\\/uploads\\\/2023\\\/03\\\/Hong-Kong-Better-Days-1.jpg\",\"articleSection\":[\"Noticias\"],\"inLanguage\":\"es\"},{\"@type\":\"WebPage\",\"@id\":\"https:\\\/\\\/asianfilmfestival.barcelona\\\/2023\\\/es\\\/nuevas-miradas-del-cine-asiatico-2022-2023\\\/\",\"url\":\"https:\\\/\\\/asianfilmfestival.barcelona\\\/2023\\\/es\\\/nuevas-miradas-del-cine-asiatico-2022-2023\\\/\",\"name\":\"Nuevas Miradas del Cine Asi\u00e1tico 2022-2023 - Asian Film Festival Barcelona\",\"isPartOf\":{\"@id\":\"https:\\\/\\\/asianfilmfestival.barcelona\\\/2023\\\/es\\\/#website\"},\"primaryImageOfPage\":{\"@id\":\"https:\\\/\\\/asianfilmfestival.barcelona\\\/2023\\\/es\\\/nuevas-miradas-del-cine-asiatico-2022-2023\\\/#primaryimage\"},\"image\":{\"@id\":\"https:\\\/\\\/asianfilmfestival.barcelona\\\/2023\\\/es\\\/nuevas-miradas-del-cine-asiatico-2022-2023\\\/#primaryimage\"},\"thumbnailUrl\":\"https:\\\/\\\/asianfilmfestival.barcelona\\\/2023\\\/wp-content\\\/uploads\\\/2023\\\/03\\\/Hong-Kong-Better-Days-1.jpg\",\"datePublished\":\"2023-03-29T09:54:54+00:00\",\"dateModified\":\"2023-03-29T11:44:36+00:00\",\"author\":{\"@id\":\"https:\\\/\\\/asianfilmfestival.barcelona\\\/2023\\\/es\\\/#\\\/schema\\\/person\\\/f6082022201dd662c066e7db0744239f\"},\"breadcrumb\":{\"@id\":\"https:\\\/\\\/asianfilmfestival.barcelona\\\/2023\\\/es\\\/nuevas-miradas-del-cine-asiatico-2022-2023\\\/#breadcrumb\"},\"inLanguage\":\"es\",\"potentialAction\":[{\"@type\":\"ReadAction\",\"target\":[\"https:\\\/\\\/asianfilmfestival.barcelona\\\/2023\\\/es\\\/nuevas-miradas-del-cine-asiatico-2022-2023\\\/\"]}]},{\"@type\":\"ImageObject\",\"inLanguage\":\"es\",\"@id\":\"https:\\\/\\\/asianfilmfestival.barcelona\\\/2023\\\/es\\\/nuevas-miradas-del-cine-asiatico-2022-2023\\\/#primaryimage\",\"url\":\"https:\\\/\\\/asianfilmfestival.barcelona\\\/2023\\\/wp-content\\\/uploads\\\/2023\\\/03\\\/Hong-Kong-Better-Days-1.jpg\",\"contentUrl\":\"https:\\\/\\\/asianfilmfestival.barcelona\\\/2023\\\/wp-content\\\/uploads\\\/2023\\\/03\\\/Hong-Kong-Better-Days-1.jpg\",\"width\":1570,\"height\":987},{\"@type\":\"BreadcrumbList\",\"@id\":\"https:\\\/\\\/asianfilmfestival.barcelona\\\/2023\\\/es\\\/nuevas-miradas-del-cine-asiatico-2022-2023\\\/#breadcrumb\",\"itemListElement\":[{\"@type\":\"ListItem\",\"position\":1,\"name\":\"Home\",\"item\":\"https:\\\/\\\/asianfilmfestival.barcelona\\\/2023\\\/es\\\/bienvenida-asian-film-festival-barcelona-2023\\\/\"},{\"@type\":\"ListItem\",\"position\":2,\"name\":\"Nuevas Miradas del Cine Asi\u00e1tico 2022-2023\"}]},{\"@type\":\"WebSite\",\"@id\":\"https:\\\/\\\/asianfilmfestival.barcelona\\\/2023\\\/es\\\/#website\",\"url\":\"https:\\\/\\\/asianfilmfestival.barcelona\\\/2023\\\/es\\\/\",\"name\":\"Asian Film Festival Barcelona\",\"description\":\"2023\",\"potentialAction\":[{\"@type\":\"SearchAction\",\"target\":{\"@type\":\"EntryPoint\",\"urlTemplate\":\"https:\\\/\\\/asianfilmfestival.barcelona\\\/2023\\\/es\\\/?s={search_term_string}\"},\"query-input\":{\"@type\":\"PropertyValueSpecification\",\"valueRequired\":true,\"valueName\":\"search_term_string\"}}],\"inLanguage\":\"es\"},{\"@type\":\"Person\",\"@id\":\"https:\\\/\\\/asianfilmfestival.barcelona\\\/2023\\\/es\\\/#\\\/schema\\\/person\\\/f6082022201dd662c066e7db0744239f\",\"name\":\"Posteditor\",\"image\":{\"@type\":\"ImageObject\",\"inLanguage\":\"es\",\"@id\":\"https:\\\/\\\/secure.gravatar.com\\\/avatar\\\/f80fb93754ad8590beb8972a446f13279f7ac6b1665d4e29d786e9e2c17ea87d?s=96&d=mm&r=g\",\"url\":\"https:\\\/\\\/secure.gravatar.com\\\/avatar\\\/f80fb93754ad8590beb8972a446f13279f7ac6b1665d4e29d786e9e2c17ea87d?s=96&d=mm&r=g\",\"contentUrl\":\"https:\\\/\\\/secure.gravatar.com\\\/avatar\\\/f80fb93754ad8590beb8972a446f13279f7ac6b1665d4e29d786e9e2c17ea87d?s=96&d=mm&r=g\",\"caption\":\"Posteditor\"}}]}<\/script>\n<!-- \/ Yoast SEO plugin. -->","yoast_head_json":{"title":"Nuevas Miradas del Cine Asi\u00e1tico 2022-2023 - Asian Film Festival Barcelona","robots":{"index":"noindex","follow":"follow","max-snippet":"max-snippet:-1","max-image-preview":"max-image-preview:large","max-video-preview":"max-video-preview:-1"},"og_locale":"es_ES","og_type":"article","og_title":"Nuevas Miradas del Cine Asi\u00e1tico 2022-2023 - Asian Film Festival Barcelona","og_url":"https:\/\/asianfilmfestival.barcelona\/2023\/es\/nuevas-miradas-del-cine-asiatico-2022-2023\/","og_site_name":"Asian Film Festival Barcelona","article_published_time":"2023-03-29T09:54:54+00:00","article_modified_time":"2023-03-29T11:44:36+00:00","og_image":[{"width":1570,"height":987,"url":"https:\/\/asianfilmfestival.barcelona\/2023\/wp-content\/uploads\/2023\/03\/Hong-Kong-Better-Days-1.jpg","type":"image\/jpeg"}],"author":"Posteditor","twitter_card":"summary_large_image","twitter_misc":{"Escrito por":"Posteditor","Tiempo de lectura":"28 minutos"},"schema":{"@context":"https:\/\/schema.org","@graph":[{"@type":"Article","@id":"https:\/\/asianfilmfestival.barcelona\/2023\/es\/nuevas-miradas-del-cine-asiatico-2022-2023\/#article","isPartOf":{"@id":"https:\/\/asianfilmfestival.barcelona\/2023\/es\/nuevas-miradas-del-cine-asiatico-2022-2023\/"},"author":{"name":"Posteditor","@id":"https:\/\/asianfilmfestival.barcelona\/2023\/es\/#\/schema\/person\/f6082022201dd662c066e7db0744239f"},"headline":"Nuevas Miradas del Cine Asi\u00e1tico 2022-2023","datePublished":"2023-03-29T09:54:54+00:00","dateModified":"2023-03-29T11:44:36+00:00","mainEntityOfPage":{"@id":"https:\/\/asianfilmfestival.barcelona\/2023\/es\/nuevas-miradas-del-cine-asiatico-2022-2023\/"},"wordCount":6658,"image":{"@id":"https:\/\/asianfilmfestival.barcelona\/2023\/es\/nuevas-miradas-del-cine-asiatico-2022-2023\/#primaryimage"},"thumbnailUrl":"https:\/\/asianfilmfestival.barcelona\/2023\/wp-content\/uploads\/2023\/03\/Hong-Kong-Better-Days-1.jpg","articleSection":["Noticias"],"inLanguage":"es"},{"@type":"WebPage","@id":"https:\/\/asianfilmfestival.barcelona\/2023\/es\/nuevas-miradas-del-cine-asiatico-2022-2023\/","url":"https:\/\/asianfilmfestival.barcelona\/2023\/es\/nuevas-miradas-del-cine-asiatico-2022-2023\/","name":"Nuevas Miradas del Cine Asi\u00e1tico 2022-2023 - Asian Film Festival Barcelona","isPartOf":{"@id":"https:\/\/asianfilmfestival.barcelona\/2023\/es\/#website"},"primaryImageOfPage":{"@id":"https:\/\/asianfilmfestival.barcelona\/2023\/es\/nuevas-miradas-del-cine-asiatico-2022-2023\/#primaryimage"},"image":{"@id":"https:\/\/asianfilmfestival.barcelona\/2023\/es\/nuevas-miradas-del-cine-asiatico-2022-2023\/#primaryimage"},"thumbnailUrl":"https:\/\/asianfilmfestival.barcelona\/2023\/wp-content\/uploads\/2023\/03\/Hong-Kong-Better-Days-1.jpg","datePublished":"2023-03-29T09:54:54+00:00","dateModified":"2023-03-29T11:44:36+00:00","author":{"@id":"https:\/\/asianfilmfestival.barcelona\/2023\/es\/#\/schema\/person\/f6082022201dd662c066e7db0744239f"},"breadcrumb":{"@id":"https:\/\/asianfilmfestival.barcelona\/2023\/es\/nuevas-miradas-del-cine-asiatico-2022-2023\/#breadcrumb"},"inLanguage":"es","potentialAction":[{"@type":"ReadAction","target":["https:\/\/asianfilmfestival.barcelona\/2023\/es\/nuevas-miradas-del-cine-asiatico-2022-2023\/"]}]},{"@type":"ImageObject","inLanguage":"es","@id":"https:\/\/asianfilmfestival.barcelona\/2023\/es\/nuevas-miradas-del-cine-asiatico-2022-2023\/#primaryimage","url":"https:\/\/asianfilmfestival.barcelona\/2023\/wp-content\/uploads\/2023\/03\/Hong-Kong-Better-Days-1.jpg","contentUrl":"https:\/\/asianfilmfestival.barcelona\/2023\/wp-content\/uploads\/2023\/03\/Hong-Kong-Better-Days-1.jpg","width":1570,"height":987},{"@type":"BreadcrumbList","@id":"https:\/\/asianfilmfestival.barcelona\/2023\/es\/nuevas-miradas-del-cine-asiatico-2022-2023\/#breadcrumb","itemListElement":[{"@type":"ListItem","position":1,"name":"Home","item":"https:\/\/asianfilmfestival.barcelona\/2023\/es\/bienvenida-asian-film-festival-barcelona-2023\/"},{"@type":"ListItem","position":2,"name":"Nuevas Miradas del Cine Asi\u00e1tico 2022-2023"}]},{"@type":"WebSite","@id":"https:\/\/asianfilmfestival.barcelona\/2023\/es\/#website","url":"https:\/\/asianfilmfestival.barcelona\/2023\/es\/","name":"Asian Film Festival Barcelona","description":"2023","potentialAction":[{"@type":"SearchAction","target":{"@type":"EntryPoint","urlTemplate":"https:\/\/asianfilmfestival.barcelona\/2023\/es\/?s={search_term_string}"},"query-input":{"@type":"PropertyValueSpecification","valueRequired":true,"valueName":"search_term_string"}}],"inLanguage":"es"},{"@type":"Person","@id":"https:\/\/asianfilmfestival.barcelona\/2023\/es\/#\/schema\/person\/f6082022201dd662c066e7db0744239f","name":"Posteditor","image":{"@type":"ImageObject","inLanguage":"es","@id":"https:\/\/secure.gravatar.com\/avatar\/f80fb93754ad8590beb8972a446f13279f7ac6b1665d4e29d786e9e2c17ea87d?s=96&d=mm&r=g","url":"https:\/\/secure.gravatar.com\/avatar\/f80fb93754ad8590beb8972a446f13279f7ac6b1665d4e29d786e9e2c17ea87d?s=96&d=mm&r=g","contentUrl":"https:\/\/secure.gravatar.com\/avatar\/f80fb93754ad8590beb8972a446f13279f7ac6b1665d4e29d786e9e2c17ea87d?s=96&d=mm&r=g","caption":"Posteditor"}}]}},"_links":{"self":[{"href":"https:\/\/asianfilmfestival.barcelona\/2023\/es\/wp-json\/wp\/v2\/posts\/43731","targetHints":{"allow":["GET"]}}],"collection":[{"href":"https:\/\/asianfilmfestival.barcelona\/2023\/es\/wp-json\/wp\/v2\/posts"}],"about":[{"href":"https:\/\/asianfilmfestival.barcelona\/2023\/es\/wp-json\/wp\/v2\/types\/post"}],"author":[{"embeddable":true,"href":"https:\/\/asianfilmfestival.barcelona\/2023\/es\/wp-json\/wp\/v2\/users\/9"}],"replies":[{"embeddable":true,"href":"https:\/\/asianfilmfestival.barcelona\/2023\/es\/wp-json\/wp\/v2\/comments?post=43731"}],"version-history":[{"count":0,"href":"https:\/\/asianfilmfestival.barcelona\/2023\/es\/wp-json\/wp\/v2\/posts\/43731\/revisions"}],"wp:featuredmedia":[{"embeddable":true,"href":"https:\/\/asianfilmfestival.barcelona\/2023\/es\/wp-json\/wp\/v2\/media\/43728"}],"wp:attachment":[{"href":"https:\/\/asianfilmfestival.barcelona\/2023\/es\/wp-json\/wp\/v2\/media?parent=43731"}],"wp:term":[{"taxonomy":"category","embeddable":true,"href":"https:\/\/asianfilmfestival.barcelona\/2023\/es\/wp-json\/wp\/v2\/categories?post=43731"},{"taxonomy":"post_tag","embeddable":true,"href":"https:\/\/asianfilmfestival.barcelona\/2023\/es\/wp-json\/wp\/v2\/tags?post=43731"}],"curies":[{"name":"wp","href":"https:\/\/api.w.org\/{rel}","templated":true}]}}