{"id":49365,"date":"2024-05-15T12:25:42","date_gmt":"2024-05-15T10:25:42","guid":{"rendered":"https:\/\/asianfilmfestival.barcelona\/2023\/?p=49365"},"modified":"2024-05-15T12:25:42","modified_gmt":"2024-05-15T10:25:42","slug":"far-east-festival-2024","status":"publish","type":"post","link":"https:\/\/asianfilmfestival.barcelona\/2023\/ca\/far-east-festival-2024\/","title":{"rendered":"FAR EAST FESTIVAL 2024"},"content":{"rendered":"<section  class='av_textblock_section av-lw7oekx5-9848e916c3ea7dcb448202db2748e31c '  ><div class='avia_textblock' ><h2 style=\"text-align: center;\"><span data-contrast=\"auto\">FAR EAST FILM FESTIVAL 2024<\/span><span data-ccp-props=\"{&quot;335551550&quot;:2,&quot;335551620&quot;:2}\">\u00a0<\/span><\/h2>\n<h4 style=\"text-align: center;\"><i><span data-contrast=\"auto\">El valor del testimoni cinematogr\u00e0fic en la cita europea anual m\u00e9s important per el cinema asi\u00e0tic<\/span><\/i><span data-ccp-props=\"{&quot;335551550&quot;:2,&quot;335551620&quot;:2}\">\u00a0<\/span><\/h4>\n<h4 style=\"text-align: center;\"><span data-contrast=\"auto\">Menene Gras Balaguer<\/span><span data-ccp-props=\"{&quot;335551550&quot;:2,&quot;335551620&quot;:2}\">\u00a0<\/span><\/h4>\n<p><span data-ccp-props=\"{&quot;335551550&quot;:2,&quot;335551620&quot;:2}\">\u00a0<\/span><\/p>\n<p><span data-contrast=\"auto\">El festival de cinema asi\u00e0tic m\u00e9s important d&#8217;Europa clausura la seva edici\u00f3 n\u00famero 26 amb un \u00e8xit de p\u00fablics que supera amb escreix les expectatives davant una programaci\u00f3 en la qual s&#8217;han reunit grans t\u00edtols, amb deu premieres mundials, 23 previews europees i 19 italianes. Els n\u00fameros per a la seva directora, Sabrina Barachetti, ho diuen tot, no sols pel que fa a les dades relacionades amb el nombre d&#8217;espectadors que han assistit a totes les sessions sin\u00f3 a les activitats que s&#8217;han desenvolupat paral\u00b7lelament, amb les converses, panells, trobades, master classes i totes les relacionades amb el projecte FOCUS ASIA i el Campus. Aquest \u00faltim, un projecte educatiu que recluta a periodistes joves, cinc europeus i cinc asi\u00e0tics majors de 18 anys i menors de 26, que aprenen a escriure sobre cinema i coneixen un festival de cinema entre bastidors, realitzant un programa relacionat amb la seva formaci\u00f3. L&#8217;acc\u00e9s a una programaci\u00f3 tan \u00e0mplia i espec\u00edfica igual que a directors, guionistes, productors, actors i actrius, o amb cr\u00edtics i te\u00f2rics vinguts de tot arreu a aquest festival es converteix per als seus candidats en una oportunitat que pot decidir la seva traject\u00f2ria. Vint-i-sis edicions, sense deixar d&#8217;experimentar un creixement permanent, i l&#8217;arxiu del qual val la pena explorar per a comprovar la magnitud de les seves propostes i el desenvolupament progressiu de les seves respectives aportacions per a la seva distribuci\u00f3 a Europa. Respectivament, FOCUS ASIA, una plataforma creada en 2015, concebuda com a plataforma per a incentivar la coproducci\u00f3 i postproducci\u00f3 de projectes entre \u00c0sia i Europa, i posar en contacte mercats de tots dos continents, no ha deixat de ser not\u00edcia tant pels assoliments aconseguits en la signatura de convenis en la ind\u00fastria, com el signat entre It\u00e0lia i el Jap\u00f3 per a la coproducci\u00f3, com per la visita de la delegaci\u00f3 oficial de productors, distribu\u00efdors i cineastes d&#8217;Indon\u00e8sia que en aquesta edici\u00f3 han tingut una pres\u00e8ncia prometedora, at\u00e8s el desenvolupament que aquest cinema estigui tenint en aquest pa\u00eds.<\/span><span data-ccp-props=\"{&quot;335551550&quot;:1,&quot;335551620&quot;:1}\">\u00a0<\/span><\/p>\n<div id=\"attachment_49347\" style=\"width: 388px\" class=\"wp-caption alignright\"><img loading=\"lazy\" decoding=\"async\" aria-describedby=\"caption-attachment-49347\" class=\"wp-image-49347\" src=\"https:\/\/asianfilmfestival.barcelona\/2023\/wp-content\/uploads\/2024\/05\/CITIZEN-OF-A-KIND-1-300x196.jpg\" alt=\"\" width=\"378\" height=\"247\" srcset=\"https:\/\/asianfilmfestival.barcelona\/2023\/wp-content\/uploads\/2024\/05\/CITIZEN-OF-A-KIND-1-300x196.jpg 300w, https:\/\/asianfilmfestival.barcelona\/2023\/wp-content\/uploads\/2024\/05\/CITIZEN-OF-A-KIND-1-1030x672.jpg 1030w, https:\/\/asianfilmfestival.barcelona\/2023\/wp-content\/uploads\/2024\/05\/CITIZEN-OF-A-KIND-1-768x501.jpg 768w, https:\/\/asianfilmfestival.barcelona\/2023\/wp-content\/uploads\/2024\/05\/CITIZEN-OF-A-KIND-1-1536x1003.jpg 1536w, https:\/\/asianfilmfestival.barcelona\/2023\/wp-content\/uploads\/2024\/05\/CITIZEN-OF-A-KIND-1-2048x1337.jpg 2048w, https:\/\/asianfilmfestival.barcelona\/2023\/wp-content\/uploads\/2024\/05\/CITIZEN-OF-A-KIND-1-1500x979.jpg 1500w, https:\/\/asianfilmfestival.barcelona\/2023\/wp-content\/uploads\/2024\/05\/CITIZEN-OF-A-KIND-1-705x460.jpg 705w\" sizes=\"auto, (max-width: 378px) 100vw, 378px\" \/><p id=\"caption-attachment-49347\" class=\"wp-caption-text\">Citizen of a Kind (2024)<\/p><\/div>\n<p><span data-contrast=\"auto\">El balan\u00e7 del festival posa en relaci\u00f3 el nombre de t\u00edtols projectats, el n\u00famero per pa\u00eds, els que competeixen en les diferents seccions i aquells que <\/span>formen part dels homenatges als directors d&#8217;una traject\u00f2ria reconeguda juntament amb els t\u00edtols restaurats, a mode de recuperaci\u00f3 de les seves principals aportacions respectives. La hist\u00f2ria del cinema es construeix di\u00e0riament amb les noves produccions que disseccionen el m\u00f3n actual o que imaginen un m\u00f3n o un futur anticipant-se al que vindr\u00e0 o pot oc\u00f3rrer. Per\u00f2, en qualsevol cas, els antecedents s\u00f3n imprescindibles per a valorar el realitzat i innovar constantment per a arribar m\u00e9s lluny que els que ens precedeixen. El FEFF t\u00e9 en compte els innombrables aspectes i factors que intervenen a l&#8217;hora de presentar el que s&#8217;est\u00e0 fent al cinema ampliant una cartografia que se cenyeix al que continuem dient el lluny\u00e0 Orient. Una \u00e0mplia geografia que enguany ha abastat la producci\u00f3 cinematogr\u00e0fica de nou pa\u00efsos, a competici\u00f3, i la d&#8217;altres tres an\u00e9s de competici\u00f3. Entre els primers es troben aquells amb la major ind\u00fastria cinematogr\u00e0fica d&#8217;un mapa desigual i amb grans difer\u00e8ncies entre alguns dels seus integrants.<\/p>\n<p><span data-contrast=\"auto\">M\u00e9s enll\u00e0 dels g\u00e8neres representats, el nombre de produccions per pa\u00eds \u00e9s important, per\u00f2 encara m\u00e9s l&#8217;excel\u00b7l\u00e8ncia d&#8217;alguns t\u00edtols que s&#8217;han introdu\u00eft en la programaci\u00f3. Puix que a aquells agrupats en les seccions a competici\u00f3, la Xina ha comptat amb vuit t\u00edtols; Hong Kong, nou; el Jap\u00f3, deu; Indon\u00e8sia, tres; Mal\u00e0isia, un; Filipines, tres, Corea del sud, onze; Taiwan, quatre; i Tail\u00e0ndia, un. Els n\u00fameros, com s&#8217;ha dit abans, compten sempre, i en aquest cas particular fan evident el predomini d&#8217;alguns pa\u00efsos la producci\u00f3 dels quals no sols aconsegueix unes xifres rellevants sin\u00f3 tamb\u00e9 altres particularitats que s&#8217;atribueixen al com es narren algunes hist\u00f2ries. Vietnam i Cambodja, per citar un exemple, no es compten en aquesta ocasi\u00f3 entre els pa\u00efsos amb pel\u00b7l\u00edcules que competeixen en alguna de les seccions, per\u00f2 no obstant aix\u00f2 Indon\u00e8sia recupera posicions tamb\u00e9 en la secci\u00f3 dedicada a les Retrospectives i Hong Kong s&#8217;imposa amb els nou t\u00edtols produ\u00efts entre 2023 i 2024. D&#8217;altra banda, Corea es promociona amb t\u00edtols que ressonen i una cinematografia forta des de fa temps, que rivalitza amb la producci\u00f3 dels seus ve\u00efns m\u00e9s potents, la Xina i el Jap\u00f3, que es mantenen a la mateixa altura amb algunes novetats interessants, on es perceben canvis en el com es conten les hist\u00f2ries i quines hist\u00f2ries es conten.<\/span><span data-ccp-props=\"{&quot;335551550&quot;:1,&quot;335551620&quot;:1}\">\u00a0<\/span><\/p>\n<div id=\"attachment_49350\" style=\"width: 388px\" class=\"wp-caption alignleft\"><img loading=\"lazy\" decoding=\"async\" aria-describedby=\"caption-attachment-49350\" class=\"wp-image-49350\" src=\"https:\/\/asianfilmfestival.barcelona\/2023\/wp-content\/uploads\/2024\/05\/TIME-STILL-TURNS-THE-PAGES-1-300x214.jpg\" alt=\"\" width=\"378\" height=\"270\" srcset=\"https:\/\/asianfilmfestival.barcelona\/2023\/wp-content\/uploads\/2024\/05\/TIME-STILL-TURNS-THE-PAGES-1-300x214.jpg 300w, https:\/\/asianfilmfestival.barcelona\/2023\/wp-content\/uploads\/2024\/05\/TIME-STILL-TURNS-THE-PAGES-1-1030x736.jpg 1030w, https:\/\/asianfilmfestival.barcelona\/2023\/wp-content\/uploads\/2024\/05\/TIME-STILL-TURNS-THE-PAGES-1-768x549.jpg 768w, https:\/\/asianfilmfestival.barcelona\/2023\/wp-content\/uploads\/2024\/05\/TIME-STILL-TURNS-THE-PAGES-1-1536x1097.jpg 1536w, https:\/\/asianfilmfestival.barcelona\/2023\/wp-content\/uploads\/2024\/05\/TIME-STILL-TURNS-THE-PAGES-1-2048x1463.jpg 2048w, https:\/\/asianfilmfestival.barcelona\/2023\/wp-content\/uploads\/2024\/05\/TIME-STILL-TURNS-THE-PAGES-1-1500x1071.jpg 1500w, https:\/\/asianfilmfestival.barcelona\/2023\/wp-content\/uploads\/2024\/05\/TIME-STILL-TURNS-THE-PAGES-1-260x185.jpg 260w, https:\/\/asianfilmfestival.barcelona\/2023\/wp-content\/uploads\/2024\/05\/TIME-STILL-TURNS-THE-PAGES-1-705x504.jpg 705w\" sizes=\"auto, (max-width: 378px) 100vw, 378px\" \/><p id=\"caption-attachment-49350\" class=\"wp-caption-text\">Time Still Turns the Pages (2023)<\/p><\/div>\n<p><span data-contrast=\"auto\">La immersi\u00f3 di\u00e0ria al cinema asi\u00e0tic ha estat total del 24 d&#8217;abril al dos de maig, gr\u00e0cies a una programaci\u00f3 del cinema que s&#8217;est\u00e0 fent en aquesta regi\u00f3 del m\u00f3n, tant en el Teatro Nuovo amb una cabuda per a m\u00e9s de mil espectadors com en el Visionari. Els seguidors d&#8217;aquest festival semblen mostrar d&#8217;altra banda un gran inter\u00e8s pel cinema asi\u00e0tic i un coneixement dels seus principals autors i realitzadors. En general, totes les sessions compten amb un p\u00fablic fidel, nacional i internacional, que acudeix a aquesta cita anualment amb la intenci\u00f3 no sols de con\u00e8ixer les noves produccions que es projecten com premieres mundials o europees, sin\u00f3 d&#8217;assistir a les diferents trobades que tenen lloc en panells, converses i homenatges, en els quals s&#8217;ofereix una visi\u00f3 \u00e0mplia i contundent del cinema que es fa i dels seus antecedents. Durant els nou dies en qu\u00e8 transcorre aquest esdeveniment, la ciutat es converteix en una plataforma inigualable per al cinema asi\u00e0tic del lluny\u00e0 Orient i en una oportunitat per a directors joves i no tan joves que poden aix\u00ed contactar amb distribu\u00efdors, mercat i p\u00fablics. El festival acull a directors, a actors i actrius, premsa vinguda de tot el m\u00f3n, i als agents d&#8217;un mercat que cada vegada t\u00e9 major pres\u00e8ncia a Europa. Sembla clar que el cinema asi\u00e0tic no sols ha guanyat mercat a \u00c0sia i fora d&#8217;\u00c0sia, sin\u00f3 que les seves aportacions s\u00f3n cada vegada m\u00e9s radicals pel que fa als nous paradigmes relacionats amb les maneres de narrar i les hist\u00f2ries que es narren.<\/span><span data-ccp-props=\"{&quot;335551550&quot;:1,&quot;335551620&quot;:1}\">\u00a0<\/span><\/p>\n<p><span data-contrast=\"auto\">Han estat cinquanta els t\u00edtols a competici\u00f3 seleccionats entre les produccions m\u00e9s recents realitzades entre 2023 i 2024, als quals se sumen, fora de competici\u00f3, els cl\u00e0ssics i no tan cl\u00e0ssics restaurats (<\/span><i><span data-contrast=\"auto\">Celebrating 50 years of Korean Film<\/span><\/i><span data-contrast=\"auto\">) i aquells que formen part dels homenatges (Zhang Yimou, Lee Hsing , Myung-es, Somai Shinji i Suo Masayuki), fins a arribar a les 79 projeccions \u00faniques, no existint la possibilitat de la seva repetici\u00f3 per falta de temps i a causa de les nombroses activitats te\u00f2riques i pr\u00e0ctiques que coexisteixen en aquest model de festival. La recuperaci\u00f3 d&#8217;alguns t\u00edtols dels cineastes esmentats unida a la programaci\u00f3 dels t\u00edtols a competici\u00f3 \u00e9s una pr\u00e0ctica habitual en el FEFF, que contribueix a tenir en compte la vinculaci\u00f3 entre el cinema que es fa avui i els seus antecedents. Tamb\u00e9 cal assenyalar en aquest sentit que el cinema indonesi ha estat objecte d&#8217;atenci\u00f3 per als programadors, que han tractat de cridar l&#8217;atenci\u00f3 sobre alguns t\u00edtols representatius dels canvis de tend\u00e8ncia en un cinema que aspira a incorporar-se al mercat internacional i a estimular una ind\u00fastria creixent que ha vist augmentar localment el nombre d&#8217;espectadors en els \u00faltims tres anys.<\/span><span data-ccp-props=\"{&quot;335551550&quot;:1,&quot;335551620&quot;:1}\">\u00a0<\/span><\/p>\n<p><span data-contrast=\"auto\">Les tend\u00e8ncies que es fan visibles en les produccions m\u00e9s recents, d&#8217;enguany i de l&#8217;anterior, no s\u00f3n exactament an\u00e0logues ni tal vegada \u00e9s possible establir una o diverses l\u00ednies en les quals convergeixen models narratius m\u00e9s enll\u00e0 de la que existeix entre t\u00edtols d&#8217;un mateix g\u00e8nere. \u00c9s inevitable assenyalar les prefer\u00e8ncies personals entre aquells t\u00edtols que s&#8217;identifiquen amb el g\u00e8nere dram\u00e0tic i que responen a la cita del festival, <\/span><i><span data-contrast=\"auto\">Nuevos Narradores, Nuevas Narrativas<\/span><\/i><span data-contrast=\"auto\">, reunint els seus protagonistes. A continuaci\u00f3, nomeno els t\u00edtols que considero m\u00e9s rellevants per la seva acceptaci\u00f3, com CITIZEN OF A KIND (2024), Mulberry Award al Millor Gui\u00f3, de la cineasta coreana Park Young-dj., que acaba de complir 30 anys i \u00e9s el seu segon llargmetratge, despr\u00e9s de <\/span><i><span data-contrast=\"auto\">Second Life<\/span><\/i><span data-contrast=\"auto\"> (2018); YOLO, <\/span><i><span data-contrast=\"auto\">You only live once<\/span><\/i><span data-contrast=\"auto\"> (2024), del director xin\u00e8s Jin Ling; TROUBLE GIRL (2023), del cineasta taiwan\u00e8s Chin Chia-hua; CONFETTI (2024) primer llargmetratge de la japonesa Naoya Fujita, segon Mulberry Audience Award; TIME STILL TURNS THE PAGES (2023), tercer Mulberry Audience Award, del director d&#8217;Hong Kong Nick Cheik, abans premi al millor director dels Asian Film Awards i de l&#8217;Hong Kong Film Awards; RANSOMED (2023) del director core\u00e0 Kim Seong -hun; TRENDING TOPIC (2023), del director xin\u00e8s Xin Yukun; i A NORMAL FAMILY (2023), del director core\u00e0 Hur Jin-ho. No s\u00f3n les \u00faniques pel\u00b7l\u00edcules que cal nomenar, per\u00f2 si les que considero m\u00e9s afins a les meves prefer\u00e8ncies puix que a les narratives de les quals deriven i a l&#8217;est\u00e8tica compositiva. S\u00f3n pel\u00b7l\u00edcules amb guions bons i estructura forta- El que narren ens acosta als seus protagonistes i deriva les fronteres f\u00edsiques i culturals que ens separen. Cadasc\u00fa al seu mode i per un motiu diferent, per\u00f2 ens afecten per un igual els drames de la vida privada com els que tenen a veure amb la hist\u00f2ria d&#8217;un pa\u00eds, com \u00e9s el cas que narra 12.12 THE DAY (2023), del director core\u00e0 Kim Sumg-s\u00f3n. El relat de fets tan transcendents com el cop d&#8217;estat del 12 de desembre de 1979 per un grup militar al comandament del general Chun Doo-hwan, despr\u00e9s de l&#8217;assassinat el 26 d&#8217;octubre del president Park Chung-hee, que va posar fi a la dictadura Yussin (1972-1979), \u00e9s magistral pel mode en qu\u00e8 s&#8217;aborda com es gesta una dictadura.<\/span><span data-ccp-props=\"{&quot;335551550&quot;:1,&quot;335551620&quot;:1}\">\u00a0<\/span><\/p>\n<div id=\"attachment_49353\" style=\"width: 388px\" class=\"wp-caption alignright\"><img loading=\"lazy\" decoding=\"async\" aria-describedby=\"caption-attachment-49353\" class=\"wp-image-49353\" src=\"https:\/\/asianfilmfestival.barcelona\/2023\/wp-content\/uploads\/2024\/05\/TRENDING-TOPIC-2-300x200.jpg\" alt=\"\" width=\"378\" height=\"252\" srcset=\"https:\/\/asianfilmfestival.barcelona\/2023\/wp-content\/uploads\/2024\/05\/TRENDING-TOPIC-2-300x200.jpg 300w, https:\/\/asianfilmfestival.barcelona\/2023\/wp-content\/uploads\/2024\/05\/TRENDING-TOPIC-2-1030x687.jpg 1030w, https:\/\/asianfilmfestival.barcelona\/2023\/wp-content\/uploads\/2024\/05\/TRENDING-TOPIC-2-768x512.jpg 768w, https:\/\/asianfilmfestival.barcelona\/2023\/wp-content\/uploads\/2024\/05\/TRENDING-TOPIC-2-1536x1025.jpg 1536w, https:\/\/asianfilmfestival.barcelona\/2023\/wp-content\/uploads\/2024\/05\/TRENDING-TOPIC-2-2048x1366.jpg 2048w, https:\/\/asianfilmfestival.barcelona\/2023\/wp-content\/uploads\/2024\/05\/TRENDING-TOPIC-2-1500x1001.jpg 1500w, https:\/\/asianfilmfestival.barcelona\/2023\/wp-content\/uploads\/2024\/05\/TRENDING-TOPIC-2-705x470.jpg 705w\" sizes=\"auto, (max-width: 378px) 100vw, 378px\" \/><p id=\"caption-attachment-49353\" class=\"wp-caption-text\">Trending Topic (2023)<\/p><\/div>\n<p><span data-contrast=\"auto\">Hist\u00f2ria d&#8217;un pa\u00eds i hist\u00f2ria de tots, que se&#8217;ns convida a explorar per a veure com es pot gestar un cop militar i les conseq\u00fc\u00e8ncies immediates d&#8217;una acci\u00f3 com la que es duu a terme establint un sistema de poder totalitari amb la dictadura que va succeir a la insurrecci\u00f3 d&#8217;una part de l&#8217;ex\u00e8rcit sud-core\u00e0. Els fets han estat objecte al llarg dels anys de diversos relats cinematogr\u00e0fics com a <\/span><i><span data-contrast=\"auto\">Seguretat Nacional<\/span><\/i><span data-contrast=\"auto\"> (2012) de Chin Ji-young, sobre la detenci\u00f3 en 1985 de Kim Geung-tee, a qui es va torturar 22 dies seguits obligant-lo a confessar crims que no havia com\u00e8s. O com tamb\u00e9 <\/span><i><span data-contrast=\"auto\">A Taxi Driver<\/span><\/i><span data-contrast=\"auto\"> (2017) de Jang Hon, una pel\u00b7l\u00edcula que narra la massacre de centenars de ciutadans en Gwangju, amb motiu de l&#8217;al\u00e7ament popular de maig de 1980 contra la dictadura militar de Chun Doo-hwan. Els dos \u00fanics testimonis dels fets van ser un corresponsal alemany a T\u00f2quio i un taxista, al qual el primer va contractar perqu\u00e8 li port\u00e9s fins al lloc dels fets i a continuaci\u00f3 poder informar sobre el que estava succeint. 12.12 DAY al seu torn ressuscita magistralment el caos que aprofita l&#8217;ex\u00e8rcit sud-core\u00e0 per a donar el cop d&#8217;estat que acaba amb les aspiracions d&#8217;una altra part de l&#8217;ex\u00e8rcit i de la societat civil, a favor d&#8217;un canvi pol\u00edtic i l&#8217;arribada de la democr\u00e0cia al pa\u00eds. La reivindicaci\u00f3 de la hist\u00f2ria per a evitar conflictes que es repeteixen una vegada i una altra \u00e9s una de les claus d&#8217;aquesta pel\u00b7l\u00edcula i d&#8217;aquelles que s&#8217;esmenten per aportar un testimoniatge an\u00e0leg.<\/span><span data-ccp-props=\"{&quot;335551550&quot;:1,&quot;335551620&quot;:1}\">\u00a0<\/span><\/p>\n<div id=\"attachment_49356\" style=\"width: 388px\" class=\"wp-caption alignleft\"><img loading=\"lazy\" decoding=\"async\" aria-describedby=\"caption-attachment-49356\" class=\"wp-image-49356\" src=\"https:\/\/asianfilmfestival.barcelona\/2023\/wp-content\/uploads\/2024\/05\/TROUBLE-GIRL-3-300x200.jpg\" alt=\"\" width=\"378\" height=\"252\" srcset=\"https:\/\/asianfilmfestival.barcelona\/2023\/wp-content\/uploads\/2024\/05\/TROUBLE-GIRL-3-300x200.jpg 300w, https:\/\/asianfilmfestival.barcelona\/2023\/wp-content\/uploads\/2024\/05\/TROUBLE-GIRL-3-1030x687.jpg 1030w, https:\/\/asianfilmfestival.barcelona\/2023\/wp-content\/uploads\/2024\/05\/TROUBLE-GIRL-3-768x512.jpg 768w, https:\/\/asianfilmfestival.barcelona\/2023\/wp-content\/uploads\/2024\/05\/TROUBLE-GIRL-3-1536x1024.jpg 1536w, https:\/\/asianfilmfestival.barcelona\/2023\/wp-content\/uploads\/2024\/05\/TROUBLE-GIRL-3-2048x1366.jpg 2048w, https:\/\/asianfilmfestival.barcelona\/2023\/wp-content\/uploads\/2024\/05\/TROUBLE-GIRL-3-1500x1000.jpg 1500w, https:\/\/asianfilmfestival.barcelona\/2023\/wp-content\/uploads\/2024\/05\/TROUBLE-GIRL-3-705x470.jpg 705w\" sizes=\"auto, (max-width: 378px) 100vw, 378px\" \/><p id=\"caption-attachment-49356\" class=\"wp-caption-text\">Trouble Girl (2023)<\/p><\/div>\n<p><span data-contrast=\"auto\">Entre els t\u00edtols esmentats en primer lloc, les similituds s\u00f3n escasses respecte als continguts narrats, per\u00f2 cadascuna a la seva manera ens afecten molt personalment pels temes que tracten. <\/span><i><span data-contrast=\"auto\">Citizen of a Kind<\/span><\/i><span data-contrast=\"auto\">, perqu\u00e8 la protagonista \u00e9s objecte d&#8217;una estafa, per la qual perd tots els seus estalvis, una cosa molt comuna en el m\u00f3n actual, i se&#8217;ns ensenya el col\u00b7lectiu i tipus d&#8217;organitzaci\u00f3 que estan darrere de crims que d&#8217;ordinari s&#8217;operen impunement. <\/span><i><span data-contrast=\"auto\">Time still turns The Pages<\/span><\/i><span data-contrast=\"auto\">, perqu\u00e8 mostra l&#8217;assetjament d&#8217;un pare autoritari i la vida d&#8217;una esposa v\u00edctima dels maltractaments del genitor per a dos germans, un dels quals acaba creient que la seva vida no t\u00e9 sortida i que el millor \u00e9s su\u00efcidar-se. <\/span><i><span data-contrast=\"auto\">Trouble Girl<\/span><\/i><span data-contrast=\"auto\">, al seu torn, planteja un altre drama psicol\u00f2gic, a prop\u00f2sit d&#8217;una adolescent, v\u00edctima del divorci dels seus genitores i d&#8217;un conflicte familiar davant el qual decideix no rendir-se. <\/span><i><span data-contrast=\"auto\">Trending Topic<\/span><\/i><span data-contrast=\"auto\">, per mostrar fins a quin punt les xarxes socials poden revelar fets que cap altre mitj\u00e0 de comunicaci\u00f3 pot posar en evid\u00e8ncia, i fins a quin punt tamb\u00e9 poden convertir-se en instruments de pressi\u00f3 per a la desinformaci\u00f3 i l&#8217;engany dels seus destinataris o de l&#8217;opini\u00f3 p\u00fablica en general mitjan\u00e7ant l&#8217;acusaci\u00f3 i ocultaci\u00f3 de la veritat. <\/span><i><span data-contrast=\"auto\">A Normal Family<\/span><\/i><span data-contrast=\"auto\"> \u00e9s tot menys una fam\u00edlia normal, en la qual els seus protagonistes, fills de dos germans, un advocat i un metge, acaben cometent un crim sense pensar-lo, per\u00f2 la irresponsabilitat afecta del qual als respectius genitores, fins al punt que el conflicte despr\u00e9s d&#8217;un doble gir dels esdeveniments acaba en el tr\u00e0gic desenlla\u00e7 que ning\u00fa espera.<\/span><span data-ccp-props=\"{&quot;335551550&quot;:1,&quot;335551620&quot;:1}\">\u00a0<\/span><\/p>\n<p><span data-contrast=\"auto\">No es poden deixar de citar altres t\u00edtols tamb\u00e9 potents com DUST TO DUST (2023), del hongkon\u00e9s Jonathan Li, 13 BOMBS (2023), de l&#8217;indonesi Amgga Dwman Sasongko; VOICE (2024) de la directora japonesa Mishima Yukiko; THE LYRICIST WANNABE (2023) de la directora Norris Wong d&#8217;Hong Kong; GOLDFINGER (2023) del director Felix Chong tamb\u00e9 d&#8217;Hong Kong, o MOTION PICTURE CHOICE (2023), del japon\u00e8s Nagao Gem. Aquesta \u00faltima, una pel\u00b7l\u00edcula que recupera el cinema mut i experimenta amb la imatge en moviment, renunciant a l&#8217;\u00fas de la paraula i retornant a actors i actrius el poder de la gestualitat i de l&#8217;expressi\u00f3 par\u00f2dica per a comunicar el que es vol transmetre. Un exercici interessant i \u00fanic, que posa a prova per un igual a actors i espectadors. \u00d2bviament, no es tracta de fer aqu\u00ed un inventari complet dels t\u00edtols que s&#8217;han projectat, ni de nomenar a tots els que han acudit a presentar les seves pel\u00b7l\u00edcules en aquest festival, per\u00f2 aquells que se citen formen part de les prefer\u00e8ncies de qui pot dir-se que una majoria important ho ha fet amb part dels seus equips respectius. L&#8217;acc\u00e9s als protagonistes reals que estan darrere de les pel\u00b7l\u00edcules que es projecten requereix un esfor\u00e7 que nom\u00e9s els festivals m\u00e9s consolidats es poden permetre. Udine \u00e9s una cita anual ineludible per al cinema asi\u00e0tic, com ho \u00e9s per als seus autors, els seus agents, la premsa, per\u00f2 sobretot tamb\u00e9 per a la ind\u00fastria en general. Converses, panells, presentacions i trobades contribueixen tamb\u00e9 al fet que sigui \u00fanic en el seu g\u00e8nere, fent accessible aquest <\/span><i><span data-contrast=\"auto\">backstage<\/span><\/i><span data-contrast=\"auto\"> on el cinema es mou i es tramen acords per a la producci\u00f3 i la distribuci\u00f3.<\/span><\/p>\n<div id=\"attachment_49359\" style=\"width: 388px\" class=\"wp-caption alignright\"><img loading=\"lazy\" decoding=\"async\" aria-describedby=\"caption-attachment-49359\" class=\"wp-image-49359\" src=\"https:\/\/asianfilmfestival.barcelona\/2023\/wp-content\/uploads\/2024\/05\/RANSOMED-2-300x200.jpg\" alt=\"\" width=\"378\" height=\"252\" srcset=\"https:\/\/asianfilmfestival.barcelona\/2023\/wp-content\/uploads\/2024\/05\/RANSOMED-2-300x200.jpg 300w, https:\/\/asianfilmfestival.barcelona\/2023\/wp-content\/uploads\/2024\/05\/RANSOMED-2-1030x686.jpg 1030w, https:\/\/asianfilmfestival.barcelona\/2023\/wp-content\/uploads\/2024\/05\/RANSOMED-2-768x512.jpg 768w, https:\/\/asianfilmfestival.barcelona\/2023\/wp-content\/uploads\/2024\/05\/RANSOMED-2-1536x1023.jpg 1536w, https:\/\/asianfilmfestival.barcelona\/2023\/wp-content\/uploads\/2024\/05\/RANSOMED-2-1500x999.jpg 1500w, https:\/\/asianfilmfestival.barcelona\/2023\/wp-content\/uploads\/2024\/05\/RANSOMED-2-705x470.jpg 705w, https:\/\/asianfilmfestival.barcelona\/2023\/wp-content\/uploads\/2024\/05\/RANSOMED-2.jpg 1836w\" sizes=\"auto, (max-width: 378px) 100vw, 378px\" \/><p id=\"caption-attachment-49359\" class=\"wp-caption-text\">Ransomed (2023)<\/p><\/div>\n<p><span data-contrast=\"auto\">Zhang Yimou , dues vegades Palma d&#8217;Or en el Festival de Cannes , Os d&#8217;or en la Berlinale i tres nominacions a l&#8217;Oscar ha clausurat aquesta edici\u00f3 amb una m\u00e0ster class, i la projecci\u00f3 de tres pel\u00b7l\u00edcules seves representatives dels inicis d&#8217;una traject\u00f2ria que ho situen al cap de la Cinquena generaci\u00f3 del cinema xin\u00e8s i de la seva pres\u00e8ncia al cinema actual, on no ha deixat de fer sentir la seva influ\u00e8ncia en les generacions posteriors a ell. Aquests t\u00edtols s\u00f3n RAISE THE XARXA LANTERN (1991), TO LIVE (1994) i UNDER THE LIGHT (2023), la seva \u00faltima pel\u00b7l\u00edcula i estrena internacional en Udine. L&#8217;homenatge a Zhang Yimou per als fundadors i directors del FEFF, Sabrina Baracetti i Thomas Bertacche, era un deute contret amb un cineasta que va ser una aut\u00e8ntica revelaci\u00f3 per a Occident i per al cinema xin\u00e8s, cridant la nostra atenci\u00f3 no sols sobre una generaci\u00f3 de cineastes sin\u00f3 sobre una ind\u00fastria que despertava de la seva letargia. El <\/span><b><span data-contrast=\"auto\">Golden Mulberry Lifetime Achievement Award<\/span><\/b><span data-contrast=\"auto\"> que li ha estat concedit \u00e9s m\u00e9s que un simple homenatge el reconeixement d&#8217;una traject\u00f2ria que transcendeix les hist\u00f2ries particulars per a formar part de la hist\u00f2ria universal en la qual tots podem veure&#8217;ns representats de l&#8217;una o l&#8217;altra forma.<\/span><span data-ccp-props=\"{&quot;335551550&quot;:1,&quot;335551620&quot;:1}\">\u00a0<\/span><\/p>\n<p><span data-ccp-props=\"{&quot;335551550&quot;:1,&quot;335551620&quot;:1}\">\u00a0<\/span><\/p>\n<p><span data-ccp-props=\"{&quot;335551550&quot;:2,&quot;335551620&quot;:2}\">\u00a0<\/span><\/p>\n<p><span data-ccp-props=\"{&quot;335551550&quot;:2,&quot;335551620&quot;:2}\">\u00a0<\/span><\/p>\n<\/div><\/section>\n","protected":false},"excerpt":{"rendered":"","protected":false},"author":8,"featured_media":49343,"comment_status":"closed","ping_status":"open","sticky":false,"template":"","format":"standard","meta":{"_acf_changed":false,"footnotes":""},"categories":[33],"tags":[],"class_list":["post-49365","post","type-post","status-publish","format-standard","has-post-thumbnail","hentry","category-noticies"],"acf":[],"yoast_head":"<!-- This site is optimized with the Yoast SEO plugin v27.4 - https:\/\/yoast.com\/product\/yoast-seo-wordpress\/ -->\n<title>FAR EAST FESTIVAL 2024 - Asian Film Festival Barcelona<\/title>\n<meta name=\"robots\" content=\"noindex, follow, max-snippet:-1, max-image-preview:large, max-video-preview:-1\" \/>\n<meta property=\"og:locale\" content=\"ca_ES\" \/>\n<meta property=\"og:type\" content=\"article\" \/>\n<meta property=\"og:title\" content=\"FAR EAST FESTIVAL 2024 - Asian Film Festival Barcelona\" \/>\n<meta property=\"og:url\" content=\"https:\/\/asianfilmfestival.barcelona\/2023\/ca\/far-east-festival-2024\/\" \/>\n<meta property=\"og:site_name\" content=\"Asian Film Festival Barcelona\" \/>\n<meta property=\"article:published_time\" content=\"2024-05-15T10:25:42+00:00\" \/>\n<meta property=\"og:image\" content=\"https:\/\/asianfilmfestival.barcelona\/2023\/wp-content\/uploads\/2024\/05\/FEFF-26-poster.jpg\" \/>\n\t<meta property=\"og:image:width\" content=\"1080\" \/>\n\t<meta property=\"og:image:height\" content=\"1350\" \/>\n\t<meta property=\"og:image:type\" content=\"image\/jpeg\" \/>\n<meta name=\"author\" content=\"Asian Film Festival Barcelona\" \/>\n<meta name=\"twitter:card\" content=\"summary_large_image\" \/>\n<meta name=\"twitter:label1\" content=\"Escrit per\" \/>\n\t<meta name=\"twitter:data1\" content=\"Asian Film Festival Barcelona\" \/>\n\t<meta name=\"twitter:label2\" content=\"Temps estimat de lectura\" \/>\n\t<meta name=\"twitter:data2\" content=\"1 minut\" \/>\n<script type=\"application\/ld+json\" class=\"yoast-schema-graph\">{\"@context\":\"https:\\\/\\\/schema.org\",\"@graph\":[{\"@type\":\"Article\",\"@id\":\"https:\\\/\\\/asianfilmfestival.barcelona\\\/2023\\\/ca\\\/far-east-festival-2024\\\/#article\",\"isPartOf\":{\"@id\":\"https:\\\/\\\/asianfilmfestival.barcelona\\\/2023\\\/ca\\\/far-east-festival-2024\\\/\"},\"author\":{\"name\":\"Asian Film Festival Barcelona\",\"@id\":\"https:\\\/\\\/asianfilmfestival.barcelona\\\/2023\\\/ca\\\/#\\\/schema\\\/person\\\/86a1f3b7a536690d6c2c6d700ad93adb\"},\"headline\":\"FAR EAST FESTIVAL 2024\",\"datePublished\":\"2024-05-15T10:25:42+00:00\",\"mainEntityOfPage\":{\"@id\":\"https:\\\/\\\/asianfilmfestival.barcelona\\\/2023\\\/ca\\\/far-east-festival-2024\\\/\"},\"wordCount\":2968,\"image\":{\"@id\":\"https:\\\/\\\/asianfilmfestival.barcelona\\\/2023\\\/ca\\\/far-east-festival-2024\\\/#primaryimage\"},\"thumbnailUrl\":\"https:\\\/\\\/asianfilmfestival.barcelona\\\/2023\\\/wp-content\\\/uploads\\\/2024\\\/05\\\/FEFF-26-poster.jpg\",\"articleSection\":[\"Not\u00edcies\"],\"inLanguage\":\"ca\"},{\"@type\":\"WebPage\",\"@id\":\"https:\\\/\\\/asianfilmfestival.barcelona\\\/2023\\\/ca\\\/far-east-festival-2024\\\/\",\"url\":\"https:\\\/\\\/asianfilmfestival.barcelona\\\/2023\\\/ca\\\/far-east-festival-2024\\\/\",\"name\":\"FAR EAST FESTIVAL 2024 - Asian Film Festival Barcelona\",\"isPartOf\":{\"@id\":\"https:\\\/\\\/asianfilmfestival.barcelona\\\/2023\\\/ca\\\/#website\"},\"primaryImageOfPage\":{\"@id\":\"https:\\\/\\\/asianfilmfestival.barcelona\\\/2023\\\/ca\\\/far-east-festival-2024\\\/#primaryimage\"},\"image\":{\"@id\":\"https:\\\/\\\/asianfilmfestival.barcelona\\\/2023\\\/ca\\\/far-east-festival-2024\\\/#primaryimage\"},\"thumbnailUrl\":\"https:\\\/\\\/asianfilmfestival.barcelona\\\/2023\\\/wp-content\\\/uploads\\\/2024\\\/05\\\/FEFF-26-poster.jpg\",\"datePublished\":\"2024-05-15T10:25:42+00:00\",\"author\":{\"@id\":\"https:\\\/\\\/asianfilmfestival.barcelona\\\/2023\\\/ca\\\/#\\\/schema\\\/person\\\/86a1f3b7a536690d6c2c6d700ad93adb\"},\"breadcrumb\":{\"@id\":\"https:\\\/\\\/asianfilmfestival.barcelona\\\/2023\\\/ca\\\/far-east-festival-2024\\\/#breadcrumb\"},\"inLanguage\":\"ca\",\"potentialAction\":[{\"@type\":\"ReadAction\",\"target\":[\"https:\\\/\\\/asianfilmfestival.barcelona\\\/2023\\\/ca\\\/far-east-festival-2024\\\/\"]}]},{\"@type\":\"ImageObject\",\"inLanguage\":\"ca\",\"@id\":\"https:\\\/\\\/asianfilmfestival.barcelona\\\/2023\\\/ca\\\/far-east-festival-2024\\\/#primaryimage\",\"url\":\"https:\\\/\\\/asianfilmfestival.barcelona\\\/2023\\\/wp-content\\\/uploads\\\/2024\\\/05\\\/FEFF-26-poster.jpg\",\"contentUrl\":\"https:\\\/\\\/asianfilmfestival.barcelona\\\/2023\\\/wp-content\\\/uploads\\\/2024\\\/05\\\/FEFF-26-poster.jpg\",\"width\":1080,\"height\":1350},{\"@type\":\"BreadcrumbList\",\"@id\":\"https:\\\/\\\/asianfilmfestival.barcelona\\\/2023\\\/ca\\\/far-east-festival-2024\\\/#breadcrumb\",\"itemListElement\":[{\"@type\":\"ListItem\",\"position\":1,\"name\":\"Home\",\"item\":\"https:\\\/\\\/asianfilmfestival.barcelona\\\/2023\\\/ca\\\/benvinguda-asian-film-festival-barcelona-2023\\\/\"},{\"@type\":\"ListItem\",\"position\":2,\"name\":\"FAR EAST FESTIVAL 2024\"}]},{\"@type\":\"WebSite\",\"@id\":\"https:\\\/\\\/asianfilmfestival.barcelona\\\/2023\\\/ca\\\/#website\",\"url\":\"https:\\\/\\\/asianfilmfestival.barcelona\\\/2023\\\/ca\\\/\",\"name\":\"Asian Film Festival Barcelona\",\"description\":\"2023\",\"potentialAction\":[{\"@type\":\"SearchAction\",\"target\":{\"@type\":\"EntryPoint\",\"urlTemplate\":\"https:\\\/\\\/asianfilmfestival.barcelona\\\/2023\\\/ca\\\/?s={search_term_string}\"},\"query-input\":{\"@type\":\"PropertyValueSpecification\",\"valueRequired\":true,\"valueName\":\"search_term_string\"}}],\"inLanguage\":\"ca\"},{\"@type\":\"Person\",\"@id\":\"https:\\\/\\\/asianfilmfestival.barcelona\\\/2023\\\/ca\\\/#\\\/schema\\\/person\\\/86a1f3b7a536690d6c2c6d700ad93adb\",\"name\":\"Asian Film Festival Barcelona\",\"image\":{\"@type\":\"ImageObject\",\"inLanguage\":\"ca\",\"@id\":\"https:\\\/\\\/secure.gravatar.com\\\/avatar\\\/2b70c89a32ff7923752020dbdcd7d17202d996fa13bbe4424cdbf22a297f3777?s=96&d=mm&r=g\",\"url\":\"https:\\\/\\\/secure.gravatar.com\\\/avatar\\\/2b70c89a32ff7923752020dbdcd7d17202d996fa13bbe4424cdbf22a297f3777?s=96&d=mm&r=g\",\"contentUrl\":\"https:\\\/\\\/secure.gravatar.com\\\/avatar\\\/2b70c89a32ff7923752020dbdcd7d17202d996fa13bbe4424cdbf22a297f3777?s=96&d=mm&r=g\",\"caption\":\"Asian Film Festival Barcelona\"}}]}<\/script>\n<!-- \/ Yoast SEO plugin. -->","yoast_head_json":{"title":"FAR EAST FESTIVAL 2024 - Asian Film Festival Barcelona","robots":{"index":"noindex","follow":"follow","max-snippet":"max-snippet:-1","max-image-preview":"max-image-preview:large","max-video-preview":"max-video-preview:-1"},"og_locale":"ca_ES","og_type":"article","og_title":"FAR EAST FESTIVAL 2024 - Asian Film Festival Barcelona","og_url":"https:\/\/asianfilmfestival.barcelona\/2023\/ca\/far-east-festival-2024\/","og_site_name":"Asian Film Festival Barcelona","article_published_time":"2024-05-15T10:25:42+00:00","og_image":[{"width":1080,"height":1350,"url":"https:\/\/asianfilmfestival.barcelona\/2023\/wp-content\/uploads\/2024\/05\/FEFF-26-poster.jpg","type":"image\/jpeg"}],"author":"Asian Film Festival Barcelona","twitter_card":"summary_large_image","twitter_misc":{"Escrit per":"Asian Film Festival Barcelona","Temps estimat de lectura":"1 minut"},"schema":{"@context":"https:\/\/schema.org","@graph":[{"@type":"Article","@id":"https:\/\/asianfilmfestival.barcelona\/2023\/ca\/far-east-festival-2024\/#article","isPartOf":{"@id":"https:\/\/asianfilmfestival.barcelona\/2023\/ca\/far-east-festival-2024\/"},"author":{"name":"Asian Film Festival Barcelona","@id":"https:\/\/asianfilmfestival.barcelona\/2023\/ca\/#\/schema\/person\/86a1f3b7a536690d6c2c6d700ad93adb"},"headline":"FAR EAST FESTIVAL 2024","datePublished":"2024-05-15T10:25:42+00:00","mainEntityOfPage":{"@id":"https:\/\/asianfilmfestival.barcelona\/2023\/ca\/far-east-festival-2024\/"},"wordCount":2968,"image":{"@id":"https:\/\/asianfilmfestival.barcelona\/2023\/ca\/far-east-festival-2024\/#primaryimage"},"thumbnailUrl":"https:\/\/asianfilmfestival.barcelona\/2023\/wp-content\/uploads\/2024\/05\/FEFF-26-poster.jpg","articleSection":["Not\u00edcies"],"inLanguage":"ca"},{"@type":"WebPage","@id":"https:\/\/asianfilmfestival.barcelona\/2023\/ca\/far-east-festival-2024\/","url":"https:\/\/asianfilmfestival.barcelona\/2023\/ca\/far-east-festival-2024\/","name":"FAR EAST FESTIVAL 2024 - Asian Film Festival Barcelona","isPartOf":{"@id":"https:\/\/asianfilmfestival.barcelona\/2023\/ca\/#website"},"primaryImageOfPage":{"@id":"https:\/\/asianfilmfestival.barcelona\/2023\/ca\/far-east-festival-2024\/#primaryimage"},"image":{"@id":"https:\/\/asianfilmfestival.barcelona\/2023\/ca\/far-east-festival-2024\/#primaryimage"},"thumbnailUrl":"https:\/\/asianfilmfestival.barcelona\/2023\/wp-content\/uploads\/2024\/05\/FEFF-26-poster.jpg","datePublished":"2024-05-15T10:25:42+00:00","author":{"@id":"https:\/\/asianfilmfestival.barcelona\/2023\/ca\/#\/schema\/person\/86a1f3b7a536690d6c2c6d700ad93adb"},"breadcrumb":{"@id":"https:\/\/asianfilmfestival.barcelona\/2023\/ca\/far-east-festival-2024\/#breadcrumb"},"inLanguage":"ca","potentialAction":[{"@type":"ReadAction","target":["https:\/\/asianfilmfestival.barcelona\/2023\/ca\/far-east-festival-2024\/"]}]},{"@type":"ImageObject","inLanguage":"ca","@id":"https:\/\/asianfilmfestival.barcelona\/2023\/ca\/far-east-festival-2024\/#primaryimage","url":"https:\/\/asianfilmfestival.barcelona\/2023\/wp-content\/uploads\/2024\/05\/FEFF-26-poster.jpg","contentUrl":"https:\/\/asianfilmfestival.barcelona\/2023\/wp-content\/uploads\/2024\/05\/FEFF-26-poster.jpg","width":1080,"height":1350},{"@type":"BreadcrumbList","@id":"https:\/\/asianfilmfestival.barcelona\/2023\/ca\/far-east-festival-2024\/#breadcrumb","itemListElement":[{"@type":"ListItem","position":1,"name":"Home","item":"https:\/\/asianfilmfestival.barcelona\/2023\/ca\/benvinguda-asian-film-festival-barcelona-2023\/"},{"@type":"ListItem","position":2,"name":"FAR EAST FESTIVAL 2024"}]},{"@type":"WebSite","@id":"https:\/\/asianfilmfestival.barcelona\/2023\/ca\/#website","url":"https:\/\/asianfilmfestival.barcelona\/2023\/ca\/","name":"Asian Film Festival Barcelona","description":"2023","potentialAction":[{"@type":"SearchAction","target":{"@type":"EntryPoint","urlTemplate":"https:\/\/asianfilmfestival.barcelona\/2023\/ca\/?s={search_term_string}"},"query-input":{"@type":"PropertyValueSpecification","valueRequired":true,"valueName":"search_term_string"}}],"inLanguage":"ca"},{"@type":"Person","@id":"https:\/\/asianfilmfestival.barcelona\/2023\/ca\/#\/schema\/person\/86a1f3b7a536690d6c2c6d700ad93adb","name":"Asian Film Festival Barcelona","image":{"@type":"ImageObject","inLanguage":"ca","@id":"https:\/\/secure.gravatar.com\/avatar\/2b70c89a32ff7923752020dbdcd7d17202d996fa13bbe4424cdbf22a297f3777?s=96&d=mm&r=g","url":"https:\/\/secure.gravatar.com\/avatar\/2b70c89a32ff7923752020dbdcd7d17202d996fa13bbe4424cdbf22a297f3777?s=96&d=mm&r=g","contentUrl":"https:\/\/secure.gravatar.com\/avatar\/2b70c89a32ff7923752020dbdcd7d17202d996fa13bbe4424cdbf22a297f3777?s=96&d=mm&r=g","caption":"Asian Film Festival Barcelona"}}]}},"_links":{"self":[{"href":"https:\/\/asianfilmfestival.barcelona\/2023\/ca\/wp-json\/wp\/v2\/posts\/49365","targetHints":{"allow":["GET"]}}],"collection":[{"href":"https:\/\/asianfilmfestival.barcelona\/2023\/ca\/wp-json\/wp\/v2\/posts"}],"about":[{"href":"https:\/\/asianfilmfestival.barcelona\/2023\/ca\/wp-json\/wp\/v2\/types\/post"}],"author":[{"embeddable":true,"href":"https:\/\/asianfilmfestival.barcelona\/2023\/ca\/wp-json\/wp\/v2\/users\/8"}],"replies":[{"embeddable":true,"href":"https:\/\/asianfilmfestival.barcelona\/2023\/ca\/wp-json\/wp\/v2\/comments?post=49365"}],"version-history":[{"count":2,"href":"https:\/\/asianfilmfestival.barcelona\/2023\/ca\/wp-json\/wp\/v2\/posts\/49365\/revisions"}],"predecessor-version":[{"id":49367,"href":"https:\/\/asianfilmfestival.barcelona\/2023\/ca\/wp-json\/wp\/v2\/posts\/49365\/revisions\/49367"}],"wp:featuredmedia":[{"embeddable":true,"href":"https:\/\/asianfilmfestival.barcelona\/2023\/ca\/wp-json\/wp\/v2\/media\/49343"}],"wp:attachment":[{"href":"https:\/\/asianfilmfestival.barcelona\/2023\/ca\/wp-json\/wp\/v2\/media?parent=49365"}],"wp:term":[{"taxonomy":"category","embeddable":true,"href":"https:\/\/asianfilmfestival.barcelona\/2023\/ca\/wp-json\/wp\/v2\/categories?post=49365"},{"taxonomy":"post_tag","embeddable":true,"href":"https:\/\/asianfilmfestival.barcelona\/2023\/ca\/wp-json\/wp\/v2\/tags?post=49365"}],"curies":[{"name":"wp","href":"https:\/\/api.w.org\/{rel}","templated":true}]}}