{"id":49293,"date":"2024-04-23T12:06:43","date_gmt":"2024-04-23T10:06:43","guid":{"rendered":"https:\/\/asianfilmfestival.barcelona\/2023\/?p=49293"},"modified":"2024-04-25T10:09:38","modified_gmt":"2024-04-25T08:09:38","slug":"naomi-kawase-2","status":"publish","type":"post","link":"https:\/\/asianfilmfestival.barcelona\/2023\/ca\/naomi-kawase-2\/","title":{"rendered":"NAOMI KAWASE"},"content":{"rendered":"<section  class='av_textblock_section av-lveyqa5p-68d74b80d1c86b2b7776355b5a552c7b '  ><div class='avia_textblock' ><h2><img loading=\"lazy\" decoding=\"async\" class=\"aligncenter wp-image-49228 size-full\" src=\"https:\/\/asianfilmfestival.barcelona\/2023\/wp-content\/uploads\/2024\/04\/2-Nova-Naomi-Kawase.jpg\" alt=\"\" width=\"1706\" height=\"804\" srcset=\"https:\/\/asianfilmfestival.barcelona\/2023\/wp-content\/uploads\/2024\/04\/2-Nova-Naomi-Kawase.jpg 1706w, https:\/\/asianfilmfestival.barcelona\/2023\/wp-content\/uploads\/2024\/04\/2-Nova-Naomi-Kawase-300x141.jpg 300w, https:\/\/asianfilmfestival.barcelona\/2023\/wp-content\/uploads\/2024\/04\/2-Nova-Naomi-Kawase-1030x485.jpg 1030w, https:\/\/asianfilmfestival.barcelona\/2023\/wp-content\/uploads\/2024\/04\/2-Nova-Naomi-Kawase-768x362.jpg 768w, https:\/\/asianfilmfestival.barcelona\/2023\/wp-content\/uploads\/2024\/04\/2-Nova-Naomi-Kawase-1536x724.jpg 1536w, https:\/\/asianfilmfestival.barcelona\/2023\/wp-content\/uploads\/2024\/04\/2-Nova-Naomi-Kawase-1500x707.jpg 1500w, https:\/\/asianfilmfestival.barcelona\/2023\/wp-content\/uploads\/2024\/04\/2-Nova-Naomi-Kawase-705x332.jpg 705w\" sizes=\"auto, (max-width: 1706px) 100vw, 1706px\" \/><\/h2>\n<h2 style=\"text-align: center;\"><span data-contrast=\"auto\">Casa \u00c0sia col\u00b7labora amb la Filmoteca de Catalunya per a la Retrospectiva de NAOMI\u00a0KAWASE. La inauguraci\u00f3 ser\u00e0 el 30 d&#8217;abril, a les\u00a020h\u00a0amb la pel\u00b7l\u00edcula AIG\u00dcES TRANQUIL\u00b7LES i comptar\u00e0 amb la presentaci\u00f3 i col\u00b7loqui de la cineasta,\u00a0Lluis\u00a0Mi\u00f1arro\u00a0i Esteve\u00a0Riambau.<\/span><span data-ccp-props=\"{}\">\u00a0<\/span><\/h2>\n<h2 style=\"text-align: center;\"><span data-ccp-props=\"{}\">\u00a0<\/span><span data-contrast=\"auto\">Naomi\u00a0Kawase\u00a0(Nara, el Jap\u00f3, 1969) va ser adoptada per una parella als quals anomenava \u201cavis\u201d, i mai va con\u00e8ixer als seus pares. Al cinema el va descobrir l&#8217;instrument per a explorar la seva identitat i els seus or\u00edgens, com es despr\u00e8n dels seus primers documentals en s\u00faper-8,\u00a016mm\u00a0o v\u00eddeo, a partir de la incessant cerca dels pares que la van abandonar i de si mateixa. Als 28 anys va rebre la Cambra d&#8217;Or del Festival de Cannes pel seu opera prima\u00a0Suzaku\u00a0(1996). Des de llavors, la seva traject\u00f2ria ha estat una successi\u00f3 d&#8217;\u00e8xits imparable.<\/span><span data-ccp-props=\"{}\">\u00a0<\/span><\/h2>\n<hr \/>\n<p><span data-contrast=\"auto\">PROGRAMA<\/span><span data-ccp-props=\"{}\">\u00a0<\/span><\/p>\n<p><span style=\"color: #ff0000;\">Dimarts 30 d\u2019Abril a les 20.00h (Sala Chom\u00f3n)\u00a0<\/span><\/p>\n<p><b><i><span data-contrast=\"auto\">Aguas Tranquilas (Futatsume no mado) <\/span><\/i><\/b><span data-contrast=\"auto\">| Naomi Kawase | Jap\u00f3, Fran\u00e7a, Catalunya | 2014 | VOSE | 110\u2019<\/span><span data-ccp-props=\"{}\">\u00a0<\/span><\/p>\n<p><span data-contrast=\"auto\">Naomi Kawase viatja a l\u2019illa Amami \u00d4shima \u2013d\u2019on provenen part dels seus avantpassats\u2013 per tal d\u2019expressar la grandesa de la naturalesa mitjan\u00e7ant el relat inici\u00e0tic d\u2019una parella d\u2019adolescents que experimenten per primera vegada l\u2019amor al mateix temps que han d\u2019afrontar la mort de la mare d\u2019un d\u2019ells. El film esdev\u00e9 un compendi dels temes que m\u00e9s interessen a la cineasta, com la comuni\u00f3 entre l\u2019home i la naturalesa i el proc\u00e9s de transmissi\u00f3 entre generacions. Un film de car\u00e0cter espiritual que transcorre en un entorn de puresa i ingenu\u00eftat marcat per les tradicions i les creences ancestrals.<\/span><span data-ccp-props=\"{}\">\u00a0<\/span><\/p>\n<p><b><span data-contrast=\"auto\">Presentaci\u00f3 i col\u00b7loqui posterior a c\u00e0rrec de Naomi Kawase i Llu\u00eds Mi\u00f1arro.<\/span><\/b><span data-ccp-props=\"{}\">\u00a0<\/span><\/p>\n<p><b><span data-contrast=\"auto\">Sessi\u00f3 gratu\u00efta.<\/span><\/b><span data-ccp-props=\"{}\">\u00a0<\/span><\/p>\n<hr \/>\n<p><span style=\"color: #ff0000;\">Dimecres 1 de Maig a les 17.00h (Sala Chom\u00f3n)\u00a0<\/span><\/p>\n<p><span style=\"color: #ff0000;\">Divendres 3 de Maig a les 21.00h (Sala Laya)\u00a0<\/span><\/p>\n<p><span style=\"text-decoration: underline;\"><b>Sessi\u00f3 triple<\/b>\u00a0<\/span><\/p>\n<p><b><i><span data-contrast=\"auto\">Caragol (Katatsumori)<\/span><\/i><\/b><span data-contrast=\"auto\"> | Naomi Kawase | Jap\u00f3 | 1994 | VOSC | 45\u2019<\/span><span data-ccp-props=\"{}\">\u00a0<\/span><\/p>\n<p><span data-contrast=\"auto\">Kawase explora la vida quotidiana amb la seva mare adoptiva i capta l\u2019amor, la p\u00e8rdua i la soledat quan la cineasta comen\u00e7a a abandonar el niu. La c\u00e0mera enfoca en primer pla el rostre de la seva \u201c\u00e0via\u201d mentre menja i t\u00e9 cura del seu jard\u00ed. Es discuteixen i s&#8217;avenen amb la consci\u00e8ncia que les coses estan canviant per sempre.<\/span><span data-ccp-props=\"{}\">\u00a0<\/span><\/p>\n<p><b><i><span data-contrast=\"auto\">Vuere el Cel (Ten, mitake)<\/span><\/i><\/b><span data-contrast=\"auto\"> | Naomi Kawase | Jap\u00f3 | 1995 | VOSC | 10\u2019<\/span><span data-ccp-props=\"{}\">\u00a0<\/span><\/p>\n<p><span data-contrast=\"auto\">En la seq\u00fcela de Katatsumori (Caragol), Kawase revela l\u2019amor i el fort vincle emocional entre la cineasta i la seva mare adoptiva.<\/span><span data-ccp-props=\"{}\">\u00a0<\/span><\/p>\n<p><b><i><span data-contrast=\"auto\">El Sol es Pon (Hi wa katabuki)<\/span><\/i><\/b><span data-contrast=\"auto\"> | Naomi Kawase | Jap\u00f3 | 1996 | VOSC | 45\u2019<\/span><span data-ccp-props=\"{}\">\u00a0<\/span><\/p>\n<p><span data-contrast=\"auto\">En l\u2019\u00faltima part de la trilogia dedicada a la seva mare adoptiva Kawase celebra l\u2019aniversari de la seva \u201c\u00e0via\u201d i enregistra les tensions de l\u2019envelliment i la separaci\u00f3. Quan Kawase torna de la seva abs\u00e8ncia la seva \u201c\u00e0via\u201d li pregunta si la vol, i instant\u00e0nies de lavida quotidiana \u2013tom\u00e0quets, d\u00e0lies en flor, l&#8217;\u201d\u00e0via\u201d menjant d\u2019una olla bullint&#8230;\u2013 revelen moments compartits de gran bellesa.<\/span><span data-ccp-props=\"{}\">\u00a0<\/span><\/p>\n<hr \/>\n<p><span style=\"color: #ff0000;\">Dimecres 1 de Maig a les 21.00h (Sala Laya)\u00a0<\/span><\/p>\n<p><span style=\"color: #ff0000;\">Diumenge 5 de Maig a les 18.00h (Sala Chom\u00f3n)\u00a0<\/span><\/p>\n<p><span style=\"text-decoration: underline;\"><b>Sessi\u00f3 doble<\/b>\u00a0<\/span><\/p>\n<p><b><i><span data-contrast=\"auto\">Als seus bra\u00e7os (Ni tsutsumarete)<\/span><\/i><\/b><span data-contrast=\"auto\"> | Naomi Kawase | Jap\u00f3 | 1992 | VOSC | 42\u2019<\/span><span data-ccp-props=\"{}\">\u00a0<\/span><\/p>\n<p><span data-contrast=\"auto\">\u201cL\u2019abs\u00e8ncia del meu pare a la meva vida era un tema irresistible per a mi. El fet de no saber quina mena de persona era qui em va portar al m\u00f3n, probablement em va tornar una mica insegura.. I vaig pensar que si volia seguir creixent com a \u00e9sser hum\u00e0, necessita va resoldre aquesta inseguretat sobre la meva pr\u00f2pia identitat\u201d (Naomi Kawase)<\/span><span data-ccp-props=\"{}\">\u00a0<\/span><\/p>\n<p><b><i><span data-contrast=\"auto\">Cel, vent, foc, aigua, terra (Kya ka ra ba a)<\/span><\/i><\/b><span data-contrast=\"auto\"> | Naomi Kawase | Jap\u00f3, Fran\u00e7a | 1992 | VOSC | 50\u2019<\/span><span data-ccp-props=\"{}\">\u00a0<\/span><\/p>\n<p><span data-contrast=\"auto\">Narra la reacci\u00f3 de la cineasta a la mort del seu pare una d\u00e8cada despr\u00e9s tot establint connexions permanents entre la seva recerca original, la seva inf\u00e0ncia amb els seus pares adoptius i el seu anhel insatisfet d\u2019una relaci\u00f3 amb els seus pares biol\u00f2gics.<\/span><span data-ccp-props=\"{}\">\u00a0<\/span><\/p>\n<hr \/>\n<p><span style=\"color: #ff0000;\">Dijous 2 de Maig a les 10.00h (Sala Chom\u00f3n)\u00a0<\/span><\/p>\n<p><span style=\"color: #ff0000;\">Divendres 10 de Maig a les 17.00h (Sala Chom\u00f3n)\u00a0<\/span><\/p>\n<p><span style=\"text-decoration: underline;\"><b>Sessi\u00f3 doble<\/b>\u00a0<\/span><\/p>\n<p><b><i><span data-contrast=\"auto\">Naixement- Mare (Tarachime) <\/span><\/i><\/b><span data-contrast=\"auto\">| Naomi Kawase | Jap\u00f3-Fran\u00e7a | 2006 | VOSC | 40\u2019<\/span><span data-ccp-props=\"{}\">\u00a0<\/span><\/p>\n<p><span data-contrast=\"auto\">Iniciat com un diari filmat sobre el seu embar\u00e0s, que havia de culminar amb el part, la realitzadora decideix continuar enregistrant, dia a dia, la interacci\u00f3 del seu fill amb les persones de l\u2019entorn, especialment amb la seva \u00e0via, de noranta-dos anys.<\/span><span data-ccp-props=\"{}\">\u00a0<\/span><\/p>\n<p><b><i><span data-contrast=\"auto\">Genpin<\/span><\/i><\/b><span data-contrast=\"auto\"> | Naomi Kawase | Jap\u00f3-Fran\u00e7a | 2006 | VOSC | 92\u2019<\/span><span data-ccp-props=\"{}\">\u00a0<\/span><\/p>\n<p><span data-contrast=\"auto\">Documental sobre les relacions entre la vida i la mort a trav\u00e9s dels vincles que establim amb la natura. A partir de les experi\u00e8ncies de les dones que donen a llum amb part natural i del seu toc\u00f2leg Tadashi Yoshimura, Naomi Kawase reflexiona sobre el sentit de la vida humana m\u00e9s enll\u00e0 dels l\u00edmits de la individualitat.<\/span><span data-ccp-props=\"{}\">\u00a0<\/span><\/p>\n<hr \/>\n<p><span style=\"color: #ff0000;\">Dissabte 4 de Maig a les 18.00h (Sala Chom\u00f3n)\u00a0<\/span><\/p>\n<p><span style=\"color: #ff0000;\">Dijous 9 de Maig a les 21.00h (Sala Laya)\u00a0<\/span><\/p>\n<p><b><i><span data-contrast=\"auto\">Shara (Sharas\u00f4ju)<\/span><\/i><\/b><span data-contrast=\"auto\"> | Naomi Kawase | Jap\u00f3 | 2003 | VOSC | 100\u2019<\/span><span data-ccp-props=\"{}\">\u00a0<\/span><\/p>\n<p><span data-contrast=\"auto\">Un dia d\u2019estiu un dels fills bessons d\u2019una fam\u00edlia de quatre membres desapareix sense deixar cap rastre. El film explora el dolor silenci\u00f3s d\u2019aquesta fam\u00edlia. \u201cL\u2019ep\u00edtom de l\u2019estil de Kawase. Rodada a Nara, barreja el sobrenatural amb l\u2019ecologia, les seq\u00fc\u00e8ncies juguen com gat i gos amb el seu significat i revelen un m\u00f3n bipolar farcit de preguntes i rumors crucials (la teva mare no \u00e9s la teva mare; est\u00e0 mort realment el teu germ\u00e0?) fins al vertigen final del Festival Basara de dansa\u201d (Philippe Azoury).<\/span><span data-ccp-props=\"{}\">\u00a0<\/span><\/p>\n<hr \/>\n<p><span style=\"color: #ff0000;\">Diumenge 5 de Maig a les 21.00h (Sala Chom\u00f3n)\u00a0<\/span><\/p>\n<p><span style=\"color: #ff0000;\">Dimarts 7 de Maig a les 21.00h (Sala Chom\u00f3n)\u00a0<\/span><\/p>\n<p><b><i><span data-contrast=\"auto\">Una pasteler\u00eda en Tokio (An)<\/span><\/i><\/b><span data-contrast=\"auto\"> | Naomi Kawase | Jap\u00f3, Fran\u00e7a, Alemanya | 2015 | VOSE | 113\u2019<\/span><span data-ccp-props=\"{}\">\u00a0<\/span><\/p>\n<p><span data-contrast=\"auto\">Una anciana s\u2019ofereix per treballar en una petita botiga de <\/span><i><span data-contrast=\"auto\">dorayakis<\/span><\/i><span data-contrast=\"auto\"> (dol\u00e7os farcits d\u2019una salsa anomenada <\/span><i><span data-contrast=\"auto\">an<\/span><\/i><span data-contrast=\"auto\">, feta amb mongetes vermelles dolces). Gr\u00e0cies a la seva recepta, elaborada amb paci\u00e8ncia i delicadesa, el negoci comen\u00e7a a prosperar. Kawase torna a indagar el significat de la vida mitjan\u00e7ant un personatge que \u2013com tots els seus\u2013 es troba al marge de la societat. \u201cAquest film \u00e9s un cant a la vida perqu\u00e8 nom\u00e9s el fet d\u2019existir ja \u00e9s quelcom meravell\u00f3s\u201d (Naomi Kawase).<\/span><\/p>\n<\/div><\/section>\n","protected":false},"excerpt":{"rendered":"","protected":false},"author":8,"featured_media":49227,"comment_status":"closed","ping_status":"open","sticky":false,"template":"","format":"standard","meta":{"_acf_changed":false,"footnotes":""},"categories":[33],"tags":[],"class_list":["post-49293","post","type-post","status-publish","format-standard","has-post-thumbnail","hentry","category-noticies"],"acf":[],"yoast_head":"<!-- This site is optimized with the Yoast SEO plugin v27.4 - https:\/\/yoast.com\/product\/yoast-seo-wordpress\/ -->\n<title>NAOMI KAWASE - Asian Film Festival Barcelona<\/title>\n<meta name=\"robots\" content=\"noindex, follow, max-snippet:-1, max-image-preview:large, max-video-preview:-1\" \/>\n<meta property=\"og:locale\" content=\"ca_ES\" \/>\n<meta property=\"og:type\" content=\"article\" \/>\n<meta property=\"og:title\" content=\"NAOMI KAWASE - Asian Film Festival Barcelona\" \/>\n<meta property=\"og:url\" content=\"https:\/\/asianfilmfestival.barcelona\/2023\/ca\/naomi-kawase-2\/\" \/>\n<meta property=\"og:site_name\" content=\"Asian Film Festival Barcelona\" \/>\n<meta property=\"article:published_time\" content=\"2024-04-23T10:06:43+00:00\" \/>\n<meta property=\"article:modified_time\" content=\"2024-04-25T08:09:38+00:00\" \/>\n<meta property=\"og:image\" content=\"https:\/\/asianfilmfestival.barcelona\/2023\/wp-content\/uploads\/2024\/04\/2-Nova-Naomi-Kawase.jpg\" \/>\n\t<meta property=\"og:image:width\" content=\"1706\" \/>\n\t<meta property=\"og:image:height\" content=\"804\" \/>\n\t<meta property=\"og:image:type\" content=\"image\/jpeg\" \/>\n<meta name=\"author\" content=\"Asian Film Festival Barcelona\" \/>\n<meta name=\"twitter:card\" content=\"summary_large_image\" \/>\n<meta name=\"twitter:label1\" content=\"Escrit per\" \/>\n\t<meta name=\"twitter:data1\" content=\"Asian Film Festival Barcelona\" \/>\n<script type=\"application\/ld+json\" class=\"yoast-schema-graph\">{\"@context\":\"https:\\\/\\\/schema.org\",\"@graph\":[{\"@type\":\"Article\",\"@id\":\"https:\\\/\\\/asianfilmfestival.barcelona\\\/2023\\\/ca\\\/naomi-kawase-2\\\/#article\",\"isPartOf\":{\"@id\":\"https:\\\/\\\/asianfilmfestival.barcelona\\\/2023\\\/ca\\\/naomi-kawase-2\\\/\"},\"author\":{\"name\":\"Asian Film Festival Barcelona\",\"@id\":\"https:\\\/\\\/asianfilmfestival.barcelona\\\/2023\\\/ca\\\/#\\\/schema\\\/person\\\/86a1f3b7a536690d6c2c6d700ad93adb\"},\"headline\":\"NAOMI KAWASE\",\"datePublished\":\"2024-04-23T10:06:43+00:00\",\"dateModified\":\"2024-04-25T08:09:38+00:00\",\"mainEntityOfPage\":{\"@id\":\"https:\\\/\\\/asianfilmfestival.barcelona\\\/2023\\\/ca\\\/naomi-kawase-2\\\/\"},\"wordCount\":1144,\"image\":{\"@id\":\"https:\\\/\\\/asianfilmfestival.barcelona\\\/2023\\\/ca\\\/naomi-kawase-2\\\/#primaryimage\"},\"thumbnailUrl\":\"https:\\\/\\\/asianfilmfestival.barcelona\\\/2023\\\/wp-content\\\/uploads\\\/2024\\\/04\\\/2-Nova-Naomi-Kawase-e1715769401727.jpg\",\"articleSection\":[\"Not\u00edcies\"],\"inLanguage\":\"ca\"},{\"@type\":\"WebPage\",\"@id\":\"https:\\\/\\\/asianfilmfestival.barcelona\\\/2023\\\/ca\\\/naomi-kawase-2\\\/\",\"url\":\"https:\\\/\\\/asianfilmfestival.barcelona\\\/2023\\\/ca\\\/naomi-kawase-2\\\/\",\"name\":\"NAOMI KAWASE - Asian Film Festival Barcelona\",\"isPartOf\":{\"@id\":\"https:\\\/\\\/asianfilmfestival.barcelona\\\/2023\\\/ca\\\/#website\"},\"primaryImageOfPage\":{\"@id\":\"https:\\\/\\\/asianfilmfestival.barcelona\\\/2023\\\/ca\\\/naomi-kawase-2\\\/#primaryimage\"},\"image\":{\"@id\":\"https:\\\/\\\/asianfilmfestival.barcelona\\\/2023\\\/ca\\\/naomi-kawase-2\\\/#primaryimage\"},\"thumbnailUrl\":\"https:\\\/\\\/asianfilmfestival.barcelona\\\/2023\\\/wp-content\\\/uploads\\\/2024\\\/04\\\/2-Nova-Naomi-Kawase-e1715769401727.jpg\",\"datePublished\":\"2024-04-23T10:06:43+00:00\",\"dateModified\":\"2024-04-25T08:09:38+00:00\",\"author\":{\"@id\":\"https:\\\/\\\/asianfilmfestival.barcelona\\\/2023\\\/ca\\\/#\\\/schema\\\/person\\\/86a1f3b7a536690d6c2c6d700ad93adb\"},\"breadcrumb\":{\"@id\":\"https:\\\/\\\/asianfilmfestival.barcelona\\\/2023\\\/ca\\\/naomi-kawase-2\\\/#breadcrumb\"},\"inLanguage\":\"ca\",\"potentialAction\":[{\"@type\":\"ReadAction\",\"target\":[\"https:\\\/\\\/asianfilmfestival.barcelona\\\/2023\\\/ca\\\/naomi-kawase-2\\\/\"]}]},{\"@type\":\"ImageObject\",\"inLanguage\":\"ca\",\"@id\":\"https:\\\/\\\/asianfilmfestival.barcelona\\\/2023\\\/ca\\\/naomi-kawase-2\\\/#primaryimage\",\"url\":\"https:\\\/\\\/asianfilmfestival.barcelona\\\/2023\\\/wp-content\\\/uploads\\\/2024\\\/04\\\/2-Nova-Naomi-Kawase-e1715769401727.jpg\",\"contentUrl\":\"https:\\\/\\\/asianfilmfestival.barcelona\\\/2023\\\/wp-content\\\/uploads\\\/2024\\\/04\\\/2-Nova-Naomi-Kawase-e1715769401727.jpg\",\"width\":1706,\"height\":804},{\"@type\":\"BreadcrumbList\",\"@id\":\"https:\\\/\\\/asianfilmfestival.barcelona\\\/2023\\\/ca\\\/naomi-kawase-2\\\/#breadcrumb\",\"itemListElement\":[{\"@type\":\"ListItem\",\"position\":1,\"name\":\"Home\",\"item\":\"https:\\\/\\\/asianfilmfestival.barcelona\\\/2023\\\/ca\\\/benvinguda-asian-film-festival-barcelona-2023\\\/\"},{\"@type\":\"ListItem\",\"position\":2,\"name\":\"NAOMI KAWASE\"}]},{\"@type\":\"WebSite\",\"@id\":\"https:\\\/\\\/asianfilmfestival.barcelona\\\/2023\\\/ca\\\/#website\",\"url\":\"https:\\\/\\\/asianfilmfestival.barcelona\\\/2023\\\/ca\\\/\",\"name\":\"Asian Film Festival Barcelona\",\"description\":\"2023\",\"potentialAction\":[{\"@type\":\"SearchAction\",\"target\":{\"@type\":\"EntryPoint\",\"urlTemplate\":\"https:\\\/\\\/asianfilmfestival.barcelona\\\/2023\\\/ca\\\/?s={search_term_string}\"},\"query-input\":{\"@type\":\"PropertyValueSpecification\",\"valueRequired\":true,\"valueName\":\"search_term_string\"}}],\"inLanguage\":\"ca\"},{\"@type\":\"Person\",\"@id\":\"https:\\\/\\\/asianfilmfestival.barcelona\\\/2023\\\/ca\\\/#\\\/schema\\\/person\\\/86a1f3b7a536690d6c2c6d700ad93adb\",\"name\":\"Asian Film Festival Barcelona\",\"image\":{\"@type\":\"ImageObject\",\"inLanguage\":\"ca\",\"@id\":\"https:\\\/\\\/secure.gravatar.com\\\/avatar\\\/2b70c89a32ff7923752020dbdcd7d17202d996fa13bbe4424cdbf22a297f3777?s=96&d=mm&r=g\",\"url\":\"https:\\\/\\\/secure.gravatar.com\\\/avatar\\\/2b70c89a32ff7923752020dbdcd7d17202d996fa13bbe4424cdbf22a297f3777?s=96&d=mm&r=g\",\"contentUrl\":\"https:\\\/\\\/secure.gravatar.com\\\/avatar\\\/2b70c89a32ff7923752020dbdcd7d17202d996fa13bbe4424cdbf22a297f3777?s=96&d=mm&r=g\",\"caption\":\"Asian Film Festival Barcelona\"}}]}<\/script>\n<!-- \/ Yoast SEO plugin. -->","yoast_head_json":{"title":"NAOMI KAWASE - Asian Film Festival Barcelona","robots":{"index":"noindex","follow":"follow","max-snippet":"max-snippet:-1","max-image-preview":"max-image-preview:large","max-video-preview":"max-video-preview:-1"},"og_locale":"ca_ES","og_type":"article","og_title":"NAOMI KAWASE - Asian Film Festival Barcelona","og_url":"https:\/\/asianfilmfestival.barcelona\/2023\/ca\/naomi-kawase-2\/","og_site_name":"Asian Film Festival Barcelona","article_published_time":"2024-04-23T10:06:43+00:00","article_modified_time":"2024-04-25T08:09:38+00:00","og_image":[{"width":1706,"height":804,"url":"https:\/\/asianfilmfestival.barcelona\/2023\/wp-content\/uploads\/2024\/04\/2-Nova-Naomi-Kawase.jpg","type":"image\/jpeg"}],"author":"Asian Film Festival Barcelona","twitter_card":"summary_large_image","twitter_misc":{"Escrit per":"Asian Film Festival Barcelona"},"schema":{"@context":"https:\/\/schema.org","@graph":[{"@type":"Article","@id":"https:\/\/asianfilmfestival.barcelona\/2023\/ca\/naomi-kawase-2\/#article","isPartOf":{"@id":"https:\/\/asianfilmfestival.barcelona\/2023\/ca\/naomi-kawase-2\/"},"author":{"name":"Asian Film Festival Barcelona","@id":"https:\/\/asianfilmfestival.barcelona\/2023\/ca\/#\/schema\/person\/86a1f3b7a536690d6c2c6d700ad93adb"},"headline":"NAOMI KAWASE","datePublished":"2024-04-23T10:06:43+00:00","dateModified":"2024-04-25T08:09:38+00:00","mainEntityOfPage":{"@id":"https:\/\/asianfilmfestival.barcelona\/2023\/ca\/naomi-kawase-2\/"},"wordCount":1144,"image":{"@id":"https:\/\/asianfilmfestival.barcelona\/2023\/ca\/naomi-kawase-2\/#primaryimage"},"thumbnailUrl":"https:\/\/asianfilmfestival.barcelona\/2023\/wp-content\/uploads\/2024\/04\/2-Nova-Naomi-Kawase-e1715769401727.jpg","articleSection":["Not\u00edcies"],"inLanguage":"ca"},{"@type":"WebPage","@id":"https:\/\/asianfilmfestival.barcelona\/2023\/ca\/naomi-kawase-2\/","url":"https:\/\/asianfilmfestival.barcelona\/2023\/ca\/naomi-kawase-2\/","name":"NAOMI KAWASE - Asian Film Festival Barcelona","isPartOf":{"@id":"https:\/\/asianfilmfestival.barcelona\/2023\/ca\/#website"},"primaryImageOfPage":{"@id":"https:\/\/asianfilmfestival.barcelona\/2023\/ca\/naomi-kawase-2\/#primaryimage"},"image":{"@id":"https:\/\/asianfilmfestival.barcelona\/2023\/ca\/naomi-kawase-2\/#primaryimage"},"thumbnailUrl":"https:\/\/asianfilmfestival.barcelona\/2023\/wp-content\/uploads\/2024\/04\/2-Nova-Naomi-Kawase-e1715769401727.jpg","datePublished":"2024-04-23T10:06:43+00:00","dateModified":"2024-04-25T08:09:38+00:00","author":{"@id":"https:\/\/asianfilmfestival.barcelona\/2023\/ca\/#\/schema\/person\/86a1f3b7a536690d6c2c6d700ad93adb"},"breadcrumb":{"@id":"https:\/\/asianfilmfestival.barcelona\/2023\/ca\/naomi-kawase-2\/#breadcrumb"},"inLanguage":"ca","potentialAction":[{"@type":"ReadAction","target":["https:\/\/asianfilmfestival.barcelona\/2023\/ca\/naomi-kawase-2\/"]}]},{"@type":"ImageObject","inLanguage":"ca","@id":"https:\/\/asianfilmfestival.barcelona\/2023\/ca\/naomi-kawase-2\/#primaryimage","url":"https:\/\/asianfilmfestival.barcelona\/2023\/wp-content\/uploads\/2024\/04\/2-Nova-Naomi-Kawase-e1715769401727.jpg","contentUrl":"https:\/\/asianfilmfestival.barcelona\/2023\/wp-content\/uploads\/2024\/04\/2-Nova-Naomi-Kawase-e1715769401727.jpg","width":1706,"height":804},{"@type":"BreadcrumbList","@id":"https:\/\/asianfilmfestival.barcelona\/2023\/ca\/naomi-kawase-2\/#breadcrumb","itemListElement":[{"@type":"ListItem","position":1,"name":"Home","item":"https:\/\/asianfilmfestival.barcelona\/2023\/ca\/benvinguda-asian-film-festival-barcelona-2023\/"},{"@type":"ListItem","position":2,"name":"NAOMI KAWASE"}]},{"@type":"WebSite","@id":"https:\/\/asianfilmfestival.barcelona\/2023\/ca\/#website","url":"https:\/\/asianfilmfestival.barcelona\/2023\/ca\/","name":"Asian Film Festival Barcelona","description":"2023","potentialAction":[{"@type":"SearchAction","target":{"@type":"EntryPoint","urlTemplate":"https:\/\/asianfilmfestival.barcelona\/2023\/ca\/?s={search_term_string}"},"query-input":{"@type":"PropertyValueSpecification","valueRequired":true,"valueName":"search_term_string"}}],"inLanguage":"ca"},{"@type":"Person","@id":"https:\/\/asianfilmfestival.barcelona\/2023\/ca\/#\/schema\/person\/86a1f3b7a536690d6c2c6d700ad93adb","name":"Asian Film Festival Barcelona","image":{"@type":"ImageObject","inLanguage":"ca","@id":"https:\/\/secure.gravatar.com\/avatar\/2b70c89a32ff7923752020dbdcd7d17202d996fa13bbe4424cdbf22a297f3777?s=96&d=mm&r=g","url":"https:\/\/secure.gravatar.com\/avatar\/2b70c89a32ff7923752020dbdcd7d17202d996fa13bbe4424cdbf22a297f3777?s=96&d=mm&r=g","contentUrl":"https:\/\/secure.gravatar.com\/avatar\/2b70c89a32ff7923752020dbdcd7d17202d996fa13bbe4424cdbf22a297f3777?s=96&d=mm&r=g","caption":"Asian Film Festival Barcelona"}}]}},"_links":{"self":[{"href":"https:\/\/asianfilmfestival.barcelona\/2023\/ca\/wp-json\/wp\/v2\/posts\/49293","targetHints":{"allow":["GET"]}}],"collection":[{"href":"https:\/\/asianfilmfestival.barcelona\/2023\/ca\/wp-json\/wp\/v2\/posts"}],"about":[{"href":"https:\/\/asianfilmfestival.barcelona\/2023\/ca\/wp-json\/wp\/v2\/types\/post"}],"author":[{"embeddable":true,"href":"https:\/\/asianfilmfestival.barcelona\/2023\/ca\/wp-json\/wp\/v2\/users\/8"}],"replies":[{"embeddable":true,"href":"https:\/\/asianfilmfestival.barcelona\/2023\/ca\/wp-json\/wp\/v2\/comments?post=49293"}],"version-history":[{"count":2,"href":"https:\/\/asianfilmfestival.barcelona\/2023\/ca\/wp-json\/wp\/v2\/posts\/49293\/revisions"}],"predecessor-version":[{"id":49296,"href":"https:\/\/asianfilmfestival.barcelona\/2023\/ca\/wp-json\/wp\/v2\/posts\/49293\/revisions\/49296"}],"wp:featuredmedia":[{"embeddable":true,"href":"https:\/\/asianfilmfestival.barcelona\/2023\/ca\/wp-json\/wp\/v2\/media\/49227"}],"wp:attachment":[{"href":"https:\/\/asianfilmfestival.barcelona\/2023\/ca\/wp-json\/wp\/v2\/media?parent=49293"}],"wp:term":[{"taxonomy":"category","embeddable":true,"href":"https:\/\/asianfilmfestival.barcelona\/2023\/ca\/wp-json\/wp\/v2\/categories?post=49293"},{"taxonomy":"post_tag","embeddable":true,"href":"https:\/\/asianfilmfestival.barcelona\/2023\/ca\/wp-json\/wp\/v2\/tags?post=49293"}],"curies":[{"name":"wp","href":"https:\/\/api.w.org\/{rel}","templated":true}]}}