{"id":49277,"date":"2024-04-22T13:51:49","date_gmt":"2024-04-22T11:51:49","guid":{"rendered":"https:\/\/asianfilmfestival.barcelona\/2023\/?p=49277"},"modified":"2024-05-15T12:46:36","modified_gmt":"2024-05-15T10:46:36","slug":"49277","status":"publish","type":"post","link":"https:\/\/asianfilmfestival.barcelona\/2023\/ca\/49277\/","title":{"rendered":"Programa de cinema filip\u00ed en el marc del projecte expositiu de Stephanie Comilang per a TBA21"},"content":{"rendered":"<section  class='av_textblock_section av-lvc8f4qw-48a27f2b19d529fc8be57a36f6e8f69c '  ><div class='avia_textblock' ><h2><img loading=\"lazy\" decoding=\"async\" class=\"aligncenter wp-image-49209 size-full\" src=\"https:\/\/asianfilmfestival.barcelona\/2023\/wp-content\/uploads\/2024\/04\/Stephanie_Comilang_Butterfly_Colage-scaled.jpg\" alt=\"\" width=\"2560\" height=\"1350\" srcset=\"https:\/\/asianfilmfestival.barcelona\/2023\/wp-content\/uploads\/2024\/04\/Stephanie_Comilang_Butterfly_Colage-scaled.jpg 2560w, https:\/\/asianfilmfestival.barcelona\/2023\/wp-content\/uploads\/2024\/04\/Stephanie_Comilang_Butterfly_Colage-300x158.jpg 300w, https:\/\/asianfilmfestival.barcelona\/2023\/wp-content\/uploads\/2024\/04\/Stephanie_Comilang_Butterfly_Colage-1030x543.jpg 1030w, https:\/\/asianfilmfestival.barcelona\/2023\/wp-content\/uploads\/2024\/04\/Stephanie_Comilang_Butterfly_Colage-768x405.jpg 768w, https:\/\/asianfilmfestival.barcelona\/2023\/wp-content\/uploads\/2024\/04\/Stephanie_Comilang_Butterfly_Colage-1536x810.jpg 1536w, https:\/\/asianfilmfestival.barcelona\/2023\/wp-content\/uploads\/2024\/04\/Stephanie_Comilang_Butterfly_Colage-2048x1080.jpg 2048w, https:\/\/asianfilmfestival.barcelona\/2023\/wp-content\/uploads\/2024\/04\/Stephanie_Comilang_Butterfly_Colage-1500x791.jpg 1500w, https:\/\/asianfilmfestival.barcelona\/2023\/wp-content\/uploads\/2024\/04\/Stephanie_Comilang_Butterfly_Colage-710x375.jpg 710w, https:\/\/asianfilmfestival.barcelona\/2023\/wp-content\/uploads\/2024\/04\/Stephanie_Comilang_Butterfly_Colage-705x372.jpg 705w\" sizes=\"auto, (max-width: 2560px) 100vw, 2560px\" \/><\/h2>\n<h2 style=\"text-align: center;\"><span data-contrast=\"none\">Programa de cinema filip\u00ed en el marc del projecte expositiu de Stephanie Comilang per a TBA21<\/span><\/h2>\n<h2 style=\"text-align: center;\"><span data-contrast=\"none\">Producci\u00f3: Casa \u00c0sia<\/span><\/h2>\n<h2 style=\"text-align: center;\"><span data-contrast=\"none\">Casa \u00c0sia col\u00b7labora amb TBA21 amb aquesta mostra que compr\u00e8n cinc t\u00edtols seleccionats d&#8217;entre els que inclo\u00efa la proposta de la pr\u00f2pia artista per a aquest fi.<\/span><span data-ccp-props=\"{\">\u00a0<\/span><\/h2>\n<p style=\"text-align: left;\"><span data-contrast=\"none\">El programa que es presenta proposa cinc t\u00edtols de cinema filip\u00ed, els protagonistes del qual son els despla\u00e7ats, aquells que han abandonat el seu pa\u00eds d\u2019origen arriscant les conseq\u00fc\u00e8ncies de la p\u00e8rdua d&#8217;identitat que es correspon amb la necessitat de formar part d\u2019un altre m\u00f3n que els rebutja, fins que no es reconeixen els seus drets. El despla\u00e7at viu l&#8217;experi\u00e8ncia de la colonitzaci\u00f3\u00a0 i la colonialitat sist\u00e8miques que no poden ser-nos alienes. Les grans di\u00e0spores dels segles XX i XXI no es limiten del sud global fins al nord, ni de l\u2019est a l\u2019oest, si no que es produeixen en totes les direccions, transformant l\u2019ordre internacional tant al sector p\u00fablic com en el privat. Ilo Ilo reconstrueix el relat d\u2019una de les milers de dones filipines que son contractades per el treball dom\u00e8stic a Hong Kong i en altres llocs del m\u00f3n. Cinc t\u00edtols per pensar en les grans di\u00e0spores d\u2019ahir i d\u2019avui i en l\u2019explotaci\u00f3 dels migrants en el mercat laboral del lloc d\u2019arribada. Stephanie Comilang il\u00b7lustra metaf\u00f2ricament els constants processos migratoris mitjan\u00e7ant evocant el viatge de les papallones monarca des del Canad\u00e0 fins a M\u00e8xic\u00a0 travessant Florida i el sud de Calif\u00f2rnia tots els anys a la tardor on algunes desapareixen en el cam\u00ed, encara que la majoria es caracteritza per la seva resist\u00e8ncia i longevitat vivint fins a nou mesos. Islands, Transit, Big Boy i Nowhere Near il\u00b7lustren aquest viatge de viatges d\u2019aquells que assumeixen l\u2019orfandat del despla\u00e7at, moguts per la precarietat i la voluntat de superviv\u00e8ncia. Casa Asia col\u00b7labora amb TBA21 en el marc del projecte expositiu de l\u2019artista filip\u00ed canadenc, Stephanie Comilang aportant amb imatges una informaci\u00f3 que pret\u00e9n ampliar la reflexi\u00f3 que planteja la seva proposta.- Menene Gras Balaguer<\/span><span data-ccp-props=\"{\">\u00a0<\/span><\/p>\n<hr \/>\n<p><span style=\"color: #ff0000;\">Dissabte 4 de maig de 2024<\/span><\/p>\n<p><img loading=\"lazy\" decoding=\"async\" class=\"wp-image-49205 size-medium alignleft\" src=\"https:\/\/asianfilmfestival.barcelona\/2023\/wp-content\/uploads\/2024\/04\/1183736_ILO_ILO_03___han-300x157.jpg\" alt=\"\" width=\"300\" height=\"157\" srcset=\"https:\/\/asianfilmfestival.barcelona\/2023\/wp-content\/uploads\/2024\/04\/1183736_ILO_ILO_03___han-300x157.jpg 300w, https:\/\/asianfilmfestival.barcelona\/2023\/wp-content\/uploads\/2024\/04\/1183736_ILO_ILO_03___han-768x402.jpg 768w, https:\/\/asianfilmfestival.barcelona\/2023\/wp-content\/uploads\/2024\/04\/1183736_ILO_ILO_03___han-710x375.jpg 710w, https:\/\/asianfilmfestival.barcelona\/2023\/wp-content\/uploads\/2024\/04\/1183736_ILO_ILO_03___han-705x369.jpg 705w, https:\/\/asianfilmfestival.barcelona\/2023\/wp-content\/uploads\/2024\/04\/1183736_ILO_ILO_03___han.jpg 1024w\" sizes=\"auto, (max-width: 300px) 100vw, 300px\" \/><\/p>\n<p><b><i><span data-contrast=\"none\">Ilo Ilo<\/span><\/i><\/b><span data-contrast=\"none\"> | Anthony Chen | 2013 | 100\u2019 | Drama<\/span><span data-ccp-props=\"{\">\u00a0<\/span><\/p>\n<p><span data-contrast=\"none\">Ambientada a Singapur durant la crisi financera asi\u00e0tica de 1997, <\/span><i><span data-contrast=\"none\">Ilo Ilo<\/span><\/i><span data-contrast=\"none\"> narra el drama quotidi\u00e0 de la fam\u00edlia Lim \u2013 el problem\u00e0tic alumne de prim\u00e0ria Jiale i els seus estressats pares, Heck i Leng. De classe mitjana acomodada i amb un altre beb\u00e8 en cam\u00ed, contracten a Teresa, una immigrant filipina, com a assistenta i mainadera. Teresa, una estranya tant per a la fam\u00edlia com per a Singapur, s&#8217;esfor\u00e7a a intentar controlar les entremaliadures de Jiale i trobar el seu lloc en la seva nova comunitat. Els dos acaben creant un vincle \u00fanic, per\u00f2 quan Teresa es converteix en una part t\u00e0cita de la fam\u00edlia, les circumst\u00e0ncies imprevistes d&#8217;una economia incerta tornaran a posar en dubte la nova normalitat.<\/span><span data-ccp-props=\"{\">\u00a0<\/span><\/p>\n<p><b><span data-contrast=\"none\">Anthony Chen<\/span><\/b><span data-contrast=\"none\"> (18 d&#8217;Abril de 1984) \u00e9s un director de cinema, guionista i productor de cinema de Singapur. \u00c9s conegut per dirigir els llargmetratges <\/span><i><span data-contrast=\"none\">Ilo Ilo<\/span><\/i><span data-contrast=\"none\"> (2013) i <\/span><i><span data-contrast=\"none\">Wet Season<\/span><\/i><span data-contrast=\"none\"> (2019). El seu primer llargmetratge, <\/span><i><span data-contrast=\"none\">Ilo Ilo<\/span><\/i><span data-contrast=\"none\">, va guanyar la Cambra d&#8217;Or en el Festival de Cinema de Cannes de 2013, la qual cosa ho va convertir en el primer i \u00fanic singapurense premiat a Cannes. La pel\u00b7l\u00edcula tamb\u00e9 li va valer el premi a l&#8217;Assoliment en Direcci\u00f3 als \u00c0sia Pacific Screen Awards 2013 i el premi Golden Horse a la Millor Pel\u00b7l\u00edcula, Millor Director Revelaci\u00f3 i Millor Gui\u00f3 Original.\u00a0<\/span><span data-ccp-props=\"{\">\u00a0<\/span><\/p>\n<p><span data-contrast=\"none\">Tr\u00e0iler: <\/span><a href=\"https:\/\/youtu.be\/isovsvvx8bg\"><span data-contrast=\"none\">https:\/\/youtu.be\/isovsvvx8bg<\/span><\/a><span data-ccp-props=\"{\">\u00a0<\/span><\/p>\n<hr \/>\n<p><span style=\"color: #ff0000;\">Dissabte 25 de maig de 2024<\/span><\/p>\n<p><img loading=\"lazy\" decoding=\"async\" class=\"size-medium wp-image-49199 alignright\" src=\"https:\/\/asianfilmfestival.barcelona\/2023\/wp-content\/uploads\/2024\/04\/tumblr_mjo1nwy0Ba1qbvrrwo5_1280-1-300x222.jpg\" alt=\"\" width=\"300\" height=\"222\" srcset=\"https:\/\/asianfilmfestival.barcelona\/2023\/wp-content\/uploads\/2024\/04\/tumblr_mjo1nwy0Ba1qbvrrwo5_1280-1-300x222.jpg 300w, https:\/\/asianfilmfestival.barcelona\/2023\/wp-content\/uploads\/2024\/04\/tumblr_mjo1nwy0Ba1qbvrrwo5_1280-1-1030x761.jpg 1030w, https:\/\/asianfilmfestival.barcelona\/2023\/wp-content\/uploads\/2024\/04\/tumblr_mjo1nwy0Ba1qbvrrwo5_1280-1-768x568.jpg 768w, https:\/\/asianfilmfestival.barcelona\/2023\/wp-content\/uploads\/2024\/04\/tumblr_mjo1nwy0Ba1qbvrrwo5_1280-1-705x521.jpg 705w, https:\/\/asianfilmfestival.barcelona\/2023\/wp-content\/uploads\/2024\/04\/tumblr_mjo1nwy0Ba1qbvrrwo5_1280-1.jpg 1280w\" sizes=\"auto, (max-width: 300px) 100vw, 300px\" \/><\/p>\n<p><b><i><span data-contrast=\"none\">Big Boy<\/span><\/i><\/b><span data-contrast=\"none\"> | Shireen Seno | 2011 | 89\u2019 | Drama<\/span><span data-ccp-props=\"{\">\u00a0<\/span><\/p>\n<p><i><span data-contrast=\"none\">Big Boy<\/span><\/i><span data-contrast=\"none\"> \u00e9s una hist\u00f2ria de maduresa sobre un nen i la seva fam\u00edlia en el Mindoro filip\u00ed dels anys 50, i sobre com li preparen per a convertir-se en el noi del cartell del negoci familiar dels seus pares. La pel\u00b7l\u00edcula \u00e9s un retrat experimental d&#8217;una fam\u00edlia enmig del canvi, una experi\u00e8ncia que involucrar\u00e0 al p\u00fablic en una cosa estranya per\u00f2 familiar.\u00a0<\/span><span data-ccp-props=\"{\">\u00a0<\/span><\/p>\n<p><b><span data-contrast=\"none\">Shireen SENO<\/span><\/b><span data-contrast=\"none\"> (el Jap\u00f3, 1983) va n\u00e9ixer a T\u00f2quio en el si d&#8217;una fam\u00edlia filipina. Va estudiar arquitectura i estudis de cinema en la Universitat de Toronto. La seva obra fotogr\u00e0fica i videogr\u00e0fica s&#8217;ha exposat en diverses galeries. Ha treballat amb cineastes com Lav Diaz i John Torres, per als quals va prendre imatges fixes. El seu primer llargmetratge <\/span><i><span data-contrast=\"none\">Big Boy<\/span><\/i><span data-contrast=\"none\"> (2012) es va projectar en el IFFR i va guanyar el premi a Millor \u00d2pera Prima en el Festival de Cinema Lima Independent en 2013. <\/span><i><span data-contrast=\"none\">Nervous Translation<\/span><\/i><span data-contrast=\"none\"> \u00e9s el seu segon llargmetratge.<\/span><span data-ccp-props=\"{\">\u00a0<\/span><\/p>\n<p><span data-contrast=\"none\">Tr\u00e0iler: <\/span><a href=\"https:\/\/www.facebook.com\/watch\/?v=1369911976687709\"><span data-contrast=\"none\">https:\/\/www.facebook.com\/watch\/?v=1369911976687709<\/span><\/a><span data-ccp-props=\"{\">\u00a0<\/span><\/p>\n<hr \/>\n<p><span style=\"color: #ff0000;\">Dissabte 25 de maig de 2024\u00a0<\/span><\/p>\n<p><img loading=\"lazy\" decoding=\"async\" class=\"size-medium wp-image-49193 alignleft\" src=\"https:\/\/asianfilmfestival.barcelona\/2023\/wp-content\/uploads\/2024\/04\/islands-300x170.jpg\" alt=\"\" width=\"300\" height=\"170\" srcset=\"https:\/\/asianfilmfestival.barcelona\/2023\/wp-content\/uploads\/2024\/04\/islands-300x170.jpg 300w, https:\/\/asianfilmfestival.barcelona\/2023\/wp-content\/uploads\/2024\/04\/islands-1030x582.jpg 1030w, https:\/\/asianfilmfestival.barcelona\/2023\/wp-content\/uploads\/2024\/04\/islands-768x434.jpg 768w, https:\/\/asianfilmfestival.barcelona\/2023\/wp-content\/uploads\/2024\/04\/islands-705x398.jpg 705w, https:\/\/asianfilmfestival.barcelona\/2023\/wp-content\/uploads\/2024\/04\/islands.jpg 1150w\" sizes=\"auto, (max-width: 300px) 100vw, 300px\" \/><\/p>\n<p><b><i><span data-contrast=\"none\">Islands<\/span><\/i><\/b><span data-contrast=\"none\"> | Martin Edralin | 2021 | 95\u2019 | Drama<\/span><span data-ccp-props=\"{\">\u00a0<\/span><\/p>\n<p><span data-contrast=\"none\">Joshua, un t\u00edmid immigrant filip\u00ed en la c\u00faspide dels 50, ha viscut en la comoditat de la casa dels seus pares durant tota la seva vida. Ara que els seus pares s\u00f3n ancians, suplica a D\u00e9u que li trobi un company, terroritzat de quedar-se nom\u00e9s quan ells morin.<\/span><span data-ccp-props=\"{\">\u00a0<\/span><\/p>\n<p><b><span data-contrast=\"none\">Martin Edralin<\/span><\/b><span data-contrast=\"none\"> \u00e9s un director Canadiense. El seu primer curt, <\/span><i><span data-contrast=\"none\">Hole<\/span><\/i><span data-contrast=\"none\">, va guanyar el Canadian Screen Award al millor curtmetratge dram\u00e0tic d&#8217;acci\u00f3 real en la 3a edici\u00f3 dels Canadian Screen Awards en 2015, el Gran Premi 2015 al Clermont-Ferrand International Film Festival en 2015, i el premi del jurat en el Locarno Festival de 2014. El seu segon curtmetratge, Emma, va ser incl\u00f2s en la llista de les deu millors pel\u00b7l\u00edcules canadenques del Festival Internacional de Cinema de Toronto en 2016 i va guanyar el Primer Premi en el Festival Internacional de Cinema de Rhode Island de 2017. El seu primer llargmetratge, <\/span><i><span data-contrast=\"none\">Islands<\/span><\/i><span data-contrast=\"none\">, es va estrenar en el SXSW de 2021 i va rebre el Reconeixement Especial del Jurat a l&#8217;Actuaci\u00f3 Revelaci\u00f3. <\/span><i><span data-contrast=\"none\">Islands<\/span><\/i><span data-contrast=\"none\"> va ser nominada en la 10a edici\u00f3 dels Canadian Screen Awards en les categories de Millor Actor, Millor Actor Secundari i Premi John Dunning a la Millor \u00d2pera Prima.<\/span><span data-ccp-props=\"{\">\u00a0<\/span><\/p>\n<p><span data-contrast=\"none\">Tr\u00e0iler: <\/span><a href=\"https:\/\/youtu.be\/JsjjcYhd7p0\"><span data-contrast=\"none\">https:\/\/youtu.be\/JsjjcYhd7p0<\/span><\/a><span data-ccp-props=\"{\">\u00a0<\/span><\/p>\n<hr \/>\n<p><span style=\"color: #ff0000;\" data-contrast=\"none\">Dissabte 1 de juny de 2024<\/span><span data-ccp-props=\"{\">\u00a0<\/span><\/p>\n<p><img loading=\"lazy\" decoding=\"async\" class=\"size-medium wp-image-49187 alignright\" src=\"https:\/\/asianfilmfestival.barcelona\/2023\/wp-content\/uploads\/2024\/04\/iO2giwHkMUCxxn2YzY95YM9ioSh-1200-1200-675-675-crop-000000-300x169.jpg\" alt=\"\" width=\"300\" height=\"169\" srcset=\"https:\/\/asianfilmfestival.barcelona\/2023\/wp-content\/uploads\/2024\/04\/iO2giwHkMUCxxn2YzY95YM9ioSh-1200-1200-675-675-crop-000000-300x169.jpg 300w, https:\/\/asianfilmfestival.barcelona\/2023\/wp-content\/uploads\/2024\/04\/iO2giwHkMUCxxn2YzY95YM9ioSh-1200-1200-675-675-crop-000000-1030x579.jpg 1030w, https:\/\/asianfilmfestival.barcelona\/2023\/wp-content\/uploads\/2024\/04\/iO2giwHkMUCxxn2YzY95YM9ioSh-1200-1200-675-675-crop-000000-768x432.jpg 768w, https:\/\/asianfilmfestival.barcelona\/2023\/wp-content\/uploads\/2024\/04\/iO2giwHkMUCxxn2YzY95YM9ioSh-1200-1200-675-675-crop-000000-705x397.jpg 705w, https:\/\/asianfilmfestival.barcelona\/2023\/wp-content\/uploads\/2024\/04\/iO2giwHkMUCxxn2YzY95YM9ioSh-1200-1200-675-675-crop-000000.jpg 1200w\" sizes=\"auto, (max-width: 300px) 100vw, 300px\" \/><\/p>\n<p><b><i><span data-contrast=\"none\">Transit<\/span><\/i><\/b><span data-contrast=\"none\"> | Hannah Espia | 2013 | 93\u2019 | Drama<\/span><span data-ccp-props=\"{\">\u00a0<\/span><\/p>\n<p><span data-contrast=\"none\">Moises, un pare solter filip\u00ed, torna a casa per a celebrar el quart aniversari del seu fill i descobreix que el govern Israeli\u00e0 deportar\u00e0 als fills dels treballadors estrangers.<\/span><span data-ccp-props=\"{\">\u00a0<\/span><\/p>\n<p><b><span data-contrast=\"none\">Hannah Espia<\/span><\/b><span data-contrast=\"none\"> (15 de Maig de 1987) \u00e9s una directora filipina millor coneguda per escriure i dirigir el drama independent de 2013 Transit. Es va casar amb l&#8217;editor Andrej Farba en 2017, i ha dirigit tres episodis (2020, 2023) de la s\u00e8rie Almost Paradise sota el nom Hannah Espia-Farbov\u00e1.<\/span><span data-ccp-props=\"{\">\u00a0<\/span><\/p>\n<p><span data-contrast=\"none\">Tr\u00e0iler: <\/span><a href=\"https:\/\/youtu.be\/l2lxs75inlk\"><span data-contrast=\"none\">https:\/\/youtu.be\/l2lxs75inlk<\/span><\/a><span data-ccp-props=\"{\">\u00a0<\/span><\/p>\n<hr \/>\n<p><span style=\"color: #ff0000;\">Dissabte 1 de juny de 2024\u00a0<\/span><\/p>\n<p><img loading=\"lazy\" decoding=\"async\" class=\"size-medium wp-image-49181 alignleft\" src=\"https:\/\/asianfilmfestival.barcelona\/2023\/wp-content\/uploads\/2024\/04\/Nowhere-Near-5-1600x900-c-default-300x169.webp\" alt=\"\" width=\"300\" height=\"169\" srcset=\"https:\/\/asianfilmfestival.barcelona\/2023\/wp-content\/uploads\/2024\/04\/Nowhere-Near-5-1600x900-c-default-300x169.webp 300w, https:\/\/asianfilmfestival.barcelona\/2023\/wp-content\/uploads\/2024\/04\/Nowhere-Near-5-1600x900-c-default-1030x579.webp 1030w, https:\/\/asianfilmfestival.barcelona\/2023\/wp-content\/uploads\/2024\/04\/Nowhere-Near-5-1600x900-c-default-768x432.webp 768w, https:\/\/asianfilmfestival.barcelona\/2023\/wp-content\/uploads\/2024\/04\/Nowhere-Near-5-1600x900-c-default-1536x864.webp 1536w, https:\/\/asianfilmfestival.barcelona\/2023\/wp-content\/uploads\/2024\/04\/Nowhere-Near-5-1600x900-c-default-1500x844.webp 1500w, https:\/\/asianfilmfestival.barcelona\/2023\/wp-content\/uploads\/2024\/04\/Nowhere-Near-5-1600x900-c-default-705x397.webp 705w, https:\/\/asianfilmfestival.barcelona\/2023\/wp-content\/uploads\/2024\/04\/Nowhere-Near-5-1600x900-c-default.webp 1600w\" sizes=\"auto, (max-width: 300px) 100vw, 300px\" \/><b><i><span data-contrast=\"none\">Nowhere Near <\/span><\/i><\/b><span data-contrast=\"none\">| Miko Revereza | 2023 | 96\u2019 | Documental<\/span><span data-ccp-props=\"{\">\u00a0<\/span><\/p>\n<p><span data-contrast=\"none\">La culminaci\u00f3 de diversos anys de rodatge, muntatge, trasllat i reflexi\u00f3, l&#8217;aclamat cineasta experimental Miko Revereza forja un retrat personal i profund de la immigraci\u00f3, la desil\u00b7lusi\u00f3 i la elusividad de la llar.<\/span><\/p>\n<p><b><span data-contrast=\"none\">Miko Revereza<\/span><\/b><span data-contrast=\"none\"> \u00e9s un cineasta experimental de Manila. Revereza va viure als Estats Units com a immigrant indocumentat, una experi\u00e8ncia que influeix en la seva obra. T\u00e9 un m\u00e0ster en Belles arts pel Bard College, per\u00f2 no \u00e9s llicenciat. En 2021 va guanyar el Premi Vilcek a la Promesa Creativa al Cinema i els seus curtmetratges han aparegut en la Criterion Collection. En <\/span><i><span data-contrast=\"none\">Nowhere Near<\/span><\/i><span data-contrast=\"none\">, el cineasta torna a Filipines per a enfrontar-se a una &#8220;maledicci\u00f3 familiar&#8221; i al llegat de l&#8217;imperialisme. Va ser inclosa en el Vaig marxar du Film de Cannes Docs Showcase. Va rebre finan\u00e7ament a trav\u00e9s d&#8217;una subvenci\u00f3 de Purin Pictures, la Assembly Grand del Open City Documentary Festival i el Hubert Bals Fund Bright Future Award del Festival Internacional de Cinema de Rotterdam.<\/span><span data-ccp-props=\"{\">\u00a0<\/span><\/p>\n<p><span data-contrast=\"none\">Tr\u00e0iler: <\/span><a href=\"https:\/\/youtu.be\/oh8h7xyhri8?si=8fz5gj4wtwbdxzyb\"><span data-contrast=\"none\">https:\/\/youtu.be\/oh8h7xyhri8?si=8fz5gj4wtwbdxzyb<\/span><\/a><span data-ccp-props=\"{\">\u00a0<\/span><\/p>\n<\/div><\/section>\n","protected":false},"excerpt":{"rendered":"","protected":false},"author":8,"featured_media":49199,"comment_status":"closed","ping_status":"open","sticky":false,"template":"","format":"standard","meta":{"_acf_changed":false,"footnotes":""},"categories":[33],"tags":[],"class_list":["post-49277","post","type-post","status-publish","format-standard","has-post-thumbnail","hentry","category-noticies"],"acf":[],"yoast_head":"<!-- This site is optimized with the Yoast SEO plugin v27.4 - https:\/\/yoast.com\/product\/yoast-seo-wordpress\/ -->\n<title>Programa de cinema filip\u00ed en el marc del projecte expositiu de Stephanie Comilang per a TBA21 - Asian Film Festival Barcelona<\/title>\n<meta name=\"robots\" content=\"noindex, follow, max-snippet:-1, max-image-preview:large, max-video-preview:-1\" \/>\n<meta property=\"og:locale\" content=\"ca_ES\" \/>\n<meta property=\"og:type\" content=\"article\" \/>\n<meta property=\"og:title\" content=\"Programa de cinema filip\u00ed en el marc del projecte expositiu de Stephanie Comilang per a TBA21 - Asian Film Festival Barcelona\" \/>\n<meta property=\"og:url\" content=\"https:\/\/asianfilmfestival.barcelona\/2023\/ca\/49277\/\" \/>\n<meta property=\"og:site_name\" content=\"Asian Film Festival Barcelona\" \/>\n<meta property=\"article:published_time\" content=\"2024-04-22T11:51:49+00:00\" \/>\n<meta property=\"article:modified_time\" content=\"2024-05-15T10:46:36+00:00\" \/>\n<meta property=\"og:image\" content=\"https:\/\/asianfilmfestival.barcelona\/2023\/wp-content\/uploads\/2024\/04\/tumblr_mjo1nwy0Ba1qbvrrwo5_1280-1.jpg\" \/>\n\t<meta property=\"og:image:width\" content=\"1280\" \/>\n\t<meta property=\"og:image:height\" content=\"946\" \/>\n\t<meta property=\"og:image:type\" content=\"image\/jpeg\" \/>\n<meta name=\"author\" content=\"Asian Film Festival Barcelona\" \/>\n<meta name=\"twitter:card\" content=\"summary_large_image\" \/>\n<meta name=\"twitter:label1\" content=\"Escrit per\" \/>\n\t<meta name=\"twitter:data1\" content=\"Asian Film Festival Barcelona\" \/>\n\t<meta name=\"twitter:label2\" content=\"Temps estimat de lectura\" \/>\n\t<meta name=\"twitter:data2\" content=\"7 minuts\" \/>\n<script type=\"application\/ld+json\" class=\"yoast-schema-graph\">{\"@context\":\"https:\\\/\\\/schema.org\",\"@graph\":[{\"@type\":\"Article\",\"@id\":\"https:\\\/\\\/asianfilmfestival.barcelona\\\/2023\\\/ca\\\/49277\\\/#article\",\"isPartOf\":{\"@id\":\"https:\\\/\\\/asianfilmfestival.barcelona\\\/2023\\\/ca\\\/49277\\\/\"},\"author\":{\"name\":\"Asian Film Festival Barcelona\",\"@id\":\"https:\\\/\\\/asianfilmfestival.barcelona\\\/2023\\\/ca\\\/#\\\/schema\\\/person\\\/86a1f3b7a536690d6c2c6d700ad93adb\"},\"headline\":\"Programa de cinema filip\u00ed en el marc del projecte expositiu de Stephanie Comilang per a TBA21\",\"datePublished\":\"2024-04-22T11:51:49+00:00\",\"dateModified\":\"2024-05-15T10:46:36+00:00\",\"mainEntityOfPage\":{\"@id\":\"https:\\\/\\\/asianfilmfestival.barcelona\\\/2023\\\/ca\\\/49277\\\/\"},\"wordCount\":1406,\"image\":{\"@id\":\"https:\\\/\\\/asianfilmfestival.barcelona\\\/2023\\\/ca\\\/49277\\\/#primaryimage\"},\"thumbnailUrl\":\"https:\\\/\\\/asianfilmfestival.barcelona\\\/2023\\\/wp-content\\\/uploads\\\/2024\\\/04\\\/tumblr_mjo1nwy0Ba1qbvrrwo5_1280-1.jpg\",\"articleSection\":[\"Not\u00edcies\"],\"inLanguage\":\"ca\"},{\"@type\":\"WebPage\",\"@id\":\"https:\\\/\\\/asianfilmfestival.barcelona\\\/2023\\\/ca\\\/49277\\\/\",\"url\":\"https:\\\/\\\/asianfilmfestival.barcelona\\\/2023\\\/ca\\\/49277\\\/\",\"name\":\"Programa de cinema filip\u00ed en el marc del projecte expositiu de Stephanie Comilang per a TBA21 - Asian Film Festival Barcelona\",\"isPartOf\":{\"@id\":\"https:\\\/\\\/asianfilmfestival.barcelona\\\/2023\\\/ca\\\/#website\"},\"primaryImageOfPage\":{\"@id\":\"https:\\\/\\\/asianfilmfestival.barcelona\\\/2023\\\/ca\\\/49277\\\/#primaryimage\"},\"image\":{\"@id\":\"https:\\\/\\\/asianfilmfestival.barcelona\\\/2023\\\/ca\\\/49277\\\/#primaryimage\"},\"thumbnailUrl\":\"https:\\\/\\\/asianfilmfestival.barcelona\\\/2023\\\/wp-content\\\/uploads\\\/2024\\\/04\\\/tumblr_mjo1nwy0Ba1qbvrrwo5_1280-1.jpg\",\"datePublished\":\"2024-04-22T11:51:49+00:00\",\"dateModified\":\"2024-05-15T10:46:36+00:00\",\"author\":{\"@id\":\"https:\\\/\\\/asianfilmfestival.barcelona\\\/2023\\\/ca\\\/#\\\/schema\\\/person\\\/86a1f3b7a536690d6c2c6d700ad93adb\"},\"breadcrumb\":{\"@id\":\"https:\\\/\\\/asianfilmfestival.barcelona\\\/2023\\\/ca\\\/49277\\\/#breadcrumb\"},\"inLanguage\":\"ca\",\"potentialAction\":[{\"@type\":\"ReadAction\",\"target\":[\"https:\\\/\\\/asianfilmfestival.barcelona\\\/2023\\\/ca\\\/49277\\\/\"]}]},{\"@type\":\"ImageObject\",\"inLanguage\":\"ca\",\"@id\":\"https:\\\/\\\/asianfilmfestival.barcelona\\\/2023\\\/ca\\\/49277\\\/#primaryimage\",\"url\":\"https:\\\/\\\/asianfilmfestival.barcelona\\\/2023\\\/wp-content\\\/uploads\\\/2024\\\/04\\\/tumblr_mjo1nwy0Ba1qbvrrwo5_1280-1.jpg\",\"contentUrl\":\"https:\\\/\\\/asianfilmfestival.barcelona\\\/2023\\\/wp-content\\\/uploads\\\/2024\\\/04\\\/tumblr_mjo1nwy0Ba1qbvrrwo5_1280-1.jpg\",\"width\":1280,\"height\":946},{\"@type\":\"BreadcrumbList\",\"@id\":\"https:\\\/\\\/asianfilmfestival.barcelona\\\/2023\\\/ca\\\/49277\\\/#breadcrumb\",\"itemListElement\":[{\"@type\":\"ListItem\",\"position\":1,\"name\":\"Home\",\"item\":\"https:\\\/\\\/asianfilmfestival.barcelona\\\/2023\\\/ca\\\/benvinguda-asian-film-festival-barcelona-2023\\\/\"},{\"@type\":\"ListItem\",\"position\":2,\"name\":\"Programa de cinema filip\u00ed en el marc del projecte expositiu de Stephanie Comilang per a TBA21\"}]},{\"@type\":\"WebSite\",\"@id\":\"https:\\\/\\\/asianfilmfestival.barcelona\\\/2023\\\/ca\\\/#website\",\"url\":\"https:\\\/\\\/asianfilmfestival.barcelona\\\/2023\\\/ca\\\/\",\"name\":\"Asian Film Festival Barcelona\",\"description\":\"2023\",\"potentialAction\":[{\"@type\":\"SearchAction\",\"target\":{\"@type\":\"EntryPoint\",\"urlTemplate\":\"https:\\\/\\\/asianfilmfestival.barcelona\\\/2023\\\/ca\\\/?s={search_term_string}\"},\"query-input\":{\"@type\":\"PropertyValueSpecification\",\"valueRequired\":true,\"valueName\":\"search_term_string\"}}],\"inLanguage\":\"ca\"},{\"@type\":\"Person\",\"@id\":\"https:\\\/\\\/asianfilmfestival.barcelona\\\/2023\\\/ca\\\/#\\\/schema\\\/person\\\/86a1f3b7a536690d6c2c6d700ad93adb\",\"name\":\"Asian Film Festival Barcelona\",\"image\":{\"@type\":\"ImageObject\",\"inLanguage\":\"ca\",\"@id\":\"https:\\\/\\\/secure.gravatar.com\\\/avatar\\\/2b70c89a32ff7923752020dbdcd7d17202d996fa13bbe4424cdbf22a297f3777?s=96&d=mm&r=g\",\"url\":\"https:\\\/\\\/secure.gravatar.com\\\/avatar\\\/2b70c89a32ff7923752020dbdcd7d17202d996fa13bbe4424cdbf22a297f3777?s=96&d=mm&r=g\",\"contentUrl\":\"https:\\\/\\\/secure.gravatar.com\\\/avatar\\\/2b70c89a32ff7923752020dbdcd7d17202d996fa13bbe4424cdbf22a297f3777?s=96&d=mm&r=g\",\"caption\":\"Asian Film Festival Barcelona\"}}]}<\/script>\n<!-- \/ Yoast SEO plugin. -->","yoast_head_json":{"title":"Programa de cinema filip\u00ed en el marc del projecte expositiu de Stephanie Comilang per a TBA21 - Asian Film Festival Barcelona","robots":{"index":"noindex","follow":"follow","max-snippet":"max-snippet:-1","max-image-preview":"max-image-preview:large","max-video-preview":"max-video-preview:-1"},"og_locale":"ca_ES","og_type":"article","og_title":"Programa de cinema filip\u00ed en el marc del projecte expositiu de Stephanie Comilang per a TBA21 - Asian Film Festival Barcelona","og_url":"https:\/\/asianfilmfestival.barcelona\/2023\/ca\/49277\/","og_site_name":"Asian Film Festival Barcelona","article_published_time":"2024-04-22T11:51:49+00:00","article_modified_time":"2024-05-15T10:46:36+00:00","og_image":[{"width":1280,"height":946,"url":"https:\/\/asianfilmfestival.barcelona\/2023\/wp-content\/uploads\/2024\/04\/tumblr_mjo1nwy0Ba1qbvrrwo5_1280-1.jpg","type":"image\/jpeg"}],"author":"Asian Film Festival Barcelona","twitter_card":"summary_large_image","twitter_misc":{"Escrit per":"Asian Film Festival Barcelona","Temps estimat de lectura":"7 minuts"},"schema":{"@context":"https:\/\/schema.org","@graph":[{"@type":"Article","@id":"https:\/\/asianfilmfestival.barcelona\/2023\/ca\/49277\/#article","isPartOf":{"@id":"https:\/\/asianfilmfestival.barcelona\/2023\/ca\/49277\/"},"author":{"name":"Asian Film Festival Barcelona","@id":"https:\/\/asianfilmfestival.barcelona\/2023\/ca\/#\/schema\/person\/86a1f3b7a536690d6c2c6d700ad93adb"},"headline":"Programa de cinema filip\u00ed en el marc del projecte expositiu de Stephanie Comilang per a TBA21","datePublished":"2024-04-22T11:51:49+00:00","dateModified":"2024-05-15T10:46:36+00:00","mainEntityOfPage":{"@id":"https:\/\/asianfilmfestival.barcelona\/2023\/ca\/49277\/"},"wordCount":1406,"image":{"@id":"https:\/\/asianfilmfestival.barcelona\/2023\/ca\/49277\/#primaryimage"},"thumbnailUrl":"https:\/\/asianfilmfestival.barcelona\/2023\/wp-content\/uploads\/2024\/04\/tumblr_mjo1nwy0Ba1qbvrrwo5_1280-1.jpg","articleSection":["Not\u00edcies"],"inLanguage":"ca"},{"@type":"WebPage","@id":"https:\/\/asianfilmfestival.barcelona\/2023\/ca\/49277\/","url":"https:\/\/asianfilmfestival.barcelona\/2023\/ca\/49277\/","name":"Programa de cinema filip\u00ed en el marc del projecte expositiu de Stephanie Comilang per a TBA21 - Asian Film Festival Barcelona","isPartOf":{"@id":"https:\/\/asianfilmfestival.barcelona\/2023\/ca\/#website"},"primaryImageOfPage":{"@id":"https:\/\/asianfilmfestival.barcelona\/2023\/ca\/49277\/#primaryimage"},"image":{"@id":"https:\/\/asianfilmfestival.barcelona\/2023\/ca\/49277\/#primaryimage"},"thumbnailUrl":"https:\/\/asianfilmfestival.barcelona\/2023\/wp-content\/uploads\/2024\/04\/tumblr_mjo1nwy0Ba1qbvrrwo5_1280-1.jpg","datePublished":"2024-04-22T11:51:49+00:00","dateModified":"2024-05-15T10:46:36+00:00","author":{"@id":"https:\/\/asianfilmfestival.barcelona\/2023\/ca\/#\/schema\/person\/86a1f3b7a536690d6c2c6d700ad93adb"},"breadcrumb":{"@id":"https:\/\/asianfilmfestival.barcelona\/2023\/ca\/49277\/#breadcrumb"},"inLanguage":"ca","potentialAction":[{"@type":"ReadAction","target":["https:\/\/asianfilmfestival.barcelona\/2023\/ca\/49277\/"]}]},{"@type":"ImageObject","inLanguage":"ca","@id":"https:\/\/asianfilmfestival.barcelona\/2023\/ca\/49277\/#primaryimage","url":"https:\/\/asianfilmfestival.barcelona\/2023\/wp-content\/uploads\/2024\/04\/tumblr_mjo1nwy0Ba1qbvrrwo5_1280-1.jpg","contentUrl":"https:\/\/asianfilmfestival.barcelona\/2023\/wp-content\/uploads\/2024\/04\/tumblr_mjo1nwy0Ba1qbvrrwo5_1280-1.jpg","width":1280,"height":946},{"@type":"BreadcrumbList","@id":"https:\/\/asianfilmfestival.barcelona\/2023\/ca\/49277\/#breadcrumb","itemListElement":[{"@type":"ListItem","position":1,"name":"Home","item":"https:\/\/asianfilmfestival.barcelona\/2023\/ca\/benvinguda-asian-film-festival-barcelona-2023\/"},{"@type":"ListItem","position":2,"name":"Programa de cinema filip\u00ed en el marc del projecte expositiu de Stephanie Comilang per a TBA21"}]},{"@type":"WebSite","@id":"https:\/\/asianfilmfestival.barcelona\/2023\/ca\/#website","url":"https:\/\/asianfilmfestival.barcelona\/2023\/ca\/","name":"Asian Film Festival Barcelona","description":"2023","potentialAction":[{"@type":"SearchAction","target":{"@type":"EntryPoint","urlTemplate":"https:\/\/asianfilmfestival.barcelona\/2023\/ca\/?s={search_term_string}"},"query-input":{"@type":"PropertyValueSpecification","valueRequired":true,"valueName":"search_term_string"}}],"inLanguage":"ca"},{"@type":"Person","@id":"https:\/\/asianfilmfestival.barcelona\/2023\/ca\/#\/schema\/person\/86a1f3b7a536690d6c2c6d700ad93adb","name":"Asian Film Festival Barcelona","image":{"@type":"ImageObject","inLanguage":"ca","@id":"https:\/\/secure.gravatar.com\/avatar\/2b70c89a32ff7923752020dbdcd7d17202d996fa13bbe4424cdbf22a297f3777?s=96&d=mm&r=g","url":"https:\/\/secure.gravatar.com\/avatar\/2b70c89a32ff7923752020dbdcd7d17202d996fa13bbe4424cdbf22a297f3777?s=96&d=mm&r=g","contentUrl":"https:\/\/secure.gravatar.com\/avatar\/2b70c89a32ff7923752020dbdcd7d17202d996fa13bbe4424cdbf22a297f3777?s=96&d=mm&r=g","caption":"Asian Film Festival Barcelona"}}]}},"_links":{"self":[{"href":"https:\/\/asianfilmfestival.barcelona\/2023\/ca\/wp-json\/wp\/v2\/posts\/49277","targetHints":{"allow":["GET"]}}],"collection":[{"href":"https:\/\/asianfilmfestival.barcelona\/2023\/ca\/wp-json\/wp\/v2\/posts"}],"about":[{"href":"https:\/\/asianfilmfestival.barcelona\/2023\/ca\/wp-json\/wp\/v2\/types\/post"}],"author":[{"embeddable":true,"href":"https:\/\/asianfilmfestival.barcelona\/2023\/ca\/wp-json\/wp\/v2\/users\/8"}],"replies":[{"embeddable":true,"href":"https:\/\/asianfilmfestival.barcelona\/2023\/ca\/wp-json\/wp\/v2\/comments?post=49277"}],"version-history":[{"count":5,"href":"https:\/\/asianfilmfestival.barcelona\/2023\/ca\/wp-json\/wp\/v2\/posts\/49277\/revisions"}],"predecessor-version":[{"id":49381,"href":"https:\/\/asianfilmfestival.barcelona\/2023\/ca\/wp-json\/wp\/v2\/posts\/49277\/revisions\/49381"}],"wp:featuredmedia":[{"embeddable":true,"href":"https:\/\/asianfilmfestival.barcelona\/2023\/ca\/wp-json\/wp\/v2\/media\/49199"}],"wp:attachment":[{"href":"https:\/\/asianfilmfestival.barcelona\/2023\/ca\/wp-json\/wp\/v2\/media?parent=49277"}],"wp:term":[{"taxonomy":"category","embeddable":true,"href":"https:\/\/asianfilmfestival.barcelona\/2023\/ca\/wp-json\/wp\/v2\/categories?post=49277"},{"taxonomy":"post_tag","embeddable":true,"href":"https:\/\/asianfilmfestival.barcelona\/2023\/ca\/wp-json\/wp\/v2\/tags?post=49277"}],"curies":[{"name":"wp","href":"https:\/\/api.w.org\/{rel}","templated":true}]}}