{"id":49056,"date":"2024-02-01T13:36:29","date_gmt":"2024-02-01T12:36:29","guid":{"rendered":"https:\/\/asianfilmfestival.barcelona\/2023\/?p=49056"},"modified":"2024-04-15T12:54:27","modified_gmt":"2024-04-15T10:54:27","slug":"orient-express-casa-asia-a-beteve","status":"publish","type":"post","link":"https:\/\/asianfilmfestival.barcelona\/2023\/ca\/orient-express-casa-asia-a-beteve\/","title":{"rendered":"ORIENT EXPRESS: CASA \u00c0SIA\u202fa\u202fBETEV\u00c9 6 de Gener a 30 de Mar\u00e7 de 2024"},"content":{"rendered":"<section  class='av_textblock_section av-lutqspuu-1395ce9f568ab4cb021b6dadd47dd4f4 '  ><div class='avia_textblock' ><h2><img loading=\"lazy\" decoding=\"async\" class=\"aligncenter wp-image-48992 size-large\" src=\"https:\/\/asianfilmfestival.barcelona\/2023\/wp-content\/uploads\/2024\/04\/Iran-LIPAR-02-1030x686.jpg\" alt=\"\" width=\"1030\" height=\"686\" srcset=\"https:\/\/asianfilmfestival.barcelona\/2023\/wp-content\/uploads\/2024\/04\/Iran-LIPAR-02-1030x686.jpg 1030w, https:\/\/asianfilmfestival.barcelona\/2023\/wp-content\/uploads\/2024\/04\/Iran-LIPAR-02-300x200.jpg 300w, https:\/\/asianfilmfestival.barcelona\/2023\/wp-content\/uploads\/2024\/04\/Iran-LIPAR-02-768x512.jpg 768w, https:\/\/asianfilmfestival.barcelona\/2023\/wp-content\/uploads\/2024\/04\/Iran-LIPAR-02-705x470.jpg 705w, https:\/\/asianfilmfestival.barcelona\/2023\/wp-content\/uploads\/2024\/04\/Iran-LIPAR-02.jpg 1150w\" sizes=\"auto, (max-width: 1030px) 100vw, 1030px\" \/><\/h2>\n<h2 style=\"text-align: center;\"><b><span data-contrast=\"none\">ORIENT EXPRESS<\/span><\/b><span data-contrast=\"none\">\u202f<\/span><span data-ccp-props=\"{\">\u00a0<\/span><\/h2>\n<h2 style=\"text-align: center;\"><b><span data-contrast=\"none\">\u202fCASA \u00c0SIA\u202fa\u202fBETEV\u00c9<\/span><\/b><span data-contrast=\"none\">\u202fGen-Mar <\/span><b><span data-contrast=\"none\">2024 <br class=\"avia-permanent-lb\" \/><br class=\"avia-permanent-lb\" \/><\/span><\/b><\/h2>\n<h4 style=\"text-align: left;\">Aquest primer trimestre engloba des del 6 de Gener fins al 30 de Mar\u00e7 de 2024.<\/h4>\n<hr \/>\n<h4 aria-level=\"1\"><span data-contrast=\"none\">PROGRAMA<\/span><span data-ccp-props=\"{\">\u00a0<\/span><\/h4>\n<p><span style=\"color: #ff0000;\">Dissabte 6 de gener a les 21.00h<\/span><\/p>\n<p><img loading=\"lazy\" decoding=\"async\" class=\"alignleft wp-image-48995 size-medium\" src=\"https:\/\/asianfilmfestival.barcelona\/2023\/wp-content\/uploads\/2024\/04\/Kirguistan-THE-ROAD-TO-EDEN-4-300x169.jpg\" alt=\"\" width=\"300\" height=\"169\" srcset=\"https:\/\/asianfilmfestival.barcelona\/2023\/wp-content\/uploads\/2024\/04\/Kirguistan-THE-ROAD-TO-EDEN-4-300x169.jpg 300w, https:\/\/asianfilmfestival.barcelona\/2023\/wp-content\/uploads\/2024\/04\/Kirguistan-THE-ROAD-TO-EDEN-4-1030x579.jpg 1030w, https:\/\/asianfilmfestival.barcelona\/2023\/wp-content\/uploads\/2024\/04\/Kirguistan-THE-ROAD-TO-EDEN-4-768x432.jpg 768w, https:\/\/asianfilmfestival.barcelona\/2023\/wp-content\/uploads\/2024\/04\/Kirguistan-THE-ROAD-TO-EDEN-4-1536x864.jpg 1536w, https:\/\/asianfilmfestival.barcelona\/2023\/wp-content\/uploads\/2024\/04\/Kirguistan-THE-ROAD-TO-EDEN-4-1500x844.jpg 1500w, https:\/\/asianfilmfestival.barcelona\/2023\/wp-content\/uploads\/2024\/04\/Kirguistan-THE-ROAD-TO-EDEN-4-705x397.jpg 705w, https:\/\/asianfilmfestival.barcelona\/2023\/wp-content\/uploads\/2024\/04\/Kirguistan-THE-ROAD-TO-EDEN-4.jpg 1920w\" sizes=\"auto, (max-width: 300px) 100vw, 300px\" \/><\/p>\n<p><b><span data-contrast=\"none\"> <br class=\"avia-permanent-lb\" \/><br class=\"avia-permanent-lb\" \/><br class=\"avia-permanent-lb\" \/><br class=\"avia-permanent-lb\" \/><br class=\"avia-permanent-lb\" \/><br class=\"avia-permanent-lb\" \/><br class=\"avia-permanent-lb\" \/><br class=\"avia-permanent-lb\" \/><br class=\"avia-permanent-lb\" \/>Kirguizistan<\/span><\/b><span data-ccp-props=\"{\">\u00a0<\/span><\/p>\n<p><b><i><span data-contrast=\"auto\">The Road to Eden<\/span><\/i><\/b><b><span data-contrast=\"auto\"> | Dir: Bakyt Mukul, Dastan Zhapar Uulu | 2020 | 121\u2019 | VOSE | Drama<\/span><\/b><span data-ccp-props=\"{\">\u00a0<\/span><\/p>\n<p><span data-contrast=\"auto\">Un c\u00e8lebre escriptor jubilat, Kubat Aliev, viu els seus \u00faltims dies sumit en la m\u00e9s absoluta precarietat en una societat on cada vegada m\u00e9s l\u2019\u00fanic que es valora \u00e9s la riquesa. \u00c9s vidu sense fills, i el seu \u00fanic desig \u00e9s que la literatura segueixi il\u00b7luminant a la desencantada i petita naci\u00f3 a la qual pertany. Creu veure en el seu amic Sapar, un jove escriptor amb talent, un hereu del seu llegat. No obstant aix\u00f2, Sapar est\u00e0 molt malalt i necessita un tractament cost\u00f3s. Quan Kubat decideix vendre el seu apartament per salvar la vida de l\u2019escriptor postrat al llit, s\u2019assabenta que el seu germ\u00e0 petit, un home de negocis, est\u00e0 sent perseguit per hisenda a causa dels seus deutes. Kubat es troba entre el seu desig de salvar la vida de l\u2019escriptor malalt i la pressi\u00f3 de salvar la seva fam\u00edlia.<\/span><\/p>\n<p><b><span data-contrast=\"auto\">Bakyt Mukulis <\/span><\/b><span data-contrast=\"auto\">ha estat premiat en diversos festivals internacionals i ha estat reconegut al seu pa\u00eds com a actor, escriptor i director. Es va graduar el 1991 a una Escola de Teatre com a actor i director de cinema i \u00e9s membre de la Uni\u00f3 de directors de fotografia del seu pa\u00eds. El seu primer llargmetratge va ser <\/span><i><span data-contrast=\"auto\">A Father\u2019s Will<\/span><\/i><span data-contrast=\"auto\"> (2016), que va escriure i dirigir al costat del tamb\u00e9 realitzador i director de fotografia Dastan Zhapar Uulu, amb el qual ha seguit comptant per la seva \u00faltima pel\u00b7l\u00edcula,<\/span><i><span data-contrast=\"auto\"> Road to Eden<\/span><\/i><span data-contrast=\"auto\"> (2020).<\/span><span data-ccp-props=\"{\">\u00a0<\/span><\/p>\n<hr \/>\n<p><span style=\"color: #ff0000;\">Dissabte 13 de gener a les 21.00h<\/span><\/p>\n<p><span style=\"color: #ff0000;\"><img loading=\"lazy\" decoding=\"async\" class=\"alignleft wp-image-48992 size-medium\" src=\"https:\/\/asianfilmfestival.barcelona\/2023\/wp-content\/uploads\/2024\/04\/Iran-LIPAR-02-300x200.jpg\" alt=\"\" width=\"300\" height=\"200\" srcset=\"https:\/\/asianfilmfestival.barcelona\/2023\/wp-content\/uploads\/2024\/04\/Iran-LIPAR-02-300x200.jpg 300w, https:\/\/asianfilmfestival.barcelona\/2023\/wp-content\/uploads\/2024\/04\/Iran-LIPAR-02-1030x686.jpg 1030w, https:\/\/asianfilmfestival.barcelona\/2023\/wp-content\/uploads\/2024\/04\/Iran-LIPAR-02-768x512.jpg 768w, https:\/\/asianfilmfestival.barcelona\/2023\/wp-content\/uploads\/2024\/04\/Iran-LIPAR-02-705x470.jpg 705w, https:\/\/asianfilmfestival.barcelona\/2023\/wp-content\/uploads\/2024\/04\/Iran-LIPAR-02.jpg 1150w\" sizes=\"auto, (max-width: 300px) 100vw, 300px\" \/><\/span><b><\/b><\/p>\n<p><b><span data-contrast=\"none\"> <br class=\"avia-permanent-lb\" \/><br class=\"avia-permanent-lb\" \/><br class=\"avia-permanent-lb\" \/><br class=\"avia-permanent-lb\" \/><br class=\"avia-permanent-lb\" \/><br class=\"avia-permanent-lb\" \/><br class=\"avia-permanent-lb\" \/><br class=\"avia-permanent-lb\" \/><br class=\"avia-permanent-lb\" \/><br class=\"avia-permanent-lb\" \/><br class=\"avia-permanent-lb\" \/>Iran<\/span><\/b><\/p>\n<p><b><i><span data-contrast=\"auto\">Lipar <\/span><\/i><\/b><b><span data-contrast=\"auto\">|<\/span><\/b> <b><span data-contrast=\"auto\">Dir: Hussein Rigi | 2021 | 90\u2019 | VOSC | Drama<\/span><\/b><\/p>\n<p><span data-contrast=\"auto\">Barakat, un adolescent balutxi, que somia amb el cinema i la idea de fer que el cinema sigui realitat. La seva obsessi\u00f3 es localitza a les imatges del Bollywood, que per a ell \u00e9s la m\u00e0xima expressi\u00f3 de les seves aspiracions, per\u00f2 tamb\u00e9 una resposta a tota mena de preguntes que es fa des de la inf\u00e0ncia.<\/span><\/p>\n<p><b><span data-contrast=\"auto\">Hossein Rigi<\/span><\/b><span data-contrast=\"auto\"> (Zahedan, 1978) va comen\u00e7ar la seva traject\u00f2ria com a realitzador de curtmetratges el 1995. En cinc anys, va dirigir m\u00e9s de 20 curtmetratges, documentals i pel\u00b7l\u00edcules animades, que es van projectar a molts festivals nacionals i internacionals. La majoria de les seves produccions estan dedicades i centrades en la cultura, la societat i la geografia de la prov\u00edncia de la ciutat natal. <\/span><i><span data-contrast=\"auto\">Lipar <\/span><\/i><span data-contrast=\"auto\">\u00e9s el seu primer llargmetratge.<\/span><span data-ccp-props=\"{\">\u00a0<\/span><\/p>\n<hr \/>\n<p><span style=\"color: #ff0000;\">Dissabte 20 de gener a les 21.00h<\/span><\/p>\n<p><img loading=\"lazy\" decoding=\"async\" class=\"alignleft wp-image-48998 size-medium\" src=\"https:\/\/asianfilmfestival.barcelona\/2023\/wp-content\/uploads\/2024\/04\/India-PIG-02-300x198.png\" alt=\"\" width=\"300\" height=\"198\" srcset=\"https:\/\/asianfilmfestival.barcelona\/2023\/wp-content\/uploads\/2024\/04\/India-PIG-02-300x198.png 300w, https:\/\/asianfilmfestival.barcelona\/2023\/wp-content\/uploads\/2024\/04\/India-PIG-02-1030x679.png 1030w, https:\/\/asianfilmfestival.barcelona\/2023\/wp-content\/uploads\/2024\/04\/India-PIG-02-768x506.png 768w, https:\/\/asianfilmfestival.barcelona\/2023\/wp-content\/uploads\/2024\/04\/India-PIG-02-705x465.png 705w, https:\/\/asianfilmfestival.barcelona\/2023\/wp-content\/uploads\/2024\/04\/India-PIG-02.png 1162w\" sizes=\"auto, (max-width: 300px) 100vw, 300px\" \/><\/p>\n<p><b><span data-contrast=\"none\"> <br class=\"avia-permanent-lb\" \/><br class=\"avia-permanent-lb\" \/><br class=\"avia-permanent-lb\" \/><br class=\"avia-permanent-lb\" \/><br class=\"avia-permanent-lb\" \/><br class=\"avia-permanent-lb\" \/><br class=\"avia-permanent-lb\" \/><br class=\"avia-permanent-lb\" \/><br class=\"avia-permanent-lb\" \/><br class=\"avia-permanent-lb\" \/><br class=\"avia-permanent-lb\" \/>\u00cdndia<\/span><\/b><span data-ccp-props=\"{\">\u00a0<\/span><\/p>\n<p><b><i><span data-contrast=\"auto\">Pig<\/span><\/i><\/b><b><span data-contrast=\"auto\"> | Dir: Thamizh | 2021 | 117\u2019 | VOSC | Drama<\/span><\/b><span data-ccp-props=\"{\">\u00a0<\/span><\/p>\n<p><span data-contrast=\"auto\">Poochi \u00e9s un afable venedor de cistelles, que viu amb el seu n\u00e9t, Kumaresan, en una petita cabana ubicada a la terra del seu propietari, Vellaiyan. Els pares de Kumaresan van ser assassinats en un mot\u00ed de castes fa uns anys i ara Poochi cuida el nen orfe que vol veure triomfar en el futur. Per aix\u00f2 fa tota mena de feines per estalviar diners i portar Kumaresan a una escola privada. La seva relaci\u00f3 amb un dels terratinents de la zona, d\u2019una casta superior, al servei de la qual es posa per aconseguir el seu objectiu, ser\u00e0 no obstant l\u2019origen d\u2019un conflicte que far\u00e0 perillar les seves aspiracions.<\/span><\/p>\n<p><b><span data-contrast=\"auto\">Thamizh <\/span><\/b><span data-contrast=\"auto\">\u00e9s un apassionat del cinema des de la inf\u00e0ncia. Ha dirigit tres curtmetratges: <\/span><i><span data-contrast=\"auto\">12 de juny<\/span><\/i><span data-contrast=\"auto\">,<\/span><i><span data-contrast=\"auto\"> Un mensaje recibido<\/span><\/i><span data-contrast=\"auto\"> i <\/span><i><span data-contrast=\"auto\">Selfie<\/span><\/i><span data-contrast=\"auto\">. Molts dels seus contes tamb\u00e9 es publiquen en les revistes Tamizh Magazines Ananda Vikatan i Bhagya. <\/span><i><span data-contrast=\"auto\">Seththumaan (Porc) <\/span><\/i><span data-contrast=\"auto\">\u00e9s el seu primer llargmetratge.<\/span><span data-ccp-props=\"{\">\u00a0<\/span><\/p>\n<hr \/>\n<p><span style=\"color: #ff0000;\">Dissabte 27 de gener a les 21.00h<\/span><\/p>\n<p><img loading=\"lazy\" decoding=\"async\" class=\"alignleft wp-image-49001 size-medium\" src=\"https:\/\/asianfilmfestival.barcelona\/2023\/wp-content\/uploads\/2024\/04\/Mongolia-THE-SALES-GIRL-03-300x158.jpg\" alt=\"\" width=\"300\" height=\"158\" srcset=\"https:\/\/asianfilmfestival.barcelona\/2023\/wp-content\/uploads\/2024\/04\/Mongolia-THE-SALES-GIRL-03-300x158.jpg 300w, https:\/\/asianfilmfestival.barcelona\/2023\/wp-content\/uploads\/2024\/04\/Mongolia-THE-SALES-GIRL-03-1030x543.jpg 1030w, https:\/\/asianfilmfestival.barcelona\/2023\/wp-content\/uploads\/2024\/04\/Mongolia-THE-SALES-GIRL-03-768x405.jpg 768w, https:\/\/asianfilmfestival.barcelona\/2023\/wp-content\/uploads\/2024\/04\/Mongolia-THE-SALES-GIRL-03-710x375.jpg 710w, https:\/\/asianfilmfestival.barcelona\/2023\/wp-content\/uploads\/2024\/04\/Mongolia-THE-SALES-GIRL-03-705x371.jpg 705w, https:\/\/asianfilmfestival.barcelona\/2023\/wp-content\/uploads\/2024\/04\/Mongolia-THE-SALES-GIRL-03.jpg 1454w\" sizes=\"auto, (max-width: 300px) 100vw, 300px\" \/><\/p>\n<p><b><span data-contrast=\"none\"> <br class=\"avia-permanent-lb\" \/><br class=\"avia-permanent-lb\" \/><br class=\"avia-permanent-lb\" \/><br class=\"avia-permanent-lb\" \/><br class=\"avia-permanent-lb\" \/><br class=\"avia-permanent-lb\" \/><br class=\"avia-permanent-lb\" \/><br class=\"avia-permanent-lb\" \/><br class=\"avia-permanent-lb\" \/>Mong\u00f2lia<\/span><\/b><\/p>\n<p><b><i><span data-contrast=\"auto\">The Sales Girl <\/span><\/i><\/b><b><span data-contrast=\"auto\">| Dir: Sengedori Janchirjorj | 2022 | 123\u2019 | VOSE | Drama<\/span><\/b><\/p>\n<p><span data-contrast=\"auto\">L\u2019estudiant Namuuna rellisca amb una pell de pl\u00e0tan i es trenca una cama. Ha de trobar una substituta discreta i pensa en la seva companya d\u2019estudis Saruul. No li costa molt conv\u00e8ncer-la perqu\u00e8 el salari li \u00e9s convenient i el treball \u00e9s f\u00e0cil. La tasca consisteix en atendre un sex shop, vendre tota mena de potenciadors de plaer, fer algunes entregues ocasionals. Al final del dia ha d\u2019anar, per \u00faltim, a entregar personalment la recaptaci\u00f3 a la Katya, la propiet\u00e0ria de la botiga, una dona exc\u00e8ntrica de mitjana edat que viu amb un gat en un sofisticat apartament.<\/span><\/p>\n<p><b><span data-contrast=\"auto\">Sengedori Janchirjorj<\/span><\/b><span data-contrast=\"auto\"> (1976, Mong\u00f2lia) \u00e9s un director de teatre i cinema. Entre el 1995 i el 1999 va estudiar a la Facultat de Mitjans i Arts Cinematogr\u00e0fiques, llicenciant-se en cinema i direcci\u00f3 cinematogr\u00e0fica. Va ser tamb\u00e9 el director de l\u2019Institut de Cinema del Teatre Nacional de la Joventut entre el 2000 i el 2003. Dirigeix el Sun Group des del 2013 i \u00e9s membre de l\u2019Associaci\u00f3 de la Ind\u00fastria Cinematogr\u00e0fica de Mong\u00f2lia. Compta aix\u00ed amb una llarga traject\u00f2ria en la que ha aconseguit captar freq\u00fcentment l\u2019inter\u00e8s i reconeixement del p\u00fablic des de 2010 amb Adam\/Oxygen.<\/span><span data-ccp-props=\"{\">\u00a0<\/span><\/p>\n<hr \/>\n<p><span style=\"color: #ff0000;\">Dissabte 3 de febrer a les 21.00h<\/span><\/p>\n<p><img loading=\"lazy\" decoding=\"async\" class=\"alignleft wp-image-49004 size-medium\" src=\"https:\/\/asianfilmfestival.barcelona\/2023\/wp-content\/uploads\/2024\/04\/Sri-Lanka-ALBORADA-05-300x126.jpg\" alt=\"\" width=\"300\" height=\"126\" srcset=\"https:\/\/asianfilmfestival.barcelona\/2023\/wp-content\/uploads\/2024\/04\/Sri-Lanka-ALBORADA-05-300x126.jpg 300w, https:\/\/asianfilmfestival.barcelona\/2023\/wp-content\/uploads\/2024\/04\/Sri-Lanka-ALBORADA-05-1030x431.jpg 1030w, https:\/\/asianfilmfestival.barcelona\/2023\/wp-content\/uploads\/2024\/04\/Sri-Lanka-ALBORADA-05-768x321.jpg 768w, https:\/\/asianfilmfestival.barcelona\/2023\/wp-content\/uploads\/2024\/04\/Sri-Lanka-ALBORADA-05-1536x643.jpg 1536w, https:\/\/asianfilmfestival.barcelona\/2023\/wp-content\/uploads\/2024\/04\/Sri-Lanka-ALBORADA-05-1500x628.jpg 1500w, https:\/\/asianfilmfestival.barcelona\/2023\/wp-content\/uploads\/2024\/04\/Sri-Lanka-ALBORADA-05-705x295.jpg 705w, https:\/\/asianfilmfestival.barcelona\/2023\/wp-content\/uploads\/2024\/04\/Sri-Lanka-ALBORADA-05.jpg 1830w\" sizes=\"auto, (max-width: 300px) 100vw, 300px\" \/><\/p>\n<p><b><span data-contrast=\"none\"> <br class=\"avia-permanent-lb\" \/><br class=\"avia-permanent-lb\" \/><br class=\"avia-permanent-lb\" \/><br class=\"avia-permanent-lb\" \/><br class=\"avia-permanent-lb\" \/><br class=\"avia-permanent-lb\" \/><br class=\"avia-permanent-lb\" \/>Sri Lanka<\/span><\/b><span data-ccp-props=\"{\">\u00a0<\/span><\/p>\n<p><b><span data-contrast=\"auto\">Alborada | Dir: Asoka Handagama | 2021 | 108\u2019 | VOSE | Drama<\/span><\/b><span data-ccp-props=\"{\">\u00a0<\/span><\/p>\n<p><span data-contrast=\"auto\">La pel\u00b7l\u00edcula narra la hist\u00f2ria de la suposada agressi\u00f3 sexual comesa peel poeta Pablo Neruda quan va ser C\u00f2nsol Honorari de Xile al Ceilan colonial brit\u00e0nic, de 1929 a 1931. A partir del relat que fa el propi Neruda a <\/span><i><span data-contrast=\"auto\">Confesso que he viscut<\/span><\/i><span data-contrast=\"auto\"> (1974), al cap\u00edtol \u201cLa solitud lluminosa\u201d, en set l\u00ednies el lector s\u2019assabenta com abusa d\u2019una noia t\u00e0mil, que ve de las castes m\u00e9s baixes dels Sakkilie, que s\u00f3n considerats \u201cintocables\u201d. Es tracta d\u2019una dona innocent, que sense saber-ho va participar en una estranya hist\u00f2ria de la que queda molt per a con\u00e8ixer.<\/span><span data-ccp-props=\"{\">\u00a0<\/span><\/p>\n<p><b><span data-contrast=\"auto\">Asoka Handagama <\/span><\/b><span data-contrast=\"auto\">(Sri Lanka, 1962) \u00e9s considerat com a un dels l\u00edders de la tercera generaci\u00f3 de cinema. Va estudiar matem\u00e0tiques a la Universitat de Kelaniya i va obtenir el M\u00e0ster en Economia del Desenvolupament a la Universitat de Warwick al 1995. Pel\u00b7l\u00edcules seves com <\/span><i><span data-contrast=\"auto\">This is My Moon<\/span><\/i><span data-contrast=\"auto\"> (2000),<\/span><i><span data-contrast=\"auto\"> Flying with One Wing<\/span><\/i><span data-contrast=\"auto\"> (2002) exploren noves formes de narrar. El Festival Internacional de Cinema d\u2019Amiens, li va rendir un homenatge per la seva contribuci\u00f3 al desenvolupament del cinema independent a \u00c0sia. Ell es reconeix com a un admirador de l\u2019 obra de Pablo Neruda, pel que llegir aquell passatge va generar-li un fort impacte, fent exposar la seva pr\u00f2pia versi\u00f3 dels fets.<\/span><span data-ccp-props=\"{\">\u00a0<\/span><\/p>\n<hr \/>\n<p><span style=\"color: #ff0000;\">Dissabte 10 de febrer a les 21.00h<\/span><\/p>\n<p><span style=\"color: #ff0000;\"><img loading=\"lazy\" decoding=\"async\" class=\"alignleft wp-image-49007 size-medium\" src=\"https:\/\/asianfilmfestival.barcelona\/2023\/wp-content\/uploads\/2024\/04\/Pakistan-KAMLI-02-300x157.jpg\" alt=\"\" width=\"300\" height=\"157\" srcset=\"https:\/\/asianfilmfestival.barcelona\/2023\/wp-content\/uploads\/2024\/04\/Pakistan-KAMLI-02-300x157.jpg 300w, https:\/\/asianfilmfestival.barcelona\/2023\/wp-content\/uploads\/2024\/04\/Pakistan-KAMLI-02-1030x539.jpg 1030w, https:\/\/asianfilmfestival.barcelona\/2023\/wp-content\/uploads\/2024\/04\/Pakistan-KAMLI-02-768x402.jpg 768w, https:\/\/asianfilmfestival.barcelona\/2023\/wp-content\/uploads\/2024\/04\/Pakistan-KAMLI-02-710x375.jpg 710w, https:\/\/asianfilmfestival.barcelona\/2023\/wp-content\/uploads\/2024\/04\/Pakistan-KAMLI-02-705x369.jpg 705w, https:\/\/asianfilmfestival.barcelona\/2023\/wp-content\/uploads\/2024\/04\/Pakistan-KAMLI-02.jpg 1200w\" sizes=\"auto, (max-width: 300px) 100vw, 300px\" \/><\/span><b><\/b><\/p>\n<p><b><span data-contrast=\"none\"> <br class=\"avia-permanent-lb\" \/><br class=\"avia-permanent-lb\" \/><br class=\"avia-permanent-lb\" \/><br class=\"avia-permanent-lb\" \/><br class=\"avia-permanent-lb\" \/><br class=\"avia-permanent-lb\" \/><br class=\"avia-permanent-lb\" \/><br class=\"avia-permanent-lb\" \/><br class=\"avia-permanent-lb\" \/>Pakistan<\/span><\/b><\/p>\n<p><b><i><span data-contrast=\"auto\">Kamli<\/span><\/i><\/b><b><span data-contrast=\"auto\"> | Dir: Sarmad Sultan Khoosat | 2022 | 130\u2019 | VOSC | Drama<\/span><\/b><\/p>\n<p><span data-contrast=\"auto\">Una jove casada, que conviu amb la seva cunyada cega, fa vuit anys que espera el retorn a casa del seu marit. Un dia est\u00e0 a punt de morir ofegada a l\u2019estany dels voltants, quan un misteri\u00f3s rodamon anomenat Amaltas la rescata. Aix\u00f2 canvia inesperadament la seva vida posant-la davant d\u2019un dilema entre el marit i el salvador. Ser\u00e0 capa\u00e7 de frenar la for\u00e7a del desig o caur\u00e0 a la temptaci\u00f3?<\/span><span data-ccp-props=\"{\">\u00a0<\/span><\/p>\n<p><b><span data-contrast=\"auto\">Sarmad Sultan Khoosat<\/span><\/b><span data-contrast=\"auto\"> (Pakistan, 1979) \u00e9s un director productor, guionista i actor, conegut per <\/span><i><span data-contrast=\"auto\">Zindagi Tamasha (Circus of Life)<\/span><\/i><span data-contrast=\"auto\"> (2019), <\/span><i><span data-contrast=\"auto\">Manto <\/span><\/i><span data-contrast=\"auto\">(2015) i <\/span><i><span data-contrast=\"auto\">Joyland <\/span><\/i><span data-contrast=\"auto\">(2022). La seva pel\u00b7l\u00edcula <\/span><i><span data-contrast=\"auto\">Zindagi Tamasha (Circus of Life)<\/span><\/i><span data-contrast=\"auto\"> (2019) va ser seleccionada com a millor pel\u00b7l\u00edcula internacional a la 93a edici\u00f3 dels Premis de l\u2019Acad\u00e8mia. A m\u00e9s, es va estrenar al 24\u00e8 Festival Internacional de Cinema de Busan dins de la secci\u00f3 \u201cA Window on Asian Cinema\u201d.<\/span><span data-ccp-props=\"{\">\u00a0<\/span><\/p>\n<hr \/>\n<p><span style=\"color: #ff0000;\">Dissabte 17 de febrer a les 21.00h<\/span><\/p>\n<p><img loading=\"lazy\" decoding=\"async\" class=\"alignleft wp-image-49011 size-medium\" src=\"https:\/\/asianfilmfestival.barcelona\/2023\/wp-content\/uploads\/2024\/01\/Iran-BONE-MARROW-03-300x200.jpg\" alt=\"\" width=\"300\" height=\"200\" srcset=\"https:\/\/asianfilmfestival.barcelona\/2023\/wp-content\/uploads\/2024\/01\/Iran-BONE-MARROW-03-300x200.jpg 300w, https:\/\/asianfilmfestival.barcelona\/2023\/wp-content\/uploads\/2024\/01\/Iran-BONE-MARROW-03-1030x686.jpg 1030w, https:\/\/asianfilmfestival.barcelona\/2023\/wp-content\/uploads\/2024\/01\/Iran-BONE-MARROW-03-768x512.jpg 768w, https:\/\/asianfilmfestival.barcelona\/2023\/wp-content\/uploads\/2024\/01\/Iran-BONE-MARROW-03-705x470.jpg 705w, https:\/\/asianfilmfestival.barcelona\/2023\/wp-content\/uploads\/2024\/01\/Iran-BONE-MARROW-03.jpg 1150w\" sizes=\"auto, (max-width: 300px) 100vw, 300px\" \/><\/p>\n<p><b><span data-contrast=\"none\"> <br class=\"avia-permanent-lb\" \/><br class=\"avia-permanent-lb\" \/><br class=\"avia-permanent-lb\" \/><br class=\"avia-permanent-lb\" \/><br class=\"avia-permanent-lb\" \/><br class=\"avia-permanent-lb\" \/><br class=\"avia-permanent-lb\" \/><br class=\"avia-permanent-lb\" \/><br class=\"avia-permanent-lb\" \/><br class=\"avia-permanent-lb\" \/><br class=\"avia-permanent-lb\" \/>Iran<\/span><\/b><span data-ccp-props=\"{\">\u00a0<\/span><\/p>\n<p><b><i><span data-contrast=\"auto\">Bone Marrow <\/span><\/i><\/b><b><span data-contrast=\"auto\">| Dir: Hamid Reza Ghorbani | 2020 | 107\u2019 | VOSE | Drama<\/span><\/b><span data-ccp-props=\"{\">\u00a0<\/span><\/p>\n<p><span data-contrast=\"auto\">Quan ja no queda esperan\u00e7a per salvar el seu fill amb leuc\u00e8mia, Bahar descobreix que hi ha encara una petita possibilitat per evitar la seva mort: fer servir la sang del cord\u00f3 umbilical. Tot i aix\u00f2, t\u00e9 poc temps i ha de prendre una decisi\u00f3 vital, quedar-se amb el seu estimat segon marit, o tornar a casar-se amb el seu primer marit i donar novament a llum per aconseguir la sang del cord\u00f3. Tot es complica quan s\u2019assabenta que el seu primer marit \u00e9s fora de l\u2019hospital psiqui\u00e0tric, per\u00f2 condemnat a mort per assassinat.<\/span><span data-ccp-props=\"{\">\u00a0<\/span><\/p>\n<p><span data-contrast=\"auto\">Nascut el 1968 a Teheran, <\/span><b><span data-contrast=\"auto\">Hamid Reza Ghorbani<\/span><\/b><span data-contrast=\"auto\"> \u00e9s llicenciat en Ci\u00e8ncies de la Comunicaci\u00f3. \u00c9s editor, director de documentals i de s\u00e8ries de televisi\u00f3. Despr\u00e9s de treballar com a assistent de direcci\u00f3 amb Asghar Farhadi a pel\u00b7l\u00edcules com<\/span><i><span data-contrast=\"auto\"> About Elly<\/span><\/i><span data-contrast=\"auto\"> i <\/span><i><span data-contrast=\"auto\">A Separation<\/span><\/i><span data-contrast=\"auto\">, va realitzar la pel\u00b7l\u00edcula per a televisi\u00f3 <\/span><i><span data-contrast=\"auto\">Three Fish<\/span><\/i><span data-contrast=\"auto\">, amb la qual va obtenir diversos premis nacionals i internacionals. El 2016, va realitzar el seu primer llargmetratge, <\/span><i><span data-contrast=\"auto\">A House on 41st<\/span><\/i><span data-contrast=\"auto\">, el qual va ser ben rebut al panorama internacional. <\/span><i><span data-contrast=\"auto\">Bone Marrow <\/span><\/i><span data-contrast=\"auto\">\u00e9s el segon llargmetratge.<\/span><span data-ccp-props=\"{\">\u00a0<\/span><\/p>\n<hr \/>\n<p><span style=\"color: #ff0000;\">Dissabte 24 de febrer a les 21.00h<\/span><\/p>\n<p><span style=\"color: #ff0000;\"><img loading=\"lazy\" decoding=\"async\" class=\"alignleft wp-image-49014 size-medium\" src=\"https:\/\/asianfilmfestival.barcelona\/2023\/wp-content\/uploads\/2024\/01\/Filipinas-RESBAK-04-300x169.jpg\" alt=\"\" width=\"300\" height=\"169\" srcset=\"https:\/\/asianfilmfestival.barcelona\/2023\/wp-content\/uploads\/2024\/01\/Filipinas-RESBAK-04-300x169.jpg 300w, https:\/\/asianfilmfestival.barcelona\/2023\/wp-content\/uploads\/2024\/01\/Filipinas-RESBAK-04-1030x580.jpg 1030w, https:\/\/asianfilmfestival.barcelona\/2023\/wp-content\/uploads\/2024\/01\/Filipinas-RESBAK-04-768x432.jpg 768w, https:\/\/asianfilmfestival.barcelona\/2023\/wp-content\/uploads\/2024\/01\/Filipinas-RESBAK-04-705x397.jpg 705w, https:\/\/asianfilmfestival.barcelona\/2023\/wp-content\/uploads\/2024\/01\/Filipinas-RESBAK-04.jpg 1080w\" sizes=\"auto, (max-width: 300px) 100vw, 300px\" \/><\/span><b><\/b><\/p>\n<p><b><span data-contrast=\"none\"> <br class=\"avia-permanent-lb\" \/><br class=\"avia-permanent-lb\" \/><br class=\"avia-permanent-lb\" \/><br class=\"avia-permanent-lb\" \/><br class=\"avia-permanent-lb\" \/><br class=\"avia-permanent-lb\" \/><br class=\"avia-permanent-lb\" \/><br class=\"avia-permanent-lb\" \/><br class=\"avia-permanent-lb\" \/>Filipines<\/span><\/b><\/p>\n<p><b><i><span data-contrast=\"auto\">Rezbak (Payback) <\/span><\/i><\/b><b><span data-contrast=\"auto\">| Dir: Brillante Mendoza | 2022 | 113\u2019 | VOSE | Thriller<\/span><\/b><\/p>\n<p><span data-contrast=\"auto\">Perseguit per la policia, el lladre de bicicletes Isaac, demana ajuda al seu cap per\u00f2 aquest no est\u00e0 disposat a parar-hi atenci\u00f3. La negativa el fa concebre una venjan\u00e7a contra l\u2019anterior, per\u00f2 amb aix\u00f2 no aconseguir\u00e0 sortir de la xarxa de delinq\u00fc\u00e8ncia dels barris baixos on est\u00e0 atrapat.<\/span><span data-ccp-props=\"{\">\u00a0<\/span><\/p>\n<p><b><span data-contrast=\"auto\">Brillante Mendoza <\/span><\/b><span data-contrast=\"auto\">(Filipines, 1960) \u00e9s director i productor. \u00c9s el primer filip\u00ed a rebre el premi al millor director a Cannes per la seva pel\u00b7l\u00edcula<\/span><i><span data-contrast=\"auto\"> Kinatay <\/span><\/i><span data-contrast=\"auto\">el 2009. Tamb\u00e9 \u00e9s l\u2019\u00fanic filip\u00ed que ha rebut la distinci\u00f3 de \u201cCavaller de l\u2019Ordre de les Arts i les Lletres\u201d de Fran\u00e7a el 2014. Tenia m\u00e9s de quaranta anys quan va dirigir la seva primera pel\u00b7l\u00edcula, <\/span><i><span data-contrast=\"auto\">Masahista<\/span><\/i><span data-contrast=\"auto\">, que va guanyar el Leopard d\u2019Or del Festival Internacional de Cinema de Locarno el 2005. Les seves pel\u00b7l\u00edcules han rebut reiteradament premis i nominacions als principals festivals com els de Ven\u00e8cia, Berlin, Cannes, Sant Sebasti\u00e0 i El Caire.<\/span><span data-ccp-props=\"{\">\u00a0<\/span><\/p>\n<hr \/>\n<p><span style=\"color: #ff0000;\">Dissabte 2 de mar\u00e7 a les 21.00h<\/span><\/p>\n<p><span style=\"color: #ff0000;\"><img loading=\"lazy\" decoding=\"async\" class=\"alignleft wp-image-49023 size-medium\" src=\"https:\/\/asianfilmfestival.barcelona\/2023\/wp-content\/uploads\/2024\/01\/JAPON_VIDEOPHOBIA_FOTOS_4-300x162.jpg\" alt=\"\" width=\"300\" height=\"162\" srcset=\"https:\/\/asianfilmfestival.barcelona\/2023\/wp-content\/uploads\/2024\/01\/JAPON_VIDEOPHOBIA_FOTOS_4-300x162.jpg 300w, https:\/\/asianfilmfestival.barcelona\/2023\/wp-content\/uploads\/2024\/01\/JAPON_VIDEOPHOBIA_FOTOS_4-1030x557.jpg 1030w, https:\/\/asianfilmfestival.barcelona\/2023\/wp-content\/uploads\/2024\/01\/JAPON_VIDEOPHOBIA_FOTOS_4-768x415.jpg 768w, https:\/\/asianfilmfestival.barcelona\/2023\/wp-content\/uploads\/2024\/01\/JAPON_VIDEOPHOBIA_FOTOS_4-1536x830.jpg 1536w, https:\/\/asianfilmfestival.barcelona\/2023\/wp-content\/uploads\/2024\/01\/JAPON_VIDEOPHOBIA_FOTOS_4-1500x811.jpg 1500w, https:\/\/asianfilmfestival.barcelona\/2023\/wp-content\/uploads\/2024\/01\/JAPON_VIDEOPHOBIA_FOTOS_4-705x381.jpg 705w, https:\/\/asianfilmfestival.barcelona\/2023\/wp-content\/uploads\/2024\/01\/JAPON_VIDEOPHOBIA_FOTOS_4.jpg 1998w\" sizes=\"auto, (max-width: 300px) 100vw, 300px\" \/><\/span><b><\/b><\/p>\n<p><b><span data-contrast=\"none\"> <br class=\"avia-permanent-lb\" \/><br class=\"avia-permanent-lb\" \/><br class=\"avia-permanent-lb\" \/><br class=\"avia-permanent-lb\" \/><br class=\"avia-permanent-lb\" \/><br class=\"avia-permanent-lb\" \/><br class=\"avia-permanent-lb\" \/><br class=\"avia-permanent-lb\" \/><br class=\"avia-permanent-lb\" \/>Jap\u00f3<\/span><\/b><\/p>\n<p><b><i><span data-contrast=\"auto\">Videophobia <\/span><\/i><\/b><b><span data-contrast=\"auto\">| Dir: Daisuke Miyazaki | 2019 | 88\u2019 | VOSE | Drama<\/span><\/b><\/p>\n<p><span data-contrast=\"auto\">Ai vol ser actriu. Malgrat dels seus fracassos continua intentant-ho. Una nit coneix a Hashimoto, un home misteri\u00f3s. Ai va a la casa de Hashimoto i mantenen relacions sexuals. Un dia ella troba un v\u00eddeo pornogr\u00e0fic en el qu\u00e8 els personatges llueixen exactament com ella i el Hashimoto. Ai torna a la casa d\u2019ell i descobreix que sempre havia sigut un Airbnb i que el Hashimoto ja no hi \u00e9s. El v\u00eddeo sexual continua a la xarxa, i, encara que ella no sap si s\u00f3n ells exactament, comen\u00e7a a perdre el control de la seva vida.<\/span><\/p>\n<p><b><span data-contrast=\"auto\">Daisuke Miyazaki<\/span><\/b><span data-contrast=\"auto\"> (1980) \u00e9s graduat a la Universitat de Waseda. Va comen\u00e7ar la seva carrera com assistent de directors amb Kiyoshi Kurosawa. La seva primera pel\u00b7l\u00edcula, <\/span><i><span data-contrast=\"auto\">End of the Night<\/span><\/i><span data-contrast=\"auto\">,<\/span> <span data-contrast=\"auto\">va arribar al 2011<\/span><span data-contrast=\"auto\">.<\/span><span data-ccp-props=\"{\">\u00a0<\/span><\/p>\n<hr \/>\n<p><span style=\"color: #ff0000;\">Dissabte 9 de mar\u00e7 a les 21.00h<\/span><\/p>\n<p><img loading=\"lazy\" decoding=\"async\" class=\"alignleft wp-image-49026 size-medium\" src=\"https:\/\/asianfilmfestival.barcelona\/2023\/wp-content\/uploads\/2024\/01\/Corea-WHERE-WOULD-YOU-LIKE-TO-GO-3-300x200.jpeg\" alt=\"\" width=\"300\" height=\"200\" srcset=\"https:\/\/asianfilmfestival.barcelona\/2023\/wp-content\/uploads\/2024\/01\/Corea-WHERE-WOULD-YOU-LIKE-TO-GO-3-300x200.jpeg 300w, https:\/\/asianfilmfestival.barcelona\/2023\/wp-content\/uploads\/2024\/01\/Corea-WHERE-WOULD-YOU-LIKE-TO-GO-3-768x512.jpeg 768w, https:\/\/asianfilmfestival.barcelona\/2023\/wp-content\/uploads\/2024\/01\/Corea-WHERE-WOULD-YOU-LIKE-TO-GO-3-705x470.jpeg 705w, https:\/\/asianfilmfestival.barcelona\/2023\/wp-content\/uploads\/2024\/01\/Corea-WHERE-WOULD-YOU-LIKE-TO-GO-3.jpeg 1000w\" sizes=\"auto, (max-width: 300px) 100vw, 300px\" \/><\/p>\n<p><b><span data-contrast=\"none\"> <br class=\"avia-permanent-lb\" \/><br class=\"avia-permanent-lb\" \/><br class=\"avia-permanent-lb\" \/><br class=\"avia-permanent-lb\" \/><br class=\"avia-permanent-lb\" \/><br class=\"avia-permanent-lb\" \/><br class=\"avia-permanent-lb\" \/><br class=\"avia-permanent-lb\" \/><br class=\"avia-permanent-lb\" \/><br class=\"avia-permanent-lb\" \/><br class=\"avia-permanent-lb\" \/>Corea del Sud<\/span><\/b><\/p>\n<p><b><i><span data-contrast=\"auto\">Where would you like to go? <\/span><\/i><\/b><b><span data-contrast=\"auto\">| Dir: Kim Hee-jung | 2023 | 103\u2019 | VOSE | Drama<\/span><\/b><\/p>\n<p><span data-contrast=\"auto\">El Do-gyeong va saltar per evitar que el seu estudiant Jiyong s\u2019ofegu\u00e9s, per\u00f2 ambd\u00f3s van morir a l\u2019intent. Despr\u00e9s de l\u2019accident, la Myeongji, la dona d\u2019el Do-gyeong, i la Jieun, la germana d\u2019el Jiyong, es queden soles al m\u00f3n, havent de lidiar amb la p\u00e8rdua dels seus \u00e9ssers estimats. La Myeongji viatja a Vars\u00f2via, per fugir de la dura realitat. All\u00e0 es retroba amb un amic i oculta la mort del seu marit, intentant rebutjar la trag\u00e8dia.<\/span><span data-ccp-props=\"{\">\u00a0<\/span><\/p>\n<p><span data-contrast=\"auto\">Despr\u00e9s d\u2019estudiar a l\u2019Escola Nacional de Cinema de Lodz, en <\/span><b><span data-contrast=\"auto\">Kim Hee-jung<\/span><\/b><span data-contrast=\"auto\"> va fer el seu primer llargmetratge <\/span><i><span data-contrast=\"auto\">The Wonder Years <\/span><\/i><span data-contrast=\"auto\">(2007), la hist\u00f2ria d\u2019una noia que busca la seva mare biol\u00f2gica. La seg\u00fcent pel\u00b7l\u00edcula va ser <\/span><i><span data-contrast=\"auto\">Grape Candy <\/span><\/i><span data-contrast=\"auto\">(2011), un c\u00famul de records que dominen el present. La tercera pel\u00b7l\u00edcula d\u2019el Hee-jung va ser <\/span><i><span data-contrast=\"auto\">Snow Paths<\/span><\/i><span data-contrast=\"auto\"> (2015), \u00e9s la hist\u00f2ria d\u2019un home que intenta superar els seus traumes fins que ingressa a un sanatori cat\u00f2lic per alcoholisme. Finalment, el 2019, rod\u00e0 <\/span><i><span data-contrast=\"auto\">A French Woman<\/span><\/i><span data-contrast=\"auto\">, que ens mostra el deliri d\u2019una dona que confronta el seu passat a trav\u00e9s d\u2019una misteriosa porta del temps.<\/span><span data-ccp-props=\"{\">\u00a0<\/span><\/p>\n<hr \/>\n<p><span style=\"color: #ff0000;\">Dissabte 16 de mar\u00e7 a les 21.00h\u00a0<\/span><\/p>\n<p><img loading=\"lazy\" decoding=\"async\" class=\"alignleft wp-image-49029 size-medium\" src=\"https:\/\/asianfilmfestival.barcelona\/2023\/wp-content\/uploads\/2024\/01\/India-CRESCENT-NIGHT-2-1-300x157.jpg\" alt=\"\" width=\"300\" height=\"157\" srcset=\"https:\/\/asianfilmfestival.barcelona\/2023\/wp-content\/uploads\/2024\/01\/India-CRESCENT-NIGHT-2-1-300x157.jpg 300w, https:\/\/asianfilmfestival.barcelona\/2023\/wp-content\/uploads\/2024\/01\/India-CRESCENT-NIGHT-2-1-1030x539.jpg 1030w, https:\/\/asianfilmfestival.barcelona\/2023\/wp-content\/uploads\/2024\/01\/India-CRESCENT-NIGHT-2-1-768x402.jpg 768w, https:\/\/asianfilmfestival.barcelona\/2023\/wp-content\/uploads\/2024\/01\/India-CRESCENT-NIGHT-2-1-1536x803.jpg 1536w, https:\/\/asianfilmfestival.barcelona\/2023\/wp-content\/uploads\/2024\/01\/India-CRESCENT-NIGHT-2-1-1500x784.jpg 1500w, https:\/\/asianfilmfestival.barcelona\/2023\/wp-content\/uploads\/2024\/01\/India-CRESCENT-NIGHT-2-1-710x375.jpg 710w, https:\/\/asianfilmfestival.barcelona\/2023\/wp-content\/uploads\/2024\/01\/India-CRESCENT-NIGHT-2-1-705x369.jpg 705w, https:\/\/asianfilmfestival.barcelona\/2023\/wp-content\/uploads\/2024\/01\/India-CRESCENT-NIGHT-2-1.jpg 1920w\" sizes=\"auto, (max-width: 300px) 100vw, 300px\" \/><\/p>\n<p><b><span data-contrast=\"none\"> <br class=\"avia-permanent-lb\" \/><br class=\"avia-permanent-lb\" \/><br class=\"avia-permanent-lb\" \/><br class=\"avia-permanent-lb\" \/><br class=\"avia-permanent-lb\" \/><br class=\"avia-permanent-lb\" \/><br class=\"avia-permanent-lb\" \/><br class=\"avia-permanent-lb\" \/><br class=\"avia-permanent-lb\" \/>\u00cdndia<\/span><\/b><\/p>\n<p><b><i><span data-contrast=\"auto\">Crescent Night<\/span><\/i><\/b><b><span data-contrast=\"auto\"> | Dir: Gurvinder Singh | 2022 | 108\u2019 | VOSE \/ VOSC\u00a0 | Drama<\/span><\/b><\/p>\n<p><span data-contrast=\"auto\">Despr\u00e9s de passar 15 anys a la pres\u00f3 per un assassinat com\u00e8s per venjar la humiliaci\u00f3 del seu pare, el Modan torna al seu poble al Panjabi. L\u2019estructura del poder del poble s\u2019ha despla\u00e7at cap a un terratinent; el Modan es veu obligat a reconstruir la seva vida amb la seva mare fr\u00e0gil i una nova dona que ja \u00e9s mare d\u2019un fill. D\u2019altra banda, el seu germ\u00e0 \u00e9s molt fidel del terratinent que ara t\u00e9 el poder. Tot i contenir l\u2019odi del passat, a <\/span><i><span data-contrast=\"auto\">Crescent Night<\/span><\/i><span data-contrast=\"auto\"> la ira i la ranc\u00fania reapareixen amb una viol\u00e8ncia renovada.<\/span><span data-ccp-props=\"{\">\u00a0<\/span><\/p>\n<p><b><span data-contrast=\"auto\">Gurvinder Singh<\/span><\/b><span data-contrast=\"auto\"> (Mumbay, 1973) \u00e9s un director conegut per <\/span><i><span data-contrast=\"auto\">Anhey Ghorhey Da Daan (Almoina per a un cavall cec)<\/span><\/i><span data-contrast=\"auto\"> i<\/span><i><span data-contrast=\"auto\"> Chauthi Koot (La quarta direcci\u00f3)<\/span><\/i><span data-contrast=\"auto\"> estrenades al Festival de Cinema de Ven\u00e8cia i Cannes, respectivament. Gurvinder va estudiar a l\u2019Institut de Cinema i Televisi\u00f3 de l\u2019\u00cdndia (FTII), on es va graduar en realitzaci\u00f3 de pel\u00b7l\u00edcules.<\/span><span data-ccp-props=\"{\">\u00a0<\/span><\/p>\n<hr \/>\n<p><span style=\"color: #ff0000;\">Dissabte 23 de mar\u00e7 a les 21.00h<\/span><\/p>\n<p><span style=\"color: #ff0000;\"><img loading=\"lazy\" decoding=\"async\" class=\"alignleft wp-image-49032 size-medium\" src=\"https:\/\/asianfilmfestival.barcelona\/2023\/wp-content\/uploads\/2024\/01\/Iran-REPRESSION-5-300x169.jpg\" alt=\"\" width=\"300\" height=\"169\" srcset=\"https:\/\/asianfilmfestival.barcelona\/2023\/wp-content\/uploads\/2024\/01\/Iran-REPRESSION-5-300x169.jpg 300w, https:\/\/asianfilmfestival.barcelona\/2023\/wp-content\/uploads\/2024\/01\/Iran-REPRESSION-5-1030x580.jpg 1030w, https:\/\/asianfilmfestival.barcelona\/2023\/wp-content\/uploads\/2024\/01\/Iran-REPRESSION-5-768x432.jpg 768w, https:\/\/asianfilmfestival.barcelona\/2023\/wp-content\/uploads\/2024\/01\/Iran-REPRESSION-5-1536x864.jpg 1536w, https:\/\/asianfilmfestival.barcelona\/2023\/wp-content\/uploads\/2024\/01\/Iran-REPRESSION-5-2048x1152.jpg 2048w, https:\/\/asianfilmfestival.barcelona\/2023\/wp-content\/uploads\/2024\/01\/Iran-REPRESSION-5-1500x844.jpg 1500w, https:\/\/asianfilmfestival.barcelona\/2023\/wp-content\/uploads\/2024\/01\/Iran-REPRESSION-5-705x397.jpg 705w\" sizes=\"auto, (max-width: 300px) 100vw, 300px\" \/><\/span><b><\/b><\/p>\n<p><b><span data-contrast=\"none\"> <br class=\"avia-permanent-lb\" \/><br class=\"avia-permanent-lb\" \/><br class=\"avia-permanent-lb\" \/><br class=\"avia-permanent-lb\" \/><br class=\"avia-permanent-lb\" \/><br class=\"avia-permanent-lb\" \/><br class=\"avia-permanent-lb\" \/><br class=\"avia-permanent-lb\" \/><br class=\"avia-permanent-lb\" \/>Iran<\/span><\/b><span data-ccp-props=\"{\">\u00a0<\/span><\/p>\n<p><b><i><span data-contrast=\"auto\">Repression <\/span><\/i><\/b><b><span data-contrast=\"auto\">| Dir: Reza Gouran | 2019 | 91\u2019 | VOSC | Drama<\/span><\/b><span data-ccp-props=\"{\">\u00a0<\/span><\/p>\n<p><span data-contrast=\"auto\">Al cap de molt de temps, tres germanes tornen a la casa on van n\u00e9ixer, per a visitar als seus pares. Quan arriben, han d\u2019enfrontar-se a la deterioraci\u00f3 que pateix la seva mare a causa de l\u2019Alzheimer i a la imprevista desaparici\u00f3 del seu pare, el qual va marxar un mat\u00ed i no va tornar. La policia troba un dia un cos que podia ser seu, per\u00f2 totes tres es neguen a identificar-ho. No obstant aix\u00f2, els secrets familiars m\u00e9s foscos no deixaran de perseguir-les en aquesta hist\u00f2ria d\u2019intriga i dolor.<\/span><\/p>\n<p><b><span data-contrast=\"auto\">Reza Gouran <\/span><\/b><span data-contrast=\"auto\">ha estat considerat per la cr\u00edtica internacional com una de les veus m\u00e9s prometedores de la nova generaci\u00f3 de cineastes iranians, sense oblidar que \u00e9s tamb\u00e9 un dels grans directors de teatre del seu pa\u00eds. Les seves produccions relacionades amb la literatura cl\u00e0ssica, Hamlet, Man Equals Man i Medea, han estat valorades com a obres magistrals.<\/span><span data-ccp-props=\"{\">\u00a0<\/span><\/p>\n<hr \/>\n<p><span style=\"color: #ff0000;\">Dissabte 30 de mar\u00e7 a les 21.00h\u00a0<\/span><\/p>\n<p><img loading=\"lazy\" decoding=\"async\" class=\"alignleft wp-image-49035 size-medium\" src=\"https:\/\/asianfilmfestival.barcelona\/2023\/wp-content\/uploads\/2024\/01\/China-STREETWISE-2-1-300x150.jpg\" alt=\"\" width=\"300\" height=\"150\" srcset=\"https:\/\/asianfilmfestival.barcelona\/2023\/wp-content\/uploads\/2024\/01\/China-STREETWISE-2-1-300x150.jpg 300w, https:\/\/asianfilmfestival.barcelona\/2023\/wp-content\/uploads\/2024\/01\/China-STREETWISE-2-1-1030x515.jpg 1030w, https:\/\/asianfilmfestival.barcelona\/2023\/wp-content\/uploads\/2024\/01\/China-STREETWISE-2-1-768x384.jpg 768w, https:\/\/asianfilmfestival.barcelona\/2023\/wp-content\/uploads\/2024\/01\/China-STREETWISE-2-1-1536x768.jpg 1536w, https:\/\/asianfilmfestival.barcelona\/2023\/wp-content\/uploads\/2024\/01\/China-STREETWISE-2-1-1500x750.jpg 1500w, https:\/\/asianfilmfestival.barcelona\/2023\/wp-content\/uploads\/2024\/01\/China-STREETWISE-2-1-705x353.jpg 705w, https:\/\/asianfilmfestival.barcelona\/2023\/wp-content\/uploads\/2024\/01\/China-STREETWISE-2-1.jpg 2048w\" sizes=\"auto, (max-width: 300px) 100vw, 300px\" \/><\/p>\n<p><b><span data-contrast=\"none\"> <br class=\"avia-permanent-lb\" \/><br class=\"avia-permanent-lb\" \/><br class=\"avia-permanent-lb\" \/><br class=\"avia-permanent-lb\" \/><br class=\"avia-permanent-lb\" \/><br class=\"avia-permanent-lb\" \/><br class=\"avia-permanent-lb\" \/><br class=\"avia-permanent-lb\" \/>Xina<\/span><\/b><span data-ccp-props=\"{\">\u00a0<\/span><\/p>\n<p><b><i><span data-contrast=\"auto\">Streetwise <\/span><\/i><\/b><b><span data-contrast=\"auto\">| Dir: Na Jiazuo | 2021 | 93\u2019 | VOSE | Drama\u00a0<\/span><\/b><span data-ccp-props=\"{\">\u00a0<\/span><\/p>\n<p><span data-contrast=\"auto\">Dongzi ha de trobar diners per pagar l\u2019hospital del seu pare. Per seduir la dona que estima, encara que sigui l\u2019ex del l\u00edder d\u2019una banda organitzada, es converteix en un cobrador de deutes. A la nit, als carrers de Zhenwu, pot passar qualsevol cosa.\u00a0<\/span><\/p>\n<p><b><span data-contrast=\"auto\">Na Jiazuo <\/span><\/b><span data-contrast=\"auto\">\u00e9s un jove director mascul\u00ed conegut per aquesta pel\u00b7l\u00edcula. Na Jiazuo \u00e9s d\u2019\u00e8tnia manx\u00fa, va n\u00e9ixer el 1989 i es va criar a Pequ\u00edn. El 2006 va ingressar a l\u2019Acad\u00e8mia Xina de Belles Arts. En graduar-se, esperava anar a les Grutes de Dunhuang per esculpir o treballar a la restauraci\u00f3 de murals, per\u00f2 no va aconseguir entrar a la llista de selecci\u00f3 final de l\u2019Acad\u00e8mia Xina de Belles Arts. El 2010, va ser adm\u00e8s a l\u2019Acad\u00e8mia de Cinema de Pequ\u00edn i es va especialitzar en cinematografia. <\/span><i><span data-contrast=\"auto\">Streetwise <\/span><\/i><span data-contrast=\"auto\">\u00e9s el seu primer llargmetratge.<\/span><span data-ccp-props=\"{\">\u00a0<\/span><\/p>\n<\/div><\/section>\n","protected":false},"excerpt":{"rendered":"","protected":false},"author":8,"featured_media":48992,"comment_status":"closed","ping_status":"open","sticky":false,"template":"","format":"standard","meta":{"_acf_changed":false,"footnotes":""},"categories":[33],"tags":[],"class_list":["post-49056","post","type-post","status-publish","format-standard","has-post-thumbnail","hentry","category-noticies"],"acf":[],"yoast_head":"<!-- This site is optimized with the Yoast SEO plugin v27.4 - https:\/\/yoast.com\/product\/yoast-seo-wordpress\/ -->\n<title>ORIENT EXPRESS: CASA \u00c0SIA\u202fa\u202fBETEV\u00c9 6 de Gener a 30 de Mar\u00e7 de 2024 - Asian Film Festival Barcelona<\/title>\n<meta name=\"robots\" content=\"noindex, follow, max-snippet:-1, max-image-preview:large, max-video-preview:-1\" \/>\n<meta property=\"og:locale\" content=\"ca_ES\" \/>\n<meta property=\"og:type\" content=\"article\" \/>\n<meta property=\"og:title\" content=\"ORIENT EXPRESS: CASA \u00c0SIA\u202fa\u202fBETEV\u00c9 6 de Gener a 30 de Mar\u00e7 de 2024 - Asian Film Festival Barcelona\" \/>\n<meta property=\"og:url\" content=\"https:\/\/asianfilmfestival.barcelona\/2023\/ca\/orient-express-casa-asia-a-beteve\/\" \/>\n<meta property=\"og:site_name\" content=\"Asian Film Festival Barcelona\" \/>\n<meta property=\"article:published_time\" content=\"2024-02-01T12:36:29+00:00\" \/>\n<meta property=\"article:modified_time\" content=\"2024-04-15T10:54:27+00:00\" \/>\n<meta property=\"og:image\" content=\"https:\/\/asianfilmfestival.barcelona\/2023\/wp-content\/uploads\/2024\/04\/Iran-LIPAR-02.jpg\" \/>\n\t<meta property=\"og:image:width\" content=\"1150\" \/>\n\t<meta property=\"og:image:height\" content=\"766\" \/>\n\t<meta property=\"og:image:type\" content=\"image\/jpeg\" \/>\n<meta name=\"author\" content=\"Asian Film Festival Barcelona\" \/>\n<meta name=\"twitter:card\" content=\"summary_large_image\" \/>\n<meta name=\"twitter:label1\" content=\"Escrit per\" \/>\n\t<meta name=\"twitter:data1\" content=\"Asian Film Festival Barcelona\" \/>\n\t<meta name=\"twitter:label2\" content=\"Temps estimat de lectura\" \/>\n\t<meta name=\"twitter:data2\" content=\"14 minuts\" \/>\n<script type=\"application\/ld+json\" class=\"yoast-schema-graph\">{\"@context\":\"https:\\\/\\\/schema.org\",\"@graph\":[{\"@type\":\"Article\",\"@id\":\"https:\\\/\\\/asianfilmfestival.barcelona\\\/2023\\\/ca\\\/orient-express-casa-asia-a-beteve\\\/#article\",\"isPartOf\":{\"@id\":\"https:\\\/\\\/asianfilmfestival.barcelona\\\/2023\\\/ca\\\/orient-express-casa-asia-a-beteve\\\/\"},\"author\":{\"name\":\"Asian Film Festival Barcelona\",\"@id\":\"https:\\\/\\\/asianfilmfestival.barcelona\\\/2023\\\/ca\\\/#\\\/schema\\\/person\\\/86a1f3b7a536690d6c2c6d700ad93adb\"},\"headline\":\"ORIENT EXPRESS: CASA \u00c0SIA\u202fa\u202fBETEV\u00c9 6 de Gener a 30 de Mar\u00e7 de 2024\",\"datePublished\":\"2024-02-01T12:36:29+00:00\",\"dateModified\":\"2024-04-15T10:54:27+00:00\",\"mainEntityOfPage\":{\"@id\":\"https:\\\/\\\/asianfilmfestival.barcelona\\\/2023\\\/ca\\\/orient-express-casa-asia-a-beteve\\\/\"},\"wordCount\":2603,\"image\":{\"@id\":\"https:\\\/\\\/asianfilmfestival.barcelona\\\/2023\\\/ca\\\/orient-express-casa-asia-a-beteve\\\/#primaryimage\"},\"thumbnailUrl\":\"https:\\\/\\\/asianfilmfestival.barcelona\\\/2023\\\/wp-content\\\/uploads\\\/2024\\\/04\\\/Iran-LIPAR-02.jpg\",\"articleSection\":[\"Not\u00edcies\"],\"inLanguage\":\"ca\"},{\"@type\":\"WebPage\",\"@id\":\"https:\\\/\\\/asianfilmfestival.barcelona\\\/2023\\\/ca\\\/orient-express-casa-asia-a-beteve\\\/\",\"url\":\"https:\\\/\\\/asianfilmfestival.barcelona\\\/2023\\\/ca\\\/orient-express-casa-asia-a-beteve\\\/\",\"name\":\"ORIENT EXPRESS: CASA \u00c0SIA\u202fa\u202fBETEV\u00c9 6 de Gener a 30 de Mar\u00e7 de 2024 - Asian Film Festival Barcelona\",\"isPartOf\":{\"@id\":\"https:\\\/\\\/asianfilmfestival.barcelona\\\/2023\\\/ca\\\/#website\"},\"primaryImageOfPage\":{\"@id\":\"https:\\\/\\\/asianfilmfestival.barcelona\\\/2023\\\/ca\\\/orient-express-casa-asia-a-beteve\\\/#primaryimage\"},\"image\":{\"@id\":\"https:\\\/\\\/asianfilmfestival.barcelona\\\/2023\\\/ca\\\/orient-express-casa-asia-a-beteve\\\/#primaryimage\"},\"thumbnailUrl\":\"https:\\\/\\\/asianfilmfestival.barcelona\\\/2023\\\/wp-content\\\/uploads\\\/2024\\\/04\\\/Iran-LIPAR-02.jpg\",\"datePublished\":\"2024-02-01T12:36:29+00:00\",\"dateModified\":\"2024-04-15T10:54:27+00:00\",\"author\":{\"@id\":\"https:\\\/\\\/asianfilmfestival.barcelona\\\/2023\\\/ca\\\/#\\\/schema\\\/person\\\/86a1f3b7a536690d6c2c6d700ad93adb\"},\"breadcrumb\":{\"@id\":\"https:\\\/\\\/asianfilmfestival.barcelona\\\/2023\\\/ca\\\/orient-express-casa-asia-a-beteve\\\/#breadcrumb\"},\"inLanguage\":\"ca\",\"potentialAction\":[{\"@type\":\"ReadAction\",\"target\":[\"https:\\\/\\\/asianfilmfestival.barcelona\\\/2023\\\/ca\\\/orient-express-casa-asia-a-beteve\\\/\"]}]},{\"@type\":\"ImageObject\",\"inLanguage\":\"ca\",\"@id\":\"https:\\\/\\\/asianfilmfestival.barcelona\\\/2023\\\/ca\\\/orient-express-casa-asia-a-beteve\\\/#primaryimage\",\"url\":\"https:\\\/\\\/asianfilmfestival.barcelona\\\/2023\\\/wp-content\\\/uploads\\\/2024\\\/04\\\/Iran-LIPAR-02.jpg\",\"contentUrl\":\"https:\\\/\\\/asianfilmfestival.barcelona\\\/2023\\\/wp-content\\\/uploads\\\/2024\\\/04\\\/Iran-LIPAR-02.jpg\",\"width\":1150,\"height\":766},{\"@type\":\"BreadcrumbList\",\"@id\":\"https:\\\/\\\/asianfilmfestival.barcelona\\\/2023\\\/ca\\\/orient-express-casa-asia-a-beteve\\\/#breadcrumb\",\"itemListElement\":[{\"@type\":\"ListItem\",\"position\":1,\"name\":\"Home\",\"item\":\"https:\\\/\\\/asianfilmfestival.barcelona\\\/2023\\\/ca\\\/benvinguda-asian-film-festival-barcelona-2023\\\/\"},{\"@type\":\"ListItem\",\"position\":2,\"name\":\"ORIENT EXPRESS: CASA \u00c0SIA\u202fa\u202fBETEV\u00c9 6 de Gener a 30 de Mar\u00e7 de 2024\"}]},{\"@type\":\"WebSite\",\"@id\":\"https:\\\/\\\/asianfilmfestival.barcelona\\\/2023\\\/ca\\\/#website\",\"url\":\"https:\\\/\\\/asianfilmfestival.barcelona\\\/2023\\\/ca\\\/\",\"name\":\"Asian Film Festival Barcelona\",\"description\":\"2023\",\"potentialAction\":[{\"@type\":\"SearchAction\",\"target\":{\"@type\":\"EntryPoint\",\"urlTemplate\":\"https:\\\/\\\/asianfilmfestival.barcelona\\\/2023\\\/ca\\\/?s={search_term_string}\"},\"query-input\":{\"@type\":\"PropertyValueSpecification\",\"valueRequired\":true,\"valueName\":\"search_term_string\"}}],\"inLanguage\":\"ca\"},{\"@type\":\"Person\",\"@id\":\"https:\\\/\\\/asianfilmfestival.barcelona\\\/2023\\\/ca\\\/#\\\/schema\\\/person\\\/86a1f3b7a536690d6c2c6d700ad93adb\",\"name\":\"Asian Film Festival Barcelona\",\"image\":{\"@type\":\"ImageObject\",\"inLanguage\":\"ca\",\"@id\":\"https:\\\/\\\/secure.gravatar.com\\\/avatar\\\/2b70c89a32ff7923752020dbdcd7d17202d996fa13bbe4424cdbf22a297f3777?s=96&d=mm&r=g\",\"url\":\"https:\\\/\\\/secure.gravatar.com\\\/avatar\\\/2b70c89a32ff7923752020dbdcd7d17202d996fa13bbe4424cdbf22a297f3777?s=96&d=mm&r=g\",\"contentUrl\":\"https:\\\/\\\/secure.gravatar.com\\\/avatar\\\/2b70c89a32ff7923752020dbdcd7d17202d996fa13bbe4424cdbf22a297f3777?s=96&d=mm&r=g\",\"caption\":\"Asian Film Festival Barcelona\"}}]}<\/script>\n<!-- \/ Yoast SEO plugin. -->","yoast_head_json":{"title":"ORIENT EXPRESS: CASA \u00c0SIA\u202fa\u202fBETEV\u00c9 6 de Gener a 30 de Mar\u00e7 de 2024 - Asian Film Festival Barcelona","robots":{"index":"noindex","follow":"follow","max-snippet":"max-snippet:-1","max-image-preview":"max-image-preview:large","max-video-preview":"max-video-preview:-1"},"og_locale":"ca_ES","og_type":"article","og_title":"ORIENT EXPRESS: CASA \u00c0SIA\u202fa\u202fBETEV\u00c9 6 de Gener a 30 de Mar\u00e7 de 2024 - Asian Film Festival Barcelona","og_url":"https:\/\/asianfilmfestival.barcelona\/2023\/ca\/orient-express-casa-asia-a-beteve\/","og_site_name":"Asian Film Festival Barcelona","article_published_time":"2024-02-01T12:36:29+00:00","article_modified_time":"2024-04-15T10:54:27+00:00","og_image":[{"width":1150,"height":766,"url":"https:\/\/asianfilmfestival.barcelona\/2023\/wp-content\/uploads\/2024\/04\/Iran-LIPAR-02.jpg","type":"image\/jpeg"}],"author":"Asian Film Festival Barcelona","twitter_card":"summary_large_image","twitter_misc":{"Escrit per":"Asian Film Festival Barcelona","Temps estimat de lectura":"14 minuts"},"schema":{"@context":"https:\/\/schema.org","@graph":[{"@type":"Article","@id":"https:\/\/asianfilmfestival.barcelona\/2023\/ca\/orient-express-casa-asia-a-beteve\/#article","isPartOf":{"@id":"https:\/\/asianfilmfestival.barcelona\/2023\/ca\/orient-express-casa-asia-a-beteve\/"},"author":{"name":"Asian Film Festival Barcelona","@id":"https:\/\/asianfilmfestival.barcelona\/2023\/ca\/#\/schema\/person\/86a1f3b7a536690d6c2c6d700ad93adb"},"headline":"ORIENT EXPRESS: CASA \u00c0SIA\u202fa\u202fBETEV\u00c9 6 de Gener a 30 de Mar\u00e7 de 2024","datePublished":"2024-02-01T12:36:29+00:00","dateModified":"2024-04-15T10:54:27+00:00","mainEntityOfPage":{"@id":"https:\/\/asianfilmfestival.barcelona\/2023\/ca\/orient-express-casa-asia-a-beteve\/"},"wordCount":2603,"image":{"@id":"https:\/\/asianfilmfestival.barcelona\/2023\/ca\/orient-express-casa-asia-a-beteve\/#primaryimage"},"thumbnailUrl":"https:\/\/asianfilmfestival.barcelona\/2023\/wp-content\/uploads\/2024\/04\/Iran-LIPAR-02.jpg","articleSection":["Not\u00edcies"],"inLanguage":"ca"},{"@type":"WebPage","@id":"https:\/\/asianfilmfestival.barcelona\/2023\/ca\/orient-express-casa-asia-a-beteve\/","url":"https:\/\/asianfilmfestival.barcelona\/2023\/ca\/orient-express-casa-asia-a-beteve\/","name":"ORIENT EXPRESS: CASA \u00c0SIA\u202fa\u202fBETEV\u00c9 6 de Gener a 30 de Mar\u00e7 de 2024 - Asian Film Festival Barcelona","isPartOf":{"@id":"https:\/\/asianfilmfestival.barcelona\/2023\/ca\/#website"},"primaryImageOfPage":{"@id":"https:\/\/asianfilmfestival.barcelona\/2023\/ca\/orient-express-casa-asia-a-beteve\/#primaryimage"},"image":{"@id":"https:\/\/asianfilmfestival.barcelona\/2023\/ca\/orient-express-casa-asia-a-beteve\/#primaryimage"},"thumbnailUrl":"https:\/\/asianfilmfestival.barcelona\/2023\/wp-content\/uploads\/2024\/04\/Iran-LIPAR-02.jpg","datePublished":"2024-02-01T12:36:29+00:00","dateModified":"2024-04-15T10:54:27+00:00","author":{"@id":"https:\/\/asianfilmfestival.barcelona\/2023\/ca\/#\/schema\/person\/86a1f3b7a536690d6c2c6d700ad93adb"},"breadcrumb":{"@id":"https:\/\/asianfilmfestival.barcelona\/2023\/ca\/orient-express-casa-asia-a-beteve\/#breadcrumb"},"inLanguage":"ca","potentialAction":[{"@type":"ReadAction","target":["https:\/\/asianfilmfestival.barcelona\/2023\/ca\/orient-express-casa-asia-a-beteve\/"]}]},{"@type":"ImageObject","inLanguage":"ca","@id":"https:\/\/asianfilmfestival.barcelona\/2023\/ca\/orient-express-casa-asia-a-beteve\/#primaryimage","url":"https:\/\/asianfilmfestival.barcelona\/2023\/wp-content\/uploads\/2024\/04\/Iran-LIPAR-02.jpg","contentUrl":"https:\/\/asianfilmfestival.barcelona\/2023\/wp-content\/uploads\/2024\/04\/Iran-LIPAR-02.jpg","width":1150,"height":766},{"@type":"BreadcrumbList","@id":"https:\/\/asianfilmfestival.barcelona\/2023\/ca\/orient-express-casa-asia-a-beteve\/#breadcrumb","itemListElement":[{"@type":"ListItem","position":1,"name":"Home","item":"https:\/\/asianfilmfestival.barcelona\/2023\/ca\/benvinguda-asian-film-festival-barcelona-2023\/"},{"@type":"ListItem","position":2,"name":"ORIENT EXPRESS: CASA \u00c0SIA\u202fa\u202fBETEV\u00c9 6 de Gener a 30 de Mar\u00e7 de 2024"}]},{"@type":"WebSite","@id":"https:\/\/asianfilmfestival.barcelona\/2023\/ca\/#website","url":"https:\/\/asianfilmfestival.barcelona\/2023\/ca\/","name":"Asian Film Festival Barcelona","description":"2023","potentialAction":[{"@type":"SearchAction","target":{"@type":"EntryPoint","urlTemplate":"https:\/\/asianfilmfestival.barcelona\/2023\/ca\/?s={search_term_string}"},"query-input":{"@type":"PropertyValueSpecification","valueRequired":true,"valueName":"search_term_string"}}],"inLanguage":"ca"},{"@type":"Person","@id":"https:\/\/asianfilmfestival.barcelona\/2023\/ca\/#\/schema\/person\/86a1f3b7a536690d6c2c6d700ad93adb","name":"Asian Film Festival Barcelona","image":{"@type":"ImageObject","inLanguage":"ca","@id":"https:\/\/secure.gravatar.com\/avatar\/2b70c89a32ff7923752020dbdcd7d17202d996fa13bbe4424cdbf22a297f3777?s=96&d=mm&r=g","url":"https:\/\/secure.gravatar.com\/avatar\/2b70c89a32ff7923752020dbdcd7d17202d996fa13bbe4424cdbf22a297f3777?s=96&d=mm&r=g","contentUrl":"https:\/\/secure.gravatar.com\/avatar\/2b70c89a32ff7923752020dbdcd7d17202d996fa13bbe4424cdbf22a297f3777?s=96&d=mm&r=g","caption":"Asian Film Festival Barcelona"}}]}},"_links":{"self":[{"href":"https:\/\/asianfilmfestival.barcelona\/2023\/ca\/wp-json\/wp\/v2\/posts\/49056","targetHints":{"allow":["GET"]}}],"collection":[{"href":"https:\/\/asianfilmfestival.barcelona\/2023\/ca\/wp-json\/wp\/v2\/posts"}],"about":[{"href":"https:\/\/asianfilmfestival.barcelona\/2023\/ca\/wp-json\/wp\/v2\/types\/post"}],"author":[{"embeddable":true,"href":"https:\/\/asianfilmfestival.barcelona\/2023\/ca\/wp-json\/wp\/v2\/users\/8"}],"replies":[{"embeddable":true,"href":"https:\/\/asianfilmfestival.barcelona\/2023\/ca\/wp-json\/wp\/v2\/comments?post=49056"}],"version-history":[{"count":4,"href":"https:\/\/asianfilmfestival.barcelona\/2023\/ca\/wp-json\/wp\/v2\/posts\/49056\/revisions"}],"predecessor-version":[{"id":49143,"href":"https:\/\/asianfilmfestival.barcelona\/2023\/ca\/wp-json\/wp\/v2\/posts\/49056\/revisions\/49143"}],"wp:featuredmedia":[{"embeddable":true,"href":"https:\/\/asianfilmfestival.barcelona\/2023\/ca\/wp-json\/wp\/v2\/media\/48992"}],"wp:attachment":[{"href":"https:\/\/asianfilmfestival.barcelona\/2023\/ca\/wp-json\/wp\/v2\/media?parent=49056"}],"wp:term":[{"taxonomy":"category","embeddable":true,"href":"https:\/\/asianfilmfestival.barcelona\/2023\/ca\/wp-json\/wp\/v2\/categories?post=49056"},{"taxonomy":"post_tag","embeddable":true,"href":"https:\/\/asianfilmfestival.barcelona\/2023\/ca\/wp-json\/wp\/v2\/tags?post=49056"}],"curies":[{"name":"wp","href":"https:\/\/api.w.org\/{rel}","templated":true}]}}