{"id":48969,"date":"2024-04-10T11:57:15","date_gmt":"2024-04-10T09:57:15","guid":{"rendered":"https:\/\/asianfilmfestival.barcelona\/2023\/?p=48969"},"modified":"2024-04-10T11:57:15","modified_gmt":"2024-04-10T09:57:15","slug":"affbcn-2024-convocatoria-oberta","status":"publish","type":"post","link":"https:\/\/asianfilmfestival.barcelona\/2023\/ca\/affbcn-2024-convocatoria-oberta\/","title":{"rendered":"AFFBCN 2024: Convocat\u00f2ria oberta"},"content":{"rendered":"<p>CCon<\/p>\n<section  class='av_textblock_section av-lutmuys6-3d7ba3784911109cfe73ce559bd60428 '  ><div class='avia_textblock' ><h2 style=\"text-align: center;\"><b><span data-contrast=\"auto\">AAFFBCN 2024: <\/span><\/b><b><span data-contrast=\"auto\">Convocat\u00f2ria oberta<\/span><\/b><\/h2>\n<h2 style=\"text-align: center;\"><span data-contrast=\"auto\">Envia les teves Pel\u00b7l\u00edcules<\/span><span data-ccp-props=\"{&quot;335551550&quot;:6,&quot;335551620&quot;:6,&quot;335559739&quot;:0}\">\u00a0<\/span><\/h2>\n<p><span data-ccp-props=\"{&quot;335551550&quot;:6,&quot;335551620&quot;:6,&quot;335559739&quot;:0}\">\u00a0<\/span><\/p>\n<h3><b><span data-contrast=\"auto\">El festival obre la convocat\u00f2ria per la recepci\u00f3 de pel\u00b7l\u00edcules que podrien formar part de la programaci\u00f3 del Asian Film Festival Barcelona que celebrar\u00e0 la dotzena edici\u00f3 del 23 d\u2019octubre al 3 de novembre de 2024.<\/span><\/b><\/h3>\n<hr \/>\n<h3><b><span data-contrast=\"none\">EL FESTIVAL<\/span><\/b><\/h3>\n<p><b><span data-contrast=\"none\">L&#8217;Asian Film Festival Barcelona | L&#8217;AFFBCN aborda una extensi\u00f3 geogr\u00e0fica molt \u00e0mplia, que va des de l&#8217;Iran, \u00c0sia Central, una regi\u00f3 que compr\u00e8n les exrep\u00fabliques Sovi\u00e8tiques del Kazakhstan, el Kirguizistan i l&#8217;Uzbequistan, a la qual se sumen l&#8217;Afganistan, \u00cdndia, Pakistan, Bangla Desh i Sri Lanka; Sud-est asi\u00e0tic des de Xina, Corea, Jap\u00f3, Tail\u00e0ndia, Singapur, Mal\u00e0isia, Cambodja i Vietnam; i \u00c0sia Pac\u00edfic amb Austr\u00e0lia i Nova Zelanda.<\/span><\/b><\/p>\n<p><span data-contrast=\"none\">Igual que en edicions anteriors, a l&#8217;AFFBCN es presentaran pel\u00b7l\u00edcules procedents de m\u00e9s de vint pa\u00efsos, destacant algunes cinematografies com \u00e9s habitual, per\u00f2 sense deixar de projectar t\u00edtols que ens venen d&#8217;altres pa\u00efsos menys reconeguts. Un dels objectius del festival \u00e9s explorar aquest estrany o estranger, que ens mostra el cinema, i estimular l&#8217;inter\u00e8s pel descobriment. D&#8217;aqu\u00ed que, en alguns casos, la programaci\u00f3 pretengui ser m\u00e9s aviat inclusiva, no tant amb la intenci\u00f3 d&#8217;abastar m\u00e9s t\u00edtols cada any, com per mostrar no nom\u00e9s aquells autors que no passen desapercebuts per comptar amb els seus seguidors sin\u00f3 tamb\u00e9 els menys coneguts o els referents dels quals ens obliguen a indagar la seva respectiva contextualitzaci\u00f3, descobriment i conquesta.<\/span><span data-ccp-props=\"{&quot;335551550&quot;:6,&quot;335551620&quot;:6,&quot;335559739&quot;:0}\">\u00a0<\/span><\/p>\n<p><span data-contrast=\"none\">El festival arriba aquesta tardor amb una programaci\u00f3 que vol ser tan representativa com sigui possible del cinema experimental i independent m\u00e9s recent del continent asi\u00e0tic, sense excloure produccions que responen tant a l&#8217;inter\u00e8s d&#8217;un p\u00fablic coneixedor de les cinematografies procedents d&#8217;\u00c0sia, com d&#8217;aquells que desitgen comen\u00e7ar a saber qu\u00e8 ens transmet un cinema no tan nou, la diversitat del qual respon preferentment a les diferents narratives que exposa. L&#8217;exotisme que a occident s&#8217;ha acostumat a atribuir a aquestes produccions ha estat substitu\u00eft per l&#8217;aportaci\u00f3 que aquestes darreres han fet i continuen fent per construir culturalment una identitat inseparable de la pertinen\u00e7a al territori.<\/span><span data-ccp-props=\"{&quot;335551550&quot;:6,&quot;335551620&quot;:6,&quot;335559739&quot;:0}\">\u00a0<\/span><\/p>\n<p><span data-contrast=\"none\">El festival reunir\u00e0 m\u00e9s d&#8217;un centenar de pel\u00b7l\u00edcules que s&#8217;agruparan a les cinc seccions, Oficial, Oficial Panorama, Discoveries, NETPAC i Especial, totes a competici\u00f3, en qu\u00e8 es distribuiran estrat\u00e8gicament els diferents t\u00edtols que se seleccionen. Els jurats corresponents es componen dels integrants designats amb aquesta finalitat, directors, cr\u00edtics de cinema i escriptors que accepten complir aquesta funci\u00f3.<\/span><span data-ccp-props=\"{&quot;335551550&quot;:6,&quot;335551620&quot;:6,&quot;335559739&quot;:0}\">\u00a0<\/span><\/p>\n<\/div><\/section>\n\n<style type=\"text\/css\" data-created_by=\"avia_inline_auto\" id=\"style-css-av-lutmx3el-7f99f22e7e1f7605c648791d8d984be5\">\n#top .togglecontainer.av-lutmx3el-7f99f22e7e1f7605c648791d8d984be5 h1.toggler{\nfont-size:21px;\n}\n#top .togglecontainer.av-lutmx3el-7f99f22e7e1f7605c648791d8d984be5 .toggle_wrap .toggle_content{\nfont-size:14px;\n}\n<\/style>\n<div  class='togglecontainer av-lutmx3el-7f99f22e7e1f7605c648791d8d984be5 av-minimal-toggle toggle_close_all' >\n<section class='av_toggle_section av-lutmw9b9-7549d82fa36cf3bbad0d490422b81d1e' ><div role=\"tablist\" class=\"single_toggle\" data-tags=\"{All} \"  ><h1 data-fake-id='#toggle-id-1' class='toggler   '  role='tab' tabindex='0' aria-controls='toggle-id-1'>Bases per la participaci\u00f3<span class=\"toggle_icon\"><span class=\"vert_icon\"><\/span><span class=\"hor_icon\"><\/span><\/span><\/h1><div id='toggle-id-1' class='toggle_wrap  '  ><div class='toggle_content invers-color ' ><p><b><span data-contrast=\"none\">Categories: <\/span><\/b><span data-contrast=\"none\">Llargmetratges de ficci\u00f3 i documentals.<\/span><span data-ccp-props=\"{&quot;335551550&quot;:6,&quot;335551620&quot;:6,&quot;335559739&quot;:0}\">\u00a0<\/span><\/p>\n<p><b><span data-contrast=\"none\">Seccions a competici\u00f3:<\/span><\/b><span data-contrast=\"none\"> Oficial, Oficial Panorama, Discoveries, NETPAC i Especial.<\/span><span data-ccp-props=\"{&quot;335551550&quot;:6,&quot;335551620&quot;:6,&quot;335559739&quot;:0}\">\u00a0<\/span><\/p>\n<p><b><span data-contrast=\"none\">Premis:<\/span><\/b><span data-contrast=\"none\"> Millor pel\u00b7l\u00edcula, Millor director, i Millor gui\u00f3 a cadascuna de les cinc seccions del festival.<\/span><span data-ccp-props=\"{&quot;335551550&quot;:6,&quot;335551620&quot;:6,&quot;335559739&quot;:0}\">\u00a0<\/span><\/p>\n<p><b><span data-contrast=\"none\">Data l\u00edmit de lliurament: <\/span><\/b><span data-contrast=\"none\">des del divendres 22 de mar\u00e7 de 2024 fins al dijous 11 de juliol de 2024.\u00a0<\/span><span data-ccp-props=\"{&quot;335551550&quot;:6,&quot;335551620&quot;:6,&quot;335559739&quot;:0}\">\u00a0<\/span><\/p>\n<p><b><span data-contrast=\"none\">Enviament de material: <\/span><\/b><span data-contrast=\"none\">Als seg\u00fcents correus electr\u00f2nics <\/span><span style=\"color: #ff0000;\"><strong><a style=\"color: #ff0000;\" href=\"mailto:ccultura@casaasia.es\">cultura@casaasia.es <\/a>\u00a0<\/strong><span style=\"color: #000000;\">i <\/span><strong><a style=\"color: #ff0000;\" href=\"mailto:rescamilla@casaasia.es\">rescamilla@casaasia.es<\/a><\/strong><\/span><span data-contrast=\"none\"> Pel\u00b7l\u00edcula en format digital o mitjan\u00e7ant VIMEO o altres plataformes similars; fitxa t\u00e8cnica de la pel\u00b7l\u00edcula, kit de premsa electr\u00f2nic, imatges fixes, tr\u00e0iler (si n&#8217;hi ha) i una breu biografia del director.<\/span><span data-ccp-props=\"{&quot;335551550&quot;:6,&quot;335551620&quot;:6,&quot;335559739&quot;:0}\">\u00a0<\/span><\/p>\n<p><b><span data-contrast=\"none\">Selecci\u00f3 de t\u00edtols rebuts:<\/span><\/b><span data-contrast=\"none\"> El comit\u00e8 de programaci\u00f3 del festival donar\u00e0 a con\u00e8ixer els t\u00edtols seleccionats a la persona responsable corresponent a trav\u00e9s del correu electr\u00f2nic.<\/span><span data-ccp-props=\"{&quot;335551550&quot;:6,&quot;335551620&quot;:6,&quot;335559739&quot;:0}\">\u00a0<\/span><\/p>\n<\/div><\/div><\/div><\/section>\n<section class='av_toggle_section av-lutmwtp8-fbe9116f72d773172f8712f39171a27f' ><div role=\"tablist\" class=\"single_toggle\" data-tags=\"{All} \"  ><h1 data-fake-id='#toggle-id-2' class='toggler   '  role='tab' tabindex='0' aria-controls='toggle-id-2'>Condicions<span class=\"toggle_icon\"><span class=\"vert_icon\"><\/span><span class=\"hor_icon\"><\/span><\/span><\/h1><div id='toggle-id-2' class='toggle_wrap  '  ><div class='toggle_content invers-color ' ><ul>\n<li data-leveltext=\"\uf0a7\" data-font=\"Wingdings\" data-listid=\"1\" data-list-defn-props=\"{&quot;335552541&quot;:1,&quot;335559685&quot;:720,&quot;335559991&quot;:360,&quot;469769226&quot;:&quot;Wingdings&quot;,&quot;469769242&quot;:&#091;9642&#093;,&quot;469777803&quot;:&quot;left&quot;,&quot;469777804&quot;:&quot;\uf0a7&quot;,&quot;469777815&quot;:&quot;hybridMultilevel&quot;}\" aria-setsize=\"-1\" data-aria-posinset=\"1\" data-aria-level=\"1\"><span data-contrast=\"none\">El festival rebr\u00e0 \u00fanicament t\u00edtols produ\u00efts entre el 2022 i el 2024.<\/span><span data-ccp-props=\"{&quot;335551550&quot;:6,&quot;335551620&quot;:6,&quot;335559739&quot;:0}\">\u00a0<\/span><\/li>\n<li data-leveltext=\"\uf0a7\" data-font=\"Wingdings\" data-listid=\"1\" data-list-defn-props=\"{&quot;335552541&quot;:1,&quot;335559685&quot;:720,&quot;335559991&quot;:360,&quot;469769226&quot;:&quot;Wingdings&quot;,&quot;469769242&quot;:&#091;9642&#093;,&quot;469777803&quot;:&quot;left&quot;,&quot;469777804&quot;:&quot;\uf0a7&quot;,&quot;469777815&quot;:&quot;hybridMultilevel&quot;}\" aria-setsize=\"-1\" data-aria-posinset=\"2\" data-aria-level=\"1\"><span data-contrast=\"none\">La geografia del festival s&#8217;est\u00e9n des d&#8217;\u00c0sia Central al Sud-est asi\u00e0tic i \u00c0sia-Pac\u00edfic.\u00a0<\/span><span data-ccp-props=\"{&quot;335551550&quot;:6,&quot;335551620&quot;:6,&quot;335559739&quot;:0}\">\u00a0<\/span><\/li>\n<li data-leveltext=\"\uf0a7\" data-font=\"Wingdings\" data-listid=\"1\" data-list-defn-props=\"{&quot;335552541&quot;:1,&quot;335559685&quot;:720,&quot;335559991&quot;:360,&quot;469769226&quot;:&quot;Wingdings&quot;,&quot;469769242&quot;:&#091;9642&#093;,&quot;469777803&quot;:&quot;left&quot;,&quot;469777804&quot;:&quot;\uf0a7&quot;,&quot;469777815&quot;:&quot;hybridMultilevel&quot;}\" aria-setsize=\"-1\" data-aria-posinset=\"3\" data-aria-level=\"1\"><span data-contrast=\"none\">Totes les pel\u00b7l\u00edcules han de venir amb subt\u00edtols en angl\u00e8s per a la preselecci\u00f3.<\/span><span data-ccp-props=\"{&quot;335551550&quot;:6,&quot;335551620&quot;:6,&quot;335559739&quot;:0}\">\u00a0<\/span><\/li>\n<li data-leveltext=\"\uf0a7\" data-font=\"Wingdings\" data-listid=\"1\" data-list-defn-props=\"{&quot;335552541&quot;:1,&quot;335559685&quot;:720,&quot;335559991&quot;:360,&quot;469769226&quot;:&quot;Wingdings&quot;,&quot;469769242&quot;:&#091;9642&#093;,&quot;469777803&quot;:&quot;left&quot;,&quot;469777804&quot;:&quot;\uf0a7&quot;,&quot;469777815&quot;:&quot;hybridMultilevel&quot;}\" aria-setsize=\"-1\" data-aria-posinset=\"4\" data-aria-level=\"1\"><span data-contrast=\"none\">Per a la traducci\u00f3 al castell\u00e0 i\/o catal\u00e0 i la projecci\u00f3 als cinemes, el format preferit \u00e9s SRT o ASS.<\/span><span data-ccp-props=\"{&quot;335551550&quot;:6,&quot;335551620&quot;:6,&quot;335559739&quot;:0}\">\u00a0<\/span><\/li>\n<li data-leveltext=\"\uf0a7\" data-font=\"Wingdings\" data-listid=\"1\" data-list-defn-props=\"{&quot;335552541&quot;:1,&quot;335559685&quot;:720,&quot;335559991&quot;:360,&quot;469769226&quot;:&quot;Wingdings&quot;,&quot;469769242&quot;:&#091;9642&#093;,&quot;469777803&quot;:&quot;left&quot;,&quot;469777804&quot;:&quot;\uf0a7&quot;,&quot;469777815&quot;:&quot;hybridMultilevel&quot;}\" aria-setsize=\"-1\" data-aria-posinset=\"4\" data-aria-level=\"1\"><span data-contrast=\"none\">Els formats per a la projecci\u00f3 d&#8217;aquestes pel\u00b7l\u00edcules al Festival seran sol\u00b7licitats despr\u00e9s de completar la selecci\u00f3: nom\u00e9s acceptarem DCP digital, H264 o Digital HD (MP4 o MOV).<\/span><span data-ccp-props=\"{&quot;335551550&quot;:6,&quot;335551620&quot;:6,&quot;335559739&quot;:0}\">\u00a0<\/span><\/li>\n<\/ul>\n<\/div><\/div><\/div><\/section>\n<\/div>\n<div  class='hr av-av_hr-91d7ccd583a503147498e120fee2ff9b hr-default'><span class='hr-inner '><span class=\"hr-inner-style\"><\/span><\/span><\/div>\n<div  class='avia-icon-list-container av-lutmxq10-07812dd61eaec308e22837726215921e'><ul class='avia-icon-list avia_animate_when_almost_visible avia-icon-list-left av-iconlist-big av-lutmxq10-07812dd61eaec308e22837726215921e avia-iconlist-animate'>\n<li><div class='iconlist_icon av-lutmxp0e-c29610555d5530dd68c7347ea24a2243 avia-font-entypo-fontello'><span class='iconlist-char' aria-hidden='true' data-av_icon='\ue81f' data-av_iconfont='entypo-fontello'><\/span><\/div><article class=\"article-icon-entry \" ><div class=\"iconlist_content_wrap\"><header class=\"entry-content-header\"><h4 class='av_iconlist_title iconlist_title  ' >Per a m\u00e9s informaci\u00f3<\/h4><\/header><div class='iconlist_content ' ><p>www.asianfilmfestival.barcelona<\/p>\n<\/div><\/div><footer class=\"entry-footer\"><\/footer><\/article><div class=\"iconlist-timeline\"><\/div><\/li>\n<\/ul><\/div>\n","protected":false},"excerpt":{"rendered":"<p>CCon<\/p>\n","protected":false},"author":8,"featured_media":43747,"comment_status":"closed","ping_status":"open","sticky":false,"template":"","format":"standard","meta":{"_acf_changed":false,"footnotes":""},"categories":[33],"tags":[],"class_list":["post-48969","post","type-post","status-publish","format-standard","has-post-thumbnail","hentry","category-noticies"],"acf":[],"yoast_head":"<!-- This site is optimized with the Yoast SEO plugin v27.4 - https:\/\/yoast.com\/product\/yoast-seo-wordpress\/ -->\n<title>AFFBCN 2024: Convocat\u00f2ria oberta - Asian Film Festival Barcelona<\/title>\n<meta name=\"robots\" content=\"noindex, follow, max-snippet:-1, max-image-preview:large, max-video-preview:-1\" \/>\n<meta property=\"og:locale\" content=\"ca_ES\" \/>\n<meta property=\"og:type\" content=\"article\" \/>\n<meta property=\"og:title\" content=\"AFFBCN 2024: Convocat\u00f2ria oberta - Asian Film Festival Barcelona\" \/>\n<meta property=\"og:description\" content=\"CCon\" \/>\n<meta property=\"og:url\" content=\"https:\/\/asianfilmfestival.barcelona\/2023\/ca\/affbcn-2024-convocatoria-oberta\/\" \/>\n<meta property=\"og:site_name\" content=\"Asian Film Festival Barcelona\" \/>\n<meta property=\"article:published_time\" content=\"2024-04-10T09:57:15+00:00\" \/>\n<meta property=\"og:image\" content=\"https:\/\/asianfilmfestival.barcelona\/2023\/wp-content\/uploads\/2023\/03\/cuadrado-casa-asiaa.jpg\" \/>\n\t<meta property=\"og:image:width\" content=\"948\" \/>\n\t<meta property=\"og:image:height\" content=\"914\" \/>\n\t<meta property=\"og:image:type\" content=\"image\/jpeg\" \/>\n<meta name=\"author\" content=\"Asian Film Festival Barcelona\" \/>\n<meta name=\"twitter:card\" content=\"summary_large_image\" \/>\n<meta name=\"twitter:label1\" content=\"Escrit per\" \/>\n\t<meta name=\"twitter:data1\" content=\"Asian Film Festival Barcelona\" \/>\n\t<meta name=\"twitter:label2\" content=\"Temps estimat de lectura\" \/>\n\t<meta name=\"twitter:data2\" content=\"4 minuts\" \/>\n<script type=\"application\/ld+json\" class=\"yoast-schema-graph\">{\"@context\":\"https:\\\/\\\/schema.org\",\"@graph\":[{\"@type\":\"Article\",\"@id\":\"https:\\\/\\\/asianfilmfestival.barcelona\\\/2023\\\/ca\\\/affbcn-2024-convocatoria-oberta\\\/#article\",\"isPartOf\":{\"@id\":\"https:\\\/\\\/asianfilmfestival.barcelona\\\/2023\\\/ca\\\/affbcn-2024-convocatoria-oberta\\\/\"},\"author\":{\"name\":\"Asian Film Festival Barcelona\",\"@id\":\"https:\\\/\\\/asianfilmfestival.barcelona\\\/2023\\\/ca\\\/#\\\/schema\\\/person\\\/86a1f3b7a536690d6c2c6d700ad93adb\"},\"headline\":\"AFFBCN 2024: Convocat\u00f2ria oberta\",\"datePublished\":\"2024-04-10T09:57:15+00:00\",\"mainEntityOfPage\":{\"@id\":\"https:\\\/\\\/asianfilmfestival.barcelona\\\/2023\\\/ca\\\/affbcn-2024-convocatoria-oberta\\\/\"},\"wordCount\":1081,\"image\":{\"@id\":\"https:\\\/\\\/asianfilmfestival.barcelona\\\/2023\\\/ca\\\/affbcn-2024-convocatoria-oberta\\\/#primaryimage\"},\"thumbnailUrl\":\"https:\\\/\\\/asianfilmfestival.barcelona\\\/2023\\\/wp-content\\\/uploads\\\/2023\\\/03\\\/cuadrado-casa-asiaa-e1712744326951.jpg\",\"articleSection\":[\"Not\u00edcies\"],\"inLanguage\":\"ca\"},{\"@type\":\"WebPage\",\"@id\":\"https:\\\/\\\/asianfilmfestival.barcelona\\\/2023\\\/ca\\\/affbcn-2024-convocatoria-oberta\\\/\",\"url\":\"https:\\\/\\\/asianfilmfestival.barcelona\\\/2023\\\/ca\\\/affbcn-2024-convocatoria-oberta\\\/\",\"name\":\"AFFBCN 2024: Convocat\u00f2ria oberta - Asian Film Festival Barcelona\",\"isPartOf\":{\"@id\":\"https:\\\/\\\/asianfilmfestival.barcelona\\\/2023\\\/ca\\\/#website\"},\"primaryImageOfPage\":{\"@id\":\"https:\\\/\\\/asianfilmfestival.barcelona\\\/2023\\\/ca\\\/affbcn-2024-convocatoria-oberta\\\/#primaryimage\"},\"image\":{\"@id\":\"https:\\\/\\\/asianfilmfestival.barcelona\\\/2023\\\/ca\\\/affbcn-2024-convocatoria-oberta\\\/#primaryimage\"},\"thumbnailUrl\":\"https:\\\/\\\/asianfilmfestival.barcelona\\\/2023\\\/wp-content\\\/uploads\\\/2023\\\/03\\\/cuadrado-casa-asiaa-e1712744326951.jpg\",\"datePublished\":\"2024-04-10T09:57:15+00:00\",\"author\":{\"@id\":\"https:\\\/\\\/asianfilmfestival.barcelona\\\/2023\\\/ca\\\/#\\\/schema\\\/person\\\/86a1f3b7a536690d6c2c6d700ad93adb\"},\"breadcrumb\":{\"@id\":\"https:\\\/\\\/asianfilmfestival.barcelona\\\/2023\\\/ca\\\/affbcn-2024-convocatoria-oberta\\\/#breadcrumb\"},\"inLanguage\":\"ca\",\"potentialAction\":[{\"@type\":\"ReadAction\",\"target\":[\"https:\\\/\\\/asianfilmfestival.barcelona\\\/2023\\\/ca\\\/affbcn-2024-convocatoria-oberta\\\/\"]}]},{\"@type\":\"ImageObject\",\"inLanguage\":\"ca\",\"@id\":\"https:\\\/\\\/asianfilmfestival.barcelona\\\/2023\\\/ca\\\/affbcn-2024-convocatoria-oberta\\\/#primaryimage\",\"url\":\"https:\\\/\\\/asianfilmfestival.barcelona\\\/2023\\\/wp-content\\\/uploads\\\/2023\\\/03\\\/cuadrado-casa-asiaa-e1712744326951.jpg\",\"contentUrl\":\"https:\\\/\\\/asianfilmfestival.barcelona\\\/2023\\\/wp-content\\\/uploads\\\/2023\\\/03\\\/cuadrado-casa-asiaa-e1712744326951.jpg\",\"width\":948,\"height\":914},{\"@type\":\"BreadcrumbList\",\"@id\":\"https:\\\/\\\/asianfilmfestival.barcelona\\\/2023\\\/ca\\\/affbcn-2024-convocatoria-oberta\\\/#breadcrumb\",\"itemListElement\":[{\"@type\":\"ListItem\",\"position\":1,\"name\":\"Home\",\"item\":\"https:\\\/\\\/asianfilmfestival.barcelona\\\/2023\\\/ca\\\/benvinguda-asian-film-festival-barcelona-2023\\\/\"},{\"@type\":\"ListItem\",\"position\":2,\"name\":\"AFFBCN 2024: Convocat\u00f2ria oberta\"}]},{\"@type\":\"WebSite\",\"@id\":\"https:\\\/\\\/asianfilmfestival.barcelona\\\/2023\\\/ca\\\/#website\",\"url\":\"https:\\\/\\\/asianfilmfestival.barcelona\\\/2023\\\/ca\\\/\",\"name\":\"Asian Film Festival Barcelona\",\"description\":\"2023\",\"potentialAction\":[{\"@type\":\"SearchAction\",\"target\":{\"@type\":\"EntryPoint\",\"urlTemplate\":\"https:\\\/\\\/asianfilmfestival.barcelona\\\/2023\\\/ca\\\/?s={search_term_string}\"},\"query-input\":{\"@type\":\"PropertyValueSpecification\",\"valueRequired\":true,\"valueName\":\"search_term_string\"}}],\"inLanguage\":\"ca\"},{\"@type\":\"Person\",\"@id\":\"https:\\\/\\\/asianfilmfestival.barcelona\\\/2023\\\/ca\\\/#\\\/schema\\\/person\\\/86a1f3b7a536690d6c2c6d700ad93adb\",\"name\":\"Asian Film Festival Barcelona\",\"image\":{\"@type\":\"ImageObject\",\"inLanguage\":\"ca\",\"@id\":\"https:\\\/\\\/secure.gravatar.com\\\/avatar\\\/2b70c89a32ff7923752020dbdcd7d17202d996fa13bbe4424cdbf22a297f3777?s=96&d=mm&r=g\",\"url\":\"https:\\\/\\\/secure.gravatar.com\\\/avatar\\\/2b70c89a32ff7923752020dbdcd7d17202d996fa13bbe4424cdbf22a297f3777?s=96&d=mm&r=g\",\"contentUrl\":\"https:\\\/\\\/secure.gravatar.com\\\/avatar\\\/2b70c89a32ff7923752020dbdcd7d17202d996fa13bbe4424cdbf22a297f3777?s=96&d=mm&r=g\",\"caption\":\"Asian Film Festival Barcelona\"}}]}<\/script>\n<!-- \/ Yoast SEO plugin. -->","yoast_head_json":{"title":"AFFBCN 2024: Convocat\u00f2ria oberta - Asian Film Festival Barcelona","robots":{"index":"noindex","follow":"follow","max-snippet":"max-snippet:-1","max-image-preview":"max-image-preview:large","max-video-preview":"max-video-preview:-1"},"og_locale":"ca_ES","og_type":"article","og_title":"AFFBCN 2024: Convocat\u00f2ria oberta - Asian Film Festival Barcelona","og_description":"CCon","og_url":"https:\/\/asianfilmfestival.barcelona\/2023\/ca\/affbcn-2024-convocatoria-oberta\/","og_site_name":"Asian Film Festival Barcelona","article_published_time":"2024-04-10T09:57:15+00:00","og_image":[{"width":948,"height":914,"url":"https:\/\/asianfilmfestival.barcelona\/2023\/wp-content\/uploads\/2023\/03\/cuadrado-casa-asiaa.jpg","type":"image\/jpeg"}],"author":"Asian Film Festival Barcelona","twitter_card":"summary_large_image","twitter_misc":{"Escrit per":"Asian Film Festival Barcelona","Temps estimat de lectura":"4 minuts"},"schema":{"@context":"https:\/\/schema.org","@graph":[{"@type":"Article","@id":"https:\/\/asianfilmfestival.barcelona\/2023\/ca\/affbcn-2024-convocatoria-oberta\/#article","isPartOf":{"@id":"https:\/\/asianfilmfestival.barcelona\/2023\/ca\/affbcn-2024-convocatoria-oberta\/"},"author":{"name":"Asian Film Festival Barcelona","@id":"https:\/\/asianfilmfestival.barcelona\/2023\/ca\/#\/schema\/person\/86a1f3b7a536690d6c2c6d700ad93adb"},"headline":"AFFBCN 2024: Convocat\u00f2ria oberta","datePublished":"2024-04-10T09:57:15+00:00","mainEntityOfPage":{"@id":"https:\/\/asianfilmfestival.barcelona\/2023\/ca\/affbcn-2024-convocatoria-oberta\/"},"wordCount":1081,"image":{"@id":"https:\/\/asianfilmfestival.barcelona\/2023\/ca\/affbcn-2024-convocatoria-oberta\/#primaryimage"},"thumbnailUrl":"https:\/\/asianfilmfestival.barcelona\/2023\/wp-content\/uploads\/2023\/03\/cuadrado-casa-asiaa-e1712744326951.jpg","articleSection":["Not\u00edcies"],"inLanguage":"ca"},{"@type":"WebPage","@id":"https:\/\/asianfilmfestival.barcelona\/2023\/ca\/affbcn-2024-convocatoria-oberta\/","url":"https:\/\/asianfilmfestival.barcelona\/2023\/ca\/affbcn-2024-convocatoria-oberta\/","name":"AFFBCN 2024: Convocat\u00f2ria oberta - Asian Film Festival Barcelona","isPartOf":{"@id":"https:\/\/asianfilmfestival.barcelona\/2023\/ca\/#website"},"primaryImageOfPage":{"@id":"https:\/\/asianfilmfestival.barcelona\/2023\/ca\/affbcn-2024-convocatoria-oberta\/#primaryimage"},"image":{"@id":"https:\/\/asianfilmfestival.barcelona\/2023\/ca\/affbcn-2024-convocatoria-oberta\/#primaryimage"},"thumbnailUrl":"https:\/\/asianfilmfestival.barcelona\/2023\/wp-content\/uploads\/2023\/03\/cuadrado-casa-asiaa-e1712744326951.jpg","datePublished":"2024-04-10T09:57:15+00:00","author":{"@id":"https:\/\/asianfilmfestival.barcelona\/2023\/ca\/#\/schema\/person\/86a1f3b7a536690d6c2c6d700ad93adb"},"breadcrumb":{"@id":"https:\/\/asianfilmfestival.barcelona\/2023\/ca\/affbcn-2024-convocatoria-oberta\/#breadcrumb"},"inLanguage":"ca","potentialAction":[{"@type":"ReadAction","target":["https:\/\/asianfilmfestival.barcelona\/2023\/ca\/affbcn-2024-convocatoria-oberta\/"]}]},{"@type":"ImageObject","inLanguage":"ca","@id":"https:\/\/asianfilmfestival.barcelona\/2023\/ca\/affbcn-2024-convocatoria-oberta\/#primaryimage","url":"https:\/\/asianfilmfestival.barcelona\/2023\/wp-content\/uploads\/2023\/03\/cuadrado-casa-asiaa-e1712744326951.jpg","contentUrl":"https:\/\/asianfilmfestival.barcelona\/2023\/wp-content\/uploads\/2023\/03\/cuadrado-casa-asiaa-e1712744326951.jpg","width":948,"height":914},{"@type":"BreadcrumbList","@id":"https:\/\/asianfilmfestival.barcelona\/2023\/ca\/affbcn-2024-convocatoria-oberta\/#breadcrumb","itemListElement":[{"@type":"ListItem","position":1,"name":"Home","item":"https:\/\/asianfilmfestival.barcelona\/2023\/ca\/benvinguda-asian-film-festival-barcelona-2023\/"},{"@type":"ListItem","position":2,"name":"AFFBCN 2024: Convocat\u00f2ria oberta"}]},{"@type":"WebSite","@id":"https:\/\/asianfilmfestival.barcelona\/2023\/ca\/#website","url":"https:\/\/asianfilmfestival.barcelona\/2023\/ca\/","name":"Asian Film Festival Barcelona","description":"2023","potentialAction":[{"@type":"SearchAction","target":{"@type":"EntryPoint","urlTemplate":"https:\/\/asianfilmfestival.barcelona\/2023\/ca\/?s={search_term_string}"},"query-input":{"@type":"PropertyValueSpecification","valueRequired":true,"valueName":"search_term_string"}}],"inLanguage":"ca"},{"@type":"Person","@id":"https:\/\/asianfilmfestival.barcelona\/2023\/ca\/#\/schema\/person\/86a1f3b7a536690d6c2c6d700ad93adb","name":"Asian Film Festival Barcelona","image":{"@type":"ImageObject","inLanguage":"ca","@id":"https:\/\/secure.gravatar.com\/avatar\/2b70c89a32ff7923752020dbdcd7d17202d996fa13bbe4424cdbf22a297f3777?s=96&d=mm&r=g","url":"https:\/\/secure.gravatar.com\/avatar\/2b70c89a32ff7923752020dbdcd7d17202d996fa13bbe4424cdbf22a297f3777?s=96&d=mm&r=g","contentUrl":"https:\/\/secure.gravatar.com\/avatar\/2b70c89a32ff7923752020dbdcd7d17202d996fa13bbe4424cdbf22a297f3777?s=96&d=mm&r=g","caption":"Asian Film Festival Barcelona"}}]}},"_links":{"self":[{"href":"https:\/\/asianfilmfestival.barcelona\/2023\/ca\/wp-json\/wp\/v2\/posts\/48969","targetHints":{"allow":["GET"]}}],"collection":[{"href":"https:\/\/asianfilmfestival.barcelona\/2023\/ca\/wp-json\/wp\/v2\/posts"}],"about":[{"href":"https:\/\/asianfilmfestival.barcelona\/2023\/ca\/wp-json\/wp\/v2\/types\/post"}],"author":[{"embeddable":true,"href":"https:\/\/asianfilmfestival.barcelona\/2023\/ca\/wp-json\/wp\/v2\/users\/8"}],"replies":[{"embeddable":true,"href":"https:\/\/asianfilmfestival.barcelona\/2023\/ca\/wp-json\/wp\/v2\/comments?post=48969"}],"version-history":[{"count":3,"href":"https:\/\/asianfilmfestival.barcelona\/2023\/ca\/wp-json\/wp\/v2\/posts\/48969\/revisions"}],"predecessor-version":[{"id":48972,"href":"https:\/\/asianfilmfestival.barcelona\/2023\/ca\/wp-json\/wp\/v2\/posts\/48969\/revisions\/48972"}],"wp:featuredmedia":[{"embeddable":true,"href":"https:\/\/asianfilmfestival.barcelona\/2023\/ca\/wp-json\/wp\/v2\/media\/43747"}],"wp:attachment":[{"href":"https:\/\/asianfilmfestival.barcelona\/2023\/ca\/wp-json\/wp\/v2\/media?parent=48969"}],"wp:term":[{"taxonomy":"category","embeddable":true,"href":"https:\/\/asianfilmfestival.barcelona\/2023\/ca\/wp-json\/wp\/v2\/categories?post=48969"},{"taxonomy":"post_tag","embeddable":true,"href":"https:\/\/asianfilmfestival.barcelona\/2023\/ca\/wp-json\/wp\/v2\/tags?post=48969"}],"curies":[{"name":"wp","href":"https:\/\/api.w.org\/{rel}","templated":true}]}}