{"id":48913,"date":"2024-04-09T12:31:06","date_gmt":"2024-04-09T10:31:06","guid":{"rendered":"https:\/\/asianfilmfestival.barcelona\/2023\/?p=48913"},"modified":"2024-05-15T13:11:05","modified_gmt":"2024-05-15T11:11:05","slug":"laffbcn-a-mexic","status":"publish","type":"post","link":"https:\/\/asianfilmfestival.barcelona\/2023\/ca\/laffbcn-a-mexic\/","title":{"rendered":"L&#8217;AFFBCN a M\u00e8xic"},"content":{"rendered":"<section  class='av_textblock_section av-lus8inn1-8d527e1d93017c6a3957af3aec685cda '  ><div class='avia_textblock' ><h2 id=\"tw-target-text\" class=\"tw-data-text tw-text-large tw-ta\" dir=\"ltr\" style=\"text-align: center;\" data-placeholder=\"Traducci\u00f3n\" aria-label=\"Texto traducido\" data-ved=\"2ahUKEwjft-Tr8rSFAxVS7QIHHXn8Cq0Q3ewLegQIBRAU\"><span class=\"Y2IQFc\" lang=\"ca\">L&#8217;AFFFBCN a M\u00e8xic <\/span><\/h2>\n<p class=\"tw-data-text tw-text-large tw-ta\" dir=\"ltr\" data-placeholder=\"Traducci\u00f3n\" aria-label=\"Texto traducido\" data-ved=\"2ahUKEwjft-Tr8rSFAxVS7QIHHXn8Cq0Q3ewLegQIBRAU\"><strong><span class=\"Y2IQFc\" lang=\"ca\"> <br class=\"avia-permanent-lb\" \/>L&#8217;objecte prioritari del programa cinematogr\u00e0fic que portem per primera vegada a algunes ciutats de M\u00e8xic \u00e9s apropar al p\u00fablic el cinema asi\u00e0tic d&#8217;autor, un cinema que comen\u00e7a a ser present als circuits comercials, encara que d&#8217;una manera molt selectiva. D&#8217;aquesta manera, posem en connexi\u00f3 cultures d&#8217;aquest ampli continent mitjan\u00e7ant un instrument tan efica\u00e7 com el cinema.<\/span><\/strong><\/p>\n<p class=\"tw-data-text tw-text-large tw-ta\" dir=\"ltr\" data-placeholder=\"Traducci\u00f3n\" aria-label=\"Texto traducido\" data-ved=\"2ahUKEwjft-Tr8rSFAxVS7QIHHXn8Cq0Q3ewLegQIBRAU\"><span class=\"Y2IQFc\" lang=\"ca\">El programa consta de cinc pel\u00b7l\u00edcules que es projectaran del 4 al 25 d&#8217;abril al F\u00f2rum Guadalupe Balderas del Centre Recreatiu Xalape\u00f1o, que es troba ubicat a Xalape\u00f1os Ilustres 31, Zona Centre, Centre, 91000 Xalapa-Enr\u00edquez.<\/span><\/p>\n<hr \/>\n<h4>Programaci\u00f3<\/h4>\n<p><span style=\"color: #ff0000;\">Dijous 4 d&#8217;abril del 2024 a les 19.00h<\/span><\/p>\n<p><img loading=\"lazy\" decoding=\"async\" class=\"alignleft wp-image-48974\" src=\"https:\/\/asianfilmfestival.barcelona\/2023\/wp-content\/uploads\/2024\/04\/Iran-Drown-1-300x200.jpg\" alt=\"\" width=\"513\" height=\"342\" srcset=\"https:\/\/asianfilmfestival.barcelona\/2023\/wp-content\/uploads\/2024\/04\/Iran-Drown-1-300x200.jpg 300w, https:\/\/asianfilmfestival.barcelona\/2023\/wp-content\/uploads\/2024\/04\/Iran-Drown-1-768x512.jpg 768w, https:\/\/asianfilmfestival.barcelona\/2023\/wp-content\/uploads\/2024\/04\/Iran-Drown-1-705x470.jpg 705w, https:\/\/asianfilmfestival.barcelona\/2023\/wp-content\/uploads\/2024\/04\/Iran-Drown-1.jpg 900w\" sizes=\"auto, (max-width: 513px) 100vw, 513px\" \/><\/p>\n<p><strong>Drown<\/strong> | Dir. Mohammad Kart | Iran | 2020 | 120&#8242; | VOSE | Drama<\/p>\n<p>Despr\u00e9s de filtrar-se un v\u00eddeo de la seva classe a una piscina nom\u00e9s per a dones, la Parvaneh \u00e9s brutalment assassinada pel seu marit, en Hashem, que busca la manera de redimir la seva reputaci\u00f3 i dignitat com a padr\u00ed del barri. El germ\u00e0 d\u2019en Hashem, en Hojat, s\u2019embarca en una travessia cap als laberints del Teheran clandest\u00ed per trobar al responsable d\u2019aquest joc brut. Acusat falsament per tr\u00e0fic de drogues en el passat, torna al m\u00f3n del crim per buscar els rivals del seu germ\u00e0.<\/p>\n<p>Nascut a Shiraz el 1986, <strong>Mohammad Kart<\/strong> \u00e9s graduat en interpretaci\u00f3 i posseeix un diploma en direcci\u00f3. Va comen\u00e7ar la seva carrera com a actor l\u2019any 2000 i des de llavors ha aconseguit diversos premis. A m\u00e9s, ha aparegut en diverses obres de ficci\u00f3 dirigides per directors famosos. El seu primer documental,\u00a0<em>Bruise,\u00a0<\/em>va rebre el 2013 el premi al millor documental social al Cinema Verit\u00e9, el festival internacional m\u00e9s gran de documentals d\u2019Iran. El seu segon documental,\u00a0<em>Incubus-The Small Chance,\u00a0<\/em>va guanyar el premi al Millor Director en el Festival de Cine de Fajr. Amb el seu curtmetratge,\u00a0<em>Pedovere,\u00a0<\/em>va guanyar el Gran Premi del festival d\u2019Odense amb el qual va aconseguir reconeixement internacional.\u00a0<em>Drown\u00a0<\/em>\u00e9s el seu primer llargmetratge i ha guanyat cinc premis, incloent el premi que atorga l\u2019audi\u00e8ncia en el Festival Nacional de Cienma de Fajr el 2020.<\/p>\n<hr \/>\n<p><span style=\"color: #ff0000;\">Dijous 11 d&#8217;abril del 2024 &#8211; 19.00 h<\/span><\/p>\n<p><img loading=\"lazy\" decoding=\"async\" class=\"wp-image-48891 size-full alignright\" src=\"https:\/\/asianfilmfestival.barcelona\/2023\/wp-content\/uploads\/2024\/04\/happiness.png\" alt=\"\" width=\"513\" height=\"382\" srcset=\"https:\/\/asianfilmfestival.barcelona\/2023\/wp-content\/uploads\/2024\/04\/happiness.png 513w, https:\/\/asianfilmfestival.barcelona\/2023\/wp-content\/uploads\/2024\/04\/happiness-300x223.png 300w\" sizes=\"auto, (max-width: 513px) 100vw, 513px\" \/><\/p>\n<p><strong>Happiness<\/strong> | Dir. Askar Uzabayev | Kazakhstan | 2022 | 131\u2019 | VOSE | Drama<\/p>\n<p>Una dona de gran bellesa viu una exist\u00e8ncia contradict\u00f2ria entre el que \u00e9s realment i els cardenals, ferides i cicatrius visibles al seu cos. \u00c9s una influencer d&#8217;\u00e8xit que promou una l\u00ednia de productes anomenada \u201cFelicitat\u201d. Com demostra en les seves presentacions de vendes hipn\u00f2tiques, se suposa que aquesta marca ha de fer les dones atractives i felices. Per\u00f2, a la seva vida privada, \u00e9s v\u00edctima dels abusos d&#8217;un marit alcoh\u00f2lic, com tamb\u00e9 ho ser\u00e0 la seva filla despr\u00e9s de casar-se amb un home que l&#8217;ha deixat embarassada per\u00f2 no l&#8217;estima. Basada en fets reals, <em>Happiness<\/em> vol ser una den\u00fancia de la viol\u00e8ncia masclista i les seues conseq\u00fc\u00e8ncies.<\/p>\n<hr \/>\n<p><span style=\"color: #ff0000;\">Dijous 18 d&#8217;abril del 2024 a les 19.00h<\/span><\/p>\n<p><img loading=\"lazy\" decoding=\"async\" class=\"alignleft wp-image-48888\" src=\"https:\/\/asianfilmfestival.barcelona\/2023\/wp-content\/uploads\/2024\/04\/Filipinas-LOCKDOWN.jpg\" alt=\"\" width=\"513\" height=\"231\" srcset=\"https:\/\/asianfilmfestival.barcelona\/2023\/wp-content\/uploads\/2024\/04\/Filipinas-LOCKDOWN.jpg 1800w, https:\/\/asianfilmfestival.barcelona\/2023\/wp-content\/uploads\/2024\/04\/Filipinas-LOCKDOWN-300x135.jpg 300w, https:\/\/asianfilmfestival.barcelona\/2023\/wp-content\/uploads\/2024\/04\/Filipinas-LOCKDOWN-1030x464.jpg 1030w, https:\/\/asianfilmfestival.barcelona\/2023\/wp-content\/uploads\/2024\/04\/Filipinas-LOCKDOWN-768x346.jpg 768w, https:\/\/asianfilmfestival.barcelona\/2023\/wp-content\/uploads\/2024\/04\/Filipinas-LOCKDOWN-1536x691.jpg 1536w, https:\/\/asianfilmfestival.barcelona\/2023\/wp-content\/uploads\/2024\/04\/Filipinas-LOCKDOWN-1500x675.jpg 1500w, https:\/\/asianfilmfestival.barcelona\/2023\/wp-content\/uploads\/2024\/04\/Filipinas-LOCKDOWN-705x317.jpg 705w\" sizes=\"auto, (max-width: 513px) 100vw, 513px\" \/><\/p>\n<p><strong>Lockdown<\/strong> | Dir. Joel C. Lamangan | Filipines | 2021 | 97\u2019 | VOSE | Drama<\/p>\n<p>Danny \u00e9s un dels milers de treballadors migrats filipins que van haver de tornar al seu pa\u00eds durant la pand\u00e8mia de la COVID-19. S\u2019escapa del centre de quarantena per reunir-se amb la seva fam\u00edlia, per\u00f2 s\u2019adona de les p\u00e8ssimes condicions en qu\u00e8 viuen quan l\u2019acullen. Danny, per poder sobreviure durant la crisi, cau en el s\u00f2rdid m\u00f3n del treball sexual en l\u00ednia actuant en un antre clandest\u00ed dirigit per un tal Rene, on acabar\u00e0 treballant a canvi de protecci\u00f3, despr\u00e9s d\u2019evitar a les autoritats sanit\u00e0ries, que van assaltar casa seva emportant-se a la seva fam\u00edlia, i que encara el persegueixen.<\/p>\n<p>El multipremiat director filip\u00ed <strong>Joel C. Lamangan<\/strong> va estudiar cinema i teatre a les Filipines ia l\u2019estranger. Va ser actor i director per a teatre i televisi\u00f3, fins que va comen\u00e7ar a actuar per al cinema i va poder estrenar-se com a director el 1991 amb Darna. Entre les seves pel\u00b7l\u00edcules m\u00e9s destacades es troben:\u00a0<em>The Flor Contemplacion Story<\/em>\u00a0(1995), amb la qual va obtenir el premi Golden Pyramid al festival de cinema del Caire el 1995 i Nora Aunor es va emportar el premi a millor actriu;\u00a0<em>Pusong Mamon\u00a0<\/em>(1998),\u00a0<em>Deathrow\u00a0<\/em>(2000),\u00a0<em>Hubog<\/em>\u00a0(2001),\u00a0<em>Huling Birhen sa Lupa<\/em>\u00a0(2003),\u00a0<em>Blue Moon<\/em>\u00a0(2006) i\u00a0<em>Deadline\u00a0<\/em>(2011). En 2014, el seu llargmetratge\u00a0<em>Hustisya\u00a0<\/em>va guanyar el premi a millor actriu i el Netpac al festival de cinema independent filip\u00ed Cinemalaya. Tamb\u00e9 es va projectar al festival de Toronto i va competir en els de Vars\u00f2via i Nantes. Amb\u00a0<em>Bhoy Intsik<\/em>\u00a0(2017) va aconseguir el premi especial del jurat al festival de Porto.\u00a0<em>Rainbow\u2019s Sunset<\/em>\u00a0va obtenir nou premis al festival de Manila de 2018, a m\u00e9s del premi especial de jurat i el premi a millor actor per Eddie Garc\u00eda i Tony Mabesa al festival de Houston de 2019.<\/p>\n<hr \/>\n<p><span style=\"color: #ff0000;\">Dimarts 23 d&#8217;abril del 2024 a les 19.00h<\/span><\/p>\n<p><img loading=\"lazy\" decoding=\"async\" class=\"wp-image-48900 alignright\" src=\"https:\/\/asianfilmfestival.barcelona\/2023\/wp-content\/uploads\/2024\/04\/whereispinki-e1712656546425.png\" alt=\"\" width=\"513\" height=\"289\" \/><\/p>\n<p><strong>Where is Pinki?<\/strong> | Dir. Prithvi Konanur | India | 2020 | 107\u2019 | VOSE | Drama<\/p>\n<p>Bindu i Girish s\u00f3n aparentment una t\u00edpica parella treballadora de classe mitjana en un entorn urb\u00e0 de l\u2019\u00cdndia amb una nena de 8 mesos, Pinki. Deixen el seu nad\u00f3 amb una cuidadora i es treballaran. Sannamma barreja la llet de Pinki amb alcohol i li presta el nad\u00f3 a una amiga, Anasu. Aquesta es porta a al nad\u00f3 per pidolar als carrers de la ciutat. Ho deixa sota d\u2019un pas elevat durant una estona per aconseguir un glop d\u2019alcohol. Una escombradora de la ciutat, Pathu, descobreix accidentalment a Pinki i la hi porta. Bindu torna a casa de cam\u00ed a l\u2019oficina a la recerca d\u2019alguna cosa que ha oblidat i descobreix amb horror que Pinki i Sannamma han desaparegut. Aix\u00ed comen\u00e7a una fren\u00e8tica jornada de recerca en un laberint on la trobada sembla impossible.<\/p>\n<p><strong>Prithvi Konanur<\/strong>, ex enginyer de programari, va fer el seu primer gui\u00f3, en angl\u00e8s,\u00a0<em>The Abiding<\/em>, que va adaptar per al cinema el director de Hollywood Rob Schmidt. Despr\u00e9s d\u2019aquesta experi\u00e8ncia, Prithvi va decidir estudiar cinema a l\u2019Acad\u00e8mia de Cinema de Nova York. Despr\u00e9s de dirigir diversos curtmetratges, va realitzar el seu primer llargmetratge\u00a0<em>Alegalu\u00a0<\/em>(<em>Waves<\/em>) el 2012, i ho va produir la Societat de Cinema Infantil de l\u2019\u00cdndia sota el Govern Federal de l\u2019\u00cdndia.\u00a0<em>Waves\u00a0<\/em>es va estrenar al Festival de Cinema de Toronto (TIFF KIDS) i es va projectar en nombrosos festivals internacionals. El seu segon llargmetratge,\u00a0<em>Railway Children<\/em>, va tenir la seva estrena mundial al Festival de Cinema de Mumbai (MAMI) i va rebre una Menci\u00f3 Especial del Jurat al Zlin IFF i altres premis en m\u00faltiples Festivals de Cinema Internacionals. El tercer llargmetratge de Prithvi,\u00a0<em>Pinki Elli?<\/em>\u00a0(<em>On \u00e9s Pinki?<\/em>) Va obtenir el premi Movie Buff Appreciation Award al Film Bazaar de 2019.<strong>\u00a0<\/strong><\/p>\n<hr \/>\n<p><span style=\"color: #ff0000;\">Dijous 25 d&#8217;abril del 2024 a les 19.00h<\/span><\/p>\n<p><img loading=\"lazy\" decoding=\"async\" class=\"alignleft wp-image-48897\" src=\"https:\/\/asianfilmfestival.barcelona\/2023\/wp-content\/uploads\/2024\/04\/02_andalucia-e1712656712375.jpg\" alt=\"\" width=\"513\" height=\"267\" \/><\/p>\n<p><strong>Los mensajes ocultos de Ganga <\/strong>| Dir. Antonio Rodrigo | India, Espa\u00f1a | 2020 | 61\u2019 | VOSE | Documental<\/p>\n<p>M\u00e9s enll\u00e0 dels problemes mediambientals als quals s\u2019enfronta el riu Ganges en el context social de l\u2019\u00cdndia, la Deessa Ganga representa el curs de la vida en l\u2019hinduisme. Segons la mitologia, Ganga va baixar des del cel per tal de salvar i purificar la seva gent travessant el que representa una art\u00e8ria social i pol\u00edtica per al pa\u00eds. Per\u00f2 qu\u00e8 hi ha m\u00e9s enll\u00e0 del curs del Riu? Passat, present i la lluita per la superviv\u00e8ncia s\u2019entrellacen en aquest documental que recorre de manera cosmol\u00f2gic els misteris i controv\u00e8rsies a qu\u00e8 s\u2019enfronta un dels rius m\u00e9s antics de la planeta.<\/p>\n<p><strong>Antonio Rodrigo<\/strong> \u00e9s director de cinema documental i fundador de Nomadocs. Viatger i explorador d\u2019hist\u00f2ries, es defineix com un artes\u00e0 de cinema social. El seu primer curtmetratge\u00a0<em>El Sentir desde Afuera\u00a0<\/em>va ser premiat internacionalment i seleccionat per representar a Espanya a la Biennal de Joves Artistes de la Mediterr\u00e0nia celebrada a Skopje el 2008. Despr\u00e9s d\u2019algunes publicacions en TV i m\u00e9s de 12 anys d\u2019experi\u00e8ncia en el sector del documental social treballant per IFC, World Bank, GlobalCad i altres organitzacions, decideix independitzar-se i fundar Nomadocs amb la idea d\u2019usar el seu treball com a eina d\u2019educaci\u00f3 i sensibilitzaci\u00f3 social.<\/p>\n<\/div><\/section>\n<div  class='avia-icon-list-container av-lus898vg-9ab7363ac3c7e152c4f38fd685266cc7  avia-builder-el-1  el_after_av_textblock  el_before_av_partner '><ul class='avia-icon-list avia_animate_when_almost_visible avia-icon-list-left av-iconlist-big av-lus898vg-9ab7363ac3c7e152c4f38fd685266cc7 avia-iconlist-animate'>\n<li><div class='iconlist_icon av-lus87ui2-6676cd3a3b1964bed63c8bed8750644a avia-font-entypo-fontello'><span class='iconlist-char' aria-hidden='true' data-av_icon='\ue85b' data-av_iconfont='entypo-fontello'><\/span><\/div><article class=\"article-icon-entry av-iconlist-empty\" ><div class=\"iconlist_content_wrap\"><header class=\"entry-content-header\"><h4 class='av_iconlist_title iconlist_title  ' >Del 4 al 25 d\u2019abril de 2024<\/h4><\/header><div class='iconlist_content ' ><\/div><\/div><footer class=\"entry-footer\"><\/footer><\/article><div class=\"iconlist-timeline\"><\/div><\/li>\n<li><div class='iconlist_icon av-lus88hof-e610a73747a9342631b9e4d9564f2879 avia-font-entypo-fontello'><span class='iconlist-char' aria-hidden='true' data-av_icon='\ue842' data-av_iconfont='entypo-fontello'><\/span><\/div><article class=\"article-icon-entry av-iconlist-empty\" ><div class=\"iconlist_content_wrap\"><header class=\"entry-content-header\"><h4 class='av_iconlist_title iconlist_title  ' >Foro Guadalupe Balderas del Centro Recreativo Xalape\u00f1o Xalape\u00f1os Ilustres 31 Zona Centro, Centro Xalapa M\u00e9xico<\/h4><\/header><div class='iconlist_content ' ><\/div><\/div><footer class=\"entry-footer\"><\/footer><\/article><div class=\"iconlist-timeline\"><\/div><\/li>\n<li><div class='iconlist_icon av-lus8989j-64b54e364d4053391539331eea0c9d41 avia-font-entypo-fontello'><span class='iconlist-char' aria-hidden='true' data-av_icon='\ue8cb' data-av_iconfont='entypo-fontello'><\/span><\/div><article class=\"article-icon-entry av-iconlist-empty\" ><div class=\"iconlist_content_wrap\"><header class=\"entry-content-header\"><h4 class='av_iconlist_title iconlist_title  ' >Entrada lliure fins limit d\u2019aforament<\/h4><\/header><div class='iconlist_content ' ><\/div><\/div><footer class=\"entry-footer\"><\/footer><\/article><div class=\"iconlist-timeline\"><\/div><\/li>\n<\/ul><\/div>\n\n<style type=\"text\/css\" data-created_by=\"avia_inline_auto\" id=\"style-css-av-lus86lhk-20fe9600a9bfc3513639549b43862874\">\n.avia-logo-element-container.av-lus86lhk-20fe9600a9bfc3513639549b43862874 .av-partner-fake-img{\nbackground-size:cover;\n}\n<\/style>\n<div  class='avia-logo-element-container av-lus86lhk-20fe9600a9bfc3513639549b43862874 avia-logo-slider avia-content-slider avia-smallarrow-slider avia-content-slider-active noHover avia-content-slider-odd  avia-builder-el-2  el_after_av_iconlist  el_before_av_partner  av-slideshow-ui av-control-default av-nav-arrows-visible av-nav-dots-visible av-no-slider-navigation av-slideshow-manual av-loop-once av-loop-manual-endless avia-content-slider1' data-slideshow-options=\"{&quot;animation&quot;:&quot;slide&quot;,&quot;autoplay&quot;:false,&quot;loop_autoplay&quot;:&quot;once&quot;,&quot;interval&quot;:5,&quot;loop_manual&quot;:&quot;manual-endless&quot;,&quot;autoplay_stopper&quot;:false,&quot;noNavigation&quot;:false,&quot;bg_slider&quot;:false,&quot;keep_padding&quot;:&quot;&quot;,&quot;hoverpause&quot;:false,&quot;show_slide_delay&quot;:0}\"><div class='avia-smallarrow-slider-heading '><div class='new-special-heading'><h3 class='av-logo-special-heading-text '>Organitzen<\/h3><\/div><\/div><div class=\"avia-content-slider-inner\"><div class=\"slide-entry-wrap\"><div  class='slide-entry av-22l3uup-193d5bcc093787a347e7bf53da27ac15 flex_column no_margin av_one_third real-thumbnail post-entry slide-entry-overview slide-loop-1 slide-parity-odd  first'><span class='av-partner-fake-img' style='padding-bottom:96.413502109705%; background-image:url(https:\/\/asianfilmfestival.barcelona\/2023\/wp-content\/uploads\/2023\/03\/cuadrado-casa-asiaa-e1712744326951.jpg);'><\/span><\/div><div  class='slide-entry av-1s6frv5-0ccb00a4bd164fddbbdd80d04adb11d8 flex_column no_margin av_one_third real-thumbnail post-entry slide-entry-overview slide-loop-2 slide-parity-even  '><span class='av-partner-fake-img' style='padding-bottom:96.413502109705%; background-image:url(https:\/\/asianfilmfestival.barcelona\/2023\/wp-content\/uploads\/2024\/04\/Marana1-1-400x400-1.png);'><\/span><\/div><div  class='slide-entry av-19i9dw1-8081bc4c0cf3af701415b5293cd557c7 flex_column no_margin av_one_third real-thumbnail post-entry slide-entry-overview slide-loop-3 slide-parity-odd post-entry-last '><span class='av-partner-fake-img' style='padding-bottom:96.413502109705%; background-image:url(https:\/\/asianfilmfestival.barcelona\/2023\/wp-content\/uploads\/2024\/04\/RXCC-LOGO-400x368-1.jpg);'><\/span><\/div><\/div><\/div><\/div>\n\n<style type=\"text\/css\" data-created_by=\"avia_inline_auto\" id=\"style-css-av-lus8756s-379c46ea13eaaa07f02adcbae3b02c91\">\n.avia-logo-element-container.av-lus8756s-379c46ea13eaaa07f02adcbae3b02c91 .av-partner-fake-img{\nbackground-size:cover;\n}\n<\/style>\n<div  class='avia-logo-element-container av-lus8756s-379c46ea13eaaa07f02adcbae3b02c91 avia-logo-slider avia-content-slider avia-smallarrow-slider avia-content-slider-active noHover avia-content-slider-odd  avia-builder-el-3  el_after_av_partner  avia-builder-el-last  av-slideshow-ui av-control-default av-nav-arrows-visible av-nav-dots-visible av-no-slider-navigation av-slideshow-manual av-loop-once av-loop-manual-endless avia-content-slider2' data-slideshow-options=\"{&quot;animation&quot;:&quot;slide&quot;,&quot;autoplay&quot;:false,&quot;loop_autoplay&quot;:&quot;once&quot;,&quot;interval&quot;:5,&quot;loop_manual&quot;:&quot;manual-endless&quot;,&quot;autoplay_stopper&quot;:false,&quot;noNavigation&quot;:false,&quot;bg_slider&quot;:false,&quot;keep_padding&quot;:&quot;&quot;,&quot;hoverpause&quot;:false,&quot;show_slide_delay&quot;:0}\"><div class='avia-smallarrow-slider-heading '><div class='new-special-heading'><h3 class='av-logo-special-heading-text '>Amb la col\u00b7laboraci\u00f3 de<\/h3><\/div><\/div><div class=\"avia-content-slider-inner\"><div class=\"slide-entry-wrap\"><div  class='slide-entry av-pjiwep-fec5a6163c0554961272fa18f5b3cf4e flex_column no_margin av_one_third real-thumbnail post-entry slide-entry-overview slide-loop-1 slide-parity-odd post-entry-last first'><span class='av-partner-fake-img' style='padding-bottom:77%; background-image:url(https:\/\/asianfilmfestival.barcelona\/2023\/wp-content\/uploads\/2024\/04\/Logo_NDocs_01-1-400x308-1.png);'><\/span><\/div><\/div><\/div><\/div>\n","protected":false},"excerpt":{"rendered":"","protected":false},"author":8,"featured_media":48900,"comment_status":"closed","ping_status":"open","sticky":false,"template":"","format":"standard","meta":{"_acf_changed":false,"footnotes":""},"categories":[33],"tags":[],"class_list":["post-48913","post","type-post","status-publish","format-standard","has-post-thumbnail","hentry","category-noticies"],"acf":[],"yoast_head":"<!-- This site is optimized with the Yoast SEO plugin v27.4 - https:\/\/yoast.com\/product\/yoast-seo-wordpress\/ -->\n<title>L&#039;AFFBCN a M\u00e8xic - Asian Film Festival Barcelona<\/title>\n<meta name=\"robots\" content=\"noindex, follow, max-snippet:-1, max-image-preview:large, max-video-preview:-1\" \/>\n<meta property=\"og:locale\" content=\"ca_ES\" \/>\n<meta property=\"og:type\" content=\"article\" \/>\n<meta property=\"og:title\" content=\"L&#039;AFFBCN a M\u00e8xic - Asian Film Festival Barcelona\" \/>\n<meta property=\"og:url\" content=\"https:\/\/asianfilmfestival.barcelona\/2023\/ca\/laffbcn-a-mexic\/\" \/>\n<meta property=\"og:site_name\" content=\"Asian Film Festival Barcelona\" \/>\n<meta property=\"article:published_time\" content=\"2024-04-09T10:31:06+00:00\" \/>\n<meta property=\"article:modified_time\" content=\"2024-05-15T11:11:05+00:00\" \/>\n<meta property=\"og:image\" content=\"https:\/\/asianfilmfestival.barcelona\/2023\/wp-content\/uploads\/2024\/04\/whereispinki-e1712656546425.png\" \/>\n\t<meta property=\"og:image:width\" content=\"681\" \/>\n\t<meta property=\"og:image:height\" content=\"383\" \/>\n\t<meta property=\"og:image:type\" content=\"image\/png\" \/>\n<meta name=\"author\" content=\"Asian Film Festival Barcelona\" \/>\n<meta name=\"twitter:card\" content=\"summary_large_image\" \/>\n<meta name=\"twitter:label1\" content=\"Escrit per\" \/>\n\t<meta name=\"twitter:data1\" content=\"Asian Film Festival Barcelona\" \/>\n\t<meta name=\"twitter:label2\" content=\"Temps estimat de lectura\" \/>\n\t<meta name=\"twitter:data2\" content=\"8 minuts\" \/>\n<script type=\"application\/ld+json\" class=\"yoast-schema-graph\">{\"@context\":\"https:\\\/\\\/schema.org\",\"@graph\":[{\"@type\":\"Article\",\"@id\":\"https:\\\/\\\/asianfilmfestival.barcelona\\\/2023\\\/ca\\\/laffbcn-a-mexic\\\/#article\",\"isPartOf\":{\"@id\":\"https:\\\/\\\/asianfilmfestival.barcelona\\\/2023\\\/ca\\\/laffbcn-a-mexic\\\/\"},\"author\":{\"name\":\"Asian Film Festival Barcelona\",\"@id\":\"https:\\\/\\\/asianfilmfestival.barcelona\\\/2023\\\/ca\\\/#\\\/schema\\\/person\\\/86a1f3b7a536690d6c2c6d700ad93adb\"},\"headline\":\"L&#8217;AFFBCN a M\u00e8xic\",\"datePublished\":\"2024-04-09T10:31:06+00:00\",\"dateModified\":\"2024-05-15T11:11:05+00:00\",\"mainEntityOfPage\":{\"@id\":\"https:\\\/\\\/asianfilmfestival.barcelona\\\/2023\\\/ca\\\/laffbcn-a-mexic\\\/\"},\"wordCount\":1938,\"image\":{\"@id\":\"https:\\\/\\\/asianfilmfestival.barcelona\\\/2023\\\/ca\\\/laffbcn-a-mexic\\\/#primaryimage\"},\"thumbnailUrl\":\"https:\\\/\\\/asianfilmfestival.barcelona\\\/2023\\\/wp-content\\\/uploads\\\/2024\\\/04\\\/whereispinki-e1712656546425.png\",\"articleSection\":[\"Not\u00edcies\"],\"inLanguage\":\"ca\"},{\"@type\":\"WebPage\",\"@id\":\"https:\\\/\\\/asianfilmfestival.barcelona\\\/2023\\\/ca\\\/laffbcn-a-mexic\\\/\",\"url\":\"https:\\\/\\\/asianfilmfestival.barcelona\\\/2023\\\/ca\\\/laffbcn-a-mexic\\\/\",\"name\":\"L'AFFBCN a M\u00e8xic - Asian Film Festival Barcelona\",\"isPartOf\":{\"@id\":\"https:\\\/\\\/asianfilmfestival.barcelona\\\/2023\\\/ca\\\/#website\"},\"primaryImageOfPage\":{\"@id\":\"https:\\\/\\\/asianfilmfestival.barcelona\\\/2023\\\/ca\\\/laffbcn-a-mexic\\\/#primaryimage\"},\"image\":{\"@id\":\"https:\\\/\\\/asianfilmfestival.barcelona\\\/2023\\\/ca\\\/laffbcn-a-mexic\\\/#primaryimage\"},\"thumbnailUrl\":\"https:\\\/\\\/asianfilmfestival.barcelona\\\/2023\\\/wp-content\\\/uploads\\\/2024\\\/04\\\/whereispinki-e1712656546425.png\",\"datePublished\":\"2024-04-09T10:31:06+00:00\",\"dateModified\":\"2024-05-15T11:11:05+00:00\",\"author\":{\"@id\":\"https:\\\/\\\/asianfilmfestival.barcelona\\\/2023\\\/ca\\\/#\\\/schema\\\/person\\\/86a1f3b7a536690d6c2c6d700ad93adb\"},\"breadcrumb\":{\"@id\":\"https:\\\/\\\/asianfilmfestival.barcelona\\\/2023\\\/ca\\\/laffbcn-a-mexic\\\/#breadcrumb\"},\"inLanguage\":\"ca\",\"potentialAction\":[{\"@type\":\"ReadAction\",\"target\":[\"https:\\\/\\\/asianfilmfestival.barcelona\\\/2023\\\/ca\\\/laffbcn-a-mexic\\\/\"]}]},{\"@type\":\"ImageObject\",\"inLanguage\":\"ca\",\"@id\":\"https:\\\/\\\/asianfilmfestival.barcelona\\\/2023\\\/ca\\\/laffbcn-a-mexic\\\/#primaryimage\",\"url\":\"https:\\\/\\\/asianfilmfestival.barcelona\\\/2023\\\/wp-content\\\/uploads\\\/2024\\\/04\\\/whereispinki-e1712656546425.png\",\"contentUrl\":\"https:\\\/\\\/asianfilmfestival.barcelona\\\/2023\\\/wp-content\\\/uploads\\\/2024\\\/04\\\/whereispinki-e1712656546425.png\",\"width\":681,\"height\":383},{\"@type\":\"BreadcrumbList\",\"@id\":\"https:\\\/\\\/asianfilmfestival.barcelona\\\/2023\\\/ca\\\/laffbcn-a-mexic\\\/#breadcrumb\",\"itemListElement\":[{\"@type\":\"ListItem\",\"position\":1,\"name\":\"Home\",\"item\":\"https:\\\/\\\/asianfilmfestival.barcelona\\\/2023\\\/ca\\\/benvinguda-asian-film-festival-barcelona-2023\\\/\"},{\"@type\":\"ListItem\",\"position\":2,\"name\":\"L&#8217;AFFBCN a M\u00e8xic\"}]},{\"@type\":\"WebSite\",\"@id\":\"https:\\\/\\\/asianfilmfestival.barcelona\\\/2023\\\/ca\\\/#website\",\"url\":\"https:\\\/\\\/asianfilmfestival.barcelona\\\/2023\\\/ca\\\/\",\"name\":\"Asian Film Festival Barcelona\",\"description\":\"2023\",\"potentialAction\":[{\"@type\":\"SearchAction\",\"target\":{\"@type\":\"EntryPoint\",\"urlTemplate\":\"https:\\\/\\\/asianfilmfestival.barcelona\\\/2023\\\/ca\\\/?s={search_term_string}\"},\"query-input\":{\"@type\":\"PropertyValueSpecification\",\"valueRequired\":true,\"valueName\":\"search_term_string\"}}],\"inLanguage\":\"ca\"},{\"@type\":\"Person\",\"@id\":\"https:\\\/\\\/asianfilmfestival.barcelona\\\/2023\\\/ca\\\/#\\\/schema\\\/person\\\/86a1f3b7a536690d6c2c6d700ad93adb\",\"name\":\"Asian Film Festival Barcelona\",\"image\":{\"@type\":\"ImageObject\",\"inLanguage\":\"ca\",\"@id\":\"https:\\\/\\\/secure.gravatar.com\\\/avatar\\\/2b70c89a32ff7923752020dbdcd7d17202d996fa13bbe4424cdbf22a297f3777?s=96&d=mm&r=g\",\"url\":\"https:\\\/\\\/secure.gravatar.com\\\/avatar\\\/2b70c89a32ff7923752020dbdcd7d17202d996fa13bbe4424cdbf22a297f3777?s=96&d=mm&r=g\",\"contentUrl\":\"https:\\\/\\\/secure.gravatar.com\\\/avatar\\\/2b70c89a32ff7923752020dbdcd7d17202d996fa13bbe4424cdbf22a297f3777?s=96&d=mm&r=g\",\"caption\":\"Asian Film Festival Barcelona\"}}]}<\/script>\n<!-- \/ Yoast SEO plugin. -->","yoast_head_json":{"title":"L'AFFBCN a M\u00e8xic - Asian Film Festival Barcelona","robots":{"index":"noindex","follow":"follow","max-snippet":"max-snippet:-1","max-image-preview":"max-image-preview:large","max-video-preview":"max-video-preview:-1"},"og_locale":"ca_ES","og_type":"article","og_title":"L'AFFBCN a M\u00e8xic - Asian Film Festival Barcelona","og_url":"https:\/\/asianfilmfestival.barcelona\/2023\/ca\/laffbcn-a-mexic\/","og_site_name":"Asian Film Festival Barcelona","article_published_time":"2024-04-09T10:31:06+00:00","article_modified_time":"2024-05-15T11:11:05+00:00","og_image":[{"width":681,"height":383,"url":"https:\/\/asianfilmfestival.barcelona\/2023\/wp-content\/uploads\/2024\/04\/whereispinki-e1712656546425.png","type":"image\/png"}],"author":"Asian Film Festival Barcelona","twitter_card":"summary_large_image","twitter_misc":{"Escrit per":"Asian Film Festival Barcelona","Temps estimat de lectura":"8 minuts"},"schema":{"@context":"https:\/\/schema.org","@graph":[{"@type":"Article","@id":"https:\/\/asianfilmfestival.barcelona\/2023\/ca\/laffbcn-a-mexic\/#article","isPartOf":{"@id":"https:\/\/asianfilmfestival.barcelona\/2023\/ca\/laffbcn-a-mexic\/"},"author":{"name":"Asian Film Festival Barcelona","@id":"https:\/\/asianfilmfestival.barcelona\/2023\/ca\/#\/schema\/person\/86a1f3b7a536690d6c2c6d700ad93adb"},"headline":"L&#8217;AFFBCN a M\u00e8xic","datePublished":"2024-04-09T10:31:06+00:00","dateModified":"2024-05-15T11:11:05+00:00","mainEntityOfPage":{"@id":"https:\/\/asianfilmfestival.barcelona\/2023\/ca\/laffbcn-a-mexic\/"},"wordCount":1938,"image":{"@id":"https:\/\/asianfilmfestival.barcelona\/2023\/ca\/laffbcn-a-mexic\/#primaryimage"},"thumbnailUrl":"https:\/\/asianfilmfestival.barcelona\/2023\/wp-content\/uploads\/2024\/04\/whereispinki-e1712656546425.png","articleSection":["Not\u00edcies"],"inLanguage":"ca"},{"@type":"WebPage","@id":"https:\/\/asianfilmfestival.barcelona\/2023\/ca\/laffbcn-a-mexic\/","url":"https:\/\/asianfilmfestival.barcelona\/2023\/ca\/laffbcn-a-mexic\/","name":"L'AFFBCN a M\u00e8xic - Asian Film Festival Barcelona","isPartOf":{"@id":"https:\/\/asianfilmfestival.barcelona\/2023\/ca\/#website"},"primaryImageOfPage":{"@id":"https:\/\/asianfilmfestival.barcelona\/2023\/ca\/laffbcn-a-mexic\/#primaryimage"},"image":{"@id":"https:\/\/asianfilmfestival.barcelona\/2023\/ca\/laffbcn-a-mexic\/#primaryimage"},"thumbnailUrl":"https:\/\/asianfilmfestival.barcelona\/2023\/wp-content\/uploads\/2024\/04\/whereispinki-e1712656546425.png","datePublished":"2024-04-09T10:31:06+00:00","dateModified":"2024-05-15T11:11:05+00:00","author":{"@id":"https:\/\/asianfilmfestival.barcelona\/2023\/ca\/#\/schema\/person\/86a1f3b7a536690d6c2c6d700ad93adb"},"breadcrumb":{"@id":"https:\/\/asianfilmfestival.barcelona\/2023\/ca\/laffbcn-a-mexic\/#breadcrumb"},"inLanguage":"ca","potentialAction":[{"@type":"ReadAction","target":["https:\/\/asianfilmfestival.barcelona\/2023\/ca\/laffbcn-a-mexic\/"]}]},{"@type":"ImageObject","inLanguage":"ca","@id":"https:\/\/asianfilmfestival.barcelona\/2023\/ca\/laffbcn-a-mexic\/#primaryimage","url":"https:\/\/asianfilmfestival.barcelona\/2023\/wp-content\/uploads\/2024\/04\/whereispinki-e1712656546425.png","contentUrl":"https:\/\/asianfilmfestival.barcelona\/2023\/wp-content\/uploads\/2024\/04\/whereispinki-e1712656546425.png","width":681,"height":383},{"@type":"BreadcrumbList","@id":"https:\/\/asianfilmfestival.barcelona\/2023\/ca\/laffbcn-a-mexic\/#breadcrumb","itemListElement":[{"@type":"ListItem","position":1,"name":"Home","item":"https:\/\/asianfilmfestival.barcelona\/2023\/ca\/benvinguda-asian-film-festival-barcelona-2023\/"},{"@type":"ListItem","position":2,"name":"L&#8217;AFFBCN a M\u00e8xic"}]},{"@type":"WebSite","@id":"https:\/\/asianfilmfestival.barcelona\/2023\/ca\/#website","url":"https:\/\/asianfilmfestival.barcelona\/2023\/ca\/","name":"Asian Film Festival Barcelona","description":"2023","potentialAction":[{"@type":"SearchAction","target":{"@type":"EntryPoint","urlTemplate":"https:\/\/asianfilmfestival.barcelona\/2023\/ca\/?s={search_term_string}"},"query-input":{"@type":"PropertyValueSpecification","valueRequired":true,"valueName":"search_term_string"}}],"inLanguage":"ca"},{"@type":"Person","@id":"https:\/\/asianfilmfestival.barcelona\/2023\/ca\/#\/schema\/person\/86a1f3b7a536690d6c2c6d700ad93adb","name":"Asian Film Festival Barcelona","image":{"@type":"ImageObject","inLanguage":"ca","@id":"https:\/\/secure.gravatar.com\/avatar\/2b70c89a32ff7923752020dbdcd7d17202d996fa13bbe4424cdbf22a297f3777?s=96&d=mm&r=g","url":"https:\/\/secure.gravatar.com\/avatar\/2b70c89a32ff7923752020dbdcd7d17202d996fa13bbe4424cdbf22a297f3777?s=96&d=mm&r=g","contentUrl":"https:\/\/secure.gravatar.com\/avatar\/2b70c89a32ff7923752020dbdcd7d17202d996fa13bbe4424cdbf22a297f3777?s=96&d=mm&r=g","caption":"Asian Film Festival Barcelona"}}]}},"_links":{"self":[{"href":"https:\/\/asianfilmfestival.barcelona\/2023\/ca\/wp-json\/wp\/v2\/posts\/48913","targetHints":{"allow":["GET"]}}],"collection":[{"href":"https:\/\/asianfilmfestival.barcelona\/2023\/ca\/wp-json\/wp\/v2\/posts"}],"about":[{"href":"https:\/\/asianfilmfestival.barcelona\/2023\/ca\/wp-json\/wp\/v2\/types\/post"}],"author":[{"embeddable":true,"href":"https:\/\/asianfilmfestival.barcelona\/2023\/ca\/wp-json\/wp\/v2\/users\/8"}],"replies":[{"embeddable":true,"href":"https:\/\/asianfilmfestival.barcelona\/2023\/ca\/wp-json\/wp\/v2\/comments?post=48913"}],"version-history":[{"count":7,"href":"https:\/\/asianfilmfestival.barcelona\/2023\/ca\/wp-json\/wp\/v2\/posts\/48913\/revisions"}],"predecessor-version":[{"id":48917,"href":"https:\/\/asianfilmfestival.barcelona\/2023\/ca\/wp-json\/wp\/v2\/posts\/48913\/revisions\/48917"}],"wp:featuredmedia":[{"embeddable":true,"href":"https:\/\/asianfilmfestival.barcelona\/2023\/ca\/wp-json\/wp\/v2\/media\/48900"}],"wp:attachment":[{"href":"https:\/\/asianfilmfestival.barcelona\/2023\/ca\/wp-json\/wp\/v2\/media?parent=48913"}],"wp:term":[{"taxonomy":"category","embeddable":true,"href":"https:\/\/asianfilmfestival.barcelona\/2023\/ca\/wp-json\/wp\/v2\/categories?post=48913"},{"taxonomy":"post_tag","embeddable":true,"href":"https:\/\/asianfilmfestival.barcelona\/2023\/ca\/wp-json\/wp\/v2\/tags?post=48913"}],"curies":[{"name":"wp","href":"https:\/\/api.w.org\/{rel}","templated":true}]}}