{"id":48807,"date":"2024-04-08T10:25:51","date_gmt":"2024-04-08T08:25:51","guid":{"rendered":"https:\/\/asianfilmfestival.barcelona\/2023\/?p=48807"},"modified":"2024-05-15T13:22:31","modified_gmt":"2024-05-15T11:22:31","slug":"noves-mirades-del-cinema-asiatic","status":"publish","type":"post","link":"https:\/\/asianfilmfestival.barcelona\/2023\/ca\/noves-mirades-del-cinema-asiatic\/","title":{"rendered":"Noves mirades del cinema asi\u00e0tic"},"content":{"rendered":"<div  class='avia-video av-lv0q79ns-823eef30bdbfabd2956deb7e46dd07dd avia-video-16-9 av-no-preview-image avia-video-load-always avia-video-html5'  data-original_url='https:\/\/asianfilmfestival.barcelona\/2023\/wp-content\/uploads\/2024\/04\/e8fd2708-b312-47a1-8cec-465fd4e7dbf5.mp4'><video class='avia_video'    preload=\"auto\"  controls id='player_48807_1619930754_717804342'><source src='https:\/\/asianfilmfestival.barcelona\/2023\/wp-content\/uploads\/2024\/04\/e8fd2708-b312-47a1-8cec-465fd4e7dbf5.mp4' type='video\/mp4' \/><\/video><\/div>\n<section  class='av_textblock_section av-lul3gafl-3c43486824eecee3bcd1ec49ba1243a4 '  ><div class='avia_textblock' ><h2><\/h2>\n<h2 style=\"text-align: center;\"><b><span data-contrast=\"none\">Noves mirades del cinema asi\u00e0tic<\/span><\/b><\/h2>\n<p><span data-contrast=\"auto\">Reprenem la programaci\u00f3 de cinema asi\u00e0tic a Madrid, des del 13 d\u2019abril fins el 15 de juny de 2024, per continuar amb la mostra d\u2019un cinema que ha deixat de ser una excepci\u00f3 per\u00a0 ser cada vegada m\u00e9s present a festivals nacionals i internacionals o a la programaci\u00f3 anual dels nostres cinemes. En aquest nou cap\u00edtol presentem cinema d\u2019\u00c0sia Central procedent del Kirguizistan i l\u2019Uzbequistan, a m\u00e9s d\u2019una interessant pel\u00b7l\u00edcula de l\u2019Afganistan, pa\u00eds del qual fa temps que en sabem molt poc. El cinema irani\u00e0 continua sent important per nosaltres, com es despr\u00e8n de les dues pel\u00b7l\u00edcules seleccionades pel seu inter\u00e8s social. Tot seguit, una producci\u00f3 pol\u00e8mica de l&#8217;\u00cdndia sobre el Caixmir i les arrels hist\u00f2riques d\u2019un conflicte sense resoldre, acabant amb el cinema recent del Sud-est asi\u00e0tic que ens arriba de les Filipines, Corea, Indonesia i el Jap\u00f3. Amb els deu t\u00edtols programats cobrim un per\u00edode de cinc anys, entre 2019 i 2023, en qu\u00e8 el cinema asi\u00e0tic ha experimentat un important creixement del seus p\u00fablics a Occident. N\u2019\u00e9s una prova l\u2019augment de la presencia d\u2019aquestes cinematografies en els festivals internacionals i espanyols. La posada en valor de la majoria de les produccions procedents de geografies tan remotes ha contribu\u00eft a normalitzar l&#8217;inter\u00e8s d\u2019un cinema global, m\u00e9s enll\u00e0 de les fronteres f\u00edsiques i virtuals que sovint han separat en blocs la producci\u00f3 cinematogr\u00e0fica entre continents<\/span><span data-ccp-props=\"{\">\u00a0<\/span><\/p>\n<hr \/>\n<h4><b><span data-contrast=\"none\">PROGRAMACI\u00d3\u00a0\u00a0\u00a0\u00a0\u00a0\u00a0\u00a0\u00a0\u00a0\u00a0\u00a0\u00a0\u00a0\u00a0\u00a0\u00a0\u00a0\u00a0\u00a0\u00a0\u00a0\u00a0\u00a0\u00a0\u00a0\u00a0\u00a0\u00a0\u00a0\u00a0\u00a0\u00a0\u00a0\u00a0\u00a0\u00a0\u00a0\u00a0\u00a0\u00a0\u00a0\u00a0\u00a0\u00a0\u00a0\u00a0\u00a0\u00a0\u00a0\u00a0\u00a0\u00a0\u00a0\u00a0\u00a0\u00a0\u00a0\u00a0\u00a0\u00a0\u00a0\u00a0\u00a0\u00a0\u00a0\u00a0\u00a0\u00a0\u00a0\u00a0\u00a0\u00a0\u00a0\u00a0\u00a0\u00a0\u00a0\u00a0\u00a0\u00a0\u00a0\u00a0\u00a0\u00a0\u00a0\u00a0\u00a0\u00a0\u00a0\u00a0<\/span><\/b><span data-ccp-props=\"{\">\u00a0<\/span><\/h4>\n<p><span style=\"color: #ff0000;\" data-contrast=\"none\">Dissabte 13 d\u2019abril de 2024, a les 12:00h<\/span><\/p>\n<p><img loading=\"lazy\" decoding=\"async\" class=\"alignleft wp-image-48760 size-medium\" src=\"https:\/\/asianfilmfestival.barcelona\/2023\/wp-content\/uploads\/2024\/04\/The-Forbidden-Strings-02-e1713169942839-300x183.jpg\" alt=\"\" width=\"300\" height=\"183\" srcset=\"https:\/\/asianfilmfestival.barcelona\/2023\/wp-content\/uploads\/2024\/04\/The-Forbidden-Strings-02-e1713169942839-300x183.jpg 300w, https:\/\/asianfilmfestival.barcelona\/2023\/wp-content\/uploads\/2024\/04\/The-Forbidden-Strings-02-e1713169942839-1030x628.jpg 1030w, https:\/\/asianfilmfestival.barcelona\/2023\/wp-content\/uploads\/2024\/04\/The-Forbidden-Strings-02-e1713169942839-768x468.jpg 768w, https:\/\/asianfilmfestival.barcelona\/2023\/wp-content\/uploads\/2024\/04\/The-Forbidden-Strings-02-e1713169942839-1536x936.jpg 1536w, https:\/\/asianfilmfestival.barcelona\/2023\/wp-content\/uploads\/2024\/04\/The-Forbidden-Strings-02-e1713169942839-1500x914.jpg 1500w, https:\/\/asianfilmfestival.barcelona\/2023\/wp-content\/uploads\/2024\/04\/The-Forbidden-Strings-02-e1713169942839-705x430.jpg 705w, https:\/\/asianfilmfestival.barcelona\/2023\/wp-content\/uploads\/2024\/04\/The-Forbidden-Strings-02-e1713169942839.jpg 1772w\" sizes=\"auto, (max-width: 300px) 100vw, 300px\" \/><\/p>\n<p><b><i><span data-contrast=\"auto\">The Forbidden Strings <\/span><\/i><\/b><i><span data-contrast=\"auto\">| <\/span><\/i><span data-contrast=\"auto\">Afganistan | Hasan Noori<\/span><span data-contrast=\"none\"> | 2019 | 72\u2019 | VOSE | Documental<\/span><\/p>\n<p><span data-contrast=\"auto\">Akbar, Soori, Mohammed i Hakim s\u00f3n els \u00fanics immigrants joves afganesos a l\u2019Iran que han format una banda de rock. Tot el que demanen \u00e9s l\u2019oportunitat de tocar en directe. <\/span><i><span data-contrast=\"auto\">The Forbidden Strings<\/span><\/i><span data-contrast=\"auto\"> mostra el quartet musical lluitant per fer-se escoltar. Com suggereix el t\u00edtol, s\u2019enfronten a diversos reptes. Els quatre membres de la banda s\u00f3n fills de pares afganesos que van fugir a l\u2019Iran, i desconeixen el perill que pot suposar per a ells tornar a la seva terra natal. Les seves fam\u00edlies estan preocupades per ells. La banda promet no ficar-se en problemes quan estiguin a Kabul, per\u00f2 no triguen a adonar-se que aix\u00f2 \u00e9s impossible. <\/span><b><span data-contrast=\"auto\">Menci\u00f3 Especial a la Secci\u00f3 Discoveries de l\u2019AFFBCN 2021.<\/span><\/b><\/p>\n<p><b><span data-contrast=\"auto\">Hasan Noori <\/span><\/b><span data-contrast=\"auto\">va n\u00e9ixer a Iran al 1985 de pares refugiats afganesos. T\u00e9 una llicenciatura en sociologia i un m\u00e0ster en cinema de la Universitat de Teheran. Durant anys ha treballat per a ONGs que lluiten en contra del treball infantil, principalment a la comunitat de refugiats afganesos. <\/span><i><span data-contrast=\"auto\">The Forbidden Strings<\/span><\/i><span data-contrast=\"auto\"> \u00e9s el primer llargmetratge d\u2019aquest director.<\/span><span data-ccp-props=\"{\">\u00a0<\/span><\/p>\n<hr \/>\n<p><span style=\"color: #ff0000;\" data-contrast=\"none\">Dissabte 20 d\u2019abril de 2024, a les 12:00h<\/span><\/p>\n<p><img loading=\"lazy\" decoding=\"async\" class=\"wp-image-48774 size-medium alignright\" src=\"https:\/\/asianfilmfestival.barcelona\/2023\/wp-content\/uploads\/2024\/04\/Corea-TOXIC-PARENTS-4-300x200.jpg\" alt=\"\" width=\"300\" height=\"200\" srcset=\"https:\/\/asianfilmfestival.barcelona\/2023\/wp-content\/uploads\/2024\/04\/Corea-TOXIC-PARENTS-4-300x200.jpg 300w, https:\/\/asianfilmfestival.barcelona\/2023\/wp-content\/uploads\/2024\/04\/Corea-TOXIC-PARENTS-4-1030x687.jpg 1030w, https:\/\/asianfilmfestival.barcelona\/2023\/wp-content\/uploads\/2024\/04\/Corea-TOXIC-PARENTS-4-768x512.jpg 768w, https:\/\/asianfilmfestival.barcelona\/2023\/wp-content\/uploads\/2024\/04\/Corea-TOXIC-PARENTS-4-1536x1024.jpg 1536w, https:\/\/asianfilmfestival.barcelona\/2023\/wp-content\/uploads\/2024\/04\/Corea-TOXIC-PARENTS-4-2048x1365.jpg 2048w, https:\/\/asianfilmfestival.barcelona\/2023\/wp-content\/uploads\/2024\/04\/Corea-TOXIC-PARENTS-4-1500x1000.jpg 1500w, https:\/\/asianfilmfestival.barcelona\/2023\/wp-content\/uploads\/2024\/04\/Corea-TOXIC-PARENTS-4-705x470.jpg 705w\" sizes=\"auto, (max-width: 300px) 100vw, 300px\" \/><b><i><span data-contrast=\"auto\">Toxic Parents <\/span><\/i><\/b><span data-contrast=\"auto\">| Corea | Kim Su-in | 2023 | 104&#8242; | VOSE | Drama<\/span><\/p>\n<p><span data-contrast=\"auto\">La Yoo-ri sembla una estudiant exemplar, procedent d\u2019una fam\u00edlia adinerada, per\u00f2 de sobte es su\u00efcida. Els detectius sospiten que ha sigut un su\u00efcidi, per\u00f2 la seva mare Hye-young creu que ha sigut un assassinat executat per la Ye-na, una companya de classe, i el Gi-beom, el seu professor. Per molt que els detectius investiguin, les declaracions d\u2019aquestes tres persones no paren de contradir-se. L\u2019\u00fanica pista que tenen \u00e9s que la Hye-young feia patir a la seva filla. Mentre que la mare pensa que tot el que va fer va ser a favor i pel b\u00e9 de la Yoo-ri. Podran descobrir finalment la veritat sobre la seva mort?<\/span><\/p>\n<p><b><span data-contrast=\"auto\">Kim Su-in<\/span><\/b><span data-contrast=\"auto\"> \u00e9s una guionista coreana que ha acabat dirigint el seu propi cinema. Es va graduar a la Universitat de Dankook, al Departament d\u2019Escriptura Creativa, completant la carrera amb un postgrau al Departament de Cinema de la Universitat de Chung-Ang. Ha escrit adaptacions i guions per nombrosos llargmetratges, incloent-hi l\u2019adaptaci\u00f3 d\u2019<\/span><i><span data-contrast=\"auto\">Oksu Station Ghost <\/span><\/i><span data-contrast=\"auto\">(2021) i el gui\u00f3 de <\/span><i><span data-contrast=\"auto\">B Cut<\/span><\/i><span data-contrast=\"auto\"> (2021). <\/span><i><span data-contrast=\"auto\">Toxic Parents<\/span><\/i><span data-contrast=\"auto\"> (2023), \u00e9s el primer llargmetratge que ha dirigit.<\/span><span data-ccp-props=\"{\">\u00a0<\/span><\/p>\n<hr \/>\n<p><span style=\"color: #ff0000;\" data-contrast=\"none\">Dissabte 27 d\u2019abril de 2024, a les 12:00h<\/span><\/p>\n<p><img loading=\"lazy\" decoding=\"async\" class=\"alignleft wp-image-48779 size-medium\" src=\"https:\/\/asianfilmfestival.barcelona\/2023\/wp-content\/uploads\/2024\/04\/Filipinas-SON-OF-A-MACHO-DANCER-1-4-300x215.jpg\" alt=\"\" width=\"300\" height=\"215\" srcset=\"https:\/\/asianfilmfestival.barcelona\/2023\/wp-content\/uploads\/2024\/04\/Filipinas-SON-OF-A-MACHO-DANCER-1-4-300x215.jpg 300w, https:\/\/asianfilmfestival.barcelona\/2023\/wp-content\/uploads\/2024\/04\/Filipinas-SON-OF-A-MACHO-DANCER-1-4-1030x737.jpg 1030w, https:\/\/asianfilmfestival.barcelona\/2023\/wp-content\/uploads\/2024\/04\/Filipinas-SON-OF-A-MACHO-DANCER-1-4-768x550.jpg 768w, https:\/\/asianfilmfestival.barcelona\/2023\/wp-content\/uploads\/2024\/04\/Filipinas-SON-OF-A-MACHO-DANCER-1-4-260x185.jpg 260w, https:\/\/asianfilmfestival.barcelona\/2023\/wp-content\/uploads\/2024\/04\/Filipinas-SON-OF-A-MACHO-DANCER-1-4-705x505.jpg 705w, https:\/\/asianfilmfestival.barcelona\/2023\/wp-content\/uploads\/2024\/04\/Filipinas-SON-OF-A-MACHO-DANCER-1-4.jpg 1397w\" sizes=\"auto, (max-width: 300px) 100vw, 300px\" \/><\/p>\n<p><b><i><span data-contrast=\"auto\">Son of the Macho Dancer<\/span><\/i><\/b><b><span data-contrast=\"none\"> | <\/span><\/b><span data-contrast=\"none\">Filipines | Joel C. Lamangan | 2021 | 88\u2019 | VOSE | Drama<\/span><\/p>\n<p><i><span data-contrast=\"none\">Son of the Macho Dancer<\/span><\/i><span data-contrast=\"none\"> \u00e9s una pel\u00b7l\u00edcula sobre l\u2019arribada a l\u2019edat adulta d\u2019Inno, un noi que vol fugir del maltractament del seu pare Pol, un stripper retirat addicte a les drogues. Un dia, Tere, la mare de Inno, l\u2019obliga a treballar a un club de striptease mascul\u00ed, per\u00f2 just quan comen\u00e7a a treballar, Tere abandona el seu fill i al seu marit. Al club, Inno coneix a Bambi, una ex-prostituta que organitza festes privades per a satisfer sexualment als rics. Bambi convida a Inno a que s\u2019uneixi a aquestes festes, i all\u00e0 coneixer\u00e0 el Jun Mallari, un acabalat home de negocis gai. Inno sedueix a Jun atret per la vida plena de comoditats que li ofereix, convertint-se en la seva joguina i abandonant al seu pare. Kyle, un noi atractiu de 19 anys que sembla gel\u00f3s d\u2019Inno per ser una altra de les joguines de Jun, li adverteix que s\u2019allunyi d\u2019ell abans no sigui massa tard. Per\u00f2 Inno no fa cas i acabar\u00e0 dins un m\u00f3n en un encara m\u00e9s violent que aquell del qu\u00e8 escapava.<\/span><\/p>\n<p><span data-contrast=\"auto\">El multi premiat director filip\u00ed <\/span><b><span data-contrast=\"auto\">Joel C. Lamangan<\/span><\/b><span data-contrast=\"auto\"> va estudiar cinema i teatre a les Filipines i a l\u2019estranger. Va ser actor i director per a teatre i televisi\u00f3, fins que va comen\u00e7ar a actuar per al cinema i va poder estrenar-se com a director al 1991 amb <\/span><i><span data-contrast=\"auto\">Darna<\/span><\/i><span data-contrast=\"auto\">. Entre les seves pel\u00b7l\u00edcules m\u00e9s destacades es troben: <\/span><i><span data-contrast=\"auto\">The Flor Contemplacion Story<\/span><\/i><span data-contrast=\"auto\"> (1995), amb la qual va obtenir el premi Golden Pyramid al festival de cinema del Caire al 1995 i Nora Aunor es va emportar el premi a millor actriu; <\/span><i><span data-contrast=\"auto\">Pusong Mamon<\/span><\/i><span data-contrast=\"auto\"> (1998), <\/span><i><span data-contrast=\"auto\">Deathrow<\/span><\/i><span data-contrast=\"auto\"> (2000), <\/span><i><span data-contrast=\"auto\">Hubog <\/span><\/i><span data-contrast=\"auto\">(2001), <\/span><i><span data-contrast=\"auto\">Huling Birhen sa Lupa<\/span><\/i><span data-contrast=\"auto\"> (2003), <\/span><i><span data-contrast=\"auto\">Blue Moon<\/span><\/i><span data-contrast=\"auto\"> (2006) i <\/span><i><span data-contrast=\"auto\">Deadline <\/span><\/i><span data-contrast=\"auto\">(2011). Al 2014, el seu llargmetratge <\/span><i><span data-contrast=\"auto\">Hustisya <\/span><\/i><span data-contrast=\"auto\">va guanyar el premi a millor actriu i el Netpac al festival de cinema independent filip\u00ed Cinemalaya. Tamb\u00e9 es va projectar al festival de Toronto i va competir als de Vars\u00f2via i Nantes. Amb <\/span><i><span data-contrast=\"auto\">Bhoy Intsik <\/span><\/i><span data-contrast=\"auto\">(2017) va aconseguir el premi especial del jurat al festival de Porto. <\/span><i><span data-contrast=\"auto\">Rainbow\u2019s Sunset<\/span><\/i><span data-contrast=\"auto\"> va obtenir nou premis al festival de Manila de 2018, a m\u00e9s del premi especial del jurat i el premi a millor actor per Eddie Garc\u00eda i Tony Mabesa al festival de Houston de 2019.<\/span><span data-ccp-props=\"{\">\u00a0<\/span><\/p>\n<hr \/>\n<p><span style=\"color: #ff0000;\" data-contrast=\"none\">Dissabte 4 de maig de 2024, a les 12:00h<\/span><\/p>\n<p><img loading=\"lazy\" decoding=\"async\" class=\"wp-image-48782 size-medium alignright\" src=\"https:\/\/asianfilmfestival.barcelona\/2023\/wp-content\/uploads\/2024\/04\/India-THE-KASHMIR-FILES-12-300x200.jpg\" alt=\"\" width=\"300\" height=\"200\" srcset=\"https:\/\/asianfilmfestival.barcelona\/2023\/wp-content\/uploads\/2024\/04\/India-THE-KASHMIR-FILES-12-300x200.jpg 300w, https:\/\/asianfilmfestival.barcelona\/2023\/wp-content\/uploads\/2024\/04\/India-THE-KASHMIR-FILES-12-1030x686.jpg 1030w, https:\/\/asianfilmfestival.barcelona\/2023\/wp-content\/uploads\/2024\/04\/India-THE-KASHMIR-FILES-12-768x512.jpg 768w, https:\/\/asianfilmfestival.barcelona\/2023\/wp-content\/uploads\/2024\/04\/India-THE-KASHMIR-FILES-12-705x470.jpg 705w, https:\/\/asianfilmfestival.barcelona\/2023\/wp-content\/uploads\/2024\/04\/India-THE-KASHMIR-FILES-12.jpg 1280w\" sizes=\"auto, (max-width: 300px) 100vw, 300px\" \/><\/p>\n<p><b><i><span data-contrast=\"auto\">The Kashmir Files<\/span><\/i><\/b> <span data-contrast=\"none\">| \u00cdndia | Vivek Ranjan Agnihotri | 2022 | 130&#8242; | VOSE | Drama<\/span><\/p>\n<p><span data-contrast=\"none\">La pel\u00b7l\u00edcula segueix a un estudiant universitari hind\u00fa del Caixmir, que ha crescut amb el seu avi a l\u2019exili sense ser coneixedor de les hostils circumst\u00e0ncies en les quals van morir els seus pares. Despr\u00e9s de la mort del seu avi, el noi, al qual li van ensenyar a la universitat que l\u2019\u00e8xode era benigne, vol descobrir la veritat sobre la violenta mort de la seva fam\u00edlia. El relat alterna entre la missi\u00f3 de l\u2019alumne en el present, 2020, i la vida de la seva fam\u00edlia fa trenta anys. La pel\u00b7l\u00edcula descriu l\u2019\u00e8xode i els successos que el van convertir en un genocidi.<\/span><\/p>\n<p><b><span data-contrast=\"auto\">Vivek Ranjan Agnihotri<\/span><\/b><span data-contrast=\"auto\"> \u00e9s un director, guionista i autor indi que treballa en el cinema hindi. Des de 2022, \u00e9s membre de la Junta Central de Certificaci\u00f3 de Pel\u00b7l\u00edcules de l\u2019\u00cdndia, i representant cultural del cinema indi al Consell Indi de Relacions Culturals. Agnihotri va fer el seu debut com a director amb el thriller policial <\/span><i><span data-contrast=\"auto\">Chocolate<\/span><\/i><span data-contrast=\"auto\"> (2005) i des de llavors ha dirigit diverses pel\u00b7l\u00edcules, per\u00f2 cap va aconseguir fer un salt a la seva carrera fins a <\/span><i><span data-contrast=\"auto\">The Tashkent Files<\/span><\/i><span data-contrast=\"auto\"> (2019), que va ser un \u00e8xit comercial i va aconseguir el Premi Nacional de Cinema al Millor Gui\u00f3. Tamb\u00e9 ha escrit i dirigit <\/span><i><span data-contrast=\"auto\">The Kashmir Files<\/span><\/i><span data-contrast=\"auto\"> (2022), que ha sigut una de les pel\u00b7l\u00edcules \u00edndies m\u00e9s taquilleres del 2022.<\/span><span data-ccp-props=\"{\">\u00a0<\/span><\/p>\n<hr \/>\n<p><span style=\"color: #ff0000;\" data-contrast=\"none\">Dissabte 11 de maig de 2024, a les 12:00h<\/span><\/p>\n<p><img loading=\"lazy\" decoding=\"async\" class=\"alignleft wp-image-48786 size-medium\" src=\"https:\/\/asianfilmfestival.barcelona\/2023\/wp-content\/uploads\/2024\/04\/Iran-THE-FIRST-AUTOGRAPH-FOR-RANA-3-300x200.jpg\" alt=\"\" width=\"300\" height=\"200\" srcset=\"https:\/\/asianfilmfestival.barcelona\/2023\/wp-content\/uploads\/2024\/04\/Iran-THE-FIRST-AUTOGRAPH-FOR-RANA-3-300x200.jpg 300w, https:\/\/asianfilmfestival.barcelona\/2023\/wp-content\/uploads\/2024\/04\/Iran-THE-FIRST-AUTOGRAPH-FOR-RANA-3-1030x687.jpg 1030w, https:\/\/asianfilmfestival.barcelona\/2023\/wp-content\/uploads\/2024\/04\/Iran-THE-FIRST-AUTOGRAPH-FOR-RANA-3-768x512.jpg 768w, https:\/\/asianfilmfestival.barcelona\/2023\/wp-content\/uploads\/2024\/04\/Iran-THE-FIRST-AUTOGRAPH-FOR-RANA-3-705x470.jpg 705w, https:\/\/asianfilmfestival.barcelona\/2023\/wp-content\/uploads\/2024\/04\/Iran-THE-FIRST-AUTOGRAPH-FOR-RANA-3.jpg 1080w\" sizes=\"auto, (max-width: 300px) 100vw, 300px\" \/><\/p>\n<p><b><i><span data-contrast=\"auto\">First Autograph for Rana <\/span><\/i><\/b><span data-contrast=\"auto\">| Iran | Ali Zhakan | 2018 | 90\u2032 | VOSE | Drama<\/span><\/p>\n<p><span data-contrast=\"auto\">El Jahangir Golstaneh, \u00e9s un novel\u00b7lista que porta casat diversos anys amb una dona anomenada Rana i tenen un fill de set anys. El Jahangir \u00e9s autor de diverses novel\u00b7les, tot i que nom\u00e9s n\u2019ha pogut publicar una. La seva \u00fanica font d\u2019ingressos \u00e9s l\u2019escriptura i no vol dedicar-se a res m\u00e9s nom\u00e9s per a poder sortir de la seva precarietat. Aquesta decisi\u00f3 \u00e9s la causa dels problemes i obstacles que van apareixent al llarg de la seva vida.<\/span><\/p>\n<p><span data-contrast=\"auto\">El director <\/span><b><span data-contrast=\"auto\">Ali Zhaka<\/span><\/b><span data-contrast=\"auto\"> va n\u00e9ixer a Teheran al 1950 i va comen\u00e7ar la seva traject\u00f2ria professional com a actor. Va fer el seu primer llargmetratge <\/span><i><span data-contrast=\"auto\">The Mare<\/span><\/i><span data-contrast=\"auto\"> al 1986 i ha estat aclamat en festivals internacionals com Ven\u00e8cia i Carlovy Vari, entre d\u2019altres.<\/span><span data-ccp-props=\"{\">\u00a0<\/span><\/p>\n<hr \/>\n<p><span style=\"color: #ff0000;\" data-contrast=\"none\">Dissabte 18 de maig de 2024, a les 12:00h<\/span><\/p>\n<p><img loading=\"lazy\" decoding=\"async\" class=\"wp-image-48789 size-medium alignright\" src=\"https:\/\/asianfilmfestival.barcelona\/2023\/wp-content\/uploads\/2024\/04\/Indonesia-ORPA-2-e1713170774421-300x189.jpeg\" alt=\"\" width=\"300\" height=\"189\" srcset=\"https:\/\/asianfilmfestival.barcelona\/2023\/wp-content\/uploads\/2024\/04\/Indonesia-ORPA-2-e1713170774421-300x189.jpeg 300w, https:\/\/asianfilmfestival.barcelona\/2023\/wp-content\/uploads\/2024\/04\/Indonesia-ORPA-2-e1713170774421-1030x648.jpeg 1030w, https:\/\/asianfilmfestival.barcelona\/2023\/wp-content\/uploads\/2024\/04\/Indonesia-ORPA-2-e1713170774421-768x483.jpeg 768w, https:\/\/asianfilmfestival.barcelona\/2023\/wp-content\/uploads\/2024\/04\/Indonesia-ORPA-2-e1713170774421-705x443.jpeg 705w, https:\/\/asianfilmfestival.barcelona\/2023\/wp-content\/uploads\/2024\/04\/Indonesia-ORPA-2-e1713170774421.jpeg 1145w\" sizes=\"auto, (max-width: 300px) 100vw, 300px\" \/><\/p>\n<p><b><i><span data-contrast=\"auto\">Orpa<\/span><\/i><\/b> <span data-contrast=\"auto\">|\u202f<\/span><span data-contrast=\"none\">Indon\u00e8sia <\/span><span data-contrast=\"auto\">| Theogracia Rumansara | 2023 | 99&#8242; | VOSE | Drama<\/span><\/p>\n<p><span data-contrast=\"auto\">L\u2019Orpa \u00e9s una bona estudiant de setze anys promesa a la for\u00e7a pel seu pare amb un home adinerat de Jayapura. Reticent a convertir-se en una mestressa de casa submisa, una nit decideix escapar-se per continuar amb els seus estudis a Wamena, on vol aprendre m\u00e9s sobre els efectes medicinals de les plantes de Papua. Pel cam\u00ed es troba amb en Ryan, un noi de vint-i-vuit anys aspirant a m\u00fasic. Durant el seu viatge, a mesura que intercanvien idees i opinions sobre la vida, una dol\u00e7a amistat sorgeix entre ells. La seva travessia est\u00e0 plena de dificultats, ja que s\u00f3n perseguits tant pel pare de l\u2019Orpa com pels vilatans que acusen en Ryan de cometre un assassinat.<\/span><\/p>\n<p><b><span data-contrast=\"auto\">Theogracia<\/span><\/b><b><span data-contrast=\"none\"> Rumansara<\/span><\/b><span data-contrast=\"none\"> va n\u00e9ixer al 1989 a Biak, Papua. Mai es va prendre de deb\u00f2 l\u2019art, fins que va guanyar una competici\u00f3 de cinema del seu institut al 2004, que el va portar a deixar de ser programador inform\u00e0tic per convertir-se en cineasta. Al 2020, va guanyar el Jendela Papua, un programa de tallers de cinema i recerca de talents, que va fer possible que pogu\u00e9s dirigir el seu primer llargmetratge, <\/span><i><span data-contrast=\"none\">Orpa<\/span><\/i><span data-contrast=\"none\">, amb el qual va obtenir el Best Performance Award al Jogja-NETPAC Asian Film Festival al 2022.<\/span><span data-ccp-props=\"{\">\u00a0<\/span><\/p>\n<hr \/>\n<p><span style=\"color: #ff0000;\" data-contrast=\"none\">Dissabte 25 de maig de 2024, a les 12:00h<\/span><\/p>\n<p><img loading=\"lazy\" decoding=\"async\" class=\"alignleft wp-image-48792 size-medium\" src=\"https:\/\/asianfilmfestival.barcelona\/2023\/wp-content\/uploads\/2024\/04\/Japon_Love-Life-and-Goldfish-7-300x200.jpg\" alt=\"\" width=\"300\" height=\"200\" srcset=\"https:\/\/asianfilmfestival.barcelona\/2023\/wp-content\/uploads\/2024\/04\/Japon_Love-Life-and-Goldfish-7-300x200.jpg 300w, https:\/\/asianfilmfestival.barcelona\/2023\/wp-content\/uploads\/2024\/04\/Japon_Love-Life-and-Goldfish-7-1030x687.jpg 1030w, https:\/\/asianfilmfestival.barcelona\/2023\/wp-content\/uploads\/2024\/04\/Japon_Love-Life-and-Goldfish-7-768x512.jpg 768w, https:\/\/asianfilmfestival.barcelona\/2023\/wp-content\/uploads\/2024\/04\/Japon_Love-Life-and-Goldfish-7-1536x1025.jpg 1536w, https:\/\/asianfilmfestival.barcelona\/2023\/wp-content\/uploads\/2024\/04\/Japon_Love-Life-and-Goldfish-7-2048x1367.jpg 2048w, https:\/\/asianfilmfestival.barcelona\/2023\/wp-content\/uploads\/2024\/04\/Japon_Love-Life-and-Goldfish-7-1500x1001.jpg 1500w, https:\/\/asianfilmfestival.barcelona\/2023\/wp-content\/uploads\/2024\/04\/Japon_Love-Life-and-Goldfish-7-705x470.jpg 705w\" sizes=\"auto, (max-width: 300px) 100vw, 300px\" \/><\/p>\n<p><b><i><span data-contrast=\"auto\">Love, Life and Goldfish<\/span><\/i><\/b> <span data-contrast=\"auto\">| Jap\u00f3 | Makabe Yukinori | 2021 | 92\u2019 | VOSE | Drama<\/span><\/p>\n<p><span data-contrast=\"auto\">Makato (Matsuya Onoe) \u00e9s un banquer d\u2019\u00e8lit que treballa per a un gran banc a la seu de T\u00f2quio. A causa d\u2019un error menor, el degraden a una petita sucursal a una ciutat rural. Devastat per la seva situaci\u00f3, es retira a somnis musicals de fantasia i es troba amb un interessant repartiment de personatges que accentuen el petit poble, fins que finalment coneix a la bella Yoshino (Kanako Momota), que dirigeix una botiga de recollida de peixos de colors. Makoto s\u2019enamora a primera vista.<\/span><span data-ccp-props=\"{\">\u00a0<\/span><\/p>\n<p><span data-contrast=\"auto\">Nascut al 1984, <\/span><b><span data-contrast=\"auto\">Makabe Yukinori<\/span><\/b><span data-contrast=\"auto\"> procedeix de la prefectura de T\u00f2quio. Amb ROBOT COMMUNICATIONS INC. Al 2012, va guanyar el Grind-prix als Louis Vuitton Journey Awards amb el seu curtmetratge <\/span><i><span data-contrast=\"auto\">The Sun and The Moon<\/span><\/i><span data-contrast=\"auto\">, i va guanyar el Premi del P\u00fablic amb <\/span><i><span data-contrast=\"auto\">A Piece of Dogu<\/span><\/i><span data-contrast=\"auto\"> al SSFF &amp; ASIA 2014. El seu primer llargmetratge <\/span><i><span data-contrast=\"auto\">I Am A Monk<\/span><\/i><span data-contrast=\"auto\"> es va estrenar al 2015. La pel\u00b7l\u00edcula va guanyar el Premi del P\u00fablic al Cinema Emergent Asi\u00e0tic de Chicago i tamb\u00e9 el Premi Plat\u00ed al Festival Internacional de Cinema WorldFest de Houston.<\/span><span data-ccp-props=\"{\">\u00a0<\/span><\/p>\n<hr \/>\n<p><span style=\"color: #ff0000;\" data-contrast=\"none\">Dissabte 1 de juny de 2024, a les 12:00h<\/span><\/p>\n<p><img loading=\"lazy\" decoding=\"async\" class=\"wp-image-48796 size-medium alignright\" src=\"https:\/\/asianfilmfestival.barcelona\/2023\/wp-content\/uploads\/2024\/04\/Kirguistan-THE-LAKE-1-2-300x169.jpg\" alt=\"\" width=\"300\" height=\"169\" srcset=\"https:\/\/asianfilmfestival.barcelona\/2023\/wp-content\/uploads\/2024\/04\/Kirguistan-THE-LAKE-1-2-300x169.jpg 300w, https:\/\/asianfilmfestival.barcelona\/2023\/wp-content\/uploads\/2024\/04\/Kirguistan-THE-LAKE-1-2-768x433.jpg 768w, https:\/\/asianfilmfestival.barcelona\/2023\/wp-content\/uploads\/2024\/04\/Kirguistan-THE-LAKE-1-2-705x398.jpg 705w, https:\/\/asianfilmfestival.barcelona\/2023\/wp-content\/uploads\/2024\/04\/Kirguistan-THE-LAKE-1-2.jpg 1000w\" sizes=\"auto, (max-width: 300px) 100vw, 300px\" \/><\/p>\n<p><b><i><span data-contrast=\"auto\">The Lake<\/span><\/i><\/b><span data-contrast=\"auto\"> | Kirguizistan | Emil Atageldijev | 2020 | 100\u2019 | VOSE | Drama<\/span><\/p>\n<p><span data-contrast=\"auto\">A la vora del llac Issyk-Kul viu Termikul, un antic mestre d\u2019hist\u00f2ria que va perdre la seva \u00fanica filla de forma tr\u00e0gica. Termikul creu en una antiga llegenda segons la qual des de temps remots la gent del Kirguizistan no pesca en aquest llac sagrat per alimentar-se, perqu\u00e8 es creu que all\u00e0 es troben les \u00e0nimes dels ancestres a l\u2019espera de la seva reencarnaci\u00f3. No obstant aix\u00f2, un ve\u00ed seu, Askhat, alimenta la seva fam\u00edlia pescant furtivament al llac. La seva filla d\u2019onze anys, Jyldyz, s\u2019oposa insistentment, perqu\u00e8 com l\u2019anci\u00e0, tamb\u00e9 creu en la llegenda i no menja peix.<\/span><\/p>\n<p><b><span data-contrast=\"auto\">Emil Atageldiev<\/span><\/b><span data-contrast=\"auto\"> \u00e9s un m\u00fasic professional i un artista molt premiat de la Rep\u00fablica del Kirguizistan des de 2001. \u00c9s membre de la Uni\u00f3 de directors de fotografia del Kirguizistan des de 2014. Al 2010 es va graduar en els Cursos superiors de Guionistes i Directors de Cinema, VGIK, de Moscou. <\/span><i><span data-contrast=\"auto\">The Lake<\/span><\/i><span data-contrast=\"auto\"> \u00e9s la seva primera pel\u00b7l\u00edcula com a director i coguionista, i la va presentar per primera vegada al Shanghai International Film Festival 2020.<\/span><span data-contrast=\"none\">\u00a0\u00a0\u00a0\u00a0\u00a0<\/span><span data-ccp-props=\"{\">\u00a0<\/span><\/p>\n<hr \/>\n<p><span style=\"color: #ff0000;\" data-contrast=\"none\">Dissabte 8 de juny de 2024, a les 12:00h<\/span><\/p>\n<p><img loading=\"lazy\" decoding=\"async\" class=\"alignleft wp-image-48799 size-medium\" src=\"https:\/\/asianfilmfestival.barcelona\/2023\/wp-content\/uploads\/2024\/04\/Iran-THAT-NIGHTS-TRAIN-3-300x199.jpeg\" alt=\"\" width=\"300\" height=\"199\" srcset=\"https:\/\/asianfilmfestival.barcelona\/2023\/wp-content\/uploads\/2024\/04\/Iran-THAT-NIGHTS-TRAIN-3-300x199.jpeg 300w, https:\/\/asianfilmfestival.barcelona\/2023\/wp-content\/uploads\/2024\/04\/Iran-THAT-NIGHTS-TRAIN-3-1030x685.jpeg 1030w, https:\/\/asianfilmfestival.barcelona\/2023\/wp-content\/uploads\/2024\/04\/Iran-THAT-NIGHTS-TRAIN-3-768x511.jpeg 768w, https:\/\/asianfilmfestival.barcelona\/2023\/wp-content\/uploads\/2024\/04\/Iran-THAT-NIGHTS-TRAIN-3-705x469.jpeg 705w, https:\/\/asianfilmfestival.barcelona\/2023\/wp-content\/uploads\/2024\/04\/Iran-THAT-NIGHTS-TRAIN-3.jpeg 1080w\" sizes=\"auto, (max-width: 300px) 100vw, 300px\" \/><\/p>\n<p><b><i><span data-contrast=\"none\">That Night\u2019s Train<\/span><\/i><\/b> <span data-contrast=\"auto\">| Iran | Hamidreza Ghotbi | 2019 | 85\u2019 | VOSE | Drama<\/span><\/p>\n<p><span data-contrast=\"auto\">Una professora de prim\u00e0ria amb aspiracions d\u2019escriptora demana ajuda als seus alumnes per a escriure un nou relat. L\u2019argument finalment tracta d\u2019una noia que, despr\u00e9s de perdre a la seva mare, es veu atrapada en una hist\u00f2ria amb la seva professora que no t\u00e9 futur.<\/span><\/p>\n<p><b><span data-contrast=\"none\">Hamidreza Ghotbi<\/span><\/b><span data-contrast=\"none\"> \u00e9s un actor i director de cinema. Com a cineasta ha dedicat la seva carrera a la realitzaci\u00f3 de curts i <\/span><i><span data-contrast=\"none\">That Night\u2019s Train<\/span><\/i><span data-contrast=\"none\"> \u00e9s el seu primer llargmetratge.<\/span><span data-ccp-props=\"{\">\u00a0<\/span><\/p>\n<hr \/>\n<p><span style=\"color: #ff0000;\" data-contrast=\"none\">Dissabte 15 de juny de 2024, a les 12:00h<\/span><\/p>\n<p><img loading=\"lazy\" decoding=\"async\" class=\"wp-image-48802 size-medium alignright\" src=\"https:\/\/asianfilmfestival.barcelona\/2023\/wp-content\/uploads\/2024\/04\/Uzbekistan-PUANKARE-1-300x127.png\" alt=\"\" width=\"300\" height=\"127\" srcset=\"https:\/\/asianfilmfestival.barcelona\/2023\/wp-content\/uploads\/2024\/04\/Uzbekistan-PUANKARE-1-300x127.png 300w, https:\/\/asianfilmfestival.barcelona\/2023\/wp-content\/uploads\/2024\/04\/Uzbekistan-PUANKARE-1-1030x435.png 1030w, https:\/\/asianfilmfestival.barcelona\/2023\/wp-content\/uploads\/2024\/04\/Uzbekistan-PUANKARE-1-768x324.png 768w, https:\/\/asianfilmfestival.barcelona\/2023\/wp-content\/uploads\/2024\/04\/Uzbekistan-PUANKARE-1-1536x648.png 1536w, https:\/\/asianfilmfestival.barcelona\/2023\/wp-content\/uploads\/2024\/04\/Uzbekistan-PUANKARE-1-2048x864.png 2048w, https:\/\/asianfilmfestival.barcelona\/2023\/wp-content\/uploads\/2024\/04\/Uzbekistan-PUANKARE-1-1500x633.png 1500w, https:\/\/asianfilmfestival.barcelona\/2023\/wp-content\/uploads\/2024\/04\/Uzbekistan-PUANKARE-1-705x297.png 705w\" sizes=\"auto, (max-width: 300px) 100vw, 300px\" \/><\/p>\n<p><b><i><span data-contrast=\"none\">Puankare<\/span><\/i><\/b> <span data-contrast=\"auto\">| Uzbekistan | Muzaffarkhan Erkinov | 2022 | 122&#8242; | VOSE | Drama<\/span><\/p>\n<p><span data-contrast=\"auto\">L\u2019home sempre ha aspirat a la grandesa. Abandona els gaudis i les preocupacions de la vida per seguir el cam\u00ed de l\u2019\u00e8xit, dedica la seva vida a fer un nou descobriment o ser un gran creatiu per donar-se a con\u00e8ixer al m\u00f3n. Un jove matem\u00e0tic, Bahadyr, comen\u00e7a a treballar en una hip\u00f2tesi plantejada pel matem\u00e0tic Henri Puankare el 1904. Es tracta d\u2019investigar un dels set problemes sense resoldre durant anys i pel qual l\u2019Institut Clay de Matem\u00e0tiques pret\u00e9n recompensar amb el Premi Millennium a qui sigui capa\u00e7 de resoldre-la. Per\u00f2, van passant els anys i els aven\u00e7os sobre la conjectura de Puankare romanen sobre la taula del que ara \u00e9s un anci\u00e0 matem\u00e0tic, que es troba al mateix punt de la partida.<\/span><span data-ccp-props=\"{\">\u00a0<\/span><\/p>\n<p><b><span data-contrast=\"none\">Muzaffarkhan Erkinov<\/span><\/b><span data-contrast=\"none\"> va n\u00e9ixer al 1983. Ha treballat en moltes s\u00e8ries de televisi\u00f3, documentals i curts. De la seva traject\u00f2ria cinematogr\u00e0fica destaquen pel\u00b7l\u00edcules com <\/span><i><span data-contrast=\"none\">Armon<\/span><\/i><span data-contrast=\"none\">, <\/span><i><span data-contrast=\"none\">Iqtidar<\/span><\/i><span data-contrast=\"none\">, <\/span><i><span data-contrast=\"none\">Yagonam<\/span><\/i><span data-contrast=\"none\">, <\/span><i><span data-contrast=\"none\">Kasas<\/span><\/i><span data-contrast=\"none\">, <\/span><i><span data-contrast=\"none\">Avlony<\/span><\/i><span data-contrast=\"none\">, <\/span><i><span data-contrast=\"none\">Puankare<\/span><\/i><span data-contrast=\"none\"> i <\/span><i><span data-contrast=\"none\">Aydinlar<\/span><\/i><span data-contrast=\"none\">. Ha rebut premis nacionals com el Tasanno i l\u2019Ehtirom, i va obtenir un premi a l\u2019International Film Festival per <\/span><i><span data-contrast=\"none\">Creative Flight<\/span><\/i><span data-contrast=\"none\">, i un altre a l\u2019Eurasian Film and TV Festival per <\/span><i><span data-contrast=\"none\">Slavic Tale<\/span><\/i><span data-contrast=\"none\">.<\/span><\/p>\n<\/div><\/section>\n<div  class='avia-icon-list-container av-lul3jqes-b496ad365772e9bf048841d9d87b24ba  avia-builder-el-2  el_after_av_textblock  el_before_av_partner '><ul class='avia-icon-list avia_animate_when_almost_visible avia-icon-list-left av-iconlist-big av-lul3jqes-b496ad365772e9bf048841d9d87b24ba avia-iconlist-animate'>\n<li><div class='iconlist_icon av-lul3hmut-037c6401a49f80d4b722aac725e60118 avia-font-entypo-fontello'><span class='iconlist-char' aria-hidden='true' data-av_icon='\ue85b' data-av_iconfont='entypo-fontello'><\/span><\/div><article class=\"article-icon-entry av-iconlist-empty\" ><div class=\"iconlist_content_wrap\"><header class=\"entry-content-header\"><h4 class='av_iconlist_title iconlist_title  ' >Del 13 d\u2019abril al 15 de juny de 2024<\/h4><\/header><div class='iconlist_content ' ><\/div><\/div><footer class=\"entry-footer\"><\/footer><\/article><div class=\"iconlist-timeline\"><\/div><\/li>\n<li><div class='iconlist_icon av-lul3ic0t-e4fe891e7f5fa653a3f82461e2461dfa avia-font-entypo-fontello'><span class='iconlist-char' aria-hidden='true' data-av_icon='\ue842' data-av_iconfont='entypo-fontello'><\/span><\/div><article class=\"article-icon-entry av-iconlist-empty\" ><div class=\"iconlist_content_wrap\"><header class=\"entry-content-header\"><h4 class='av_iconlist_title iconlist_title  ' >MK2 Cine Paz | Calle de Fuencarral, 125, Madrid<\/h4><\/header><div class='iconlist_content ' ><\/div><\/div><footer class=\"entry-footer\"><\/footer><\/article><div class=\"iconlist-timeline\"><\/div><\/li>\n<li><div class='iconlist_icon av-lul3jo5k-5837079a184e2f43f115f205a37bd77f avia-font-entypo-fontello'><span class='iconlist-char' aria-hidden='true' data-av_icon='\ue8cb' data-av_iconfont='entypo-fontello'><\/span><\/div><article class=\"article-icon-entry av-iconlist-empty\" ><div class=\"iconlist_content_wrap\"><header class=\"entry-content-header\"><h4 class='av_iconlist_title iconlist_title  ' >6\u20ac<\/h4><\/header><div class='iconlist_content ' ><\/div><\/div><footer class=\"entry-footer\"><\/footer><\/article><div class=\"iconlist-timeline\"><\/div><\/li>\n<\/ul><\/div>\n\n<style type=\"text\/css\" data-created_by=\"avia_inline_auto\" id=\"style-css-av-lul3kiyj-3e3528e7be855d1ac9ec7e9de17f37fe\">\n.avia-logo-element-container.av-lul3kiyj-3e3528e7be855d1ac9ec7e9de17f37fe .av-partner-fake-img{\nbackground-size:cover;\n}\n<\/style>\n<div  class='avia-logo-element-container av-lul3kiyj-3e3528e7be855d1ac9ec7e9de17f37fe avia-logo-slider avia-content-slider avia-smallarrow-slider avia-content-slider-active noHover avia-content-slider-odd  avia-builder-el-3  el_after_av_iconlist  avia-builder-el-last  av-slideshow-ui av-control-default av-nav-arrows-visible av-nav-dots-visible av-no-slider-navigation av-slideshow-manual av-loop-once av-loop-manual-endless avia-content-slider1' data-slideshow-options=\"{&quot;animation&quot;:&quot;slide&quot;,&quot;autoplay&quot;:false,&quot;loop_autoplay&quot;:&quot;once&quot;,&quot;interval&quot;:5,&quot;loop_manual&quot;:&quot;manual-endless&quot;,&quot;autoplay_stopper&quot;:false,&quot;noNavigation&quot;:false,&quot;bg_slider&quot;:false,&quot;keep_padding&quot;:&quot;&quot;,&quot;hoverpause&quot;:false,&quot;show_slide_delay&quot;:0}\"><div class='avia-smallarrow-slider-heading '><div class='new-special-heading'><h3 class='av-logo-special-heading-text '>Organitzen<\/h3><\/div><\/div><div class=\"avia-content-slider-inner\"><div class=\"slide-entry-wrap\"><div  class='slide-entry av-16kgnlz-27c1c4742423465aa7f09879c0a86ab3 flex_column no_margin av_one_third real-thumbnail post-entry slide-entry-overview slide-loop-1 slide-parity-odd  first'><\/div><div  class='slide-entry av-vkw9af-7943dca14b192119635313ab0beb33b4 flex_column no_margin av_one_third real-thumbnail post-entry slide-entry-overview slide-loop-2 slide-parity-even post-entry-last '><span class='av-partner-fake-img' style='padding-bottom:100%; background-image:url(https:\/\/asianfilmfestival.barcelona\/2023\/wp-content\/uploads\/2024\/01\/P8kQmazs_400x400.png);'><\/span><\/div><\/div><\/div><\/div>\n","protected":false},"excerpt":{"rendered":"","protected":false},"author":8,"featured_media":48754,"comment_status":"closed","ping_status":"open","sticky":false,"template":"","format":"standard","meta":{"_acf_changed":false,"footnotes":""},"categories":[33],"tags":[],"class_list":["post-48807","post","type-post","status-publish","format-standard","has-post-thumbnail","hentry","category-noticies"],"acf":[],"yoast_head":"<!-- This site is optimized with the Yoast SEO plugin v27.4 - https:\/\/yoast.com\/product\/yoast-seo-wordpress\/ -->\n<title>Noves mirades del cinema asi\u00e0tic - Asian Film Festival Barcelona<\/title>\n<meta name=\"robots\" content=\"noindex, follow, max-snippet:-1, max-image-preview:large, max-video-preview:-1\" \/>\n<meta property=\"og:locale\" content=\"ca_ES\" \/>\n<meta property=\"og:type\" content=\"article\" \/>\n<meta property=\"og:title\" content=\"Noves mirades del cinema asi\u00e0tic - Asian Film Festival Barcelona\" \/>\n<meta property=\"og:url\" content=\"https:\/\/asianfilmfestival.barcelona\/2023\/ca\/noves-mirades-del-cinema-asiatic\/\" \/>\n<meta property=\"og:site_name\" content=\"Asian Film Festival Barcelona\" \/>\n<meta property=\"article:published_time\" content=\"2024-04-08T08:25:51+00:00\" \/>\n<meta property=\"article:modified_time\" content=\"2024-05-15T11:22:31+00:00\" \/>\n<meta property=\"og:image\" content=\"https:\/\/asianfilmfestival.barcelona\/2023\/wp-content\/uploads\/2024\/04\/Uzbekistan-PUANKARE-6-1030x435.png\" \/>\n\t<meta property=\"og:image:width\" content=\"1030\" \/>\n\t<meta property=\"og:image:height\" content=\"435\" \/>\n\t<meta property=\"og:image:type\" content=\"image\/png\" \/>\n<meta name=\"author\" content=\"Asian Film Festival Barcelona\" \/>\n<meta name=\"twitter:card\" content=\"summary_large_image\" \/>\n<meta name=\"twitter:label1\" content=\"Escrit per\" \/>\n\t<meta name=\"twitter:data1\" content=\"Asian Film Festival Barcelona\" \/>\n\t<meta name=\"twitter:label2\" content=\"Temps estimat de lectura\" \/>\n\t<meta name=\"twitter:data2\" content=\"14 minuts\" \/>\n<script type=\"application\/ld+json\" class=\"yoast-schema-graph\">{\"@context\":\"https:\\\/\\\/schema.org\",\"@graph\":[{\"@type\":\"Article\",\"@id\":\"https:\\\/\\\/asianfilmfestival.barcelona\\\/2023\\\/ca\\\/noves-mirades-del-cinema-asiatic\\\/#article\",\"isPartOf\":{\"@id\":\"https:\\\/\\\/asianfilmfestival.barcelona\\\/2023\\\/ca\\\/noves-mirades-del-cinema-asiatic\\\/\"},\"author\":{\"name\":\"Asian Film Festival Barcelona\",\"@id\":\"https:\\\/\\\/asianfilmfestival.barcelona\\\/2023\\\/ca\\\/#\\\/schema\\\/person\\\/86a1f3b7a536690d6c2c6d700ad93adb\"},\"headline\":\"Noves mirades del cinema asi\u00e0tic\",\"datePublished\":\"2024-04-08T08:25:51+00:00\",\"dateModified\":\"2024-05-15T11:22:31+00:00\",\"mainEntityOfPage\":{\"@id\":\"https:\\\/\\\/asianfilmfestival.barcelona\\\/2023\\\/ca\\\/noves-mirades-del-cinema-asiatic\\\/\"},\"wordCount\":2848,\"image\":{\"@id\":\"https:\\\/\\\/asianfilmfestival.barcelona\\\/2023\\\/ca\\\/noves-mirades-del-cinema-asiatic\\\/#primaryimage\"},\"thumbnailUrl\":\"https:\\\/\\\/asianfilmfestival.barcelona\\\/2023\\\/wp-content\\\/uploads\\\/2024\\\/04\\\/Uzbekistan-PUANKARE-6.png\",\"articleSection\":[\"Not\u00edcies\"],\"inLanguage\":\"ca\"},{\"@type\":\"WebPage\",\"@id\":\"https:\\\/\\\/asianfilmfestival.barcelona\\\/2023\\\/ca\\\/noves-mirades-del-cinema-asiatic\\\/\",\"url\":\"https:\\\/\\\/asianfilmfestival.barcelona\\\/2023\\\/ca\\\/noves-mirades-del-cinema-asiatic\\\/\",\"name\":\"Noves mirades del cinema asi\u00e0tic - Asian Film Festival Barcelona\",\"isPartOf\":{\"@id\":\"https:\\\/\\\/asianfilmfestival.barcelona\\\/2023\\\/ca\\\/#website\"},\"primaryImageOfPage\":{\"@id\":\"https:\\\/\\\/asianfilmfestival.barcelona\\\/2023\\\/ca\\\/noves-mirades-del-cinema-asiatic\\\/#primaryimage\"},\"image\":{\"@id\":\"https:\\\/\\\/asianfilmfestival.barcelona\\\/2023\\\/ca\\\/noves-mirades-del-cinema-asiatic\\\/#primaryimage\"},\"thumbnailUrl\":\"https:\\\/\\\/asianfilmfestival.barcelona\\\/2023\\\/wp-content\\\/uploads\\\/2024\\\/04\\\/Uzbekistan-PUANKARE-6.png\",\"datePublished\":\"2024-04-08T08:25:51+00:00\",\"dateModified\":\"2024-05-15T11:22:31+00:00\",\"author\":{\"@id\":\"https:\\\/\\\/asianfilmfestival.barcelona\\\/2023\\\/ca\\\/#\\\/schema\\\/person\\\/86a1f3b7a536690d6c2c6d700ad93adb\"},\"breadcrumb\":{\"@id\":\"https:\\\/\\\/asianfilmfestival.barcelona\\\/2023\\\/ca\\\/noves-mirades-del-cinema-asiatic\\\/#breadcrumb\"},\"inLanguage\":\"ca\",\"potentialAction\":[{\"@type\":\"ReadAction\",\"target\":[\"https:\\\/\\\/asianfilmfestival.barcelona\\\/2023\\\/ca\\\/noves-mirades-del-cinema-asiatic\\\/\"]}]},{\"@type\":\"ImageObject\",\"inLanguage\":\"ca\",\"@id\":\"https:\\\/\\\/asianfilmfestival.barcelona\\\/2023\\\/ca\\\/noves-mirades-del-cinema-asiatic\\\/#primaryimage\",\"url\":\"https:\\\/\\\/asianfilmfestival.barcelona\\\/2023\\\/wp-content\\\/uploads\\\/2024\\\/04\\\/Uzbekistan-PUANKARE-6.png\",\"contentUrl\":\"https:\\\/\\\/asianfilmfestival.barcelona\\\/2023\\\/wp-content\\\/uploads\\\/2024\\\/04\\\/Uzbekistan-PUANKARE-6.png\",\"width\":6144,\"height\":2592},{\"@type\":\"BreadcrumbList\",\"@id\":\"https:\\\/\\\/asianfilmfestival.barcelona\\\/2023\\\/ca\\\/noves-mirades-del-cinema-asiatic\\\/#breadcrumb\",\"itemListElement\":[{\"@type\":\"ListItem\",\"position\":1,\"name\":\"Home\",\"item\":\"https:\\\/\\\/asianfilmfestival.barcelona\\\/2023\\\/ca\\\/benvinguda-asian-film-festival-barcelona-2023\\\/\"},{\"@type\":\"ListItem\",\"position\":2,\"name\":\"Noves mirades del cinema asi\u00e0tic\"}]},{\"@type\":\"WebSite\",\"@id\":\"https:\\\/\\\/asianfilmfestival.barcelona\\\/2023\\\/ca\\\/#website\",\"url\":\"https:\\\/\\\/asianfilmfestival.barcelona\\\/2023\\\/ca\\\/\",\"name\":\"Asian Film Festival Barcelona\",\"description\":\"2023\",\"potentialAction\":[{\"@type\":\"SearchAction\",\"target\":{\"@type\":\"EntryPoint\",\"urlTemplate\":\"https:\\\/\\\/asianfilmfestival.barcelona\\\/2023\\\/ca\\\/?s={search_term_string}\"},\"query-input\":{\"@type\":\"PropertyValueSpecification\",\"valueRequired\":true,\"valueName\":\"search_term_string\"}}],\"inLanguage\":\"ca\"},{\"@type\":\"Person\",\"@id\":\"https:\\\/\\\/asianfilmfestival.barcelona\\\/2023\\\/ca\\\/#\\\/schema\\\/person\\\/86a1f3b7a536690d6c2c6d700ad93adb\",\"name\":\"Asian Film Festival Barcelona\",\"image\":{\"@type\":\"ImageObject\",\"inLanguage\":\"ca\",\"@id\":\"https:\\\/\\\/secure.gravatar.com\\\/avatar\\\/2b70c89a32ff7923752020dbdcd7d17202d996fa13bbe4424cdbf22a297f3777?s=96&d=mm&r=g\",\"url\":\"https:\\\/\\\/secure.gravatar.com\\\/avatar\\\/2b70c89a32ff7923752020dbdcd7d17202d996fa13bbe4424cdbf22a297f3777?s=96&d=mm&r=g\",\"contentUrl\":\"https:\\\/\\\/secure.gravatar.com\\\/avatar\\\/2b70c89a32ff7923752020dbdcd7d17202d996fa13bbe4424cdbf22a297f3777?s=96&d=mm&r=g\",\"caption\":\"Asian Film Festival Barcelona\"}}]}<\/script>\n<!-- \/ Yoast SEO plugin. -->","yoast_head_json":{"title":"Noves mirades del cinema asi\u00e0tic - Asian Film Festival Barcelona","robots":{"index":"noindex","follow":"follow","max-snippet":"max-snippet:-1","max-image-preview":"max-image-preview:large","max-video-preview":"max-video-preview:-1"},"og_locale":"ca_ES","og_type":"article","og_title":"Noves mirades del cinema asi\u00e0tic - Asian Film Festival Barcelona","og_url":"https:\/\/asianfilmfestival.barcelona\/2023\/ca\/noves-mirades-del-cinema-asiatic\/","og_site_name":"Asian Film Festival Barcelona","article_published_time":"2024-04-08T08:25:51+00:00","article_modified_time":"2024-05-15T11:22:31+00:00","og_image":[{"width":1030,"height":435,"url":"https:\/\/asianfilmfestival.barcelona\/2023\/wp-content\/uploads\/2024\/04\/Uzbekistan-PUANKARE-6-1030x435.png","type":"image\/png"}],"author":"Asian Film Festival Barcelona","twitter_card":"summary_large_image","twitter_misc":{"Escrit per":"Asian Film Festival Barcelona","Temps estimat de lectura":"14 minuts"},"schema":{"@context":"https:\/\/schema.org","@graph":[{"@type":"Article","@id":"https:\/\/asianfilmfestival.barcelona\/2023\/ca\/noves-mirades-del-cinema-asiatic\/#article","isPartOf":{"@id":"https:\/\/asianfilmfestival.barcelona\/2023\/ca\/noves-mirades-del-cinema-asiatic\/"},"author":{"name":"Asian Film Festival Barcelona","@id":"https:\/\/asianfilmfestival.barcelona\/2023\/ca\/#\/schema\/person\/86a1f3b7a536690d6c2c6d700ad93adb"},"headline":"Noves mirades del cinema asi\u00e0tic","datePublished":"2024-04-08T08:25:51+00:00","dateModified":"2024-05-15T11:22:31+00:00","mainEntityOfPage":{"@id":"https:\/\/asianfilmfestival.barcelona\/2023\/ca\/noves-mirades-del-cinema-asiatic\/"},"wordCount":2848,"image":{"@id":"https:\/\/asianfilmfestival.barcelona\/2023\/ca\/noves-mirades-del-cinema-asiatic\/#primaryimage"},"thumbnailUrl":"https:\/\/asianfilmfestival.barcelona\/2023\/wp-content\/uploads\/2024\/04\/Uzbekistan-PUANKARE-6.png","articleSection":["Not\u00edcies"],"inLanguage":"ca"},{"@type":"WebPage","@id":"https:\/\/asianfilmfestival.barcelona\/2023\/ca\/noves-mirades-del-cinema-asiatic\/","url":"https:\/\/asianfilmfestival.barcelona\/2023\/ca\/noves-mirades-del-cinema-asiatic\/","name":"Noves mirades del cinema asi\u00e0tic - Asian Film Festival Barcelona","isPartOf":{"@id":"https:\/\/asianfilmfestival.barcelona\/2023\/ca\/#website"},"primaryImageOfPage":{"@id":"https:\/\/asianfilmfestival.barcelona\/2023\/ca\/noves-mirades-del-cinema-asiatic\/#primaryimage"},"image":{"@id":"https:\/\/asianfilmfestival.barcelona\/2023\/ca\/noves-mirades-del-cinema-asiatic\/#primaryimage"},"thumbnailUrl":"https:\/\/asianfilmfestival.barcelona\/2023\/wp-content\/uploads\/2024\/04\/Uzbekistan-PUANKARE-6.png","datePublished":"2024-04-08T08:25:51+00:00","dateModified":"2024-05-15T11:22:31+00:00","author":{"@id":"https:\/\/asianfilmfestival.barcelona\/2023\/ca\/#\/schema\/person\/86a1f3b7a536690d6c2c6d700ad93adb"},"breadcrumb":{"@id":"https:\/\/asianfilmfestival.barcelona\/2023\/ca\/noves-mirades-del-cinema-asiatic\/#breadcrumb"},"inLanguage":"ca","potentialAction":[{"@type":"ReadAction","target":["https:\/\/asianfilmfestival.barcelona\/2023\/ca\/noves-mirades-del-cinema-asiatic\/"]}]},{"@type":"ImageObject","inLanguage":"ca","@id":"https:\/\/asianfilmfestival.barcelona\/2023\/ca\/noves-mirades-del-cinema-asiatic\/#primaryimage","url":"https:\/\/asianfilmfestival.barcelona\/2023\/wp-content\/uploads\/2024\/04\/Uzbekistan-PUANKARE-6.png","contentUrl":"https:\/\/asianfilmfestival.barcelona\/2023\/wp-content\/uploads\/2024\/04\/Uzbekistan-PUANKARE-6.png","width":6144,"height":2592},{"@type":"BreadcrumbList","@id":"https:\/\/asianfilmfestival.barcelona\/2023\/ca\/noves-mirades-del-cinema-asiatic\/#breadcrumb","itemListElement":[{"@type":"ListItem","position":1,"name":"Home","item":"https:\/\/asianfilmfestival.barcelona\/2023\/ca\/benvinguda-asian-film-festival-barcelona-2023\/"},{"@type":"ListItem","position":2,"name":"Noves mirades del cinema asi\u00e0tic"}]},{"@type":"WebSite","@id":"https:\/\/asianfilmfestival.barcelona\/2023\/ca\/#website","url":"https:\/\/asianfilmfestival.barcelona\/2023\/ca\/","name":"Asian Film Festival Barcelona","description":"2023","potentialAction":[{"@type":"SearchAction","target":{"@type":"EntryPoint","urlTemplate":"https:\/\/asianfilmfestival.barcelona\/2023\/ca\/?s={search_term_string}"},"query-input":{"@type":"PropertyValueSpecification","valueRequired":true,"valueName":"search_term_string"}}],"inLanguage":"ca"},{"@type":"Person","@id":"https:\/\/asianfilmfestival.barcelona\/2023\/ca\/#\/schema\/person\/86a1f3b7a536690d6c2c6d700ad93adb","name":"Asian Film Festival Barcelona","image":{"@type":"ImageObject","inLanguage":"ca","@id":"https:\/\/secure.gravatar.com\/avatar\/2b70c89a32ff7923752020dbdcd7d17202d996fa13bbe4424cdbf22a297f3777?s=96&d=mm&r=g","url":"https:\/\/secure.gravatar.com\/avatar\/2b70c89a32ff7923752020dbdcd7d17202d996fa13bbe4424cdbf22a297f3777?s=96&d=mm&r=g","contentUrl":"https:\/\/secure.gravatar.com\/avatar\/2b70c89a32ff7923752020dbdcd7d17202d996fa13bbe4424cdbf22a297f3777?s=96&d=mm&r=g","caption":"Asian Film Festival Barcelona"}}]}},"_links":{"self":[{"href":"https:\/\/asianfilmfestival.barcelona\/2023\/ca\/wp-json\/wp\/v2\/posts\/48807","targetHints":{"allow":["GET"]}}],"collection":[{"href":"https:\/\/asianfilmfestival.barcelona\/2023\/ca\/wp-json\/wp\/v2\/posts"}],"about":[{"href":"https:\/\/asianfilmfestival.barcelona\/2023\/ca\/wp-json\/wp\/v2\/types\/post"}],"author":[{"embeddable":true,"href":"https:\/\/asianfilmfestival.barcelona\/2023\/ca\/wp-json\/wp\/v2\/users\/8"}],"replies":[{"embeddable":true,"href":"https:\/\/asianfilmfestival.barcelona\/2023\/ca\/wp-json\/wp\/v2\/comments?post=48807"}],"version-history":[{"count":5,"href":"https:\/\/asianfilmfestival.barcelona\/2023\/ca\/wp-json\/wp\/v2\/posts\/48807\/revisions"}],"predecessor-version":[{"id":49412,"href":"https:\/\/asianfilmfestival.barcelona\/2023\/ca\/wp-json\/wp\/v2\/posts\/48807\/revisions\/49412"}],"wp:featuredmedia":[{"embeddable":true,"href":"https:\/\/asianfilmfestival.barcelona\/2023\/ca\/wp-json\/wp\/v2\/media\/48754"}],"wp:attachment":[{"href":"https:\/\/asianfilmfestival.barcelona\/2023\/ca\/wp-json\/wp\/v2\/media?parent=48807"}],"wp:term":[{"taxonomy":"category","embeddable":true,"href":"https:\/\/asianfilmfestival.barcelona\/2023\/ca\/wp-json\/wp\/v2\/categories?post=48807"},{"taxonomy":"post_tag","embeddable":true,"href":"https:\/\/asianfilmfestival.barcelona\/2023\/ca\/wp-json\/wp\/v2\/tags?post=48807"}],"curies":[{"name":"wp","href":"https:\/\/api.w.org\/{rel}","templated":true}]}}