{"id":38485,"date":"2022-04-01T13:37:31","date_gmt":"2022-04-01T11:37:31","guid":{"rendered":"http:\/\/asianfilmfestival.barcelona\/2022\/?p=38485"},"modified":"2022-04-01T13:37:31","modified_gmt":"2022-04-01T11:37:31","slug":"cine-afgano-del-siglo-xxi","status":"publish","type":"post","link":"https:\/\/asianfilmfestival.barcelona\/2022\/es\/cine-afgano-del-siglo-xxi\/","title":{"rendered":"Cine afgano del siglo XXI"},"content":{"rendered":"\n<style type=\"text\/css\" data-created_by=\"avia_inline_auto\" id=\"style-css-av-l1gcoh7s-d398297bf6e3fea73e239d037801b6d2\">\n.avia-image-container.av-l1gcoh7s-d398297bf6e3fea73e239d037801b6d2 img.avia_image{\nbox-shadow:none;\n}\n.avia-image-container.av-l1gcoh7s-d398297bf6e3fea73e239d037801b6d2 .av-image-caption-overlay-center{\ncolor:#ffffff;\n}\n<\/style>\n<div  class='avia-image-container av-l1gcoh7s-d398297bf6e3fea73e239d037801b6d2 av-styling- avia-align-center  avia-builder-el-0  el_before_av_textblock  avia-builder-el-first '   itemprop=\"image\" itemscope=\"itemscope\" itemtype=\"https:\/\/schema.org\/ImageObject\" ><div class=\"avia-image-container-inner\"><div class=\"avia-image-overlay-wrap\"><img decoding=\"async\" class='wp-image-38494 avia-img-lazy-loading-not-38494 avia_image ' src=\"https:\/\/asianfilmfestival.barcelona\/2022\/wp-content\/uploads\/2022\/04\/Ciclo-de-cine-afgano.jpg\" alt='' title='Ciclo de cine afgano'  height=\"823\" width=\"1471\"  itemprop=\"thumbnailUrl\" srcset=\"https:\/\/asianfilmfestival.barcelona\/2022\/wp-content\/uploads\/2022\/04\/Ciclo-de-cine-afgano.jpg 1471w, https:\/\/asianfilmfestival.barcelona\/2022\/wp-content\/uploads\/2022\/04\/Ciclo-de-cine-afgano-300x168.jpg 300w, https:\/\/asianfilmfestival.barcelona\/2022\/wp-content\/uploads\/2022\/04\/Ciclo-de-cine-afgano-1030x576.jpg 1030w, https:\/\/asianfilmfestival.barcelona\/2022\/wp-content\/uploads\/2022\/04\/Ciclo-de-cine-afgano-768x430.jpg 768w, https:\/\/asianfilmfestival.barcelona\/2022\/wp-content\/uploads\/2022\/04\/Ciclo-de-cine-afgano-705x394.jpg 705w\" sizes=\"(max-width: 1471px) 100vw, 1471px\" \/><\/div><\/div><\/div>\n<section  class='av_textblock_section av-l1gbo6gx-f203fb3744ec1a67ca1bfffa3a8e18f2'  itemscope=\"itemscope\" itemtype=\"https:\/\/schema.org\/BlogPosting\" itemprop=\"blogPost\" ><div class='avia_textblock'  itemprop=\"text\" ><h1 style=\"text-align: center;\">Cine afgano del siglo XXI<\/h1>\n<\/div><\/section>\n<section  class='av_textblock_section av-l1gawzxi-5226ba59f8a51f3d2b77cc34529a05e5'  itemscope=\"itemscope\" itemtype=\"https:\/\/schema.org\/BlogPosting\" itemprop=\"blogPost\" ><div class='avia_textblock'  itemprop=\"text\" ><p><span data-contrast=\"auto\">Cine afgano otra vez y nunca dejaremos de presentarlo en la medida en que siempre es actual. Los dramas que podemos conocer a trav\u00e9s de los relatos de las pel\u00edculas que se proyectar\u00e1n forman parte de la vida cotidiana de este pa\u00eds del que todav\u00eda nos queda tanto por conocer. El ciclo est\u00e1 conformado por ocho t\u00edtulos realizados entre 2018 y 2021 y en esta ocasi\u00f3n queremos reunir un homenaje a sus autores y sus protagonistas, en su mayor\u00eda mujeres tanto en un caso como en el otro. Algo que puede parecer sorprendente por cuanto es un pa\u00eds en el cual la mujer ha sido y es la primera v\u00edctima de los abusos de una sociedad en la que la violencia de g\u00e9nero es habitual y apenas cuestionada. Los testimonios que el cine nos transmite son ahora m\u00e1s que nunca valiosos, por cuanto actualmente apenas nos llegan noticias de este pa\u00eds en lo concerniente a un cine hecho por afganos en Afganist\u00e1n. Pero, s\u00ed sabemos de cineastas hombres y mujeres que est\u00e1n en Europa y en EE. UU. y que siguen haciendo su trabajo. Hace muy pocos d\u00edas, Sahra Mani estuvo presentando su pel\u00edcula en Cineteca Madrid con Casa Asia, y dijo que necesitaba a su pa\u00eds, que necesitaba a Afganist\u00e1n y a los afganos para poder seguir haciendo cine. Nosotros tambi\u00e9n necesitamos a Afganist\u00e1n y a los afganos. Por eso hacemos esta muestra ahora.\u00a0<\/span><span data-ccp-props=\"{&quot;134233117&quot;:true,&quot;134233118&quot;:true,&quot;201341983&quot;:0,&quot;335551550&quot;:6,&quot;335551620&quot;:6,&quot;335559740&quot;:276}\">\u00a0<\/span><\/p>\n<p><b><span data-contrast=\"none\">PROGRAMACI\u00d3N<\/span><\/b><span data-contrast=\"none\">\u202f<\/span><span data-ccp-props=\"{&quot;134233117&quot;:true,&quot;134233118&quot;:true,&quot;201341983&quot;:0,&quot;335551550&quot;:6,&quot;335551620&quot;:6,&quot;335559740&quot;:276}\">\u00a0<\/span><\/p>\n<p><span data-contrast=\"none\">S\u00e1bado 9 de abril de 2022, a las 20h.\u00a0<\/span><span data-ccp-props=\"{&quot;134233117&quot;:true,&quot;134233118&quot;:true,&quot;201341983&quot;:0,&quot;335551550&quot;:6,&quot;335551620&quot;:6,&quot;335559740&quot;:276}\">\u00a0<\/span><br \/>\n<b><em>A Thousand Girls Like Me<\/em><\/b><span data-contrast=\"auto\"> | Dir: Sahra Mani | 2018 | 76\u2019 | VOSE\u00a0<\/span><span data-ccp-props=\"{&quot;134233117&quot;:true,&quot;134233118&quot;:true,&quot;201341983&quot;:0,&quot;335551550&quot;:6,&quot;335551620&quot;:6,&quot;335559740&quot;:276}\">\u00a0<\/span><\/p>\n<p><span data-contrast=\"auto\">La violencia sexual contra las mujeres es delito desde 2009 en Afganist\u00e1n. Pero, en la pr\u00e1ctica, las mujeres temen las posibles represalias por presentar cargos. Lamentablemente, la historia de Khatera es el t\u00edpico ejemplo de este fen\u00f3meno: ella y su madre han recibido amenazas, incluso de sus propios familiares, y se han visto obligadas a mudarse frecuentemente. El padre de Khatera abus\u00f3 de ella durante su ni\u00f1ez y la ha dejado embarazada en m\u00faltiples ocasiones. Khatera ha sufrido varios abortos antes de acabar dando a luz a una ni\u00f1a. Siguiendo el consejo de una mullah, ha explicado su historia en un programa televisivo y ha presentado cargos contra su padre.\u202fLa pel\u00edcula se present\u00f3 en el G\u00f6teborg Film Festival de 2019, Seattle International Film Festival 2019, el Sheffield International Documentary Festival 2018 y el Fribourg International Film Festival 2019.\u00a0<\/span><span data-ccp-props=\"{&quot;134233117&quot;:true,&quot;134233118&quot;:true,&quot;201341983&quot;:0,&quot;335551550&quot;:6,&quot;335551620&quot;:6,&quot;335559740&quot;:276}\">\u00a0<\/span><\/p>\n<p><b><span data-contrast=\"auto\">Sahra Mani<\/span><\/b><span data-contrast=\"auto\">\u202fes directora cinematogr\u00e1fica y fundadora del Afghanistan Doc Film House, una empresa de producci\u00f3n con sede en Kabul, y cofundadora de la productora Anahat Vision and Films, con sede en Londres. En 2013, ayud\u00f3 a organizar el Afghanistan Human Rights Film Festival (FCDH). Las pel\u00edculas de Sahra se han proyectado en festivales de todo el mundo y han ganado numerosos premios.<\/span><span data-ccp-props=\"{&quot;134233117&quot;:true,&quot;134233118&quot;:true,&quot;201341983&quot;:0,&quot;335551550&quot;:6,&quot;335551620&quot;:6,&quot;335559740&quot;:276}\">\u00a0<\/span><\/p>\n<p><span data-contrast=\"none\">S\u00e1bado 16 de abril de 2022, a las 20h.<\/span><span data-ccp-props=\"{&quot;134233117&quot;:true,&quot;134233118&quot;:true,&quot;201341983&quot;:0,&quot;335551550&quot;:6,&quot;335551620&quot;:6,&quot;335559740&quot;:276}\">\u00a0<\/span><br \/>\n<b><i><span data-contrast=\"auto\">My Childhood, My Country<\/span><\/i><\/b> <span data-contrast=\"auto\">| Dir: Phil Grabsky, Shoaib Sharifi | 2021 | 90\u2019 | VOSE\u00a0<\/span><span data-ccp-props=\"{&quot;134233117&quot;:true,&quot;134233118&quot;:true,&quot;201341983&quot;:0,&quot;335551550&quot;:6,&quot;335551620&quot;:6,&quot;335559740&quot;:276}\">\u00a0<\/span><\/p>\n<p><i><span data-contrast=\"auto\">My Childhood, My Country: 20 Years in Afghanistan<\/span><\/i><span data-contrast=\"auto\">\u202fsigue el viaje de Mir Hussain, que creci\u00f3 en una tierra devastada por la guerra. En el inicio es un ni\u00f1o de ocho a\u00f1os que juega entre las ruinas de los Budas de Bamiy\u00e1n en el Afganist\u00e1n rural. En 2002, las tropas estadounidenses desembarcan en Afganist\u00e1n, empezando una guerra aparentemente interminable en uno de los pa\u00edses m\u00e1s pobres del mundo. Este documental intimista recorre las dos d\u00e9cadas de un conflicto que nunca ha terminado. Desde el 11 de septiembre de 2001,\u202f<\/span><i><span data-contrast=\"auto\">My Childhood, My Country: 20 Years in Afghanistan<\/span><\/i><span data-contrast=\"auto\">\u202fse convierte en una revisi\u00f3n \u00fanica de la vida de una naci\u00f3n, donde 40 pa\u00edses han invertido m\u00e1s de un bill\u00f3n de d\u00f3lares y se han perdido m\u00e1s de 150.000 vidas. \u00bfVali\u00f3 la pena el esfuerzo para acabar donde todo empez\u00f3?\u00a0<\/span><span data-ccp-props=\"{&quot;134233117&quot;:true,&quot;134233118&quot;:true,&quot;201341983&quot;:0,&quot;335551550&quot;:6,&quot;335551620&quot;:6,&quot;335559740&quot;:276}\">\u00a0<\/span><\/p>\n<p><span data-contrast=\"auto\">Los cineastas galardonados, <\/span><b><span data-contrast=\"auto\">Phil Grabsky y Shoaib Sharifi<\/span><\/b><span data-contrast=\"auto\">, presentan una epopeya de la infancia y la madurez en la vida real, rodada a lo largo de veinte a\u00f1os en uno de los rincones m\u00e1s amenazados del mundo.\u202f<\/span><i><span data-contrast=\"auto\">My Childhood, My Country: 20 Years in Afghanistan\u202f<\/span><\/i><span data-contrast=\"auto\">recuerda a otro gran t\u00edtulo,\u202f<\/span><i><span data-contrast=\"auto\">Boyhood,\u202f<\/span><\/i><span data-contrast=\"auto\">del director Richard Linklater, rodada en el transcurso de doce a\u00f1os con el mismo elenco.<\/span><span data-ccp-props=\"{&quot;134233117&quot;:true,&quot;134233118&quot;:true,&quot;201341983&quot;:0,&quot;335551550&quot;:6,&quot;335551620&quot;:6,&quot;335559740&quot;:276}\">\u00a0<\/span><\/p>\n<p><span data-contrast=\"none\">S\u00e1bado 23 de abril de 2022, a las 20h.<\/span><span data-ccp-props=\"{&quot;134233117&quot;:true,&quot;134233118&quot;:true,&quot;201341983&quot;:0,&quot;335551550&quot;:6,&quot;335551620&quot;:6,&quot;335559740&quot;:276}\">\u00a0<\/span><br \/>\n<b><i><span data-contrast=\"auto\">The Forbidden Strings<\/span><\/i><\/b> <span data-contrast=\"auto\">| Dir: Hasan Noori | 2019 | 72\u2019 | VOSE\u00a0<\/span><span data-ccp-props=\"{&quot;134233117&quot;:true,&quot;134233118&quot;:true,&quot;201341983&quot;:0,&quot;335551550&quot;:6,&quot;335551620&quot;:6,&quot;335559740&quot;:276}\">\u00a0<\/span><\/p>\n<p><span data-contrast=\"auto\">Akbar, Soori, Mohammed y Hakim son los \u00fanicos inmigrantes j\u00f3venes afganos en Ir\u00e1n que han formado una banda de rock. Todo lo que piden es la oportunidad de tocar en vivo.\u202f<\/span><i><span data-contrast=\"auto\">The Forbidden Strings<\/span><\/i><span data-contrast=\"auto\">\u202fmuestra al cuarteto musical luchando por hacerse escuchar. Como sugiere el t\u00edtulo, se enfrentan a bastantes desaf\u00edos. Los cuatro miembros de la banda son hijos de padres afganos que huyeron a Ir\u00e1n, y desconocen el peligro que puede suponer para ellos regresar a su tierra natal. Sus familias est\u00e1n preocupadas por ellos. La banda promete no meterse en problemas cuando est\u00e9n en Kabul, pero no tardan en darse cuenta de que eso es imposible.<\/span><span data-ccp-props=\"{&quot;134233117&quot;:true,&quot;134233118&quot;:true,&quot;201341983&quot;:0,&quot;335551550&quot;:6,&quot;335551620&quot;:6,&quot;335559740&quot;:276}\">\u00a0<\/span><\/p>\n<p><b><span data-contrast=\"auto\">Hasan Noori<\/span><\/b><span data-contrast=\"auto\"> naci\u00f3 en Ir\u00e1n en 1985 de padres refugiados afganos. Tiene una licenciatura en sociolog\u00eda y un m\u00e1ster en cine de la Universidad de Teher\u00e1n. Durante a\u00f1os ha trabajado para ONGs que luchan contra el trabajo infantil, principalmente en la comunidad de refugiados afganos.\u202f<\/span><i><span data-contrast=\"auto\">The Forbidden String\u202f<\/span><\/i><span data-contrast=\"auto\">es el primer largometraje de este director.<\/span><span data-ccp-props=\"{&quot;134233117&quot;:true,&quot;134233118&quot;:true,&quot;201341983&quot;:0,&quot;335551550&quot;:6,&quot;335551620&quot;:6,&quot;335559740&quot;:276}\">\u00a0<\/span><\/p>\n<p><span data-contrast=\"none\">S\u00e1bado 30 de abril de 2022, a las 20h.<\/span><span data-ccp-props=\"{&quot;134233117&quot;:true,&quot;134233118&quot;:true,&quot;201341983&quot;:0,&quot;335551550&quot;:6,&quot;335551620&quot;:6,&quot;335559740&quot;:276}\">\u00a0<\/span><br \/>\n<b><i><span data-contrast=\"auto\">Facing the Dragon<\/span><\/i><\/b> <span data-contrast=\"auto\">| Dir: Sedika Mojadidi | 2019 | 80\u2019 | VOSE\u00a0<\/span><span data-ccp-props=\"{&quot;134233117&quot;:true,&quot;134233118&quot;:true,&quot;201341983&quot;:0,&quot;335551550&quot;:6,&quot;335551620&quot;:6,&quot;335559740&quot;:276}\">\u00a0<\/span><\/p>\n<p><span data-contrast=\"auto\">En este documental la directora sigui\u00f3 durante cuatro a\u00f1os la vida de dos extraordinarias mujeres afganas: Nilofar, miembro del parlamento, y Shakila, una periodista de televisi\u00f3n. La retirada de las fuerzas americanas y de la ayuda internacional a Afganist\u00e1n deja a la democracia y las recientes victorias de las mujeres pendiendo de un hilo, por lo que Nilofar y Shakila deber\u00e1n escoger entre la maternidad y sus ambiciones profesionales, ante las crecientes amenazas que pesan sobre ellas y sus familias.\u00a0<\/span><span data-ccp-props=\"{&quot;134233117&quot;:true,&quot;134233118&quot;:true,&quot;201341983&quot;:0,&quot;335551550&quot;:6,&quot;335551620&quot;:6,&quot;335559740&quot;:276}\">\u00a0<\/span><\/p>\n<p><b><span data-contrast=\"auto\">Sedika Mojadidi<\/span><\/b><span data-contrast=\"auto\">\u202fes una directora de cine independiente, productora y guionista. Naci\u00f3 en Afganist\u00e1n pero se cri\u00f3 en Florida. En 2006 dirigi\u00f3 su primer documental Motherland Afghanistan, donde sigue la lucha de su padre por hacer marcar la diferencia en la mortalidad materna que afecta al pa\u00eds. Durante la \u00faltima d\u00e9cada Sedika ha producido y dirigido varios proyectos para cadenas de televisi\u00f3n como Discovery Channel y Humans Rights Watch, A&amp;E, TLC, New York Times Television, ABC News y The Guardian Multimedia. Ha hecho varios rodajes en Afganist\u00e1n desde el a\u00f1o 2003. Actualmente es profesora de Cine y Televisi\u00f3n en el Savannah Collegue of Art and Design.<\/span><span data-ccp-props=\"{&quot;134233117&quot;:true,&quot;134233118&quot;:true,&quot;201341983&quot;:0,&quot;335551550&quot;:6,&quot;335551620&quot;:6,&quot;335559740&quot;:276}\">\u00a0<\/span><\/p>\n<p><span data-contrast=\"none\">S\u00e1bado 7 de mayo de 2022, a las 20h.<\/span><span data-ccp-props=\"{&quot;134233117&quot;:true,&quot;134233118&quot;:true,&quot;201341983&quot;:0,&quot;335551550&quot;:6,&quot;335551620&quot;:6,&quot;335559740&quot;:276}\">\u00a0<\/span><br \/>\n<b><i><span data-contrast=\"auto\">Rockabul<\/span><\/i><\/b> <span data-contrast=\"auto\">| Dir. Travis Beard | 2018 | 87\u2019 | VOSE\u00a0<\/span><span data-ccp-props=\"{&quot;134233117&quot;:true,&quot;134233118&quot;:true,&quot;201341983&quot;:0,&quot;335551550&quot;:6,&quot;335551620&quot;:6,&quot;335559740&quot;:276}\">\u00a0<\/span><\/p>\n<p><span data-contrast=\"auto\">Hoy en d\u00eda, los afganos son una de las mayores poblaciones migrantes huyendo de su pa\u00eds hacia Europa u Occidente. Desde 2002 la comunidad internacional ha invertido m\u00e1s de un bill\u00f3n de d\u00f3lares en Afganist\u00e1n. \u00bfQu\u00e9 ha ido mal? Esta pel\u00edcula examina la campa\u00f1a cultural que ha librado el gobierno de los Estados Unidos, entre otros. La historia es narrada a trav\u00e9s de los ojos de unos j\u00f3venes afganos que han fundado la primera banda de heavy metal del pa\u00eds, y de un australiano aventurero que ha creado una escena musical de estilo occidental en la capital, Kabul. \u00bfPodr\u00e1n estos j\u00f3venes ganarse el coraz\u00f3n de sus compatriotas \u201cdando cabezazos\u201d o los Talibanes volver\u00e1n a levantarse de la tumba?\u00a0<\/span><span data-ccp-props=\"{&quot;134233117&quot;:true,&quot;134233118&quot;:true,&quot;201341983&quot;:0,&quot;335551550&quot;:6,&quot;335551620&quot;:6,&quot;335559740&quot;:276}\">\u00a0<\/span><\/p>\n<p><b><span data-contrast=\"auto\">Travis Beard<\/span><\/b><span data-contrast=\"auto\">\u202fha estudiado fotoperiodismo y ha trabajado globalmente como fotoperiodista durante doce a\u00f1os. Posteriormente se ha interesado en el video periodismo. El australiano ha fundado Argus Productions, una empresa de producci\u00f3n que brinda numerosos servicios de medios en Afganist\u00e1n. Su primer largometraje documental, RocKabul (2017), ha ganado el premio Global Metal de la mano de la revista Metal Hammer.<\/span><span data-ccp-props=\"{&quot;134233117&quot;:true,&quot;134233118&quot;:true,&quot;201341983&quot;:0,&quot;335551550&quot;:6,&quot;335551620&quot;:6,&quot;335559740&quot;:276}\">\u00a0<\/span><\/p>\n<p><span data-contrast=\"none\">S\u00e1bado 14 de mayo de 2022, a las 20h.<\/span><span data-ccp-props=\"{&quot;134233117&quot;:true,&quot;134233118&quot;:true,&quot;201341983&quot;:0,&quot;335551550&quot;:6,&quot;335551620&quot;:6,&quot;335559740&quot;:276}\">\u00a0<\/span><br \/>\n<b><i><span data-contrast=\"auto\">Drowning in the Holy Water<\/span><\/i><\/b> <span data-contrast=\"auto\">| Dir: Navid Mahmoudi | 2020 | 85\u2019 | VOSE\u00a0<\/span><span data-ccp-props=\"{&quot;134233117&quot;:true,&quot;134233118&quot;:true,&quot;201341983&quot;:0,&quot;335551550&quot;:6,&quot;335551620&quot;:6,&quot;335559740&quot;:276}\">\u00a0<\/span><\/p>\n<p><span data-contrast=\"auto\">Rona y Hamed son dos j\u00f3venes afganos enamorados, cuya relaci\u00f3n desemboca en un conflicto familiar y social. Rompiendo con la tradici\u00f3n y las costumbres de su pa\u00eds, deciden abandonarlo en busca de una vida mejor. No obstante, no ser\u00e1 tan f\u00e1cil emigrar a Europa como ellos pensaban y cumplir sus sue\u00f1os ante la oposici\u00f3n que encuentran en su camino.\u00a0<\/span><span data-ccp-props=\"{&quot;134233117&quot;:true,&quot;134233118&quot;:true,&quot;201341983&quot;:0,&quot;335551550&quot;:6,&quot;335551620&quot;:6,&quot;335559740&quot;:276}\">\u00a0<\/span><\/p>\n<p><b><span data-contrast=\"auto\">Navid Mahmoudi<\/span><\/b><span data-contrast=\"auto\"> (Parvan, 1980) se mud\u00f3 a Ir\u00e1n procedente de Afganist\u00e1n con su familia cuando ten\u00eda seis a\u00f1os. Inici\u00f3 su carrera profesional como ayudante de direcci\u00f3n, y muy pronto dirigi\u00f3 sus propios cortometrajes. Ha producido m\u00e1s de diez pel\u00edculas para televisi\u00f3n. En 2014 realiz\u00f3 su primer largometraje\u202f<\/span><i><span data-contrast=\"auto\">A Few Cubic Meters of Love<\/span><\/i><span data-contrast=\"auto\">, que recibi\u00f3 una calurosa acogida tanto por parte de la cr\u00edtica internacional como por parte del p\u00fablico. En 2016, dirigi\u00f3 su primer largometraje\u202f<\/span><i><span data-contrast=\"auto\">Parting<\/span><\/i><span data-contrast=\"auto\">, antes de dirigir\u202f<\/span><i><span data-contrast=\"auto\">Rona, Azim\u2019s Mother<\/span><\/i><span data-contrast=\"auto\">\u202fen 2018. El Asian Film Festival Barcelona ha proyectado estos t\u00edtulos en anteriores ediciones, adem\u00e1s de\u202f<\/span><i><span data-contrast=\"auto\">Seven and a Half.<\/span><\/i><span data-contrast=\"auto\"> Sus pel\u00edculas han sido seleccionadas para representar a Afganist\u00e1n en los Oscar.<\/span><span data-ccp-props=\"{&quot;134233117&quot;:true,&quot;134233118&quot;:true,&quot;201341983&quot;:0,&quot;335551550&quot;:6,&quot;335551620&quot;:6,&quot;335559740&quot;:276}\">\u00a0<\/span><\/p>\n<p><span data-contrast=\"none\">S\u00e1bado 21 de mayo de 2022, a las 20h.<\/span><span data-ccp-props=\"{&quot;134233117&quot;:true,&quot;134233118&quot;:true,&quot;201341983&quot;:0,&quot;335551550&quot;:6,&quot;335551620&quot;:6,&quot;335559740&quot;:276}\">\u00a0<\/span><br \/>\n<b><i><span data-contrast=\"auto\">Kabul, City in the Wind<\/span><\/i><\/b> <span data-contrast=\"auto\">| Dir: Aboozar Amini | 2018 | 88\u2019 | VOSE\u00a0<\/span><span data-ccp-props=\"{&quot;134233117&quot;:true,&quot;134233118&quot;:true,&quot;201341983&quot;:0,&quot;335551550&quot;:6,&quot;335551620&quot;:6,&quot;335559740&quot;:276}\">\u00a0<\/span><\/p>\n<p><span data-contrast=\"auto\">Afshin tiene 12 a\u00f1os y vive con su familia en las monta\u00f1as de Chil Dokham. Es un sitio donde la violencia dom\u00e9stica convive con las bombas, las sirenas y los cad\u00e1veres formando parte de su infancia. Su padre emigra a otro pa\u00eds y a partir de ese momento deja de ser un ni\u00f1o para convertirse en un adulto. Reaparece como conductor de autob\u00fas, con una doble personalidad. Por una parte, es un padre afable, y por otra, un conductor temerario. Ambas historias se entremezclan mostrando el retrato del alma de una ciudad ag\u00f3nica.\u00a0<\/span><span data-ccp-props=\"{&quot;134233117&quot;:true,&quot;134233118&quot;:true,&quot;201341983&quot;:0,&quot;335551550&quot;:6,&quot;335551620&quot;:6,&quot;335559740&quot;:276}\">\u00a0<\/span><\/p>\n<p><b><span data-contrast=\"auto\">Aboozar Amini\u202f<\/span><\/b><span data-contrast=\"auto\">(1985) abandon\u00f3 Afganist\u00e1n y emigr\u00f3 a Holanda cuando era muy joven. En \u00c1msterdam estudi\u00f3 en la Ritveld Art Academy, pero su origen cultural desempe\u00f1a un papel central en su trabajo. Desde que empez\u00f3 a hacer cine la interculturalidad est\u00e1 en la base de todas sus historias. Para realizar el m\u00e1ster en direcci\u00f3n y est\u00e9tica del lenguaje cinematogr\u00e1fico, residi\u00f3 en Londres temporalmente, pero actualmente vive y trabaja entre \u00c1msterdam y Kabul.<\/span><span data-ccp-props=\"{&quot;134233117&quot;:true,&quot;134233118&quot;:true,&quot;201341983&quot;:0,&quot;335551550&quot;:6,&quot;335551620&quot;:6,&quot;335559740&quot;:276}\">\u00a0<\/span><\/p>\n<p><span data-contrast=\"none\">S\u00e1bado 28 de mayo de 2022, a las 20h.<\/span> <b><span data-contrast=\"auto\"><br \/>\n<\/span><\/b><b><i><span data-contrast=\"auto\">Seven and a Half<\/span><\/i><\/b><span data-contrast=\"auto\"> | Dir: Navid Mahmoudi | 2019 | 75\u2019 | VOSE<\/span> <span data-contrast=\"auto\">\u00a0\u00a0\u00a0\u00a0\u00a0\u00a0\u00a0\u00a0\u00a0 <\/span><span data-ccp-props=\"{&quot;134233117&quot;:true,&quot;134233118&quot;:true,&quot;201341983&quot;:0,&quot;335551550&quot;:6,&quot;335551620&quot;:6,&quot;335559740&quot;:276}\">\u00a0<\/span><\/p>\n<p><span data-contrast=\"auto\">Mejor Pel\u00edcula de la octava edici\u00f3n del Festival Internacional de Cine Persa (S\u00eddney, 2019). Es la historia de siete hermanas: Shabaneh, Negar, Nahid, Fereshteh, Niloufar, Rahil y Shekar. Aunque cada una de ellas vive su propia historia, sus vidas se ven atravesadas por la imposibilidad de encontrar el amor y el de construir su propio destino, porque el matrimonio forzado, el abuso y la violencia de g\u00e9nero se lo impiden.<\/span><span data-ccp-props=\"{&quot;134233117&quot;:true,&quot;134233118&quot;:true,&quot;201341983&quot;:0,&quot;335551550&quot;:6,&quot;335551620&quot;:6,&quot;335559740&quot;:276}\">\u00a0<\/span><\/p>\n<p><b><span data-contrast=\"auto\">Navid Mahmoudi<\/span><\/b><span data-contrast=\"auto\"> naci\u00f3 en Afganist\u00e1n, pero cuando ten\u00eda seis a\u00f1os su familia se mud\u00f3 a Ir\u00e1n. Desde muy joven sinti\u00f3 una gran atracci\u00f3n por el s\u00e9ptimo arte. Empez\u00f3 su carrera como asistente de direcci\u00f3n, y en 2014 produjo su primera pel\u00edcula <\/span><i><span data-contrast=\"auto\">A Few Cubic Meters of Love<\/span><\/i><span data-contrast=\"auto\">, que fue muy bien recibida tanto por el p\u00fablico como por la cr\u00edtica internacional. En 2016 dirigi\u00f3 su primer largometraje <\/span><i><span data-contrast=\"auto\">Parting<\/span><\/i><span data-contrast=\"auto\">, y en 2018 <\/span><i><span data-contrast=\"auto\">Rona Azim\u2019s Mother<\/span><\/i><span data-contrast=\"auto\">. Las tres pel\u00edculas han sido candidatas a los premios Oscar. En <\/span><i><span data-contrast=\"auto\">Seven and a Half<\/span><\/i><span data-contrast=\"auto\">, Mahmoudi recupera un episodio de su Afganist\u00e1n natal, en el que la noche de bodas una novia fue asesinada por el novio al descubrir que no era virgen. A ra\u00edz de este incidente, Mahmoudi siempre ha temido que convive cualquier boda pueda terminar en luto.<\/span><span data-ccp-props=\"{&quot;134233117&quot;:true,&quot;134233118&quot;:true,&quot;201341983&quot;:0,&quot;335551550&quot;:6,&quot;335551620&quot;:6,&quot;335559740&quot;:276}\">\u00a0<\/span><\/p>\n<\/div><\/section>\n<div  class='avia-icon-list-container av-l1gcltkx-33b4db4c0cbd9b0fffe73b22014f653a  avia-builder-el-3  el_after_av_textblock  el_before_av_partner '><ul class='avia-icon-list avia_animate_when_almost_visible avia-icon-list-left av-iconlist-big av-l1gcltkx-33b4db4c0cbd9b0fffe73b22014f653a avia-iconlist-animate'>\n<li><div class='iconlist_icon av-av_iconlist_item-3b1afd27e815e8ff952415772c758e79 avia-font-entypo-fontello'><span class='iconlist-char' aria-hidden='true' data-av_icon='\ue85b' data-av_iconfont='entypo-fontello'><\/span><\/div><article class=\"article-icon-entry \"  itemscope=\"itemscope\" itemtype=\"https:\/\/schema.org\/BlogPosting\" itemprop=\"blogPost\" ><div class=\"iconlist_content_wrap\"><header class=\"entry-content-header\"><\/header><div class='iconlist_content '  itemprop=\"text\" ><p>09\/04\/2022<\/p>\n<\/div><\/div><footer class=\"entry-footer\"><\/footer><\/article><div class=\"iconlist-timeline\"><\/div><\/li>\n<li><div class='iconlist_icon av-av_iconlist_item-d781a0673bf3085700e25429c320a222 avia-font-entypo-fontello'><span class='iconlist-char' aria-hidden='true' data-av_icon='\ue862' data-av_iconfont='entypo-fontello'><\/span><\/div><article class=\"article-icon-entry \"  itemscope=\"itemscope\" itemtype=\"https:\/\/schema.org\/BlogPosting\" itemprop=\"blogPost\" ><div class=\"iconlist_content_wrap\"><header class=\"entry-content-header\"><\/header><div class='iconlist_content '  itemprop=\"text\" ><p><span class=\"TextRun SCXW232162904 BCX2\" lang=\"ES-ES\" xml:lang=\"ES-ES\" data-contrast=\"none\"><span class=\"NormalTextRun SCXW232162904 BCX2\" data-ccp-charstyle=\"normaltextrun\">Del 9 de abril al 2<\/span><span class=\"NormalTextRun SCXW232162904 BCX2\" data-ccp-charstyle=\"normaltextrun\">8<\/span><span class=\"NormalTextRun SCXW232162904 BCX2\" data-ccp-charstyle=\"normaltextrun\"> de mayo del 2022<\/span><span class=\"NormalTextRun SCXW232162904 BCX2\" data-ccp-charstyle=\"normaltextrun\">, a las 20h<\/span><\/span><\/p>\n<\/div><\/div><footer class=\"entry-footer\"><\/footer><\/article><div class=\"iconlist-timeline\"><\/div><\/li>\n<li><div class='iconlist_icon av-av_iconlist_item-0204c21c63183b66d0a8ea0f23f025a6 avia-font-entypo-fontello'><span class='iconlist-char' aria-hidden='true' data-av_icon='\ue842' data-av_iconfont='entypo-fontello'><\/span><\/div><article class=\"article-icon-entry \"  itemscope=\"itemscope\" itemtype=\"https:\/\/schema.org\/BlogPosting\" itemprop=\"blogPost\" ><div class=\"iconlist_content_wrap\"><header class=\"entry-content-header\"><\/header><div class='iconlist_content '  itemprop=\"text\" ><p><span class=\"TextRun SCXW117685407 BCX2\" lang=\"ES-ES\" xml:lang=\"ES-ES\" data-contrast=\"none\"><span class=\"NormalTextRun SpellingErrorV2 SCXW117685407 BCX2\" data-ccp-charstyle=\"normaltextrun\" data-ccp-charstyle-defn=\"{&quot;ObjectId&quot;:&quot;f568e492-4a98-4896-9ed7-375ecc5ce15a|140&quot;,&quot;ClassId&quot;:1073872969,&quot;Properties&quot;:&#091;469775450,&quot;normaltextrun&quot;,201340122,&quot;1&quot;,134233614,&quot;true&quot;,469778129,&quot;normaltextrun&quot;,335572020,&quot;1&quot;,469778324,&quot;Default Paragraph Font&quot;&#093;}\">Cinemes<\/span><span class=\"NormalTextRun SCXW117685407 BCX2\" data-ccp-charstyle=\"normaltextrun\"> Girona: <\/span><\/span><span class=\"TextRun SCXW117685407 BCX2\" lang=\"ES-ES\" xml:lang=\"ES-ES\" data-contrast=\"none\"><span class=\"NormalTextRun SCXW117685407 BCX2\" data-ccp-charstyle=\"normaltextrun\">C\/ Girona, 175, 08025 Barcelona<\/span><\/span><\/p>\n<\/div><\/div><footer class=\"entry-footer\"><\/footer><\/article><div class=\"iconlist-timeline\"><\/div><\/li>\n<li><div class='iconlist_icon av-av_iconlist_item-3d5cc3816b0e1b99af7925bb155b0b16 avia-font-entypo-fontello'><span class='iconlist-char' aria-hidden='true' data-av_icon='\ue8cb' data-av_iconfont='entypo-fontello'><\/span><\/div><article class=\"article-icon-entry \"  itemscope=\"itemscope\" itemtype=\"https:\/\/schema.org\/BlogPosting\" itemprop=\"blogPost\" ><div class=\"iconlist_content_wrap\"><header class=\"entry-content-header\"><\/header><div class='iconlist_content '  itemprop=\"text\" ><p><strong>Precio entrada:<\/strong> 4,5 \u20ac<\/p>\n<p><b><span data-contrast=\"none\">Precio abonados y socios de los Cinemes Girona:<\/span><\/b><span data-contrast=\"none\"> 3 \u20ac\u202f<\/span><span data-ccp-props=\"{&quot;134233117&quot;:true,&quot;134233118&quot;:true,&quot;201341983&quot;:0,&quot;335551550&quot;:6,&quot;335551620&quot;:6,&quot;335559740&quot;:276}\">\u00a0<\/span><\/p>\n<\/div><\/div><footer class=\"entry-footer\"><\/footer><\/article><div class=\"iconlist-timeline\"><\/div><\/li>\n<li><div class='iconlist_icon av-av_iconlist_item-2a9152b10b552dd6c226c4c6eb471fe9 avia-font-entypo-fontello'><span class='iconlist-char' aria-hidden='true' data-av_icon='\ue80a' data-av_iconfont='entypo-fontello'><\/span><\/div><article class=\"article-icon-entry \"  itemscope=\"itemscope\" itemtype=\"https:\/\/schema.org\/BlogPosting\" itemprop=\"blogPost\" ><div class=\"iconlist_content_wrap\"><header class=\"entry-content-header\"><\/header><div class='iconlist_content '  itemprop=\"text\" ><p>Casa Asia con la colaboraci\u00f3n de Cinemes Girona<\/p>\n<\/div><\/div><footer class=\"entry-footer\"><\/footer><\/article><div class=\"iconlist-timeline\"><\/div><\/li>\n<\/ul><\/div>\n\n<style type=\"text\/css\" data-created_by=\"avia_inline_auto\" id=\"style-css-av-l1gcpft5-6f8a08281372005be4556a6184fa197d\">\n.avia-logo-element-container.av-l1gcpft5-6f8a08281372005be4556a6184fa197d .av-partner-fake-img{\nbackground-size:cover;\n}\n<\/style>\n<div  class='avia-logo-element-container av-l1gcpft5-6f8a08281372005be4556a6184fa197d avia-logo-slider avia-content-slider avia-smallarrow-slider avia-content-slider-active noHover avia-content-slider-odd  avia-builder-el-4  el_after_av_iconlist  avia-builder-el-last  av-slideshow-ui av-control-default av-nav-arrows-visible av-nav-dots-visible av-no-slider-navigation av-slideshow-manual av-loop-once av-loop-manual-endless avia-content-slider1' data-slideshow-options=\"{&quot;animation&quot;:&quot;slide&quot;,&quot;autoplay&quot;:false,&quot;loop_autoplay&quot;:&quot;once&quot;,&quot;interval&quot;:5,&quot;loop_manual&quot;:&quot;manual-endless&quot;,&quot;autoplay_stopper&quot;:false,&quot;noNavigation&quot;:false,&quot;bg_slider&quot;:false,&quot;keep_padding&quot;:&quot;&quot;,&quot;hoverpause&quot;:false,&quot;show_slide_delay&quot;:0}\"><div class='avia-smallarrow-slider-heading  no-logo-slider-heading '><div class='new-special-heading'>&nbsp;<\/div><\/div><div class=\"avia-content-slider-inner\"><div class=\"slide-entry-wrap\"><div  class='slide-entry av-av_partner_logo-59f5672b385c0f03828c88360b38f46d flex_column no_margin av_one_third real-thumbnail post-entry slide-entry-overview slide-loop-1 slide-parity-odd  first'><span class='av-partner-fake-img' style='padding-bottom:60.606060606061%; background-image:url(https:\/\/asianfilmfestival.barcelona\/2022\/wp-content\/uploads\/2021\/10\/01-casa-asia_21_g.png);'><\/span><\/div><div  class='slide-entry av-av_partner_logo-102b1ce3fa4c2cf7b0bc9eb9dee96137 flex_column no_margin av_one_third real-thumbnail post-entry slide-entry-overview slide-loop-2 slide-parity-even post-entry-last '><span class='av-partner-fake-img' style='padding-bottom:60.606060606061%; background-image:url(https:\/\/asianfilmfestival.barcelona\/2022\/wp-content\/uploads\/2021\/10\/02-cinemes-girona_21.png);'><\/span><\/div><\/div><\/div><\/div>\n","protected":false},"excerpt":{"rendered":"","protected":false},"author":8,"featured_media":38494,"comment_status":"closed","ping_status":"open","sticky":false,"template":"","format":"standard","meta":{"_acf_changed":false,"footnotes":""},"categories":[32],"tags":[],"class_list":["post-38485","post","type-post","status-publish","format-standard","has-post-thumbnail","hentry","category-noticias"],"acf":[],"yoast_head":"<!-- This site is optimized with the Yoast SEO plugin v27.4 - https:\/\/yoast.com\/product\/yoast-seo-wordpress\/ -->\n<title>Cine afgano del siglo XXI - Asian Film Festival Barcelona<\/title>\n<meta name=\"robots\" content=\"noindex, follow, max-snippet:-1, max-image-preview:large, max-video-preview:-1\" \/>\n<meta property=\"og:locale\" content=\"es_ES\" \/>\n<meta property=\"og:type\" content=\"article\" \/>\n<meta property=\"og:title\" content=\"Cine afgano del siglo XXI - Asian Film Festival Barcelona\" \/>\n<meta property=\"og:url\" content=\"https:\/\/asianfilmfestival.barcelona\/2022\/es\/cine-afgano-del-siglo-xxi\/\" \/>\n<meta property=\"og:site_name\" content=\"Asian Film Festival Barcelona\" \/>\n<meta property=\"article:published_time\" content=\"2022-04-01T11:37:31+00:00\" \/>\n<meta property=\"og:image\" content=\"https:\/\/asianfilmfestival.barcelona\/2022\/wp-content\/uploads\/2022\/04\/Ciclo-de-cine-afgano.jpg\" \/>\n\t<meta property=\"og:image:width\" content=\"1471\" \/>\n\t<meta property=\"og:image:height\" content=\"823\" \/>\n\t<meta property=\"og:image:type\" content=\"image\/jpeg\" \/>\n<meta name=\"author\" content=\"Asian Film Festival Barcelona\" \/>\n<meta name=\"twitter:card\" content=\"summary_large_image\" \/>\n<meta name=\"twitter:label1\" content=\"Escrito por\" \/>\n\t<meta name=\"twitter:data1\" content=\"Asian Film Festival Barcelona\" \/>\n\t<meta name=\"twitter:label2\" content=\"Tiempo de lectura\" \/>\n\t<meta name=\"twitter:data2\" content=\"12 minutos\" \/>\n<script type=\"application\/ld+json\" class=\"yoast-schema-graph\">{\"@context\":\"https:\\\/\\\/schema.org\",\"@graph\":[{\"@type\":\"Article\",\"@id\":\"https:\\\/\\\/asianfilmfestival.barcelona\\\/2022\\\/es\\\/cine-afgano-del-siglo-xxi\\\/#article\",\"isPartOf\":{\"@id\":\"https:\\\/\\\/asianfilmfestival.barcelona\\\/2022\\\/es\\\/cine-afgano-del-siglo-xxi\\\/\"},\"author\":{\"name\":\"Asian Film Festival Barcelona\",\"@id\":\"https:\\\/\\\/asianfilmfestival.barcelona\\\/2022\\\/es\\\/#\\\/schema\\\/person\\\/86a1f3b7a536690d6c2c6d700ad93adb\"},\"headline\":\"Cine afgano del siglo XXI\",\"datePublished\":\"2022-04-01T11:37:31+00:00\",\"mainEntityOfPage\":{\"@id\":\"https:\\\/\\\/asianfilmfestival.barcelona\\\/2022\\\/es\\\/cine-afgano-del-siglo-xxi\\\/\"},\"wordCount\":2290,\"image\":{\"@id\":\"https:\\\/\\\/asianfilmfestival.barcelona\\\/2022\\\/es\\\/cine-afgano-del-siglo-xxi\\\/#primaryimage\"},\"thumbnailUrl\":\"https:\\\/\\\/asianfilmfestival.barcelona\\\/2022\\\/wp-content\\\/uploads\\\/2022\\\/04\\\/Ciclo-de-cine-afgano.jpg\",\"articleSection\":[\"Noticias\"],\"inLanguage\":\"es\"},{\"@type\":\"WebPage\",\"@id\":\"https:\\\/\\\/asianfilmfestival.barcelona\\\/2022\\\/es\\\/cine-afgano-del-siglo-xxi\\\/\",\"url\":\"https:\\\/\\\/asianfilmfestival.barcelona\\\/2022\\\/es\\\/cine-afgano-del-siglo-xxi\\\/\",\"name\":\"Cine afgano del siglo XXI - Asian Film Festival Barcelona\",\"isPartOf\":{\"@id\":\"https:\\\/\\\/asianfilmfestival.barcelona\\\/2022\\\/es\\\/#website\"},\"primaryImageOfPage\":{\"@id\":\"https:\\\/\\\/asianfilmfestival.barcelona\\\/2022\\\/es\\\/cine-afgano-del-siglo-xxi\\\/#primaryimage\"},\"image\":{\"@id\":\"https:\\\/\\\/asianfilmfestival.barcelona\\\/2022\\\/es\\\/cine-afgano-del-siglo-xxi\\\/#primaryimage\"},\"thumbnailUrl\":\"https:\\\/\\\/asianfilmfestival.barcelona\\\/2022\\\/wp-content\\\/uploads\\\/2022\\\/04\\\/Ciclo-de-cine-afgano.jpg\",\"datePublished\":\"2022-04-01T11:37:31+00:00\",\"author\":{\"@id\":\"https:\\\/\\\/asianfilmfestival.barcelona\\\/2022\\\/es\\\/#\\\/schema\\\/person\\\/86a1f3b7a536690d6c2c6d700ad93adb\"},\"breadcrumb\":{\"@id\":\"https:\\\/\\\/asianfilmfestival.barcelona\\\/2022\\\/es\\\/cine-afgano-del-siglo-xxi\\\/#breadcrumb\"},\"inLanguage\":\"es\",\"potentialAction\":[{\"@type\":\"ReadAction\",\"target\":[\"https:\\\/\\\/asianfilmfestival.barcelona\\\/2022\\\/es\\\/cine-afgano-del-siglo-xxi\\\/\"]}]},{\"@type\":\"ImageObject\",\"inLanguage\":\"es\",\"@id\":\"https:\\\/\\\/asianfilmfestival.barcelona\\\/2022\\\/es\\\/cine-afgano-del-siglo-xxi\\\/#primaryimage\",\"url\":\"https:\\\/\\\/asianfilmfestival.barcelona\\\/2022\\\/wp-content\\\/uploads\\\/2022\\\/04\\\/Ciclo-de-cine-afgano.jpg\",\"contentUrl\":\"https:\\\/\\\/asianfilmfestival.barcelona\\\/2022\\\/wp-content\\\/uploads\\\/2022\\\/04\\\/Ciclo-de-cine-afgano.jpg\",\"width\":1471,\"height\":823},{\"@type\":\"BreadcrumbList\",\"@id\":\"https:\\\/\\\/asianfilmfestival.barcelona\\\/2022\\\/es\\\/cine-afgano-del-siglo-xxi\\\/#breadcrumb\",\"itemListElement\":[{\"@type\":\"ListItem\",\"position\":1,\"name\":\"Home\",\"item\":\"https:\\\/\\\/asianfilmfestival.barcelona\\\/2022\\\/es\\\/bienvenida-asian-film-festival-barcelona-2022\\\/\"},{\"@type\":\"ListItem\",\"position\":2,\"name\":\"Cine afgano del siglo XXI\"}]},{\"@type\":\"WebSite\",\"@id\":\"https:\\\/\\\/asianfilmfestival.barcelona\\\/2022\\\/es\\\/#website\",\"url\":\"https:\\\/\\\/asianfilmfestival.barcelona\\\/2022\\\/es\\\/\",\"name\":\"Asian Film Festival Barcelona\",\"description\":\"2022\",\"potentialAction\":[{\"@type\":\"SearchAction\",\"target\":{\"@type\":\"EntryPoint\",\"urlTemplate\":\"https:\\\/\\\/asianfilmfestival.barcelona\\\/2022\\\/es\\\/?s={search_term_string}\"},\"query-input\":{\"@type\":\"PropertyValueSpecification\",\"valueRequired\":true,\"valueName\":\"search_term_string\"}}],\"inLanguage\":\"es\"},{\"@type\":\"Person\",\"@id\":\"https:\\\/\\\/asianfilmfestival.barcelona\\\/2022\\\/es\\\/#\\\/schema\\\/person\\\/86a1f3b7a536690d6c2c6d700ad93adb\",\"name\":\"Asian Film Festival Barcelona\",\"image\":{\"@type\":\"ImageObject\",\"inLanguage\":\"es\",\"@id\":\"https:\\\/\\\/secure.gravatar.com\\\/avatar\\\/2b70c89a32ff7923752020dbdcd7d17202d996fa13bbe4424cdbf22a297f3777?s=96&d=mm&r=g\",\"url\":\"https:\\\/\\\/secure.gravatar.com\\\/avatar\\\/2b70c89a32ff7923752020dbdcd7d17202d996fa13bbe4424cdbf22a297f3777?s=96&d=mm&r=g\",\"contentUrl\":\"https:\\\/\\\/secure.gravatar.com\\\/avatar\\\/2b70c89a32ff7923752020dbdcd7d17202d996fa13bbe4424cdbf22a297f3777?s=96&d=mm&r=g\",\"caption\":\"Asian Film Festival Barcelona\"}}]}<\/script>\n<!-- \/ Yoast SEO plugin. -->","yoast_head_json":{"title":"Cine afgano del siglo XXI - Asian Film Festival Barcelona","robots":{"index":"noindex","follow":"follow","max-snippet":"max-snippet:-1","max-image-preview":"max-image-preview:large","max-video-preview":"max-video-preview:-1"},"og_locale":"es_ES","og_type":"article","og_title":"Cine afgano del siglo XXI - Asian Film Festival Barcelona","og_url":"https:\/\/asianfilmfestival.barcelona\/2022\/es\/cine-afgano-del-siglo-xxi\/","og_site_name":"Asian Film Festival Barcelona","article_published_time":"2022-04-01T11:37:31+00:00","og_image":[{"width":1471,"height":823,"url":"https:\/\/asianfilmfestival.barcelona\/2022\/wp-content\/uploads\/2022\/04\/Ciclo-de-cine-afgano.jpg","type":"image\/jpeg"}],"author":"Asian Film Festival Barcelona","twitter_card":"summary_large_image","twitter_misc":{"Escrito por":"Asian Film Festival Barcelona","Tiempo de lectura":"12 minutos"},"schema":{"@context":"https:\/\/schema.org","@graph":[{"@type":"Article","@id":"https:\/\/asianfilmfestival.barcelona\/2022\/es\/cine-afgano-del-siglo-xxi\/#article","isPartOf":{"@id":"https:\/\/asianfilmfestival.barcelona\/2022\/es\/cine-afgano-del-siglo-xxi\/"},"author":{"name":"Asian Film Festival Barcelona","@id":"https:\/\/asianfilmfestival.barcelona\/2022\/es\/#\/schema\/person\/86a1f3b7a536690d6c2c6d700ad93adb"},"headline":"Cine afgano del siglo XXI","datePublished":"2022-04-01T11:37:31+00:00","mainEntityOfPage":{"@id":"https:\/\/asianfilmfestival.barcelona\/2022\/es\/cine-afgano-del-siglo-xxi\/"},"wordCount":2290,"image":{"@id":"https:\/\/asianfilmfestival.barcelona\/2022\/es\/cine-afgano-del-siglo-xxi\/#primaryimage"},"thumbnailUrl":"https:\/\/asianfilmfestival.barcelona\/2022\/wp-content\/uploads\/2022\/04\/Ciclo-de-cine-afgano.jpg","articleSection":["Noticias"],"inLanguage":"es"},{"@type":"WebPage","@id":"https:\/\/asianfilmfestival.barcelona\/2022\/es\/cine-afgano-del-siglo-xxi\/","url":"https:\/\/asianfilmfestival.barcelona\/2022\/es\/cine-afgano-del-siglo-xxi\/","name":"Cine afgano del siglo XXI - Asian Film Festival Barcelona","isPartOf":{"@id":"https:\/\/asianfilmfestival.barcelona\/2022\/es\/#website"},"primaryImageOfPage":{"@id":"https:\/\/asianfilmfestival.barcelona\/2022\/es\/cine-afgano-del-siglo-xxi\/#primaryimage"},"image":{"@id":"https:\/\/asianfilmfestival.barcelona\/2022\/es\/cine-afgano-del-siglo-xxi\/#primaryimage"},"thumbnailUrl":"https:\/\/asianfilmfestival.barcelona\/2022\/wp-content\/uploads\/2022\/04\/Ciclo-de-cine-afgano.jpg","datePublished":"2022-04-01T11:37:31+00:00","author":{"@id":"https:\/\/asianfilmfestival.barcelona\/2022\/es\/#\/schema\/person\/86a1f3b7a536690d6c2c6d700ad93adb"},"breadcrumb":{"@id":"https:\/\/asianfilmfestival.barcelona\/2022\/es\/cine-afgano-del-siglo-xxi\/#breadcrumb"},"inLanguage":"es","potentialAction":[{"@type":"ReadAction","target":["https:\/\/asianfilmfestival.barcelona\/2022\/es\/cine-afgano-del-siglo-xxi\/"]}]},{"@type":"ImageObject","inLanguage":"es","@id":"https:\/\/asianfilmfestival.barcelona\/2022\/es\/cine-afgano-del-siglo-xxi\/#primaryimage","url":"https:\/\/asianfilmfestival.barcelona\/2022\/wp-content\/uploads\/2022\/04\/Ciclo-de-cine-afgano.jpg","contentUrl":"https:\/\/asianfilmfestival.barcelona\/2022\/wp-content\/uploads\/2022\/04\/Ciclo-de-cine-afgano.jpg","width":1471,"height":823},{"@type":"BreadcrumbList","@id":"https:\/\/asianfilmfestival.barcelona\/2022\/es\/cine-afgano-del-siglo-xxi\/#breadcrumb","itemListElement":[{"@type":"ListItem","position":1,"name":"Home","item":"https:\/\/asianfilmfestival.barcelona\/2022\/es\/bienvenida-asian-film-festival-barcelona-2022\/"},{"@type":"ListItem","position":2,"name":"Cine afgano del siglo XXI"}]},{"@type":"WebSite","@id":"https:\/\/asianfilmfestival.barcelona\/2022\/es\/#website","url":"https:\/\/asianfilmfestival.barcelona\/2022\/es\/","name":"Asian Film Festival Barcelona","description":"2022","potentialAction":[{"@type":"SearchAction","target":{"@type":"EntryPoint","urlTemplate":"https:\/\/asianfilmfestival.barcelona\/2022\/es\/?s={search_term_string}"},"query-input":{"@type":"PropertyValueSpecification","valueRequired":true,"valueName":"search_term_string"}}],"inLanguage":"es"},{"@type":"Person","@id":"https:\/\/asianfilmfestival.barcelona\/2022\/es\/#\/schema\/person\/86a1f3b7a536690d6c2c6d700ad93adb","name":"Asian Film Festival Barcelona","image":{"@type":"ImageObject","inLanguage":"es","@id":"https:\/\/secure.gravatar.com\/avatar\/2b70c89a32ff7923752020dbdcd7d17202d996fa13bbe4424cdbf22a297f3777?s=96&d=mm&r=g","url":"https:\/\/secure.gravatar.com\/avatar\/2b70c89a32ff7923752020dbdcd7d17202d996fa13bbe4424cdbf22a297f3777?s=96&d=mm&r=g","contentUrl":"https:\/\/secure.gravatar.com\/avatar\/2b70c89a32ff7923752020dbdcd7d17202d996fa13bbe4424cdbf22a297f3777?s=96&d=mm&r=g","caption":"Asian Film Festival Barcelona"}}]}},"_links":{"self":[{"href":"https:\/\/asianfilmfestival.barcelona\/2022\/es\/wp-json\/wp\/v2\/posts\/38485","targetHints":{"allow":["GET"]}}],"collection":[{"href":"https:\/\/asianfilmfestival.barcelona\/2022\/es\/wp-json\/wp\/v2\/posts"}],"about":[{"href":"https:\/\/asianfilmfestival.barcelona\/2022\/es\/wp-json\/wp\/v2\/types\/post"}],"author":[{"embeddable":true,"href":"https:\/\/asianfilmfestival.barcelona\/2022\/es\/wp-json\/wp\/v2\/users\/8"}],"replies":[{"embeddable":true,"href":"https:\/\/asianfilmfestival.barcelona\/2022\/es\/wp-json\/wp\/v2\/comments?post=38485"}],"version-history":[{"count":4,"href":"https:\/\/asianfilmfestival.barcelona\/2022\/es\/wp-json\/wp\/v2\/posts\/38485\/revisions"}],"predecessor-version":[{"id":43715,"href":"https:\/\/asianfilmfestival.barcelona\/2022\/es\/wp-json\/wp\/v2\/posts\/38485\/revisions\/43715"}],"wp:featuredmedia":[{"embeddable":true,"href":"https:\/\/asianfilmfestival.barcelona\/2022\/es\/wp-json\/wp\/v2\/media\/38494"}],"wp:attachment":[{"href":"https:\/\/asianfilmfestival.barcelona\/2022\/es\/wp-json\/wp\/v2\/media?parent=38485"}],"wp:term":[{"taxonomy":"category","embeddable":true,"href":"https:\/\/asianfilmfestival.barcelona\/2022\/es\/wp-json\/wp\/v2\/categories?post=38485"},{"taxonomy":"post_tag","embeddable":true,"href":"https:\/\/asianfilmfestival.barcelona\/2022\/es\/wp-json\/wp\/v2\/tags?post=38485"}],"curies":[{"name":"wp","href":"https:\/\/api.w.org\/{rel}","templated":true}]}}