{"id":38368,"date":"2022-03-03T17:30:31","date_gmt":"2022-03-03T16:30:31","guid":{"rendered":"https:\/\/asianfilmfestival.barcelona\/2021\/?p=38368"},"modified":"2022-03-03T17:29:52","modified_gmt":"2022-03-03T16:29:52","slug":"encuentro-con-sahra-mani-el-cine-afgano-despues-del-cine-afgano","status":"publish","type":"post","link":"https:\/\/asianfilmfestival.barcelona\/2021\/es\/encuentro-con-sahra-mani-el-cine-afgano-despues-del-cine-afgano\/","title":{"rendered":"Encuentro con Sahra Mani: \u00abEl cine afgano despu\u00e9s del cine afgano\u00bb"},"content":{"rendered":"<div  class='avia-image-container  av-styling-    avia-builder-el-0  el_before_av_textblock  avia-builder-el-first  avia-align-center '  itemprop=\"image\" itemscope=\"itemscope\" itemtype=\"https:\/\/schema.org\/ImageObject\"  ><div class='avia-image-container-inner'><div class='avia-image-overlay-wrap'><img decoding=\"async\" class='wp-image-38366 avia-img-lazy-loading-not-38366 avia_image' src=\"https:\/\/asianfilmfestival.barcelona\/2021\/wp-content\/uploads\/2022\/03\/encuentro-sahra-mani.jpg\" alt='' title='encuentro-sahra-mani' height=\"720\" width=\"1280\"  itemprop=\"thumbnailUrl\" srcset=\"https:\/\/asianfilmfestival.barcelona\/2021\/wp-content\/uploads\/2022\/03\/encuentro-sahra-mani.jpg 1280w, https:\/\/asianfilmfestival.barcelona\/2021\/wp-content\/uploads\/2022\/03\/encuentro-sahra-mani-300x169.jpg 300w, https:\/\/asianfilmfestival.barcelona\/2021\/wp-content\/uploads\/2022\/03\/encuentro-sahra-mani-1030x579.jpg 1030w, https:\/\/asianfilmfestival.barcelona\/2021\/wp-content\/uploads\/2022\/03\/encuentro-sahra-mani-768x432.jpg 768w, https:\/\/asianfilmfestival.barcelona\/2021\/wp-content\/uploads\/2022\/03\/encuentro-sahra-mani-705x397.jpg 705w\" sizes=\"(max-width: 1280px) 100vw, 1280px\" \/><\/div><\/div><\/div>\n<section class=\"av_textblock_section \"  itemscope=\"itemscope\" itemtype=\"https:\/\/schema.org\/BlogPosting\" itemprop=\"blogPost\" ><div class='avia_textblock  '   itemprop=\"text\" ><h1 class=\"entry-title fusion-responsive-typography-calculated\" style=\"text-align: center;\" data-fontsize=\"50\" data-lineheight=\"normal\">Encuentro con Sahra Mani: \u00abEl cine afgano despu\u00e9s del cine afgano\u00bb<\/h1>\n<\/div><\/section>\n<section class=\"av_textblock_section \"  itemscope=\"itemscope\" itemtype=\"https:\/\/schema.org\/BlogPosting\" itemprop=\"blogPost\" ><div class='avia_textblock  '   itemprop=\"text\" ><div class=\"fusion-text fusion-text-1\">\n<div class=\"fusion-text fusion-text-1\">\n<p><strong>En el marco del ciclo de cine <a href=\"https:\/\/www.casaasia.es\/actividad\/mujeres-afganas-y-el-cine-made-in-afghanistan\/\">Mujeres afganas y el cine: \u00abMade in Afghanistan\u00bb<\/a>, organizado con motivo del D\u00eda Internacional de la Mujer, contaremos con la presencia de la cineasta afgana Sahra Mani que presentar\u00e1 su pel\u00edcula <em>A Thousand Girls Like Me<\/em>.<\/strong><\/p>\n<p>Casa Asia programa una conversaci\u00f3n con Sahra Mani para hablar del cine en general y, en particular, del cine hecho por mujeres en su pa\u00eds, as\u00ed como del impacto que han tenido los \u00faltimos acontecimientos desde el mes del agosto de 2021 en la trayectoria y en los proyectos que se estaban realizando.<\/p>\n<p>Este acto tiene por objeto recabar informaci\u00f3n en directo de la cineasta que fund\u00f3 la Afghanistan Doc House en Kabul, y que era profesora hasta muy recientemente de la universidad de esta ciudad. Ella ha sido una de las grandes defensoras de los derechos de las mujeres afganas, y sigue si\u00e9ndolo activamente en su \u00faltimo proyecto cinematogr\u00e1fico que est\u00e1 en su fase de montaje.<\/p>\n<div>\n<p class=\"Body\"><span lang=\"ES-TRAD\">Presenta:<b><br \/>\nEmilio de Miguel<\/b>, director del Centro Casa Asia-Madrid<\/span><b><\/b><\/p>\n<\/div>\n<div>\n<p>Modera:<br \/>\n<b>Menene Gras Balaguer<\/b>, directora de Cultura y Exposiciones de Casa Asia<\/p>\n<p><b><i>La sesi\u00f3n ser\u00e1 principalmente en ingl\u00e9s.<br \/>\n<\/i><\/b><\/p>\n<\/div>\n<\/div>\n<\/div>\n<\/div><\/section>\n<div  class='avia-icon-list-container   avia-builder-el-3  el_after_av_textblock  avia-builder-el-last '><ul class='avia-icon-list avia-icon-list-left av-iconlist-big avia_animate_when_almost_visible avia-iconlist-animate'>\n<li><div  class='iconlist_icon  avia-font-entypo-fontello'><span class='iconlist-char ' aria-hidden='true' data-av_icon='\ue85b' data-av_iconfont='entypo-fontello'><\/span><\/div><article class=\"article-icon-entry \"  itemscope=\"itemscope\" itemtype=\"https:\/\/schema.org\/BlogPosting\" itemprop=\"blogPost\" ><div class='iconlist_content_wrap'><header class=\"entry-content-header\"><\/header><div class='iconlist_content  '  itemprop=\"text\"  ><p>07\/03\/2022<\/p>\n<\/div><\/div><footer class=\"entry-footer\"><\/footer><\/article><div class='iconlist-timeline'><\/div><\/li>\n<li><div  class='iconlist_icon  avia-font-entypo-fontello'><span class='iconlist-char ' aria-hidden='true' data-av_icon='\ue862' data-av_iconfont='entypo-fontello'><\/span><\/div><article class=\"article-icon-entry \"  itemscope=\"itemscope\" itemtype=\"https:\/\/schema.org\/BlogPosting\" itemprop=\"blogPost\" ><div class='iconlist_content_wrap'><header class=\"entry-content-header\"><\/header><div class='iconlist_content  '  itemprop=\"text\"  ><p>Lunes 7 de marzo a las 19.00 h CET.<\/p>\n<\/div><\/div><footer class=\"entry-footer\"><\/footer><\/article><div class='iconlist-timeline'><\/div><\/li>\n<li><div  class='iconlist_icon  avia-font-entypo-fontello'><span class='iconlist-char ' aria-hidden='true' data-av_icon='\ue842' data-av_iconfont='entypo-fontello'><\/span><\/div><article class=\"article-icon-entry \"  itemscope=\"itemscope\" itemtype=\"https:\/\/schema.org\/BlogPosting\" itemprop=\"blogPost\" ><div class='iconlist_content_wrap'><header class=\"entry-content-header\"><\/header><div class='iconlist_content  '  itemprop=\"text\"  ><p>Centro Casa Asia-Madrid<br \/>\nPalacio de Ca\u00f1ete<br \/>\nc\/ Mayor, 69<br \/>\nMadrid<\/p>\n<\/div><\/div><footer class=\"entry-footer\"><\/footer><\/article><div class='iconlist-timeline'><\/div><\/li>\n<li><div  class='iconlist_icon  avia-font-entypo-fontello'><span class='iconlist-char ' aria-hidden='true' data-av_icon='\ue8cb' data-av_iconfont='entypo-fontello'><\/span><\/div><article class=\"article-icon-entry \"  itemscope=\"itemscope\" itemtype=\"https:\/\/schema.org\/BlogPosting\" itemprop=\"blogPost\" ><div class='iconlist_content_wrap'><header class=\"entry-content-header\"><\/header><div class='iconlist_content  '  itemprop=\"text\"  ><p>Actividad gratuita previa inscripci\u00f3n.<\/p>\n<\/div><\/div><footer class=\"entry-footer\"><\/footer><\/article><div class='iconlist-timeline'><\/div><\/li>\n<li><div  class='iconlist_icon  avia-font-entypo-fontello'><span class='iconlist-char ' aria-hidden='true' data-av_icon='\ue80a' data-av_iconfont='entypo-fontello'><\/span><\/div><article class=\"article-icon-entry \"  itemscope=\"itemscope\" itemtype=\"https:\/\/schema.org\/BlogPosting\" itemprop=\"blogPost\" ><div class='iconlist_content_wrap'><header class=\"entry-content-header\"><\/header><div class='iconlist_content  '  itemprop=\"text\"  ><p>Casa Asia<\/p>\n<\/div><\/div><footer class=\"entry-footer\"><\/footer><\/article><div class='iconlist-timeline'><\/div><\/li>\n<\/ul><\/div>\n","protected":false},"excerpt":{"rendered":"","protected":false},"author":8,"featured_media":38366,"comment_status":"closed","ping_status":"open","sticky":false,"template":"","format":"standard","meta":{"footnotes":""},"categories":[32],"tags":[],"class_list":["post-38368","post","type-post","status-publish","format-standard","has-post-thumbnail","hentry","category-noticias"],"yoast_head":"<!-- This site is optimized with the Yoast SEO plugin v27.4 - https:\/\/yoast.com\/product\/yoast-seo-wordpress\/ -->\n<title>Encuentro con Sahra Mani: \u00abEl cine afgano despu\u00e9s del cine afgano\u00bb - Asian Film Festival Barcelona<\/title>\n<meta name=\"robots\" content=\"index, follow, max-snippet:-1, max-image-preview:large, max-video-preview:-1\" \/>\n<link rel=\"canonical\" href=\"https:\/\/asianfilmfestival.barcelona\/2021\/es\/encuentro-con-sahra-mani-el-cine-afgano-despues-del-cine-afgano\/\" \/>\n<meta property=\"og:locale\" content=\"es_ES\" \/>\n<meta property=\"og:type\" content=\"article\" \/>\n<meta property=\"og:title\" content=\"Encuentro con Sahra Mani: \u00abEl cine afgano despu\u00e9s del cine afgano\u00bb - Asian Film Festival Barcelona\" \/>\n<meta property=\"og:url\" content=\"https:\/\/asianfilmfestival.barcelona\/2021\/es\/encuentro-con-sahra-mani-el-cine-afgano-despues-del-cine-afgano\/\" \/>\n<meta property=\"og:site_name\" content=\"Asian Film Festival Barcelona\" \/>\n<meta property=\"article:published_time\" content=\"2022-03-03T16:30:31+00:00\" \/>\n<meta property=\"og:image\" content=\"https:\/\/asianfilmfestival.barcelona\/2021\/wp-content\/uploads\/2022\/03\/encuentro-sahra-mani.jpg\" \/>\n\t<meta property=\"og:image:width\" content=\"1280\" \/>\n\t<meta property=\"og:image:height\" content=\"720\" \/>\n\t<meta property=\"og:image:type\" content=\"image\/jpeg\" \/>\n<meta name=\"author\" content=\"Asian Film Festival Barcelona\" \/>\n<meta name=\"twitter:card\" content=\"summary_large_image\" \/>\n<meta name=\"twitter:label1\" content=\"Escrito por\" \/>\n\t<meta name=\"twitter:data1\" content=\"Asian Film Festival Barcelona\" \/>\n\t<meta name=\"twitter:label2\" content=\"Tiempo de lectura\" \/>\n\t<meta name=\"twitter:data2\" content=\"3 minutos\" \/>\n<script type=\"application\/ld+json\" class=\"yoast-schema-graph\">{\"@context\":\"https:\\\/\\\/schema.org\",\"@graph\":[{\"@type\":\"Article\",\"@id\":\"https:\\\/\\\/asianfilmfestival.barcelona\\\/2021\\\/es\\\/encuentro-con-sahra-mani-el-cine-afgano-despues-del-cine-afgano\\\/#article\",\"isPartOf\":{\"@id\":\"https:\\\/\\\/asianfilmfestival.barcelona\\\/2021\\\/es\\\/encuentro-con-sahra-mani-el-cine-afgano-despues-del-cine-afgano\\\/\"},\"author\":{\"name\":\"Asian Film Festival Barcelona\",\"@id\":\"https:\\\/\\\/asianfilmfestival.barcelona\\\/2021\\\/#\\\/schema\\\/person\\\/86a1f3b7a536690d6c2c6d700ad93adb\"},\"headline\":\"Encuentro con Sahra Mani: \u00abEl cine afgano despu\u00e9s del cine afgano\u00bb\",\"datePublished\":\"2022-03-03T16:30:31+00:00\",\"mainEntityOfPage\":{\"@id\":\"https:\\\/\\\/asianfilmfestival.barcelona\\\/2021\\\/es\\\/encuentro-con-sahra-mani-el-cine-afgano-despues-del-cine-afgano\\\/\"},\"wordCount\":492,\"image\":{\"@id\":\"https:\\\/\\\/asianfilmfestival.barcelona\\\/2021\\\/es\\\/encuentro-con-sahra-mani-el-cine-afgano-despues-del-cine-afgano\\\/#primaryimage\"},\"thumbnailUrl\":\"https:\\\/\\\/asianfilmfestival.barcelona\\\/2021\\\/wp-content\\\/uploads\\\/2022\\\/03\\\/encuentro-sahra-mani.jpg\",\"articleSection\":[\"Noticias\"],\"inLanguage\":\"es\"},{\"@type\":\"WebPage\",\"@id\":\"https:\\\/\\\/asianfilmfestival.barcelona\\\/2021\\\/es\\\/encuentro-con-sahra-mani-el-cine-afgano-despues-del-cine-afgano\\\/\",\"url\":\"https:\\\/\\\/asianfilmfestival.barcelona\\\/2021\\\/es\\\/encuentro-con-sahra-mani-el-cine-afgano-despues-del-cine-afgano\\\/\",\"name\":\"Encuentro con Sahra Mani: \u00abEl cine afgano despu\u00e9s del cine afgano\u00bb - Asian Film Festival Barcelona\",\"isPartOf\":{\"@id\":\"https:\\\/\\\/asianfilmfestival.barcelona\\\/2021\\\/#website\"},\"primaryImageOfPage\":{\"@id\":\"https:\\\/\\\/asianfilmfestival.barcelona\\\/2021\\\/es\\\/encuentro-con-sahra-mani-el-cine-afgano-despues-del-cine-afgano\\\/#primaryimage\"},\"image\":{\"@id\":\"https:\\\/\\\/asianfilmfestival.barcelona\\\/2021\\\/es\\\/encuentro-con-sahra-mani-el-cine-afgano-despues-del-cine-afgano\\\/#primaryimage\"},\"thumbnailUrl\":\"https:\\\/\\\/asianfilmfestival.barcelona\\\/2021\\\/wp-content\\\/uploads\\\/2022\\\/03\\\/encuentro-sahra-mani.jpg\",\"datePublished\":\"2022-03-03T16:30:31+00:00\",\"author\":{\"@id\":\"https:\\\/\\\/asianfilmfestival.barcelona\\\/2021\\\/#\\\/schema\\\/person\\\/86a1f3b7a536690d6c2c6d700ad93adb\"},\"breadcrumb\":{\"@id\":\"https:\\\/\\\/asianfilmfestival.barcelona\\\/2021\\\/es\\\/encuentro-con-sahra-mani-el-cine-afgano-despues-del-cine-afgano\\\/#breadcrumb\"},\"inLanguage\":\"es\",\"potentialAction\":[{\"@type\":\"ReadAction\",\"target\":[\"https:\\\/\\\/asianfilmfestival.barcelona\\\/2021\\\/es\\\/encuentro-con-sahra-mani-el-cine-afgano-despues-del-cine-afgano\\\/\"]}]},{\"@type\":\"ImageObject\",\"inLanguage\":\"es\",\"@id\":\"https:\\\/\\\/asianfilmfestival.barcelona\\\/2021\\\/es\\\/encuentro-con-sahra-mani-el-cine-afgano-despues-del-cine-afgano\\\/#primaryimage\",\"url\":\"https:\\\/\\\/asianfilmfestival.barcelona\\\/2021\\\/wp-content\\\/uploads\\\/2022\\\/03\\\/encuentro-sahra-mani.jpg\",\"contentUrl\":\"https:\\\/\\\/asianfilmfestival.barcelona\\\/2021\\\/wp-content\\\/uploads\\\/2022\\\/03\\\/encuentro-sahra-mani.jpg\",\"width\":1280,\"height\":720},{\"@type\":\"BreadcrumbList\",\"@id\":\"https:\\\/\\\/asianfilmfestival.barcelona\\\/2021\\\/es\\\/encuentro-con-sahra-mani-el-cine-afgano-despues-del-cine-afgano\\\/#breadcrumb\",\"itemListElement\":[{\"@type\":\"ListItem\",\"position\":1,\"name\":\"Home\",\"item\":\"https:\\\/\\\/asianfilmfestival.barcelona\\\/2021\\\/es\\\/\"},{\"@type\":\"ListItem\",\"position\":2,\"name\":\"Encuentro con Sahra Mani: \u00abEl cine afgano despu\u00e9s del cine afgano\u00bb\"}]},{\"@type\":\"WebSite\",\"@id\":\"https:\\\/\\\/asianfilmfestival.barcelona\\\/2021\\\/#website\",\"url\":\"https:\\\/\\\/asianfilmfestival.barcelona\\\/2021\\\/\",\"name\":\"Asian Film Festival Barcelona\",\"description\":\"2017\",\"potentialAction\":[{\"@type\":\"SearchAction\",\"target\":{\"@type\":\"EntryPoint\",\"urlTemplate\":\"https:\\\/\\\/asianfilmfestival.barcelona\\\/2021\\\/?s={search_term_string}\"},\"query-input\":{\"@type\":\"PropertyValueSpecification\",\"valueRequired\":true,\"valueName\":\"search_term_string\"}}],\"inLanguage\":\"es\"},{\"@type\":\"Person\",\"@id\":\"https:\\\/\\\/asianfilmfestival.barcelona\\\/2021\\\/#\\\/schema\\\/person\\\/86a1f3b7a536690d6c2c6d700ad93adb\",\"name\":\"Asian Film Festival Barcelona\",\"image\":{\"@type\":\"ImageObject\",\"inLanguage\":\"es\",\"@id\":\"https:\\\/\\\/secure.gravatar.com\\\/avatar\\\/2b70c89a32ff7923752020dbdcd7d17202d996fa13bbe4424cdbf22a297f3777?s=96&d=mm&r=g\",\"url\":\"https:\\\/\\\/secure.gravatar.com\\\/avatar\\\/2b70c89a32ff7923752020dbdcd7d17202d996fa13bbe4424cdbf22a297f3777?s=96&d=mm&r=g\",\"contentUrl\":\"https:\\\/\\\/secure.gravatar.com\\\/avatar\\\/2b70c89a32ff7923752020dbdcd7d17202d996fa13bbe4424cdbf22a297f3777?s=96&d=mm&r=g\",\"caption\":\"Asian Film Festival Barcelona\"}}]}<\/script>\n<!-- \/ Yoast SEO plugin. -->","yoast_head_json":{"title":"Encuentro con Sahra Mani: \u00abEl cine afgano despu\u00e9s del cine afgano\u00bb - Asian Film Festival Barcelona","robots":{"index":"index","follow":"follow","max-snippet":"max-snippet:-1","max-image-preview":"max-image-preview:large","max-video-preview":"max-video-preview:-1"},"canonical":"https:\/\/asianfilmfestival.barcelona\/2021\/es\/encuentro-con-sahra-mani-el-cine-afgano-despues-del-cine-afgano\/","og_locale":"es_ES","og_type":"article","og_title":"Encuentro con Sahra Mani: \u00abEl cine afgano despu\u00e9s del cine afgano\u00bb - Asian Film Festival Barcelona","og_url":"https:\/\/asianfilmfestival.barcelona\/2021\/es\/encuentro-con-sahra-mani-el-cine-afgano-despues-del-cine-afgano\/","og_site_name":"Asian Film Festival Barcelona","article_published_time":"2022-03-03T16:30:31+00:00","og_image":[{"width":1280,"height":720,"url":"https:\/\/asianfilmfestival.barcelona\/2021\/wp-content\/uploads\/2022\/03\/encuentro-sahra-mani.jpg","type":"image\/jpeg"}],"author":"Asian Film Festival Barcelona","twitter_card":"summary_large_image","twitter_misc":{"Escrito por":"Asian Film Festival Barcelona","Tiempo de lectura":"3 minutos"},"schema":{"@context":"https:\/\/schema.org","@graph":[{"@type":"Article","@id":"https:\/\/asianfilmfestival.barcelona\/2021\/es\/encuentro-con-sahra-mani-el-cine-afgano-despues-del-cine-afgano\/#article","isPartOf":{"@id":"https:\/\/asianfilmfestival.barcelona\/2021\/es\/encuentro-con-sahra-mani-el-cine-afgano-despues-del-cine-afgano\/"},"author":{"name":"Asian Film Festival Barcelona","@id":"https:\/\/asianfilmfestival.barcelona\/2021\/#\/schema\/person\/86a1f3b7a536690d6c2c6d700ad93adb"},"headline":"Encuentro con Sahra Mani: \u00abEl cine afgano despu\u00e9s del cine afgano\u00bb","datePublished":"2022-03-03T16:30:31+00:00","mainEntityOfPage":{"@id":"https:\/\/asianfilmfestival.barcelona\/2021\/es\/encuentro-con-sahra-mani-el-cine-afgano-despues-del-cine-afgano\/"},"wordCount":492,"image":{"@id":"https:\/\/asianfilmfestival.barcelona\/2021\/es\/encuentro-con-sahra-mani-el-cine-afgano-despues-del-cine-afgano\/#primaryimage"},"thumbnailUrl":"https:\/\/asianfilmfestival.barcelona\/2021\/wp-content\/uploads\/2022\/03\/encuentro-sahra-mani.jpg","articleSection":["Noticias"],"inLanguage":"es"},{"@type":"WebPage","@id":"https:\/\/asianfilmfestival.barcelona\/2021\/es\/encuentro-con-sahra-mani-el-cine-afgano-despues-del-cine-afgano\/","url":"https:\/\/asianfilmfestival.barcelona\/2021\/es\/encuentro-con-sahra-mani-el-cine-afgano-despues-del-cine-afgano\/","name":"Encuentro con Sahra Mani: \u00abEl cine afgano despu\u00e9s del cine afgano\u00bb - Asian Film Festival Barcelona","isPartOf":{"@id":"https:\/\/asianfilmfestival.barcelona\/2021\/#website"},"primaryImageOfPage":{"@id":"https:\/\/asianfilmfestival.barcelona\/2021\/es\/encuentro-con-sahra-mani-el-cine-afgano-despues-del-cine-afgano\/#primaryimage"},"image":{"@id":"https:\/\/asianfilmfestival.barcelona\/2021\/es\/encuentro-con-sahra-mani-el-cine-afgano-despues-del-cine-afgano\/#primaryimage"},"thumbnailUrl":"https:\/\/asianfilmfestival.barcelona\/2021\/wp-content\/uploads\/2022\/03\/encuentro-sahra-mani.jpg","datePublished":"2022-03-03T16:30:31+00:00","author":{"@id":"https:\/\/asianfilmfestival.barcelona\/2021\/#\/schema\/person\/86a1f3b7a536690d6c2c6d700ad93adb"},"breadcrumb":{"@id":"https:\/\/asianfilmfestival.barcelona\/2021\/es\/encuentro-con-sahra-mani-el-cine-afgano-despues-del-cine-afgano\/#breadcrumb"},"inLanguage":"es","potentialAction":[{"@type":"ReadAction","target":["https:\/\/asianfilmfestival.barcelona\/2021\/es\/encuentro-con-sahra-mani-el-cine-afgano-despues-del-cine-afgano\/"]}]},{"@type":"ImageObject","inLanguage":"es","@id":"https:\/\/asianfilmfestival.barcelona\/2021\/es\/encuentro-con-sahra-mani-el-cine-afgano-despues-del-cine-afgano\/#primaryimage","url":"https:\/\/asianfilmfestival.barcelona\/2021\/wp-content\/uploads\/2022\/03\/encuentro-sahra-mani.jpg","contentUrl":"https:\/\/asianfilmfestival.barcelona\/2021\/wp-content\/uploads\/2022\/03\/encuentro-sahra-mani.jpg","width":1280,"height":720},{"@type":"BreadcrumbList","@id":"https:\/\/asianfilmfestival.barcelona\/2021\/es\/encuentro-con-sahra-mani-el-cine-afgano-despues-del-cine-afgano\/#breadcrumb","itemListElement":[{"@type":"ListItem","position":1,"name":"Home","item":"https:\/\/asianfilmfestival.barcelona\/2021\/es\/"},{"@type":"ListItem","position":2,"name":"Encuentro con Sahra Mani: \u00abEl cine afgano despu\u00e9s del cine afgano\u00bb"}]},{"@type":"WebSite","@id":"https:\/\/asianfilmfestival.barcelona\/2021\/#website","url":"https:\/\/asianfilmfestival.barcelona\/2021\/","name":"Asian Film Festival Barcelona","description":"2017","potentialAction":[{"@type":"SearchAction","target":{"@type":"EntryPoint","urlTemplate":"https:\/\/asianfilmfestival.barcelona\/2021\/?s={search_term_string}"},"query-input":{"@type":"PropertyValueSpecification","valueRequired":true,"valueName":"search_term_string"}}],"inLanguage":"es"},{"@type":"Person","@id":"https:\/\/asianfilmfestival.barcelona\/2021\/#\/schema\/person\/86a1f3b7a536690d6c2c6d700ad93adb","name":"Asian Film Festival Barcelona","image":{"@type":"ImageObject","inLanguage":"es","@id":"https:\/\/secure.gravatar.com\/avatar\/2b70c89a32ff7923752020dbdcd7d17202d996fa13bbe4424cdbf22a297f3777?s=96&d=mm&r=g","url":"https:\/\/secure.gravatar.com\/avatar\/2b70c89a32ff7923752020dbdcd7d17202d996fa13bbe4424cdbf22a297f3777?s=96&d=mm&r=g","contentUrl":"https:\/\/secure.gravatar.com\/avatar\/2b70c89a32ff7923752020dbdcd7d17202d996fa13bbe4424cdbf22a297f3777?s=96&d=mm&r=g","caption":"Asian Film Festival Barcelona"}}]}},"_links":{"self":[{"href":"https:\/\/asianfilmfestival.barcelona\/2021\/es\/wp-json\/wp\/v2\/posts\/38368","targetHints":{"allow":["GET"]}}],"collection":[{"href":"https:\/\/asianfilmfestival.barcelona\/2021\/es\/wp-json\/wp\/v2\/posts"}],"about":[{"href":"https:\/\/asianfilmfestival.barcelona\/2021\/es\/wp-json\/wp\/v2\/types\/post"}],"author":[{"embeddable":true,"href":"https:\/\/asianfilmfestival.barcelona\/2021\/es\/wp-json\/wp\/v2\/users\/8"}],"replies":[{"embeddable":true,"href":"https:\/\/asianfilmfestival.barcelona\/2021\/es\/wp-json\/wp\/v2\/comments?post=38368"}],"version-history":[{"count":3,"href":"https:\/\/asianfilmfestival.barcelona\/2021\/es\/wp-json\/wp\/v2\/posts\/38368\/revisions"}],"predecessor-version":[{"id":38371,"href":"https:\/\/asianfilmfestival.barcelona\/2021\/es\/wp-json\/wp\/v2\/posts\/38368\/revisions\/38371"}],"wp:featuredmedia":[{"embeddable":true,"href":"https:\/\/asianfilmfestival.barcelona\/2021\/es\/wp-json\/wp\/v2\/media\/38366"}],"wp:attachment":[{"href":"https:\/\/asianfilmfestival.barcelona\/2021\/es\/wp-json\/wp\/v2\/media?parent=38368"}],"wp:term":[{"taxonomy":"category","embeddable":true,"href":"https:\/\/asianfilmfestival.barcelona\/2021\/es\/wp-json\/wp\/v2\/categories?post=38368"},{"taxonomy":"post_tag","embeddable":true,"href":"https:\/\/asianfilmfestival.barcelona\/2021\/es\/wp-json\/wp\/v2\/tags?post=38368"}],"curies":[{"name":"wp","href":"https:\/\/api.w.org\/{rel}","templated":true}]}}