{"id":38240,"date":"2022-02-03T17:18:49","date_gmt":"2022-02-03T16:18:49","guid":{"rendered":"https:\/\/asianfilmfestival.barcelona\/2021\/?p=38240"},"modified":"2022-02-03T17:21:21","modified_gmt":"2022-02-03T16:21:21","slug":"proyeccion-de-la-pelicula-cartas-de-akyab-de-eugenia-balcells","status":"publish","type":"post","link":"https:\/\/asianfilmfestival.barcelona\/2021\/es\/proyeccion-de-la-pelicula-cartas-de-akyab-de-eugenia-balcells\/","title":{"rendered":"Proyecci\u00f3n de la pel\u00edcula: \u00abCartas de Akyab\u00bb de Eug\u00e8nia Balcells"},"content":{"rendered":"<div  class='avia-image-container  av-styling-    avia-builder-el-0  el_before_av_textblock  avia-builder-el-first  avia-align-center '  itemprop=\"image\" itemscope=\"itemscope\" itemtype=\"https:\/\/schema.org\/ImageObject\"  ><div class='avia-image-container-inner'><div class='avia-image-overlay-wrap'><img decoding=\"async\" class='wp-image-38231 avia-img-lazy-loading-not-38231 avia_image' src=\"https:\/\/asianfilmfestival.barcelona\/2021\/wp-content\/uploads\/2022\/02\/cartes-akyab.jpg\" alt='' title='cartes-akyab' height=\"720\" width=\"1280\"  itemprop=\"thumbnailUrl\" srcset=\"https:\/\/asianfilmfestival.barcelona\/2021\/wp-content\/uploads\/2022\/02\/cartes-akyab.jpg 1280w, https:\/\/asianfilmfestival.barcelona\/2021\/wp-content\/uploads\/2022\/02\/cartes-akyab-300x169.jpg 300w, https:\/\/asianfilmfestival.barcelona\/2021\/wp-content\/uploads\/2022\/02\/cartes-akyab-1030x579.jpg 1030w, https:\/\/asianfilmfestival.barcelona\/2021\/wp-content\/uploads\/2022\/02\/cartes-akyab-768x432.jpg 768w, https:\/\/asianfilmfestival.barcelona\/2021\/wp-content\/uploads\/2022\/02\/cartes-akyab-705x397.jpg 705w\" sizes=\"(max-width: 1280px) 100vw, 1280px\" \/><\/div><\/div><\/div>\n<section class=\"av_textblock_section \"  itemscope=\"itemscope\" itemtype=\"https:\/\/schema.org\/BlogPosting\" itemprop=\"blogPost\" ><div class='avia_textblock  '   itemprop=\"text\" ><h1 class=\"entry-title fusion-responsive-typography-calculated\" style=\"text-align: center;\" data-fontsize=\"50\" data-lineheight=\"normal\">Proyecci\u00f3n de la pel\u00edcula: \u00abCartas de Akyab\u00bb de Eug\u00e8nia Balcells<\/h1>\n<\/div><\/section>\n<section class=\"av_textblock_section \"  itemscope=\"itemscope\" itemtype=\"https:\/\/schema.org\/BlogPosting\" itemprop=\"blogPost\" ><div class='avia_textblock  '   itemprop=\"text\" ><p><strong>Casa Asia, con la colaboraci\u00f3n de Eug\u00e8nia Balcells Foundation, organiza la proyecci\u00f3n de la pel\u00edcula <em>Cartas de Akyab<\/em> de Eug\u00e8nia Balcells. Tras la pel\u00edcula, tendr\u00e1 lugar un coloquio con la directora.<\/strong><\/p>\n<p><strong>Sinopsis:<\/strong><\/p>\n<p><em>Cartas de Akyab<\/em> surge a ra\u00edz de unas cartas encontradas en un antiguo malet\u00edn de viaje, tras el fallecimiento de su bisabuela Luisa que las hab\u00eda escondido durante toda su vida. En las cartas consta la fecha y el lugar donde fueron escritas, Akyab, Birmania. Los espacios donde deb\u00eda aparecer el nombre de la madre estaban en blanco, las palabras hab\u00edan sido cuidadosamente borradas para guardar el secreto de su procedencia. Partiendo de un hecho real, de una b\u00fasqueda personal, este documental de la artista Eug\u00e8nia Balcells nos muestra la relaci\u00f3n oriente-occidente, la situaci\u00f3n de la mujer y los prejuicios raciales y sociales, la gran riqueza y sencilla humanidad de unas tradiciones tan poco conocidas, a trav\u00e9s de un viaje interior, una b\u00fasqueda de los or\u00edgenes, una reivindicaci\u00f3n del linaje femenino y un fascinante descubrimiento. La pel\u00edcula honra a las antepasadas birmanas de Eug\u00e8nia que se vieron obligadas a ocultar su origen para poder seguir su vida en Europa donde fueron enviadas a estudiar. El reconocimiento y la integraci\u00f3n de esta valiosa herencia vital proporciona sentido y coherencia a toda la obra de la artista. Con todo ello, se convierte en un m\u00faltiple mosaico de varios niveles de lectura, y en patrimonio cultural de inter\u00e9s universal.<\/p>\n<p><strong>Biograf\u00eda de la directora:<\/strong><br \/>\n<strong><br \/>\nEug\u00e8nia Balcells<\/strong> nace en Barcelona y se diploma en Arquitectura T\u00e9cnica. En 1968 se traslada a Nueva York y prosigue su formaci\u00f3n art\u00edstica en la Universidad de Iowa, donde obtiene el Master en Arte en 1971. Inicia su actividad art\u00edstica a mediados de los 70, en el contexto del arte conceptual, siendo una de las pioneras del cine experimental y del arte audiovisual en su pa\u00eds. Las primeras instalaciones, pel\u00edculas y v\u00eddeos que realiza se identifican con las corrientes cr\u00edtico-sociol\u00f3gicas, tratando temas relacionados con la sociedad de consumo contempor\u00e1nea y con los efectos de los medios de comunicaci\u00f3n sobre la cultura de masas. Actualmente, a su actividad creadora se le suman cursos impartidos en distintos centros y universidades. En sus talleres trabaja la luz como esencia creativa, integrando en la visi\u00f3n diferentes formas de conocimiento como la filosof\u00eda, la literatura, la poes\u00eda, o la f\u00edsica.<\/p>\n<p>Presentaci\u00f3n:<br \/>\n<strong>Guillermo Solana<\/strong>, director art\u00edstico del Museo Nacional Thyssen-Bornemisza.<\/p>\n<p>Coloquio con <strong>Eug\u00e8nia Balcells<\/strong>, <strong>Lali Bosch<\/strong> y <strong>Roc\u00edo de la Villa<\/strong><\/p>\n<p>Modera:<br \/>\n<strong>Menene Gras Balaguer<\/strong>, directora de Cultura y Exposiciones de Casa Asia.<\/p>\n<p><a href=\"https:\/\/www.casaasia.es\/invitacion-cartas-de-akyab-eugenia-balcells\/\"><strong>M\u00e1s informaci\u00f3n<\/strong><\/a><\/p>\n<p class=\"p1\"><span class=\"s1\"><b>INFORMACI\u00d3N<\/b><\/span><\/p>\n<p class=\"p1\"><span class=\"s1\">Directora: Eug\u00e8nia Balcells<br \/>\n<\/span><span class=\"s1\">A\u00f1o: 2020<br \/>\n<\/span><span class=\"s1\">Duraci\u00f3n: 72\u201930\u2019\u2019<br \/>\n<\/span><span class=\"s1\">Idioma: VOSE<br \/>\n<\/span><span class=\"s1\">G\u00e9nero: Documental<\/span><\/p>\n<p><a href=\"https:\/\/www.casaasia.es\/ficha-cartas-de-akyab-es-envio-11\/\"><strong>Ficha de la pel\u00edcula<\/strong><\/a><\/p>\n<\/div><\/section>\n<div  class='avia-icon-list-container   avia-builder-el-3  el_after_av_textblock  el_before_av_partner '><ul class='avia-icon-list avia-icon-list-left av-iconlist-big avia_animate_when_almost_visible avia-iconlist-animate'>\n<li><div  class='iconlist_icon  avia-font-entypo-fontello'><span class='iconlist-char ' aria-hidden='true' data-av_icon='\ue85b' data-av_iconfont='entypo-fontello'><\/span><\/div><article class=\"article-icon-entry \"  itemscope=\"itemscope\" itemtype=\"https:\/\/schema.org\/BlogPosting\" itemprop=\"blogPost\" ><div class='iconlist_content_wrap'><header class=\"entry-content-header\"><\/header><div class='iconlist_content  '  itemprop=\"text\"  ><p>04\/02\/2022<\/p>\n<\/div><\/div><footer class=\"entry-footer\"><\/footer><\/article><div class='iconlist-timeline'><\/div><\/li>\n<li><div  class='iconlist_icon  avia-font-entypo-fontello'><span class='iconlist-char ' aria-hidden='true' data-av_icon='\ue862' data-av_iconfont='entypo-fontello'><\/span><\/div><article class=\"article-icon-entry \"  itemscope=\"itemscope\" itemtype=\"https:\/\/schema.org\/BlogPosting\" itemprop=\"blogPost\" ><div class='iconlist_content_wrap'><header class=\"entry-content-header\"><\/header><div class='iconlist_content  '  itemprop=\"text\"  ><p>Viernes 4 de febrero a las 19.00 h CET<\/p>\n<\/div><\/div><footer class=\"entry-footer\"><\/footer><\/article><div class='iconlist-timeline'><\/div><\/li>\n<li><div  class='iconlist_icon  avia-font-entypo-fontello'><span class='iconlist-char ' aria-hidden='true' data-av_icon='\ue842' data-av_iconfont='entypo-fontello'><\/span><\/div><article class=\"article-icon-entry \"  itemscope=\"itemscope\" itemtype=\"https:\/\/schema.org\/BlogPosting\" itemprop=\"blogPost\" ><div class='iconlist_content_wrap'><header class=\"entry-content-header\"><\/header><div class='iconlist_content  '  itemprop=\"text\"  ><p>Museo Nacional Thyssen-Bornemisza<br \/>\nPaseo del Prado, 8<br \/>\nMadrid<\/p>\n<\/div><\/div><footer class=\"entry-footer\"><\/footer><\/article><div class='iconlist-timeline'><\/div><\/li>\n<li><div  class='iconlist_icon  avia-font-entypo-fontello'><span class='iconlist-char ' aria-hidden='true' data-av_icon='\ue8cb' data-av_iconfont='entypo-fontello'><\/span><\/div><article class=\"article-icon-entry \"  itemscope=\"itemscope\" itemtype=\"https:\/\/schema.org\/BlogPosting\" itemprop=\"blogPost\" ><div class='iconlist_content_wrap'><header class=\"entry-content-header\"><\/header><div class='iconlist_content  '  itemprop=\"text\"  ><p>Entrada gratuita.<\/p>\n<p><a href=\"https:\/\/entradas.museothyssen.org\/es\/241-actividades\/4556-cartas-de-akyab\/4847811-cartas-de-akyab-una-pelicula-de-eugenia-balcells\"><strong>Consigue tu entrada<\/strong><\/a><\/p>\n<\/div><\/div><footer class=\"entry-footer\"><\/footer><\/article><div class='iconlist-timeline'><\/div><\/li>\n<li><div  class='iconlist_icon  avia-font-entypo-fontello'><span class='iconlist-char ' aria-hidden='true' data-av_icon='\ue80a' data-av_iconfont='entypo-fontello'><\/span><\/div><article class=\"article-icon-entry \"  itemscope=\"itemscope\" itemtype=\"https:\/\/schema.org\/BlogPosting\" itemprop=\"blogPost\" ><div class='iconlist_content_wrap'><header class=\"entry-content-header\"><\/header><div class='iconlist_content  '  itemprop=\"text\"  ><p>Casa Asia, con la colaboraci\u00f3n de Eug\u00e8nia Balcells Foundation.<\/p>\n<\/div><\/div><footer class=\"entry-footer\"><\/footer><\/article><div class='iconlist-timeline'><\/div><\/li>\n<\/ul><\/div>\n<div   data-autoplay='false'  data-interval='5'  data-animation='slide'  class='avia-logo-element-container  avia-logo-slider avia-content-slider avia-smallarrow-slider avia-content-slider-active noHover avia-content-slider1 avia-content-slider-odd  avia-builder-el-4  el_after_av_iconlist  avia-builder-el-last  ' ><div class='avia-smallarrow-slider-heading  no-logo-slider-heading '><div class='new-special-heading'>&nbsp;<\/div><\/div><div class='avia-content-slider-inner'><div class='slide-entry-wrap' ><div  class='slide-entry flex_column no_margin post-entry slide-entry-overview slide-loop-1 slide-parity-odd  av_one_third first real-thumbnail'><span class='av-partner-fake-img' style='padding-bottom:60.606060606061%; background-image:url(https:\/\/asianfilmfestival.barcelona\/2021\/wp-content\/uploads\/2021\/10\/01-casa-asia_21_g.png);'><\/span><\/div><div  class='slide-entry flex_column no_margin post-entry slide-entry-overview slide-loop-2 slide-parity-even  post-entry-last  av_one_third  real-thumbnail'><span class='av-partner-fake-img' style='padding-bottom:60.606060606061%; background-image:url(https:\/\/asianfilmfestival.barcelona\/2021\/wp-content\/uploads\/2022\/02\/EBF-Roseta-oberta.jpg);'><\/span><\/div><\/div><\/div><\/div>\n","protected":false},"excerpt":{"rendered":"","protected":false},"author":8,"featured_media":38231,"comment_status":"closed","ping_status":"open","sticky":false,"template":"","format":"standard","meta":{"footnotes":""},"categories":[32],"tags":[],"class_list":["post-38240","post","type-post","status-publish","format-standard","has-post-thumbnail","hentry","category-noticias"],"yoast_head":"<!-- This site is optimized with the Yoast SEO plugin v27.4 - https:\/\/yoast.com\/product\/yoast-seo-wordpress\/ -->\n<title>Proyecci\u00f3n de la pel\u00edcula: \u00abCartas de Akyab\u00bb de Eug\u00e8nia Balcells - Asian Film Festival Barcelona<\/title>\n<meta name=\"robots\" content=\"index, follow, max-snippet:-1, max-image-preview:large, max-video-preview:-1\" \/>\n<link rel=\"canonical\" href=\"https:\/\/asianfilmfestival.barcelona\/2021\/es\/proyeccion-de-la-pelicula-cartas-de-akyab-de-eugenia-balcells\/\" \/>\n<meta property=\"og:locale\" content=\"es_ES\" \/>\n<meta property=\"og:type\" content=\"article\" \/>\n<meta property=\"og:title\" content=\"Proyecci\u00f3n de la pel\u00edcula: \u00abCartas de Akyab\u00bb de Eug\u00e8nia Balcells - Asian Film Festival Barcelona\" \/>\n<meta property=\"og:url\" content=\"https:\/\/asianfilmfestival.barcelona\/2021\/es\/proyeccion-de-la-pelicula-cartas-de-akyab-de-eugenia-balcells\/\" \/>\n<meta property=\"og:site_name\" content=\"Asian Film Festival Barcelona\" \/>\n<meta property=\"article:published_time\" content=\"2022-02-03T16:18:49+00:00\" \/>\n<meta property=\"article:modified_time\" content=\"2022-02-03T16:21:21+00:00\" \/>\n<meta property=\"og:image\" content=\"https:\/\/asianfilmfestival.barcelona\/2021\/wp-content\/uploads\/2022\/02\/cartes-akyab.jpg\" \/>\n\t<meta property=\"og:image:width\" content=\"1280\" \/>\n\t<meta property=\"og:image:height\" content=\"720\" \/>\n\t<meta property=\"og:image:type\" content=\"image\/jpeg\" \/>\n<meta name=\"author\" content=\"Asian Film Festival Barcelona\" \/>\n<meta name=\"twitter:card\" content=\"summary_large_image\" \/>\n<meta name=\"twitter:label1\" content=\"Escrito por\" \/>\n\t<meta name=\"twitter:data1\" content=\"Asian Film Festival Barcelona\" \/>\n\t<meta name=\"twitter:label2\" content=\"Tiempo de lectura\" \/>\n\t<meta name=\"twitter:data2\" content=\"3 minutos\" \/>\n<script type=\"application\/ld+json\" class=\"yoast-schema-graph\">{\"@context\":\"https:\\\/\\\/schema.org\",\"@graph\":[{\"@type\":\"Article\",\"@id\":\"https:\\\/\\\/asianfilmfestival.barcelona\\\/2021\\\/es\\\/proyeccion-de-la-pelicula-cartas-de-akyab-de-eugenia-balcells\\\/#article\",\"isPartOf\":{\"@id\":\"https:\\\/\\\/asianfilmfestival.barcelona\\\/2021\\\/es\\\/proyeccion-de-la-pelicula-cartas-de-akyab-de-eugenia-balcells\\\/\"},\"author\":{\"name\":\"Asian Film Festival Barcelona\",\"@id\":\"https:\\\/\\\/asianfilmfestival.barcelona\\\/2021\\\/#\\\/schema\\\/person\\\/86a1f3b7a536690d6c2c6d700ad93adb\"},\"headline\":\"Proyecci\u00f3n de la pel\u00edcula: \u00abCartas de Akyab\u00bb de Eug\u00e8nia Balcells\",\"datePublished\":\"2022-02-03T16:18:49+00:00\",\"dateModified\":\"2022-02-03T16:21:21+00:00\",\"mainEntityOfPage\":{\"@id\":\"https:\\\/\\\/asianfilmfestival.barcelona\\\/2021\\\/es\\\/proyeccion-de-la-pelicula-cartas-de-akyab-de-eugenia-balcells\\\/\"},\"wordCount\":862,\"image\":{\"@id\":\"https:\\\/\\\/asianfilmfestival.barcelona\\\/2021\\\/es\\\/proyeccion-de-la-pelicula-cartas-de-akyab-de-eugenia-balcells\\\/#primaryimage\"},\"thumbnailUrl\":\"https:\\\/\\\/asianfilmfestival.barcelona\\\/2021\\\/wp-content\\\/uploads\\\/2022\\\/02\\\/cartes-akyab.jpg\",\"articleSection\":[\"Noticias\"],\"inLanguage\":\"es\"},{\"@type\":\"WebPage\",\"@id\":\"https:\\\/\\\/asianfilmfestival.barcelona\\\/2021\\\/es\\\/proyeccion-de-la-pelicula-cartas-de-akyab-de-eugenia-balcells\\\/\",\"url\":\"https:\\\/\\\/asianfilmfestival.barcelona\\\/2021\\\/es\\\/proyeccion-de-la-pelicula-cartas-de-akyab-de-eugenia-balcells\\\/\",\"name\":\"Proyecci\u00f3n de la pel\u00edcula: \u00abCartas de Akyab\u00bb de Eug\u00e8nia Balcells - Asian Film Festival Barcelona\",\"isPartOf\":{\"@id\":\"https:\\\/\\\/asianfilmfestival.barcelona\\\/2021\\\/#website\"},\"primaryImageOfPage\":{\"@id\":\"https:\\\/\\\/asianfilmfestival.barcelona\\\/2021\\\/es\\\/proyeccion-de-la-pelicula-cartas-de-akyab-de-eugenia-balcells\\\/#primaryimage\"},\"image\":{\"@id\":\"https:\\\/\\\/asianfilmfestival.barcelona\\\/2021\\\/es\\\/proyeccion-de-la-pelicula-cartas-de-akyab-de-eugenia-balcells\\\/#primaryimage\"},\"thumbnailUrl\":\"https:\\\/\\\/asianfilmfestival.barcelona\\\/2021\\\/wp-content\\\/uploads\\\/2022\\\/02\\\/cartes-akyab.jpg\",\"datePublished\":\"2022-02-03T16:18:49+00:00\",\"dateModified\":\"2022-02-03T16:21:21+00:00\",\"author\":{\"@id\":\"https:\\\/\\\/asianfilmfestival.barcelona\\\/2021\\\/#\\\/schema\\\/person\\\/86a1f3b7a536690d6c2c6d700ad93adb\"},\"breadcrumb\":{\"@id\":\"https:\\\/\\\/asianfilmfestival.barcelona\\\/2021\\\/es\\\/proyeccion-de-la-pelicula-cartas-de-akyab-de-eugenia-balcells\\\/#breadcrumb\"},\"inLanguage\":\"es\",\"potentialAction\":[{\"@type\":\"ReadAction\",\"target\":[\"https:\\\/\\\/asianfilmfestival.barcelona\\\/2021\\\/es\\\/proyeccion-de-la-pelicula-cartas-de-akyab-de-eugenia-balcells\\\/\"]}]},{\"@type\":\"ImageObject\",\"inLanguage\":\"es\",\"@id\":\"https:\\\/\\\/asianfilmfestival.barcelona\\\/2021\\\/es\\\/proyeccion-de-la-pelicula-cartas-de-akyab-de-eugenia-balcells\\\/#primaryimage\",\"url\":\"https:\\\/\\\/asianfilmfestival.barcelona\\\/2021\\\/wp-content\\\/uploads\\\/2022\\\/02\\\/cartes-akyab.jpg\",\"contentUrl\":\"https:\\\/\\\/asianfilmfestival.barcelona\\\/2021\\\/wp-content\\\/uploads\\\/2022\\\/02\\\/cartes-akyab.jpg\",\"width\":1280,\"height\":720},{\"@type\":\"BreadcrumbList\",\"@id\":\"https:\\\/\\\/asianfilmfestival.barcelona\\\/2021\\\/es\\\/proyeccion-de-la-pelicula-cartas-de-akyab-de-eugenia-balcells\\\/#breadcrumb\",\"itemListElement\":[{\"@type\":\"ListItem\",\"position\":1,\"name\":\"Home\",\"item\":\"https:\\\/\\\/asianfilmfestival.barcelona\\\/2021\\\/es\\\/\"},{\"@type\":\"ListItem\",\"position\":2,\"name\":\"Proyecci\u00f3n de la pel\u00edcula: \u00abCartas de Akyab\u00bb de Eug\u00e8nia Balcells\"}]},{\"@type\":\"WebSite\",\"@id\":\"https:\\\/\\\/asianfilmfestival.barcelona\\\/2021\\\/#website\",\"url\":\"https:\\\/\\\/asianfilmfestival.barcelona\\\/2021\\\/\",\"name\":\"Asian Film Festival Barcelona\",\"description\":\"2017\",\"potentialAction\":[{\"@type\":\"SearchAction\",\"target\":{\"@type\":\"EntryPoint\",\"urlTemplate\":\"https:\\\/\\\/asianfilmfestival.barcelona\\\/2021\\\/?s={search_term_string}\"},\"query-input\":{\"@type\":\"PropertyValueSpecification\",\"valueRequired\":true,\"valueName\":\"search_term_string\"}}],\"inLanguage\":\"es\"},{\"@type\":\"Person\",\"@id\":\"https:\\\/\\\/asianfilmfestival.barcelona\\\/2021\\\/#\\\/schema\\\/person\\\/86a1f3b7a536690d6c2c6d700ad93adb\",\"name\":\"Asian Film Festival Barcelona\",\"image\":{\"@type\":\"ImageObject\",\"inLanguage\":\"es\",\"@id\":\"https:\\\/\\\/secure.gravatar.com\\\/avatar\\\/2b70c89a32ff7923752020dbdcd7d17202d996fa13bbe4424cdbf22a297f3777?s=96&d=mm&r=g\",\"url\":\"https:\\\/\\\/secure.gravatar.com\\\/avatar\\\/2b70c89a32ff7923752020dbdcd7d17202d996fa13bbe4424cdbf22a297f3777?s=96&d=mm&r=g\",\"contentUrl\":\"https:\\\/\\\/secure.gravatar.com\\\/avatar\\\/2b70c89a32ff7923752020dbdcd7d17202d996fa13bbe4424cdbf22a297f3777?s=96&d=mm&r=g\",\"caption\":\"Asian Film Festival Barcelona\"}}]}<\/script>\n<!-- \/ Yoast SEO plugin. -->","yoast_head_json":{"title":"Proyecci\u00f3n de la pel\u00edcula: \u00abCartas de Akyab\u00bb de Eug\u00e8nia Balcells - Asian Film Festival Barcelona","robots":{"index":"index","follow":"follow","max-snippet":"max-snippet:-1","max-image-preview":"max-image-preview:large","max-video-preview":"max-video-preview:-1"},"canonical":"https:\/\/asianfilmfestival.barcelona\/2021\/es\/proyeccion-de-la-pelicula-cartas-de-akyab-de-eugenia-balcells\/","og_locale":"es_ES","og_type":"article","og_title":"Proyecci\u00f3n de la pel\u00edcula: \u00abCartas de Akyab\u00bb de Eug\u00e8nia Balcells - Asian Film Festival Barcelona","og_url":"https:\/\/asianfilmfestival.barcelona\/2021\/es\/proyeccion-de-la-pelicula-cartas-de-akyab-de-eugenia-balcells\/","og_site_name":"Asian Film Festival Barcelona","article_published_time":"2022-02-03T16:18:49+00:00","article_modified_time":"2022-02-03T16:21:21+00:00","og_image":[{"width":1280,"height":720,"url":"https:\/\/asianfilmfestival.barcelona\/2021\/wp-content\/uploads\/2022\/02\/cartes-akyab.jpg","type":"image\/jpeg"}],"author":"Asian Film Festival Barcelona","twitter_card":"summary_large_image","twitter_misc":{"Escrito por":"Asian Film Festival Barcelona","Tiempo de lectura":"3 minutos"},"schema":{"@context":"https:\/\/schema.org","@graph":[{"@type":"Article","@id":"https:\/\/asianfilmfestival.barcelona\/2021\/es\/proyeccion-de-la-pelicula-cartas-de-akyab-de-eugenia-balcells\/#article","isPartOf":{"@id":"https:\/\/asianfilmfestival.barcelona\/2021\/es\/proyeccion-de-la-pelicula-cartas-de-akyab-de-eugenia-balcells\/"},"author":{"name":"Asian Film Festival Barcelona","@id":"https:\/\/asianfilmfestival.barcelona\/2021\/#\/schema\/person\/86a1f3b7a536690d6c2c6d700ad93adb"},"headline":"Proyecci\u00f3n de la pel\u00edcula: \u00abCartas de Akyab\u00bb de Eug\u00e8nia Balcells","datePublished":"2022-02-03T16:18:49+00:00","dateModified":"2022-02-03T16:21:21+00:00","mainEntityOfPage":{"@id":"https:\/\/asianfilmfestival.barcelona\/2021\/es\/proyeccion-de-la-pelicula-cartas-de-akyab-de-eugenia-balcells\/"},"wordCount":862,"image":{"@id":"https:\/\/asianfilmfestival.barcelona\/2021\/es\/proyeccion-de-la-pelicula-cartas-de-akyab-de-eugenia-balcells\/#primaryimage"},"thumbnailUrl":"https:\/\/asianfilmfestival.barcelona\/2021\/wp-content\/uploads\/2022\/02\/cartes-akyab.jpg","articleSection":["Noticias"],"inLanguage":"es"},{"@type":"WebPage","@id":"https:\/\/asianfilmfestival.barcelona\/2021\/es\/proyeccion-de-la-pelicula-cartas-de-akyab-de-eugenia-balcells\/","url":"https:\/\/asianfilmfestival.barcelona\/2021\/es\/proyeccion-de-la-pelicula-cartas-de-akyab-de-eugenia-balcells\/","name":"Proyecci\u00f3n de la pel\u00edcula: \u00abCartas de Akyab\u00bb de Eug\u00e8nia Balcells - Asian Film Festival Barcelona","isPartOf":{"@id":"https:\/\/asianfilmfestival.barcelona\/2021\/#website"},"primaryImageOfPage":{"@id":"https:\/\/asianfilmfestival.barcelona\/2021\/es\/proyeccion-de-la-pelicula-cartas-de-akyab-de-eugenia-balcells\/#primaryimage"},"image":{"@id":"https:\/\/asianfilmfestival.barcelona\/2021\/es\/proyeccion-de-la-pelicula-cartas-de-akyab-de-eugenia-balcells\/#primaryimage"},"thumbnailUrl":"https:\/\/asianfilmfestival.barcelona\/2021\/wp-content\/uploads\/2022\/02\/cartes-akyab.jpg","datePublished":"2022-02-03T16:18:49+00:00","dateModified":"2022-02-03T16:21:21+00:00","author":{"@id":"https:\/\/asianfilmfestival.barcelona\/2021\/#\/schema\/person\/86a1f3b7a536690d6c2c6d700ad93adb"},"breadcrumb":{"@id":"https:\/\/asianfilmfestival.barcelona\/2021\/es\/proyeccion-de-la-pelicula-cartas-de-akyab-de-eugenia-balcells\/#breadcrumb"},"inLanguage":"es","potentialAction":[{"@type":"ReadAction","target":["https:\/\/asianfilmfestival.barcelona\/2021\/es\/proyeccion-de-la-pelicula-cartas-de-akyab-de-eugenia-balcells\/"]}]},{"@type":"ImageObject","inLanguage":"es","@id":"https:\/\/asianfilmfestival.barcelona\/2021\/es\/proyeccion-de-la-pelicula-cartas-de-akyab-de-eugenia-balcells\/#primaryimage","url":"https:\/\/asianfilmfestival.barcelona\/2021\/wp-content\/uploads\/2022\/02\/cartes-akyab.jpg","contentUrl":"https:\/\/asianfilmfestival.barcelona\/2021\/wp-content\/uploads\/2022\/02\/cartes-akyab.jpg","width":1280,"height":720},{"@type":"BreadcrumbList","@id":"https:\/\/asianfilmfestival.barcelona\/2021\/es\/proyeccion-de-la-pelicula-cartas-de-akyab-de-eugenia-balcells\/#breadcrumb","itemListElement":[{"@type":"ListItem","position":1,"name":"Home","item":"https:\/\/asianfilmfestival.barcelona\/2021\/es\/"},{"@type":"ListItem","position":2,"name":"Proyecci\u00f3n de la pel\u00edcula: \u00abCartas de Akyab\u00bb de Eug\u00e8nia Balcells"}]},{"@type":"WebSite","@id":"https:\/\/asianfilmfestival.barcelona\/2021\/#website","url":"https:\/\/asianfilmfestival.barcelona\/2021\/","name":"Asian Film Festival Barcelona","description":"2017","potentialAction":[{"@type":"SearchAction","target":{"@type":"EntryPoint","urlTemplate":"https:\/\/asianfilmfestival.barcelona\/2021\/?s={search_term_string}"},"query-input":{"@type":"PropertyValueSpecification","valueRequired":true,"valueName":"search_term_string"}}],"inLanguage":"es"},{"@type":"Person","@id":"https:\/\/asianfilmfestival.barcelona\/2021\/#\/schema\/person\/86a1f3b7a536690d6c2c6d700ad93adb","name":"Asian Film Festival Barcelona","image":{"@type":"ImageObject","inLanguage":"es","@id":"https:\/\/secure.gravatar.com\/avatar\/2b70c89a32ff7923752020dbdcd7d17202d996fa13bbe4424cdbf22a297f3777?s=96&d=mm&r=g","url":"https:\/\/secure.gravatar.com\/avatar\/2b70c89a32ff7923752020dbdcd7d17202d996fa13bbe4424cdbf22a297f3777?s=96&d=mm&r=g","contentUrl":"https:\/\/secure.gravatar.com\/avatar\/2b70c89a32ff7923752020dbdcd7d17202d996fa13bbe4424cdbf22a297f3777?s=96&d=mm&r=g","caption":"Asian Film Festival Barcelona"}}]}},"_links":{"self":[{"href":"https:\/\/asianfilmfestival.barcelona\/2021\/es\/wp-json\/wp\/v2\/posts\/38240","targetHints":{"allow":["GET"]}}],"collection":[{"href":"https:\/\/asianfilmfestival.barcelona\/2021\/es\/wp-json\/wp\/v2\/posts"}],"about":[{"href":"https:\/\/asianfilmfestival.barcelona\/2021\/es\/wp-json\/wp\/v2\/types\/post"}],"author":[{"embeddable":true,"href":"https:\/\/asianfilmfestival.barcelona\/2021\/es\/wp-json\/wp\/v2\/users\/8"}],"replies":[{"embeddable":true,"href":"https:\/\/asianfilmfestival.barcelona\/2021\/es\/wp-json\/wp\/v2\/comments?post=38240"}],"version-history":[{"count":4,"href":"https:\/\/asianfilmfestival.barcelona\/2021\/es\/wp-json\/wp\/v2\/posts\/38240\/revisions"}],"predecessor-version":[{"id":38256,"href":"https:\/\/asianfilmfestival.barcelona\/2021\/es\/wp-json\/wp\/v2\/posts\/38240\/revisions\/38256"}],"wp:featuredmedia":[{"embeddable":true,"href":"https:\/\/asianfilmfestival.barcelona\/2021\/es\/wp-json\/wp\/v2\/media\/38231"}],"wp:attachment":[{"href":"https:\/\/asianfilmfestival.barcelona\/2021\/es\/wp-json\/wp\/v2\/media?parent=38240"}],"wp:term":[{"taxonomy":"category","embeddable":true,"href":"https:\/\/asianfilmfestival.barcelona\/2021\/es\/wp-json\/wp\/v2\/categories?post=38240"},{"taxonomy":"post_tag","embeddable":true,"href":"https:\/\/asianfilmfestival.barcelona\/2021\/es\/wp-json\/wp\/v2\/tags?post=38240"}],"curies":[{"name":"wp","href":"https:\/\/api.w.org\/{rel}","templated":true}]}}