{"id":32514,"date":"2021-08-05T17:57:22","date_gmt":"2021-08-05T15:57:22","guid":{"rendered":"https:\/\/asianfilmfestival.barcelona\/2021\/?p=30637"},"modified":"2021-10-05T17:58:55","modified_gmt":"2021-10-05T15:58:55","slug":"encuentro-con-zara-razi-majid-majidi-director-de-hijos-del-sol","status":"publish","type":"post","link":"https:\/\/asianfilmfestival.barcelona\/2021\/es\/encuentro-con-zara-razi-majid-majidi-director-de-hijos-del-sol\/","title":{"rendered":"Encuentro con Zara Razi: \u00abMajid Majidi, Director de Hijos del Sol\u00bb"},"content":{"rendered":"<div  class='avia-image-container  av-styling-    avia-builder-el-0  el_before_av_textblock  avia-builder-el-first  avia-align-center '  itemprop=\"image\" itemscope=\"itemscope\" itemtype=\"https:\/\/schema.org\/ImageObject\"  ><div class='avia-image-container-inner'><div class='avia-image-overlay-wrap'><img decoding=\"async\" class='wp-image-0 avia-img-lazy-loading-not-0 avia_image' src=\"https:\/\/asianfilmfestival.barcelona\/2021\/wp-content\/uploads\/2021\/08\/LOS-HIJOS-DEL-SOL-4-1.jpg\" alt='' title=''   itemprop=\"thumbnailUrl\"  \/><\/div><\/div><\/div>\n<section class=\"av_textblock_section \"  itemscope=\"itemscope\" itemtype=\"https:\/\/schema.org\/BlogPosting\" itemprop=\"blogPost\" ><div class='avia_textblock  '   itemprop=\"text\" ><h1 class=\"entry-title fusion-responsive-typography-calculated\" style=\"text-align: center;\" data-fontsize=\"50\" data-lineheight=\"normal\">Encuentro con Zara Razi: \u00abMajid Majidi, Director de <em>Hijos del Sol<\/em>\u00bb<\/h1>\n<\/div><\/section>\n<section class=\"av_textblock_section \"  itemscope=\"itemscope\" itemtype=\"https:\/\/schema.org\/BlogPosting\" itemprop=\"blogPost\" ><div class='avia_textblock  '   itemprop=\"text\" ><p><strong>Casa Asia Realiza este encuentro con Zara Razi con motivo del entreno en Espa\u00f1a de\u00a0<em>Hijos del Sol<\/em>, pel\u00edcula dirigida por el director iran\u00ed Majid Majidi, ganador del Premio\u00a0<em>La Linterna M\u00e1gica<\/em>\u00a0en el Festival de cine de Venecia. La pel\u00edcula est\u00e1 reci\u00e9n estrenada en Espa\u00f1a de la mano de Caramel Films.<\/strong><br \/>\n\u00ab<strong><em>Hijos del Sol\u00a0<\/em><\/strong>es la historia de unos ni\u00f1os que se ven obligados a trabajar para mantener a sus familias. Hasta la fecha, hay 152 millones de ni\u00f1os en esta situaci\u00f3n. Las organizaciones internacionales est\u00e1n librando una lucha desesperada para ayudar a unos j\u00f3venes que est\u00e1n sometidos a abusos y carecen del derecho humano a la educaci\u00f3n.\u00bb<br \/>\nAli, el protagonista, y sus tres amigos trabajan duro para sobrevivir y mantener a sus familias, haciendo peque\u00f1os trabajos en un garaje y cometiendo delitos menores para ganar dinero r\u00e1pidamente. En un giro de los acontecimientos que parece milagroso, encargan a Ali la misi\u00f3n de encontrar un tesoro escondido bajo tierra.<br \/>\nEl director\u00a0<strong>Majid Majidi<\/strong>\u00a0naci\u00f3 en Teher\u00e1n en 1959, y forma parte de la Nueva Ola de realizadores iran\u00edes que surgieron tras la Revoluci\u00f3n isl\u00e1mica. Nacido en una familia de clase media, desde peque\u00f1o demostr\u00f3 su inter\u00e9s por la actuaci\u00f3n. Su pel\u00edcula\u00a0<em><strong>Children of Heaven<\/strong><\/em>\u00a0(1997), se convirti\u00f3 en la primera pel\u00edcula procedente de Ir\u00e1n en recibir la nominaci\u00f3n a Mejor Pel\u00edcula de habla no inglesa en los Premios Oscar.<\/p>\n<p><strong>Zara Razi<\/strong>\u00a0es la presidenta de la Asociaci\u00f3n cinematogr\u00e1fica Hispano Persa, que desde 2016 tiene como objetivo dar a conocer al cine iran\u00ed en Espa\u00f1a y Am\u00e9rica Latina. Es doctora en periodismo por la Universidad Complutense de Madrid, y ha cursado un m\u00e1ster en Comunicaci\u00f3n Social en esta misma universidad, y otro en la Universidad Central de Venezuela. Su tesis doctoral ha sido sobre cine iran\u00ed, tema sobre el que ha escrito varios textos y ha organizado seminarios como el webinario\u00a0<em>Una mirada al cine de Majid Majidi<\/em>, que ha tenido lugar recientemente con la colaboraci\u00f3n de Casa Asia.<\/p>\n<p>Presenta y modera:<br \/>\n<strong>Menene Gras Balaguer<\/strong>, directora de Cultura y Exposiciones de Casa Asia.<\/p>\n<\/div><\/section>\n<div  class='avia-icon-list-container   avia-builder-el-3  el_after_av_textblock  el_before_av_partner '><ul class='avia-icon-list avia-icon-list-left av-iconlist-big avia_animate_when_almost_visible avia-iconlist-animate'>\n<li><div  class='iconlist_icon  avia-font-entypo-fontello'><span class='iconlist-char ' aria-hidden='true' data-av_icon='\ue85b' data-av_iconfont='entypo-fontello'><\/span><\/div><article class=\"article-icon-entry \"  itemscope=\"itemscope\" itemtype=\"https:\/\/schema.org\/BlogPosting\" itemprop=\"blogPost\" ><div class='iconlist_content_wrap'><header class=\"entry-content-header\"><\/header><div class='iconlist_content  '  itemprop=\"text\"  ><p>19\/05\/2021<\/p>\n<\/div><\/div><footer class=\"entry-footer\"><\/footer><\/article><div class='iconlist-timeline'><\/div><\/li>\n<li><div  class='iconlist_icon  avia-font-entypo-fontello'><span class='iconlist-char ' aria-hidden='true' data-av_icon='\ue862' data-av_iconfont='entypo-fontello'><\/span><\/div><article class=\"article-icon-entry \"  itemscope=\"itemscope\" itemtype=\"https:\/\/schema.org\/BlogPosting\" itemprop=\"blogPost\" ><div class='iconlist_content_wrap'><header class=\"entry-content-header\"><\/header><div class='iconlist_content  '  itemprop=\"text\"  ><p>Mi\u00e9rcoles 19 de mayo a las 19.00h CEST<\/p>\n<\/div><\/div><footer class=\"entry-footer\"><\/footer><\/article><div class='iconlist-timeline'><\/div><\/li>\n<li><div  class='iconlist_icon  avia-font-entypo-fontello'><span class='iconlist-char ' aria-hidden='true' data-av_icon='\ue842' data-av_iconfont='entypo-fontello'><\/span><\/div><article class=\"article-icon-entry \"  itemscope=\"itemscope\" itemtype=\"https:\/\/schema.org\/BlogPosting\" itemprop=\"blogPost\" ><div class='iconlist_content_wrap'><header class=\"entry-content-header\"><\/header><div class='iconlist_content  '  itemprop=\"text\"  ><p>Online. 24 horas antes del acto las personas inscritas recibir\u00e1n la informaci\u00f3n necesaria para acceder.<\/p>\n<\/div><\/div><footer class=\"entry-footer\"><\/footer><\/article><div class='iconlist-timeline'><\/div><\/li>\n<li><div  class='iconlist_icon  avia-font-entypo-fontello'><span class='iconlist-char ' aria-hidden='true' data-av_icon='\ue8cb' data-av_iconfont='entypo-fontello'><\/span><\/div><article class=\"article-icon-entry \"  itemscope=\"itemscope\" itemtype=\"https:\/\/schema.org\/BlogPosting\" itemprop=\"blogPost\" ><div class='iconlist_content_wrap'><header class=\"entry-content-header\"><\/header><div class='iconlist_content  '  itemprop=\"text\"  ><p>Actividad gratuita<\/p>\n<\/div><\/div><footer class=\"entry-footer\"><\/footer><\/article><div class='iconlist-timeline'><\/div><\/li>\n<li><div  class='iconlist_icon  avia-font-entypo-fontello'><span class='iconlist-char ' aria-hidden='true' data-av_icon='\ue80a' data-av_iconfont='entypo-fontello'><\/span><\/div><article class=\"article-icon-entry \"  itemscope=\"itemscope\" itemtype=\"https:\/\/schema.org\/BlogPosting\" itemprop=\"blogPost\" ><div class='iconlist_content_wrap'><header class=\"entry-content-header\"><\/header><div class='iconlist_content  '  itemprop=\"text\"  ><p>Casa Asia, con la colaboraci\u00f3n de Caramel Films, Consejer\u00eda Cultural de la Embajada de Ir\u00e1n en Espa\u00f1a y CineAsia<\/p>\n<\/div><\/div><footer class=\"entry-footer\"><\/footer><\/article><div class='iconlist-timeline'><\/div><\/li>\n<\/ul><\/div>\n<div   data-autoplay='false'  data-interval='5'  data-animation='slide'  class='avia-logo-element-container  avia-logo-slider avia-content-slider avia-smallarrow-slider avia-content-slider-active noHover avia-content-slider1 avia-content-slider-odd  avia-builder-el-4  el_after_av_iconlist  avia-builder-el-last  ' ><div class='avia-smallarrow-slider-heading  no-logo-slider-heading '><div class='new-special-heading'>&nbsp;<\/div><\/div><div class='avia-content-slider-inner'><div class='slide-entry-wrap' ><div  class='slide-entry flex_column no_margin post-entry slide-entry-overview slide-loop-1 slide-parity-odd  av_one_third first real-thumbnail'><\/div><div  class='slide-entry flex_column no_margin post-entry slide-entry-overview slide-loop-2 slide-parity-even  av_one_third  real-thumbnail'><\/div><div  class='slide-entry flex_column no_margin post-entry slide-entry-overview slide-loop-3 slide-parity-odd  post-entry-last  av_one_third  real-thumbnail'><\/div><\/div><\/div><\/div>\n","protected":false},"excerpt":{"rendered":"","protected":false},"author":8,"featured_media":0,"comment_status":"closed","ping_status":"open","sticky":false,"template":"","format":"standard","meta":{"footnotes":""},"categories":[32],"tags":[],"class_list":["post-32514","post","type-post","status-publish","format-standard","hentry","category-noticias"],"yoast_head":"<!-- This site is optimized with the Yoast SEO plugin v27.4 - https:\/\/yoast.com\/product\/yoast-seo-wordpress\/ -->\n<title>Encuentro con Zara Razi: \u00abMajid Majidi, Director de Hijos del Sol\u00bb - Asian Film Festival Barcelona<\/title>\n<meta name=\"description\" content=\"Casa Asia Realiza este encuentro con Zara Razi con motivo del entreno en Espa\u00f1a de\u00a0Hijos del Sol, pel\u00edcula dirigida por el director iran\u00ed Majid Majidi, ganador del Premio\u00a0La Linterna M\u00e1gica\u00a0en el Festival de cine de Venecia. La pel\u00edcula est\u00e1 reci\u00e9n estrenada en Espa\u00f1a de la mano de Caramel Films.\" \/>\n<meta name=\"robots\" content=\"index, follow, max-snippet:-1, max-image-preview:large, max-video-preview:-1\" \/>\n<link rel=\"canonical\" href=\"https:\/\/asianfilmfestival.barcelona\/2021\/es\/encuentro-con-zara-razi-majid-majidi-director-de-hijos-del-sol\/\" \/>\n<meta property=\"og:locale\" content=\"es_ES\" \/>\n<meta property=\"og:type\" content=\"article\" \/>\n<meta property=\"og:title\" content=\"Encuentro con Zara Razi: \u00abMajid Majidi, Director de Hijos del Sol\u00bb - Asian Film Festival Barcelona\" \/>\n<meta property=\"og:description\" content=\"Casa Asia Realiza este encuentro con Zara Razi con motivo del entreno en Espa\u00f1a de\u00a0Hijos del Sol, pel\u00edcula dirigida por el director iran\u00ed Majid Majidi, ganador del Premio\u00a0La Linterna M\u00e1gica\u00a0en el Festival de cine de Venecia. La pel\u00edcula est\u00e1 reci\u00e9n estrenada en Espa\u00f1a de la mano de Caramel Films.\" \/>\n<meta property=\"og:url\" content=\"https:\/\/asianfilmfestival.barcelona\/2021\/es\/encuentro-con-zara-razi-majid-majidi-director-de-hijos-del-sol\/\" \/>\n<meta property=\"og:site_name\" content=\"Asian Film Festival Barcelona\" \/>\n<meta property=\"article:published_time\" content=\"2021-08-05T15:57:22+00:00\" \/>\n<meta property=\"article:modified_time\" content=\"2021-10-05T15:58:55+00:00\" \/>\n<meta name=\"author\" content=\"Asian Film Festival Barcelona\" \/>\n<meta name=\"twitter:card\" content=\"summary_large_image\" \/>\n<meta name=\"twitter:label1\" content=\"Escrito por\" \/>\n\t<meta name=\"twitter:data1\" content=\"Asian Film Festival Barcelona\" \/>\n<script type=\"application\/ld+json\" class=\"yoast-schema-graph\">{\"@context\":\"https:\\\/\\\/schema.org\",\"@graph\":[{\"@type\":\"Article\",\"@id\":\"https:\\\/\\\/asianfilmfestival.barcelona\\\/2021\\\/es\\\/encuentro-con-zara-razi-majid-majidi-director-de-hijos-del-sol\\\/#article\",\"isPartOf\":{\"@id\":\"https:\\\/\\\/asianfilmfestival.barcelona\\\/2021\\\/es\\\/encuentro-con-zara-razi-majid-majidi-director-de-hijos-del-sol\\\/\"},\"author\":{\"name\":\"Asian Film Festival Barcelona\",\"@id\":\"https:\\\/\\\/asianfilmfestival.barcelona\\\/2021\\\/#\\\/schema\\\/person\\\/86a1f3b7a536690d6c2c6d700ad93adb\"},\"headline\":\"Encuentro con Zara Razi: \u00abMajid Majidi, Director de Hijos del Sol\u00bb\",\"datePublished\":\"2021-08-05T15:57:22+00:00\",\"dateModified\":\"2021-10-05T15:58:55+00:00\",\"mainEntityOfPage\":{\"@id\":\"https:\\\/\\\/asianfilmfestival.barcelona\\\/2021\\\/es\\\/encuentro-con-zara-razi-majid-majidi-director-de-hijos-del-sol\\\/\"},\"wordCount\":770,\"articleSection\":[\"Noticias\"],\"inLanguage\":\"es\"},{\"@type\":\"WebPage\",\"@id\":\"https:\\\/\\\/asianfilmfestival.barcelona\\\/2021\\\/es\\\/encuentro-con-zara-razi-majid-majidi-director-de-hijos-del-sol\\\/\",\"url\":\"https:\\\/\\\/asianfilmfestival.barcelona\\\/2021\\\/es\\\/encuentro-con-zara-razi-majid-majidi-director-de-hijos-del-sol\\\/\",\"name\":\"Encuentro con Zara Razi: \u00abMajid Majidi, Director de Hijos del Sol\u00bb - Asian Film Festival Barcelona\",\"isPartOf\":{\"@id\":\"https:\\\/\\\/asianfilmfestival.barcelona\\\/2021\\\/#website\"},\"datePublished\":\"2021-08-05T15:57:22+00:00\",\"dateModified\":\"2021-10-05T15:58:55+00:00\",\"author\":{\"@id\":\"https:\\\/\\\/asianfilmfestival.barcelona\\\/2021\\\/#\\\/schema\\\/person\\\/86a1f3b7a536690d6c2c6d700ad93adb\"},\"description\":\"Casa Asia Realiza este encuentro con Zara Razi con motivo del entreno en Espa\u00f1a de\u00a0Hijos del Sol, pel\u00edcula dirigida por el director iran\u00ed Majid Majidi, ganador del Premio\u00a0La Linterna M\u00e1gica\u00a0en el Festival de cine de Venecia. La pel\u00edcula est\u00e1 reci\u00e9n estrenada en Espa\u00f1a de la mano de Caramel Films.\",\"breadcrumb\":{\"@id\":\"https:\\\/\\\/asianfilmfestival.barcelona\\\/2021\\\/es\\\/encuentro-con-zara-razi-majid-majidi-director-de-hijos-del-sol\\\/#breadcrumb\"},\"inLanguage\":\"es\",\"potentialAction\":[{\"@type\":\"ReadAction\",\"target\":[\"https:\\\/\\\/asianfilmfestival.barcelona\\\/2021\\\/es\\\/encuentro-con-zara-razi-majid-majidi-director-de-hijos-del-sol\\\/\"]}]},{\"@type\":\"BreadcrumbList\",\"@id\":\"https:\\\/\\\/asianfilmfestival.barcelona\\\/2021\\\/es\\\/encuentro-con-zara-razi-majid-majidi-director-de-hijos-del-sol\\\/#breadcrumb\",\"itemListElement\":[{\"@type\":\"ListItem\",\"position\":1,\"name\":\"Home\",\"item\":\"https:\\\/\\\/asianfilmfestival.barcelona\\\/2021\\\/es\\\/\"},{\"@type\":\"ListItem\",\"position\":2,\"name\":\"Encuentro con Zara Razi: \u00abMajid Majidi, Director de Hijos del Sol\u00bb\"}]},{\"@type\":\"WebSite\",\"@id\":\"https:\\\/\\\/asianfilmfestival.barcelona\\\/2021\\\/#website\",\"url\":\"https:\\\/\\\/asianfilmfestival.barcelona\\\/2021\\\/\",\"name\":\"Asian Film Festival Barcelona\",\"description\":\"2017\",\"potentialAction\":[{\"@type\":\"SearchAction\",\"target\":{\"@type\":\"EntryPoint\",\"urlTemplate\":\"https:\\\/\\\/asianfilmfestival.barcelona\\\/2021\\\/?s={search_term_string}\"},\"query-input\":{\"@type\":\"PropertyValueSpecification\",\"valueRequired\":true,\"valueName\":\"search_term_string\"}}],\"inLanguage\":\"es\"},{\"@type\":\"Person\",\"@id\":\"https:\\\/\\\/asianfilmfestival.barcelona\\\/2021\\\/#\\\/schema\\\/person\\\/86a1f3b7a536690d6c2c6d700ad93adb\",\"name\":\"Asian Film Festival Barcelona\",\"image\":{\"@type\":\"ImageObject\",\"inLanguage\":\"es\",\"@id\":\"https:\\\/\\\/secure.gravatar.com\\\/avatar\\\/2b70c89a32ff7923752020dbdcd7d17202d996fa13bbe4424cdbf22a297f3777?s=96&d=mm&r=g\",\"url\":\"https:\\\/\\\/secure.gravatar.com\\\/avatar\\\/2b70c89a32ff7923752020dbdcd7d17202d996fa13bbe4424cdbf22a297f3777?s=96&d=mm&r=g\",\"contentUrl\":\"https:\\\/\\\/secure.gravatar.com\\\/avatar\\\/2b70c89a32ff7923752020dbdcd7d17202d996fa13bbe4424cdbf22a297f3777?s=96&d=mm&r=g\",\"caption\":\"Asian Film Festival Barcelona\"}}]}<\/script>\n<!-- \/ Yoast SEO plugin. -->","yoast_head_json":{"title":"Encuentro con Zara Razi: \u00abMajid Majidi, Director de Hijos del Sol\u00bb - Asian Film Festival Barcelona","description":"Casa Asia Realiza este encuentro con Zara Razi con motivo del entreno en Espa\u00f1a de\u00a0Hijos del Sol, pel\u00edcula dirigida por el director iran\u00ed Majid Majidi, ganador del Premio\u00a0La Linterna M\u00e1gica\u00a0en el Festival de cine de Venecia. La pel\u00edcula est\u00e1 reci\u00e9n estrenada en Espa\u00f1a de la mano de Caramel Films.","robots":{"index":"index","follow":"follow","max-snippet":"max-snippet:-1","max-image-preview":"max-image-preview:large","max-video-preview":"max-video-preview:-1"},"canonical":"https:\/\/asianfilmfestival.barcelona\/2021\/es\/encuentro-con-zara-razi-majid-majidi-director-de-hijos-del-sol\/","og_locale":"es_ES","og_type":"article","og_title":"Encuentro con Zara Razi: \u00abMajid Majidi, Director de Hijos del Sol\u00bb - Asian Film Festival Barcelona","og_description":"Casa Asia Realiza este encuentro con Zara Razi con motivo del entreno en Espa\u00f1a de\u00a0Hijos del Sol, pel\u00edcula dirigida por el director iran\u00ed Majid Majidi, ganador del Premio\u00a0La Linterna M\u00e1gica\u00a0en el Festival de cine de Venecia. La pel\u00edcula est\u00e1 reci\u00e9n estrenada en Espa\u00f1a de la mano de Caramel Films.","og_url":"https:\/\/asianfilmfestival.barcelona\/2021\/es\/encuentro-con-zara-razi-majid-majidi-director-de-hijos-del-sol\/","og_site_name":"Asian Film Festival Barcelona","article_published_time":"2021-08-05T15:57:22+00:00","article_modified_time":"2021-10-05T15:58:55+00:00","author":"Asian Film Festival Barcelona","twitter_card":"summary_large_image","twitter_misc":{"Escrito por":"Asian Film Festival Barcelona"},"schema":{"@context":"https:\/\/schema.org","@graph":[{"@type":"Article","@id":"https:\/\/asianfilmfestival.barcelona\/2021\/es\/encuentro-con-zara-razi-majid-majidi-director-de-hijos-del-sol\/#article","isPartOf":{"@id":"https:\/\/asianfilmfestival.barcelona\/2021\/es\/encuentro-con-zara-razi-majid-majidi-director-de-hijos-del-sol\/"},"author":{"name":"Asian Film Festival Barcelona","@id":"https:\/\/asianfilmfestival.barcelona\/2021\/#\/schema\/person\/86a1f3b7a536690d6c2c6d700ad93adb"},"headline":"Encuentro con Zara Razi: \u00abMajid Majidi, Director de Hijos del Sol\u00bb","datePublished":"2021-08-05T15:57:22+00:00","dateModified":"2021-10-05T15:58:55+00:00","mainEntityOfPage":{"@id":"https:\/\/asianfilmfestival.barcelona\/2021\/es\/encuentro-con-zara-razi-majid-majidi-director-de-hijos-del-sol\/"},"wordCount":770,"articleSection":["Noticias"],"inLanguage":"es"},{"@type":"WebPage","@id":"https:\/\/asianfilmfestival.barcelona\/2021\/es\/encuentro-con-zara-razi-majid-majidi-director-de-hijos-del-sol\/","url":"https:\/\/asianfilmfestival.barcelona\/2021\/es\/encuentro-con-zara-razi-majid-majidi-director-de-hijos-del-sol\/","name":"Encuentro con Zara Razi: \u00abMajid Majidi, Director de Hijos del Sol\u00bb - Asian Film Festival Barcelona","isPartOf":{"@id":"https:\/\/asianfilmfestival.barcelona\/2021\/#website"},"datePublished":"2021-08-05T15:57:22+00:00","dateModified":"2021-10-05T15:58:55+00:00","author":{"@id":"https:\/\/asianfilmfestival.barcelona\/2021\/#\/schema\/person\/86a1f3b7a536690d6c2c6d700ad93adb"},"description":"Casa Asia Realiza este encuentro con Zara Razi con motivo del entreno en Espa\u00f1a de\u00a0Hijos del Sol, pel\u00edcula dirigida por el director iran\u00ed Majid Majidi, ganador del Premio\u00a0La Linterna M\u00e1gica\u00a0en el Festival de cine de Venecia. La pel\u00edcula est\u00e1 reci\u00e9n estrenada en Espa\u00f1a de la mano de Caramel Films.","breadcrumb":{"@id":"https:\/\/asianfilmfestival.barcelona\/2021\/es\/encuentro-con-zara-razi-majid-majidi-director-de-hijos-del-sol\/#breadcrumb"},"inLanguage":"es","potentialAction":[{"@type":"ReadAction","target":["https:\/\/asianfilmfestival.barcelona\/2021\/es\/encuentro-con-zara-razi-majid-majidi-director-de-hijos-del-sol\/"]}]},{"@type":"BreadcrumbList","@id":"https:\/\/asianfilmfestival.barcelona\/2021\/es\/encuentro-con-zara-razi-majid-majidi-director-de-hijos-del-sol\/#breadcrumb","itemListElement":[{"@type":"ListItem","position":1,"name":"Home","item":"https:\/\/asianfilmfestival.barcelona\/2021\/es\/"},{"@type":"ListItem","position":2,"name":"Encuentro con Zara Razi: \u00abMajid Majidi, Director de Hijos del Sol\u00bb"}]},{"@type":"WebSite","@id":"https:\/\/asianfilmfestival.barcelona\/2021\/#website","url":"https:\/\/asianfilmfestival.barcelona\/2021\/","name":"Asian Film Festival Barcelona","description":"2017","potentialAction":[{"@type":"SearchAction","target":{"@type":"EntryPoint","urlTemplate":"https:\/\/asianfilmfestival.barcelona\/2021\/?s={search_term_string}"},"query-input":{"@type":"PropertyValueSpecification","valueRequired":true,"valueName":"search_term_string"}}],"inLanguage":"es"},{"@type":"Person","@id":"https:\/\/asianfilmfestival.barcelona\/2021\/#\/schema\/person\/86a1f3b7a536690d6c2c6d700ad93adb","name":"Asian Film Festival Barcelona","image":{"@type":"ImageObject","inLanguage":"es","@id":"https:\/\/secure.gravatar.com\/avatar\/2b70c89a32ff7923752020dbdcd7d17202d996fa13bbe4424cdbf22a297f3777?s=96&d=mm&r=g","url":"https:\/\/secure.gravatar.com\/avatar\/2b70c89a32ff7923752020dbdcd7d17202d996fa13bbe4424cdbf22a297f3777?s=96&d=mm&r=g","contentUrl":"https:\/\/secure.gravatar.com\/avatar\/2b70c89a32ff7923752020dbdcd7d17202d996fa13bbe4424cdbf22a297f3777?s=96&d=mm&r=g","caption":"Asian Film Festival Barcelona"}}]}},"_links":{"self":[{"href":"https:\/\/asianfilmfestival.barcelona\/2021\/es\/wp-json\/wp\/v2\/posts\/32514","targetHints":{"allow":["GET"]}}],"collection":[{"href":"https:\/\/asianfilmfestival.barcelona\/2021\/es\/wp-json\/wp\/v2\/posts"}],"about":[{"href":"https:\/\/asianfilmfestival.barcelona\/2021\/es\/wp-json\/wp\/v2\/types\/post"}],"author":[{"embeddable":true,"href":"https:\/\/asianfilmfestival.barcelona\/2021\/es\/wp-json\/wp\/v2\/users\/8"}],"replies":[{"embeddable":true,"href":"https:\/\/asianfilmfestival.barcelona\/2021\/es\/wp-json\/wp\/v2\/comments?post=32514"}],"version-history":[{"count":2,"href":"https:\/\/asianfilmfestival.barcelona\/2021\/es\/wp-json\/wp\/v2\/posts\/32514\/revisions"}],"predecessor-version":[{"id":32697,"href":"https:\/\/asianfilmfestival.barcelona\/2021\/es\/wp-json\/wp\/v2\/posts\/32514\/revisions\/32697"}],"wp:attachment":[{"href":"https:\/\/asianfilmfestival.barcelona\/2021\/es\/wp-json\/wp\/v2\/media?parent=32514"}],"wp:term":[{"taxonomy":"category","embeddable":true,"href":"https:\/\/asianfilmfestival.barcelona\/2021\/es\/wp-json\/wp\/v2\/categories?post=32514"},{"taxonomy":"post_tag","embeddable":true,"href":"https:\/\/asianfilmfestival.barcelona\/2021\/es\/wp-json\/wp\/v2\/tags?post=32514"}],"curies":[{"name":"wp","href":"https:\/\/api.w.org\/{rel}","templated":true}]}}