{"id":32499,"date":"2021-08-04T14:29:20","date_gmt":"2021-08-04T12:29:20","guid":{"rendered":"https:\/\/asianfilmfestival.barcelona\/2021\/?p=30484"},"modified":"2021-10-05T18:25:50","modified_gmt":"2021-10-05T16:25:50","slug":"congreso-internacional-de-cine-irani-el-misticismo-en-el-cine-irani-una-mirada-a-las-obras-de-majid-majidi","status":"publish","type":"post","link":"https:\/\/asianfilmfestival.barcelona\/2021\/es\/congreso-internacional-de-cine-irani-el-misticismo-en-el-cine-irani-una-mirada-a-las-obras-de-majid-majidi\/","title":{"rendered":"Congreso Internacional de Cine Iran\u00ed: \u00abEl misticismo en el cine iran\u00ed: una mirada a las obras de Majid Majidi\u00bb"},"content":{"rendered":"<div  class='avia-image-container  av-styling-    avia-builder-el-0  el_before_av_textblock  avia-builder-el-first  avia-align-center '  itemprop=\"image\" itemscope=\"itemscope\" itemtype=\"https:\/\/schema.org\/ImageObject\"  ><div class='avia-image-container-inner'><div class='avia-image-overlay-wrap'><img decoding=\"async\" class='wp-image-32854 avia-img-lazy-loading-not-32854 avia_image' src=\"https:\/\/asianfilmfestival.barcelona\/2021\/wp-content\/uploads\/2021\/08\/Foto-Webinar-Cine-irani-2.jpg\" alt='' title='Foto-Webinar-Cine-irani' height=\"365\" width=\"550\"  itemprop=\"thumbnailUrl\" srcset=\"https:\/\/asianfilmfestival.barcelona\/2021\/wp-content\/uploads\/2021\/08\/Foto-Webinar-Cine-irani-2.jpg 550w, https:\/\/asianfilmfestival.barcelona\/2021\/wp-content\/uploads\/2021\/08\/Foto-Webinar-Cine-irani-2-300x199.jpg 300w\" sizes=\"(max-width: 550px) 100vw, 550px\" \/><\/div><\/div><\/div>\n<section class=\"av_textblock_section \"  itemscope=\"itemscope\" itemtype=\"https:\/\/schema.org\/BlogPosting\" itemprop=\"blogPost\" ><div class='avia_textblock  '   itemprop=\"text\" ><h1 style=\"text-align: center;\">Congreso Internacional de Cine Iran\u00ed: \u00abEl misticismo en el cine iran\u00ed: una mirada a las obras de Majid Majidi\u00bb<\/h1>\n<\/div><\/section>\n<section class=\"av_textblock_section \"  itemscope=\"itemscope\" itemtype=\"https:\/\/schema.org\/BlogPosting\" itemprop=\"blogPost\" ><div class='avia_textblock  '   itemprop=\"text\" ><p><strong>La Universidad Complutense de Madrid, la Consejer\u00eda Cultural de la Embajada de Ir\u00e1n, la Fundaci\u00f3n Cinematogr\u00e1fica Farabi y Casa Asia se unen en la celebraci\u00f3n del Sexto Congreso Internacional sobre cine iran\u00ed, \u00abEl misticismo en el cine iran\u00ed: una mirada a las obras de Majid Majidi\u00bb, que se celebrar\u00e1 del 23 al 25 de febrero en formato webinar. El Dr. Francisco Garc\u00eda Garc\u00eda es el director de este congreso que coordina la Dra. Zara Razi.<\/strong><\/p>\n<p>Este webinar contar\u00e1 con la presencia del director Majid Majidi (Teher\u00e1n, 1959), del que se proyectar\u00e1n online tres pel\u00edculas, ante el inter\u00e9s que suscita desde hace a\u00f1os su obra, as\u00ed como la industria cinematogr\u00e1fica de este pa\u00eds. Este director inici\u00f3 su carrera como actor de teatro, tras pasar por el Instituto de Arte Dram\u00e1tico de Teher\u00e1n. Posteriormente, tras su paso por la televisi\u00f3n, protagoniz\u00f3 pel\u00edculas de directores como Mohsen Makhmalbaf, aunque trat\u00f3 de compaginar su profesi\u00f3n con la direcci\u00f3n de varios cortos. Majid Majidi realiz\u00f3\u00a0<em>Baduk<\/em>, su primer largometraje, en 1991, que present\u00f3 en la Quincena de realizadores de Cannes en 1992. Desde entonces ha desarrollado una trayectoria comprometida con pel\u00edculas como\u00a0<em>El padre<\/em>\u00a0(1995), que se proyect\u00f3 en el Festival de Cine de San Sebasti\u00e1n, seguida de\u00a0<em>Ni\u00f1os del cielo<\/em>\u00a0(1997),\u00a0<em>El color del para\u00edso<\/em>\u00a0(1999), que gan\u00f3 los premios del Jurado de la Secci\u00f3n Oficial y Jurado Joven en el Festival Internacional de Cine de Gij\u00f3n, y\u00a0<em>Baran<\/em>\u00a0(2001). Ese mismo a\u00f1o rod\u00f3 el documental\u00a0<em>Descalzos hasta Herat<\/em>\u00a0(2001) sobre los campos de refugiados afganos. En 2005, estren\u00f3 su sexto largometraje,\u00a0<em>El sauce llor\u00f3n<\/em>, seguido de\u00a0<em>El Canto de los gorriones<\/em>\u00a0(2008), Oso de Plata de la Berlinale. En 2015, realiz\u00f3 Mahoma y en 2020\u00a0<em>The Sun<\/em>. Ha intervenido en los guiones de todas sus pel\u00edculas. Para este webinar se han reunido\u00a0<em>El color del para\u00edso<\/em>,\u00a0<em>El sauce llor\u00f3n<\/em>\u00a0y\u00a0<em>Baran<\/em>\u00a0que podr\u00e1n verse online.<\/p>\n<p><strong><a href=\"https:\/\/forms.gle\/BvgxuwhvDosyLTVa8\">Es imprescindible inscribirse aqu\u00ed<\/a><\/strong><br \/>\nDespu\u00e9s de la inscripci\u00f3n se env\u00eda el link de acceso al webinar.<br \/>\nM\u00e1s informaci\u00f3n:\u00a0<a href=\"mailto:asociacion.hispanopersa@gmail.com\"><strong>asociacion.hispanopersa@gmail.com<\/strong><\/a>\u00a0| (+34) 611 608 606<\/p>\n<p>\u00bfC\u00f3mo funciona el webinar?<br \/>\nLas pel\u00edculas se visionar\u00e1n por los asistentes antes del seminario a trav\u00e9s de los links ofrecidos m\u00e1s abajo. En el d\u00eda de webinar se realiza un coloquio e intercambio de opiniones.<br \/>\nEs necesario inscribirse para obtener el link de acceso y certificado\/ cr\u00e9ditos correspondientes.<br \/>\n<a href=\"https:\/\/cutt.ly\/3kwXqVU\"><em><strong>El color de para\u00edso<\/strong><\/em>\u00a0Majid Majidi<\/a><br \/>\n<a href=\"https:\/\/n9.cl\/uemqy\"><em><strong>El sauce llor\u00f3n<\/strong><\/em>\u00a0Majid Majidi<\/a><br \/>\n<a href=\"https:\/\/cutt.ly\/0kwVS9z\"><em><strong>Baran<\/strong><\/em>\u00a0Majid Majidi<\/a><\/p>\n<p><strong>Programa:<\/strong><\/p>\n<p><strong><em>Martes, 23 de febrero de 2021, de 10.30 h a 12.30 h (Espa\u00f1a) | de 13.00 a 15.00 h (Ir\u00e1n)<\/em><\/strong><br \/>\n<strong>Inauguraci\u00f3n<\/strong><br \/>\nDr. Jos\u00e9 Antonio Ruiz San Rom\u00e1n, vicedecano de Asuntos Internacionales de la UCM<br \/>\nDr. Entezami, viceministro de Cultura de Ir\u00e1n y Presidente de Organizaci\u00f3n Cinematogr\u00e1fica de Ir\u00e1n<br \/>\nDr. Mohammad Mahdi Ahmadi, consejero cultural de la Embajada de la R.I. de Ir\u00e1n.<br \/>\nDr. Tabesh, director general de la Fundaci\u00f3n Cinematogr\u00e1fica Farabi<br \/>\nDon. Javier Parrondo Babarro, director general de Casa Asia<br \/>\nDr. Francisco Garc\u00eda Garc\u00eda. CAPII. UCM, director del Seminario-Espa\u00f1a<br \/>\nDra. Menene Gras Balaguer, directora de Cultura y Exposiciones de Casa Asia<br \/>\nDra. Zara Razi, presidenta de la Asociaci\u00f3n Audiovisual Setareh- Espa\u00f1a<br \/>\nDon. Majid Majidi, director de cine iran\u00ed<br \/>\nDr. Joaqu\u00edn Rodr\u00edguez, traductor<br \/>\nDr. Damon Afkari, director t\u00e9cnico del webinar<\/p>\n<p><strong><em>Martes, 23 de febrero de 2021, de 17.00 h a 21.00 h (Espa\u00f1a) | de 19.30 h a 23.30 h (Ir\u00e1n)<\/em><\/strong><br \/>\n<strong>Presentaci\u00f3n y coloquio\u00a0<em>El color del para\u00edso<\/em><\/strong><br \/>\nDr. Francisco Garc\u00eda Garc\u00eda (Universidad Complutense de Madrid)<br \/>\nDra. Zara Razi (Asociaci\u00f3n Audiovisual Setareh- Espa\u00f1a)<br \/>\nDr. Bernardino Herrera (Universidad Central de Venezuela)<br \/>\nDr. Eduardo Llanos Melussa (Universidad Diego Portales de Chile)<br \/>\nDr. Jos\u00e9 Antonio Ruiz San Rom\u00e1n (Universidad Complutense de Madrid)<\/p>\n<p><strong><em>Mi\u00e9rcoles, 24 de febrero de 2021, de 17.00 h a 21.00 h (Espa\u00f1a) | de 19.30 h a 23.30 h (Ir\u00e1n)<\/em><\/strong><br \/>\n<strong>Presentaci\u00f3n y coloquio\u00a0<em>El sauce llor\u00f3n<\/em><\/strong><br \/>\nDr. Eduardo Llanos Melussa (Universidad Diego Portales de Chile)<br \/>\nDra. Ana Crespo (Escritora, Artista y profesora de JCCM)<br \/>\nDra. Zara Razi (Asociaci\u00f3n Audiovisual Setareh- Espa\u00f1a)<\/p>\n<p><strong><em>Jueves, 25 de febrero de 2021, de 17h a 21h (Espa\u00f1a) | de 19:30h a 23:30h (Ir\u00e1n)<\/em><\/strong><br \/>\n<strong>Presentaci\u00f3n y coloquio\u00a0<em>Baran<\/em><\/strong><br \/>\nDr. Francisco Jos\u00e9 Gil Ruiz (Universidad Francisco de Vitoria y UCM)<br \/>\nD\u00f1a. Paula Garra (Artista multimedia e investigadora)<\/p>\n<p><strong>Acto de clausura<\/strong><br \/>\nDra. Menene Gras Balaguer, Directora de Cultura y Exposiciones de Casa Asia y Directora de Asian Film Festival Barcelona<br \/>\nDr. Francisco Garc\u00eda Garc\u00eda (Universidad Complutense de Madrid)<br \/>\nDra. Zara Razi (Asociaci\u00f3n Audiovisual Setareh- Espa\u00f1a)<\/p>\n<\/div><\/section>\n<div  class='avia-icon-list-container   avia-builder-el-3  el_after_av_textblock  el_before_av_partner '><ul class='avia-icon-list avia-icon-list-left av-iconlist-big avia_animate_when_almost_visible avia-iconlist-animate'>\n<li><div  class='iconlist_icon  avia-font-entypo-fontello'><span class='iconlist-char ' aria-hidden='true' data-av_icon='\ue85b' data-av_iconfont='entypo-fontello'><\/span><\/div><article class=\"article-icon-entry \"  itemscope=\"itemscope\" itemtype=\"https:\/\/schema.org\/BlogPosting\" itemprop=\"blogPost\" ><div class='iconlist_content_wrap'><header class=\"entry-content-header\"><\/header><div class='iconlist_content  '  itemprop=\"text\"  ><p>23\/02\/2021<\/p>\n<\/div><\/div><footer class=\"entry-footer\"><\/footer><\/article><div class='iconlist-timeline'><\/div><\/li>\n<li><div  class='iconlist_icon  avia-font-entypo-fontello'><span class='iconlist-char ' aria-hidden='true' data-av_icon='\ue862' data-av_iconfont='entypo-fontello'><\/span><\/div><article class=\"article-icon-entry \"  itemscope=\"itemscope\" itemtype=\"https:\/\/schema.org\/BlogPosting\" itemprop=\"blogPost\" ><div class='iconlist_content_wrap'><header class=\"entry-content-header\"><\/header><div class='iconlist_content  '  itemprop=\"text\"  ><p>23 al 25 de febrero.<\/p>\n<\/div><\/div><footer class=\"entry-footer\"><\/footer><\/article><div class='iconlist-timeline'><\/div><\/li>\n<li><div  class='iconlist_icon  avia-font-entypo-fontello'><span class='iconlist-char ' aria-hidden='true' data-av_icon='\ue842' data-av_iconfont='entypo-fontello'><\/span><\/div><article class=\"article-icon-entry \"  itemscope=\"itemscope\" itemtype=\"https:\/\/schema.org\/BlogPosting\" itemprop=\"blogPost\" ><div class='iconlist_content_wrap'><header class=\"entry-content-header\"><\/header><div class='iconlist_content  '  itemprop=\"text\"  ><p>Online.<\/p>\n<\/div><\/div><footer class=\"entry-footer\"><\/footer><\/article><div class='iconlist-timeline'><\/div><\/li>\n<li><div  class='iconlist_icon  avia-font-entypo-fontello'><span class='iconlist-char ' aria-hidden='true' data-av_icon='\ue8cb' data-av_iconfont='entypo-fontello'><\/span><\/div><article class=\"article-icon-entry \"  itemscope=\"itemscope\" itemtype=\"https:\/\/schema.org\/BlogPosting\" itemprop=\"blogPost\" ><div class='iconlist_content_wrap'><header class=\"entry-content-header\"><\/header><div class='iconlist_content  '  itemprop=\"text\"  ><p>Actividad gratuita previa inscripci\u00f3n.<\/p>\n<\/div><\/div><footer class=\"entry-footer\"><\/footer><\/article><div class='iconlist-timeline'><\/div><\/li>\n<li><div  class='iconlist_icon  avia-font-entypo-fontello'><span class='iconlist-char ' aria-hidden='true' data-av_icon='\ue80a' data-av_iconfont='entypo-fontello'><\/span><\/div><article class=\"article-icon-entry \"  itemscope=\"itemscope\" itemtype=\"https:\/\/schema.org\/BlogPosting\" itemprop=\"blogPost\" ><div class='iconlist_content_wrap'><header class=\"entry-content-header\"><\/header><div class='iconlist_content  '  itemprop=\"text\"  ><p>Universidad Complutense de Madrid (UCM), Consejer\u00eda Cultural de la Embajada de Ir\u00e1n (Espa\u00f1a), Casa Asia, Fundaci\u00f3n Cinematogr\u00e1fica Farabi (Ir\u00e1n), Asociaci\u00f3n Audiovisual Hispano-Persa (SETAREH), Facultad de las Ciencias de la Informaci\u00f3n (Espa\u00f1a), Asociaci\u00f3n Cient\u00edfica.<\/p>\n<\/div><\/div><footer class=\"entry-footer\"><\/footer><\/article><div class='iconlist-timeline'><\/div><\/li>\n<\/ul><\/div>\n<div   data-autoplay='false'  data-interval='5'  data-animation='slide'  class='avia-logo-element-container  avia-logo-slider avia-content-slider avia-smallarrow-slider avia-content-slider-active noHover avia-content-slider1 avia-content-slider-odd  avia-builder-el-4  el_after_av_iconlist  avia-builder-el-last  ' ><div class='avia-smallarrow-slider-heading  no-logo-slider-heading '><div class='new-special-heading'>&nbsp;<\/div><div class='avia-slideshow-arrows avia-slideshow-controls'><a href='#prev' class='prev-slide' aria-hidden='true' data-av_icon='\ue87c' data-av_iconfont='entypo-fontello'>Anterior<\/a><a href='#next' class='next-slide' aria-hidden='true' data-av_icon='\ue87d' data-av_iconfont='entypo-fontello'>Posterior<\/a><\/div><\/div><div class='avia-content-slider-inner'><div class='slide-entry-wrap' ><div  class='slide-entry flex_column no_margin post-entry slide-entry-overview slide-loop-1 slide-parity-odd  av_one_third first real-thumbnail'><\/div><div  class='slide-entry flex_column no_margin post-entry slide-entry-overview slide-loop-2 slide-parity-even  av_one_third  real-thumbnail'><\/div><div  class='slide-entry flex_column no_margin post-entry slide-entry-overview slide-loop-3 slide-parity-odd  av_one_third  real-thumbnail'><\/div><\/div><div class='slide-entry-wrap' ><div  class='slide-entry flex_column no_margin post-entry slide-entry-overview slide-loop-4 slide-parity-odd  av_one_third first real-thumbnail'><\/div><div  class='slide-entry flex_column no_margin post-entry slide-entry-overview slide-loop-5 slide-parity-even  av_one_third  real-thumbnail'><\/div><div  class='slide-entry flex_column no_margin post-entry slide-entry-overview slide-loop-6 slide-parity-odd  post-entry-last  av_one_third  real-thumbnail'><\/div><\/div><\/div><\/div>\n","protected":false},"excerpt":{"rendered":"","protected":false},"author":8,"featured_media":32854,"comment_status":"closed","ping_status":"open","sticky":false,"template":"","format":"standard","meta":{"footnotes":""},"categories":[32],"tags":[],"class_list":["post-32499","post","type-post","status-publish","format-standard","has-post-thumbnail","hentry","category-noticias"],"yoast_head":"<!-- This site is optimized with the Yoast SEO plugin v27.4 - https:\/\/yoast.com\/product\/yoast-seo-wordpress\/ -->\n<title>Congreso Internacional de Cine Iran\u00ed: \u00abEl misticismo en el cine iran\u00ed: una mirada a las obras de Majid Majidi\u00bb - Asian Film Festival Barcelona<\/title>\n<meta name=\"description\" content=\"La Universidad Complutense de Madrid, la Consejer\u00eda Cultural de la Embajada de Ir\u00e1n, la Fundaci\u00f3n Cinematogr\u00e1fica Farabi y Casa Asia se unen en la celebraci\u00f3n del Sexto Congreso Internacional sobre cine iran\u00ed, \u00abEl misticismo en el cine iran\u00ed: una mirada a las obras de Majid Majidi\u00bb, que se celebrar\u00e1 del 23 al 25 de febrero en formato webinar. El Dr. Francisco Garc\u00eda Garc\u00eda es el director de este congreso que coordina la Dra. Zara Razi.\" \/>\n<meta name=\"robots\" content=\"index, follow, max-snippet:-1, max-image-preview:large, max-video-preview:-1\" \/>\n<link rel=\"canonical\" href=\"https:\/\/asianfilmfestival.barcelona\/2021\/es\/congreso-internacional-de-cine-irani-el-misticismo-en-el-cine-irani-una-mirada-a-las-obras-de-majid-majidi\/\" \/>\n<meta property=\"og:locale\" content=\"es_ES\" \/>\n<meta property=\"og:type\" content=\"article\" \/>\n<meta property=\"og:title\" content=\"Congreso Internacional de Cine Iran\u00ed: \u00abEl misticismo en el cine iran\u00ed: una mirada a las obras de Majid Majidi\u00bb - Asian Film Festival Barcelona\" \/>\n<meta property=\"og:description\" content=\"La Universidad Complutense de Madrid, la Consejer\u00eda Cultural de la Embajada de Ir\u00e1n, la Fundaci\u00f3n Cinematogr\u00e1fica Farabi y Casa Asia se unen en la celebraci\u00f3n del Sexto Congreso Internacional sobre cine iran\u00ed, \u00abEl misticismo en el cine iran\u00ed: una mirada a las obras de Majid Majidi\u00bb, que se celebrar\u00e1 del 23 al 25 de febrero en formato webinar. El Dr. Francisco Garc\u00eda Garc\u00eda es el director de este congreso que coordina la Dra. Zara Razi.\" \/>\n<meta property=\"og:url\" content=\"https:\/\/asianfilmfestival.barcelona\/2021\/es\/congreso-internacional-de-cine-irani-el-misticismo-en-el-cine-irani-una-mirada-a-las-obras-de-majid-majidi\/\" \/>\n<meta property=\"og:site_name\" content=\"Asian Film Festival Barcelona\" \/>\n<meta property=\"article:published_time\" content=\"2021-08-04T12:29:20+00:00\" \/>\n<meta property=\"article:modified_time\" content=\"2021-10-05T16:25:50+00:00\" \/>\n<meta property=\"og:image\" content=\"https:\/\/asianfilmfestival.barcelona\/2021\/wp-content\/uploads\/2021\/08\/Foto-Webinar-Cine-irani-2.jpg\" \/>\n\t<meta property=\"og:image:width\" content=\"550\" \/>\n\t<meta property=\"og:image:height\" content=\"365\" \/>\n\t<meta property=\"og:image:type\" content=\"image\/jpeg\" \/>\n<meta name=\"author\" content=\"Asian Film Festival Barcelona\" \/>\n<meta name=\"twitter:card\" content=\"summary_large_image\" \/>\n<meta name=\"twitter:label1\" content=\"Escrito por\" \/>\n\t<meta name=\"twitter:data1\" content=\"Asian Film Festival Barcelona\" \/>\n\t<meta name=\"twitter:label2\" content=\"Tiempo de lectura\" \/>\n\t<meta name=\"twitter:data2\" content=\"7 minutos\" \/>\n<script type=\"application\/ld+json\" class=\"yoast-schema-graph\">{\"@context\":\"https:\\\/\\\/schema.org\",\"@graph\":[{\"@type\":\"Article\",\"@id\":\"https:\\\/\\\/asianfilmfestival.barcelona\\\/2021\\\/es\\\/congreso-internacional-de-cine-irani-el-misticismo-en-el-cine-irani-una-mirada-a-las-obras-de-majid-majidi\\\/#article\",\"isPartOf\":{\"@id\":\"https:\\\/\\\/asianfilmfestival.barcelona\\\/2021\\\/es\\\/congreso-internacional-de-cine-irani-el-misticismo-en-el-cine-irani-una-mirada-a-las-obras-de-majid-majidi\\\/\"},\"author\":{\"name\":\"Asian Film Festival Barcelona\",\"@id\":\"https:\\\/\\\/asianfilmfestival.barcelona\\\/2021\\\/#\\\/schema\\\/person\\\/86a1f3b7a536690d6c2c6d700ad93adb\"},\"headline\":\"Congreso Internacional de Cine Iran\u00ed: \u00abEl misticismo en el cine iran\u00ed: una mirada a las obras de Majid Majidi\u00bb\",\"datePublished\":\"2021-08-04T12:29:20+00:00\",\"dateModified\":\"2021-10-05T16:25:50+00:00\",\"mainEntityOfPage\":{\"@id\":\"https:\\\/\\\/asianfilmfestival.barcelona\\\/2021\\\/es\\\/congreso-internacional-de-cine-irani-el-misticismo-en-el-cine-irani-una-mirada-a-las-obras-de-majid-majidi\\\/\"},\"wordCount\":1218,\"image\":{\"@id\":\"https:\\\/\\\/asianfilmfestival.barcelona\\\/2021\\\/es\\\/congreso-internacional-de-cine-irani-el-misticismo-en-el-cine-irani-una-mirada-a-las-obras-de-majid-majidi\\\/#primaryimage\"},\"thumbnailUrl\":\"https:\\\/\\\/asianfilmfestival.barcelona\\\/2021\\\/wp-content\\\/uploads\\\/2021\\\/08\\\/Foto-Webinar-Cine-irani-2.jpg\",\"articleSection\":[\"Noticias\"],\"inLanguage\":\"es\"},{\"@type\":\"WebPage\",\"@id\":\"https:\\\/\\\/asianfilmfestival.barcelona\\\/2021\\\/es\\\/congreso-internacional-de-cine-irani-el-misticismo-en-el-cine-irani-una-mirada-a-las-obras-de-majid-majidi\\\/\",\"url\":\"https:\\\/\\\/asianfilmfestival.barcelona\\\/2021\\\/es\\\/congreso-internacional-de-cine-irani-el-misticismo-en-el-cine-irani-una-mirada-a-las-obras-de-majid-majidi\\\/\",\"name\":\"Congreso Internacional de Cine Iran\u00ed: \u00abEl misticismo en el cine iran\u00ed: una mirada a las obras de Majid Majidi\u00bb - Asian Film Festival Barcelona\",\"isPartOf\":{\"@id\":\"https:\\\/\\\/asianfilmfestival.barcelona\\\/2021\\\/#website\"},\"primaryImageOfPage\":{\"@id\":\"https:\\\/\\\/asianfilmfestival.barcelona\\\/2021\\\/es\\\/congreso-internacional-de-cine-irani-el-misticismo-en-el-cine-irani-una-mirada-a-las-obras-de-majid-majidi\\\/#primaryimage\"},\"image\":{\"@id\":\"https:\\\/\\\/asianfilmfestival.barcelona\\\/2021\\\/es\\\/congreso-internacional-de-cine-irani-el-misticismo-en-el-cine-irani-una-mirada-a-las-obras-de-majid-majidi\\\/#primaryimage\"},\"thumbnailUrl\":\"https:\\\/\\\/asianfilmfestival.barcelona\\\/2021\\\/wp-content\\\/uploads\\\/2021\\\/08\\\/Foto-Webinar-Cine-irani-2.jpg\",\"datePublished\":\"2021-08-04T12:29:20+00:00\",\"dateModified\":\"2021-10-05T16:25:50+00:00\",\"author\":{\"@id\":\"https:\\\/\\\/asianfilmfestival.barcelona\\\/2021\\\/#\\\/schema\\\/person\\\/86a1f3b7a536690d6c2c6d700ad93adb\"},\"description\":\"La Universidad Complutense de Madrid, la Consejer\u00eda Cultural de la Embajada de Ir\u00e1n, la Fundaci\u00f3n Cinematogr\u00e1fica Farabi y Casa Asia se unen en la celebraci\u00f3n del Sexto Congreso Internacional sobre cine iran\u00ed, \u00abEl misticismo en el cine iran\u00ed: una mirada a las obras de Majid Majidi\u00bb, que se celebrar\u00e1 del 23 al 25 de febrero en formato webinar. El Dr. Francisco Garc\u00eda Garc\u00eda es el director de este congreso que coordina la Dra. Zara Razi.\",\"breadcrumb\":{\"@id\":\"https:\\\/\\\/asianfilmfestival.barcelona\\\/2021\\\/es\\\/congreso-internacional-de-cine-irani-el-misticismo-en-el-cine-irani-una-mirada-a-las-obras-de-majid-majidi\\\/#breadcrumb\"},\"inLanguage\":\"es\",\"potentialAction\":[{\"@type\":\"ReadAction\",\"target\":[\"https:\\\/\\\/asianfilmfestival.barcelona\\\/2021\\\/es\\\/congreso-internacional-de-cine-irani-el-misticismo-en-el-cine-irani-una-mirada-a-las-obras-de-majid-majidi\\\/\"]}]},{\"@type\":\"ImageObject\",\"inLanguage\":\"es\",\"@id\":\"https:\\\/\\\/asianfilmfestival.barcelona\\\/2021\\\/es\\\/congreso-internacional-de-cine-irani-el-misticismo-en-el-cine-irani-una-mirada-a-las-obras-de-majid-majidi\\\/#primaryimage\",\"url\":\"https:\\\/\\\/asianfilmfestival.barcelona\\\/2021\\\/wp-content\\\/uploads\\\/2021\\\/08\\\/Foto-Webinar-Cine-irani-2.jpg\",\"contentUrl\":\"https:\\\/\\\/asianfilmfestival.barcelona\\\/2021\\\/wp-content\\\/uploads\\\/2021\\\/08\\\/Foto-Webinar-Cine-irani-2.jpg\",\"width\":550,\"height\":365},{\"@type\":\"BreadcrumbList\",\"@id\":\"https:\\\/\\\/asianfilmfestival.barcelona\\\/2021\\\/es\\\/congreso-internacional-de-cine-irani-el-misticismo-en-el-cine-irani-una-mirada-a-las-obras-de-majid-majidi\\\/#breadcrumb\",\"itemListElement\":[{\"@type\":\"ListItem\",\"position\":1,\"name\":\"Home\",\"item\":\"https:\\\/\\\/asianfilmfestival.barcelona\\\/2021\\\/es\\\/\"},{\"@type\":\"ListItem\",\"position\":2,\"name\":\"Congreso Internacional de Cine Iran\u00ed: \u00abEl misticismo en el cine iran\u00ed: una mirada a las obras de Majid Majidi\u00bb\"}]},{\"@type\":\"WebSite\",\"@id\":\"https:\\\/\\\/asianfilmfestival.barcelona\\\/2021\\\/#website\",\"url\":\"https:\\\/\\\/asianfilmfestival.barcelona\\\/2021\\\/\",\"name\":\"Asian Film Festival Barcelona\",\"description\":\"2017\",\"potentialAction\":[{\"@type\":\"SearchAction\",\"target\":{\"@type\":\"EntryPoint\",\"urlTemplate\":\"https:\\\/\\\/asianfilmfestival.barcelona\\\/2021\\\/?s={search_term_string}\"},\"query-input\":{\"@type\":\"PropertyValueSpecification\",\"valueRequired\":true,\"valueName\":\"search_term_string\"}}],\"inLanguage\":\"es\"},{\"@type\":\"Person\",\"@id\":\"https:\\\/\\\/asianfilmfestival.barcelona\\\/2021\\\/#\\\/schema\\\/person\\\/86a1f3b7a536690d6c2c6d700ad93adb\",\"name\":\"Asian Film Festival Barcelona\",\"image\":{\"@type\":\"ImageObject\",\"inLanguage\":\"es\",\"@id\":\"https:\\\/\\\/secure.gravatar.com\\\/avatar\\\/2b70c89a32ff7923752020dbdcd7d17202d996fa13bbe4424cdbf22a297f3777?s=96&d=mm&r=g\",\"url\":\"https:\\\/\\\/secure.gravatar.com\\\/avatar\\\/2b70c89a32ff7923752020dbdcd7d17202d996fa13bbe4424cdbf22a297f3777?s=96&d=mm&r=g\",\"contentUrl\":\"https:\\\/\\\/secure.gravatar.com\\\/avatar\\\/2b70c89a32ff7923752020dbdcd7d17202d996fa13bbe4424cdbf22a297f3777?s=96&d=mm&r=g\",\"caption\":\"Asian Film Festival Barcelona\"}}]}<\/script>\n<!-- \/ Yoast SEO plugin. -->","yoast_head_json":{"title":"Congreso Internacional de Cine Iran\u00ed: \u00abEl misticismo en el cine iran\u00ed: una mirada a las obras de Majid Majidi\u00bb - Asian Film Festival Barcelona","description":"La Universidad Complutense de Madrid, la Consejer\u00eda Cultural de la Embajada de Ir\u00e1n, la Fundaci\u00f3n Cinematogr\u00e1fica Farabi y Casa Asia se unen en la celebraci\u00f3n del Sexto Congreso Internacional sobre cine iran\u00ed, \u00abEl misticismo en el cine iran\u00ed: una mirada a las obras de Majid Majidi\u00bb, que se celebrar\u00e1 del 23 al 25 de febrero en formato webinar. El Dr. Francisco Garc\u00eda Garc\u00eda es el director de este congreso que coordina la Dra. Zara Razi.","robots":{"index":"index","follow":"follow","max-snippet":"max-snippet:-1","max-image-preview":"max-image-preview:large","max-video-preview":"max-video-preview:-1"},"canonical":"https:\/\/asianfilmfestival.barcelona\/2021\/es\/congreso-internacional-de-cine-irani-el-misticismo-en-el-cine-irani-una-mirada-a-las-obras-de-majid-majidi\/","og_locale":"es_ES","og_type":"article","og_title":"Congreso Internacional de Cine Iran\u00ed: \u00abEl misticismo en el cine iran\u00ed: una mirada a las obras de Majid Majidi\u00bb - Asian Film Festival Barcelona","og_description":"La Universidad Complutense de Madrid, la Consejer\u00eda Cultural de la Embajada de Ir\u00e1n, la Fundaci\u00f3n Cinematogr\u00e1fica Farabi y Casa Asia se unen en la celebraci\u00f3n del Sexto Congreso Internacional sobre cine iran\u00ed, \u00abEl misticismo en el cine iran\u00ed: una mirada a las obras de Majid Majidi\u00bb, que se celebrar\u00e1 del 23 al 25 de febrero en formato webinar. El Dr. Francisco Garc\u00eda Garc\u00eda es el director de este congreso que coordina la Dra. Zara Razi.","og_url":"https:\/\/asianfilmfestival.barcelona\/2021\/es\/congreso-internacional-de-cine-irani-el-misticismo-en-el-cine-irani-una-mirada-a-las-obras-de-majid-majidi\/","og_site_name":"Asian Film Festival Barcelona","article_published_time":"2021-08-04T12:29:20+00:00","article_modified_time":"2021-10-05T16:25:50+00:00","og_image":[{"width":550,"height":365,"url":"https:\/\/asianfilmfestival.barcelona\/2021\/wp-content\/uploads\/2021\/08\/Foto-Webinar-Cine-irani-2.jpg","type":"image\/jpeg"}],"author":"Asian Film Festival Barcelona","twitter_card":"summary_large_image","twitter_misc":{"Escrito por":"Asian Film Festival Barcelona","Tiempo de lectura":"7 minutos"},"schema":{"@context":"https:\/\/schema.org","@graph":[{"@type":"Article","@id":"https:\/\/asianfilmfestival.barcelona\/2021\/es\/congreso-internacional-de-cine-irani-el-misticismo-en-el-cine-irani-una-mirada-a-las-obras-de-majid-majidi\/#article","isPartOf":{"@id":"https:\/\/asianfilmfestival.barcelona\/2021\/es\/congreso-internacional-de-cine-irani-el-misticismo-en-el-cine-irani-una-mirada-a-las-obras-de-majid-majidi\/"},"author":{"name":"Asian Film Festival Barcelona","@id":"https:\/\/asianfilmfestival.barcelona\/2021\/#\/schema\/person\/86a1f3b7a536690d6c2c6d700ad93adb"},"headline":"Congreso Internacional de Cine Iran\u00ed: \u00abEl misticismo en el cine iran\u00ed: una mirada a las obras de Majid Majidi\u00bb","datePublished":"2021-08-04T12:29:20+00:00","dateModified":"2021-10-05T16:25:50+00:00","mainEntityOfPage":{"@id":"https:\/\/asianfilmfestival.barcelona\/2021\/es\/congreso-internacional-de-cine-irani-el-misticismo-en-el-cine-irani-una-mirada-a-las-obras-de-majid-majidi\/"},"wordCount":1218,"image":{"@id":"https:\/\/asianfilmfestival.barcelona\/2021\/es\/congreso-internacional-de-cine-irani-el-misticismo-en-el-cine-irani-una-mirada-a-las-obras-de-majid-majidi\/#primaryimage"},"thumbnailUrl":"https:\/\/asianfilmfestival.barcelona\/2021\/wp-content\/uploads\/2021\/08\/Foto-Webinar-Cine-irani-2.jpg","articleSection":["Noticias"],"inLanguage":"es"},{"@type":"WebPage","@id":"https:\/\/asianfilmfestival.barcelona\/2021\/es\/congreso-internacional-de-cine-irani-el-misticismo-en-el-cine-irani-una-mirada-a-las-obras-de-majid-majidi\/","url":"https:\/\/asianfilmfestival.barcelona\/2021\/es\/congreso-internacional-de-cine-irani-el-misticismo-en-el-cine-irani-una-mirada-a-las-obras-de-majid-majidi\/","name":"Congreso Internacional de Cine Iran\u00ed: \u00abEl misticismo en el cine iran\u00ed: una mirada a las obras de Majid Majidi\u00bb - Asian Film Festival Barcelona","isPartOf":{"@id":"https:\/\/asianfilmfestival.barcelona\/2021\/#website"},"primaryImageOfPage":{"@id":"https:\/\/asianfilmfestival.barcelona\/2021\/es\/congreso-internacional-de-cine-irani-el-misticismo-en-el-cine-irani-una-mirada-a-las-obras-de-majid-majidi\/#primaryimage"},"image":{"@id":"https:\/\/asianfilmfestival.barcelona\/2021\/es\/congreso-internacional-de-cine-irani-el-misticismo-en-el-cine-irani-una-mirada-a-las-obras-de-majid-majidi\/#primaryimage"},"thumbnailUrl":"https:\/\/asianfilmfestival.barcelona\/2021\/wp-content\/uploads\/2021\/08\/Foto-Webinar-Cine-irani-2.jpg","datePublished":"2021-08-04T12:29:20+00:00","dateModified":"2021-10-05T16:25:50+00:00","author":{"@id":"https:\/\/asianfilmfestival.barcelona\/2021\/#\/schema\/person\/86a1f3b7a536690d6c2c6d700ad93adb"},"description":"La Universidad Complutense de Madrid, la Consejer\u00eda Cultural de la Embajada de Ir\u00e1n, la Fundaci\u00f3n Cinematogr\u00e1fica Farabi y Casa Asia se unen en la celebraci\u00f3n del Sexto Congreso Internacional sobre cine iran\u00ed, \u00abEl misticismo en el cine iran\u00ed: una mirada a las obras de Majid Majidi\u00bb, que se celebrar\u00e1 del 23 al 25 de febrero en formato webinar. El Dr. Francisco Garc\u00eda Garc\u00eda es el director de este congreso que coordina la Dra. Zara Razi.","breadcrumb":{"@id":"https:\/\/asianfilmfestival.barcelona\/2021\/es\/congreso-internacional-de-cine-irani-el-misticismo-en-el-cine-irani-una-mirada-a-las-obras-de-majid-majidi\/#breadcrumb"},"inLanguage":"es","potentialAction":[{"@type":"ReadAction","target":["https:\/\/asianfilmfestival.barcelona\/2021\/es\/congreso-internacional-de-cine-irani-el-misticismo-en-el-cine-irani-una-mirada-a-las-obras-de-majid-majidi\/"]}]},{"@type":"ImageObject","inLanguage":"es","@id":"https:\/\/asianfilmfestival.barcelona\/2021\/es\/congreso-internacional-de-cine-irani-el-misticismo-en-el-cine-irani-una-mirada-a-las-obras-de-majid-majidi\/#primaryimage","url":"https:\/\/asianfilmfestival.barcelona\/2021\/wp-content\/uploads\/2021\/08\/Foto-Webinar-Cine-irani-2.jpg","contentUrl":"https:\/\/asianfilmfestival.barcelona\/2021\/wp-content\/uploads\/2021\/08\/Foto-Webinar-Cine-irani-2.jpg","width":550,"height":365},{"@type":"BreadcrumbList","@id":"https:\/\/asianfilmfestival.barcelona\/2021\/es\/congreso-internacional-de-cine-irani-el-misticismo-en-el-cine-irani-una-mirada-a-las-obras-de-majid-majidi\/#breadcrumb","itemListElement":[{"@type":"ListItem","position":1,"name":"Home","item":"https:\/\/asianfilmfestival.barcelona\/2021\/es\/"},{"@type":"ListItem","position":2,"name":"Congreso Internacional de Cine Iran\u00ed: \u00abEl misticismo en el cine iran\u00ed: una mirada a las obras de Majid Majidi\u00bb"}]},{"@type":"WebSite","@id":"https:\/\/asianfilmfestival.barcelona\/2021\/#website","url":"https:\/\/asianfilmfestival.barcelona\/2021\/","name":"Asian Film Festival Barcelona","description":"2017","potentialAction":[{"@type":"SearchAction","target":{"@type":"EntryPoint","urlTemplate":"https:\/\/asianfilmfestival.barcelona\/2021\/?s={search_term_string}"},"query-input":{"@type":"PropertyValueSpecification","valueRequired":true,"valueName":"search_term_string"}}],"inLanguage":"es"},{"@type":"Person","@id":"https:\/\/asianfilmfestival.barcelona\/2021\/#\/schema\/person\/86a1f3b7a536690d6c2c6d700ad93adb","name":"Asian Film Festival Barcelona","image":{"@type":"ImageObject","inLanguage":"es","@id":"https:\/\/secure.gravatar.com\/avatar\/2b70c89a32ff7923752020dbdcd7d17202d996fa13bbe4424cdbf22a297f3777?s=96&d=mm&r=g","url":"https:\/\/secure.gravatar.com\/avatar\/2b70c89a32ff7923752020dbdcd7d17202d996fa13bbe4424cdbf22a297f3777?s=96&d=mm&r=g","contentUrl":"https:\/\/secure.gravatar.com\/avatar\/2b70c89a32ff7923752020dbdcd7d17202d996fa13bbe4424cdbf22a297f3777?s=96&d=mm&r=g","caption":"Asian Film Festival Barcelona"}}]}},"_links":{"self":[{"href":"https:\/\/asianfilmfestival.barcelona\/2021\/es\/wp-json\/wp\/v2\/posts\/32499","targetHints":{"allow":["GET"]}}],"collection":[{"href":"https:\/\/asianfilmfestival.barcelona\/2021\/es\/wp-json\/wp\/v2\/posts"}],"about":[{"href":"https:\/\/asianfilmfestival.barcelona\/2021\/es\/wp-json\/wp\/v2\/types\/post"}],"author":[{"embeddable":true,"href":"https:\/\/asianfilmfestival.barcelona\/2021\/es\/wp-json\/wp\/v2\/users\/8"}],"replies":[{"embeddable":true,"href":"https:\/\/asianfilmfestival.barcelona\/2021\/es\/wp-json\/wp\/v2\/comments?post=32499"}],"version-history":[{"count":2,"href":"https:\/\/asianfilmfestival.barcelona\/2021\/es\/wp-json\/wp\/v2\/posts\/32499\/revisions"}],"predecessor-version":[{"id":32849,"href":"https:\/\/asianfilmfestival.barcelona\/2021\/es\/wp-json\/wp\/v2\/posts\/32499\/revisions\/32849"}],"wp:featuredmedia":[{"embeddable":true,"href":"https:\/\/asianfilmfestival.barcelona\/2021\/es\/wp-json\/wp\/v2\/media\/32854"}],"wp:attachment":[{"href":"https:\/\/asianfilmfestival.barcelona\/2021\/es\/wp-json\/wp\/v2\/media?parent=32499"}],"wp:term":[{"taxonomy":"category","embeddable":true,"href":"https:\/\/asianfilmfestival.barcelona\/2021\/es\/wp-json\/wp\/v2\/categories?post=32499"},{"taxonomy":"post_tag","embeddable":true,"href":"https:\/\/asianfilmfestival.barcelona\/2021\/es\/wp-json\/wp\/v2\/tags?post=32499"}],"curies":[{"name":"wp","href":"https:\/\/api.w.org\/{rel}","templated":true}]}}