{"id":38363,"date":"2022-03-03T17:30:31","date_gmt":"2022-03-03T16:30:31","guid":{"rendered":"https:\/\/asianfilmfestival.barcelona\/2021\/?p=38363"},"modified":"2022-03-03T17:30:31","modified_gmt":"2022-03-03T16:30:31","slug":"trobada-amb-sahra-mani-el-cinema-afganes-despres-del-cinema-afganes","status":"publish","type":"post","link":"https:\/\/asianfilmfestival.barcelona\/2021\/ca\/trobada-amb-sahra-mani-el-cinema-afganes-despres-del-cinema-afganes\/","title":{"rendered":"Trobada amb Sahra Mani: \u00abEl cinema afgan\u00e8s despr\u00e9s del cinema afgan\u00e8s\u00bb"},"content":{"rendered":"<div  class='avia-image-container  av-styling-    avia-builder-el-0  el_before_av_textblock  avia-builder-el-first  avia-align-center '  ><div class='avia-image-container-inner'><div class='avia-image-overlay-wrap'><img decoding=\"async\" class='wp-image-38365 avia-img-lazy-loading-not-38365 avia_image' src=\"https:\/\/asianfilmfestival.barcelona\/2021\/wp-content\/uploads\/2022\/03\/encuentro-sahra-mani.jpg\" alt='' title='encuentro-sahra-mani' height=\"720\" width=\"1280\" srcset=\"https:\/\/asianfilmfestival.barcelona\/2021\/wp-content\/uploads\/2022\/03\/encuentro-sahra-mani.jpg 1280w, https:\/\/asianfilmfestival.barcelona\/2021\/wp-content\/uploads\/2022\/03\/encuentro-sahra-mani-300x169.jpg 300w, https:\/\/asianfilmfestival.barcelona\/2021\/wp-content\/uploads\/2022\/03\/encuentro-sahra-mani-1030x579.jpg 1030w, https:\/\/asianfilmfestival.barcelona\/2021\/wp-content\/uploads\/2022\/03\/encuentro-sahra-mani-768x432.jpg 768w, https:\/\/asianfilmfestival.barcelona\/2021\/wp-content\/uploads\/2022\/03\/encuentro-sahra-mani-705x397.jpg 705w\" sizes=\"(max-width: 1280px) 100vw, 1280px\" \/><\/div><\/div><\/div>\n<section class=\"av_textblock_section \" ><div class='avia_textblock  '  ><h1 class=\"entry-title fusion-responsive-typography-calculated\" style=\"text-align: center;\" data-fontsize=\"50\" data-lineheight=\"normal\">Trobada amb Sahra Mani: \u00abEl cinema afgan\u00e8s despr\u00e9s del cinema afgan\u00e8s\u00bb<\/h1>\n<\/div><\/section>\n<section class=\"av_textblock_section \" ><div class='avia_textblock  '  ><div class=\"fusion-text fusion-text-1\">\n<p><strong>En el marc del cicle de cinema <a href=\"https:\/\/www.casaasia.cat\/actividad\/dones-afganeses-i-el-cinem-made-in-afghanistan\/\">Dones afganeses i el cinema: \u00abMade in Afghanistan\u00bb<\/a>, organitzat amb motiu del Dia Internacional de la Dona, comptarem amb la pres\u00e8ncia de la cineasta afganesa Sahra Mani que presentar\u00e0 la seva pel\u00b7l\u00edcula <em>A Thousand Girls Like Me<\/em>.<\/strong><\/p>\n<p>Casa \u00c0sia programa una conversa amb Sahra Mani per parlar del cinema en general i, en particular, del cinema fet per dones al seu pa\u00eds, aix\u00ed com de l\u2019impacte que han tingut els darrers esdeveniments des del mes d\u2019agost del 2021 a la traject\u00f2ria i als projectes que s\u2019estaven fent.<\/p>\n<p>Aquest acte t\u00e9 per objecte oferir informaci\u00f3 en directe de la cineasta que va fundar l\u2019Afghanistan Doc House a Kabul, i que va ser professora fins fa poc de la universitat d\u2019aquesta ciutat. Ella ha estat una de les grans defensores dels drets de les dones afganeses, i segueix sent-ho activament en el seu darrer projecte cinematogr\u00e0fic que est\u00e0 en la fase de muntatge.<\/p>\n<p>Presenta:<br \/>\n<strong>Emilio de Miguel<\/strong>, director del Centre Casa \u00c0sia-Madrid<\/p>\n<p>Modera:<br \/>\n<strong>Menene Gras Balaguer<\/strong>, directora de Cultura i Exposicions de Casa \u00c0sia<\/p>\n<p><em><strong>La sessi\u00f3 ser\u00e0 principalment en angl\u00e8s, respectant l\u2019idioma de la convidada.<\/strong><\/em><\/p>\n<\/div>\n<\/div><\/section>\n<div  class='avia-icon-list-container   avia-builder-el-3  el_after_av_textblock  avia-builder-el-last '><ul class='avia-icon-list avia-icon-list-left av-iconlist-big avia_animate_when_almost_visible avia-iconlist-animate'>\n<li><div  class='iconlist_icon  avia-font-entypo-fontello'><span class='iconlist-char ' aria-hidden='true' data-av_icon='\ue85b' data-av_iconfont='entypo-fontello'><\/span><\/div><article class=\"article-icon-entry \" ><div class='iconlist_content_wrap'><header class=\"entry-content-header\"><\/header><div class='iconlist_content  '  ><p>07\/03\/2022<\/p>\n<\/div><\/div><footer class=\"entry-footer\"><\/footer><\/article><div class='iconlist-timeline'><\/div><\/li>\n<li><div  class='iconlist_icon  avia-font-entypo-fontello'><span class='iconlist-char ' aria-hidden='true' data-av_icon='\ue862' data-av_iconfont='entypo-fontello'><\/span><\/div><article class=\"article-icon-entry \" ><div class='iconlist_content_wrap'><header class=\"entry-content-header\"><\/header><div class='iconlist_content  '  ><p>Dilluns 7 de mar\u00e7 a les 19.00 h CET.<\/p>\n<\/div><\/div><footer class=\"entry-footer\"><\/footer><\/article><div class='iconlist-timeline'><\/div><\/li>\n<li><div  class='iconlist_icon  avia-font-entypo-fontello'><span class='iconlist-char ' aria-hidden='true' data-av_icon='\ue842' data-av_iconfont='entypo-fontello'><\/span><\/div><article class=\"article-icon-entry \" ><div class='iconlist_content_wrap'><header class=\"entry-content-header\"><\/header><div class='iconlist_content  '  ><p>Centre Casa \u00c0sia-Madrid<br \/>\nPalacio de Ca\u00f1ete<br \/>\nc\/ Mayor, 69<br \/>\nMadrid<\/p>\n<\/div><\/div><footer class=\"entry-footer\"><\/footer><\/article><div class='iconlist-timeline'><\/div><\/li>\n<li><div  class='iconlist_icon  avia-font-entypo-fontello'><span class='iconlist-char ' aria-hidden='true' data-av_icon='\ue8cb' data-av_iconfont='entypo-fontello'><\/span><\/div><article class=\"article-icon-entry \" ><div class='iconlist_content_wrap'><header class=\"entry-content-header\"><\/header><div class='iconlist_content  '  ><p>Activitat gratu\u00efta amb inscripci\u00f3 pr\u00e8via.<\/p>\n<\/div><\/div><footer class=\"entry-footer\"><\/footer><\/article><div class='iconlist-timeline'><\/div><\/li>\n<li><div  class='iconlist_icon  avia-font-entypo-fontello'><span class='iconlist-char ' aria-hidden='true' data-av_icon='\ue80a' data-av_iconfont='entypo-fontello'><\/span><\/div><article class=\"article-icon-entry \" ><div class='iconlist_content_wrap'><header class=\"entry-content-header\"><\/header><div class='iconlist_content  '  ><p>Casa \u00c0sia<\/p>\n<\/div><\/div><footer class=\"entry-footer\"><\/footer><\/article><div class='iconlist-timeline'><\/div><\/li>\n<\/ul><\/div>\n","protected":false},"excerpt":{"rendered":"","protected":false},"author":8,"featured_media":38365,"comment_status":"closed","ping_status":"open","sticky":false,"template":"","format":"standard","meta":{"footnotes":""},"categories":[33],"tags":[],"class_list":["post-38363","post","type-post","status-publish","format-standard","has-post-thumbnail","hentry","category-noticies"],"yoast_head":"<!-- This site is optimized with the Yoast SEO plugin v27.4 - https:\/\/yoast.com\/product\/yoast-seo-wordpress\/ -->\n<title>Trobada amb Sahra Mani: \u00abEl cinema afgan\u00e8s despr\u00e9s del cinema afgan\u00e8s\u00bb - Asian Film Festival Barcelona<\/title>\n<meta name=\"robots\" content=\"index, follow, max-snippet:-1, max-image-preview:large, max-video-preview:-1\" \/>\n<link rel=\"canonical\" href=\"https:\/\/asianfilmfestival.barcelona\/2021\/ca\/trobada-amb-sahra-mani-el-cinema-afganes-despres-del-cinema-afganes\/\" \/>\n<meta property=\"og:locale\" content=\"ca_ES\" \/>\n<meta property=\"og:type\" content=\"article\" \/>\n<meta property=\"og:title\" content=\"Trobada amb Sahra Mani: \u00abEl cinema afgan\u00e8s despr\u00e9s del cinema afgan\u00e8s\u00bb - Asian Film Festival Barcelona\" \/>\n<meta property=\"og:url\" content=\"https:\/\/asianfilmfestival.barcelona\/2021\/ca\/trobada-amb-sahra-mani-el-cinema-afganes-despres-del-cinema-afganes\/\" \/>\n<meta property=\"og:site_name\" content=\"Asian Film Festival Barcelona\" \/>\n<meta property=\"article:published_time\" content=\"2022-03-03T16:30:31+00:00\" \/>\n<meta property=\"og:image\" content=\"https:\/\/asianfilmfestival.barcelona\/2021\/wp-content\/uploads\/2022\/03\/encuentro-sahra-mani.jpg\" \/>\n\t<meta property=\"og:image:width\" content=\"1280\" \/>\n\t<meta property=\"og:image:height\" content=\"720\" \/>\n\t<meta property=\"og:image:type\" content=\"image\/jpeg\" \/>\n<meta name=\"author\" content=\"Asian Film Festival Barcelona\" \/>\n<meta name=\"twitter:card\" content=\"summary_large_image\" \/>\n<meta name=\"twitter:label1\" content=\"Escrit per\" \/>\n\t<meta name=\"twitter:data1\" content=\"Asian Film Festival Barcelona\" \/>\n\t<meta name=\"twitter:label2\" content=\"Temps estimat de lectura\" \/>\n\t<meta name=\"twitter:data2\" content=\"3 minuts\" \/>\n<script type=\"application\/ld+json\" class=\"yoast-schema-graph\">{\"@context\":\"https:\\\/\\\/schema.org\",\"@graph\":[{\"@type\":\"Article\",\"@id\":\"https:\\\/\\\/asianfilmfestival.barcelona\\\/2021\\\/ca\\\/trobada-amb-sahra-mani-el-cinema-afganes-despres-del-cinema-afganes\\\/#article\",\"isPartOf\":{\"@id\":\"https:\\\/\\\/asianfilmfestival.barcelona\\\/2021\\\/ca\\\/trobada-amb-sahra-mani-el-cinema-afganes-despres-del-cinema-afganes\\\/\"},\"author\":{\"name\":\"Asian Film Festival Barcelona\",\"@id\":\"https:\\\/\\\/asianfilmfestival.barcelona\\\/2021\\\/#\\\/schema\\\/person\\\/86a1f3b7a536690d6c2c6d700ad93adb\"},\"headline\":\"Trobada amb Sahra Mani: \u00abEl cinema afgan\u00e8s despr\u00e9s del cinema afgan\u00e8s\u00bb\",\"datePublished\":\"2022-03-03T16:30:31+00:00\",\"mainEntityOfPage\":{\"@id\":\"https:\\\/\\\/asianfilmfestival.barcelona\\\/2021\\\/ca\\\/trobada-amb-sahra-mani-el-cinema-afganes-despres-del-cinema-afganes\\\/\"},\"wordCount\":501,\"image\":{\"@id\":\"https:\\\/\\\/asianfilmfestival.barcelona\\\/2021\\\/ca\\\/trobada-amb-sahra-mani-el-cinema-afganes-despres-del-cinema-afganes\\\/#primaryimage\"},\"thumbnailUrl\":\"https:\\\/\\\/asianfilmfestival.barcelona\\\/2021\\\/wp-content\\\/uploads\\\/2022\\\/03\\\/encuentro-sahra-mani.jpg\",\"articleSection\":[\"Not\u00edcies\"],\"inLanguage\":\"ca\"},{\"@type\":\"WebPage\",\"@id\":\"https:\\\/\\\/asianfilmfestival.barcelona\\\/2021\\\/ca\\\/trobada-amb-sahra-mani-el-cinema-afganes-despres-del-cinema-afganes\\\/\",\"url\":\"https:\\\/\\\/asianfilmfestival.barcelona\\\/2021\\\/ca\\\/trobada-amb-sahra-mani-el-cinema-afganes-despres-del-cinema-afganes\\\/\",\"name\":\"Trobada amb Sahra Mani: \u00abEl cinema afgan\u00e8s despr\u00e9s del cinema afgan\u00e8s\u00bb - Asian Film Festival Barcelona\",\"isPartOf\":{\"@id\":\"https:\\\/\\\/asianfilmfestival.barcelona\\\/2021\\\/#website\"},\"primaryImageOfPage\":{\"@id\":\"https:\\\/\\\/asianfilmfestival.barcelona\\\/2021\\\/ca\\\/trobada-amb-sahra-mani-el-cinema-afganes-despres-del-cinema-afganes\\\/#primaryimage\"},\"image\":{\"@id\":\"https:\\\/\\\/asianfilmfestival.barcelona\\\/2021\\\/ca\\\/trobada-amb-sahra-mani-el-cinema-afganes-despres-del-cinema-afganes\\\/#primaryimage\"},\"thumbnailUrl\":\"https:\\\/\\\/asianfilmfestival.barcelona\\\/2021\\\/wp-content\\\/uploads\\\/2022\\\/03\\\/encuentro-sahra-mani.jpg\",\"datePublished\":\"2022-03-03T16:30:31+00:00\",\"author\":{\"@id\":\"https:\\\/\\\/asianfilmfestival.barcelona\\\/2021\\\/#\\\/schema\\\/person\\\/86a1f3b7a536690d6c2c6d700ad93adb\"},\"breadcrumb\":{\"@id\":\"https:\\\/\\\/asianfilmfestival.barcelona\\\/2021\\\/ca\\\/trobada-amb-sahra-mani-el-cinema-afganes-despres-del-cinema-afganes\\\/#breadcrumb\"},\"inLanguage\":\"ca\",\"potentialAction\":[{\"@type\":\"ReadAction\",\"target\":[\"https:\\\/\\\/asianfilmfestival.barcelona\\\/2021\\\/ca\\\/trobada-amb-sahra-mani-el-cinema-afganes-despres-del-cinema-afganes\\\/\"]}]},{\"@type\":\"ImageObject\",\"inLanguage\":\"ca\",\"@id\":\"https:\\\/\\\/asianfilmfestival.barcelona\\\/2021\\\/ca\\\/trobada-amb-sahra-mani-el-cinema-afganes-despres-del-cinema-afganes\\\/#primaryimage\",\"url\":\"https:\\\/\\\/asianfilmfestival.barcelona\\\/2021\\\/wp-content\\\/uploads\\\/2022\\\/03\\\/encuentro-sahra-mani.jpg\",\"contentUrl\":\"https:\\\/\\\/asianfilmfestival.barcelona\\\/2021\\\/wp-content\\\/uploads\\\/2022\\\/03\\\/encuentro-sahra-mani.jpg\",\"width\":1280,\"height\":720},{\"@type\":\"BreadcrumbList\",\"@id\":\"https:\\\/\\\/asianfilmfestival.barcelona\\\/2021\\\/ca\\\/trobada-amb-sahra-mani-el-cinema-afganes-despres-del-cinema-afganes\\\/#breadcrumb\",\"itemListElement\":[{\"@type\":\"ListItem\",\"position\":1,\"name\":\"Home\",\"item\":\"https:\\\/\\\/asianfilmfestival.barcelona\\\/2021\\\/ca\\\/\"},{\"@type\":\"ListItem\",\"position\":2,\"name\":\"Trobada amb Sahra Mani: \u00abEl cinema afgan\u00e8s despr\u00e9s del cinema afgan\u00e8s\u00bb\"}]},{\"@type\":\"WebSite\",\"@id\":\"https:\\\/\\\/asianfilmfestival.barcelona\\\/2021\\\/#website\",\"url\":\"https:\\\/\\\/asianfilmfestival.barcelona\\\/2021\\\/\",\"name\":\"Asian Film Festival Barcelona\",\"description\":\"2017\",\"potentialAction\":[{\"@type\":\"SearchAction\",\"target\":{\"@type\":\"EntryPoint\",\"urlTemplate\":\"https:\\\/\\\/asianfilmfestival.barcelona\\\/2021\\\/?s={search_term_string}\"},\"query-input\":{\"@type\":\"PropertyValueSpecification\",\"valueRequired\":true,\"valueName\":\"search_term_string\"}}],\"inLanguage\":\"ca\"},{\"@type\":\"Person\",\"@id\":\"https:\\\/\\\/asianfilmfestival.barcelona\\\/2021\\\/#\\\/schema\\\/person\\\/86a1f3b7a536690d6c2c6d700ad93adb\",\"name\":\"Asian Film Festival Barcelona\",\"image\":{\"@type\":\"ImageObject\",\"inLanguage\":\"ca\",\"@id\":\"https:\\\/\\\/secure.gravatar.com\\\/avatar\\\/2b70c89a32ff7923752020dbdcd7d17202d996fa13bbe4424cdbf22a297f3777?s=96&d=mm&r=g\",\"url\":\"https:\\\/\\\/secure.gravatar.com\\\/avatar\\\/2b70c89a32ff7923752020dbdcd7d17202d996fa13bbe4424cdbf22a297f3777?s=96&d=mm&r=g\",\"contentUrl\":\"https:\\\/\\\/secure.gravatar.com\\\/avatar\\\/2b70c89a32ff7923752020dbdcd7d17202d996fa13bbe4424cdbf22a297f3777?s=96&d=mm&r=g\",\"caption\":\"Asian Film Festival Barcelona\"}}]}<\/script>\n<!-- \/ Yoast SEO plugin. -->","yoast_head_json":{"title":"Trobada amb Sahra Mani: \u00abEl cinema afgan\u00e8s despr\u00e9s del cinema afgan\u00e8s\u00bb - Asian Film Festival Barcelona","robots":{"index":"index","follow":"follow","max-snippet":"max-snippet:-1","max-image-preview":"max-image-preview:large","max-video-preview":"max-video-preview:-1"},"canonical":"https:\/\/asianfilmfestival.barcelona\/2021\/ca\/trobada-amb-sahra-mani-el-cinema-afganes-despres-del-cinema-afganes\/","og_locale":"ca_ES","og_type":"article","og_title":"Trobada amb Sahra Mani: \u00abEl cinema afgan\u00e8s despr\u00e9s del cinema afgan\u00e8s\u00bb - Asian Film Festival Barcelona","og_url":"https:\/\/asianfilmfestival.barcelona\/2021\/ca\/trobada-amb-sahra-mani-el-cinema-afganes-despres-del-cinema-afganes\/","og_site_name":"Asian Film Festival Barcelona","article_published_time":"2022-03-03T16:30:31+00:00","og_image":[{"width":1280,"height":720,"url":"https:\/\/asianfilmfestival.barcelona\/2021\/wp-content\/uploads\/2022\/03\/encuentro-sahra-mani.jpg","type":"image\/jpeg"}],"author":"Asian Film Festival Barcelona","twitter_card":"summary_large_image","twitter_misc":{"Escrit per":"Asian Film Festival Barcelona","Temps estimat de lectura":"3 minuts"},"schema":{"@context":"https:\/\/schema.org","@graph":[{"@type":"Article","@id":"https:\/\/asianfilmfestival.barcelona\/2021\/ca\/trobada-amb-sahra-mani-el-cinema-afganes-despres-del-cinema-afganes\/#article","isPartOf":{"@id":"https:\/\/asianfilmfestival.barcelona\/2021\/ca\/trobada-amb-sahra-mani-el-cinema-afganes-despres-del-cinema-afganes\/"},"author":{"name":"Asian Film Festival Barcelona","@id":"https:\/\/asianfilmfestival.barcelona\/2021\/#\/schema\/person\/86a1f3b7a536690d6c2c6d700ad93adb"},"headline":"Trobada amb Sahra Mani: \u00abEl cinema afgan\u00e8s despr\u00e9s del cinema afgan\u00e8s\u00bb","datePublished":"2022-03-03T16:30:31+00:00","mainEntityOfPage":{"@id":"https:\/\/asianfilmfestival.barcelona\/2021\/ca\/trobada-amb-sahra-mani-el-cinema-afganes-despres-del-cinema-afganes\/"},"wordCount":501,"image":{"@id":"https:\/\/asianfilmfestival.barcelona\/2021\/ca\/trobada-amb-sahra-mani-el-cinema-afganes-despres-del-cinema-afganes\/#primaryimage"},"thumbnailUrl":"https:\/\/asianfilmfestival.barcelona\/2021\/wp-content\/uploads\/2022\/03\/encuentro-sahra-mani.jpg","articleSection":["Not\u00edcies"],"inLanguage":"ca"},{"@type":"WebPage","@id":"https:\/\/asianfilmfestival.barcelona\/2021\/ca\/trobada-amb-sahra-mani-el-cinema-afganes-despres-del-cinema-afganes\/","url":"https:\/\/asianfilmfestival.barcelona\/2021\/ca\/trobada-amb-sahra-mani-el-cinema-afganes-despres-del-cinema-afganes\/","name":"Trobada amb Sahra Mani: \u00abEl cinema afgan\u00e8s despr\u00e9s del cinema afgan\u00e8s\u00bb - Asian Film Festival Barcelona","isPartOf":{"@id":"https:\/\/asianfilmfestival.barcelona\/2021\/#website"},"primaryImageOfPage":{"@id":"https:\/\/asianfilmfestival.barcelona\/2021\/ca\/trobada-amb-sahra-mani-el-cinema-afganes-despres-del-cinema-afganes\/#primaryimage"},"image":{"@id":"https:\/\/asianfilmfestival.barcelona\/2021\/ca\/trobada-amb-sahra-mani-el-cinema-afganes-despres-del-cinema-afganes\/#primaryimage"},"thumbnailUrl":"https:\/\/asianfilmfestival.barcelona\/2021\/wp-content\/uploads\/2022\/03\/encuentro-sahra-mani.jpg","datePublished":"2022-03-03T16:30:31+00:00","author":{"@id":"https:\/\/asianfilmfestival.barcelona\/2021\/#\/schema\/person\/86a1f3b7a536690d6c2c6d700ad93adb"},"breadcrumb":{"@id":"https:\/\/asianfilmfestival.barcelona\/2021\/ca\/trobada-amb-sahra-mani-el-cinema-afganes-despres-del-cinema-afganes\/#breadcrumb"},"inLanguage":"ca","potentialAction":[{"@type":"ReadAction","target":["https:\/\/asianfilmfestival.barcelona\/2021\/ca\/trobada-amb-sahra-mani-el-cinema-afganes-despres-del-cinema-afganes\/"]}]},{"@type":"ImageObject","inLanguage":"ca","@id":"https:\/\/asianfilmfestival.barcelona\/2021\/ca\/trobada-amb-sahra-mani-el-cinema-afganes-despres-del-cinema-afganes\/#primaryimage","url":"https:\/\/asianfilmfestival.barcelona\/2021\/wp-content\/uploads\/2022\/03\/encuentro-sahra-mani.jpg","contentUrl":"https:\/\/asianfilmfestival.barcelona\/2021\/wp-content\/uploads\/2022\/03\/encuentro-sahra-mani.jpg","width":1280,"height":720},{"@type":"BreadcrumbList","@id":"https:\/\/asianfilmfestival.barcelona\/2021\/ca\/trobada-amb-sahra-mani-el-cinema-afganes-despres-del-cinema-afganes\/#breadcrumb","itemListElement":[{"@type":"ListItem","position":1,"name":"Home","item":"https:\/\/asianfilmfestival.barcelona\/2021\/ca\/"},{"@type":"ListItem","position":2,"name":"Trobada amb Sahra Mani: \u00abEl cinema afgan\u00e8s despr\u00e9s del cinema afgan\u00e8s\u00bb"}]},{"@type":"WebSite","@id":"https:\/\/asianfilmfestival.barcelona\/2021\/#website","url":"https:\/\/asianfilmfestival.barcelona\/2021\/","name":"Asian Film Festival Barcelona","description":"2017","potentialAction":[{"@type":"SearchAction","target":{"@type":"EntryPoint","urlTemplate":"https:\/\/asianfilmfestival.barcelona\/2021\/?s={search_term_string}"},"query-input":{"@type":"PropertyValueSpecification","valueRequired":true,"valueName":"search_term_string"}}],"inLanguage":"ca"},{"@type":"Person","@id":"https:\/\/asianfilmfestival.barcelona\/2021\/#\/schema\/person\/86a1f3b7a536690d6c2c6d700ad93adb","name":"Asian Film Festival Barcelona","image":{"@type":"ImageObject","inLanguage":"ca","@id":"https:\/\/secure.gravatar.com\/avatar\/2b70c89a32ff7923752020dbdcd7d17202d996fa13bbe4424cdbf22a297f3777?s=96&d=mm&r=g","url":"https:\/\/secure.gravatar.com\/avatar\/2b70c89a32ff7923752020dbdcd7d17202d996fa13bbe4424cdbf22a297f3777?s=96&d=mm&r=g","contentUrl":"https:\/\/secure.gravatar.com\/avatar\/2b70c89a32ff7923752020dbdcd7d17202d996fa13bbe4424cdbf22a297f3777?s=96&d=mm&r=g","caption":"Asian Film Festival Barcelona"}}]}},"_links":{"self":[{"href":"https:\/\/asianfilmfestival.barcelona\/2021\/ca\/wp-json\/wp\/v2\/posts\/38363","targetHints":{"allow":["GET"]}}],"collection":[{"href":"https:\/\/asianfilmfestival.barcelona\/2021\/ca\/wp-json\/wp\/v2\/posts"}],"about":[{"href":"https:\/\/asianfilmfestival.barcelona\/2021\/ca\/wp-json\/wp\/v2\/types\/post"}],"author":[{"embeddable":true,"href":"https:\/\/asianfilmfestival.barcelona\/2021\/ca\/wp-json\/wp\/v2\/users\/8"}],"replies":[{"embeddable":true,"href":"https:\/\/asianfilmfestival.barcelona\/2021\/ca\/wp-json\/wp\/v2\/comments?post=38363"}],"version-history":[{"count":2,"href":"https:\/\/asianfilmfestival.barcelona\/2021\/ca\/wp-json\/wp\/v2\/posts\/38363\/revisions"}],"predecessor-version":[{"id":38384,"href":"https:\/\/asianfilmfestival.barcelona\/2021\/ca\/wp-json\/wp\/v2\/posts\/38363\/revisions\/38384"}],"wp:featuredmedia":[{"embeddable":true,"href":"https:\/\/asianfilmfestival.barcelona\/2021\/ca\/wp-json\/wp\/v2\/media\/38365"}],"wp:attachment":[{"href":"https:\/\/asianfilmfestival.barcelona\/2021\/ca\/wp-json\/wp\/v2\/media?parent=38363"}],"wp:term":[{"taxonomy":"category","embeddable":true,"href":"https:\/\/asianfilmfestival.barcelona\/2021\/ca\/wp-json\/wp\/v2\/categories?post=38363"},{"taxonomy":"post_tag","embeddable":true,"href":"https:\/\/asianfilmfestival.barcelona\/2021\/ca\/wp-json\/wp\/v2\/tags?post=38363"}],"curies":[{"name":"wp","href":"https:\/\/api.w.org\/{rel}","templated":true}]}}