{"id":38228,"date":"2022-02-03T17:18:49","date_gmt":"2022-02-03T16:18:49","guid":{"rendered":"https:\/\/asianfilmfestival.barcelona\/2021\/?p=38228"},"modified":"2022-02-03T17:18:49","modified_gmt":"2022-02-03T16:18:49","slug":"projeccio-de-la-pel%c2%b7licula-cartes-dakyab-deugenia-balcells","status":"publish","type":"post","link":"https:\/\/asianfilmfestival.barcelona\/2021\/ca\/projeccio-de-la-pel%c2%b7licula-cartes-dakyab-deugenia-balcells\/","title":{"rendered":"Projecci\u00f3 de la pel\u00b7l\u00edcula: \u00abCartes d\u2019Akyab\u00bb d\u2019Eug\u00e8nia Balcells"},"content":{"rendered":"<div  class='avia-image-container  av-styling-    avia-builder-el-0  el_before_av_textblock  avia-builder-el-first  avia-align-center '  ><div class='avia-image-container-inner'><div class='avia-image-overlay-wrap'><img decoding=\"async\" class='wp-image-38229 avia-img-lazy-loading-not-38229 avia_image' src=\"https:\/\/asianfilmfestival.barcelona\/2021\/wp-content\/uploads\/2022\/02\/cartes-akyab.jpg\" alt='' title='cartes-akyab' height=\"720\" width=\"1280\" srcset=\"https:\/\/asianfilmfestival.barcelona\/2021\/wp-content\/uploads\/2022\/02\/cartes-akyab.jpg 1280w, https:\/\/asianfilmfestival.barcelona\/2021\/wp-content\/uploads\/2022\/02\/cartes-akyab-300x169.jpg 300w, https:\/\/asianfilmfestival.barcelona\/2021\/wp-content\/uploads\/2022\/02\/cartes-akyab-1030x579.jpg 1030w, https:\/\/asianfilmfestival.barcelona\/2021\/wp-content\/uploads\/2022\/02\/cartes-akyab-768x432.jpg 768w, https:\/\/asianfilmfestival.barcelona\/2021\/wp-content\/uploads\/2022\/02\/cartes-akyab-705x397.jpg 705w\" sizes=\"(max-width: 1280px) 100vw, 1280px\" \/><\/div><\/div><\/div>\n<section class=\"av_textblock_section \" ><div class='avia_textblock  '  ><h1 style=\"text-align: center;\">Projecci\u00f3 de la pel\u00b7l\u00edcula: \u00abCartes d\u2019Akyab\u00bb d\u2019Eug\u00e8nia Balcells<\/h1>\n<\/div><\/section>\n<section class=\"av_textblock_section \" ><div class='avia_textblock  '  ><p><strong>Casa \u00c0sia, amb la col\u00b7laboraci\u00f3 d\u2019Eug\u00e8nia Balcells Foundation, organitza la projecci\u00f3 de la pel\u00b7l\u00edcula <em>Cartes d\u2019Akyab<\/em> d\u2019Eug\u00e8nia Balcells. Despr\u00e9s de la pel\u00b7l\u00edcula, tindr\u00e0 lloc un col\u00b7loqui amb la directora.<\/strong><\/p>\n<p><strong>Sinopsi:<\/strong><\/p>\n<p><em>Cartes d\u2019Akyab<\/em> sorgeix arran d\u2019unes cartes trobades en un antic malet\u00ed de viatge, despr\u00e9s de la mort de la seva bes\u00e0via Llu\u00efsa que les havia amagat durant tota la vida. A les cartes consta la data i el lloc on van ser escrites, Akyab, Birm\u00e0nia. Els espais on havia d\u2019apar\u00e8ixer el nom de la mare estaven en blanc, les paraules havien estat acuradament esborrades per guardar el secret de la seva proced\u00e8ncia. Partint d\u2019un fet real, d\u2019una recerca personal, aquest documental de l\u2019artista Eug\u00e8nia Balcells ens mostra la relaci\u00f3 orient-occident, la situaci\u00f3 de la dona i els prejudicis racials i socials, la gran riquesa i senzilla humanitat d\u2019unes tradicions tan poc conegudes, a trav\u00e9s d\u2019un viatge interior, una recerca dels or\u00edgens, una reivindicaci\u00f3 del llinatge femen\u00ed i un descobriment fascinant. La pel\u00b7l\u00edcula honra les avantpassades birmanes d\u2019Eug\u00e8nia que es van veure obligades a amagar el seu origen per poder seguir la seva vida a Europa on van ser enviades a estudiar. El reconeixement i la integraci\u00f3 de la valuosa her\u00e8ncia vital proporciona sentit i coher\u00e8ncia a tota l\u2019obra de l\u2019artista. Amb tot aix\u00f2, es converteix en un m\u00faltiple mosaic de diversos nivells de lectura i en patrimoni cultural d\u2019inter\u00e8s universal.<\/p>\n<p><strong>Biografia de la directora:<\/strong><\/p>\n<p><strong>Eug\u00e8nia Balcells<\/strong> neix a Barcelona i es diploma a Arquitectura T\u00e8cnica. El 1968 es trasllada a Nova York i prossegueix la seva formaci\u00f3 art\u00edstica a la Universitat d\u2019Iowa, on obt\u00e9 el M\u00e0ster en Art el 1971. Inicia la seva activitat art\u00edstica a mitjans dels 70, en el context de l\u2019art conceptual, sent una de les pioneres del cinema experimental i de l\u2019art audiovisual al pa\u00eds. Les primeres instal\u00b7lacions, pel\u00b7l\u00edcules i v\u00eddeos que realitza s\u2019identifiquen amb els corrents criticosociol\u00f2gics, tot tractant temes relacionats amb la societat de consum contempor\u00e0nia i amb els efectes dels mitjans de comunicaci\u00f3 sobre la cultura de masses. Actualment, a la seva activitat creadora se li sumen cursos impartits a diferents centres i universitats. Als seus tallers treballa la llum com a ess\u00e8ncia creativa, integrant en la visi\u00f3 diferents formes de coneixement com la filosofia, la literatura, la poesia, o la f\u00edsica.<\/p>\n<p>Presentaci\u00f3:<br \/>\n<strong>Guillermo Solana<\/strong>, director art\u00edstic del Museu Nacional Thyssen-Bornemisza.<\/p>\n<p>Col\u00b7loqui amb <strong>Eug\u00e8nia Balcells<\/strong>, <strong>Lali Bosch<\/strong> i <strong>Roc\u00edo de la Villa<\/strong><\/p>\n<p>Modera:<br \/>\n<strong>Menene Gras Balaguer<\/strong>, directora de Cultura i Exposicions de Casa \u00c0sia.<\/p>\n<p><a href=\"https:\/\/www.casaasia.es\/invitacion-cartas-de-akyab-eugenia-balcells\/\"><strong>Invitaci\u00f3<\/strong><\/a><\/p>\n<p><strong>INFORMACI\u00d3<\/strong><\/p>\n<p>Directora: Eug\u00e8nia Balcells<br \/>\nAny: 2020<br \/>\nDurada: 72\u201930\u2019\u2019<br \/>\nIdioma: VOSE<br \/>\nG\u00e8nere: Documental<\/p>\n<p><a href=\"https:\/\/www.casaasia.es\/ficha-cartas-de-akyab-es-envio-11\/\"><strong>Fitxa de la pel\u00b7l\u00edcula<\/strong><\/a><\/p>\n<\/div><\/section>\n<div  class='avia-icon-list-container   avia-builder-el-3  el_after_av_textblock  el_before_av_partner '><ul class='avia-icon-list avia-icon-list-left av-iconlist-big avia_animate_when_almost_visible avia-iconlist-animate'>\n<li><div  class='iconlist_icon  avia-font-entypo-fontello'><span class='iconlist-char ' aria-hidden='true' data-av_icon='\ue85b' data-av_iconfont='entypo-fontello'><\/span><\/div><article class=\"article-icon-entry \" ><div class='iconlist_content_wrap'><header class=\"entry-content-header\"><\/header><div class='iconlist_content  '  ><p>04\/02\/2022<\/p>\n<\/div><\/div><footer class=\"entry-footer\"><\/footer><\/article><div class='iconlist-timeline'><\/div><\/li>\n<li><div  class='iconlist_icon  avia-font-entypo-fontello'><span class='iconlist-char ' aria-hidden='true' data-av_icon='\ue862' data-av_iconfont='entypo-fontello'><\/span><\/div><article class=\"article-icon-entry \" ><div class='iconlist_content_wrap'><header class=\"entry-content-header\"><\/header><div class='iconlist_content  '  ><p>Divendres 4 de febrer a les 19.00 h CET<\/p>\n<\/div><\/div><footer class=\"entry-footer\"><\/footer><\/article><div class='iconlist-timeline'><\/div><\/li>\n<li><div  class='iconlist_icon  avia-font-entypo-fontello'><span class='iconlist-char ' aria-hidden='true' data-av_icon='\ue842' data-av_iconfont='entypo-fontello'><\/span><\/div><article class=\"article-icon-entry \" ><div class='iconlist_content_wrap'><header class=\"entry-content-header\"><\/header><div class='iconlist_content  '  ><p>Museo Nacional Thyssen-Bornemisza<br \/>\nPaseo del Prado, 8<br \/>\nMadrid<\/p>\n<\/div><\/div><footer class=\"entry-footer\"><\/footer><\/article><div class='iconlist-timeline'><\/div><\/li>\n<li><div  class='iconlist_icon  avia-font-entypo-fontello'><span class='iconlist-char ' aria-hidden='true' data-av_icon='\ue8cb' data-av_iconfont='entypo-fontello'><\/span><\/div><article class=\"article-icon-entry \" ><div class='iconlist_content_wrap'><header class=\"entry-content-header\"><\/header><div class='iconlist_content  '  ><p>Entrada gratu\u00efta.<\/p>\n<p><a href=\"https:\/\/entradas.museothyssen.org\/es\/241-actividades\/4556-cartas-de-akyab\/4847811-cartas-de-akyab-una-pelicula-de-eugenia-balcells\"><strong>Consigueix la teva entrada<\/strong><\/a><\/p>\n<\/div><\/div><footer class=\"entry-footer\"><\/footer><\/article><div class='iconlist-timeline'><\/div><\/li>\n<li><div  class='iconlist_icon  avia-font-entypo-fontello'><span class='iconlist-char ' aria-hidden='true' data-av_icon='\ue80a' data-av_iconfont='entypo-fontello'><\/span><\/div><article class=\"article-icon-entry \" ><div class='iconlist_content_wrap'><header class=\"entry-content-header\"><\/header><div class='iconlist_content  '  ><p>Casa \u00c0sia, amb la col\u00b7laboraci\u00f3 d\u2019Eug\u00e8nia Balcells Foundation<\/p>\n<\/div><\/div><footer class=\"entry-footer\"><\/footer><\/article><div class='iconlist-timeline'><\/div><\/li>\n<\/ul><\/div>\n<div   data-autoplay='false'  data-interval='5'  data-animation='slide'  class='avia-logo-element-container  avia-logo-slider avia-content-slider avia-smallarrow-slider avia-content-slider-active noHover avia-content-slider1 avia-content-slider-odd  avia-builder-el-4  el_after_av_iconlist  avia-builder-el-last  ' ><div class='avia-smallarrow-slider-heading  no-logo-slider-heading '><div class='new-special-heading'>&nbsp;<\/div><\/div><div class='avia-content-slider-inner'><div class='slide-entry-wrap' ><div  class='slide-entry flex_column no_margin post-entry slide-entry-overview slide-loop-1 slide-parity-odd  av_one_third first real-thumbnail'><span class='av-partner-fake-img' style='padding-bottom:60.606060606061%; background-image:url(https:\/\/asianfilmfestival.barcelona\/2021\/wp-content\/uploads\/2021\/10\/01-casa-asia_21_g.png);'><\/span><\/div><div  class='slide-entry flex_column no_margin post-entry slide-entry-overview slide-loop-2 slide-parity-even  post-entry-last  av_one_third  real-thumbnail'><span class='av-partner-fake-img' style='padding-bottom:60.606060606061%; background-image:url(https:\/\/asianfilmfestival.barcelona\/2021\/wp-content\/uploads\/2022\/02\/EBF-Roseta-oberta.jpg);'><\/span><\/div><\/div><\/div><\/div>\n","protected":false},"excerpt":{"rendered":"","protected":false},"author":8,"featured_media":38229,"comment_status":"closed","ping_status":"open","sticky":false,"template":"","format":"standard","meta":{"footnotes":""},"categories":[33],"tags":[],"class_list":["post-38228","post","type-post","status-publish","format-standard","has-post-thumbnail","hentry","category-noticies"],"yoast_head":"<!-- This site is optimized with the Yoast SEO plugin v27.4 - https:\/\/yoast.com\/product\/yoast-seo-wordpress\/ -->\n<title>Projecci\u00f3 de la pel\u00b7l\u00edcula: \u00abCartes d\u2019Akyab\u00bb d\u2019Eug\u00e8nia Balcells - Asian Film Festival Barcelona<\/title>\n<meta name=\"robots\" content=\"index, follow, max-snippet:-1, max-image-preview:large, max-video-preview:-1\" \/>\n<link rel=\"canonical\" href=\"https:\/\/asianfilmfestival.barcelona\/2021\/ca\/projeccio-de-la-pel\u00b7licula-cartes-dakyab-deugenia-balcells\/\" \/>\n<meta property=\"og:locale\" content=\"ca_ES\" \/>\n<meta property=\"og:type\" content=\"article\" \/>\n<meta property=\"og:title\" content=\"Projecci\u00f3 de la pel\u00b7l\u00edcula: \u00abCartes d\u2019Akyab\u00bb d\u2019Eug\u00e8nia Balcells - Asian Film Festival Barcelona\" \/>\n<meta property=\"og:url\" content=\"https:\/\/asianfilmfestival.barcelona\/2021\/ca\/projeccio-de-la-pel\u00b7licula-cartes-dakyab-deugenia-balcells\/\" \/>\n<meta property=\"og:site_name\" content=\"Asian Film Festival Barcelona\" \/>\n<meta property=\"article:published_time\" content=\"2022-02-03T16:18:49+00:00\" \/>\n<meta property=\"og:image\" content=\"https:\/\/asianfilmfestival.barcelona\/2021\/wp-content\/uploads\/2022\/02\/cartes-akyab.jpg\" \/>\n\t<meta property=\"og:image:width\" content=\"1280\" \/>\n\t<meta property=\"og:image:height\" content=\"720\" \/>\n\t<meta property=\"og:image:type\" content=\"image\/jpeg\" \/>\n<meta name=\"author\" content=\"Asian Film Festival Barcelona\" \/>\n<meta name=\"twitter:card\" content=\"summary_large_image\" \/>\n<meta name=\"twitter:label1\" content=\"Escrit per\" \/>\n\t<meta name=\"twitter:data1\" content=\"Asian Film Festival Barcelona\" \/>\n\t<meta name=\"twitter:label2\" content=\"Temps estimat de lectura\" \/>\n\t<meta name=\"twitter:data2\" content=\"3 minuts\" \/>\n<script type=\"application\/ld+json\" class=\"yoast-schema-graph\">{\"@context\":\"https:\\\/\\\/schema.org\",\"@graph\":[{\"@type\":\"Article\",\"@id\":\"https:\\\/\\\/asianfilmfestival.barcelona\\\/2021\\\/ca\\\/projeccio-de-la-pel%c2%b7licula-cartes-dakyab-deugenia-balcells\\\/#article\",\"isPartOf\":{\"@id\":\"https:\\\/\\\/asianfilmfestival.barcelona\\\/2021\\\/ca\\\/projeccio-de-la-pel%c2%b7licula-cartes-dakyab-deugenia-balcells\\\/\"},\"author\":{\"name\":\"Asian Film Festival Barcelona\",\"@id\":\"https:\\\/\\\/asianfilmfestival.barcelona\\\/2021\\\/#\\\/schema\\\/person\\\/86a1f3b7a536690d6c2c6d700ad93adb\"},\"headline\":\"Projecci\u00f3 de la pel\u00b7l\u00edcula: \u00abCartes d\u2019Akyab\u00bb d\u2019Eug\u00e8nia Balcells\",\"datePublished\":\"2022-02-03T16:18:49+00:00\",\"mainEntityOfPage\":{\"@id\":\"https:\\\/\\\/asianfilmfestival.barcelona\\\/2021\\\/ca\\\/projeccio-de-la-pel%c2%b7licula-cartes-dakyab-deugenia-balcells\\\/\"},\"wordCount\":867,\"image\":{\"@id\":\"https:\\\/\\\/asianfilmfestival.barcelona\\\/2021\\\/ca\\\/projeccio-de-la-pel%c2%b7licula-cartes-dakyab-deugenia-balcells\\\/#primaryimage\"},\"thumbnailUrl\":\"https:\\\/\\\/asianfilmfestival.barcelona\\\/2021\\\/wp-content\\\/uploads\\\/2022\\\/02\\\/cartes-akyab.jpg\",\"articleSection\":[\"Not\u00edcies\"],\"inLanguage\":\"ca\"},{\"@type\":\"WebPage\",\"@id\":\"https:\\\/\\\/asianfilmfestival.barcelona\\\/2021\\\/ca\\\/projeccio-de-la-pel%c2%b7licula-cartes-dakyab-deugenia-balcells\\\/\",\"url\":\"https:\\\/\\\/asianfilmfestival.barcelona\\\/2021\\\/ca\\\/projeccio-de-la-pel%c2%b7licula-cartes-dakyab-deugenia-balcells\\\/\",\"name\":\"Projecci\u00f3 de la pel\u00b7l\u00edcula: \u00abCartes d\u2019Akyab\u00bb d\u2019Eug\u00e8nia Balcells - Asian Film Festival Barcelona\",\"isPartOf\":{\"@id\":\"https:\\\/\\\/asianfilmfestival.barcelona\\\/2021\\\/#website\"},\"primaryImageOfPage\":{\"@id\":\"https:\\\/\\\/asianfilmfestival.barcelona\\\/2021\\\/ca\\\/projeccio-de-la-pel%c2%b7licula-cartes-dakyab-deugenia-balcells\\\/#primaryimage\"},\"image\":{\"@id\":\"https:\\\/\\\/asianfilmfestival.barcelona\\\/2021\\\/ca\\\/projeccio-de-la-pel%c2%b7licula-cartes-dakyab-deugenia-balcells\\\/#primaryimage\"},\"thumbnailUrl\":\"https:\\\/\\\/asianfilmfestival.barcelona\\\/2021\\\/wp-content\\\/uploads\\\/2022\\\/02\\\/cartes-akyab.jpg\",\"datePublished\":\"2022-02-03T16:18:49+00:00\",\"author\":{\"@id\":\"https:\\\/\\\/asianfilmfestival.barcelona\\\/2021\\\/#\\\/schema\\\/person\\\/86a1f3b7a536690d6c2c6d700ad93adb\"},\"breadcrumb\":{\"@id\":\"https:\\\/\\\/asianfilmfestival.barcelona\\\/2021\\\/ca\\\/projeccio-de-la-pel%c2%b7licula-cartes-dakyab-deugenia-balcells\\\/#breadcrumb\"},\"inLanguage\":\"ca\",\"potentialAction\":[{\"@type\":\"ReadAction\",\"target\":[\"https:\\\/\\\/asianfilmfestival.barcelona\\\/2021\\\/ca\\\/projeccio-de-la-pel%c2%b7licula-cartes-dakyab-deugenia-balcells\\\/\"]}]},{\"@type\":\"ImageObject\",\"inLanguage\":\"ca\",\"@id\":\"https:\\\/\\\/asianfilmfestival.barcelona\\\/2021\\\/ca\\\/projeccio-de-la-pel%c2%b7licula-cartes-dakyab-deugenia-balcells\\\/#primaryimage\",\"url\":\"https:\\\/\\\/asianfilmfestival.barcelona\\\/2021\\\/wp-content\\\/uploads\\\/2022\\\/02\\\/cartes-akyab.jpg\",\"contentUrl\":\"https:\\\/\\\/asianfilmfestival.barcelona\\\/2021\\\/wp-content\\\/uploads\\\/2022\\\/02\\\/cartes-akyab.jpg\",\"width\":1280,\"height\":720},{\"@type\":\"BreadcrumbList\",\"@id\":\"https:\\\/\\\/asianfilmfestival.barcelona\\\/2021\\\/ca\\\/projeccio-de-la-pel%c2%b7licula-cartes-dakyab-deugenia-balcells\\\/#breadcrumb\",\"itemListElement\":[{\"@type\":\"ListItem\",\"position\":1,\"name\":\"Home\",\"item\":\"https:\\\/\\\/asianfilmfestival.barcelona\\\/2021\\\/ca\\\/\"},{\"@type\":\"ListItem\",\"position\":2,\"name\":\"Projecci\u00f3 de la pel\u00b7l\u00edcula: \u00abCartes d\u2019Akyab\u00bb d\u2019Eug\u00e8nia Balcells\"}]},{\"@type\":\"WebSite\",\"@id\":\"https:\\\/\\\/asianfilmfestival.barcelona\\\/2021\\\/#website\",\"url\":\"https:\\\/\\\/asianfilmfestival.barcelona\\\/2021\\\/\",\"name\":\"Asian Film Festival Barcelona\",\"description\":\"2017\",\"potentialAction\":[{\"@type\":\"SearchAction\",\"target\":{\"@type\":\"EntryPoint\",\"urlTemplate\":\"https:\\\/\\\/asianfilmfestival.barcelona\\\/2021\\\/?s={search_term_string}\"},\"query-input\":{\"@type\":\"PropertyValueSpecification\",\"valueRequired\":true,\"valueName\":\"search_term_string\"}}],\"inLanguage\":\"ca\"},{\"@type\":\"Person\",\"@id\":\"https:\\\/\\\/asianfilmfestival.barcelona\\\/2021\\\/#\\\/schema\\\/person\\\/86a1f3b7a536690d6c2c6d700ad93adb\",\"name\":\"Asian Film Festival Barcelona\",\"image\":{\"@type\":\"ImageObject\",\"inLanguage\":\"ca\",\"@id\":\"https:\\\/\\\/secure.gravatar.com\\\/avatar\\\/2b70c89a32ff7923752020dbdcd7d17202d996fa13bbe4424cdbf22a297f3777?s=96&d=mm&r=g\",\"url\":\"https:\\\/\\\/secure.gravatar.com\\\/avatar\\\/2b70c89a32ff7923752020dbdcd7d17202d996fa13bbe4424cdbf22a297f3777?s=96&d=mm&r=g\",\"contentUrl\":\"https:\\\/\\\/secure.gravatar.com\\\/avatar\\\/2b70c89a32ff7923752020dbdcd7d17202d996fa13bbe4424cdbf22a297f3777?s=96&d=mm&r=g\",\"caption\":\"Asian Film Festival Barcelona\"}}]}<\/script>\n<!-- \/ Yoast SEO plugin. -->","yoast_head_json":{"title":"Projecci\u00f3 de la pel\u00b7l\u00edcula: \u00abCartes d\u2019Akyab\u00bb d\u2019Eug\u00e8nia Balcells - Asian Film Festival Barcelona","robots":{"index":"index","follow":"follow","max-snippet":"max-snippet:-1","max-image-preview":"max-image-preview:large","max-video-preview":"max-video-preview:-1"},"canonical":"https:\/\/asianfilmfestival.barcelona\/2021\/ca\/projeccio-de-la-pel\u00b7licula-cartes-dakyab-deugenia-balcells\/","og_locale":"ca_ES","og_type":"article","og_title":"Projecci\u00f3 de la pel\u00b7l\u00edcula: \u00abCartes d\u2019Akyab\u00bb d\u2019Eug\u00e8nia Balcells - Asian Film Festival Barcelona","og_url":"https:\/\/asianfilmfestival.barcelona\/2021\/ca\/projeccio-de-la-pel\u00b7licula-cartes-dakyab-deugenia-balcells\/","og_site_name":"Asian Film Festival Barcelona","article_published_time":"2022-02-03T16:18:49+00:00","og_image":[{"width":1280,"height":720,"url":"https:\/\/asianfilmfestival.barcelona\/2021\/wp-content\/uploads\/2022\/02\/cartes-akyab.jpg","type":"image\/jpeg"}],"author":"Asian Film Festival Barcelona","twitter_card":"summary_large_image","twitter_misc":{"Escrit per":"Asian Film Festival Barcelona","Temps estimat de lectura":"3 minuts"},"schema":{"@context":"https:\/\/schema.org","@graph":[{"@type":"Article","@id":"https:\/\/asianfilmfestival.barcelona\/2021\/ca\/projeccio-de-la-pel%c2%b7licula-cartes-dakyab-deugenia-balcells\/#article","isPartOf":{"@id":"https:\/\/asianfilmfestival.barcelona\/2021\/ca\/projeccio-de-la-pel%c2%b7licula-cartes-dakyab-deugenia-balcells\/"},"author":{"name":"Asian Film Festival Barcelona","@id":"https:\/\/asianfilmfestival.barcelona\/2021\/#\/schema\/person\/86a1f3b7a536690d6c2c6d700ad93adb"},"headline":"Projecci\u00f3 de la pel\u00b7l\u00edcula: \u00abCartes d\u2019Akyab\u00bb d\u2019Eug\u00e8nia Balcells","datePublished":"2022-02-03T16:18:49+00:00","mainEntityOfPage":{"@id":"https:\/\/asianfilmfestival.barcelona\/2021\/ca\/projeccio-de-la-pel%c2%b7licula-cartes-dakyab-deugenia-balcells\/"},"wordCount":867,"image":{"@id":"https:\/\/asianfilmfestival.barcelona\/2021\/ca\/projeccio-de-la-pel%c2%b7licula-cartes-dakyab-deugenia-balcells\/#primaryimage"},"thumbnailUrl":"https:\/\/asianfilmfestival.barcelona\/2021\/wp-content\/uploads\/2022\/02\/cartes-akyab.jpg","articleSection":["Not\u00edcies"],"inLanguage":"ca"},{"@type":"WebPage","@id":"https:\/\/asianfilmfestival.barcelona\/2021\/ca\/projeccio-de-la-pel%c2%b7licula-cartes-dakyab-deugenia-balcells\/","url":"https:\/\/asianfilmfestival.barcelona\/2021\/ca\/projeccio-de-la-pel%c2%b7licula-cartes-dakyab-deugenia-balcells\/","name":"Projecci\u00f3 de la pel\u00b7l\u00edcula: \u00abCartes d\u2019Akyab\u00bb d\u2019Eug\u00e8nia Balcells - Asian Film Festival Barcelona","isPartOf":{"@id":"https:\/\/asianfilmfestival.barcelona\/2021\/#website"},"primaryImageOfPage":{"@id":"https:\/\/asianfilmfestival.barcelona\/2021\/ca\/projeccio-de-la-pel%c2%b7licula-cartes-dakyab-deugenia-balcells\/#primaryimage"},"image":{"@id":"https:\/\/asianfilmfestival.barcelona\/2021\/ca\/projeccio-de-la-pel%c2%b7licula-cartes-dakyab-deugenia-balcells\/#primaryimage"},"thumbnailUrl":"https:\/\/asianfilmfestival.barcelona\/2021\/wp-content\/uploads\/2022\/02\/cartes-akyab.jpg","datePublished":"2022-02-03T16:18:49+00:00","author":{"@id":"https:\/\/asianfilmfestival.barcelona\/2021\/#\/schema\/person\/86a1f3b7a536690d6c2c6d700ad93adb"},"breadcrumb":{"@id":"https:\/\/asianfilmfestival.barcelona\/2021\/ca\/projeccio-de-la-pel%c2%b7licula-cartes-dakyab-deugenia-balcells\/#breadcrumb"},"inLanguage":"ca","potentialAction":[{"@type":"ReadAction","target":["https:\/\/asianfilmfestival.barcelona\/2021\/ca\/projeccio-de-la-pel%c2%b7licula-cartes-dakyab-deugenia-balcells\/"]}]},{"@type":"ImageObject","inLanguage":"ca","@id":"https:\/\/asianfilmfestival.barcelona\/2021\/ca\/projeccio-de-la-pel%c2%b7licula-cartes-dakyab-deugenia-balcells\/#primaryimage","url":"https:\/\/asianfilmfestival.barcelona\/2021\/wp-content\/uploads\/2022\/02\/cartes-akyab.jpg","contentUrl":"https:\/\/asianfilmfestival.barcelona\/2021\/wp-content\/uploads\/2022\/02\/cartes-akyab.jpg","width":1280,"height":720},{"@type":"BreadcrumbList","@id":"https:\/\/asianfilmfestival.barcelona\/2021\/ca\/projeccio-de-la-pel%c2%b7licula-cartes-dakyab-deugenia-balcells\/#breadcrumb","itemListElement":[{"@type":"ListItem","position":1,"name":"Home","item":"https:\/\/asianfilmfestival.barcelona\/2021\/ca\/"},{"@type":"ListItem","position":2,"name":"Projecci\u00f3 de la pel\u00b7l\u00edcula: \u00abCartes d\u2019Akyab\u00bb d\u2019Eug\u00e8nia Balcells"}]},{"@type":"WebSite","@id":"https:\/\/asianfilmfestival.barcelona\/2021\/#website","url":"https:\/\/asianfilmfestival.barcelona\/2021\/","name":"Asian Film Festival Barcelona","description":"2017","potentialAction":[{"@type":"SearchAction","target":{"@type":"EntryPoint","urlTemplate":"https:\/\/asianfilmfestival.barcelona\/2021\/?s={search_term_string}"},"query-input":{"@type":"PropertyValueSpecification","valueRequired":true,"valueName":"search_term_string"}}],"inLanguage":"ca"},{"@type":"Person","@id":"https:\/\/asianfilmfestival.barcelona\/2021\/#\/schema\/person\/86a1f3b7a536690d6c2c6d700ad93adb","name":"Asian Film Festival Barcelona","image":{"@type":"ImageObject","inLanguage":"ca","@id":"https:\/\/secure.gravatar.com\/avatar\/2b70c89a32ff7923752020dbdcd7d17202d996fa13bbe4424cdbf22a297f3777?s=96&d=mm&r=g","url":"https:\/\/secure.gravatar.com\/avatar\/2b70c89a32ff7923752020dbdcd7d17202d996fa13bbe4424cdbf22a297f3777?s=96&d=mm&r=g","contentUrl":"https:\/\/secure.gravatar.com\/avatar\/2b70c89a32ff7923752020dbdcd7d17202d996fa13bbe4424cdbf22a297f3777?s=96&d=mm&r=g","caption":"Asian Film Festival Barcelona"}}]}},"_links":{"self":[{"href":"https:\/\/asianfilmfestival.barcelona\/2021\/ca\/wp-json\/wp\/v2\/posts\/38228","targetHints":{"allow":["GET"]}}],"collection":[{"href":"https:\/\/asianfilmfestival.barcelona\/2021\/ca\/wp-json\/wp\/v2\/posts"}],"about":[{"href":"https:\/\/asianfilmfestival.barcelona\/2021\/ca\/wp-json\/wp\/v2\/types\/post"}],"author":[{"embeddable":true,"href":"https:\/\/asianfilmfestival.barcelona\/2021\/ca\/wp-json\/wp\/v2\/users\/8"}],"replies":[{"embeddable":true,"href":"https:\/\/asianfilmfestival.barcelona\/2021\/ca\/wp-json\/wp\/v2\/comments?post=38228"}],"version-history":[{"count":5,"href":"https:\/\/asianfilmfestival.barcelona\/2021\/ca\/wp-json\/wp\/v2\/posts\/38228\/revisions"}],"predecessor-version":[{"id":38266,"href":"https:\/\/asianfilmfestival.barcelona\/2021\/ca\/wp-json\/wp\/v2\/posts\/38228\/revisions\/38266"}],"wp:featuredmedia":[{"embeddable":true,"href":"https:\/\/asianfilmfestival.barcelona\/2021\/ca\/wp-json\/wp\/v2\/media\/38229"}],"wp:attachment":[{"href":"https:\/\/asianfilmfestival.barcelona\/2021\/ca\/wp-json\/wp\/v2\/media?parent=38228"}],"wp:term":[{"taxonomy":"category","embeddable":true,"href":"https:\/\/asianfilmfestival.barcelona\/2021\/ca\/wp-json\/wp\/v2\/categories?post=38228"},{"taxonomy":"post_tag","embeddable":true,"href":"https:\/\/asianfilmfestival.barcelona\/2021\/ca\/wp-json\/wp\/v2\/tags?post=38228"}],"curies":[{"name":"wp","href":"https:\/\/api.w.org\/{rel}","templated":true}]}}