{"id":32518,"date":"2021-08-05T18:48:54","date_gmt":"2021-08-05T16:48:54","guid":{"rendered":"https:\/\/asianfilmfestival.barcelona\/2021\/?p=30674"},"modified":"2021-10-05T17:57:18","modified_gmt":"2021-10-05T15:57:18","slug":"projeccio-de-la-pel%c2%b7licula-mindanao-de-brillante-ma-mendoza","status":"publish","type":"post","link":"https:\/\/asianfilmfestival.barcelona\/2021\/ca\/projeccio-de-la-pel%c2%b7licula-mindanao-de-brillante-ma-mendoza\/","title":{"rendered":"Projecci\u00f3 de la pel\u00b7l\u00edcula: &#8220;Mindanao&#8221; de Brillante Ma. Mendoza"},"content":{"rendered":"<div  class='avia-image-container  av-styling-    avia-builder-el-0  el_before_av_textblock  avia-builder-el-first  avia-align-center '  ><div class='avia-image-container-inner'><div class='avia-image-overlay-wrap'><img decoding=\"async\" class='wp-image-0 avia-img-lazy-loading-not-0 avia_image' src=\"https:\/\/asianfilmfestival.barcelona\/2021\/wp-content\/uploads\/2020\/10\/Filipinas-Mindanao-3.jpg\" alt='' title=''   \/><\/div><\/div><\/div>\n<section class=\"av_textblock_section \" ><div class='avia_textblock  '  ><h1 class=\"entry-title fusion-responsive-typography-calculated\" style=\"text-align: center;\" data-fontsize=\"50\" data-lineheight=\"normal\">Projecci\u00f3 de la pel\u00b7l\u00edcula: &#8220;Mindanao&#8221; de Brillante Ma. Mendoza<\/h1>\n<\/div><\/section>\n<section class=\"av_textblock_section \" ><div class='avia_textblock  '  ><section class=\"av_textblock_section \">\n<div class=\"avia_textblock \">\n<p><strong>Casa \u00c0sia amplia el cicle de cinema \u00abEl nou cinema filip\u00ed\u00bb amb la projecci\u00f3 de\u00a0<em>Mindanao<\/em>\u00a0(Filipines, 2019), l\u2019\u00faltima pel\u00b7l\u00edcula del controvertit i guardonat director filip\u00ed Brillante Ma. Mendoza.<\/strong><\/p>\n<p>Aquest cicle respon a l\u2019apogeu de cinema filip\u00ed m\u00e9s actual i tamb\u00e9 popular, sense deixar de tenir en compte l\u2019exist\u00e8ncia d\u2019un cinema independent que s\u2019ha desenvolupat paral\u00b7lelament des dels seus inicis fins al cinema comercial. Aquest cinema independent que arrenca amb for\u00e7a en una primera fase, entre 1950 i 1970, i tot seguit entre 1970 i 1980, d\u00e8cada en la qual es radicalitza, conviu amb un cinema que tracta d\u2019abastar tots els g\u00e8neres i arribar a p\u00fablics m\u00e9s amplis. La ind\u00fastria de cinema filip\u00ed ha estat una de les m\u00e9s potents del sud-est asi\u00e0tic al llarg de segle XX tot oscil\u00b7lant entre les seves etapes m\u00e9s \u00e0lgides i aquelles de menor repercussi\u00f3, coincidint amb les circumst\u00e0ncies econ\u00f2miques de pa\u00eds. D\u2019un temps en\u00e7\u00e0, s\u2019ha experimentat un nou apogeu d\u2019aquest cinema m\u00e9s popular i proper, que aborda la vida quotidiana en totes les seves dimensions, amb una clara prefer\u00e8ncia pel g\u00e8nere dram\u00e0tic.<\/p>\n<p><em>Dissabte 12 de juny de 2021, 20.00 h<\/em><\/p>\n<p><em><strong>MINDANAO<\/strong><\/em>\u00a0| Dir: Brillant Ma. Mendoza | 2019 | 124 \u2018| drama | VOSE<\/p>\n<p>Saima t\u00e9 cura de la seva filla Aisa, malalta de c\u00e0ncer, que es troba en un centre de recuperaci\u00f3 de Davao, mentre espera que el seu marit, Malang, metge de guerra, torni a casa despr\u00e9s de finalitzar una operaci\u00f3 a la prov\u00edncia de Maguindanao. Saima sap que hi ha pacients que superen la malaltia i d\u2019altres que no; Malang per la seva banda ha vist la mort al camp de batalla. Durant l\u2019espera, Saima es dedica a narrar la llegenda de Rajah i Sulayman, per mantenir l\u2019esperan\u00e7a, i perqu\u00e8 la seva filla i el seu marit puguin evadir la mort.<\/p>\n<p class=\"p1\"><strong><span class=\"s1\">Brillant Ma. Mendoza<\/span><\/strong><\/p>\n<p class=\"p1\"><span class=\"s1\">\u00c9s un dels cineastes filipins m\u00e9s coneguts internacionalment per la seva prol\u00edfica traject\u00f2ria. El 2009, va obtenir el premi al Millor Director per la seva pel\u00b7l\u00edcula\u00a0<strong><em>Kinatay<\/em>\u00a0<\/strong>al Festival de Cinema de Cannes. El 2012, la seva pel\u00b7l\u00edcula\u00a0<strong><em>The Womb<\/em><\/strong>\u00a0va obtenir dos premis al Festival de Cinema de Ven\u00e8cia. Amb\u00a0<strong><em>Mindanao<\/em><\/strong>, la seva \u00faltima pel\u00b7l\u00edcula, Mendoza tracta de donar-nos a con\u00e8ixer l\u2019experi\u00e8ncia de la mort en la cultura filipina.<\/span><\/p>\n<\/div>\n<\/section>\n<\/div><\/section>\n<div  class='avia-icon-list-container   avia-builder-el-3  el_after_av_textblock  el_before_av_partner '><ul class='avia-icon-list avia-icon-list-left av-iconlist-big avia_animate_when_almost_visible avia-iconlist-animate'>\n<li><div  class='iconlist_icon  avia-font-entypo-fontello'><span class='iconlist-char ' aria-hidden='true' data-av_icon='\ue85b' data-av_iconfont='entypo-fontello'><\/span><\/div><article class=\"article-icon-entry \" ><div class='iconlist_content_wrap'><header class=\"entry-content-header\"><\/header><div class='iconlist_content  '  ><p>12\/06\/2021<\/p>\n<\/div><\/div><footer class=\"entry-footer\"><\/footer><\/article><div class='iconlist-timeline'><\/div><\/li>\n<li><div  class='iconlist_icon  avia-font-entypo-fontello'><span class='iconlist-char ' aria-hidden='true' data-av_icon='\ue862' data-av_iconfont='entypo-fontello'><\/span><\/div><article class=\"article-icon-entry \" ><div class='iconlist_content_wrap'><header class=\"entry-content-header\"><\/header><div class='iconlist_content  '  ><p>Dissabte 12 de juny a les 20.00 h<\/p>\n<\/div><\/div><footer class=\"entry-footer\"><\/footer><\/article><div class='iconlist-timeline'><\/div><\/li>\n<li><div  class='iconlist_icon  avia-font-entypo-fontello'><span class='iconlist-char ' aria-hidden='true' data-av_icon='\ue842' data-av_iconfont='entypo-fontello'><\/span><\/div><article class=\"article-icon-entry \" ><div class='iconlist_content_wrap'><header class=\"entry-content-header\"><\/header><div class='iconlist_content  '  ><p>Cinemes Girona | Carrer de Girona, 175 Barcelona<\/p>\n<\/div><\/div><footer class=\"entry-footer\"><\/footer><\/article><div class='iconlist-timeline'><\/div><\/li>\n<li><div  class='iconlist_icon  avia-font-entypo-fontello'><span class='iconlist-char ' aria-hidden='true' data-av_icon='\ue8cb' data-av_iconfont='entypo-fontello'><\/span><\/div><article class=\"article-icon-entry \" ><div class='iconlist_content_wrap'><header class=\"entry-content-header\"><\/header><div class='iconlist_content  '  ><p>Preu de l\u2019entrada: 4,5 euros | Preu abonats i socis dels Cinemes Girona: 3 euros<\/p>\n<\/div><\/div><footer class=\"entry-footer\"><\/footer><\/article><div class='iconlist-timeline'><\/div><\/li>\n<li><div  class='iconlist_icon  avia-font-entypo-fontello'><span class='iconlist-char ' aria-hidden='true' data-av_icon='\ue80a' data-av_iconfont='entypo-fontello'><\/span><\/div><article class=\"article-icon-entry \" ><div class='iconlist_content_wrap'><header class=\"entry-content-header\"><\/header><div class='iconlist_content  '  ><div class=\"avia-icon-list-container avia-builder-el-3 el_after_av_textblock el_before_av_partner \">\n<article class=\"article-icon-entry \">\n<div class=\"iconlist_content_wrap\">\n<div class=\"iconlist_content \">\n<p>Casa \u00c0sia i Cinemes Girona, amb la col\u00b7laboraci\u00f3 de Center Stage Productions.<\/p>\n<\/div>\n<\/div>\n<footer class=\"entry-footer\"><\/footer>\n<\/article>\n<\/div>\n<div class=\"avia-logo-element-container avia-logo-slider avia-content-slider avia-smallarrow-slider avia-content-slider-active noHover avia-content-slider1 avia-content-slider-odd avia-builder-el-4 el_after_av_iconlist avia-builder-el-last\" data-autoplay=\"false\" data-interval=\"5\" data-animation=\"slide\">\n<div class=\"avia-smallarrow-slider-heading no-logo-slider-heading \"><\/div>\n<\/div>\n<\/div><\/div><footer class=\"entry-footer\"><\/footer><\/article><div class='iconlist-timeline'><\/div><\/li>\n<\/ul><\/div>\n<div   data-autoplay='false'  data-interval='5'  data-animation='slide'  class='avia-logo-element-container  avia-logo-slider avia-content-slider avia-smallarrow-slider avia-content-slider-active noHover avia-content-slider1 avia-content-slider-odd  avia-builder-el-4  el_after_av_iconlist  avia-builder-el-last  ' ><div class='avia-smallarrow-slider-heading  no-logo-slider-heading '><div class='new-special-heading'>&nbsp;<\/div><\/div><div class='avia-content-slider-inner'><div class='slide-entry-wrap' ><div  class='slide-entry flex_column no_margin post-entry slide-entry-overview slide-loop-1 slide-parity-odd  av_one_third first real-thumbnail'><\/div><div  class='slide-entry flex_column no_margin post-entry slide-entry-overview slide-loop-2 slide-parity-even  post-entry-last  av_one_third  real-thumbnail'><span class='av-partner-fake-img' style='padding-bottom:15.868263473054%; background-image:url(https:\/\/asianfilmfestival.barcelona\/2021\/wp-content\/uploads\/2019\/12\/cinemes-girona.jpg);'><\/span><\/div><\/div><\/div><\/div>\n","protected":false},"excerpt":{"rendered":"","protected":false},"author":8,"featured_media":0,"comment_status":"closed","ping_status":"open","sticky":false,"template":"","format":"standard","meta":{"footnotes":""},"categories":[33],"tags":[],"class_list":["post-32518","post","type-post","status-publish","format-standard","hentry","category-noticies"],"yoast_head":"<!-- This site is optimized with the Yoast SEO plugin v27.4 - https:\/\/yoast.com\/product\/yoast-seo-wordpress\/ -->\n<title>Projecci\u00f3 de la pel\u00b7l\u00edcula: &quot;Mindanao&quot; de Brillante Ma. Mendoza - Asian Film Festival Barcelona<\/title>\n<meta name=\"robots\" content=\"index, follow, max-snippet:-1, max-image-preview:large, max-video-preview:-1\" \/>\n<link rel=\"canonical\" href=\"https:\/\/asianfilmfestival.barcelona\/2021\/ca\/projeccio-de-la-pel\u00b7licula-mindanao-de-brillante-ma-mendoza\/\" \/>\n<meta property=\"og:locale\" content=\"ca_ES\" \/>\n<meta property=\"og:type\" content=\"article\" \/>\n<meta property=\"og:title\" content=\"Projecci\u00f3 de la pel\u00b7l\u00edcula: &quot;Mindanao&quot; de Brillante Ma. Mendoza - Asian Film Festival Barcelona\" \/>\n<meta property=\"og:url\" content=\"https:\/\/asianfilmfestival.barcelona\/2021\/ca\/projeccio-de-la-pel\u00b7licula-mindanao-de-brillante-ma-mendoza\/\" \/>\n<meta property=\"og:site_name\" content=\"Asian Film Festival Barcelona\" \/>\n<meta property=\"article:published_time\" content=\"2021-08-05T16:48:54+00:00\" \/>\n<meta property=\"article:modified_time\" content=\"2021-10-05T15:57:18+00:00\" \/>\n<meta name=\"author\" content=\"Asian Film Festival Barcelona\" \/>\n<meta name=\"twitter:card\" content=\"summary_large_image\" \/>\n<meta name=\"twitter:label1\" content=\"Escrit per\" \/>\n\t<meta name=\"twitter:data1\" content=\"Asian Film Festival Barcelona\" \/>\n\t<meta name=\"twitter:label2\" content=\"Temps estimat de lectura\" \/>\n\t<meta name=\"twitter:data2\" content=\"3 minuts\" \/>\n<script type=\"application\/ld+json\" class=\"yoast-schema-graph\">{\"@context\":\"https:\\\/\\\/schema.org\",\"@graph\":[{\"@type\":\"Article\",\"@id\":\"https:\\\/\\\/asianfilmfestival.barcelona\\\/2021\\\/ca\\\/projeccio-de-la-pel%c2%b7licula-mindanao-de-brillante-ma-mendoza\\\/#article\",\"isPartOf\":{\"@id\":\"https:\\\/\\\/asianfilmfestival.barcelona\\\/2021\\\/ca\\\/projeccio-de-la-pel%c2%b7licula-mindanao-de-brillante-ma-mendoza\\\/\"},\"author\":{\"name\":\"Asian Film Festival Barcelona\",\"@id\":\"https:\\\/\\\/asianfilmfestival.barcelona\\\/2021\\\/#\\\/schema\\\/person\\\/86a1f3b7a536690d6c2c6d700ad93adb\"},\"headline\":\"Projecci\u00f3 de la pel\u00b7l\u00edcula: &#8220;Mindanao&#8221; de Brillante Ma. Mendoza\",\"datePublished\":\"2021-08-05T16:48:54+00:00\",\"dateModified\":\"2021-10-05T15:57:18+00:00\",\"mainEntityOfPage\":{\"@id\":\"https:\\\/\\\/asianfilmfestival.barcelona\\\/2021\\\/ca\\\/projeccio-de-la-pel%c2%b7licula-mindanao-de-brillante-ma-mendoza\\\/\"},\"wordCount\":753,\"articleSection\":[\"Not\u00edcies\"],\"inLanguage\":\"ca\"},{\"@type\":\"WebPage\",\"@id\":\"https:\\\/\\\/asianfilmfestival.barcelona\\\/2021\\\/ca\\\/projeccio-de-la-pel%c2%b7licula-mindanao-de-brillante-ma-mendoza\\\/\",\"url\":\"https:\\\/\\\/asianfilmfestival.barcelona\\\/2021\\\/ca\\\/projeccio-de-la-pel%c2%b7licula-mindanao-de-brillante-ma-mendoza\\\/\",\"name\":\"Projecci\u00f3 de la pel\u00b7l\u00edcula: \\\"Mindanao\\\" de Brillante Ma. Mendoza - Asian Film Festival Barcelona\",\"isPartOf\":{\"@id\":\"https:\\\/\\\/asianfilmfestival.barcelona\\\/2021\\\/#website\"},\"datePublished\":\"2021-08-05T16:48:54+00:00\",\"dateModified\":\"2021-10-05T15:57:18+00:00\",\"author\":{\"@id\":\"https:\\\/\\\/asianfilmfestival.barcelona\\\/2021\\\/#\\\/schema\\\/person\\\/86a1f3b7a536690d6c2c6d700ad93adb\"},\"breadcrumb\":{\"@id\":\"https:\\\/\\\/asianfilmfestival.barcelona\\\/2021\\\/ca\\\/projeccio-de-la-pel%c2%b7licula-mindanao-de-brillante-ma-mendoza\\\/#breadcrumb\"},\"inLanguage\":\"ca\",\"potentialAction\":[{\"@type\":\"ReadAction\",\"target\":[\"https:\\\/\\\/asianfilmfestival.barcelona\\\/2021\\\/ca\\\/projeccio-de-la-pel%c2%b7licula-mindanao-de-brillante-ma-mendoza\\\/\"]}]},{\"@type\":\"BreadcrumbList\",\"@id\":\"https:\\\/\\\/asianfilmfestival.barcelona\\\/2021\\\/ca\\\/projeccio-de-la-pel%c2%b7licula-mindanao-de-brillante-ma-mendoza\\\/#breadcrumb\",\"itemListElement\":[{\"@type\":\"ListItem\",\"position\":1,\"name\":\"Home\",\"item\":\"https:\\\/\\\/asianfilmfestival.barcelona\\\/2021\\\/ca\\\/\"},{\"@type\":\"ListItem\",\"position\":2,\"name\":\"Projecci\u00f3 de la pel\u00b7l\u00edcula: &#8220;Mindanao&#8221; de Brillante Ma. Mendoza\"}]},{\"@type\":\"WebSite\",\"@id\":\"https:\\\/\\\/asianfilmfestival.barcelona\\\/2021\\\/#website\",\"url\":\"https:\\\/\\\/asianfilmfestival.barcelona\\\/2021\\\/\",\"name\":\"Asian Film Festival Barcelona\",\"description\":\"2017\",\"potentialAction\":[{\"@type\":\"SearchAction\",\"target\":{\"@type\":\"EntryPoint\",\"urlTemplate\":\"https:\\\/\\\/asianfilmfestival.barcelona\\\/2021\\\/?s={search_term_string}\"},\"query-input\":{\"@type\":\"PropertyValueSpecification\",\"valueRequired\":true,\"valueName\":\"search_term_string\"}}],\"inLanguage\":\"ca\"},{\"@type\":\"Person\",\"@id\":\"https:\\\/\\\/asianfilmfestival.barcelona\\\/2021\\\/#\\\/schema\\\/person\\\/86a1f3b7a536690d6c2c6d700ad93adb\",\"name\":\"Asian Film Festival Barcelona\",\"image\":{\"@type\":\"ImageObject\",\"inLanguage\":\"ca\",\"@id\":\"https:\\\/\\\/secure.gravatar.com\\\/avatar\\\/2b70c89a32ff7923752020dbdcd7d17202d996fa13bbe4424cdbf22a297f3777?s=96&d=mm&r=g\",\"url\":\"https:\\\/\\\/secure.gravatar.com\\\/avatar\\\/2b70c89a32ff7923752020dbdcd7d17202d996fa13bbe4424cdbf22a297f3777?s=96&d=mm&r=g\",\"contentUrl\":\"https:\\\/\\\/secure.gravatar.com\\\/avatar\\\/2b70c89a32ff7923752020dbdcd7d17202d996fa13bbe4424cdbf22a297f3777?s=96&d=mm&r=g\",\"caption\":\"Asian Film Festival Barcelona\"}}]}<\/script>\n<!-- \/ Yoast SEO plugin. -->","yoast_head_json":{"title":"Projecci\u00f3 de la pel\u00b7l\u00edcula: \"Mindanao\" de Brillante Ma. Mendoza - Asian Film Festival Barcelona","robots":{"index":"index","follow":"follow","max-snippet":"max-snippet:-1","max-image-preview":"max-image-preview:large","max-video-preview":"max-video-preview:-1"},"canonical":"https:\/\/asianfilmfestival.barcelona\/2021\/ca\/projeccio-de-la-pel\u00b7licula-mindanao-de-brillante-ma-mendoza\/","og_locale":"ca_ES","og_type":"article","og_title":"Projecci\u00f3 de la pel\u00b7l\u00edcula: \"Mindanao\" de Brillante Ma. Mendoza - Asian Film Festival Barcelona","og_url":"https:\/\/asianfilmfestival.barcelona\/2021\/ca\/projeccio-de-la-pel\u00b7licula-mindanao-de-brillante-ma-mendoza\/","og_site_name":"Asian Film Festival Barcelona","article_published_time":"2021-08-05T16:48:54+00:00","article_modified_time":"2021-10-05T15:57:18+00:00","author":"Asian Film Festival Barcelona","twitter_card":"summary_large_image","twitter_misc":{"Escrit per":"Asian Film Festival Barcelona","Temps estimat de lectura":"3 minuts"},"schema":{"@context":"https:\/\/schema.org","@graph":[{"@type":"Article","@id":"https:\/\/asianfilmfestival.barcelona\/2021\/ca\/projeccio-de-la-pel%c2%b7licula-mindanao-de-brillante-ma-mendoza\/#article","isPartOf":{"@id":"https:\/\/asianfilmfestival.barcelona\/2021\/ca\/projeccio-de-la-pel%c2%b7licula-mindanao-de-brillante-ma-mendoza\/"},"author":{"name":"Asian Film Festival Barcelona","@id":"https:\/\/asianfilmfestival.barcelona\/2021\/#\/schema\/person\/86a1f3b7a536690d6c2c6d700ad93adb"},"headline":"Projecci\u00f3 de la pel\u00b7l\u00edcula: &#8220;Mindanao&#8221; de Brillante Ma. Mendoza","datePublished":"2021-08-05T16:48:54+00:00","dateModified":"2021-10-05T15:57:18+00:00","mainEntityOfPage":{"@id":"https:\/\/asianfilmfestival.barcelona\/2021\/ca\/projeccio-de-la-pel%c2%b7licula-mindanao-de-brillante-ma-mendoza\/"},"wordCount":753,"articleSection":["Not\u00edcies"],"inLanguage":"ca"},{"@type":"WebPage","@id":"https:\/\/asianfilmfestival.barcelona\/2021\/ca\/projeccio-de-la-pel%c2%b7licula-mindanao-de-brillante-ma-mendoza\/","url":"https:\/\/asianfilmfestival.barcelona\/2021\/ca\/projeccio-de-la-pel%c2%b7licula-mindanao-de-brillante-ma-mendoza\/","name":"Projecci\u00f3 de la pel\u00b7l\u00edcula: \"Mindanao\" de Brillante Ma. Mendoza - Asian Film Festival Barcelona","isPartOf":{"@id":"https:\/\/asianfilmfestival.barcelona\/2021\/#website"},"datePublished":"2021-08-05T16:48:54+00:00","dateModified":"2021-10-05T15:57:18+00:00","author":{"@id":"https:\/\/asianfilmfestival.barcelona\/2021\/#\/schema\/person\/86a1f3b7a536690d6c2c6d700ad93adb"},"breadcrumb":{"@id":"https:\/\/asianfilmfestival.barcelona\/2021\/ca\/projeccio-de-la-pel%c2%b7licula-mindanao-de-brillante-ma-mendoza\/#breadcrumb"},"inLanguage":"ca","potentialAction":[{"@type":"ReadAction","target":["https:\/\/asianfilmfestival.barcelona\/2021\/ca\/projeccio-de-la-pel%c2%b7licula-mindanao-de-brillante-ma-mendoza\/"]}]},{"@type":"BreadcrumbList","@id":"https:\/\/asianfilmfestival.barcelona\/2021\/ca\/projeccio-de-la-pel%c2%b7licula-mindanao-de-brillante-ma-mendoza\/#breadcrumb","itemListElement":[{"@type":"ListItem","position":1,"name":"Home","item":"https:\/\/asianfilmfestival.barcelona\/2021\/ca\/"},{"@type":"ListItem","position":2,"name":"Projecci\u00f3 de la pel\u00b7l\u00edcula: &#8220;Mindanao&#8221; de Brillante Ma. Mendoza"}]},{"@type":"WebSite","@id":"https:\/\/asianfilmfestival.barcelona\/2021\/#website","url":"https:\/\/asianfilmfestival.barcelona\/2021\/","name":"Asian Film Festival Barcelona","description":"2017","potentialAction":[{"@type":"SearchAction","target":{"@type":"EntryPoint","urlTemplate":"https:\/\/asianfilmfestival.barcelona\/2021\/?s={search_term_string}"},"query-input":{"@type":"PropertyValueSpecification","valueRequired":true,"valueName":"search_term_string"}}],"inLanguage":"ca"},{"@type":"Person","@id":"https:\/\/asianfilmfestival.barcelona\/2021\/#\/schema\/person\/86a1f3b7a536690d6c2c6d700ad93adb","name":"Asian Film Festival Barcelona","image":{"@type":"ImageObject","inLanguage":"ca","@id":"https:\/\/secure.gravatar.com\/avatar\/2b70c89a32ff7923752020dbdcd7d17202d996fa13bbe4424cdbf22a297f3777?s=96&d=mm&r=g","url":"https:\/\/secure.gravatar.com\/avatar\/2b70c89a32ff7923752020dbdcd7d17202d996fa13bbe4424cdbf22a297f3777?s=96&d=mm&r=g","contentUrl":"https:\/\/secure.gravatar.com\/avatar\/2b70c89a32ff7923752020dbdcd7d17202d996fa13bbe4424cdbf22a297f3777?s=96&d=mm&r=g","caption":"Asian Film Festival Barcelona"}}]}},"_links":{"self":[{"href":"https:\/\/asianfilmfestival.barcelona\/2021\/ca\/wp-json\/wp\/v2\/posts\/32518","targetHints":{"allow":["GET"]}}],"collection":[{"href":"https:\/\/asianfilmfestival.barcelona\/2021\/ca\/wp-json\/wp\/v2\/posts"}],"about":[{"href":"https:\/\/asianfilmfestival.barcelona\/2021\/ca\/wp-json\/wp\/v2\/types\/post"}],"author":[{"embeddable":true,"href":"https:\/\/asianfilmfestival.barcelona\/2021\/ca\/wp-json\/wp\/v2\/users\/8"}],"replies":[{"embeddable":true,"href":"https:\/\/asianfilmfestival.barcelona\/2021\/ca\/wp-json\/wp\/v2\/comments?post=32518"}],"version-history":[{"count":2,"href":"https:\/\/asianfilmfestival.barcelona\/2021\/ca\/wp-json\/wp\/v2\/posts\/32518\/revisions"}],"predecessor-version":[{"id":32680,"href":"https:\/\/asianfilmfestival.barcelona\/2021\/ca\/wp-json\/wp\/v2\/posts\/32518\/revisions\/32680"}],"wp:attachment":[{"href":"https:\/\/asianfilmfestival.barcelona\/2021\/ca\/wp-json\/wp\/v2\/media?parent=32518"}],"wp:term":[{"taxonomy":"category","embeddable":true,"href":"https:\/\/asianfilmfestival.barcelona\/2021\/ca\/wp-json\/wp\/v2\/categories?post=32518"},{"taxonomy":"post_tag","embeddable":true,"href":"https:\/\/asianfilmfestival.barcelona\/2021\/ca\/wp-json\/wp\/v2\/tags?post=32518"}],"curies":[{"name":"wp","href":"https:\/\/api.w.org\/{rel}","templated":true}]}}