{"id":20352,"date":"2019-05-27T11:18:13","date_gmt":"2019-05-27T09:18:13","guid":{"rendered":"https:\/\/asianfilmfestival.barcelona\/2018\/?p=20352"},"modified":"2019-05-27T11:18:13","modified_gmt":"2019-05-27T09:18:13","slug":"casa-asia-en-el-salon-del-cine-y-de-las-series","status":"publish","type":"post","link":"https:\/\/asianfilmfestival.barcelona\/2018\/casa-asia-en-el-salon-del-cine-y-de-las-series\/","title":{"rendered":"Casa Asia en el Sal\u00f3n del Cine y de las Series"},"content":{"rendered":"<p><strong>Casa Asia estar\u00e1 de nuevo presente en la cuarta edici\u00f3n del \u201cSal\u00f3 del Cinema i les S\u00e8ries\u201d de Barcelona con un programa de actividades entre las que destaca la conversaci\u00f3n que Menene Gras Balaguer mantendr\u00e1 con Ra\u00fcl Gallego Abellan (1976), autor y director de <em>Pani; Women, Drugs and Kathmandu<\/em>.<\/strong><\/p>\n<p>&nbsp;<\/p>\n<p><em>Pani; Women, Drugs and Kathmandu<\/em>, documental impactante e \u00edntimo que explica la historia de un grupo de mujeres que por primera vez alzan la voz para denunciar su situaci\u00f3n y har\u00e1n todo lo posible para sobrevivir a la prostituci\u00f3n, al rechazo social y a su adicci\u00f3n a las drogas. Ra\u00fcl ha centrado su carrera particularmente en la cobertura de conflictos por todo el mundo y en el periodismo social. El stand de Casa Asia ser\u00e1 un punto de informaci\u00f3n del Asian Film Festival Barcelona | AFFBCN y de todas las actividades que programa la Instituci\u00f3n en sus sedes de Barcelona y Madrid. Este espacio ser\u00e1 tambi\u00e9n un lugar de encuentro para los seguidores del cine asi\u00e1tico, al igual que para los interesados en Asia y sus culturas en general.<\/p>\n<p><strong>Ac\u00e9rcate a nuestro stand y podr\u00e1s participar en el\u00a0sorteo de un lote de productos\u00a0de Oriental Market, proveedor oficial de Casa Asia.<\/strong><\/p>\n<p><strong>Viernes, 17 de mayo, 18.00 h<\/strong><\/p>\n<p><em><strong>CUANDO EL CINE ES DOCUMENTO Y ES HISTORIA<\/strong><\/em><br \/>\nCon motivo de la reciente presentaci\u00f3n del \u00faltimo trabajo de Ra\u00fcl Gallego Abellan, <em>Pani; Women, Drugs and Kathmandu<\/em> (2017). Menene Gras Balaguer, directora de Cultura y Exposiciones de Casa Asia conversar\u00e1 con su autor recorriendo \u00e9ste y los documentales realizados previamente por \u00e9l en <em>Afganist\u00e1n Foot Patrol. Afghanistan War (2007) <\/em>y <em>The Best and Worst Years of my Life. Afghanistan War <\/em>(2010).<\/p>\n<p>Participan:<br \/>\n<strong>Ra\u00fcl Gallego Abellan<\/strong>, v\u00eddeo periodista y director de documentales.<br \/>\n<strong>Menene Gras Balaguer,<\/strong> directora de Cultura y Exposiciones de Casa Asia.<\/p>\n<div class=\"two_cols\">\n<div class=\"column\">\n<div class=\"detalleitem\">\n<div class=\"detalletitle\"><strong>Fecha<\/strong><\/div>\n<div class=\"detalleinfo\">17\/05\/2019 &gt; 19\/05\/2019<\/div>\n<div class=\"clear\"><\/div>\n<\/div>\n<div class=\"detalleitem\">\n<div class=\"detalletitle\"><strong>Horario<\/strong><\/div>\n<div class=\"detalleinfo\">Viernes 17 de mayo, 15.00 h a 21.00 h<br \/>\nS\u00e1bado 18 de mayo, 10.00 h a 21.00 h<br \/>\nDomingo 19 de mayo de 10.00 h a 20.00 h<\/div>\n<div class=\"clear\"><\/div>\n<\/div>\n<div class=\"detalleitem\">\n<div class=\"detalletitle\"><strong>Lugar<\/strong><\/div>\n<div class=\"detalleinfo\">La Farga de l\u2019Hospitalet<br \/>\nc\/ Barcelona, 2<br \/>\nL&#8217;Hospitalet de Llobregat<\/div>\n<div class=\"clear\"><\/div>\n<\/div>\n<div class=\"detalleitem\">\n<div class=\"detalletitle\"><strong>Entrada<\/strong><\/div>\n<div class=\"detalleinfo\">Precio entrada anticipada y por web: viernes 17 de mayo 5 \u20ac; s\u00e1bado 18 y domingo 19 de mayo: 8,5 \u20ac<br \/>\nPrecio socios Carnet Jove y Club 3C: viernes 17 de mayo 4 \u20ac; s\u00e1bado 18 y domingo 19 de mayo: 6,8 \u20ac<br \/>\nEntrada de 4 a 14 a\u00f1os: 3 \u20ac<br \/>\nMenores de 4 a\u00f1os: GRATIS<br \/>\nPrecio abono de 3 d\u00edas: 17 \u20ac<\/div>\n<div class=\"clear\"><\/div>\n<\/div>\n<div class=\"detalleitem\">\n<div class=\"detalletitle\"><strong>Organizador<\/strong><\/div>\n<div class=\"detalleinfo\">Casa Asia en el marco de Sal\u00f3n del Cine y de las Series<\/div>\n<div class=\"clear\"><\/div>\n<\/div>\n<\/div>\n<div class=\"clear\"><\/div>\n<\/div>\n<div class=\"elementodesp\">\n<div class=\"box_title box_bg_cultura desplegable\"><\/div>\n<\/div>\n","protected":false},"excerpt":{"rendered":"<p>Casa Asia estar\u00e1 de nuevo presente en la cuarta edici\u00f3n del \u201cSal\u00f3 del Cinema i les S\u00e8ries\u201d de Barcelona con un programa de actividades entre las que destaca la conversaci\u00f3n que Menene Gras Balaguer mantendr\u00e1 con Ra\u00fcl Gallego Abellan (1976), autor y director de Pani; Women, Drugs and Kathmandu. &nbsp; Pani; Women, Drugs and Kathmandu, [&hellip;]<\/p>\n","protected":false},"author":8,"featured_media":20353,"comment_status":"closed","ping_status":"open","sticky":false,"template":"","format":"standard","meta":{"footnotes":""},"categories":[32],"tags":[],"class_list":["post-20352","post","type-post","status-publish","format-standard","has-post-thumbnail","hentry","category-noticias"],"yoast_head":"<!-- This site is optimized with the Yoast SEO plugin v27.5 - https:\/\/yoast.com\/product\/yoast-seo-wordpress\/ -->\n<title>Casa Asia en el Sal\u00f3n del Cine y de las Series - Asian Film Festival Barcelona<\/title>\n<meta name=\"robots\" content=\"noindex, follow, max-snippet:-1, max-image-preview:large, max-video-preview:-1\" \/>\n<meta property=\"og:locale\" content=\"en_US\" \/>\n<meta property=\"og:type\" content=\"article\" \/>\n<meta property=\"og:title\" content=\"Casa Asia en el Sal\u00f3n del Cine y de las Series - Asian Film Festival Barcelona\" \/>\n<meta property=\"og:description\" content=\"Casa Asia estar\u00e1 de nuevo presente en la cuarta edici\u00f3n del \u201cSal\u00f3 del Cinema i les S\u00e8ries\u201d de Barcelona con un programa de actividades entre las que destaca la conversaci\u00f3n que Menene Gras Balaguer mantendr\u00e1 con Ra\u00fcl Gallego Abellan (1976), autor y director de Pani; Women, Drugs and Kathmandu. &nbsp; Pani; Women, Drugs and Kathmandu, [&hellip;]\" \/>\n<meta property=\"og:url\" content=\"https:\/\/asianfilmfestival.barcelona\/2018\/es\/casa-asia-en-el-salon-del-cine-y-de-las-series\/\" \/>\n<meta property=\"og:site_name\" content=\"Asian Film Festival Barcelona\" \/>\n<meta property=\"article:published_time\" content=\"2019-05-27T09:18:13+00:00\" \/>\n<meta property=\"og:image\" content=\"https:\/\/asianfilmfestival.barcelona\/2018\/wp-content\/uploads\/2019\/05\/salo_cinema_i_series_700.jpg\" \/>\n\t<meta property=\"og:image:width\" content=\"700\" \/>\n\t<meta property=\"og:image:height\" content=\"179\" \/>\n\t<meta property=\"og:image:type\" content=\"image\/jpeg\" \/>\n<meta name=\"author\" content=\"Asian Film Festival Barcelona\" \/>\n<meta name=\"twitter:card\" content=\"summary_large_image\" \/>\n<meta name=\"twitter:label1\" content=\"Written by\" \/>\n\t<meta name=\"twitter:data1\" content=\"Asian Film Festival Barcelona\" \/>\n\t<meta name=\"twitter:label2\" content=\"Est. reading time\" \/>\n\t<meta name=\"twitter:data2\" content=\"2 minutes\" \/>\n<script type=\"application\/ld+json\" class=\"yoast-schema-graph\">{\"@context\":\"https:\\\/\\\/schema.org\",\"@graph\":[{\"@type\":\"Article\",\"@id\":\"https:\\\/\\\/asianfilmfestival.barcelona\\\/2018\\\/es\\\/casa-asia-en-el-salon-del-cine-y-de-las-series\\\/#article\",\"isPartOf\":{\"@id\":\"https:\\\/\\\/asianfilmfestival.barcelona\\\/2018\\\/es\\\/casa-asia-en-el-salon-del-cine-y-de-las-series\\\/\"},\"author\":{\"name\":\"Asian Film Festival Barcelona\",\"@id\":\"https:\\\/\\\/asianfilmfestival.barcelona\\\/2018\\\/#\\\/schema\\\/person\\\/1a931c4cabea9fd24bcfb4e848ffbc86\"},\"headline\":\"Casa Asia en el Sal\u00f3n del Cine y de las Series\",\"datePublished\":\"2019-05-27T09:18:13+00:00\",\"mainEntityOfPage\":{\"@id\":\"https:\\\/\\\/asianfilmfestival.barcelona\\\/2018\\\/es\\\/casa-asia-en-el-salon-del-cine-y-de-las-series\\\/\"},\"wordCount\":420,\"image\":{\"@id\":\"https:\\\/\\\/asianfilmfestival.barcelona\\\/2018\\\/es\\\/casa-asia-en-el-salon-del-cine-y-de-las-series\\\/#primaryimage\"},\"thumbnailUrl\":\"https:\\\/\\\/asianfilmfestival.barcelona\\\/2018\\\/wp-content\\\/uploads\\\/2019\\\/05\\\/salo_cinema_i_series_700.jpg\",\"articleSection\":[\"Noticias\"],\"inLanguage\":\"en-US\"},{\"@type\":\"WebPage\",\"@id\":\"https:\\\/\\\/asianfilmfestival.barcelona\\\/2018\\\/es\\\/casa-asia-en-el-salon-del-cine-y-de-las-series\\\/\",\"url\":\"https:\\\/\\\/asianfilmfestival.barcelona\\\/2018\\\/es\\\/casa-asia-en-el-salon-del-cine-y-de-las-series\\\/\",\"name\":\"Casa Asia en el Sal\u00f3n del Cine y de las Series - Asian Film Festival Barcelona\",\"isPartOf\":{\"@id\":\"https:\\\/\\\/asianfilmfestival.barcelona\\\/2018\\\/#website\"},\"primaryImageOfPage\":{\"@id\":\"https:\\\/\\\/asianfilmfestival.barcelona\\\/2018\\\/es\\\/casa-asia-en-el-salon-del-cine-y-de-las-series\\\/#primaryimage\"},\"image\":{\"@id\":\"https:\\\/\\\/asianfilmfestival.barcelona\\\/2018\\\/es\\\/casa-asia-en-el-salon-del-cine-y-de-las-series\\\/#primaryimage\"},\"thumbnailUrl\":\"https:\\\/\\\/asianfilmfestival.barcelona\\\/2018\\\/wp-content\\\/uploads\\\/2019\\\/05\\\/salo_cinema_i_series_700.jpg\",\"datePublished\":\"2019-05-27T09:18:13+00:00\",\"author\":{\"@id\":\"https:\\\/\\\/asianfilmfestival.barcelona\\\/2018\\\/#\\\/schema\\\/person\\\/1a931c4cabea9fd24bcfb4e848ffbc86\"},\"breadcrumb\":{\"@id\":\"https:\\\/\\\/asianfilmfestival.barcelona\\\/2018\\\/es\\\/casa-asia-en-el-salon-del-cine-y-de-las-series\\\/#breadcrumb\"},\"inLanguage\":\"en-US\",\"potentialAction\":[{\"@type\":\"ReadAction\",\"target\":[\"https:\\\/\\\/asianfilmfestival.barcelona\\\/2018\\\/es\\\/casa-asia-en-el-salon-del-cine-y-de-las-series\\\/\"]}]},{\"@type\":\"ImageObject\",\"inLanguage\":\"en-US\",\"@id\":\"https:\\\/\\\/asianfilmfestival.barcelona\\\/2018\\\/es\\\/casa-asia-en-el-salon-del-cine-y-de-las-series\\\/#primaryimage\",\"url\":\"https:\\\/\\\/asianfilmfestival.barcelona\\\/2018\\\/wp-content\\\/uploads\\\/2019\\\/05\\\/salo_cinema_i_series_700.jpg\",\"contentUrl\":\"https:\\\/\\\/asianfilmfestival.barcelona\\\/2018\\\/wp-content\\\/uploads\\\/2019\\\/05\\\/salo_cinema_i_series_700.jpg\",\"width\":700,\"height\":179},{\"@type\":\"BreadcrumbList\",\"@id\":\"https:\\\/\\\/asianfilmfestival.barcelona\\\/2018\\\/es\\\/casa-asia-en-el-salon-del-cine-y-de-las-series\\\/#breadcrumb\",\"itemListElement\":[{\"@type\":\"ListItem\",\"position\":1,\"name\":\"Home\",\"item\":\"https:\\\/\\\/asianfilmfestival.barcelona\\\/2018\\\/\"},{\"@type\":\"ListItem\",\"position\":2,\"name\":\"Casa Asia en el Sal\u00f3n del Cine y de las Series\"}]},{\"@type\":\"WebSite\",\"@id\":\"https:\\\/\\\/asianfilmfestival.barcelona\\\/2018\\\/#website\",\"url\":\"https:\\\/\\\/asianfilmfestival.barcelona\\\/2018\\\/\",\"name\":\"Asian Film Festival Barcelona\",\"description\":\"2018\",\"potentialAction\":[{\"@type\":\"SearchAction\",\"target\":{\"@type\":\"EntryPoint\",\"urlTemplate\":\"https:\\\/\\\/asianfilmfestival.barcelona\\\/2018\\\/?s={search_term_string}\"},\"query-input\":{\"@type\":\"PropertyValueSpecification\",\"valueRequired\":true,\"valueName\":\"search_term_string\"}}],\"inLanguage\":\"en-US\"},{\"@type\":\"Person\",\"@id\":\"https:\\\/\\\/asianfilmfestival.barcelona\\\/2018\\\/#\\\/schema\\\/person\\\/1a931c4cabea9fd24bcfb4e848ffbc86\",\"name\":\"Asian Film Festival Barcelona\",\"image\":{\"@type\":\"ImageObject\",\"inLanguage\":\"en-US\",\"@id\":\"https:\\\/\\\/secure.gravatar.com\\\/avatar\\\/2b70c89a32ff7923752020dbdcd7d17202d996fa13bbe4424cdbf22a297f3777?s=96&d=mm&r=g\",\"url\":\"https:\\\/\\\/secure.gravatar.com\\\/avatar\\\/2b70c89a32ff7923752020dbdcd7d17202d996fa13bbe4424cdbf22a297f3777?s=96&d=mm&r=g\",\"contentUrl\":\"https:\\\/\\\/secure.gravatar.com\\\/avatar\\\/2b70c89a32ff7923752020dbdcd7d17202d996fa13bbe4424cdbf22a297f3777?s=96&d=mm&r=g\",\"caption\":\"Asian Film Festival Barcelona\"}}]}<\/script>\n<!-- \/ Yoast SEO plugin. -->","yoast_head_json":{"title":"Casa Asia en el Sal\u00f3n del Cine y de las Series - Asian Film Festival Barcelona","robots":{"index":"noindex","follow":"follow","max-snippet":"max-snippet:-1","max-image-preview":"max-image-preview:large","max-video-preview":"max-video-preview:-1"},"og_locale":"en_US","og_type":"article","og_title":"Casa Asia en el Sal\u00f3n del Cine y de las Series - Asian Film Festival Barcelona","og_description":"Casa Asia estar\u00e1 de nuevo presente en la cuarta edici\u00f3n del \u201cSal\u00f3 del Cinema i les S\u00e8ries\u201d de Barcelona con un programa de actividades entre las que destaca la conversaci\u00f3n que Menene Gras Balaguer mantendr\u00e1 con Ra\u00fcl Gallego Abellan (1976), autor y director de Pani; Women, Drugs and Kathmandu. &nbsp; Pani; Women, Drugs and Kathmandu, [&hellip;]","og_url":"https:\/\/asianfilmfestival.barcelona\/2018\/es\/casa-asia-en-el-salon-del-cine-y-de-las-series\/","og_site_name":"Asian Film Festival Barcelona","article_published_time":"2019-05-27T09:18:13+00:00","og_image":[{"width":700,"height":179,"url":"https:\/\/asianfilmfestival.barcelona\/2018\/wp-content\/uploads\/2019\/05\/salo_cinema_i_series_700.jpg","type":"image\/jpeg"}],"author":"Asian Film Festival Barcelona","twitter_card":"summary_large_image","twitter_misc":{"Written by":"Asian Film Festival Barcelona","Est. reading time":"2 minutes"},"schema":{"@context":"https:\/\/schema.org","@graph":[{"@type":"Article","@id":"https:\/\/asianfilmfestival.barcelona\/2018\/es\/casa-asia-en-el-salon-del-cine-y-de-las-series\/#article","isPartOf":{"@id":"https:\/\/asianfilmfestival.barcelona\/2018\/es\/casa-asia-en-el-salon-del-cine-y-de-las-series\/"},"author":{"name":"Asian Film Festival Barcelona","@id":"https:\/\/asianfilmfestival.barcelona\/2018\/#\/schema\/person\/1a931c4cabea9fd24bcfb4e848ffbc86"},"headline":"Casa Asia en el Sal\u00f3n del Cine y de las Series","datePublished":"2019-05-27T09:18:13+00:00","mainEntityOfPage":{"@id":"https:\/\/asianfilmfestival.barcelona\/2018\/es\/casa-asia-en-el-salon-del-cine-y-de-las-series\/"},"wordCount":420,"image":{"@id":"https:\/\/asianfilmfestival.barcelona\/2018\/es\/casa-asia-en-el-salon-del-cine-y-de-las-series\/#primaryimage"},"thumbnailUrl":"https:\/\/asianfilmfestival.barcelona\/2018\/wp-content\/uploads\/2019\/05\/salo_cinema_i_series_700.jpg","articleSection":["Noticias"],"inLanguage":"en-US"},{"@type":"WebPage","@id":"https:\/\/asianfilmfestival.barcelona\/2018\/es\/casa-asia-en-el-salon-del-cine-y-de-las-series\/","url":"https:\/\/asianfilmfestival.barcelona\/2018\/es\/casa-asia-en-el-salon-del-cine-y-de-las-series\/","name":"Casa Asia en el Sal\u00f3n del Cine y de las Series - Asian Film Festival Barcelona","isPartOf":{"@id":"https:\/\/asianfilmfestival.barcelona\/2018\/#website"},"primaryImageOfPage":{"@id":"https:\/\/asianfilmfestival.barcelona\/2018\/es\/casa-asia-en-el-salon-del-cine-y-de-las-series\/#primaryimage"},"image":{"@id":"https:\/\/asianfilmfestival.barcelona\/2018\/es\/casa-asia-en-el-salon-del-cine-y-de-las-series\/#primaryimage"},"thumbnailUrl":"https:\/\/asianfilmfestival.barcelona\/2018\/wp-content\/uploads\/2019\/05\/salo_cinema_i_series_700.jpg","datePublished":"2019-05-27T09:18:13+00:00","author":{"@id":"https:\/\/asianfilmfestival.barcelona\/2018\/#\/schema\/person\/1a931c4cabea9fd24bcfb4e848ffbc86"},"breadcrumb":{"@id":"https:\/\/asianfilmfestival.barcelona\/2018\/es\/casa-asia-en-el-salon-del-cine-y-de-las-series\/#breadcrumb"},"inLanguage":"en-US","potentialAction":[{"@type":"ReadAction","target":["https:\/\/asianfilmfestival.barcelona\/2018\/es\/casa-asia-en-el-salon-del-cine-y-de-las-series\/"]}]},{"@type":"ImageObject","inLanguage":"en-US","@id":"https:\/\/asianfilmfestival.barcelona\/2018\/es\/casa-asia-en-el-salon-del-cine-y-de-las-series\/#primaryimage","url":"https:\/\/asianfilmfestival.barcelona\/2018\/wp-content\/uploads\/2019\/05\/salo_cinema_i_series_700.jpg","contentUrl":"https:\/\/asianfilmfestival.barcelona\/2018\/wp-content\/uploads\/2019\/05\/salo_cinema_i_series_700.jpg","width":700,"height":179},{"@type":"BreadcrumbList","@id":"https:\/\/asianfilmfestival.barcelona\/2018\/es\/casa-asia-en-el-salon-del-cine-y-de-las-series\/#breadcrumb","itemListElement":[{"@type":"ListItem","position":1,"name":"Home","item":"https:\/\/asianfilmfestival.barcelona\/2018\/"},{"@type":"ListItem","position":2,"name":"Casa Asia en el Sal\u00f3n del Cine y de las Series"}]},{"@type":"WebSite","@id":"https:\/\/asianfilmfestival.barcelona\/2018\/#website","url":"https:\/\/asianfilmfestival.barcelona\/2018\/","name":"Asian Film Festival Barcelona","description":"2018","potentialAction":[{"@type":"SearchAction","target":{"@type":"EntryPoint","urlTemplate":"https:\/\/asianfilmfestival.barcelona\/2018\/?s={search_term_string}"},"query-input":{"@type":"PropertyValueSpecification","valueRequired":true,"valueName":"search_term_string"}}],"inLanguage":"en-US"},{"@type":"Person","@id":"https:\/\/asianfilmfestival.barcelona\/2018\/#\/schema\/person\/1a931c4cabea9fd24bcfb4e848ffbc86","name":"Asian Film Festival Barcelona","image":{"@type":"ImageObject","inLanguage":"en-US","@id":"https:\/\/secure.gravatar.com\/avatar\/2b70c89a32ff7923752020dbdcd7d17202d996fa13bbe4424cdbf22a297f3777?s=96&d=mm&r=g","url":"https:\/\/secure.gravatar.com\/avatar\/2b70c89a32ff7923752020dbdcd7d17202d996fa13bbe4424cdbf22a297f3777?s=96&d=mm&r=g","contentUrl":"https:\/\/secure.gravatar.com\/avatar\/2b70c89a32ff7923752020dbdcd7d17202d996fa13bbe4424cdbf22a297f3777?s=96&d=mm&r=g","caption":"Asian Film Festival Barcelona"}}]}},"_links":{"self":[{"href":"https:\/\/asianfilmfestival.barcelona\/2018\/wp-json\/wp\/v2\/posts\/20352","targetHints":{"allow":["GET"]}}],"collection":[{"href":"https:\/\/asianfilmfestival.barcelona\/2018\/wp-json\/wp\/v2\/posts"}],"about":[{"href":"https:\/\/asianfilmfestival.barcelona\/2018\/wp-json\/wp\/v2\/types\/post"}],"author":[{"embeddable":true,"href":"https:\/\/asianfilmfestival.barcelona\/2018\/wp-json\/wp\/v2\/users\/8"}],"replies":[{"embeddable":true,"href":"https:\/\/asianfilmfestival.barcelona\/2018\/wp-json\/wp\/v2\/comments?post=20352"}],"version-history":[{"count":2,"href":"https:\/\/asianfilmfestival.barcelona\/2018\/wp-json\/wp\/v2\/posts\/20352\/revisions"}],"predecessor-version":[{"id":20357,"href":"https:\/\/asianfilmfestival.barcelona\/2018\/wp-json\/wp\/v2\/posts\/20352\/revisions\/20357"}],"wp:featuredmedia":[{"embeddable":true,"href":"https:\/\/asianfilmfestival.barcelona\/2018\/wp-json\/wp\/v2\/media\/20353"}],"wp:attachment":[{"href":"https:\/\/asianfilmfestival.barcelona\/2018\/wp-json\/wp\/v2\/media?parent=20352"}],"wp:term":[{"taxonomy":"category","embeddable":true,"href":"https:\/\/asianfilmfestival.barcelona\/2018\/wp-json\/wp\/v2\/categories?post=20352"},{"taxonomy":"post_tag","embeddable":true,"href":"https:\/\/asianfilmfestival.barcelona\/2018\/wp-json\/wp\/v2\/tags?post=20352"}],"curies":[{"name":"wp","href":"https:\/\/api.w.org\/{rel}","templated":true}]}}