{"id":20011,"date":"2019-01-23T16:59:21","date_gmt":"2019-01-23T15:59:21","guid":{"rendered":"https:\/\/asianfilmfestival.barcelona\/2018\/?p=20011"},"modified":"2019-01-23T17:12:32","modified_gmt":"2019-01-23T16:12:32","slug":"ciclo-de-cine-iran-40-anos","status":"publish","type":"post","link":"https:\/\/asianfilmfestival.barcelona\/2018\/ciclo-de-cine-iran-40-anos\/","title":{"rendered":"Ciclo de cine: &#8220;Ir\u00e1n 40 a\u00f1os&#8221;"},"content":{"rendered":"<p style=\"text-align: center;\"><span data-mce-type=\"bookmark\" style=\"display: inline-block; width: 0px; overflow: hidden; line-height: 0;\" class=\"mce_SELRES_start\">\ufeff<\/span><strong>S\u00e1bados del 12 de enero al 23 de febrero de 2019<\/strong><\/p>\n<p><strong>Casa Asia colabora una vez m\u00e1s con la Consejer\u00eda Cultural de la Embajada de la R.I. de Ir\u00e1n y la Farabi Foundation de Teher\u00e1n, presentando en los Cinemes Girona de Barcelona un ciclo de cine iran\u00ed realizado entre 1990 y 2005, para celebrar los \u00faltimos 40 a\u00f1os de historia de este pa\u00eds con im\u00e1genes representativas de una sociedad en continua transformaci\u00f3n.<\/strong><\/p>\n<p>El programa abarca un per\u00edodo de quince a\u00f1os con siete pel\u00edculas, cuya proyecci\u00f3n se inicia con <em>Close-Up<\/em>, dirigida por Abbas Kiarostami (Palma de oro en Cannes, en 1997), al que se rinde homenaje por su reconocida trayectoria internacional y coincidiendo con su fallecimiento en 2016. A continuaci\u00f3n, se proyectar\u00e1n: <em>Travellers<\/em> (1992), dirigida por Bahram Beizai; <em>The blue-veiled<\/em> (1995), dirigida por Rakhshan Bani-Etemad; <em>Leila<\/em> (1997) de Dariush Mehrjui (Concha de Oro en el Festival de San Sebasti\u00e1n, 1993); <em>The glass agency<\/em> (1998), dirigida por Ebrahim Hatamikia; <em>I am Taraneh, 15 years old<\/em> (2002), de Rasul Sadrameli y <em>So close, so far<\/em> (2005), dirigida por Reza Mir-Karimi. El cine iran\u00ed es uno de los m\u00e1s prol\u00edferos y la formaci\u00f3n de cineastas en Ir\u00e1n es una de las m\u00e1s s\u00f3lidas, tal vez debido a la importancia concedida al \u201cguion\u201d, considerado generalmente como clave del \u00e9xito de esta cinematograf\u00eda.<\/p>\n<p><strong>Programa:<\/strong><\/p>\n<p><em><strong>CLOSE-UP<\/strong><\/em>, Dir. Abbas Kiarostami | Ir\u00e1n | 1990 | 93 min|12 de enero a las 20.00 h<\/p>\n<p><em><strong>TRAVELLERS<\/strong><\/em>, Dir. Bahram Beizai | Ir\u00e1n | 1992 | 90 min|19 de enero a las 20.00 h<\/p>\n<p><em><strong>THE BLUE-VEILED<\/strong><\/em>, Dir. Rakhshan Bani-Etemad | Ir\u00e1n | 1995 | 85 min|26 de enero a las 20.00 h<\/p>\n<p><em><strong>LEILA<\/strong><\/em>, Dir. Dariush Mehrjui | Ir\u00e1n | 1997 | 110 min|2 de febrero a las 20.00 h<\/p>\n<p><em><strong>THE GLASS AGENCY<\/strong><\/em>, Dir. Ebrahim Hatamikia | Ir\u00e1n | 1998 | 100 min|9 de febrero a las 20.00 h<br \/>\n<strong>\u00a0<\/strong><br \/>\n<em><strong>I AM TARANEH, 15 YEARS OLD<\/strong><\/em>, Dir. Rasul Sadrameli | Ir\u00e1n | 2002 | 100 min|16 de febrero a las 20.00 h<\/p>\n<p><em><strong>SO CLOSE, SO FAR<\/strong><\/em>, Dir. Reza Mir-Karimi | Ir\u00e1n | 2005 | 121 min|23 de febrero a las 20.00 h<\/p>\n<div class=\"detalleitem\">\n<div class=\"detalletitle\"><strong>Lugar<\/strong><\/div>\n<div class=\"detalletitle\">Cinemes Girona<br \/>\nc\/ Girona, 175<br \/>\nBarcelona<\/div>\n<div class=\"clear\"><\/div>\n<\/div>\n<div class=\"detalleitem\">\n<div class=\"detalletitle\"><strong>Entrada<\/strong><\/div>\n<div class=\"detalleinfo\">Precio: 3,5 \u20ac | Precio abonados y socios de los Cinemes Girona: 2 \u20ac<\/div>\n<div class=\"clear\"><\/div>\n<\/div>\n<div class=\"detalleitem\">\n<div class=\"detalletitle\"><strong>Organizador<\/strong><\/div>\n<div class=\"detalleinfo\">Casa Asia, Consejer\u00eda Cultural de la Embajada de la R.I. de Ir\u00e1n, Farabi Foundation y Cinemes Girona<\/div>\n<\/div>\n<p><span data-mce-type=\"bookmark\" style=\"display: inline-block; width: 0px; overflow: hidden; line-height: 0;\" class=\"mce_SELRES_start\">\ufeff<\/span><span data-mce-type=\"bookmark\" style=\"display: inline-block; width: 0px; overflow: hidden; line-height: 0;\" class=\"mce_SELRES_start\">\ufeff<\/span><\/p>\n","protected":false},"excerpt":{"rendered":"<p>\ufeffS\u00e1bados del 12 de enero al 23 de febrero de 2019 Casa Asia colabora una vez m\u00e1s con la Consejer\u00eda Cultural de la Embajada de la R.I. de Ir\u00e1n y la Farabi Foundation de Teher\u00e1n, presentando en los Cinemes Girona de Barcelona un ciclo de cine iran\u00ed realizado entre 1990 y 2005, para celebrar los [&hellip;]<\/p>\n","protected":false},"author":8,"featured_media":20047,"comment_status":"closed","ping_status":"open","sticky":false,"template":"","format":"standard","meta":{"footnotes":""},"categories":[32],"tags":[],"class_list":["post-20011","post","type-post","status-publish","format-standard","has-post-thumbnail","hentry","category-noticias"],"yoast_head":"<!-- This site is optimized with the Yoast SEO plugin v27.5 - https:\/\/yoast.com\/product\/yoast-seo-wordpress\/ -->\n<title>Ciclo de cine: &quot;Ir\u00e1n 40 a\u00f1os&quot; - Asian Film Festival Barcelona<\/title>\n<meta name=\"robots\" content=\"noindex, follow, max-snippet:-1, max-image-preview:large, max-video-preview:-1\" \/>\n<meta property=\"og:locale\" content=\"en_US\" \/>\n<meta property=\"og:type\" content=\"article\" \/>\n<meta property=\"og:title\" content=\"Ciclo de cine: &quot;Ir\u00e1n 40 a\u00f1os&quot; - Asian Film Festival Barcelona\" \/>\n<meta property=\"og:description\" content=\"\ufeffS\u00e1bados del 12 de enero al 23 de febrero de 2019 Casa Asia colabora una vez m\u00e1s con la Consejer\u00eda Cultural de la Embajada de la R.I. de Ir\u00e1n y la Farabi Foundation de Teher\u00e1n, presentando en los Cinemes Girona de Barcelona un ciclo de cine iran\u00ed realizado entre 1990 y 2005, para celebrar los [&hellip;]\" \/>\n<meta property=\"og:url\" content=\"https:\/\/asianfilmfestival.barcelona\/2018\/es\/ciclo-de-cine-iran-40-anos\/\" \/>\n<meta property=\"og:site_name\" content=\"Asian Film Festival Barcelona\" \/>\n<meta property=\"article:published_time\" content=\"2019-01-23T15:59:21+00:00\" \/>\n<meta property=\"article:modified_time\" content=\"2019-01-23T16:12:32+00:00\" \/>\n<meta property=\"og:image\" content=\"https:\/\/asianfilmfestival.barcelona\/2018\/wp-content\/uploads\/2019\/01\/image004.png\" \/>\n\t<meta property=\"og:image:width\" content=\"431\" \/>\n\t<meta property=\"og:image:height\" content=\"249\" \/>\n\t<meta property=\"og:image:type\" content=\"image\/png\" \/>\n<meta name=\"author\" content=\"Asian Film Festival Barcelona\" \/>\n<meta name=\"twitter:card\" content=\"summary_large_image\" \/>\n<meta name=\"twitter:label1\" content=\"Written by\" \/>\n\t<meta name=\"twitter:data1\" content=\"Asian Film Festival Barcelona\" \/>\n\t<meta name=\"twitter:label2\" content=\"Est. reading time\" \/>\n\t<meta name=\"twitter:data2\" content=\"2 minutes\" \/>\n<script type=\"application\/ld+json\" class=\"yoast-schema-graph\">{\"@context\":\"https:\\\/\\\/schema.org\",\"@graph\":[{\"@type\":\"Article\",\"@id\":\"https:\\\/\\\/asianfilmfestival.barcelona\\\/2018\\\/es\\\/ciclo-de-cine-iran-40-anos\\\/#article\",\"isPartOf\":{\"@id\":\"https:\\\/\\\/asianfilmfestival.barcelona\\\/2018\\\/es\\\/ciclo-de-cine-iran-40-anos\\\/\"},\"author\":{\"name\":\"Asian Film Festival Barcelona\",\"@id\":\"https:\\\/\\\/asianfilmfestival.barcelona\\\/2018\\\/#\\\/schema\\\/person\\\/1a931c4cabea9fd24bcfb4e848ffbc86\"},\"headline\":\"Ciclo de cine: &#8220;Ir\u00e1n 40 a\u00f1os&#8221;\",\"datePublished\":\"2019-01-23T15:59:21+00:00\",\"dateModified\":\"2019-01-23T16:12:32+00:00\",\"mainEntityOfPage\":{\"@id\":\"https:\\\/\\\/asianfilmfestival.barcelona\\\/2018\\\/es\\\/ciclo-de-cine-iran-40-anos\\\/\"},\"wordCount\":364,\"image\":{\"@id\":\"https:\\\/\\\/asianfilmfestival.barcelona\\\/2018\\\/es\\\/ciclo-de-cine-iran-40-anos\\\/#primaryimage\"},\"thumbnailUrl\":\"https:\\\/\\\/asianfilmfestival.barcelona\\\/2018\\\/wp-content\\\/uploads\\\/2019\\\/01\\\/image004.png\",\"articleSection\":[\"Noticias\"],\"inLanguage\":\"en-US\"},{\"@type\":\"WebPage\",\"@id\":\"https:\\\/\\\/asianfilmfestival.barcelona\\\/2018\\\/es\\\/ciclo-de-cine-iran-40-anos\\\/\",\"url\":\"https:\\\/\\\/asianfilmfestival.barcelona\\\/2018\\\/es\\\/ciclo-de-cine-iran-40-anos\\\/\",\"name\":\"Ciclo de cine: \\\"Ir\u00e1n 40 a\u00f1os\\\" - Asian Film Festival Barcelona\",\"isPartOf\":{\"@id\":\"https:\\\/\\\/asianfilmfestival.barcelona\\\/2018\\\/#website\"},\"primaryImageOfPage\":{\"@id\":\"https:\\\/\\\/asianfilmfestival.barcelona\\\/2018\\\/es\\\/ciclo-de-cine-iran-40-anos\\\/#primaryimage\"},\"image\":{\"@id\":\"https:\\\/\\\/asianfilmfestival.barcelona\\\/2018\\\/es\\\/ciclo-de-cine-iran-40-anos\\\/#primaryimage\"},\"thumbnailUrl\":\"https:\\\/\\\/asianfilmfestival.barcelona\\\/2018\\\/wp-content\\\/uploads\\\/2019\\\/01\\\/image004.png\",\"datePublished\":\"2019-01-23T15:59:21+00:00\",\"dateModified\":\"2019-01-23T16:12:32+00:00\",\"author\":{\"@id\":\"https:\\\/\\\/asianfilmfestival.barcelona\\\/2018\\\/#\\\/schema\\\/person\\\/1a931c4cabea9fd24bcfb4e848ffbc86\"},\"breadcrumb\":{\"@id\":\"https:\\\/\\\/asianfilmfestival.barcelona\\\/2018\\\/es\\\/ciclo-de-cine-iran-40-anos\\\/#breadcrumb\"},\"inLanguage\":\"en-US\",\"potentialAction\":[{\"@type\":\"ReadAction\",\"target\":[\"https:\\\/\\\/asianfilmfestival.barcelona\\\/2018\\\/es\\\/ciclo-de-cine-iran-40-anos\\\/\"]}]},{\"@type\":\"ImageObject\",\"inLanguage\":\"en-US\",\"@id\":\"https:\\\/\\\/asianfilmfestival.barcelona\\\/2018\\\/es\\\/ciclo-de-cine-iran-40-anos\\\/#primaryimage\",\"url\":\"https:\\\/\\\/asianfilmfestival.barcelona\\\/2018\\\/wp-content\\\/uploads\\\/2019\\\/01\\\/image004.png\",\"contentUrl\":\"https:\\\/\\\/asianfilmfestival.barcelona\\\/2018\\\/wp-content\\\/uploads\\\/2019\\\/01\\\/image004.png\",\"width\":431,\"height\":249},{\"@type\":\"BreadcrumbList\",\"@id\":\"https:\\\/\\\/asianfilmfestival.barcelona\\\/2018\\\/es\\\/ciclo-de-cine-iran-40-anos\\\/#breadcrumb\",\"itemListElement\":[{\"@type\":\"ListItem\",\"position\":1,\"name\":\"Home\",\"item\":\"https:\\\/\\\/asianfilmfestival.barcelona\\\/2018\\\/\"},{\"@type\":\"ListItem\",\"position\":2,\"name\":\"Ciclo de cine: &#8220;Ir\u00e1n 40 a\u00f1os&#8221;\"}]},{\"@type\":\"WebSite\",\"@id\":\"https:\\\/\\\/asianfilmfestival.barcelona\\\/2018\\\/#website\",\"url\":\"https:\\\/\\\/asianfilmfestival.barcelona\\\/2018\\\/\",\"name\":\"Asian Film Festival Barcelona\",\"description\":\"2018\",\"potentialAction\":[{\"@type\":\"SearchAction\",\"target\":{\"@type\":\"EntryPoint\",\"urlTemplate\":\"https:\\\/\\\/asianfilmfestival.barcelona\\\/2018\\\/?s={search_term_string}\"},\"query-input\":{\"@type\":\"PropertyValueSpecification\",\"valueRequired\":true,\"valueName\":\"search_term_string\"}}],\"inLanguage\":\"en-US\"},{\"@type\":\"Person\",\"@id\":\"https:\\\/\\\/asianfilmfestival.barcelona\\\/2018\\\/#\\\/schema\\\/person\\\/1a931c4cabea9fd24bcfb4e848ffbc86\",\"name\":\"Asian Film Festival Barcelona\",\"image\":{\"@type\":\"ImageObject\",\"inLanguage\":\"en-US\",\"@id\":\"https:\\\/\\\/secure.gravatar.com\\\/avatar\\\/2b70c89a32ff7923752020dbdcd7d17202d996fa13bbe4424cdbf22a297f3777?s=96&d=mm&r=g\",\"url\":\"https:\\\/\\\/secure.gravatar.com\\\/avatar\\\/2b70c89a32ff7923752020dbdcd7d17202d996fa13bbe4424cdbf22a297f3777?s=96&d=mm&r=g\",\"contentUrl\":\"https:\\\/\\\/secure.gravatar.com\\\/avatar\\\/2b70c89a32ff7923752020dbdcd7d17202d996fa13bbe4424cdbf22a297f3777?s=96&d=mm&r=g\",\"caption\":\"Asian Film Festival Barcelona\"}}]}<\/script>\n<!-- \/ Yoast SEO plugin. -->","yoast_head_json":{"title":"Ciclo de cine: \"Ir\u00e1n 40 a\u00f1os\" - Asian Film Festival Barcelona","robots":{"index":"noindex","follow":"follow","max-snippet":"max-snippet:-1","max-image-preview":"max-image-preview:large","max-video-preview":"max-video-preview:-1"},"og_locale":"en_US","og_type":"article","og_title":"Ciclo de cine: \"Ir\u00e1n 40 a\u00f1os\" - Asian Film Festival Barcelona","og_description":"\ufeffS\u00e1bados del 12 de enero al 23 de febrero de 2019 Casa Asia colabora una vez m\u00e1s con la Consejer\u00eda Cultural de la Embajada de la R.I. de Ir\u00e1n y la Farabi Foundation de Teher\u00e1n, presentando en los Cinemes Girona de Barcelona un ciclo de cine iran\u00ed realizado entre 1990 y 2005, para celebrar los [&hellip;]","og_url":"https:\/\/asianfilmfestival.barcelona\/2018\/es\/ciclo-de-cine-iran-40-anos\/","og_site_name":"Asian Film Festival Barcelona","article_published_time":"2019-01-23T15:59:21+00:00","article_modified_time":"2019-01-23T16:12:32+00:00","og_image":[{"width":431,"height":249,"url":"https:\/\/asianfilmfestival.barcelona\/2018\/wp-content\/uploads\/2019\/01\/image004.png","type":"image\/png"}],"author":"Asian Film Festival Barcelona","twitter_card":"summary_large_image","twitter_misc":{"Written by":"Asian Film Festival Barcelona","Est. reading time":"2 minutes"},"schema":{"@context":"https:\/\/schema.org","@graph":[{"@type":"Article","@id":"https:\/\/asianfilmfestival.barcelona\/2018\/es\/ciclo-de-cine-iran-40-anos\/#article","isPartOf":{"@id":"https:\/\/asianfilmfestival.barcelona\/2018\/es\/ciclo-de-cine-iran-40-anos\/"},"author":{"name":"Asian Film Festival Barcelona","@id":"https:\/\/asianfilmfestival.barcelona\/2018\/#\/schema\/person\/1a931c4cabea9fd24bcfb4e848ffbc86"},"headline":"Ciclo de cine: &#8220;Ir\u00e1n 40 a\u00f1os&#8221;","datePublished":"2019-01-23T15:59:21+00:00","dateModified":"2019-01-23T16:12:32+00:00","mainEntityOfPage":{"@id":"https:\/\/asianfilmfestival.barcelona\/2018\/es\/ciclo-de-cine-iran-40-anos\/"},"wordCount":364,"image":{"@id":"https:\/\/asianfilmfestival.barcelona\/2018\/es\/ciclo-de-cine-iran-40-anos\/#primaryimage"},"thumbnailUrl":"https:\/\/asianfilmfestival.barcelona\/2018\/wp-content\/uploads\/2019\/01\/image004.png","articleSection":["Noticias"],"inLanguage":"en-US"},{"@type":"WebPage","@id":"https:\/\/asianfilmfestival.barcelona\/2018\/es\/ciclo-de-cine-iran-40-anos\/","url":"https:\/\/asianfilmfestival.barcelona\/2018\/es\/ciclo-de-cine-iran-40-anos\/","name":"Ciclo de cine: \"Ir\u00e1n 40 a\u00f1os\" - Asian Film Festival Barcelona","isPartOf":{"@id":"https:\/\/asianfilmfestival.barcelona\/2018\/#website"},"primaryImageOfPage":{"@id":"https:\/\/asianfilmfestival.barcelona\/2018\/es\/ciclo-de-cine-iran-40-anos\/#primaryimage"},"image":{"@id":"https:\/\/asianfilmfestival.barcelona\/2018\/es\/ciclo-de-cine-iran-40-anos\/#primaryimage"},"thumbnailUrl":"https:\/\/asianfilmfestival.barcelona\/2018\/wp-content\/uploads\/2019\/01\/image004.png","datePublished":"2019-01-23T15:59:21+00:00","dateModified":"2019-01-23T16:12:32+00:00","author":{"@id":"https:\/\/asianfilmfestival.barcelona\/2018\/#\/schema\/person\/1a931c4cabea9fd24bcfb4e848ffbc86"},"breadcrumb":{"@id":"https:\/\/asianfilmfestival.barcelona\/2018\/es\/ciclo-de-cine-iran-40-anos\/#breadcrumb"},"inLanguage":"en-US","potentialAction":[{"@type":"ReadAction","target":["https:\/\/asianfilmfestival.barcelona\/2018\/es\/ciclo-de-cine-iran-40-anos\/"]}]},{"@type":"ImageObject","inLanguage":"en-US","@id":"https:\/\/asianfilmfestival.barcelona\/2018\/es\/ciclo-de-cine-iran-40-anos\/#primaryimage","url":"https:\/\/asianfilmfestival.barcelona\/2018\/wp-content\/uploads\/2019\/01\/image004.png","contentUrl":"https:\/\/asianfilmfestival.barcelona\/2018\/wp-content\/uploads\/2019\/01\/image004.png","width":431,"height":249},{"@type":"BreadcrumbList","@id":"https:\/\/asianfilmfestival.barcelona\/2018\/es\/ciclo-de-cine-iran-40-anos\/#breadcrumb","itemListElement":[{"@type":"ListItem","position":1,"name":"Home","item":"https:\/\/asianfilmfestival.barcelona\/2018\/"},{"@type":"ListItem","position":2,"name":"Ciclo de cine: &#8220;Ir\u00e1n 40 a\u00f1os&#8221;"}]},{"@type":"WebSite","@id":"https:\/\/asianfilmfestival.barcelona\/2018\/#website","url":"https:\/\/asianfilmfestival.barcelona\/2018\/","name":"Asian Film Festival Barcelona","description":"2018","potentialAction":[{"@type":"SearchAction","target":{"@type":"EntryPoint","urlTemplate":"https:\/\/asianfilmfestival.barcelona\/2018\/?s={search_term_string}"},"query-input":{"@type":"PropertyValueSpecification","valueRequired":true,"valueName":"search_term_string"}}],"inLanguage":"en-US"},{"@type":"Person","@id":"https:\/\/asianfilmfestival.barcelona\/2018\/#\/schema\/person\/1a931c4cabea9fd24bcfb4e848ffbc86","name":"Asian Film Festival Barcelona","image":{"@type":"ImageObject","inLanguage":"en-US","@id":"https:\/\/secure.gravatar.com\/avatar\/2b70c89a32ff7923752020dbdcd7d17202d996fa13bbe4424cdbf22a297f3777?s=96&d=mm&r=g","url":"https:\/\/secure.gravatar.com\/avatar\/2b70c89a32ff7923752020dbdcd7d17202d996fa13bbe4424cdbf22a297f3777?s=96&d=mm&r=g","contentUrl":"https:\/\/secure.gravatar.com\/avatar\/2b70c89a32ff7923752020dbdcd7d17202d996fa13bbe4424cdbf22a297f3777?s=96&d=mm&r=g","caption":"Asian Film Festival Barcelona"}}]}},"_links":{"self":[{"href":"https:\/\/asianfilmfestival.barcelona\/2018\/wp-json\/wp\/v2\/posts\/20011","targetHints":{"allow":["GET"]}}],"collection":[{"href":"https:\/\/asianfilmfestival.barcelona\/2018\/wp-json\/wp\/v2\/posts"}],"about":[{"href":"https:\/\/asianfilmfestival.barcelona\/2018\/wp-json\/wp\/v2\/types\/post"}],"author":[{"embeddable":true,"href":"https:\/\/asianfilmfestival.barcelona\/2018\/wp-json\/wp\/v2\/users\/8"}],"replies":[{"embeddable":true,"href":"https:\/\/asianfilmfestival.barcelona\/2018\/wp-json\/wp\/v2\/comments?post=20011"}],"version-history":[{"count":5,"href":"https:\/\/asianfilmfestival.barcelona\/2018\/wp-json\/wp\/v2\/posts\/20011\/revisions"}],"predecessor-version":[{"id":20036,"href":"https:\/\/asianfilmfestival.barcelona\/2018\/wp-json\/wp\/v2\/posts\/20011\/revisions\/20036"}],"wp:featuredmedia":[{"embeddable":true,"href":"https:\/\/asianfilmfestival.barcelona\/2018\/wp-json\/wp\/v2\/media\/20047"}],"wp:attachment":[{"href":"https:\/\/asianfilmfestival.barcelona\/2018\/wp-json\/wp\/v2\/media?parent=20011"}],"wp:term":[{"taxonomy":"category","embeddable":true,"href":"https:\/\/asianfilmfestival.barcelona\/2018\/wp-json\/wp\/v2\/categories?post=20011"},{"taxonomy":"post_tag","embeddable":true,"href":"https:\/\/asianfilmfestival.barcelona\/2018\/wp-json\/wp\/v2\/tags?post=20011"}],"curies":[{"name":"wp","href":"https:\/\/api.w.org\/{rel}","templated":true}]}}